{"id":340,"date":"2013-06-25T15:12:27","date_gmt":"2013-06-25T13:12:27","guid":{"rendered":"http:\/\/lyonbondyblog.fr\/LBB\/?p=340"},"modified":"2013-07-25T13:56:17","modified_gmt":"2013-07-25T11:56:17","slug":"municipales-2014-avoir-une-liste-europe-ecologie-les-vert-des-le-premier-tour-est-une-necessite-democratique-interview-de-pierre-hemon","status":"publish","type":"post","link":"https:\/\/lyonbondyblog.fr\/LBB\/municipales-2014-avoir-une-liste-europe-ecologie-les-vert-des-le-premier-tour-est-une-necessite-democratique-interview-de-pierre-hemon\/","title":{"rendered":"\u00ab Une liste EELV d\u00e8s le 1er tour : une n\u00e9cessit\u00e9 d\u00e9mocratique \u00bb, Pierre H\u00e9mon"},"content":{"rendered":"<div><strong>Apr\u00e8s les primaires UMP, le CLIC s\u2019int\u00e9resse \u00e0 la d\u00e9signation du candidat d\u2019EELV pour les municipales 2014 \u00e0 Lyon. Nous commen\u00e7ons nos entretiens avec Pierre H\u00e9mon, membre du bureau d\u2019EELV Lyon et adjoint \u00e0 la ville de Lyon charg\u00e9 des personnes \u00e2g\u00e9es.<\/strong><\/div>\n<div>\n<div><img loading=\"lazy\" decoding=\"async\" class=\"aligncenter\" title=\"\" alt=\"\" src=\"http:\/\/lyonbondyblog.fr\/sites\/default\/files\/imagecache\/400xY\/IMG_1195_0.jpg\" width=\"400\" height=\"225\" \/><\/p>\n<div style=\"text-align: center;\"><em><span style=\"font-size: 12px;\">cr\u00e9dit images : Pierre Gerbeaud<\/span><\/em><\/div>\n<\/div>\n<div>\n<p><em>Pour l\u2019interroger, l\u2019\u00e9quipe du CLIC est compos\u00e9 de S\u00e9bastien Gonzalves et de Marion Carette du Lyon Bondy blog, de Jean-Philippe Bonan du <a href=\"http:\/\/forumlyon.noomix.fr\">Forum de Lyon<\/a>, de Sylvain M\u00e9tafiot de<a href=\"http:\/\/www.mankpadere.org\/\"> Mankpad\u2019ere<\/a>. \u00c0 la technique : Patrice Berger de <a href=\"http:\/\/www.radiopluriel.fr\/\">radio Pluriel<\/a>.<\/em><\/p>\n<p><strong><div id=\"mp3jWrap_0\" class=\"mjp-s-wrapper s-graphic unsel-mjp \" style=\"font-size:18px;\"><span id=\"playpause_wrap_mp3j_0\" class=\"wrap_inline_mp3j\" style=\"font-weight:700;\"><span class=\"gfxbutton_mp3j play-mjp\" id=\"playpause_mp3j_0\" style=\"font-size:18px;\">&nbsp;&nbsp;&nbsp;&nbsp;&nbsp;<\/span>&nbsp;<span class=\"group_wrap\"><span class=\"bars_mp3j\"><span class=\"loadB_mp3j\" id=\"load_mp3j_0\"><\/span><span class=\"posbarB_mp3j\" id=\"posbar_mp3j_0\"><\/span><\/span><span class=\"T_mp3j\" id=\"T_mp3j_0\" style=\"font-size:18px;\">Vous pouvez \u00e9couter l\u2019int\u00e9gralit\u00e9 de l\u2019entretien ici. <\/span><span class=\"indi_mp3j\" style=\"font-size:12.6px;\" id=\"statusMI_0\"><\/span><\/span><span class=\"vol_mp3j flipped\" id=\"vol_mp3j_0\"><\/span><\/span><\/div><span class=\"s-nosolution\" id=\"mp3j_nosolution_0\" style=\"display:none;\"><\/span><script>\nMP3jPLAYLISTS.inline_0 = [\n\t{ name: \"Vous pouvez \u00e9couter l\u2019int\u00e9gralit\u00e9 de l\u2019entretien ici. \", formats: [\"mp3\"], mp3: \"aHR0cDovL3d3dy5jcmFuY3JhLm9yZy9lbWlzc2lvbnMvcmFkaW8tcGx1cmllbC9tdW5pY2lwYWxlczIwMTRIZW1vbi5tcDM=\", counterpart:\"\", artist: \"\", image: \"\", imgurl: \"\" }\n];\n<\/script>\n\n<script>MP3jPLAYERS[0] = { list: MP3jPLAYLISTS.inline_0, tr:0, type:'single', lstate:'', loop:false, play_txt:'&nbsp;&nbsp;&nbsp;&nbsp;&nbsp;', pause_txt:'&nbsp;&nbsp;&nbsp;&nbsp;&nbsp;', pp_title:'', autoplay:false, download:false, vol:85, height:'' };<\/script><\/strong><\/p>\n<p>&nbsp;<\/p>\n<p><strong>Comment se fera la d\u00e9signation du candidat EELV pour les municipales 2014 ?<\/strong><\/p>\n<p><strong>Pierre H\u00e9mon :<\/strong> Tout d\u2019abord, \u00e7a ne sera pas uniquement le candidat d\u2019Europe \u00c9cologie Les Verts mais le candidat issu d\u2019un rassemblement plus large : \u00ab un nouveau souffle pour Lyon \u00bb initi\u00e9 par EELV. Pour participer \u00e0 la d\u00e9signation de notre candidat, il faut soit \u00eatre adh\u00e9rant \u00e0 EELV, soit \u00eatre coop\u00e9rateur et avoir sign\u00e9 l\u2019appel \u00ab un nouveau souffle pour Lyon \u00bb disponible sut Internet. Toutes les personnes qui le d\u00e9sirent peuvent aller sur le <a href=\"http:\/\/lyonnouveausouffle.fr\/\">site<\/a>, lire l\u2019appel, qui explique pourquoi nous nous lan\u00e7ons dans cette d\u00e9marche, et le signer en ligne. Tous les signataires peuvent faire acte de candidature qu\u2019ils soient membre ou non d\u2019EELV. Les signataires sont invit\u00e9s \u00e0 venir le 29 juin \u00e0 la plateforme (une p\u00e9niche amarr\u00e9e sur les quais du Rh\u00f4ne) pour une journ\u00e9e d\u2019atelier de travail durant laquelle nous allons r\u00e9fl\u00e9chir sur un certain nombre de th\u00e8mes pour les prochaines municipales. Ils pourront participer aux ateliers, donner leurs points de vue et aussi participer \u00e0 l\u2019\u00e9lection de notre candidat. Comme nous d\u00e9signons un bin\u00f4me paritaire, nous aurons \u00e0 choisir un candidat dans un coll\u00e8ge \u00ab homme \u00bb et une candidate dans un coll\u00e8ge \u00ab femme \u00bb.<\/p>\n<p>&nbsp;<\/p>\n<p><strong>Pour ses primaires, l\u2019UMP n\u2019a r\u00e9ussit \u00e0 mobiliser que 5235 personnes au second tour alors qu\u2019elle \u00e9tait ouverte \u00e0 tous les Lyonnais. Vous pensez r\u00e9ussir \u00e0 mobiliser davantage ?<\/strong><\/p>\n<p>Ce n\u2019est pas de m\u00eame nature, mais quand on dit que l\u2019UMP est arriv\u00e9e \u00e0 mobiliser seulement 5000 personnes je r\u00e9pondrai qu\u2019au mois de juin, une petite ann\u00e9e avant les municipales, toucher 5000 personnes ce n\u2019est pas mal. En effet globalement aujourd\u2019hui l\u2019essentiel de la population ne s\u2019int\u00e9resse pas concr\u00e8tement aux municipales \u00e0 venir, ce n\u2019est pas encore dans la t\u00eate des gens. Pour notre op\u00e9ration on va toucher plusieurs centaines de personnes. C\u2019est notre objectif car nous souhaitons, dans un premier temps, rassembler les \u00e9cologistes de Lyon autour du projet et ne pas en faire un truc stricto sensu EELV. Les Lyonnais n\u2019ont pas forc\u00e9ment envie d\u2019un parti mais plut\u00f4t d\u2019un mouvement, d\u2019une dynamique.<\/p>\n<p>&nbsp;<\/p>\n<p><strong>Parlons de vous. Vous \u00eates membre du bureau d\u2019EELV Lyon, adjoint \u00e0 la ville de Lyon charg\u00e9 des personnes \u00e2g\u00e9es et candidat pour \u00eatre d\u00e9sign\u00e9 t\u00eate de liste d\u2019EELV aux municipales 2014. Pourquoi vous lancez-vous dans cette aventure des municipales ?<\/strong><\/p>\n<p>Parce que j\u2019y pense tous les matins en me rasant depuis tr\u00e8s longtemps sans doute (<em>rires<\/em>). Plus s\u00e9rieusement, c\u2019est vrai que cela fait longtemps que j\u2019y pense. Je me sens pr\u00eat \u00e0 \u00eatre candidat, j\u2019ai vu \u00e9voluer cette ville. Aujourd\u2019hui pour \u00eatre candidat il faut avoir de l\u2019exp\u00e9rience et j\u2019en ai. J\u2019ai de l\u2019expertise, je sais comment fonctionne cette ville, comment fonctionnent les services. Je m\u2019y pr\u00e9pare depuis un an, je travaille avec une \u00e9quipe qui m\u2019aide \u00e0 faire des propositions. Aux derni\u00e8res municipales je faisais partie de ceux qui voulaient d\u00e9j\u00e0 qu\u2019on pr\u00e9sente une liste autonome. Mais \u00e0 l\u2019\u00e9poque on avait vot\u00e9 en assembl\u00e9e g\u00e9n\u00e9rale et les partisans d\u2019une liste autonome, dont j\u2019\u00e9tais, on fait moins de 50 % on est donc partis dans une liste d\u2019union. Mon id\u00e9e \u00e0 l\u2019\u00e9poque qui s\u2019est renforc\u00e9e durant ce mandat, c\u2019\u00e9tait que la pr\u00e9sence d\u2019une liste \u00e9cologiste d\u00e9s le premier tour \u00e9tait une n\u00e9cessit\u00e9 d\u00e9mocratique. Aujourd\u2019hui c\u2019est extr\u00eamement utile que les Lyonnais disent de mani\u00e8re tr\u00e8s simple s\u2019ils veulent plus d\u2019\u00e9cologie, mieux d\u2019\u00e9cologie ou s\u2019ils en veulent moins. Il y a des moments importants dans la vie d\u2019une cit\u00e9e ou il faut pouvoir le dire.<\/p>\n<p>&nbsp;<\/p>\n<p><strong>Pourquoi avoir la volont\u00e9 de se d\u00e9gager de la majorit\u00e9 locale ? Que reprochez-vous au PS en g\u00e9n\u00e9ral et \u00e0 G\u00e9rard Collomb en particulier ?<\/strong><\/p>\n<p>Je n\u2019ai pas la volont\u00e9 de me d\u00e9gager de la majorit\u00e9 actuelle car nous y participons toujours. Je suis toujours adjoint au Maire, je m\u00e8ne une d\u00e9l\u00e9gation et je suis assez content de ce que j\u2019ai r\u00e9ussi \u00e0 faire et de ce que je continue \u00e0 faire. Mais je comprends que cela surprenne \u00e0 Lyon car nous avons pris l\u2019habitude d\u2019avoir une seule liste de gauche avec obligation pour les autres partis de se ranger derri\u00e8re le PS. Et ceux, comme moi, qui disent \u00ab on pourrait faire diff\u00e9remment \u00bb, comme cela se fait dans beaucoup d\u2019autres villes de France, tout \u00e0 coup, apparaissent comme des originaux. Or la normalit\u00e9 c\u2019est qu\u2019il y ait des listes de gauche s\u00e9par\u00e9es au premier tour et que l\u2019on se rassemble au second tour \u00e0 condition de se mettre d\u2019accord sur un programme ; et certainement pas qu\u2019il n\u2019y ait qu\u2019une seule liste au premier tour. C\u2019est une banalit\u00e9 d\u00e9mocratique, je dirai m\u00eame une n\u00e9cessit\u00e9 d\u00e9mocratique.<\/p>\n<p>&nbsp;<\/p>\n<p><strong>Quelle est la sp\u00e9cificit\u00e9 du programme des verts ?<\/strong><\/p>\n<p>Aujourd\u2019hui il n\u2019y a pas encore un programme d\u00e9finitif des verts, nous travaillons sur des tas de points et nous avons beaucoup d\u2019id\u00e9es. L\u2019id\u00e9e principale qui nous guide c\u2019est qu\u2019en ce XXIeme si\u00e8cle on voit qu\u2019il y a beaucoup de changement \u00e0 l\u2019\u0153uvre tr\u00e8s importants au niveau de la plan\u00e8te, des \u00eatres humains, de l\u2019Europe, etc. et nous pensons qu\u2019aujourd\u2019hui la majorit\u00e9 socialiste ne les prend pas assez en compte.<\/p>\n<p>&nbsp;<\/p>\n<p><strong>Pouvez-vous nous donner un exemple ?<\/strong><\/p>\n<p>La question des d\u00e9placements urbains, des transports en commun, on sait que c\u2019est une question clef pour lutter contre le r\u00e9chauffement climatique mais aussi une r\u00e9ponse contre la baisse du pouvoir d\u2019achat. Car ce n\u2019est pas seulement en demandant une augmentation des salaires que nous pouvons lutter contre la baisse du pouvoir d\u2019achat. Le levier sur lequel on peut jouer dans cette ville c\u2019est l\u2019am\u00e9lioration des transports urbains qui permettra aux personnes de ne pas prendre leur deuxi\u00e8me voiture ou m\u00eame d\u2019utiliser beaucoup moins, voire plus du tout, leur voiture principale. Dans ce cas ils font des gains de pouvoirs d\u2019achats importants (moins d\u2019essence, de frais d\u2019entretiens\u2026) et en m\u00eame temps ils ont une action b\u00e9n\u00e9fique sur la qualit\u00e9 de l\u2019air et donc la sant\u00e9 dans cette ville. Nous ne sommes pas, en tout cas pas moi, pour interdire la voiture, on n\u2019est pas dans l\u2019\u00e9cologie punitive, on est dans la proposition. Pour nous la voiture en ville doit \u00eatre accessoire. Elle peut \u00eatre utile pour les ambulances, les livraisons ou certaines professions sp\u00e9cifiques et il y aura n\u00e9cessairement quelques voitures en ville mais ce qui compte c\u2019est le r\u00e9seau de transports en commun. Or, aujourd\u2019hui la majorit\u00e9 socialiste continue de penser le contraire : que les transports en commun sont accessoires et qu\u2019il faut privil\u00e9gier la voiture. Il n\u2019y a qu\u2019\u00e0 regarder le nombre d\u2019\u00e9lus qui se d\u00e9placent \u00e0 v\u00e9lo, ou en transports en commun, il y en a peu. Pour tous c\u2019est voiture, voiture, voiture !<\/p>\n<p>&nbsp;<\/p>\n<p><strong>Que pensez-vous de la collaboration des Verts dans le gouvernement Ayrault ?<\/strong><\/p>\n<p>Sur le plan national l\u2019ensemble du conseil f\u00e9d\u00e9ral dont je suis membre a fait une d\u00e9claration pour dire qu\u2019on souhaitait que ce gouvernement change de cap, fasse plus d\u2019\u00e9cologie mais que n\u00e9anmoins on restait dans la majorit\u00e9 avec nos deux ministres. Nous avons un poids limit\u00e9 dans le gouvernement mais c\u2019est le prix \u00e0 payer pour une \u00e9lection pr\u00e9sidentielle o\u00f9 on ne fait pas 3 %. Cependant on peut dire que nos ministres verts travaillent beaucoup et bien. L\u2019action de Pascal Canfin dans l\u2019aide au d\u00e9veloppement en Afrique est remarquable tout comme le travail difficile, mais fait avec pugnacit\u00e9, par C\u00e9cile Duflot sur la question du logement. Il n\u2019 y a gu\u00e8re qu\u2019elle et nous qui pouvions avancer sur cette question clef pour le pays. Nous pensons qu\u2019il faut rester au gouvernement mais rester au gouvernement c\u2019est comme rester dans une majorit\u00e9 municipale \u00e7a ne veut pas dire fermer sa gueule. Solidaire ce n\u2019est pas \u00eatre carpette, on travaille ensemble et quand nous ne sommes pas d\u2019accord on le dit en toute amiti\u00e9 et tr\u00e8s simplement ou alors on ne fait rien et on ne sert \u00e0 rien. C\u2019est pr\u00e9cis\u00e9ment ce que nous avions dit et act\u00e9 il y a six ans dans le contrat d\u2019union avec la majorit\u00e9 socialiste de cette ville.<\/p>\n<p>&nbsp;<\/p>\n<p><strong>Jean-Luc M\u00e9lenchon a, depuis un certain temps, renforc\u00e9 ses positions \u00e9cologiques dans ses discours. Une alliance avec le Front de Gauche est-elle envisageable ? Avec le Centre ? Voire avec d\u2019autres partis ?<\/strong><\/p>\n<p>Avec les deux peut-\u00eatre, mais il n\u2019y a pas de Front de Gauche \u00e0 Lyon. Le PC a d\u00e9j\u00e0 d\u00e9cid\u00e9 qu\u2019il s\u2019associait avec G\u00e9rard Colomb. Nous les avons rencontr\u00e9s et ils nous disent : \u00ab On veut sauver le soldat V\u00e9nissieux, on veut sauver le soldat Pierre-B\u00e9nite\u2026 \u00bb et donc les contradictions \u00e0 l\u2019\u0153uvre font qu\u2019ils vont partir derri\u00e8re G\u00e9rard Collomb. Par contre, au Front de Gauche il y a des militants, des organisations comme la FASE, le Parti de Gauche qui apportent de vrais \u00e9l\u00e9ments de r\u00e9flexion pertinents, on va les rencontrer prochainement. Mais nous ne voulons pas monter un cartel d\u2019organisations, genre cartel des gauches ou telle autre \u00e9tiquette, \u00e7a c\u2019est la vieille m\u00e9thode. Ce qu\u2019il faut c\u2019est qu\u2019ensemble on \u00e9labore un projet. Quand j\u2019entends parler de<a href=\"http:\/\/www.pcf.fr\/11272\"> la planification \u00e9cologique<\/a>, je me dit que cela ressemble \u00e0 notre id\u00e9e de transition \u00e9nerg\u00e9tique. Il y a certainement moyen d\u2019y r\u00e9fl\u00e9chir ensemble, au del\u00e0 des mots on doit pouvoir s\u2019entendre. La question est \u00ab comment appliquer concr\u00e8tement ce projet \u00e0 notre ville ? \u00bb J\u2019esp\u00e8re que la planification \u00e9cologique ne renvoie pas \u00e0 a la planification socialiste, on a vu ce que \u00e7a a donn\u00e9 dans le pass\u00e9.<\/p>\n<p>D\u2019un autre c\u00f4t\u00e9, sur la question des d\u00e9placements, je pense qu\u2019on peut partager des conceptions avec des \u00e9l\u00e9ments du centre comme <a href=\"http:\/\/www.eric-lafond.fr\/\">Eric Lafond<\/a>. Personnellement, je trouve que son projet \u00ab<a href=\"http:\/\/www.lyonmoderes.fr\/category\/municipales-2014\/\"> une chance pour Lyon<\/a> \u00bb est compatible avec notre vision. Ce n\u2019est pas parce qu\u2019il a une \u00e9tiquette centre que je vais refuser de discuter avec lui et, \u00e0 contrario, ce n\u2019est pas parce que certaines organisations sont \u00e9tiquet\u00e9es de gauche que je vais leur dire obligatoirement oui. Il nous sera par exemple impossible de travailler avec la gauche ultra productiviste.<\/p>\n<p>&nbsp;<\/p>\n<p><strong>Si G\u00e9rard Collomb et Michel Havard \u00e9taient les deux candidats pr\u00e9sents au second tour des municipales, pour qui voteriez-vous ?<\/strong><\/p>\n<p>Je ne dis pas avant la fin du premier tour quels seront les candidats restants au deuxi\u00e8me tour ! J\u2019imagine que nous serons aussi dans la bataille. Nous verrons au soir du premier tour, mais nous, nous souhaitons participer au mieux et influer sur les politiques publiques. Influer sur les politiques publiques cela veut dire \u00eatre dans l\u2019ex\u00e9cutif ; cela veut aussi dire avoir un programme et au soir du premier tour n\u00e9gocier un programme. On pense que notre programme est plus facile \u00e0 n\u00e9gocier avec la gauche. Il y a peu de choses que l\u2019on partage avec M.Havard, si ce n\u2019est que c\u2019est un homme humainement sympathique, mais l\u00e0 n\u2019est pas le souci : on fait de la politique. Quand je le vois d\u00e9filer contre le mariage pour tous, quand il tient un certain nombre de propos, cela ne me convient absolument pas\u2026 Je le vois bien au Conseil Municipal et tout ce qu\u2019il a soutenu pendant les cinq ans de la politique de Nicolas Sarkozy. Au soir du premier tour, nous verrons ce que l\u2019on peut proposer comme projet avec la gauche et nous construirons ensemble un programme.<\/p>\n<p>&nbsp;<\/p>\n<p><strong>Que pensez-vous du projet de Lyon M\u00e9tropole initi\u00e9 par G\u00e9rard Collomb et Michel Mercier ?<\/strong><\/p>\n<p>Cette m\u00e9tropole fait partie des choses que l\u2019on peut regretter dans la gouvernance, en tout cas dans le fonctionnement d\u00e9mocratique de la ville de Lyon. J\u2019en suis d\u2019autant plus d\u00e9\u00e7u que pour nous la m\u00e9tropole lyonnaise est vraiment un projet int\u00e9ressant. Nos s\u00e9nateurs l\u2019ont dit au S\u00e9nat. On pouvait ainsi faire sauter une couche du mille-feuille territorial (la partie d\u00e9partement). Mais il faut reprendre cela tous ensemble, en discuter, donner du sens \u00e0 ce qui est d\u00e9j\u00e0 une r\u00e9alit\u00e9. Au lieu de cela, on nous fait un coup politique de petits arrangements entre amis, dans le dos des citoyens qui n\u2019y comprennent rien. Quand on commence un projet de cette importance, on le fait en toute transparence. On pourrait y associer les citoyens. On a vu en Alsace qu\u2019il y a des risques politiques \u00e0 prendre, mais on ne doit pas faire cela dans le dos ou par-dessus les citoyens. Je pense personnellement que la cr\u00e9ation d\u2019une m\u00e9tropole, par exemple, doit passer par un \u00e9l\u00e9ment fondateur, comme une \u00e9lection : soit par le biais d\u2019un r\u00e9f\u00e9rendum ou d\u2019une \u00e9lection des conseillers communautaires au scrutin universel.<\/p>\n<p>&nbsp;<\/p>\n<p><strong>Qui devrait \u00eatre d\u00e9sign\u00e9 pr\u00e9sident de cette m\u00e9tropole ? Si vous \u00eates \u00e9lu Maire, cumulerez-vous le poste de maire avec celui de pr\u00e9sident de la m\u00e9tropole ?<\/strong><\/p>\n<p>Je choisirai entre les deux mandats, je n\u2019ai pas encore d\u00e9cid\u00e9, mais je ne cumulerai pas. Il y a des tas d\u2019autres m\u00e9tropoles qui ne sont pas pr\u00e9sid\u00e9es par le maire de la ville centre. D\u2019autant plus pour \u00e9viter la d\u00e9magogie autour de cette ville centre. Et le travail qu\u2019il y a \u00e0 fournir pour une ville comme Lyon, \u00e7a prend tout le temps d\u2019un maire. Prenez Bordeaux, ce n\u2019est pas M. Jupp\u00e9 (qui n\u2019est d\u2019ailleurs pas majoritaire au niveau de la m\u00e9tropole) qui pr\u00e9side cette m\u00e9tropole. Idem pour <a href=\"http:\/\/www.marseille-provence.com\/mpm\/l-institution.html\">Marseille o\u00f9 Eug\u00e8ne Caselli <\/a>est pr\u00e9sident de la m\u00e9tropole.<\/p>\n<p>&nbsp;<\/p>\n<p><strong>Pendant les deux mandats de G\u00e9rard Collomb, on a vu se d\u00e9velopper ou aboutir plusieurs grands chantiers. Quel est votre avis sur ces projets ?<\/strong><\/p>\n<p>Pour ce qui est du Grand Stade ; J\u2019ai toujours dit que j\u2019\u00e9tais pour l\u2019agrandissement de Gerland. On avait la possibilit\u00e9 d\u2019agrandir Gerland et de faire, comme cela se fait en Europe, un stade en ville, magnifique, bien desservi avec le passage passerelle, avec une capacit\u00e9 de 52 000 \u00e0 55 000 personnes. Le choix a \u00e9t\u00e9 fait de n\u00e9gocier avec Aulas des affaires de terrains. Je laisserai Etienne T\u00eate vous en parler, parce qu\u2019il le fait tr\u00e8s bien. On a mis de 200 \u00e0 400 millions d\u2019argent public, selon mes comptes, pour faire des acc\u00e8s au grand stade. Cela ne nous convient pas. On aurait pu mettre cet argent public dans d\u2019autres projets, comme la question des transports urbains dans la ville.<\/p>\n<p>Pour ce qui est de l\u2019H\u00f4tel-Dieu, nous avions act\u00e9 auparavant que l\u2019on voulait bien d\u2019une transformation, d\u2019une r\u00e9novation. J\u2019\u00e9tais administrateur aux HCL avant le changement de la loi, et je sais que ce b\u00e2timent historique magnifique co\u00fbte tr\u00e8s cher \u00e0 r\u00e9nover. Il fallait donc qu\u2019il y ait des investisseurs priv\u00e9s qui participent \u00e0 cette r\u00e9novation. Mais nous aurions voulu garder l\u2019\u00e2me de ce b\u00e2timent : cela fait 830 ans qu\u2019il appartient au patrimoine lyonnais, on ne peut pas dire d\u2019un coup \u00ab ce sera un h\u00f4tel cinq \u00e9toiles et des galeries commerciales \u00bb. Il aurait fallu, non pas ce que dit la droite : quelque chose pour soigner les pauvres, \u00e0 l\u2019ancienne, pendant que les gens de droite vont se faire soigner dans de belles cliniques, mais en faire le lieu phare de la sant\u00e9 publique du 21\u00e8me si\u00e8cle. C\u2019est \u00e0 dire la promotion de la sant\u00e9 : ne plus \u00eatre seulement dans le curatif mais aussi sur le pr\u00e9ventif, sur l\u2019\u00e9ducation \u00e0 la sant\u00e9. Ce projet, o\u00f9 Eiffage d\u00e9cide de tout, ne nous convient pas. On souhaiterait faire un r\u00e9f\u00e9rendum pour demander l\u2019avis des Lyonnais, o\u00f9 l\u2019on proposerait plusieurs projets et o\u00f9 ils choisiraient celui qui leur semble le plus adapt\u00e9.<\/p>\n<p>Les <a href=\"http:\/\/www.grandlyon.com\/fileadmin\/user_upload\/Pdf\/territoire\/Grands_Projets\/Berges_Rhone\/plaquette_berges_0401.pdf\">Berges du Rh\u00f4ne, c\u2019est une r\u00e9ussite qui tient \u00e0 la pugnacit\u00e9 de ceux qui on mis ce projet en place, et je pense notamment \u00e0 Gilles Buna<\/a>. C\u2019est ce qui nous fait dire que l\u2019on peut avoir envie de vivre en ville et que l\u2019on peut y vivre de mani\u00e8re agr\u00e9able. C\u2019est une vraie r\u00e9ussite, et on est aussi content des rives de Sa\u00f4ne qui sont \u00e9galement en train d\u2019\u00eatre am\u00e9nag\u00e9es.<\/p>\n<p>Le quartier de la Confluence, c\u2019est une id\u00e9e intelligente mais il manque quelque chose. On a un vrai souci aujourd\u2019hui, c\u2019est que, pour que cela fonctionne, on a fait un gros centre commercial de plus. Quand on est au centre de ce grand b\u00e2timent, on ne sait plus si on est \u00e0 Berlin, \u00e0 Lyon, \u00e0 Paris, au carr\u00e9 de soie\u2026 C\u2019est partout pareil. Je pense qu\u2019aujourd\u2019hui il faut apporter des <a href=\"http:\/\/fr.wikipedia.org\/wiki\/Am%C3%A9nit%C3%A9\">am\u00e9nit\u00e9s <\/a>aux gens, permettre qu\u2019il y ait des petits commerces, de l\u2019\u00e9change, etc. Et dans ce quartier il y a aussi la question du prix des logements. Certes il y a le nombre requis de logements sociaux mais nous devons bien faire attention \u00e0 ce que Lyon ne devienne pas une \u00ab centrifugeuse \u00e0 pauvres \u00bb. C\u2019est ce qu\u2019on a fait de Paris : les jeunes cadres sont en colocations dans le centre, d\u00e8s qu\u2019ils ont un enfants ils d\u00e9m\u00e9nagent en banlieue, deux enfants en grande banlieue, trois enfants vous venez \u00e0 Lyon\u2026 Il faut \u00eatre attentif \u00e0 cela.<\/p>\n<p>&nbsp;<\/p>\n<p><strong>Comment comptez-vous favoriser les transports urbains ?<\/strong><\/p>\n<p>D\u2019abord en faisant des choix politiques et budg\u00e9taires importants. Il va falloir travailler avec le Sytral, qu\u2019il comprenne qu\u2019il ne peut pas \u00eatre un \u00c9tat dans l\u2019\u00c9tat. C\u2019est au Grand Lyon de reprendre en mains cette question, aux \u00e9lus de d\u00e9cider et de trancher. Bref, ne pas laisser un homme seul ou une petite \u00e9quipe prendre les commandes. Je pense qu\u2019il faut augmenter la fr\u00e9quence de transports en commun le soir et la nuit les jeudi, vendredi et samedi. Il faut bien-s\u00fbr en discuter, voir ce que cela co\u00fbte mais je pense qu\u2019il faut en faire plus le soir : ce n\u2019est pas possible que, lorsqu\u2019il y a un concert \u00e0 Gerland, il n\u2019y ait plus de m\u00e9tro ensuite pour rentrer ! Comment font les spectateurs ?<\/p>\n<p>Un autre enjeu est de passer de la toile \u00e0 l\u2019\u00e9toile. On a aujourd\u2019hui un syst\u00e8me de transports en toile (pour aller des p\u00e9riph\u00e9ries au centre) et qui est tr\u00e8s bien fourni, mais il manque encore des moyens de se d\u00e9placer de p\u00e9riph\u00e9ries en p\u00e9riph\u00e9ries. On travaille notamment en ce moment sur la transversale A7 qui remonterait du sud de V\u00e9nissieux jusqu\u2019\u00e0 Villeurbanne en passant par le huiti\u00e8me, Montchat. On pourrait, par exemple, faire un tramway comme cela transversal, en utilisant l\u2019argent pr\u00e9vu pour le tron\u00e7on ouest du p\u00e9riph\u00e9rique : deux milliards d\u2019euros. Imaginez ce que l\u2019on pourrait faire avec deux milliards !<\/p>\n<p>&nbsp;<\/p>\n<p><strong>Vous \u00eates oppos\u00e9 \u00e0 la construction de ce p\u00e9riph\u00e9rique Ouest ?<\/strong><\/p>\n<p>Pierre H\u00e9mon : Bien sur, quand <a href=\"http:\/\/www.lyon-info.fr\/?TOP-des-chiffres-au-doigt-mouille\">un cabinet ind\u00e9pendant, TKK, vient dire que ce p\u00e9riph\u00e9rique ne sert \u00e0 rien et va plut\u00f4t favoriser la voiture<\/a>, que lui r\u00e9pond t-on ? Ce n\u2019est pas grave on le ferra quand m\u00eame. Cela pose probl\u00e8me. Que veut dire concertation quand on fait de la politique ? \u00ab <em>Je vous demande votre avis et je fais ce que je veux ? <\/em>\u00bb Ou est-ce qu\u2019on prend vraiment compte de votre avis ?<\/p>\n<p>&nbsp;<\/p>\n<p><strong>Que pensez-vous des transports fluviaux et t\u00e9l\u00e9ph\u00e9riques ?<\/strong><\/p>\n<p>Se sont des choses sur lesquelles nous devons travailler. Pourquoi pas d\u00e9velopper des t\u00e9l\u00e9ph\u00e9riques (transport par c\u00e2ble), des t\u00e9l\u00e9cabines, c\u2019est ce que propose Eric Laffond. C\u2019est un type de transport qui ne co\u00fbte pas cher. Pour ce qui est des navettes fluviales, on a des gens qui travaillent dessus, ce sera dans notre programme. On peut faire des choses tr\u00e8s int\u00e9ressantes et pour pas cher. Nous avons d\u00e9cid\u00e9 de travailler un projet qui soit financi\u00e8rement s\u00e9rieux. On ne fera pas douze tramways. Au niveau du Grand Lyon, on veut r\u00e9fl\u00e9chir \u00e0 l\u2019urgence, \u00e0 ce qui est prioritaire et \u00e0 ce qui l\u2019est moins. Il est par exemple urgent de faire un tramway sur la ligne du C3, qui va de Saint-Paul \u00e0 Vaulx-en-Velin, o\u00f9 transitent 55 000 voyageurs par jour qui voyagent dans des b\u00e9taill\u00e8res aujourd\u2019hui. C\u2019est une priorit\u00e9. Si on fait les choses bien, demain il y aura 70 000 personnes qui utiliseront cette ligne. Le choix qui a \u00e9t\u00e9 fait est celui de construire un tramway en un an et demi qui aille \u00e0 Eurexpo afin de transporter 10 000 personnes par jour, et seulement les jours o\u00f9 il y a quelque chose \u00e0 Eurexpo. Le reste du temps il se balade \u00e0 vide dans la campagne. Ce n\u2019est pas possible ! Au lieu de toujours penser au rayonnement international, il faut penser au rayonnement int\u00e9rieur de la ville.<\/p>\n<p>&nbsp;<\/p>\n<p><strong>Beaucoup de Lyonnais se plaignent des difficult\u00e9s de stationner en ville\u2026<\/strong><\/p>\n<p>Oui, c\u2019est difficile de stationner. Vous avez vu ce scandale de l\u2019h\u00f4pital Edouard Herriot? C\u2019est devenu un parking. Les gens viennent y parquer leur voiture alors que, normalement, c\u2019est fait pour les m\u00e9decins et les familles. On ne contr\u00f4le pas l\u2019entr\u00e9e des voitures. Devant le pavillon des grands br\u00fbl\u00e9s, une voiture de pompiers ne peut pas venir. C\u2019est du grand n\u2019importe quoi. Mais tr\u00e8s souvent, on n\u2019a pas besoin de stationner en ville, il suffirait de prendre les transports en commun. Personnellement, je n\u2019ai pas de soucis pour stationner avec mon v\u00e9lo. Quand on dit qu\u2019on circule mal \u00e0 Lyon, le vieux monde est encore dans nos t\u00eates. On circule mal en voiture, mais en v\u00e9lo c\u2019est d\u00e9j\u00e0 mieux ; par contre, en transports en commun ce n\u2019est pas terrible et \u00e0 pieds c\u2019est vrai qu\u2019on circule mal. Pourquoi circule-t-on mal \u00e0 pieds ? Parce que la ville n\u2019est pas faite pour les pi\u00e9tons mais pour les bagnoles. Il faut la penser pour les v\u00e9los, les modes doux de circulation et aussi pour les pi\u00e9tons. C\u2019est extr\u00eamement important. Un tiers des m\u00e9nages lyonnais n\u2019a pas de voiture. Je crois qu\u2019il faut y r\u00e9pondre de deux mani\u00e8res. D\u2019abord des parkings relais plus importants \u00e0 l\u2019entr\u00e9e de l\u2019agglom\u00e9ration et des transports en commun plus confortables. Les transports en commun doivent \u00eatre aussi confortables que la voiture.<\/p>\n<p>&nbsp;<\/p>\n<p><strong>Ce serait mettre le centre ville pi\u00e9ton, sans voitures ?<\/strong><\/p>\n<p>C\u2019est une id\u00e9e. C\u2019est notre proposition phare peut-\u00eatre, de faire une \u00ab ville 30 \u00bb et rendre, \u00e0 l\u2019horizon du mandat, la presqu\u2019\u00eele pi\u00e9tonne. Ce sont des r\u00e9flexions europ\u00e9ennes. R\u00e9duire la vitesse \u00e0 30 km\/h dans la ville, \u00e7a apaise la vie. On serait ainsi digne d\u2019\u00eatre une ville europ\u00e9enne de ce point de vue. Ce serait possible en facilitant les navettes et les d\u00e9placements. Le quai Jules Courmont, la quatre voies, il faut arr\u00eater tout \u00e7a. On peut d\u00e8s aujourd\u2019hui arr\u00eater l\u2019autoroute A6\/A7 et en faire un boulevard urbain : il y a eu des \u00e9tudes de l\u2019agence de l\u2019urbanisme, on peut faire \u00e7a d\u00e8s maintenant. Il n\u2019y a pas besoin de nous vendre le TOP, le COL ou je ne sais quel anneau des sciences, qui fait rire tous les scientifiques. Est-ce qu\u2019un scientifique a besoin d\u2019une autoroute pour communiquer avec la facult\u00e9 qui est \u00e0 l\u2019autre bout ? Ce dont ils ont besoin sont des autoroutes de la communication. Pas de truc en b\u00e9ton pour rouler avec leur voiture.<\/p>\n<p>&nbsp;<\/p>\n<p><strong>Une des questions qui pr\u00e9occupe le plus les Lyonnais c\u2019est celle de la politique de la petite enfance et des places en cr\u00e8ches plus pr\u00e9cis\u00e9ment. Que proposez-vous pour am\u00e9liorer l\u2019accueil dans les cr\u00e8ches ?<\/strong><\/p>\n<p>Je ne serais pas d\u00e9mago : depuis ce mandat et le pr\u00e9c\u00e9dent, beaucoup a \u00e9t\u00e9 fait. En terme de cr\u00e8ches, de mini cr\u00e8ches, de cr\u00e8ches d\u2019entreprises, etc., il y a un certain nombre de places qui ont \u00e9t\u00e9 ouvertes par <a href=\"http:\/\/www.tribunedelyon.fr\/?actualite\/societe\/37413-lyon-yves-fournel-veut-rassurer-les-enseignants\">les \u00e9quipes d\u2019Yves Fournel (Ndlr : 9\u00e8me adjoint au Maire, \u00e9ducation et petite enfance<\/a>). De ce bilan l\u00e0, nous sommes preneurs et porteurs.<\/p>\n<p>Les places en cr\u00e8ches se partagent entre ce que met la ville et ce que met la CAF, donc ce que d\u00e9cide le gouvernement\u2026 Il y a une bagarre \u00e0 ce niveau l\u00e0. Il faut r\u00e9pondre de diff\u00e9rentes mani\u00e8res \u00e0 cette demande. Il faut aider les cr\u00e8ches parentales. Il faut aussi d\u00e9velopper et aider les relais d\u2019assistantes maternelles. Je crois qu\u2019il n\u2019y en a qu\u2019un ou deux en ville. Beaucoup de gens aiment bien avoir une assistante maternelle. Elles sont beaucoup \u00e0 Lyon. Leur difficult\u00e9, c\u2019est qu\u2019elles sont isol\u00e9es. L\u2019id\u00e9e de relais existent depuis longtemps, j\u2019ai fait un m\u00e9moire l\u00e0-dessus il y a vingt ou trente ans. Il faut d\u00e9velopper des lieux o\u00f9 elles peuvent se retrouver, rencontrer, \u00e9changer, collaborer. On va r\u00e9fl\u00e9chir \u00e0 une politique d\u2019augmentation de places en cr\u00e8ches. Or \u00e7a co\u00fbte tr\u00e8s cher et on sait qu\u2019on est en p\u00e9riode de restrictions budg\u00e9taires parce que, l\u00e0 aussi, le gouvernement fait des appels, des propositions. Mais il demande aux collectivit\u00e9s de payer. Tout \u00e7a ne va pas \u00eatre \u00e9vident. Il y a peut \u00eatre des choses moins ch\u00e8res qu\u2019il faut discuter, n\u00e9gocier avec les gens.<\/p>\n<p>&nbsp;<\/p>\n<p><strong>Que pensez-vous de la remise en question de la semaine \u00e0 quatre jours ?<\/strong><\/p>\n<p>Nous, \u00e0 EELV, nous \u00e9tions pour que cette reforme soit mis en place d\u00e8s la rentr\u00e9e. On pr\u00e9f\u00e8re m\u00eame, <a href=\"http:\/\/www.lyoncapitale.fr\/Journal\/Lyon\/Actualite\/Actualites\/Education\/Rythmes-scolaires-Meirieu-d-accord-avec-Peillon-pour-raccourcir-les-vacances-d-ete\">Philippe Meyrieu<\/a> vous l\u2019expliquerai mille fois mieux que moi, que les enfants aillent \u00e0 l\u2019\u00e9cole le samedi matin plut\u00f4t que le mercredi pour des raison de rythme. C\u2019est beaucoup mieux. Par contre, c\u2019est vrai que \u00e7a peut co\u00fbter cher. Mais comme on aime tous dire que l\u2019enfant n\u2019est pas un co\u00fbt mais un investissement, alors oui, il faut investir. Oui, il faut faire des vrais choix politiques l\u00e0-dessus. C\u2019est quelque chose qui peut r\u00e9ussir. Nous sommes une ville riche en intelligence, en associations, en possibilit\u00e9s. Il faut s\u2019emparer de toutes ces richesses pour faire quelque chose. Et ne surtout pas faire un truc \u00e0 la petite semaine, pas cher. Cela va \u00eatre au c\u0153ur de la campagne municipale. Le d\u00e9bat ne sera pas serein sur cette question, nous le regrettons. Lyon se targue de pr\u00e9sider le r\u00e9seau des villes \u00e9ducatrices. Il y a un r\u00e9seau mondial des villes \u00e9ducatrices. En France, 60 % des villes de ce r\u00e9seau ont engag\u00e9 la r\u00e9forme d\u00e8s la rentr\u00e9e 2013. Et la ville qui pr\u00e9side ce r\u00e9seau, et qui est tr\u00e8s contente de le pr\u00e9sider, ne le fait pas. C\u2019est petit bras !<\/p>\n<p>&nbsp;<\/p>\n<p><strong>Sur la question sociale, avez-vous des exemples \u00e0 donner sur les insuffisances de la politique municipale actuelle ?<\/strong><\/p>\n<p>Je vais peut-\u00eatre vous surprendre, mais je trouve que sur le social, oui on peut am\u00e9liorer. Mais sous l\u2019impulsion de <a href=\"http:\/\/www.sylvieguillaume.eu\/2011\/11\/innovation-sociale-de-nouveaux-dispositifs-pour-de-nouveaux-besoins\/\">Sylvie Guillaume<\/a>, qui pr\u00e9side le centre communal d\u2019actions sociales \u2013 je suis \u00e0 ces c\u00f4t\u00e9s \u2013 je trouve que beaucoup de choses sont faites dans cette ville. L\u2019action de solidarit\u00e9, d\u2019aide aux plus d\u00e9munis, l\u2019aide \u00e0 des associations qui si\u00e8gent au CCAS \u2013 puisque qu\u2019il y une moiti\u00e9 d\u2019associations, tout ce qui est \u00e9piceries sociales, h\u00e9bergement d\u2019urgence, etc., c\u2019est assez important. Il y a, \u00e0 Lyon, un certain nombre de places de centres d\u2019h\u00e9bergements et de r\u00e9adaptation sociale, l\u00e0 o\u00f9 il y en a aucun \u00e0 Villeurbanne.Donc beaucoup est fait. On peut faire encore plus. L\u00e0-dessus, on a des projets d\u2019aides en direction des plus d\u00e9munis. Il faut savoir qu\u2019il va y avoir une augmentation de la demande parce qu\u2019arrivent aujourd\u2019hui \u00e0 la retraite des gens qui ont rencontr\u00e9 des difficult\u00e9s avec des carri\u00e8res \u00e0 trous, tr\u00e8s incompl\u00e8tes. Avant, les gens arrivaient avec une retraite pleine, avec la pension de r\u00e9version. Il y a une mont\u00e9e de la pr\u00e9carit\u00e9, y compris chez les personnes \u00e2g\u00e9es. Il faut r\u00e9pondre \u00e0 \u00e7a. Il y a d\u00e9j\u00e0 un bon travail de Sylvie Guillaume. Cela fait partie des choses dont je suis content et dont j\u2019aimerais que la ville se r\u00e9jouisse plus. Mais parler des pauvres, \u00e7a ne pla\u00eet pas\u2026<\/p>\n<p>&nbsp;<\/p>\n<p><strong>Faut-il repenser la gestion des centres d\u2019accueil de SDF \u00e0 Lyon ?<\/strong><\/p>\n<p>Il faut avoir une r\u00e9flexion communautaire au niveau du Grand Lyon. Je peux vous citer certaines villes riches de l\u2019agglom\u00e9ration qui ne mettent pas un euro sur cette question. Ils se contentent de donner un ticket de m\u00e9tro \u00e0 une personne, ou \u00e0 des familles en leur disant : \u00ab <em>Prenez le bus, allez \u00e0 Lyon<\/em> \u00bb. Il faut vraiment qu\u2019il y ait une r\u00e9flexion communautaire et que les villes les plus riches participent aussi. Sinon \u00e7a ne va pas. On a tous ensemble cet effort de solidarit\u00e9 \u00e0 faire. On a l\u00e0 aussi une histoire lyonnaise, une expertise lyonnaise d\u2019associations tr\u00e8s tr\u00e8s forte.<\/p>\n<p>&nbsp;<\/p>\n<p><strong>\u00c0 propos de situation complexe, que faire \u00e0 Lyon de ces familles de Roms qui sont d\u00e9plac\u00e9s de campement en campement, quelle est la solution \u00e0 <\/strong><strong>long terme ? <\/strong><\/p>\n<p>Il faudrait d\u00e9velopper comme le dis encore, Sylvie Guillaume un dispositif qui permet d\u2019aider des familles \u00e0 rentrer chez eux en Roumanie. Parce que vous avez beaucoup de famille qui vienne \u00e0 Lyon en quittant tout parce qu\u2019elles sont contraintes et forc\u00e9es. Donc, la vraie question c\u2019est \u00ab <em>comment les aider \u00e0 mieux vivre ?<\/em> \u00bb. Et pour les Roms je connais bien<a href=\"http:\/\/www.tv5.org\/cms\/chaine-francophone\/info\/Les-dossiers-de-la-redaction\/Roms-europe-france\/p-11457-Analyse-d-Helene-Flautre.htm\"> H\u00e9l\u00e8ne Flautre, d\u00e9put\u00e9e europ\u00e9enne EELV qui fait un gros travail l\u00e0-dessus<\/a>. Il y a des millions d&rsquo;euros de cr\u00e9dits europ\u00e9ens qui ne sont pas utilis\u00e9s.. Quant \u00e0 la situation d\u2019accueil, il y a une circulaire inter-minist\u00e9rielle de l\u2019\u00e9t\u00e9 dernier et nous exhortons le pr\u00e9fet \u00e0 ne pas la mettre en \u0153uvre. Avant d\u2019expulser, il faut s\u2019int\u00e9resser au relogement des gens. Aujourd\u2019hui on a l\u2019impression qu\u2019on va avoir des demandes du priv\u00e9 pour \u00e9vacuer les campements. On sait que les gens tournent et que la population n\u2019est pas \u00e9norme, d\u2019ailleurs c\u2019est souvent la m\u00eame qui tourne depuis des ann\u00e9es. Ma th\u00e9orie, c\u2019est celle de l\u2019Europe, de l\u2019Humanit\u00e9. De toute fa\u00e7on ces citoyens-l\u00e0 sont europ\u00e9ens, donc cette question se r\u00e8gle \u00e0 l\u2019\u00e9chelle europ\u00e9enne.<\/p>\n<p>&nbsp;<\/p>\n<p><strong>Que pr\u00e9conisez-vous pour d\u00e9velopper l\u2019\u00e9conomie locale ? <\/strong><\/p>\n<p>Ce qu\u2019on propose \u2013 c\u2019est ce que dit Pascal Canfin et il le dit sans doute mieux que moi \u2013 c\u2019est de<a href=\"http:\/\/www.mondomix.com\/fr\/news\/pascal-canfin-aujourd-hui-ce-qu-il-faut-c-est-une-nouvelle-politique-rooseveltienne\"> d\u00e9velopper des emplois verts<\/a>, ce qui n\u2019est pas suffisant fait, sur la transition \u00e9cologique, comme sur l\u2019isolation des b\u00e2timents, par exemple. Ces travaux sont indispensables parce que cela permettrait aux gens de faire des \u00e9conomies de charges et de moins consommer. Il y aurait l\u00e0 de quoi cr\u00e9er des milliers d\u2019emplois, de faire revivre tout ce tissu \u00e9conomique du b\u00e2timent. On sait qu\u2019il y a des efforts de formation qui ont \u00e9t\u00e9 faits \u00e0 ce niveau-l\u00e0. Il y aurait l\u00e0 de quoi offrir du travail aux gens. Au niveau de l\u2019agriculture, on pourrait \u00e9tudier la possibilit\u00e9 de nourrir les gens de l\u2019agglom\u00e9ration avec les paysans du Grand Lyon. Je sais, \u00e7a fait sourire mais on n\u2019a jamais \u00e9valu\u00e9 s\u00e9rieusement cette possibilit\u00e9. Est-ce qu\u2019il y a le terrain pour faire l\u2019\u00e9levage ou pas ? L\u2019agriculture biologique emploie trois ou quatre fois plus de monde que l\u2019agriculture extensive. Donc dans ses domaines l\u00e0, (le b\u00e2timent, l\u2019agriculture) il faut favoriser la recherche, y compris sur les p\u00f4les d\u2019excellence qui sont \u00e0 Lyon, comme les jeux-vid\u00e9os. Tout ces p\u00f4les se sont envol\u00e9s au Canada et pourtant on avait sonn\u00e9 l\u2019alerte. C\u2019est aussi une vraie responsabilit\u00e9 de la ville et de la communaut\u00e9 urbaine parce que nous sommes des grands donneurs d\u2019ordre. Et quand on fait des appels d\u2019offre, peut-\u00eatre qu\u2019il faut mettre dedans un certain nombre de crit\u00e8re. Pour les crit\u00e8res de proximit\u00e9 c\u2019est plus d\u00e9licat, mais on peut insister sur des crit\u00e8res comme la RSE (Responsabilit\u00e9 Sociale Environnementale) et la RSO (Responsabilit\u00e9 Sociale et d\u2019Organisation).<\/p>\n<p>&nbsp;<\/p>\n<p><strong>Vous pouvez expliquer ce qu\u2019est la <a href=\"http:\/\/www.pourlasolidarite.eu\/IMG\/pdf\/AffairesSociales_RSO.pdf\" target=\"_blank\">RSO<\/a>\u00a0? <\/strong><\/p>\n<p>C\u2019est la fa\u00e7on dont l\u2019entreprise va traiter son personnel. C\u2019est-\u00e0-dire la politique sociale et les \u00e9changes au sein de l\u2019entreprise.<\/p>\n<p>&nbsp;<\/p>\n<p><strong>On n\u2019a le droit de mettre ce crit\u00e8re dans un appel d\u2019offre\u00a0? <\/strong><\/p>\n<p>On peut y travailler, on pourrait int\u00e9grer ces questions-l\u00e0. On pourrait regarder, par exemple, la moyenne des salaires. On a des entreprises, y compris r\u00e9gionales, toutes les entreprises de taille interm\u00e9diaire, qui sont pr\u00eates \u00e0 y travailler. Avec elles il faut travailler vers cet objectif, et pas seulement des noms de grands groupes. Je ne vais pas leur faire de la pub, mais il y en a qu\u2019on trouve partout dans toutes les grandes villes dont une qui commence par V\u2026<\/p>\n<p>&nbsp;<\/p>\n<p><strong>Et comment concilier une politique \u00e9conomique et \u00e9cologique en \u00e9vitant les pics de pollution qu\u2019on a rencontr\u00e9 ces derni\u00e8res ann\u00e9es \u00e0 Lyon\u00a0?<\/strong><\/p>\n<p>Je vous dirai qu\u2019il faut faire ce que propose Bruno Charles, vice-pr\u00e9sident au Grand Lyon du plan climat. Il a fait un plan climat remarquable. Apr\u00e8s il reste \u00e0 le mettre en \u0153uvre et l\u00e0 on sent qu\u2019il y a des vrais freins. Mais il y a un travail \u00e0 faire avec les syndicats, les entreprises, etc. Prenez la vall\u00e9e de la chimie, \u00ab les boites de pointes\u00a0\u00bb sont celles qui ont compris que quand elles diminuent leurs \u00e9missions polluantes elles sont gagnantes, que dans vingt ans le p\u00e9trole c\u2019est termin\u00e9. J\u2019\u00e9tais \u00e0 Berlin il y a quinze jours, il y avait de nombreuses pub pour Siemens, <a href=\"http:\/\/www.meretmarine.com\/fr\/content\/siemens-ouvre-les-plus-grands-centres-dessais-eoliens-au-monde\" target=\"_blank\">ils mettent des \u00e9oliennes <\/a><a href=\"http:\/\/www.meretmarine.com\/fr\/content\/siemens-ouvre-les-plus-grands-centres-dessais-eoliens-au-monde\" target=\"_blank\">partout<\/a>. Ils ont compris \u00e7a. Tous ceux qui ont compris \u00e7a ont un pas en avance. M\u00eame EDF l\u2019a compris parce qu\u2019avec leur lobby nucl\u00e9aire ils essaient de bloquer et de racheter tout le reste.<\/p>\n<p>&nbsp;<\/p>\n<p><strong>Et vous, personnellement, \u00eates-vous partisan de la d\u00e9croissance \u00e9conomique\u00a0? <\/strong><\/p>\n<p>La d\u00e9croissance a un effet boomerang, la d\u00e9croissance \u00e7a fait peur. Moi je suis pour la croissance d\u2019un service aux personnes. Donc je suis pour la d\u00e9croissance de certaines choses et la croissance d\u2019autres. Et quand on parle croissance\/d\u00e9croissance, \u00e7a veut dire qu\u2019on reste dans ce bin\u00f4me, croissance du PIB\/d\u00e9croissance du PIB. Il faut d\u00e9construire la croissance du PIB. Je suis pour la croissance du bonheur collectif.<\/p>\n<p>&nbsp;<\/p>\n<p><strong>Le rapport annuel de la Commission nationale co\u00a0\u00a0nsultative des droits de l\u2019homme, publi\u00e9 en mars, note une augmentation des actes antis\u00e9mites de 58% et une augmentation des actes contre les musulmans de 30%. Quel bilan tir\u00e9 de ces chiffres alarmants ? Et quelles solutions propos\u00e9es vous pour \u00e9viter cette mont\u00e9e du racisme et de l\u2019antis\u00e9mitisme\u00a0?<\/strong><\/p>\n<p>&nbsp;<\/p>\n<p>De ce que je vois, je pense que les actes anti-musulmans sont sous d\u00e9clar\u00e9s. Quand l\u2019an pass\u00e9 une mosqu\u00e9e avait \u00e9t\u00e9 tagu\u00e9e j\u2019avais \u00e9t\u00e9 discuter avec les responsables de la mosqu\u00e9e et ils m\u2019avaient expliqu\u00e9 qu\u2019ils avaient longtemps h\u00e9sit\u00e9 avant de porter plainte car ils sont stigmatis\u00e9s. Il y a une remont\u00e9 de l\u2019extr\u00eame droite et de la x\u00e9nophobie partout en Europe et on peut reprendre les explications de Gramsci\u00a0: on est \u00e0 la fin du monde et pas au d\u00e9but et quand on est \u00e0 la fin d\u2019un monde notre tache c\u2019est de construire non seulement l\u2019espoir mais de donner des \u00e9l\u00e9ments de compr\u00e9hension, de construction du nouveau monde \u00e0 venir au moment ou c\u2019est la bagarre avec la b\u00eate. Car il y a ceux qui hurlent au loup et qui sont dans la d\u00e9construction. C\u2019est plus simple de s\u2019en prendre \u00e0 son voisin.<\/p>\n<p>&nbsp;<\/p>\n<p><strong>Pensez-vous qu\u2019il faille augmenter \u00e0 Lyon les cam\u00e9ras de vid\u00e9osurveillance ou augmenter l\u2019aide \u00e0 la police municipale, ou ni l\u2019une ni l\u2019autre de ces propositions\u00a0?<\/strong><\/p>\n<p>Je suis content que vous me posiez cette question car c\u2019est une des choses que l\u2019on avait act\u00e9es dans le contrat avec la majorit\u00e9 socialiste\u00a0: nous sommes contre la vid\u00e9osurveillance. On s\u2019\u00e9tait mis d\u2019accord sur le fait de ne pas augmenter le nombre de cam\u00e9ras. Cela co\u00fbte tr\u00e8s cher car le probl\u00e8me n\u2019est pas tant de mettre des cam\u00e9ras que de les regarder\u00a0: il faut payer beaucoup de personnel pour regarder beaucoup de cam\u00e9ras. La rentabilit\u00e9 est tr\u00e8s faible, de nombreuses \u00e9tudes le prouvent. Par exemple, dans la revue gratuite Mill\u00e9naire 3, le Centre Ressource Prospective du Grand Lyon, <a href=\"http:\/\/www.millenaire3.com\/uploads\/tx_revuem3\/M3_3.pdf\" target=\"_blank\">un chercheur met \u00e0 bas la vid\u00e9osurveillance<\/a>. Cela pourrait \u00e9ventuellement servir \u00e0 filmer les voitures qui se garent sur les trottoirs afin de verbaliser directement. Mais sinon c\u2019est relativement inutile, d\u2019autant plus que les gens savent les \u00e9viter. En revanche, on pourrait renforcer la police municipale en limitant bien et en rappelant bien ses fonctions et ses missions. Elle ne peut pas remplacer la police nationale, ce qui est une tendance dans certaines villes du fait d\u2019insuffisances. La police municipale ne patrouille pas le soir par exemple. Il faudrait d\u00e9velopper sa pr\u00e9sence dans les quartiers mais cela ne plaisait pas \u00e0 Sarkozy, Manuel Valls doit donc pousser dans cette direction.<\/p>\n<p>&nbsp;<\/p>\n<p><strong>En terme de budget, quelle politique fiscale comptez-vous appliquer \u00e0 la ville de Lyon\u00a0? <\/strong><\/p>\n<p>Cela n\u2019est pas encore \u00e9crit dans notre projet, et cela va peut-\u00eatre faire d\u00e9mago de le dire, mais je pense qu\u2019il ne faut pas augmenter les imp\u00f4ts. Il faut aider la population lyonnaise et \u00eatre \u00e9conome de son argent. \u00catre \u00e9conome cela ne veut pas dire ne rien faire mais bien r\u00e9fl\u00e9chir \u00e0 ce qu\u2019on fait. Aujourd\u2019hui la situation \u00e9conomique se tend\u00a0: le nombre de ch\u00f4meurs augmente, les gens sont tr\u00e8s inquiets. Regardez les sondages\u00a0: la question fiscale n\u2019existait pas avant et d\u00e9sormais on revient sans cesse dessus. Avec l\u2019argent que l\u2019on a \u00e0 la Ville, on n\u2019a pas besoin d\u2019augmenter les imp\u00f4ts, il faut le g\u00e9rer comme un bon p\u00e8re de famille, quitte \u00e0 emprunter un peu. On peut \u00eatre plus s\u00e9v\u00e8re sur le fonctionnement de certaines structures mais faisons d\u00e9j\u00e0 avec ce que l\u2019on collecte. Arr\u00eatons \u00e9galement de penser uniquement aux grands projets, au d\u00e9veloppement, \u00e0 l\u2019investissement\u00a0; pensons d\u2019abord \u00e0 entretenir la ville, \u00e0 entretenir les trottoirs, permettre aux gens de circuler et de vivre agr\u00e9ablement dans leur ville\u00a0; pensons \u00e9galement \u00e0 une multitudes de petits projets dans les arrondissements utiles \u00e0 la vie des gens.<\/p>\n<p>&nbsp;<\/p>\n<p><strong>Vous parliez du centre-ville pi\u00e9ton, de l\u2019am\u00e9lioration des transports urbains, etc. Il faudra bien de l\u2019argent pour ces projets\u00a0? Sur quels secteurs budg\u00e9taires mettriez-vous l\u2019accent\u00a0? <\/strong><\/p>\n<p>En ne faisant pas les 400 millions de travaux pour le grand stade ou pour le mus\u00e9e de la Confluence on trouvait l\u2019argent. Ce dernier projet est notamment un vrai gouffre, notamment dans ce qu\u2019il va co\u00fbter \u00e0 l\u2019avenir. Il y aura donc des choix \u00e0 faire, des choses \u00e0 supprimer\u00a0: je pense, par exemple, aux quelques centaines de millions d\u2019euros que l\u2019on donne \u00e0 l\u2019OL.<\/p>\n<p>&nbsp;<\/p>\n<p><strong>\u00c0 ce propos, dans quelle mesure allez-vous favoriser les institutions sportives\u00a0?<\/strong><\/p>\n<p>Les grandes institutions sportives n\u2019ont pas besoin de nous. Il faut savoir que l\u2019on donne autant au quatre plus grands clubs sportifs professionnels qu\u2019aux 104 clubs amateurs. Ce n\u2019est vraiment pas possible. Les clubs amateurs ont une fonction sociale et culturelle au grand sens du terme (d\u00e9veloppement, acc\u00e8s pour les jeunes \u00e0 l\u2019\u00e9change, animation de la vie dans le quartier, etc.) c\u2019est remarquable. Je pense notamment \u00e0 l\u2019AS Duch\u00e8re.<\/p>\n<p>&nbsp;<\/p>\n<p><strong>Que pensez-vous, dans un souci de transparence d\u00e9mocratique de la volont\u00e9 de d\u00e9voiler le patrimoine des \u00e9lus\u00a0?<\/strong><\/p>\n<p>Je ne suis pas contre mais cela cache une vraie r\u00e9forme fiscale et la n\u00e9cessit\u00e9 de travailler sur l\u2019argent cach\u00e9 et les paradis fiscaux. Ce sont des milliards qui sont d\u00e9tourn\u00e9s. Apr\u00e8s, contr\u00f4ler si un \u00e9lu ne s\u2019enrichit pas du fait de sa fonction, j\u2019y suis tout \u00e0 fait favorable. Mais je trouve cela malsain.<\/p>\n<p>&nbsp;<\/p>\n<p><strong>C\u2019est d\u00e9magogique selon vous\u00a0?<\/strong><\/p>\n<p>Il faut le faire mais je pense que cela ne r\u00e9soudra pas tout.<\/p>\n<p>&nbsp;<\/p>\n<p><strong>Sur le plan culturel, Lyon a connu l\u2019\u00e9mergence de plusieurs grands \u00e9v\u00e9nements culturels (Biennale de la danse, Biennale d\u2019art contemporain, Festival Lumi\u00e8re, Nuits Sonores, F\u00eates des Lumi\u00e8res, etc.), continuerez-vous cette politique culturelle ou appliqueriez-vous une politique compl\u00e8tement diff\u00e9rente\u00a0? Si oui, laquelle\u00a0? <\/strong><\/p>\n<p>Il faut d\u2019abord parler de la question patrimoniale. La culture c\u2019est aussi le patrimoine de la ville. Je voudrais qu\u2019on ne l\u2019oublie jamais car c\u2019est un travail imposant qui n\u2019est pas simple \u00e0 r\u00e9aliser. Apr\u00e8s, il y a des choses tout \u00e0 fait remarquables de faites, les Nuits Sonores par exemple je trouve cela vraiment bien et plein d\u2019originalit\u00e9, mais on note des d\u00e9rives dans la politique culturelle de la Ville, 96 % du budget va aux grandes institutions. Bien-s\u00fbr on ne peut pas inverser ce ratio sans rien bousculer\u00a0: c\u2019est bien d\u2019avoir un op\u00e9ra mais cela co\u00fbte cher, idem pour l\u2019ONL. Il faut continuer \u00e0 aider ces projets mais tout en d\u00e9veloppant davantage l\u2019aide aux arts \u00e9mergents.<\/p>\n<p>Concernant la F\u00eate des Lumi\u00e8res il me semble que les Lyonnais n\u2019y ont plus droit, ils ne vont plus dans le centre ville. C\u2019est un vrai souci car on a fait la f\u00eate des Tours operators. Pourquoi ne pas instaurer le 8 d\u00e9cembre comme le jour des Lyonnais\u00a0? Aujourd\u2019hui les lumignons de l\u2019H\u00f4tel de Ville sont des guirlandes \u00e9lectriques, on n\u2019est m\u00eame plus fichu d\u2019acheter des vrais lumignons Cela est devenue une grosse op\u00e9ration avec, bien \u00e9videmment, des cr\u00e9ations remarquables \u00e0 garder. On est content d\u2019accueillir les gens mais il faut trouver un \u00e9quilibre, il faut red\u00e9velopper le rayonnement int\u00e9rieur pour que les Lyonnais y aient \u00e0 nouveau droit, se r\u00e9approprier la proximit\u00e9 aussi.<\/p>\n<p>&nbsp;<\/p>\n<p><strong>Quels seraient les crit\u00e8res pour d\u00e9velopper une initiative culturelle plut\u00f4t qu\u2019une autre\u00a0? Sur quoi mettre l\u2019accent\u00a0? <\/strong><\/p>\n<p>Je ne sais pas, c\u2019est compliqu\u00e9 \u00e0 dire. Cela fait partie des choses sur lesquelles il faut prendre le temps de r\u00e9fl\u00e9chir. Il faut r\u00e9fl\u00e9chir \u00e0 l\u2019\u00e9mergence de projets de qualit\u00e9. J\u2019ai vu <a href=\"http:\/\/www.scoplepave.org\/inculture-s\" target=\"_blank\">le spectacle de Franck Lepage<\/a> et cela m\u2019a beaucoup aid\u00e9 \u00e0 r\u00e9fl\u00e9chir sur la question culturelle. On a tous tendance \u00e0 voir la culture avec un grand Q comme il dit, c\u2019est-\u00e0-dire les grandes institutions mais il faut se pr\u00e9occuper du socio-culturel\u00a0: comment permettre l\u2019\u00e9mergence d\u2019\u00e9changes dans les quartiers, s\u2019appuyer sur ce que portent les gens\u00a0: les potentialit\u00e9s leur permettant de se r\u00e9aliser. Ce qui pose probl\u00e8me dans cette ville ce sont les friches. On ne peut pas nettoyer toute la ville et dire \u00ab\u00a0il y a des friches dans le Grand Lyon, \u00e0 Rive-de-Gier par exemple\u00a0\u00bb. Comment am\u00e9nager des espaces\u00a0? Quand j\u2019\u00e9tais \u00e0 Berlin, invit\u00e9 par l\u2019Institut Heinrich B\u00f6ll pour discuter de ces questions et m\u00eame si Berlin n\u2019a rien \u00e0 voir \u2013 c\u2019est une ville tellement grande \u2013 on pourrait r\u00e9fl\u00e9chir au niveau du Grand Lyon comment faire pour que dans le centre il y ait ce genre de possibilit\u00e9s sans que ce soit le pognon qui d\u00e9cide, c\u2019est-\u00e0-dire le prix du m\u00e8tre carr\u00e9. Ce n\u2019est pas toujours nous qui pourrons en d\u00e9cider mais, en tout cas, ce sont des bagarres que l\u2019on doit mener.<\/p>\n<p>&nbsp;<\/p>\n<p><strong>Si nos lecteurs veulent en savoir plus que doivent-ils faire\u00a0? <\/strong><\/p>\n<p>Ils peuvent envoyer un mail \u00e0 <a href=\"mailto:pierrehemon.eelv@gmail.com\">pierrehemon.eelv@gmail.com<\/a>, me retrouver sur Facebook ou Twitter, ou sur le site <a href=\"http:\/\/lyonnouveausouffle.fr\/\" target=\"_blank\">lyonnouveausouffle.fr<\/a>, ou encore le site <a href=\"http:\/\/lyon.eelv.fr\/\" target=\"_blank\">lyon.eelv.fr <\/a><\/p>\n<p>&nbsp;<\/p>\n<p>&nbsp;<\/p>\n<p><i>Retranscription de Jean-Philippe Bonan, Sylvain M\u00e9tafiot, Marion Carette, S\u00e9bastien Gonzalves et Pierre Gerbeaud .<\/i><\/p>\n<p><strong><a href=\"http:\/\/www.youtube.com\/watch?v=DUoiSjh8RiQ&amp;feature=youtu.be\" target=\"_blank\">Pierre H\u00e9mon r\u00e9pond \u00e0 trois questions, en vid\u00e9o.<\/a><\/strong><\/p>\n<p>&nbsp;<\/p>\n<p>Article \u00e9galement disponible sur :<\/p>\n<p>&#8211; <a href=\"http:\/\/www.mapausecafe.net\/archive\/2013\/06\/24\/avoir-une-liste-europe-ecologie-les-vert-des-le-premier-tou.html\" target=\"_blank\">Mapausecaf\u00e9<\/a><a href=\"http:\/\/www.mapausecafe.net\/archive\/2013\/06\/24\/avoir-une-liste-europe-ecologie-les-vert-des-le-premier-tou.html\" target=\"_blank\">\u00a0<\/a><\/p>\n<\/div>\n<\/div>\n<!-- AddThis Advanced Settings generic via filter on the_content --><!-- AddThis Share Buttons generic via filter on the_content -->","protected":false},"excerpt":{"rendered":"<p>Apr\u00e8s les primaires UMP, le CLIC s\u2019int\u00e9resse \u00e0 la d\u00e9signation du candidat d\u2019EELV pour les municipales 2014 \u00e0 Lyon. Nous commen\u00e7ons nos entretiens avec Pierre &hellip; <!-- AddThis Advanced Settings generic via filter on wp_trim_excerpt --><!-- AddThis Share Buttons generic via filter on wp_trim_excerpt --><\/p>\n","protected":false},"author":1,"featured_media":341,"comment_status":"open","ping_status":"open","sticky":false,"template":"","format":"standard","meta":{"_FSMCFIC_featured_image_caption":"","_FSMCFIC_featured_image_nocaption":"","_FSMCFIC_featured_image_hide":"","footnotes":""},"categories":[4,7,6],"tags":[613,10,112,262,165],"class_list":["post-340","post","type-post","status-publish","format-standard","has-post-thumbnail","hentry","category-lyon","category-municipales2014","category-politique","tag-613","tag-lyon-2","tag-lyon-bondy-blog","tag-municipales","tag-politique-2"],"yoast_head":"<!-- This site is optimized with the Yoast SEO plugin v22.8 - https:\/\/yoast.com\/wordpress\/plugins\/seo\/ -->\n<title>\u00ab Une liste EELV d\u00e8s le 1er tour : une n\u00e9cessit\u00e9 d\u00e9mocratique \u00bb, Pierre H\u00e9mon - Lyon Bondy Blog<\/title>\n<meta name=\"robots\" content=\"index, follow, max-snippet:-1, max-image-preview:large, max-video-preview:-1\" \/>\n<link rel=\"canonical\" href=\"https:\/\/lyonbondyblog.fr\/LBB\/municipales-2014-avoir-une-liste-europe-ecologie-les-vert-des-le-premier-tour-est-une-necessite-democratique-interview-de-pierre-hemon\/\" \/>\n<meta property=\"og:locale\" content=\"fr_FR\" \/>\n<meta property=\"og:type\" content=\"article\" \/>\n<meta property=\"og:title\" content=\"\u00ab Une liste EELV d\u00e8s le 1er tour : une n\u00e9cessit\u00e9 d\u00e9mocratique \u00bb, Pierre H\u00e9mon - Lyon Bondy Blog\" \/>\n<meta property=\"og:description\" content=\"Apr\u00e8s les primaires UMP, le CLIC s\u2019int\u00e9resse \u00e0 la d\u00e9signation du candidat d\u2019EELV pour les municipales 2014 \u00e0 Lyon. Nous commen\u00e7ons nos entretiens avec Pierre &hellip;\" \/>\n<meta property=\"og:url\" content=\"https:\/\/lyonbondyblog.fr\/LBB\/municipales-2014-avoir-une-liste-europe-ecologie-les-vert-des-le-premier-tour-est-une-necessite-democratique-interview-de-pierre-hemon\/\" \/>\n<meta property=\"og:site_name\" content=\"Lyon Bondy Blog\" \/>\n<meta property=\"article:publisher\" content=\"https:\/\/www.facebook.com\/lyonbondyblog\" \/>\n<meta property=\"article:author\" content=\"https:\/\/www.facebook.com\/lyonbondyblog\" \/>\n<meta property=\"article:published_time\" content=\"2013-06-25T13:12:27+00:00\" \/>\n<meta property=\"article:modified_time\" content=\"2013-07-25T11:56:17+00:00\" \/>\n<meta property=\"og:image\" content=\"https:\/\/lyonbondyblog.fr\/LBB\/wp-content\/uploads\/2013\/07\/hemon2.jpg\" \/>\n\t<meta property=\"og:image:width\" content=\"499\" \/>\n\t<meta property=\"og:image:height\" content=\"249\" \/>\n\t<meta property=\"og:image:type\" content=\"image\/jpeg\" \/>\n<meta name=\"author\" content=\"La r\u00e9daction\" \/>\n<meta name=\"twitter:card\" content=\"summary_large_image\" \/>\n<meta name=\"twitter:creator\" content=\"@BondyBlogLyon\" \/>\n<meta name=\"twitter:site\" content=\"@bondybloglyon\" \/>\n<script type=\"application\/ld+json\" class=\"yoast-schema-graph\">{\"@context\":\"https:\/\/schema.org\",\"@graph\":[{\"@type\":\"Article\",\"@id\":\"https:\/\/lyonbondyblog.fr\/LBB\/municipales-2014-avoir-une-liste-europe-ecologie-les-vert-des-le-premier-tour-est-une-necessite-democratique-interview-de-pierre-hemon\/#article\",\"isPartOf\":{\"@id\":\"https:\/\/lyonbondyblog.fr\/LBB\/municipales-2014-avoir-une-liste-europe-ecologie-les-vert-des-le-premier-tour-est-une-necessite-democratique-interview-de-pierre-hemon\/\"},\"author\":{\"name\":\"La r\u00e9daction\",\"@id\":\"https:\/\/lyonbondyblog.fr\/LBB\/#\/schema\/person\/e45f8d27baac75072daa0be50c409b25\"},\"headline\":\"\u00ab Une liste EELV d\u00e8s le 1er tour : une n\u00e9cessit\u00e9 d\u00e9mocratique \u00bb, Pierre H\u00e9mon\",\"datePublished\":\"2013-06-25T13:12:27+00:00\",\"dateModified\":\"2013-07-25T11:56:17+00:00\",\"mainEntityOfPage\":{\"@id\":\"https:\/\/lyonbondyblog.fr\/LBB\/municipales-2014-avoir-une-liste-europe-ecologie-les-vert-des-le-premier-tour-est-une-necessite-democratique-interview-de-pierre-hemon\/\"},\"wordCount\":7853,\"commentCount\":0,\"publisher\":{\"@id\":\"https:\/\/lyonbondyblog.fr\/LBB\/#organization\"},\"image\":{\"@id\":\"https:\/\/lyonbondyblog.fr\/LBB\/municipales-2014-avoir-une-liste-europe-ecologie-les-vert-des-le-premier-tour-est-une-necessite-democratique-interview-de-pierre-hemon\/#primaryimage\"},\"thumbnailUrl\":\"https:\/\/lyonbondyblog.fr\/LBB\/wp-content\/uploads\/2013\/07\/hemon2.jpg\",\"keywords\":[\"1014\",\"lyon\",\"Lyon Bondy Blog\",\"municipales\",\"politique\"],\"articleSection\":[\"Lyon\",\"Municipales 2014\",\"Politique\"],\"inLanguage\":\"fr-FR\",\"potentialAction\":[{\"@type\":\"CommentAction\",\"name\":\"Comment\",\"target\":[\"https:\/\/lyonbondyblog.fr\/LBB\/municipales-2014-avoir-une-liste-europe-ecologie-les-vert-des-le-premier-tour-est-une-necessite-democratique-interview-de-pierre-hemon\/#respond\"]}]},{\"@type\":\"WebPage\",\"@id\":\"https:\/\/lyonbondyblog.fr\/LBB\/municipales-2014-avoir-une-liste-europe-ecologie-les-vert-des-le-premier-tour-est-une-necessite-democratique-interview-de-pierre-hemon\/\",\"url\":\"https:\/\/lyonbondyblog.fr\/LBB\/municipales-2014-avoir-une-liste-europe-ecologie-les-vert-des-le-premier-tour-est-une-necessite-democratique-interview-de-pierre-hemon\/\",\"name\":\"\u00ab Une liste EELV d\u00e8s le 1er tour : une n\u00e9cessit\u00e9 d\u00e9mocratique \u00bb, Pierre H\u00e9mon - Lyon Bondy Blog\",\"isPartOf\":{\"@id\":\"https:\/\/lyonbondyblog.fr\/LBB\/#website\"},\"primaryImageOfPage\":{\"@id\":\"https:\/\/lyonbondyblog.fr\/LBB\/municipales-2014-avoir-une-liste-europe-ecologie-les-vert-des-le-premier-tour-est-une-necessite-democratique-interview-de-pierre-hemon\/#primaryimage\"},\"image\":{\"@id\":\"https:\/\/lyonbondyblog.fr\/LBB\/municipales-2014-avoir-une-liste-europe-ecologie-les-vert-des-le-premier-tour-est-une-necessite-democratique-interview-de-pierre-hemon\/#primaryimage\"},\"thumbnailUrl\":\"https:\/\/lyonbondyblog.fr\/LBB\/wp-content\/uploads\/2013\/07\/hemon2.jpg\",\"datePublished\":\"2013-06-25T13:12:27+00:00\",\"dateModified\":\"2013-07-25T11:56:17+00:00\",\"inLanguage\":\"fr-FR\",\"potentialAction\":[{\"@type\":\"ReadAction\",\"target\":[\"https:\/\/lyonbondyblog.fr\/LBB\/municipales-2014-avoir-une-liste-europe-ecologie-les-vert-des-le-premier-tour-est-une-necessite-democratique-interview-de-pierre-hemon\/\"]}]},{\"@type\":\"ImageObject\",\"inLanguage\":\"fr-FR\",\"@id\":\"https:\/\/lyonbondyblog.fr\/LBB\/municipales-2014-avoir-une-liste-europe-ecologie-les-vert-des-le-premier-tour-est-une-necessite-democratique-interview-de-pierre-hemon\/#primaryimage\",\"url\":\"https:\/\/lyonbondyblog.fr\/LBB\/wp-content\/uploads\/2013\/07\/hemon2.jpg\",\"contentUrl\":\"https:\/\/lyonbondyblog.fr\/LBB\/wp-content\/uploads\/2013\/07\/hemon2.jpg\",\"width\":499,\"height\":249},{\"@type\":\"WebSite\",\"@id\":\"https:\/\/lyonbondyblog.fr\/LBB\/#website\",\"url\":\"https:\/\/lyonbondyblog.fr\/LBB\/\",\"name\":\"Lyon Bondy Blog\",\"description\":\"\",\"publisher\":{\"@id\":\"https:\/\/lyonbondyblog.fr\/LBB\/#organization\"},\"potentialAction\":[{\"@type\":\"SearchAction\",\"target\":{\"@type\":\"EntryPoint\",\"urlTemplate\":\"https:\/\/lyonbondyblog.fr\/LBB\/?s={search_term_string}\"},\"query-input\":\"required name=search_term_string\"}],\"inLanguage\":\"fr-FR\"},{\"@type\":\"Organization\",\"@id\":\"https:\/\/lyonbondyblog.fr\/LBB\/#organization\",\"name\":\"LYON BONDY BLOG\",\"url\":\"https:\/\/lyonbondyblog.fr\/LBB\/\",\"logo\":{\"@type\":\"ImageObject\",\"inLanguage\":\"fr-FR\",\"@id\":\"https:\/\/lyonbondyblog.fr\/LBB\/#\/schema\/logo\/image\/\",\"url\":\"http:\/\/lyonbondyblog.fr\/LBB\/wp-content\/uploads\/2014\/10\/logo-portable-144.png\",\"contentUrl\":\"http:\/\/lyonbondyblog.fr\/LBB\/wp-content\/uploads\/2014\/10\/logo-portable-144.png\",\"width\":144,\"height\":123,\"caption\":\"LYON BONDY BLOG\"},\"image\":{\"@id\":\"https:\/\/lyonbondyblog.fr\/LBB\/#\/schema\/logo\/image\/\"},\"sameAs\":[\"https:\/\/www.facebook.com\/lyonbondyblog\",\"https:\/\/x.com\/bondybloglyon\"]},{\"@type\":\"Person\",\"@id\":\"https:\/\/lyonbondyblog.fr\/LBB\/#\/schema\/person\/e45f8d27baac75072daa0be50c409b25\",\"name\":\"La r\u00e9daction\",\"description\":\"Cr\u00e9e en 2008, la r\u00e9daction du Lyon Bondy Blog s'applique \u00e0 proposer une information locale diff\u00e9rente et compl\u00e9mentaire des m\u00e9dias traditionnels.\",\"sameAs\":[\"https:\/\/www.facebook.com\/lyonbondyblog\",\"https:\/\/x.com\/BondyBlogLyon\"],\"url\":\"https:\/\/lyonbondyblog.fr\/LBB\/author\/admin\/\"}]}<\/script>\n<!-- \/ Yoast SEO plugin. -->","yoast_head_json":{"title":"\u00ab Une liste EELV d\u00e8s le 1er tour : une n\u00e9cessit\u00e9 d\u00e9mocratique \u00bb, Pierre H\u00e9mon - Lyon Bondy Blog","robots":{"index":"index","follow":"follow","max-snippet":"max-snippet:-1","max-image-preview":"max-image-preview:large","max-video-preview":"max-video-preview:-1"},"canonical":"https:\/\/lyonbondyblog.fr\/LBB\/municipales-2014-avoir-une-liste-europe-ecologie-les-vert-des-le-premier-tour-est-une-necessite-democratique-interview-de-pierre-hemon\/","og_locale":"fr_FR","og_type":"article","og_title":"\u00ab Une liste EELV d\u00e8s le 1er tour : une n\u00e9cessit\u00e9 d\u00e9mocratique \u00bb, Pierre H\u00e9mon - Lyon Bondy Blog","og_description":"Apr\u00e8s les primaires UMP, le CLIC s\u2019int\u00e9resse \u00e0 la d\u00e9signation du candidat d\u2019EELV pour les municipales 2014 \u00e0 Lyon. Nous commen\u00e7ons nos entretiens avec Pierre &hellip;","og_url":"https:\/\/lyonbondyblog.fr\/LBB\/municipales-2014-avoir-une-liste-europe-ecologie-les-vert-des-le-premier-tour-est-une-necessite-democratique-interview-de-pierre-hemon\/","og_site_name":"Lyon Bondy Blog","article_publisher":"https:\/\/www.facebook.com\/lyonbondyblog","article_author":"https:\/\/www.facebook.com\/lyonbondyblog","article_published_time":"2013-06-25T13:12:27+00:00","article_modified_time":"2013-07-25T11:56:17+00:00","og_image":[{"width":499,"height":249,"url":"https:\/\/lyonbondyblog.fr\/LBB\/wp-content\/uploads\/2013\/07\/hemon2.jpg","type":"image\/jpeg"}],"author":"La r\u00e9daction","twitter_card":"summary_large_image","twitter_creator":"@BondyBlogLyon","twitter_site":"@bondybloglyon","schema":{"@context":"https:\/\/schema.org","@graph":[{"@type":"Article","@id":"https:\/\/lyonbondyblog.fr\/LBB\/municipales-2014-avoir-une-liste-europe-ecologie-les-vert-des-le-premier-tour-est-une-necessite-democratique-interview-de-pierre-hemon\/#article","isPartOf":{"@id":"https:\/\/lyonbondyblog.fr\/LBB\/municipales-2014-avoir-une-liste-europe-ecologie-les-vert-des-le-premier-tour-est-une-necessite-democratique-interview-de-pierre-hemon\/"},"author":{"name":"La r\u00e9daction","@id":"https:\/\/lyonbondyblog.fr\/LBB\/#\/schema\/person\/e45f8d27baac75072daa0be50c409b25"},"headline":"\u00ab Une liste EELV d\u00e8s le 1er tour : une n\u00e9cessit\u00e9 d\u00e9mocratique \u00bb, Pierre H\u00e9mon","datePublished":"2013-06-25T13:12:27+00:00","dateModified":"2013-07-25T11:56:17+00:00","mainEntityOfPage":{"@id":"https:\/\/lyonbondyblog.fr\/LBB\/municipales-2014-avoir-une-liste-europe-ecologie-les-vert-des-le-premier-tour-est-une-necessite-democratique-interview-de-pierre-hemon\/"},"wordCount":7853,"commentCount":0,"publisher":{"@id":"https:\/\/lyonbondyblog.fr\/LBB\/#organization"},"image":{"@id":"https:\/\/lyonbondyblog.fr\/LBB\/municipales-2014-avoir-une-liste-europe-ecologie-les-vert-des-le-premier-tour-est-une-necessite-democratique-interview-de-pierre-hemon\/#primaryimage"},"thumbnailUrl":"https:\/\/lyonbondyblog.fr\/LBB\/wp-content\/uploads\/2013\/07\/hemon2.jpg","keywords":["1014","lyon","Lyon Bondy Blog","municipales","politique"],"articleSection":["Lyon","Municipales 2014","Politique"],"inLanguage":"fr-FR","potentialAction":[{"@type":"CommentAction","name":"Comment","target":["https:\/\/lyonbondyblog.fr\/LBB\/municipales-2014-avoir-une-liste-europe-ecologie-les-vert-des-le-premier-tour-est-une-necessite-democratique-interview-de-pierre-hemon\/#respond"]}]},{"@type":"WebPage","@id":"https:\/\/lyonbondyblog.fr\/LBB\/municipales-2014-avoir-une-liste-europe-ecologie-les-vert-des-le-premier-tour-est-une-necessite-democratique-interview-de-pierre-hemon\/","url":"https:\/\/lyonbondyblog.fr\/LBB\/municipales-2014-avoir-une-liste-europe-ecologie-les-vert-des-le-premier-tour-est-une-necessite-democratique-interview-de-pierre-hemon\/","name":"\u00ab Une liste EELV d\u00e8s le 1er tour : une n\u00e9cessit\u00e9 d\u00e9mocratique \u00bb, Pierre H\u00e9mon - Lyon Bondy Blog","isPartOf":{"@id":"https:\/\/lyonbondyblog.fr\/LBB\/#website"},"primaryImageOfPage":{"@id":"https:\/\/lyonbondyblog.fr\/LBB\/municipales-2014-avoir-une-liste-europe-ecologie-les-vert-des-le-premier-tour-est-une-necessite-democratique-interview-de-pierre-hemon\/#primaryimage"},"image":{"@id":"https:\/\/lyonbondyblog.fr\/LBB\/municipales-2014-avoir-une-liste-europe-ecologie-les-vert-des-le-premier-tour-est-une-necessite-democratique-interview-de-pierre-hemon\/#primaryimage"},"thumbnailUrl":"https:\/\/lyonbondyblog.fr\/LBB\/wp-content\/uploads\/2013\/07\/hemon2.jpg","datePublished":"2013-06-25T13:12:27+00:00","dateModified":"2013-07-25T11:56:17+00:00","inLanguage":"fr-FR","potentialAction":[{"@type":"ReadAction","target":["https:\/\/lyonbondyblog.fr\/LBB\/municipales-2014-avoir-une-liste-europe-ecologie-les-vert-des-le-premier-tour-est-une-necessite-democratique-interview-de-pierre-hemon\/"]}]},{"@type":"ImageObject","inLanguage":"fr-FR","@id":"https:\/\/lyonbondyblog.fr\/LBB\/municipales-2014-avoir-une-liste-europe-ecologie-les-vert-des-le-premier-tour-est-une-necessite-democratique-interview-de-pierre-hemon\/#primaryimage","url":"https:\/\/lyonbondyblog.fr\/LBB\/wp-content\/uploads\/2013\/07\/hemon2.jpg","contentUrl":"https:\/\/lyonbondyblog.fr\/LBB\/wp-content\/uploads\/2013\/07\/hemon2.jpg","width":499,"height":249},{"@type":"WebSite","@id":"https:\/\/lyonbondyblog.fr\/LBB\/#website","url":"https:\/\/lyonbondyblog.fr\/LBB\/","name":"Lyon Bondy Blog","description":"","publisher":{"@id":"https:\/\/lyonbondyblog.fr\/LBB\/#organization"},"potentialAction":[{"@type":"SearchAction","target":{"@type":"EntryPoint","urlTemplate":"https:\/\/lyonbondyblog.fr\/LBB\/?s={search_term_string}"},"query-input":"required name=search_term_string"}],"inLanguage":"fr-FR"},{"@type":"Organization","@id":"https:\/\/lyonbondyblog.fr\/LBB\/#organization","name":"LYON BONDY BLOG","url":"https:\/\/lyonbondyblog.fr\/LBB\/","logo":{"@type":"ImageObject","inLanguage":"fr-FR","@id":"https:\/\/lyonbondyblog.fr\/LBB\/#\/schema\/logo\/image\/","url":"http:\/\/lyonbondyblog.fr\/LBB\/wp-content\/uploads\/2014\/10\/logo-portable-144.png","contentUrl":"http:\/\/lyonbondyblog.fr\/LBB\/wp-content\/uploads\/2014\/10\/logo-portable-144.png","width":144,"height":123,"caption":"LYON BONDY BLOG"},"image":{"@id":"https:\/\/lyonbondyblog.fr\/LBB\/#\/schema\/logo\/image\/"},"sameAs":["https:\/\/www.facebook.com\/lyonbondyblog","https:\/\/x.com\/bondybloglyon"]},{"@type":"Person","@id":"https:\/\/lyonbondyblog.fr\/LBB\/#\/schema\/person\/e45f8d27baac75072daa0be50c409b25","name":"La r\u00e9daction","description":"Cr\u00e9e en 2008, la r\u00e9daction du Lyon Bondy Blog s'applique \u00e0 proposer une information locale diff\u00e9rente et compl\u00e9mentaire des m\u00e9dias traditionnels.","sameAs":["https:\/\/www.facebook.com\/lyonbondyblog","https:\/\/x.com\/BondyBlogLyon"],"url":"https:\/\/lyonbondyblog.fr\/LBB\/author\/admin\/"}]}},"_links":{"self":[{"href":"https:\/\/lyonbondyblog.fr\/LBB\/wp-json\/wp\/v2\/posts\/340","targetHints":{"allow":["GET"]}}],"collection":[{"href":"https:\/\/lyonbondyblog.fr\/LBB\/wp-json\/wp\/v2\/posts"}],"about":[{"href":"https:\/\/lyonbondyblog.fr\/LBB\/wp-json\/wp\/v2\/types\/post"}],"author":[{"embeddable":true,"href":"https:\/\/lyonbondyblog.fr\/LBB\/wp-json\/wp\/v2\/users\/1"}],"replies":[{"embeddable":true,"href":"https:\/\/lyonbondyblog.fr\/LBB\/wp-json\/wp\/v2\/comments?post=340"}],"version-history":[{"count":0,"href":"https:\/\/lyonbondyblog.fr\/LBB\/wp-json\/wp\/v2\/posts\/340\/revisions"}],"wp:featuredmedia":[{"embeddable":true,"href":"https:\/\/lyonbondyblog.fr\/LBB\/wp-json\/wp\/v2\/media\/341"}],"wp:attachment":[{"href":"https:\/\/lyonbondyblog.fr\/LBB\/wp-json\/wp\/v2\/media?parent=340"}],"wp:term":[{"taxonomy":"category","embeddable":true,"href":"https:\/\/lyonbondyblog.fr\/LBB\/wp-json\/wp\/v2\/categories?post=340"},{"taxonomy":"post_tag","embeddable":true,"href":"https:\/\/lyonbondyblog.fr\/LBB\/wp-json\/wp\/v2\/tags?post=340"}],"curies":[{"name":"wp","href":"https:\/\/api.w.org\/{rel}","templated":true}]}}