{"id":33997,"date":"2024-06-06T17:01:08","date_gmt":"2024-06-06T15:01:08","guid":{"rendered":"https:\/\/lyonbondyblog.fr\/LBB\/?p=33997"},"modified":"2024-06-06T17:25:00","modified_gmt":"2024-06-06T15:25:00","slug":"renaud-pfeffer-leurope-ne-doit-pas-accueillir-toute-la-misere-du-monde-ni-le-fanatisme-lextremisme-et-linsecurite","status":"publish","type":"post","link":"https:\/\/lyonbondyblog.fr\/LBB\/renaud-pfeffer-leurope-ne-doit-pas-accueillir-toute-la-misere-du-monde-ni-le-fanatisme-lextremisme-et-linsecurite\/","title":{"rendered":"Renaud Pfeffer : \u201cL&rsquo;Europe ne doit pas accueillir toute la mis\u00e8re du monde, ni le fanatisme, l&rsquo;extr\u00e9misme et l&rsquo;ins\u00e9curit\u00e9\u201d \u00a0"},"content":{"rendered":"\n<p><strong>La liste \u00ab\u00a0Ma\u00eetriser notre destin\u00a0\u00bb, est dirig\u00e9e par Fran\u00e7ois-Xavier Bellamy, qui appartient au parti Les R\u00e9publicains et qui a si\u00e9g\u00e9 au Parlement europ\u00e9en au sein du Groupe du Parti populaire europ\u00e9en. Renaud Pfeffer, lui occupe la 69e place sur cette liste, il est \u00e9galement membre des R\u00e9publicains, <strong>vice-pr\u00e9sident d\u00e9l\u00e9gu\u00e9 \u00e0 la s\u00e9curit\u00e9 au sein de la r\u00e9gion Auvergne Rh\u00f4ne-Alpes <\/strong>\u00a0et maire de Mornant. Ce candidat pr\u00e9sente un projet europ\u00e9en visant \u00e0 refonder la droite, \u00e0 offrir une alternative \u00e0 la majorit\u00e9 pr\u00e9sidentielle et aux extr\u00eames. <\/strong>\u00a0<\/p>\n\n\n\n<p><strong>Lyon Bondy Blog<\/strong> : Cette ann\u00e9e, il y aura au moins<a href=\"https:\/\/www.touteleurope.eu\/institutions\/elections-europeennes-2024-pres-de-360-millions-de-personnes-sont-appelees-a-voter-au-mois-de-juin\/\" target=\"_blank\" rel=\"noreferrer noopener\"> 21 millions de primo-votants<\/a> au total pour ces \u00e9lections europ\u00e9ennes, dont 9 % en France sur l\u2019ensemble de son corps \u00e9lectoral, comment vous proc\u00e9dez pour attirer cet \u00e9lectorat jeune \u00e0 voter pour votre liste ?&nbsp;&nbsp;&nbsp;&nbsp;&nbsp;&nbsp;<\/p>\n\n\n\n<p><strong>Renaud PFEFFER <\/strong>: L&rsquo;objectif est de permettre \u00e0 chacun de s&rsquo;approprier la question europ\u00e9enne. Sans n\u00e9gliger les pr\u00e9occupations quotidiennes et les enjeux nationaux, il s&rsquo;agit de prendre du recul et de partager les questions europ\u00e9ennes avec un discours clair, compr\u00e9hensible, porteur de valeurs et de convictions. L&rsquo;id\u00e9e est d&rsquo;associer les citoyens, en particulier les jeunes, \u00e0 notre destin commun.&nbsp;<\/p>\n\n\n\n<p><strong>L.B.B : <\/strong>Pourquoi, selon vous, la France affiche un niveau d&rsquo;euroscepticisme plus \u00e9lev\u00e9 par rapport aux autres membres de l&rsquo;Union europ\u00e9enne, soit 34 %, comme le r\u00e9v\u00e8le la derni\u00e8re<a href=\"https:\/\/www.lemonde.fr\/politique\/live\/2024\/05\/23\/en-direct-europeennes-2024-suivez-le-debat-entre-gabriel-attal-et-jordan-bardella_6234985_823448.html\" target=\"_blank\" rel=\"noreferrer noopener\"> enqu\u00eate Eurobarom\u00e8tre<\/a>. Alors que des pays comme le Portugal, l&rsquo;Irlande et le Danemark montrent une perception beaucoup plus optimiste de l&rsquo;UE.&nbsp;<br>&nbsp;<\/p>\n\n\n\n<p><strong>R.P : <\/strong>Je pense que nos dirigeants et en particulier le gouvernement actuel, d\u00e9tournent l&rsquo;attention de leurs propres \u00e9checs et de leur incapacit\u00e9 \u00e0 agir en bl\u00e2mant l&rsquo;Europe, qu&rsquo;ils utilisent comme bouc \u00e9missaire. &nbsp;<\/p>\n\n\n\n<p><strong>L.B.B : <\/strong>Lors des \u00e9lections europ\u00e9ennes de 2019, le taux d&rsquo;abstention \u00e0 Vaulx-en-Velin \u00e9tait de<a href=\"https:\/\/www.ouest-france.fr\/elections\/resultats\/rhone\/vaulx-en-velin-69120\/\" target=\"_blank\" rel=\"noreferrer noopener\"> 73,28 %<\/a> parmi les 16\u202f705 inscrits. Comment proc\u00e9dez-vous pour lutter contre l&rsquo;abstention et pour convaincre les habitants des quartiers populaires \u00e0 voter pour vous ? &nbsp;<\/p>\n\n\n\n<p><strong>R.P :<\/strong> Seuls, nous ne pouvons rien accomplir. Notre r\u00f4le est de travailler sur le terrain, de militer et de promouvoir nos id\u00e9es et convictions. Cependant, pourquoi y a-t-il autant d&rsquo;abstentions ? Aujourd&rsquo;hui, bien que je n&rsquo;aie rien contre les journalistes, la m\u00e9diatisation et la mani\u00e8re dont l&rsquo;\u00e9lection europ\u00e9enne est pr\u00e9sent\u00e9e dans les m\u00e9dias n&rsquo;incitent pas les gens \u00e0 aller voter. &nbsp;<\/p>\n\n\n\n<p><strong>L.B.B : <\/strong>Quelles sont quelques-unes de vos mesures qui pourraient convaincre les quartiers populaires \u00e0 voter pour vous ?&nbsp;<\/p>\n\n\n\n<p><strong>R.P : <\/strong>Je pense que la plupart des habitants des quartiers populaires ont perdu confiance en la politique et l&rsquo;espoir en un avenir meilleur. Notre r\u00f4le est de leur d\u00e9montrer que, par des d\u00e9cisions courageuses et une politique ambitieuse sur des sujets cl\u00e9s comme la s\u00e9curit\u00e9, la sant\u00e9 et le pouvoir d&rsquo;achat, un avenir meilleur leur est accessible. &nbsp;<\/p>\n\n\n\n<p><strong>L.B.B :<\/strong> Que pr\u00e9voit votre programme europ\u00e9en concernant le pouvoir d&rsquo;achat ? Sachant qu&rsquo;il s&rsquo;agit de la principale pr\u00e9occupation des \u00e9lecteurs fran\u00e7ais repr\u00e9sentant<a href=\"https:\/\/www.ifop.com\/publication\/les-francais-et-lelection-europeenne-les-enjeux-determinant-le-vote\/\" target=\"_blank\" rel=\"noreferrer noopener\"> 57 %<\/a> dans le sondage Ifop Fiducial. &nbsp;<\/p>\n\n\n\n<p><strong>R.P :<\/strong> La premi\u00e8re \u00e9tape pour sortir notre pays du marasme \u00e9conomique et social est de retrouver notre souverainet\u00e9 alimentaire, sanitaire et industrielle. En abandonnant les politiques qui nous m\u00e8nent dans l&rsquo;impasse et en pla\u00e7ant les citoyens au c\u0153ur de notre projet, nous pourrons am\u00e9liorer le pouvoir d&rsquo;achat. Par exemple, la perte de notre souverainet\u00e9 \u00e9nerg\u00e9tique suite \u00e0 la fermeture des centrales nucl\u00e9aires a imm\u00e9diatement augment\u00e9 les factures d&rsquo;\u00e9nergie. De m\u00eame, des r\u00e9glementations agricoles nationales plus strictes que celles europ\u00e9ennes ont rendu la nourriture plus co\u00fbteuse. Revenir \u00e0 une production locale et r\u00e9industrialiser le pays aura des effets positifs sur l&rsquo;environnement, l&#8217;emploi et l&rsquo;\u00e9conomie.&nbsp;<\/p>\n\n\n\n<p>Je suis convaincu que r\u00e9duire les normes et les charges pesant sur les entreprises, les agriculteurs et les citoyens est essentiel pour augmenter le pouvoir d&rsquo;achat. Actuellement, ces r\u00e8gles affectent directement notre comp\u00e9titivit\u00e9 et notre pouvoir d&rsquo;achat. &nbsp;<\/p>\n\n\n\n<p><strong>L.B.B : <\/strong>Selon le m\u00eame sondage que la question pr\u00e9c\u00e9dente ce serait l\u2019immigration qui arrive en deuxi\u00e8me position vis-\u00e0-vis des pr\u00e9occupations des Fran\u00e7ais pour ces \u00e9lections europ\u00e9ennes \u00e0 <a href=\"https:\/\/www.ifop.com\/publication\/les-francais-et-lelection-europeenne-les-enjeux-determinant-le-vote\/\" target=\"_blank\" rel=\"noreferrer noopener\">38%<\/a>, quel est votre plan europ\u00e9en \u00e0 ce sujet&nbsp;? &nbsp;<\/p>\n\n\n\n<p><strong>R.P :<\/strong> Je pense que toute entit\u00e9 constitu\u00e9e doit avoir des fronti\u00e8res et l&rsquo;Europe doit pouvoir choisir son immigration. Devons-nous subir l&rsquo;immigration ou la choisir ? Cela implique de remplir notre devoir humanitaire tout en reconnaissant que nous ne pouvons pas accueillir toute la mis\u00e8re du monde en ouvrant nos portes \u00e0 tous. Il est n\u00e9cessaire de mettre un stop \u00e0 l&rsquo;immigration. De plus, les citoyens \u00e9tablissent un lien entre immigration et dette sociale, immigration et ins\u00e9curit\u00e9. Nous devons reprendre notre destin en main, d&rsquo;autant plus que les migrations vont s&rsquo;accentuer en raison de la croissance d\u00e9mographique mondiale, des crises climatiques et des conflits g\u00e9opolitiques. L&rsquo;Europe ne doit pas accueillir toute la mis\u00e8re du monde, ni le fanatisme, l&rsquo;extr\u00e9misme et l&rsquo;ins\u00e9curit\u00e9 qui peuvent l&rsquo;accompagner. &nbsp;<\/p>\n\n\n\n<p><strong>L.B.B :<\/strong> Le 6 f\u00e9vrier dernier, la Commission europ\u00e9enne a propos\u00e9 un nouvel objectif pour 2040, qui est de r\u00e9duire de<a href=\"https:\/\/commission.europa.eu\/news\/recommendation-2040-target-reach-climate-neutrality-2050-2024-02-06_fr\" target=\"_blank\" rel=\"noreferrer noopener\"> 90 %<\/a> les \u00e9missions de gaz \u00e0 effet de serre. Que pensez-vous de ce projet et comment cela est-il possible d&rsquo;apr\u00e8s vous ?&nbsp;&nbsp;<\/p>\n\n\n\n<p><strong>R.P : <\/strong>Je pense qu&rsquo;il est essentiel de r\u00e9duire notre impact sur l&rsquo;environnement et de pr\u00e9server la plan\u00e8te. En France, nous avons l&rsquo;\u00e9conomie et l&rsquo;agriculture les plus vertes du monde. Plut\u00f4t que de nous imposer des contraintes excessives et de suivre une \u00e9cologie punitive, nous devons adopter une \u00e9cologie de l&rsquo;innovation, du progr\u00e8s, de la production et de la cr\u00e9ation de valeur. En somme, face \u00e0 l&rsquo;\u00e9cologie punitive, nous avons besoin d&rsquo;un mod\u00e8le d&rsquo;\u00e9cologie positive. &nbsp;<\/p>\n\n\n\n<p><strong>L.B.B :<\/strong> Selon le dernier sondage Toluna Harris Interactive pour RTL, M6 et Challenges, votre liste est cr\u00e9dit\u00e9e de <a href=\"https:\/\/www.rtl.fr\/actu\/international\/info-rtl-europeennes-bardella-toujours-en-tete-aubry-se-rapproche-des-10-selon-notre-sondage-7900391177\" target=\"_blank\" rel=\"noreferrer noopener\">7,5 %<\/a> des intentions de vote. \u00cates-vous confiant quant \u00e0 votre capacit\u00e9 \u00e0 maintenir ce pourcentage pour r\u00e9ussir \u00e0 rester au-dessus du seuil de 5 %, n\u00e9cessaire pour obtenir des si\u00e8ges au Parlement europ\u00e9en ? &nbsp;<\/p>\n\n\n\n<p><strong>R.P : <\/strong>On nous a impos\u00e9 m\u00e9diatiquement un d\u00e9bat entre Macron et Le Pen. Le fait que le Premier ministre intervienne sur un plateau et que le pr\u00e9sident convoque toutes les r\u00e9dactions du pays \u00e0 deux jours de l&rsquo;\u00e9lection me semble tr\u00e8s malsain d&rsquo;un point de vue d\u00e9mocratique. Je suis convaincu que la France, en tant que pays d\u00e9mocratique, conna\u00eetra l&rsquo;alternance. Cette alternance ne peut pas \u00eatre repr\u00e9sent\u00e9e uniquement par Macron ou les extr\u00eames. Cette \u00e9lection europ\u00e9enne doit nous permettre de pr\u00e9senter une ligne claire, s\u00e9rieuse et porteuse d&rsquo;espoir. Elle doit cr\u00e9er un nouvel \u00e9lan pour refonder la droite en France et proposer une v\u00e9ritable alternative \u00e0 la politique macroniste, qui n&rsquo;a engendr\u00e9 que plus d&rsquo;ins\u00e9curit\u00e9, de dettes et de mis\u00e8re.&nbsp;<\/p>\n<!-- AddThis Advanced Settings generic via filter on the_content --><!-- AddThis Share Buttons generic via filter on the_content -->","protected":false},"excerpt":{"rendered":"<p>La liste \u00ab\u00a0Ma\u00eetriser notre destin\u00a0\u00bb, est dirig\u00e9e par Fran\u00e7ois-Xavier Bellamy, qui appartient au parti Les R\u00e9publicains et qui a si\u00e9g\u00e9 au Parlement europ\u00e9en au sein &hellip; <!-- AddThis Advanced Settings generic via filter on wp_trim_excerpt --><!-- AddThis Share Buttons generic via filter on wp_trim_excerpt --><\/p>\n","protected":false},"author":31888,"featured_media":33998,"comment_status":"open","ping_status":"open","sticky":true,"template":"","format":"standard","meta":{"_FSMCFIC_featured_image_caption":"","_FSMCFIC_featured_image_nocaption":"","_FSMCFIC_featured_image_hide":"","footnotes":""},"categories":[28344,6],"tags":[28385,45,28420,135,2757,10,112,28419,165,28421,635],"class_list":["post-33997","post","type-post","status-publish","format-standard","has-post-thumbnail","hentry","category-europeennes-2024","category-politique","tag-elections-europeennes-2024","tag-europe","tag-francois-xavier-bellamy","tag-lbb","tag-les-republicains","tag-lyon-2","tag-lyon-bondy-blog","tag-maitriser-notre-destin","tag-politique-2","tag-renaud-pfeffer","tag-vaulx-en-velin"],"yoast_head":"<!-- This site is optimized with the Yoast SEO plugin v22.8 - https:\/\/yoast.com\/wordpress\/plugins\/seo\/ -->\n<title>Renaud Pfeffer : \u201cL&#039;Europe ne doit pas accueillir toute la mis\u00e8re du monde, ni le fanatisme, l&#039;extr\u00e9misme et l&#039;ins\u00e9curit\u00e9\u201d \u00a0<\/title>\n<meta name=\"description\" content=\"La liste &quot;Ma\u00eetriser notre destin&quot;, dirig\u00e9e par Fran\u00e7ois-Xavier Bellamy, appartient au parti Les R\u00e9publicains et il a si\u00e9g\u00e9 au Parlement europ\u00e9en au sein du Groupe du Parti populaire europ\u00e9en. Renaud Pfeffer, qui occupe la 69e place sur cette liste, est \u00e9galement membre des R\u00e9publicains, vice-pr\u00e9sident du conseil r\u00e9gional d&#039;Auvergne-Rh\u00f4ne-Alpes et maire de Mornant. Ce candidat pr\u00e9sente un projet europ\u00e9en visant \u00e0 refonder la droite, \u00e0 offrir une alternative \u00e0 la majorit\u00e9 pr\u00e9sidentielle et aux extr\u00eames. \u00a0\" \/>\n<meta name=\"robots\" content=\"index, follow, max-snippet:-1, max-image-preview:large, max-video-preview:-1\" \/>\n<link rel=\"canonical\" href=\"https:\/\/lyonbondyblog.fr\/LBB\/renaud-pfeffer-leurope-ne-doit-pas-accueillir-toute-la-misere-du-monde-ni-le-fanatisme-lextremisme-et-linsecurite\/\" \/>\n<meta property=\"og:locale\" content=\"fr_FR\" \/>\n<meta property=\"og:type\" content=\"article\" \/>\n<meta property=\"og:title\" content=\"Renaud Pfeffer : \u201cL&#039;Europe ne doit pas accueillir toute la mis\u00e8re du monde, ni le fanatisme, l&#039;extr\u00e9misme et l&#039;ins\u00e9curit\u00e9\u201d \u00a0\" \/>\n<meta property=\"og:description\" content=\"La liste &quot;Ma\u00eetriser notre destin&quot;, dirig\u00e9e par Fran\u00e7ois-Xavier Bellamy, appartient au parti Les R\u00e9publicains et il a si\u00e9g\u00e9 au Parlement europ\u00e9en au sein du Groupe du Parti populaire europ\u00e9en. Renaud Pfeffer, qui occupe la 69e place sur cette liste, est \u00e9galement membre des R\u00e9publicains, vice-pr\u00e9sident du conseil r\u00e9gional d&#039;Auvergne-Rh\u00f4ne-Alpes et maire de Mornant. Ce candidat pr\u00e9sente un projet europ\u00e9en visant \u00e0 refonder la droite, \u00e0 offrir une alternative \u00e0 la majorit\u00e9 pr\u00e9sidentielle et aux extr\u00eames. \u00a0\" \/>\n<meta property=\"og:url\" content=\"https:\/\/lyonbondyblog.fr\/LBB\/renaud-pfeffer-leurope-ne-doit-pas-accueillir-toute-la-misere-du-monde-ni-le-fanatisme-lextremisme-et-linsecurite\/\" \/>\n<meta property=\"og:site_name\" content=\"Lyon Bondy Blog\" \/>\n<meta property=\"article:publisher\" content=\"https:\/\/www.facebook.com\/lyonbondyblog\" \/>\n<meta property=\"article:published_time\" content=\"2024-06-06T15:01:08+00:00\" \/>\n<meta property=\"article:modified_time\" content=\"2024-06-06T15:25:00+00:00\" \/>\n<meta property=\"og:image\" content=\"https:\/\/lyonbondyblog.fr\/LBB\/wp-content\/uploads\/2024\/06\/renaud-pfeffer.jpg\" \/>\n\t<meta property=\"og:image:width\" content=\"439\" \/>\n\t<meta property=\"og:image:height\" content=\"617\" \/>\n\t<meta property=\"og:image:type\" content=\"image\/jpeg\" \/>\n<meta name=\"author\" content=\"Amelie Carapito\" \/>\n<meta name=\"twitter:card\" content=\"summary_large_image\" \/>\n<meta name=\"twitter:creator\" content=\"@bondybloglyon\" \/>\n<meta name=\"twitter:site\" content=\"@bondybloglyon\" \/>\n<script type=\"application\/ld+json\" class=\"yoast-schema-graph\">{\"@context\":\"https:\/\/schema.org\",\"@graph\":[{\"@type\":\"Article\",\"@id\":\"https:\/\/lyonbondyblog.fr\/LBB\/renaud-pfeffer-leurope-ne-doit-pas-accueillir-toute-la-misere-du-monde-ni-le-fanatisme-lextremisme-et-linsecurite\/#article\",\"isPartOf\":{\"@id\":\"https:\/\/lyonbondyblog.fr\/LBB\/renaud-pfeffer-leurope-ne-doit-pas-accueillir-toute-la-misere-du-monde-ni-le-fanatisme-lextremisme-et-linsecurite\/\"},\"author\":{\"name\":\"Amelie Carapito\",\"@id\":\"https:\/\/lyonbondyblog.fr\/LBB\/#\/schema\/person\/12de45960cc2ddd6b64f0257caa1e030\"},\"headline\":\"Renaud Pfeffer : \u201cL&rsquo;Europe ne doit pas accueillir toute la mis\u00e8re du monde, ni le fanatisme, l&rsquo;extr\u00e9misme et l&rsquo;ins\u00e9curit\u00e9\u201d \u00a0\",\"datePublished\":\"2024-06-06T15:01:08+00:00\",\"dateModified\":\"2024-06-06T15:25:00+00:00\",\"mainEntityOfPage\":{\"@id\":\"https:\/\/lyonbondyblog.fr\/LBB\/renaud-pfeffer-leurope-ne-doit-pas-accueillir-toute-la-misere-du-monde-ni-le-fanatisme-lextremisme-et-linsecurite\/\"},\"wordCount\":1209,\"commentCount\":0,\"publisher\":{\"@id\":\"https:\/\/lyonbondyblog.fr\/LBB\/#organization\"},\"image\":{\"@id\":\"https:\/\/lyonbondyblog.fr\/LBB\/renaud-pfeffer-leurope-ne-doit-pas-accueillir-toute-la-misere-du-monde-ni-le-fanatisme-lextremisme-et-linsecurite\/#primaryimage\"},\"thumbnailUrl\":\"https:\/\/lyonbondyblog.fr\/LBB\/wp-content\/uploads\/2024\/06\/renaud-pfeffer.jpg\",\"keywords\":[\"Elections europ\u00e9ennes 2024\",\"europe\",\"Fran\u00e7ois-Xavier Bellamy\",\"LBB\",\"les r\u00e9publicains\",\"lyon\",\"Lyon Bondy Blog\",\"Ma\u00eetriser notre destin\",\"politique\",\"Renaud Pfeffer\",\"Vaulx-en-Velin\"],\"articleSection\":[\"Europ\u00e9ennes 2024\",\"Politique\"],\"inLanguage\":\"fr-FR\",\"potentialAction\":[{\"@type\":\"CommentAction\",\"name\":\"Comment\",\"target\":[\"https:\/\/lyonbondyblog.fr\/LBB\/renaud-pfeffer-leurope-ne-doit-pas-accueillir-toute-la-misere-du-monde-ni-le-fanatisme-lextremisme-et-linsecurite\/#respond\"]}]},{\"@type\":\"WebPage\",\"@id\":\"https:\/\/lyonbondyblog.fr\/LBB\/renaud-pfeffer-leurope-ne-doit-pas-accueillir-toute-la-misere-du-monde-ni-le-fanatisme-lextremisme-et-linsecurite\/\",\"url\":\"https:\/\/lyonbondyblog.fr\/LBB\/renaud-pfeffer-leurope-ne-doit-pas-accueillir-toute-la-misere-du-monde-ni-le-fanatisme-lextremisme-et-linsecurite\/\",\"name\":\"Renaud Pfeffer : \u201cL'Europe ne doit pas accueillir toute la mis\u00e8re du monde, ni le fanatisme, l'extr\u00e9misme et l'ins\u00e9curit\u00e9\u201d \u00a0\",\"isPartOf\":{\"@id\":\"https:\/\/lyonbondyblog.fr\/LBB\/#website\"},\"primaryImageOfPage\":{\"@id\":\"https:\/\/lyonbondyblog.fr\/LBB\/renaud-pfeffer-leurope-ne-doit-pas-accueillir-toute-la-misere-du-monde-ni-le-fanatisme-lextremisme-et-linsecurite\/#primaryimage\"},\"image\":{\"@id\":\"https:\/\/lyonbondyblog.fr\/LBB\/renaud-pfeffer-leurope-ne-doit-pas-accueillir-toute-la-misere-du-monde-ni-le-fanatisme-lextremisme-et-linsecurite\/#primaryimage\"},\"thumbnailUrl\":\"https:\/\/lyonbondyblog.fr\/LBB\/wp-content\/uploads\/2024\/06\/renaud-pfeffer.jpg\",\"datePublished\":\"2024-06-06T15:01:08+00:00\",\"dateModified\":\"2024-06-06T15:25:00+00:00\",\"description\":\"La liste \\\"Ma\u00eetriser notre destin\\\", dirig\u00e9e par Fran\u00e7ois-Xavier Bellamy, appartient au parti Les R\u00e9publicains et il a si\u00e9g\u00e9 au Parlement europ\u00e9en au sein du Groupe du Parti populaire europ\u00e9en. Renaud Pfeffer, qui occupe la 69e place sur cette liste, est \u00e9galement membre des R\u00e9publicains, vice-pr\u00e9sident du conseil r\u00e9gional d'Auvergne-Rh\u00f4ne-Alpes et maire de Mornant. Ce candidat pr\u00e9sente un projet europ\u00e9en visant \u00e0 refonder la droite, \u00e0 offrir une alternative \u00e0 la majorit\u00e9 pr\u00e9sidentielle et aux extr\u00eames. \u00a0\",\"inLanguage\":\"fr-FR\",\"potentialAction\":[{\"@type\":\"ReadAction\",\"target\":[\"https:\/\/lyonbondyblog.fr\/LBB\/renaud-pfeffer-leurope-ne-doit-pas-accueillir-toute-la-misere-du-monde-ni-le-fanatisme-lextremisme-et-linsecurite\/\"]}]},{\"@type\":\"ImageObject\",\"inLanguage\":\"fr-FR\",\"@id\":\"https:\/\/lyonbondyblog.fr\/LBB\/renaud-pfeffer-leurope-ne-doit-pas-accueillir-toute-la-misere-du-monde-ni-le-fanatisme-lextremisme-et-linsecurite\/#primaryimage\",\"url\":\"https:\/\/lyonbondyblog.fr\/LBB\/wp-content\/uploads\/2024\/06\/renaud-pfeffer.jpg\",\"contentUrl\":\"https:\/\/lyonbondyblog.fr\/LBB\/wp-content\/uploads\/2024\/06\/renaud-pfeffer.jpg\",\"width\":439,\"height\":617},{\"@type\":\"WebSite\",\"@id\":\"https:\/\/lyonbondyblog.fr\/LBB\/#website\",\"url\":\"https:\/\/lyonbondyblog.fr\/LBB\/\",\"name\":\"Lyon Bondy Blog\",\"description\":\"\",\"publisher\":{\"@id\":\"https:\/\/lyonbondyblog.fr\/LBB\/#organization\"},\"potentialAction\":[{\"@type\":\"SearchAction\",\"target\":{\"@type\":\"EntryPoint\",\"urlTemplate\":\"https:\/\/lyonbondyblog.fr\/LBB\/?s={search_term_string}\"},\"query-input\":\"required name=search_term_string\"}],\"inLanguage\":\"fr-FR\"},{\"@type\":\"Organization\",\"@id\":\"https:\/\/lyonbondyblog.fr\/LBB\/#organization\",\"name\":\"LYON BONDY BLOG\",\"url\":\"https:\/\/lyonbondyblog.fr\/LBB\/\",\"logo\":{\"@type\":\"ImageObject\",\"inLanguage\":\"fr-FR\",\"@id\":\"https:\/\/lyonbondyblog.fr\/LBB\/#\/schema\/logo\/image\/\",\"url\":\"http:\/\/lyonbondyblog.fr\/LBB\/wp-content\/uploads\/2014\/10\/logo-portable-144.png\",\"contentUrl\":\"http:\/\/lyonbondyblog.fr\/LBB\/wp-content\/uploads\/2014\/10\/logo-portable-144.png\",\"width\":144,\"height\":123,\"caption\":\"LYON BONDY BLOG\"},\"image\":{\"@id\":\"https:\/\/lyonbondyblog.fr\/LBB\/#\/schema\/logo\/image\/\"},\"sameAs\":[\"https:\/\/www.facebook.com\/lyonbondyblog\",\"https:\/\/x.com\/bondybloglyon\"]},{\"@type\":\"Person\",\"@id\":\"https:\/\/lyonbondyblog.fr\/LBB\/#\/schema\/person\/12de45960cc2ddd6b64f0257caa1e030\",\"name\":\"Amelie Carapito\",\"url\":\"https:\/\/lyonbondyblog.fr\/LBB\/author\/ameliecarapito140gmail\/\"}]}<\/script>\n<!-- \/ Yoast SEO plugin. -->","yoast_head_json":{"title":"Renaud Pfeffer : \u201cL'Europe ne doit pas accueillir toute la mis\u00e8re du monde, ni le fanatisme, l'extr\u00e9misme et l'ins\u00e9curit\u00e9\u201d \u00a0","description":"La liste \"Ma\u00eetriser notre destin\", dirig\u00e9e par Fran\u00e7ois-Xavier Bellamy, appartient au parti Les R\u00e9publicains et il a si\u00e9g\u00e9 au Parlement europ\u00e9en au sein du Groupe du Parti populaire europ\u00e9en. Renaud Pfeffer, qui occupe la 69e place sur cette liste, est \u00e9galement membre des R\u00e9publicains, vice-pr\u00e9sident du conseil r\u00e9gional d'Auvergne-Rh\u00f4ne-Alpes et maire de Mornant. Ce candidat pr\u00e9sente un projet europ\u00e9en visant \u00e0 refonder la droite, \u00e0 offrir une alternative \u00e0 la majorit\u00e9 pr\u00e9sidentielle et aux extr\u00eames. \u00a0","robots":{"index":"index","follow":"follow","max-snippet":"max-snippet:-1","max-image-preview":"max-image-preview:large","max-video-preview":"max-video-preview:-1"},"canonical":"https:\/\/lyonbondyblog.fr\/LBB\/renaud-pfeffer-leurope-ne-doit-pas-accueillir-toute-la-misere-du-monde-ni-le-fanatisme-lextremisme-et-linsecurite\/","og_locale":"fr_FR","og_type":"article","og_title":"Renaud Pfeffer : \u201cL'Europe ne doit pas accueillir toute la mis\u00e8re du monde, ni le fanatisme, l'extr\u00e9misme et l'ins\u00e9curit\u00e9\u201d \u00a0","og_description":"La liste \"Ma\u00eetriser notre destin\", dirig\u00e9e par Fran\u00e7ois-Xavier Bellamy, appartient au parti Les R\u00e9publicains et il a si\u00e9g\u00e9 au Parlement europ\u00e9en au sein du Groupe du Parti populaire europ\u00e9en. Renaud Pfeffer, qui occupe la 69e place sur cette liste, est \u00e9galement membre des R\u00e9publicains, vice-pr\u00e9sident du conseil r\u00e9gional d'Auvergne-Rh\u00f4ne-Alpes et maire de Mornant. Ce candidat pr\u00e9sente un projet europ\u00e9en visant \u00e0 refonder la droite, \u00e0 offrir une alternative \u00e0 la majorit\u00e9 pr\u00e9sidentielle et aux extr\u00eames. \u00a0","og_url":"https:\/\/lyonbondyblog.fr\/LBB\/renaud-pfeffer-leurope-ne-doit-pas-accueillir-toute-la-misere-du-monde-ni-le-fanatisme-lextremisme-et-linsecurite\/","og_site_name":"Lyon Bondy Blog","article_publisher":"https:\/\/www.facebook.com\/lyonbondyblog","article_published_time":"2024-06-06T15:01:08+00:00","article_modified_time":"2024-06-06T15:25:00+00:00","og_image":[{"width":439,"height":617,"url":"https:\/\/lyonbondyblog.fr\/LBB\/wp-content\/uploads\/2024\/06\/renaud-pfeffer.jpg","type":"image\/jpeg"}],"author":"Amelie Carapito","twitter_card":"summary_large_image","twitter_creator":"@bondybloglyon","twitter_site":"@bondybloglyon","schema":{"@context":"https:\/\/schema.org","@graph":[{"@type":"Article","@id":"https:\/\/lyonbondyblog.fr\/LBB\/renaud-pfeffer-leurope-ne-doit-pas-accueillir-toute-la-misere-du-monde-ni-le-fanatisme-lextremisme-et-linsecurite\/#article","isPartOf":{"@id":"https:\/\/lyonbondyblog.fr\/LBB\/renaud-pfeffer-leurope-ne-doit-pas-accueillir-toute-la-misere-du-monde-ni-le-fanatisme-lextremisme-et-linsecurite\/"},"author":{"name":"Amelie Carapito","@id":"https:\/\/lyonbondyblog.fr\/LBB\/#\/schema\/person\/12de45960cc2ddd6b64f0257caa1e030"},"headline":"Renaud Pfeffer : \u201cL&rsquo;Europe ne doit pas accueillir toute la mis\u00e8re du monde, ni le fanatisme, l&rsquo;extr\u00e9misme et l&rsquo;ins\u00e9curit\u00e9\u201d \u00a0","datePublished":"2024-06-06T15:01:08+00:00","dateModified":"2024-06-06T15:25:00+00:00","mainEntityOfPage":{"@id":"https:\/\/lyonbondyblog.fr\/LBB\/renaud-pfeffer-leurope-ne-doit-pas-accueillir-toute-la-misere-du-monde-ni-le-fanatisme-lextremisme-et-linsecurite\/"},"wordCount":1209,"commentCount":0,"publisher":{"@id":"https:\/\/lyonbondyblog.fr\/LBB\/#organization"},"image":{"@id":"https:\/\/lyonbondyblog.fr\/LBB\/renaud-pfeffer-leurope-ne-doit-pas-accueillir-toute-la-misere-du-monde-ni-le-fanatisme-lextremisme-et-linsecurite\/#primaryimage"},"thumbnailUrl":"https:\/\/lyonbondyblog.fr\/LBB\/wp-content\/uploads\/2024\/06\/renaud-pfeffer.jpg","keywords":["Elections europ\u00e9ennes 2024","europe","Fran\u00e7ois-Xavier Bellamy","LBB","les r\u00e9publicains","lyon","Lyon Bondy Blog","Ma\u00eetriser notre destin","politique","Renaud Pfeffer","Vaulx-en-Velin"],"articleSection":["Europ\u00e9ennes 2024","Politique"],"inLanguage":"fr-FR","potentialAction":[{"@type":"CommentAction","name":"Comment","target":["https:\/\/lyonbondyblog.fr\/LBB\/renaud-pfeffer-leurope-ne-doit-pas-accueillir-toute-la-misere-du-monde-ni-le-fanatisme-lextremisme-et-linsecurite\/#respond"]}]},{"@type":"WebPage","@id":"https:\/\/lyonbondyblog.fr\/LBB\/renaud-pfeffer-leurope-ne-doit-pas-accueillir-toute-la-misere-du-monde-ni-le-fanatisme-lextremisme-et-linsecurite\/","url":"https:\/\/lyonbondyblog.fr\/LBB\/renaud-pfeffer-leurope-ne-doit-pas-accueillir-toute-la-misere-du-monde-ni-le-fanatisme-lextremisme-et-linsecurite\/","name":"Renaud Pfeffer : \u201cL'Europe ne doit pas accueillir toute la mis\u00e8re du monde, ni le fanatisme, l'extr\u00e9misme et l'ins\u00e9curit\u00e9\u201d \u00a0","isPartOf":{"@id":"https:\/\/lyonbondyblog.fr\/LBB\/#website"},"primaryImageOfPage":{"@id":"https:\/\/lyonbondyblog.fr\/LBB\/renaud-pfeffer-leurope-ne-doit-pas-accueillir-toute-la-misere-du-monde-ni-le-fanatisme-lextremisme-et-linsecurite\/#primaryimage"},"image":{"@id":"https:\/\/lyonbondyblog.fr\/LBB\/renaud-pfeffer-leurope-ne-doit-pas-accueillir-toute-la-misere-du-monde-ni-le-fanatisme-lextremisme-et-linsecurite\/#primaryimage"},"thumbnailUrl":"https:\/\/lyonbondyblog.fr\/LBB\/wp-content\/uploads\/2024\/06\/renaud-pfeffer.jpg","datePublished":"2024-06-06T15:01:08+00:00","dateModified":"2024-06-06T15:25:00+00:00","description":"La liste \"Ma\u00eetriser notre destin\", dirig\u00e9e par Fran\u00e7ois-Xavier Bellamy, appartient au parti Les R\u00e9publicains et il a si\u00e9g\u00e9 au Parlement europ\u00e9en au sein du Groupe du Parti populaire europ\u00e9en. Renaud Pfeffer, qui occupe la 69e place sur cette liste, est \u00e9galement membre des R\u00e9publicains, vice-pr\u00e9sident du conseil r\u00e9gional d'Auvergne-Rh\u00f4ne-Alpes et maire de Mornant. Ce candidat pr\u00e9sente un projet europ\u00e9en visant \u00e0 refonder la droite, \u00e0 offrir une alternative \u00e0 la majorit\u00e9 pr\u00e9sidentielle et aux extr\u00eames. \u00a0","inLanguage":"fr-FR","potentialAction":[{"@type":"ReadAction","target":["https:\/\/lyonbondyblog.fr\/LBB\/renaud-pfeffer-leurope-ne-doit-pas-accueillir-toute-la-misere-du-monde-ni-le-fanatisme-lextremisme-et-linsecurite\/"]}]},{"@type":"ImageObject","inLanguage":"fr-FR","@id":"https:\/\/lyonbondyblog.fr\/LBB\/renaud-pfeffer-leurope-ne-doit-pas-accueillir-toute-la-misere-du-monde-ni-le-fanatisme-lextremisme-et-linsecurite\/#primaryimage","url":"https:\/\/lyonbondyblog.fr\/LBB\/wp-content\/uploads\/2024\/06\/renaud-pfeffer.jpg","contentUrl":"https:\/\/lyonbondyblog.fr\/LBB\/wp-content\/uploads\/2024\/06\/renaud-pfeffer.jpg","width":439,"height":617},{"@type":"WebSite","@id":"https:\/\/lyonbondyblog.fr\/LBB\/#website","url":"https:\/\/lyonbondyblog.fr\/LBB\/","name":"Lyon Bondy Blog","description":"","publisher":{"@id":"https:\/\/lyonbondyblog.fr\/LBB\/#organization"},"potentialAction":[{"@type":"SearchAction","target":{"@type":"EntryPoint","urlTemplate":"https:\/\/lyonbondyblog.fr\/LBB\/?s={search_term_string}"},"query-input":"required name=search_term_string"}],"inLanguage":"fr-FR"},{"@type":"Organization","@id":"https:\/\/lyonbondyblog.fr\/LBB\/#organization","name":"LYON BONDY BLOG","url":"https:\/\/lyonbondyblog.fr\/LBB\/","logo":{"@type":"ImageObject","inLanguage":"fr-FR","@id":"https:\/\/lyonbondyblog.fr\/LBB\/#\/schema\/logo\/image\/","url":"http:\/\/lyonbondyblog.fr\/LBB\/wp-content\/uploads\/2014\/10\/logo-portable-144.png","contentUrl":"http:\/\/lyonbondyblog.fr\/LBB\/wp-content\/uploads\/2014\/10\/logo-portable-144.png","width":144,"height":123,"caption":"LYON BONDY BLOG"},"image":{"@id":"https:\/\/lyonbondyblog.fr\/LBB\/#\/schema\/logo\/image\/"},"sameAs":["https:\/\/www.facebook.com\/lyonbondyblog","https:\/\/x.com\/bondybloglyon"]},{"@type":"Person","@id":"https:\/\/lyonbondyblog.fr\/LBB\/#\/schema\/person\/12de45960cc2ddd6b64f0257caa1e030","name":"Amelie Carapito","url":"https:\/\/lyonbondyblog.fr\/LBB\/author\/ameliecarapito140gmail\/"}]}},"_links":{"self":[{"href":"https:\/\/lyonbondyblog.fr\/LBB\/wp-json\/wp\/v2\/posts\/33997","targetHints":{"allow":["GET"]}}],"collection":[{"href":"https:\/\/lyonbondyblog.fr\/LBB\/wp-json\/wp\/v2\/posts"}],"about":[{"href":"https:\/\/lyonbondyblog.fr\/LBB\/wp-json\/wp\/v2\/types\/post"}],"author":[{"embeddable":true,"href":"https:\/\/lyonbondyblog.fr\/LBB\/wp-json\/wp\/v2\/users\/31888"}],"replies":[{"embeddable":true,"href":"https:\/\/lyonbondyblog.fr\/LBB\/wp-json\/wp\/v2\/comments?post=33997"}],"version-history":[{"count":4,"href":"https:\/\/lyonbondyblog.fr\/LBB\/wp-json\/wp\/v2\/posts\/33997\/revisions"}],"predecessor-version":[{"id":34002,"href":"https:\/\/lyonbondyblog.fr\/LBB\/wp-json\/wp\/v2\/posts\/33997\/revisions\/34002"}],"wp:featuredmedia":[{"embeddable":true,"href":"https:\/\/lyonbondyblog.fr\/LBB\/wp-json\/wp\/v2\/media\/33998"}],"wp:attachment":[{"href":"https:\/\/lyonbondyblog.fr\/LBB\/wp-json\/wp\/v2\/media?parent=33997"}],"wp:term":[{"taxonomy":"category","embeddable":true,"href":"https:\/\/lyonbondyblog.fr\/LBB\/wp-json\/wp\/v2\/categories?post=33997"},{"taxonomy":"post_tag","embeddable":true,"href":"https:\/\/lyonbondyblog.fr\/LBB\/wp-json\/wp\/v2\/tags?post=33997"}],"curies":[{"name":"wp","href":"https:\/\/api.w.org\/{rel}","templated":true}]}}