{"id":33980,"date":"2024-06-04T15:55:56","date_gmt":"2024-06-04T13:55:56","guid":{"rendered":"https:\/\/lyonbondyblog.fr\/LBB\/?p=33980"},"modified":"2024-06-04T15:55:57","modified_gmt":"2024-06-04T13:55:57","slug":"podcast-la-marche-des-fiertes-2024","status":"publish","type":"post","link":"https:\/\/lyonbondyblog.fr\/LBB\/podcast-la-marche-des-fiertes-2024\/","title":{"rendered":"Podcast : La marche des fiert\u00e9s 2024"},"content":{"rendered":"\n<h4 class=\"wp-block-heading\">Comme chaque ann\u00e9e, <a href=\"https:\/\/lyonbondyblog.fr\/LBB\/marche-des-fiertes-une-victoire-remplie-de-gaiete\/\">la marche des fiert\u00e9s lyonnaise<\/a> a lieu le deuxi\u00e8me samedi du mois de juin (mois des fiert\u00e9s). <a href=\"https:\/\/www.fierte.net\/\">Le Collectif Fiert\u00e9s en Lutte<\/a> (CFL), qui lutte contre les discriminations subies par la communaut\u00e9 LGBTQIA+, organise cet \u00e9v\u00e9nement symbolique et important pour la communaut\u00e9. Malgr\u00e9 des changements de parcours, la Pride aura bien lieu ce samedi 8 juin. Entretien avec Billy, b\u00e9n\u00e9vole au CFL.\u00a0<\/h4>\n\n\n\n<figure class=\"wp-block-embed is-type-rich is-provider-spotify wp-block-embed-spotify wp-embed-aspect-21-9 wp-has-aspect-ratio\"><div class=\"wp-block-embed__wrapper\">\n<iframe title=\"Spotify Embed: Marche des fiert\u00e9s 2024\" style=\"border-radius: 12px\" width=\"100%\" height=\"152\" frameborder=\"0\" allowfullscreen allow=\"autoplay; clipboard-write; encrypted-media; fullscreen; picture-in-picture\" loading=\"lazy\" src=\"https:\/\/open.spotify.com\/embed\/episode\/0SaxXxpOfZUow4fJUNrHca?si=28366f3966fd40df&#038;utm_source=oembed\"><\/iframe>\n<\/div><\/figure>\n<!-- AddThis Advanced Settings generic via filter on the_content --><!-- AddThis Share Buttons generic via filter on the_content -->","protected":false},"excerpt":{"rendered":"<p>Comme chaque ann\u00e9e, la marche des fiert\u00e9s lyonnaise a lieu le deuxi\u00e8me samedi du mois de juin (mois des fiert\u00e9s). Le Collectif Fiert\u00e9s en Lutte &hellip; <!-- AddThis Advanced Settings generic via filter on wp_trim_excerpt --><!-- AddThis Share Buttons generic via filter on wp_trim_excerpt --><\/p>\n","protected":false},"author":31884,"featured_media":33981,"comment_status":"open","ping_status":"open","sticky":true,"template":"","format":"standard","meta":{"_FSMCFIC_featured_image_caption":"","_FSMCFIC_featured_image_nocaption":"","_FSMCFIC_featured_image_hide":"","footnotes":""},"categories":[18131,4,27833,2104],"tags":[28412,28411],"class_list":["post-33980","post","type-post","status-publish","format-standard","has-post-thumbnail","hentry","category-evenement","category-lyon","category-manifestation","category-podcasts","tag-lgbtqia","tag-marche-des-fiertes"],"yoast_head":"<!-- This site is optimized with the Yoast SEO plugin v22.8 - https:\/\/yoast.com\/wordpress\/plugins\/seo\/ -->\n<title>Podcast : La marche des fiert\u00e9s 2024 - Lyon Bondy Blog<\/title>\n<meta name=\"description\" content=\"Comme chaque ann\u00e9e, la marche des fiert\u00e9s lyonnaise a lieu le deuxi\u00e8me samedi du mois de juin (mois des fiert\u00e9s).\" \/>\n<meta name=\"robots\" content=\"index, follow, max-snippet:-1, max-image-preview:large, max-video-preview:-1\" \/>\n<link rel=\"canonical\" href=\"https:\/\/lyonbondyblog.fr\/LBB\/podcast-la-marche-des-fiertes-2024\/\" \/>\n<meta property=\"og:locale\" content=\"fr_FR\" \/>\n<meta property=\"og:type\" content=\"article\" \/>\n<meta property=\"og:title\" content=\"Podcast : La marche des fiert\u00e9s 2024 - Lyon Bondy Blog\" \/>\n<meta property=\"og:description\" content=\"Comme chaque ann\u00e9e, la marche des fiert\u00e9s lyonnaise a lieu le deuxi\u00e8me samedi du mois de juin (mois des fiert\u00e9s).\" \/>\n<meta property=\"og:url\" content=\"https:\/\/lyonbondyblog.fr\/LBB\/podcast-la-marche-des-fiertes-2024\/\" \/>\n<meta property=\"og:site_name\" content=\"Lyon Bondy Blog\" \/>\n<meta property=\"article:publisher\" content=\"https:\/\/www.facebook.com\/lyonbondyblog\" \/>\n<meta property=\"article:published_time\" content=\"2024-06-04T13:55:56+00:00\" \/>\n<meta property=\"article:modified_time\" content=\"2024-06-04T13:55:57+00:00\" \/>\n<meta property=\"og:image\" content=\"https:\/\/lyonbondyblog.fr\/LBB\/wp-content\/uploads\/2024\/06\/PRIDE-10-JUIN-2023-21--scaled.jpg\" \/>\n\t<meta property=\"og:image:width\" content=\"2560\" \/>\n\t<meta property=\"og:image:height\" content=\"1707\" \/>\n\t<meta property=\"og:image:type\" content=\"image\/jpeg\" \/>\n<meta name=\"author\" content=\"Carmen Buecher\" \/>\n<meta name=\"twitter:card\" content=\"summary_large_image\" \/>\n<meta name=\"twitter:creator\" content=\"@bondybloglyon\" \/>\n<meta name=\"twitter:site\" content=\"@bondybloglyon\" \/>\n<script type=\"application\/ld+json\" class=\"yoast-schema-graph\">{\"@context\":\"https:\/\/schema.org\",\"@graph\":[{\"@type\":\"Article\",\"@id\":\"https:\/\/lyonbondyblog.fr\/LBB\/podcast-la-marche-des-fiertes-2024\/#article\",\"isPartOf\":{\"@id\":\"https:\/\/lyonbondyblog.fr\/LBB\/podcast-la-marche-des-fiertes-2024\/\"},\"author\":{\"name\":\"Carmen Buecher\",\"@id\":\"https:\/\/lyonbondyblog.fr\/LBB\/#\/schema\/person\/e252beac46d6d2d56d9135d71bc0971a\"},\"headline\":\"Podcast : La marche des fiert\u00e9s 2024\",\"datePublished\":\"2024-06-04T13:55:56+00:00\",\"dateModified\":\"2024-06-04T13:55:57+00:00\",\"mainEntityOfPage\":{\"@id\":\"https:\/\/lyonbondyblog.fr\/LBB\/podcast-la-marche-des-fiertes-2024\/\"},\"wordCount\":89,\"commentCount\":0,\"publisher\":{\"@id\":\"https:\/\/lyonbondyblog.fr\/LBB\/#organization\"},\"image\":{\"@id\":\"https:\/\/lyonbondyblog.fr\/LBB\/podcast-la-marche-des-fiertes-2024\/#primaryimage\"},\"thumbnailUrl\":\"https:\/\/lyonbondyblog.fr\/LBB\/wp-content\/uploads\/2024\/06\/PRIDE-10-JUIN-2023-21--scaled.jpg\",\"keywords\":[\"LGBTQIA+\",\"marche des fiert\u00e9s\"],\"articleSection\":[\"Ev\u00e9nement\",\"Lyon\",\"Manifestations\",\"Podcasts\"],\"inLanguage\":\"fr-FR\",\"potentialAction\":[{\"@type\":\"CommentAction\",\"name\":\"Comment\",\"target\":[\"https:\/\/lyonbondyblog.fr\/LBB\/podcast-la-marche-des-fiertes-2024\/#respond\"]}]},{\"@type\":\"WebPage\",\"@id\":\"https:\/\/lyonbondyblog.fr\/LBB\/podcast-la-marche-des-fiertes-2024\/\",\"url\":\"https:\/\/lyonbondyblog.fr\/LBB\/podcast-la-marche-des-fiertes-2024\/\",\"name\":\"Podcast : La marche des fiert\u00e9s 2024 - Lyon Bondy Blog\",\"isPartOf\":{\"@id\":\"https:\/\/lyonbondyblog.fr\/LBB\/#website\"},\"primaryImageOfPage\":{\"@id\":\"https:\/\/lyonbondyblog.fr\/LBB\/podcast-la-marche-des-fiertes-2024\/#primaryimage\"},\"image\":{\"@id\":\"https:\/\/lyonbondyblog.fr\/LBB\/podcast-la-marche-des-fiertes-2024\/#primaryimage\"},\"thumbnailUrl\":\"https:\/\/lyonbondyblog.fr\/LBB\/wp-content\/uploads\/2024\/06\/PRIDE-10-JUIN-2023-21--scaled.jpg\",\"datePublished\":\"2024-06-04T13:55:56+00:00\",\"dateModified\":\"2024-06-04T13:55:57+00:00\",\"description\":\"Comme chaque ann\u00e9e, la marche des fiert\u00e9s lyonnaise a lieu le deuxi\u00e8me samedi du mois de juin (mois des fiert\u00e9s).\",\"inLanguage\":\"fr-FR\",\"potentialAction\":[{\"@type\":\"ReadAction\",\"target\":[\"https:\/\/lyonbondyblog.fr\/LBB\/podcast-la-marche-des-fiertes-2024\/\"]}]},{\"@type\":\"ImageObject\",\"inLanguage\":\"fr-FR\",\"@id\":\"https:\/\/lyonbondyblog.fr\/LBB\/podcast-la-marche-des-fiertes-2024\/#primaryimage\",\"url\":\"https:\/\/lyonbondyblog.fr\/LBB\/wp-content\/uploads\/2024\/06\/PRIDE-10-JUIN-2023-21--scaled.jpg\",\"contentUrl\":\"https:\/\/lyonbondyblog.fr\/LBB\/wp-content\/uploads\/2024\/06\/PRIDE-10-JUIN-2023-21--scaled.jpg\",\"width\":2560,\"height\":1707,\"caption\":\"Pride 10 juin 2023\"},{\"@type\":\"WebSite\",\"@id\":\"https:\/\/lyonbondyblog.fr\/LBB\/#website\",\"url\":\"https:\/\/lyonbondyblog.fr\/LBB\/\",\"name\":\"Lyon Bondy Blog\",\"description\":\"\",\"publisher\":{\"@id\":\"https:\/\/lyonbondyblog.fr\/LBB\/#organization\"},\"potentialAction\":[{\"@type\":\"SearchAction\",\"target\":{\"@type\":\"EntryPoint\",\"urlTemplate\":\"https:\/\/lyonbondyblog.fr\/LBB\/?s={search_term_string}\"},\"query-input\":\"required name=search_term_string\"}],\"inLanguage\":\"fr-FR\"},{\"@type\":\"Organization\",\"@id\":\"https:\/\/lyonbondyblog.fr\/LBB\/#organization\",\"name\":\"LYON BONDY BLOG\",\"url\":\"https:\/\/lyonbondyblog.fr\/LBB\/\",\"logo\":{\"@type\":\"ImageObject\",\"inLanguage\":\"fr-FR\",\"@id\":\"https:\/\/lyonbondyblog.fr\/LBB\/#\/schema\/logo\/image\/\",\"url\":\"http:\/\/lyonbondyblog.fr\/LBB\/wp-content\/uploads\/2014\/10\/logo-portable-144.png\",\"contentUrl\":\"http:\/\/lyonbondyblog.fr\/LBB\/wp-content\/uploads\/2014\/10\/logo-portable-144.png\",\"width\":144,\"height\":123,\"caption\":\"LYON BONDY BLOG\"},\"image\":{\"@id\":\"https:\/\/lyonbondyblog.fr\/LBB\/#\/schema\/logo\/image\/\"},\"sameAs\":[\"https:\/\/www.facebook.com\/lyonbondyblog\",\"https:\/\/x.com\/bondybloglyon\"]},{\"@type\":\"Person\",\"@id\":\"https:\/\/lyonbondyblog.fr\/LBB\/#\/schema\/person\/e252beac46d6d2d56d9135d71bc0971a\",\"name\":\"Carmen Buecher\",\"url\":\"https:\/\/lyonbondyblog.fr\/LBB\/author\/carmen-buecher\/\"}]}<\/script>\n<!-- \/ Yoast SEO plugin. -->","yoast_head_json":{"title":"Podcast : La marche des fiert\u00e9s 2024 - Lyon Bondy Blog","description":"Comme chaque ann\u00e9e, la marche des fiert\u00e9s lyonnaise a lieu le deuxi\u00e8me samedi du mois de juin (mois des fiert\u00e9s).","robots":{"index":"index","follow":"follow","max-snippet":"max-snippet:-1","max-image-preview":"max-image-preview:large","max-video-preview":"max-video-preview:-1"},"canonical":"https:\/\/lyonbondyblog.fr\/LBB\/podcast-la-marche-des-fiertes-2024\/","og_locale":"fr_FR","og_type":"article","og_title":"Podcast : La marche des fiert\u00e9s 2024 - Lyon Bondy Blog","og_description":"Comme chaque ann\u00e9e, la marche des fiert\u00e9s lyonnaise a lieu le deuxi\u00e8me samedi du mois de juin (mois des fiert\u00e9s).","og_url":"https:\/\/lyonbondyblog.fr\/LBB\/podcast-la-marche-des-fiertes-2024\/","og_site_name":"Lyon Bondy Blog","article_publisher":"https:\/\/www.facebook.com\/lyonbondyblog","article_published_time":"2024-06-04T13:55:56+00:00","article_modified_time":"2024-06-04T13:55:57+00:00","og_image":[{"width":2560,"height":1707,"url":"https:\/\/lyonbondyblog.fr\/LBB\/wp-content\/uploads\/2024\/06\/PRIDE-10-JUIN-2023-21--scaled.jpg","type":"image\/jpeg"}],"author":"Carmen Buecher","twitter_card":"summary_large_image","twitter_creator":"@bondybloglyon","twitter_site":"@bondybloglyon","schema":{"@context":"https:\/\/schema.org","@graph":[{"@type":"Article","@id":"https:\/\/lyonbondyblog.fr\/LBB\/podcast-la-marche-des-fiertes-2024\/#article","isPartOf":{"@id":"https:\/\/lyonbondyblog.fr\/LBB\/podcast-la-marche-des-fiertes-2024\/"},"author":{"name":"Carmen Buecher","@id":"https:\/\/lyonbondyblog.fr\/LBB\/#\/schema\/person\/e252beac46d6d2d56d9135d71bc0971a"},"headline":"Podcast : La marche des fiert\u00e9s 2024","datePublished":"2024-06-04T13:55:56+00:00","dateModified":"2024-06-04T13:55:57+00:00","mainEntityOfPage":{"@id":"https:\/\/lyonbondyblog.fr\/LBB\/podcast-la-marche-des-fiertes-2024\/"},"wordCount":89,"commentCount":0,"publisher":{"@id":"https:\/\/lyonbondyblog.fr\/LBB\/#organization"},"image":{"@id":"https:\/\/lyonbondyblog.fr\/LBB\/podcast-la-marche-des-fiertes-2024\/#primaryimage"},"thumbnailUrl":"https:\/\/lyonbondyblog.fr\/LBB\/wp-content\/uploads\/2024\/06\/PRIDE-10-JUIN-2023-21--scaled.jpg","keywords":["LGBTQIA+","marche des fiert\u00e9s"],"articleSection":["Ev\u00e9nement","Lyon","Manifestations","Podcasts"],"inLanguage":"fr-FR","potentialAction":[{"@type":"CommentAction","name":"Comment","target":["https:\/\/lyonbondyblog.fr\/LBB\/podcast-la-marche-des-fiertes-2024\/#respond"]}]},{"@type":"WebPage","@id":"https:\/\/lyonbondyblog.fr\/LBB\/podcast-la-marche-des-fiertes-2024\/","url":"https:\/\/lyonbondyblog.fr\/LBB\/podcast-la-marche-des-fiertes-2024\/","name":"Podcast : La marche des fiert\u00e9s 2024 - Lyon Bondy Blog","isPartOf":{"@id":"https:\/\/lyonbondyblog.fr\/LBB\/#website"},"primaryImageOfPage":{"@id":"https:\/\/lyonbondyblog.fr\/LBB\/podcast-la-marche-des-fiertes-2024\/#primaryimage"},"image":{"@id":"https:\/\/lyonbondyblog.fr\/LBB\/podcast-la-marche-des-fiertes-2024\/#primaryimage"},"thumbnailUrl":"https:\/\/lyonbondyblog.fr\/LBB\/wp-content\/uploads\/2024\/06\/PRIDE-10-JUIN-2023-21--scaled.jpg","datePublished":"2024-06-04T13:55:56+00:00","dateModified":"2024-06-04T13:55:57+00:00","description":"Comme chaque ann\u00e9e, la marche des fiert\u00e9s lyonnaise a lieu le deuxi\u00e8me samedi du mois de juin (mois des fiert\u00e9s).","inLanguage":"fr-FR","potentialAction":[{"@type":"ReadAction","target":["https:\/\/lyonbondyblog.fr\/LBB\/podcast-la-marche-des-fiertes-2024\/"]}]},{"@type":"ImageObject","inLanguage":"fr-FR","@id":"https:\/\/lyonbondyblog.fr\/LBB\/podcast-la-marche-des-fiertes-2024\/#primaryimage","url":"https:\/\/lyonbondyblog.fr\/LBB\/wp-content\/uploads\/2024\/06\/PRIDE-10-JUIN-2023-21--scaled.jpg","contentUrl":"https:\/\/lyonbondyblog.fr\/LBB\/wp-content\/uploads\/2024\/06\/PRIDE-10-JUIN-2023-21--scaled.jpg","width":2560,"height":1707,"caption":"Pride 10 juin 2023"},{"@type":"WebSite","@id":"https:\/\/lyonbondyblog.fr\/LBB\/#website","url":"https:\/\/lyonbondyblog.fr\/LBB\/","name":"Lyon Bondy Blog","description":"","publisher":{"@id":"https:\/\/lyonbondyblog.fr\/LBB\/#organization"},"potentialAction":[{"@type":"SearchAction","target":{"@type":"EntryPoint","urlTemplate":"https:\/\/lyonbondyblog.fr\/LBB\/?s={search_term_string}"},"query-input":"required name=search_term_string"}],"inLanguage":"fr-FR"},{"@type":"Organization","@id":"https:\/\/lyonbondyblog.fr\/LBB\/#organization","name":"LYON BONDY BLOG","url":"https:\/\/lyonbondyblog.fr\/LBB\/","logo":{"@type":"ImageObject","inLanguage":"fr-FR","@id":"https:\/\/lyonbondyblog.fr\/LBB\/#\/schema\/logo\/image\/","url":"http:\/\/lyonbondyblog.fr\/LBB\/wp-content\/uploads\/2014\/10\/logo-portable-144.png","contentUrl":"http:\/\/lyonbondyblog.fr\/LBB\/wp-content\/uploads\/2014\/10\/logo-portable-144.png","width":144,"height":123,"caption":"LYON BONDY BLOG"},"image":{"@id":"https:\/\/lyonbondyblog.fr\/LBB\/#\/schema\/logo\/image\/"},"sameAs":["https:\/\/www.facebook.com\/lyonbondyblog","https:\/\/x.com\/bondybloglyon"]},{"@type":"Person","@id":"https:\/\/lyonbondyblog.fr\/LBB\/#\/schema\/person\/e252beac46d6d2d56d9135d71bc0971a","name":"Carmen Buecher","url":"https:\/\/lyonbondyblog.fr\/LBB\/author\/carmen-buecher\/"}]}},"_links":{"self":[{"href":"https:\/\/lyonbondyblog.fr\/LBB\/wp-json\/wp\/v2\/posts\/33980","targetHints":{"allow":["GET"]}}],"collection":[{"href":"https:\/\/lyonbondyblog.fr\/LBB\/wp-json\/wp\/v2\/posts"}],"about":[{"href":"https:\/\/lyonbondyblog.fr\/LBB\/wp-json\/wp\/v2\/types\/post"}],"author":[{"embeddable":true,"href":"https:\/\/lyonbondyblog.fr\/LBB\/wp-json\/wp\/v2\/users\/31884"}],"replies":[{"embeddable":true,"href":"https:\/\/lyonbondyblog.fr\/LBB\/wp-json\/wp\/v2\/comments?post=33980"}],"version-history":[{"count":1,"href":"https:\/\/lyonbondyblog.fr\/LBB\/wp-json\/wp\/v2\/posts\/33980\/revisions"}],"predecessor-version":[{"id":33982,"href":"https:\/\/lyonbondyblog.fr\/LBB\/wp-json\/wp\/v2\/posts\/33980\/revisions\/33982"}],"wp:featuredmedia":[{"embeddable":true,"href":"https:\/\/lyonbondyblog.fr\/LBB\/wp-json\/wp\/v2\/media\/33981"}],"wp:attachment":[{"href":"https:\/\/lyonbondyblog.fr\/LBB\/wp-json\/wp\/v2\/media?parent=33980"}],"wp:term":[{"taxonomy":"category","embeddable":true,"href":"https:\/\/lyonbondyblog.fr\/LBB\/wp-json\/wp\/v2\/categories?post=33980"},{"taxonomy":"post_tag","embeddable":true,"href":"https:\/\/lyonbondyblog.fr\/LBB\/wp-json\/wp\/v2\/tags?post=33980"}],"curies":[{"name":"wp","href":"https:\/\/api.w.org\/{rel}","templated":true}]}}