{"id":33949,"date":"2024-05-28T14:20:14","date_gmt":"2024-05-28T12:20:14","guid":{"rendered":"https:\/\/lyonbondyblog.fr\/LBB\/?p=33949"},"modified":"2024-05-28T14:20:16","modified_gmt":"2024-05-28T12:20:16","slug":"podcast-les-rendez-vous-culturels-du-mois-de-juin","status":"publish","type":"post","link":"https:\/\/lyonbondyblog.fr\/LBB\/podcast-les-rendez-vous-culturels-du-mois-de-juin\/","title":{"rendered":"Podcast : Les rendez-vous culturels du mois de juin"},"content":{"rendered":"\n<h4 class=\"wp-block-heading\"><a href=\"https:\/\/lyonbondyblog.fr\/LBB\/podcast-axel-zorzi-je-vais-courir-pour-gagner\/\">Dans ce nouvel \u00e9pisode de notre podcast hebdomadaire<\/a>, le Lyon Bondy Blog vous r\u00e9sume la plupart des rendez-vous culturels \u00e0 retrouver sur le territoire lyonnais. Festival (cuisine, BD, musique), derniers concerts avant l\u2019\u00e9t\u00e9, mus\u00e9es, spectacles, des dizaines d\u2019\u00e9v\u00e9nements \u00e0 retrouver en juin. De quoi remplir vos agendas de sorties. Le rendez-vous \u00e0 ne pas louper ce mois-ci : <a href=\"https:\/\/www.festival-dartetdair.fr\/\">le festival DADA<\/a>, au parc du Vallon \u00e0 la Duch\u00e8re le samedi 8 et dimanche 9 juin.\u00a0<\/h4>\n\n\n\n<figure class=\"wp-block-embed is-type-rich is-provider-spotify wp-block-embed-spotify wp-embed-aspect-21-9 wp-has-aspect-ratio\"><div class=\"wp-block-embed__wrapper\">\n<iframe title=\"Spotify Embed: Le Festival DADA \" style=\"border-radius: 12px\" width=\"100%\" height=\"152\" frameborder=\"0\" allowfullscreen allow=\"autoplay; clipboard-write; encrypted-media; fullscreen; picture-in-picture\" loading=\"lazy\" src=\"https:\/\/open.spotify.com\/embed\/episode\/1CyKPhWpjioaSlqG3WxWTm?si=64ed520806d04589&#038;utm_source=oembed\"><\/iframe>\n<\/div><\/figure>\n<!-- AddThis Advanced Settings generic via filter on the_content --><!-- AddThis Share Buttons generic via filter on the_content -->","protected":false},"excerpt":{"rendered":"<p>Dans ce nouvel \u00e9pisode de notre podcast hebdomadaire, le Lyon Bondy Blog vous r\u00e9sume la plupart des rendez-vous culturels \u00e0 retrouver sur le territoire lyonnais. &hellip; <!-- AddThis Advanced Settings generic via filter on wp_trim_excerpt --><!-- AddThis Share Buttons generic via filter on wp_trim_excerpt --><\/p>\n","protected":false},"author":31884,"featured_media":33950,"comment_status":"open","ping_status":"open","sticky":true,"template":"","format":"standard","meta":{"_FSMCFIC_featured_image_caption":"","_FSMCFIC_featured_image_nocaption":"","_FSMCFIC_featured_image_hide":"","footnotes":""},"categories":[3,14140,22233,3792,27828,2104,13732],"tags":[564,423,616],"class_list":["post-33949","post","type-post","status-publish","format-standard","has-post-thumbnail","hentry","category-culture","category-danse","category-duchere","category-festival","category-humour","category-podcasts","category-rap","tag-concert","tag-halle-tony-garnier","tag-lyon-bd-festival"],"yoast_head":"<!-- This site is optimized with the Yoast SEO plugin v22.8 - https:\/\/yoast.com\/wordpress\/plugins\/seo\/ -->\n<title>Podcast : Les rendez-vous culturels du mois de juin - Lyon Bondy Blog<\/title>\n<meta name=\"description\" content=\"Festival (cuisine, BD, musique), derniers concerts avant l\u2019\u00e9t\u00e9, mus\u00e9es, spectacles, des dizaines d\u2019\u00e9v\u00e9nements \u00e0 retrouver en juin.\" \/>\n<meta name=\"robots\" content=\"index, follow, max-snippet:-1, max-image-preview:large, max-video-preview:-1\" \/>\n<link rel=\"canonical\" href=\"https:\/\/lyonbondyblog.fr\/LBB\/podcast-les-rendez-vous-culturels-du-mois-de-juin\/\" \/>\n<meta property=\"og:locale\" content=\"fr_FR\" \/>\n<meta property=\"og:type\" content=\"article\" \/>\n<meta property=\"og:title\" content=\"Podcast : Les rendez-vous culturels du mois de juin - Lyon Bondy Blog\" \/>\n<meta property=\"og:description\" content=\"Festival (cuisine, BD, musique), derniers concerts avant l\u2019\u00e9t\u00e9, mus\u00e9es, spectacles, des dizaines d\u2019\u00e9v\u00e9nements \u00e0 retrouver en juin.\" \/>\n<meta property=\"og:url\" content=\"https:\/\/lyonbondyblog.fr\/LBB\/podcast-les-rendez-vous-culturels-du-mois-de-juin\/\" \/>\n<meta property=\"og:site_name\" content=\"Lyon Bondy Blog\" \/>\n<meta property=\"article:publisher\" content=\"https:\/\/www.facebook.com\/lyonbondyblog\" \/>\n<meta property=\"article:published_time\" content=\"2024-05-28T12:20:14+00:00\" \/>\n<meta property=\"article:modified_time\" content=\"2024-05-28T12:20:16+00:00\" \/>\n<meta property=\"og:image\" content=\"https:\/\/lyonbondyblog.fr\/LBB\/wp-content\/uploads\/2024\/05\/dada-2.jpg\" \/>\n\t<meta property=\"og:image:width\" content=\"2560\" \/>\n\t<meta property=\"og:image:height\" content=\"1707\" \/>\n\t<meta property=\"og:image:type\" content=\"image\/jpeg\" \/>\n<meta name=\"author\" content=\"Carmen Buecher\" \/>\n<meta name=\"twitter:card\" content=\"summary_large_image\" \/>\n<meta name=\"twitter:creator\" content=\"@bondybloglyon\" \/>\n<meta name=\"twitter:site\" content=\"@bondybloglyon\" \/>\n<script type=\"application\/ld+json\" class=\"yoast-schema-graph\">{\"@context\":\"https:\/\/schema.org\",\"@graph\":[{\"@type\":\"Article\",\"@id\":\"https:\/\/lyonbondyblog.fr\/LBB\/podcast-les-rendez-vous-culturels-du-mois-de-juin\/#article\",\"isPartOf\":{\"@id\":\"https:\/\/lyonbondyblog.fr\/LBB\/podcast-les-rendez-vous-culturels-du-mois-de-juin\/\"},\"author\":{\"name\":\"Carmen Buecher\",\"@id\":\"https:\/\/lyonbondyblog.fr\/LBB\/#\/schema\/person\/e252beac46d6d2d56d9135d71bc0971a\"},\"headline\":\"Podcast : Les rendez-vous culturels du mois de juin\",\"datePublished\":\"2024-05-28T12:20:14+00:00\",\"dateModified\":\"2024-05-28T12:20:16+00:00\",\"mainEntityOfPage\":{\"@id\":\"https:\/\/lyonbondyblog.fr\/LBB\/podcast-les-rendez-vous-culturels-du-mois-de-juin\/\"},\"wordCount\":92,\"commentCount\":0,\"publisher\":{\"@id\":\"https:\/\/lyonbondyblog.fr\/LBB\/#organization\"},\"image\":{\"@id\":\"https:\/\/lyonbondyblog.fr\/LBB\/podcast-les-rendez-vous-culturels-du-mois-de-juin\/#primaryimage\"},\"thumbnailUrl\":\"https:\/\/lyonbondyblog.fr\/LBB\/wp-content\/uploads\/2024\/05\/dada-2.jpg\",\"keywords\":[\"Concert\",\"halle tony garnier\",\"Lyon BD festival\"],\"articleSection\":[\"Culture\",\"Danse\",\"Duch\u00e8re\",\"Festival\",\"Humour\",\"Podcasts\",\"Rap\"],\"inLanguage\":\"fr-FR\",\"potentialAction\":[{\"@type\":\"CommentAction\",\"name\":\"Comment\",\"target\":[\"https:\/\/lyonbondyblog.fr\/LBB\/podcast-les-rendez-vous-culturels-du-mois-de-juin\/#respond\"]}]},{\"@type\":\"WebPage\",\"@id\":\"https:\/\/lyonbondyblog.fr\/LBB\/podcast-les-rendez-vous-culturels-du-mois-de-juin\/\",\"url\":\"https:\/\/lyonbondyblog.fr\/LBB\/podcast-les-rendez-vous-culturels-du-mois-de-juin\/\",\"name\":\"Podcast : Les rendez-vous culturels du mois de juin - Lyon Bondy Blog\",\"isPartOf\":{\"@id\":\"https:\/\/lyonbondyblog.fr\/LBB\/#website\"},\"primaryImageOfPage\":{\"@id\":\"https:\/\/lyonbondyblog.fr\/LBB\/podcast-les-rendez-vous-culturels-du-mois-de-juin\/#primaryimage\"},\"image\":{\"@id\":\"https:\/\/lyonbondyblog.fr\/LBB\/podcast-les-rendez-vous-culturels-du-mois-de-juin\/#primaryimage\"},\"thumbnailUrl\":\"https:\/\/lyonbondyblog.fr\/LBB\/wp-content\/uploads\/2024\/05\/dada-2.jpg\",\"datePublished\":\"2024-05-28T12:20:14+00:00\",\"dateModified\":\"2024-05-28T12:20:16+00:00\",\"description\":\"Festival (cuisine, BD, musique), derniers concerts avant l\u2019\u00e9t\u00e9, mus\u00e9es, spectacles, des dizaines d\u2019\u00e9v\u00e9nements \u00e0 retrouver en juin.\",\"inLanguage\":\"fr-FR\",\"potentialAction\":[{\"@type\":\"ReadAction\",\"target\":[\"https:\/\/lyonbondyblog.fr\/LBB\/podcast-les-rendez-vous-culturels-du-mois-de-juin\/\"]}]},{\"@type\":\"ImageObject\",\"inLanguage\":\"fr-FR\",\"@id\":\"https:\/\/lyonbondyblog.fr\/LBB\/podcast-les-rendez-vous-culturels-du-mois-de-juin\/#primaryimage\",\"url\":\"https:\/\/lyonbondyblog.fr\/LBB\/wp-content\/uploads\/2024\/05\/dada-2.jpg\",\"contentUrl\":\"https:\/\/lyonbondyblog.fr\/LBB\/wp-content\/uploads\/2024\/05\/dada-2.jpg\",\"width\":2560,\"height\":1707},{\"@type\":\"WebSite\",\"@id\":\"https:\/\/lyonbondyblog.fr\/LBB\/#website\",\"url\":\"https:\/\/lyonbondyblog.fr\/LBB\/\",\"name\":\"Lyon Bondy Blog\",\"description\":\"\",\"publisher\":{\"@id\":\"https:\/\/lyonbondyblog.fr\/LBB\/#organization\"},\"potentialAction\":[{\"@type\":\"SearchAction\",\"target\":{\"@type\":\"EntryPoint\",\"urlTemplate\":\"https:\/\/lyonbondyblog.fr\/LBB\/?s={search_term_string}\"},\"query-input\":\"required name=search_term_string\"}],\"inLanguage\":\"fr-FR\"},{\"@type\":\"Organization\",\"@id\":\"https:\/\/lyonbondyblog.fr\/LBB\/#organization\",\"name\":\"LYON BONDY BLOG\",\"url\":\"https:\/\/lyonbondyblog.fr\/LBB\/\",\"logo\":{\"@type\":\"ImageObject\",\"inLanguage\":\"fr-FR\",\"@id\":\"https:\/\/lyonbondyblog.fr\/LBB\/#\/schema\/logo\/image\/\",\"url\":\"http:\/\/lyonbondyblog.fr\/LBB\/wp-content\/uploads\/2014\/10\/logo-portable-144.png\",\"contentUrl\":\"http:\/\/lyonbondyblog.fr\/LBB\/wp-content\/uploads\/2014\/10\/logo-portable-144.png\",\"width\":144,\"height\":123,\"caption\":\"LYON BONDY BLOG\"},\"image\":{\"@id\":\"https:\/\/lyonbondyblog.fr\/LBB\/#\/schema\/logo\/image\/\"},\"sameAs\":[\"https:\/\/www.facebook.com\/lyonbondyblog\",\"https:\/\/x.com\/bondybloglyon\"]},{\"@type\":\"Person\",\"@id\":\"https:\/\/lyonbondyblog.fr\/LBB\/#\/schema\/person\/e252beac46d6d2d56d9135d71bc0971a\",\"name\":\"Carmen Buecher\",\"url\":\"https:\/\/lyonbondyblog.fr\/LBB\/author\/carmen-buecher\/\"}]}<\/script>\n<!-- \/ Yoast SEO plugin. -->","yoast_head_json":{"title":"Podcast : Les rendez-vous culturels du mois de juin - Lyon Bondy Blog","description":"Festival (cuisine, BD, musique), derniers concerts avant l\u2019\u00e9t\u00e9, mus\u00e9es, spectacles, des dizaines d\u2019\u00e9v\u00e9nements \u00e0 retrouver en juin.","robots":{"index":"index","follow":"follow","max-snippet":"max-snippet:-1","max-image-preview":"max-image-preview:large","max-video-preview":"max-video-preview:-1"},"canonical":"https:\/\/lyonbondyblog.fr\/LBB\/podcast-les-rendez-vous-culturels-du-mois-de-juin\/","og_locale":"fr_FR","og_type":"article","og_title":"Podcast : Les rendez-vous culturels du mois de juin - Lyon Bondy Blog","og_description":"Festival (cuisine, BD, musique), derniers concerts avant l\u2019\u00e9t\u00e9, mus\u00e9es, spectacles, des dizaines d\u2019\u00e9v\u00e9nements \u00e0 retrouver en juin.","og_url":"https:\/\/lyonbondyblog.fr\/LBB\/podcast-les-rendez-vous-culturels-du-mois-de-juin\/","og_site_name":"Lyon Bondy Blog","article_publisher":"https:\/\/www.facebook.com\/lyonbondyblog","article_published_time":"2024-05-28T12:20:14+00:00","article_modified_time":"2024-05-28T12:20:16+00:00","og_image":[{"width":2560,"height":1707,"url":"https:\/\/lyonbondyblog.fr\/LBB\/wp-content\/uploads\/2024\/05\/dada-2.jpg","type":"image\/jpeg"}],"author":"Carmen Buecher","twitter_card":"summary_large_image","twitter_creator":"@bondybloglyon","twitter_site":"@bondybloglyon","schema":{"@context":"https:\/\/schema.org","@graph":[{"@type":"Article","@id":"https:\/\/lyonbondyblog.fr\/LBB\/podcast-les-rendez-vous-culturels-du-mois-de-juin\/#article","isPartOf":{"@id":"https:\/\/lyonbondyblog.fr\/LBB\/podcast-les-rendez-vous-culturels-du-mois-de-juin\/"},"author":{"name":"Carmen Buecher","@id":"https:\/\/lyonbondyblog.fr\/LBB\/#\/schema\/person\/e252beac46d6d2d56d9135d71bc0971a"},"headline":"Podcast : Les rendez-vous culturels du mois de juin","datePublished":"2024-05-28T12:20:14+00:00","dateModified":"2024-05-28T12:20:16+00:00","mainEntityOfPage":{"@id":"https:\/\/lyonbondyblog.fr\/LBB\/podcast-les-rendez-vous-culturels-du-mois-de-juin\/"},"wordCount":92,"commentCount":0,"publisher":{"@id":"https:\/\/lyonbondyblog.fr\/LBB\/#organization"},"image":{"@id":"https:\/\/lyonbondyblog.fr\/LBB\/podcast-les-rendez-vous-culturels-du-mois-de-juin\/#primaryimage"},"thumbnailUrl":"https:\/\/lyonbondyblog.fr\/LBB\/wp-content\/uploads\/2024\/05\/dada-2.jpg","keywords":["Concert","halle tony garnier","Lyon BD festival"],"articleSection":["Culture","Danse","Duch\u00e8re","Festival","Humour","Podcasts","Rap"],"inLanguage":"fr-FR","potentialAction":[{"@type":"CommentAction","name":"Comment","target":["https:\/\/lyonbondyblog.fr\/LBB\/podcast-les-rendez-vous-culturels-du-mois-de-juin\/#respond"]}]},{"@type":"WebPage","@id":"https:\/\/lyonbondyblog.fr\/LBB\/podcast-les-rendez-vous-culturels-du-mois-de-juin\/","url":"https:\/\/lyonbondyblog.fr\/LBB\/podcast-les-rendez-vous-culturels-du-mois-de-juin\/","name":"Podcast : Les rendez-vous culturels du mois de juin - Lyon Bondy Blog","isPartOf":{"@id":"https:\/\/lyonbondyblog.fr\/LBB\/#website"},"primaryImageOfPage":{"@id":"https:\/\/lyonbondyblog.fr\/LBB\/podcast-les-rendez-vous-culturels-du-mois-de-juin\/#primaryimage"},"image":{"@id":"https:\/\/lyonbondyblog.fr\/LBB\/podcast-les-rendez-vous-culturels-du-mois-de-juin\/#primaryimage"},"thumbnailUrl":"https:\/\/lyonbondyblog.fr\/LBB\/wp-content\/uploads\/2024\/05\/dada-2.jpg","datePublished":"2024-05-28T12:20:14+00:00","dateModified":"2024-05-28T12:20:16+00:00","description":"Festival (cuisine, BD, musique), derniers concerts avant l\u2019\u00e9t\u00e9, mus\u00e9es, spectacles, des dizaines d\u2019\u00e9v\u00e9nements \u00e0 retrouver en juin.","inLanguage":"fr-FR","potentialAction":[{"@type":"ReadAction","target":["https:\/\/lyonbondyblog.fr\/LBB\/podcast-les-rendez-vous-culturels-du-mois-de-juin\/"]}]},{"@type":"ImageObject","inLanguage":"fr-FR","@id":"https:\/\/lyonbondyblog.fr\/LBB\/podcast-les-rendez-vous-culturels-du-mois-de-juin\/#primaryimage","url":"https:\/\/lyonbondyblog.fr\/LBB\/wp-content\/uploads\/2024\/05\/dada-2.jpg","contentUrl":"https:\/\/lyonbondyblog.fr\/LBB\/wp-content\/uploads\/2024\/05\/dada-2.jpg","width":2560,"height":1707},{"@type":"WebSite","@id":"https:\/\/lyonbondyblog.fr\/LBB\/#website","url":"https:\/\/lyonbondyblog.fr\/LBB\/","name":"Lyon Bondy Blog","description":"","publisher":{"@id":"https:\/\/lyonbondyblog.fr\/LBB\/#organization"},"potentialAction":[{"@type":"SearchAction","target":{"@type":"EntryPoint","urlTemplate":"https:\/\/lyonbondyblog.fr\/LBB\/?s={search_term_string}"},"query-input":"required name=search_term_string"}],"inLanguage":"fr-FR"},{"@type":"Organization","@id":"https:\/\/lyonbondyblog.fr\/LBB\/#organization","name":"LYON BONDY BLOG","url":"https:\/\/lyonbondyblog.fr\/LBB\/","logo":{"@type":"ImageObject","inLanguage":"fr-FR","@id":"https:\/\/lyonbondyblog.fr\/LBB\/#\/schema\/logo\/image\/","url":"http:\/\/lyonbondyblog.fr\/LBB\/wp-content\/uploads\/2014\/10\/logo-portable-144.png","contentUrl":"http:\/\/lyonbondyblog.fr\/LBB\/wp-content\/uploads\/2014\/10\/logo-portable-144.png","width":144,"height":123,"caption":"LYON BONDY BLOG"},"image":{"@id":"https:\/\/lyonbondyblog.fr\/LBB\/#\/schema\/logo\/image\/"},"sameAs":["https:\/\/www.facebook.com\/lyonbondyblog","https:\/\/x.com\/bondybloglyon"]},{"@type":"Person","@id":"https:\/\/lyonbondyblog.fr\/LBB\/#\/schema\/person\/e252beac46d6d2d56d9135d71bc0971a","name":"Carmen Buecher","url":"https:\/\/lyonbondyblog.fr\/LBB\/author\/carmen-buecher\/"}]}},"_links":{"self":[{"href":"https:\/\/lyonbondyblog.fr\/LBB\/wp-json\/wp\/v2\/posts\/33949","targetHints":{"allow":["GET"]}}],"collection":[{"href":"https:\/\/lyonbondyblog.fr\/LBB\/wp-json\/wp\/v2\/posts"}],"about":[{"href":"https:\/\/lyonbondyblog.fr\/LBB\/wp-json\/wp\/v2\/types\/post"}],"author":[{"embeddable":true,"href":"https:\/\/lyonbondyblog.fr\/LBB\/wp-json\/wp\/v2\/users\/31884"}],"replies":[{"embeddable":true,"href":"https:\/\/lyonbondyblog.fr\/LBB\/wp-json\/wp\/v2\/comments?post=33949"}],"version-history":[{"count":1,"href":"https:\/\/lyonbondyblog.fr\/LBB\/wp-json\/wp\/v2\/posts\/33949\/revisions"}],"predecessor-version":[{"id":33952,"href":"https:\/\/lyonbondyblog.fr\/LBB\/wp-json\/wp\/v2\/posts\/33949\/revisions\/33952"}],"wp:featuredmedia":[{"embeddable":true,"href":"https:\/\/lyonbondyblog.fr\/LBB\/wp-json\/wp\/v2\/media\/33950"}],"wp:attachment":[{"href":"https:\/\/lyonbondyblog.fr\/LBB\/wp-json\/wp\/v2\/media?parent=33949"}],"wp:term":[{"taxonomy":"category","embeddable":true,"href":"https:\/\/lyonbondyblog.fr\/LBB\/wp-json\/wp\/v2\/categories?post=33949"},{"taxonomy":"post_tag","embeddable":true,"href":"https:\/\/lyonbondyblog.fr\/LBB\/wp-json\/wp\/v2\/tags?post=33949"}],"curies":[{"name":"wp","href":"https:\/\/api.w.org\/{rel}","templated":true}]}}