{"id":3385,"date":"2009-05-29T14:30:52","date_gmt":"2009-05-29T12:30:52","guid":{"rendered":"http:\/\/lyonbondyblog.fr\/LBB\/?p=3385"},"modified":"2013-08-02T14:32:39","modified_gmt":"2013-08-02T12:32:39","slug":"les-residences-universitaires-a-lyon-inegalitaires","status":"publish","type":"post","link":"https:\/\/lyonbondyblog.fr\/LBB\/les-residences-universitaires-a-lyon-inegalitaires\/","title":{"rendered":"Les R\u00e9sidences Universitaires \u00e0 Lyon in\u00e9galitaires ?"},"content":{"rendered":"<p><strong>Regard chinois sur le probl\u00e8me des chambres universitaires. Les \u00e9tudiants \u00e9trangers \u00e9prouveraient des difficult\u00e9s \u00e0 passer plus d&rsquo;une ann\u00e9e en r\u00e9sidence U. <\/strong><\/p>\n<p>Avant d\u2019arriver \u00e0 Lyon, He et ses amies chinoises \u00e9taient au courant de l\u2019existence du \u2018CROUS\u2019 et de ses r\u00e9sidences. Cependant, elles ne savaient pas qu&rsquo;il existait des diff\u00e9rences au niveau du syst\u00e8me \u00e9ducatif entre la Chine et la France. En Chine, les \u00e9tudiants chinois se\u00a0logent dans la Facult\u00e9 o\u00f9 il y a pour tous les \u00e9tudiants un nombre suffisant de dortoirs et de service collectifs, y compris le supermarch\u00e9, la cantine, le gymnase, etc.<\/p>\n<p>\u00ab<i>\u00a0La fac en chine est plut\u00f4t une communaut\u00e9<\/i>\u00a0\u00bb, pr\u00e9cise He, \u00e9tudiante de l\u2019Universit\u00e9 Sun-Yat-Sen au Canton de la Chine, qui est actuellement \u00e9tudiante en lettres modernes \u00e0 Jean Moulin Lyon 3, gr\u00e2ce \u00e0 un programme d\u2019\u00e9change entre ces deux facs. Avant de venir en France, elle s\u2019est inscrite au site universitaire pour obtenir un logement dans une r\u00e9sidence \u00e0 Lyon. \u00ab\u00a0<i>Sinon, il aurait \u00e9t\u00e9 trop difficile de trouver un logement \u00e0 petit prix pour nous \u00e9tudiants \u00e9trangers<\/i>\u00a0\u00bb. Heureusement, elle obtient une chambre dans une des r\u00e9sidences lyonnaises depuis septembre dernier.<\/p>\n<p>Mais apr\u00e8s deux semestres, surgit un nouveau probl\u00e8me\u00a0: ses amis chinois qui habitent en France depuis des ann\u00e9es lui explique qu\u2019il ne sera sans doute pas possible de prolonger son s\u00e9jour \u00e0 la r\u00e9sidence l\u2019ann\u00e9e prochaine. \u00ab\u00a0<i>Peu d\u2019\u00e9tudiants chinois ont la chance d\u2019habiter \u00e0 la r\u00e9sidence plus d\u2019une ann\u00e9e, c\u2019est un fait, mais on ne sait pas pourquo<\/i>i\u00bb, ainsi dit une aime chinoise, qui habite dans le m\u00eame b\u00e2timent qu\u2019elle.<\/p>\n<p>Une autre voisine de Mademoiselle He, une jeune de Madagascar, nous r\u00e9v\u00e8le que parfois elle a l\u2019impression que les chambres sont vides. \u00ab\u00a0<i>En r\u00e9alit\u00e9, la plupart des r\u00e9sidents se connaissent entre eux et savent qu\u2019il y a des chambres qui ne sont pas habit\u00e9es.\u00a0<\/i>\u00bb\u00a0 Mais elle ajoute qu\u2019il se peut que, comme il arrive quelques fois, ces chambres soient d\u00e9j\u00e0 r\u00e9serv\u00e9es. Elle a aussi dit, \u00ab\u00a0<i>J\u2019habite dans la r\u00e9sidence depuis cinq ans, et je connais des Fran\u00e7ais qui arrivent \u00e0 rester. Je sais pas vraiment s\u2019il est plus difficile pour des \u00e9tudiants Chinois de conserver leur chambre apr\u00e8s une ann\u00e9e<\/i>\u00bb.<\/p>\n<p>He a peur de ne pas habiter dans la r\u00e9sidence apr\u00e8s juin. \u00ab\u00a0<i>S\u2019il reste des chambres vides \u00e0 la r\u00e9sidence, pourquoi on nous ne donnera pas\u00a0?\u00a0Il s\u2019agit d\u2019\u00e9galit\u00e9 et du respect aux \u00e9tudiants \u00e9trangers comme nous<\/i>.\u00bb<\/p>\n<p><em>Note\u00a0: Nous ne sommes pas parvenus \u00e0 joindre le directeur de la communication du CROUS pour en savoir plus si cette question. Affaire \u00e0 suivre donc&#8230;<\/em><\/p>\n<p>&nbsp;<\/p>\n<p><span style=\"text-decoration: underline;\">Auteur : Can Li<\/span><\/p>\n<!-- AddThis Advanced Settings generic via filter on the_content --><!-- AddThis Share Buttons generic via filter on the_content -->","protected":false},"excerpt":{"rendered":"<p>Regard chinois sur le probl\u00e8me des chambres universitaires. Les \u00e9tudiants \u00e9trangers \u00e9prouveraient des difficult\u00e9s \u00e0 passer plus d&rsquo;une ann\u00e9e en r\u00e9sidence U. Avant d\u2019arriver \u00e0 &hellip; <!-- AddThis Advanced Settings generic via filter on wp_trim_excerpt --><!-- AddThis Share Buttons generic via filter on wp_trim_excerpt --><\/p>\n","protected":false},"author":1,"featured_media":0,"comment_status":"open","ping_status":"open","sticky":false,"template":"","format":"standard","meta":{"_FSMCFIC_featured_image_caption":"","_FSMCFIC_featured_image_nocaption":"","_FSMCFIC_featured_image_hide":"","footnotes":""},"categories":[4],"tags":[807,19,10,112,806],"class_list":["post-3385","post","type-post","status-publish","format-standard","hentry","category-lyon","tag-inegalite","tag-logement","tag-lyon-2","tag-lyon-bondy-blog","tag-residence-universitaire"],"yoast_head":"<!-- This site is optimized with the Yoast SEO plugin v22.8 - https:\/\/yoast.com\/wordpress\/plugins\/seo\/ -->\n<title>Les R\u00e9sidences Universitaires \u00e0 Lyon in\u00e9galitaires ? - Lyon Bondy Blog<\/title>\n<meta name=\"robots\" content=\"index, follow, max-snippet:-1, max-image-preview:large, max-video-preview:-1\" \/>\n<link rel=\"canonical\" href=\"https:\/\/lyonbondyblog.fr\/LBB\/les-residences-universitaires-a-lyon-inegalitaires\/\" \/>\n<meta property=\"og:locale\" content=\"fr_FR\" \/>\n<meta property=\"og:type\" content=\"article\" \/>\n<meta property=\"og:title\" content=\"Les R\u00e9sidences Universitaires \u00e0 Lyon in\u00e9galitaires ? - Lyon Bondy Blog\" \/>\n<meta property=\"og:description\" content=\"Regard chinois sur le probl\u00e8me des chambres universitaires. Les \u00e9tudiants \u00e9trangers \u00e9prouveraient des difficult\u00e9s \u00e0 passer plus d&rsquo;une ann\u00e9e en r\u00e9sidence U. Avant d\u2019arriver \u00e0 &hellip;\" \/>\n<meta property=\"og:url\" content=\"https:\/\/lyonbondyblog.fr\/LBB\/les-residences-universitaires-a-lyon-inegalitaires\/\" \/>\n<meta property=\"og:site_name\" content=\"Lyon Bondy Blog\" \/>\n<meta property=\"article:publisher\" content=\"https:\/\/www.facebook.com\/lyonbondyblog\" \/>\n<meta property=\"article:author\" content=\"https:\/\/www.facebook.com\/lyonbondyblog\" \/>\n<meta property=\"article:published_time\" content=\"2009-05-29T12:30:52+00:00\" \/>\n<meta property=\"article:modified_time\" content=\"2013-08-02T12:32:39+00:00\" \/>\n<meta property=\"og:image\" content=\"https:\/\/lyonbondyblog.fr\/LBB\/wp-content\/uploads\/2014\/10\/Bandeau-Site-V2-011-2.jpg\" \/>\n\t<meta property=\"og:image:width\" content=\"851\" \/>\n\t<meta property=\"og:image:height\" content=\"200\" \/>\n\t<meta property=\"og:image:type\" content=\"image\/jpeg\" \/>\n<meta name=\"author\" content=\"La r\u00e9daction\" \/>\n<meta name=\"twitter:card\" content=\"summary_large_image\" \/>\n<meta name=\"twitter:creator\" content=\"@BondyBlogLyon\" \/>\n<meta name=\"twitter:site\" content=\"@bondybloglyon\" \/>\n<script type=\"application\/ld+json\" class=\"yoast-schema-graph\">{\"@context\":\"https:\/\/schema.org\",\"@graph\":[{\"@type\":\"Article\",\"@id\":\"https:\/\/lyonbondyblog.fr\/LBB\/les-residences-universitaires-a-lyon-inegalitaires\/#article\",\"isPartOf\":{\"@id\":\"https:\/\/lyonbondyblog.fr\/LBB\/les-residences-universitaires-a-lyon-inegalitaires\/\"},\"author\":{\"name\":\"La r\u00e9daction\",\"@id\":\"https:\/\/lyonbondyblog.fr\/LBB\/#\/schema\/person\/e45f8d27baac75072daa0be50c409b25\"},\"headline\":\"Les R\u00e9sidences Universitaires \u00e0 Lyon in\u00e9galitaires ?\",\"datePublished\":\"2009-05-29T12:30:52+00:00\",\"dateModified\":\"2013-08-02T12:32:39+00:00\",\"mainEntityOfPage\":{\"@id\":\"https:\/\/lyonbondyblog.fr\/LBB\/les-residences-universitaires-a-lyon-inegalitaires\/\"},\"wordCount\":476,\"commentCount\":0,\"publisher\":{\"@id\":\"https:\/\/lyonbondyblog.fr\/LBB\/#organization\"},\"keywords\":[\"in\u00e9galit\u00e9\",\"logement\",\"lyon\",\"Lyon Bondy Blog\",\"r\u00e9sidence universitaire\"],\"articleSection\":[\"Lyon\"],\"inLanguage\":\"fr-FR\",\"potentialAction\":[{\"@type\":\"CommentAction\",\"name\":\"Comment\",\"target\":[\"https:\/\/lyonbondyblog.fr\/LBB\/les-residences-universitaires-a-lyon-inegalitaires\/#respond\"]}]},{\"@type\":\"WebPage\",\"@id\":\"https:\/\/lyonbondyblog.fr\/LBB\/les-residences-universitaires-a-lyon-inegalitaires\/\",\"url\":\"https:\/\/lyonbondyblog.fr\/LBB\/les-residences-universitaires-a-lyon-inegalitaires\/\",\"name\":\"Les R\u00e9sidences Universitaires \u00e0 Lyon in\u00e9galitaires ? - Lyon Bondy Blog\",\"isPartOf\":{\"@id\":\"https:\/\/lyonbondyblog.fr\/LBB\/#website\"},\"datePublished\":\"2009-05-29T12:30:52+00:00\",\"dateModified\":\"2013-08-02T12:32:39+00:00\",\"inLanguage\":\"fr-FR\",\"potentialAction\":[{\"@type\":\"ReadAction\",\"target\":[\"https:\/\/lyonbondyblog.fr\/LBB\/les-residences-universitaires-a-lyon-inegalitaires\/\"]}]},{\"@type\":\"WebSite\",\"@id\":\"https:\/\/lyonbondyblog.fr\/LBB\/#website\",\"url\":\"https:\/\/lyonbondyblog.fr\/LBB\/\",\"name\":\"Lyon Bondy Blog\",\"description\":\"\",\"publisher\":{\"@id\":\"https:\/\/lyonbondyblog.fr\/LBB\/#organization\"},\"potentialAction\":[{\"@type\":\"SearchAction\",\"target\":{\"@type\":\"EntryPoint\",\"urlTemplate\":\"https:\/\/lyonbondyblog.fr\/LBB\/?s={search_term_string}\"},\"query-input\":\"required name=search_term_string\"}],\"inLanguage\":\"fr-FR\"},{\"@type\":\"Organization\",\"@id\":\"https:\/\/lyonbondyblog.fr\/LBB\/#organization\",\"name\":\"LYON BONDY BLOG\",\"url\":\"https:\/\/lyonbondyblog.fr\/LBB\/\",\"logo\":{\"@type\":\"ImageObject\",\"inLanguage\":\"fr-FR\",\"@id\":\"https:\/\/lyonbondyblog.fr\/LBB\/#\/schema\/logo\/image\/\",\"url\":\"http:\/\/lyonbondyblog.fr\/LBB\/wp-content\/uploads\/2014\/10\/logo-portable-144.png\",\"contentUrl\":\"http:\/\/lyonbondyblog.fr\/LBB\/wp-content\/uploads\/2014\/10\/logo-portable-144.png\",\"width\":144,\"height\":123,\"caption\":\"LYON BONDY BLOG\"},\"image\":{\"@id\":\"https:\/\/lyonbondyblog.fr\/LBB\/#\/schema\/logo\/image\/\"},\"sameAs\":[\"https:\/\/www.facebook.com\/lyonbondyblog\",\"https:\/\/x.com\/bondybloglyon\"]},{\"@type\":\"Person\",\"@id\":\"https:\/\/lyonbondyblog.fr\/LBB\/#\/schema\/person\/e45f8d27baac75072daa0be50c409b25\",\"name\":\"La r\u00e9daction\",\"description\":\"Cr\u00e9e en 2008, la r\u00e9daction du Lyon Bondy Blog s'applique \u00e0 proposer une information locale diff\u00e9rente et compl\u00e9mentaire des m\u00e9dias traditionnels.\",\"sameAs\":[\"https:\/\/www.facebook.com\/lyonbondyblog\",\"https:\/\/x.com\/BondyBlogLyon\"],\"url\":\"https:\/\/lyonbondyblog.fr\/LBB\/author\/admin\/\"}]}<\/script>\n<!-- \/ Yoast SEO plugin. -->","yoast_head_json":{"title":"Les R\u00e9sidences Universitaires \u00e0 Lyon in\u00e9galitaires ? - Lyon Bondy Blog","robots":{"index":"index","follow":"follow","max-snippet":"max-snippet:-1","max-image-preview":"max-image-preview:large","max-video-preview":"max-video-preview:-1"},"canonical":"https:\/\/lyonbondyblog.fr\/LBB\/les-residences-universitaires-a-lyon-inegalitaires\/","og_locale":"fr_FR","og_type":"article","og_title":"Les R\u00e9sidences Universitaires \u00e0 Lyon in\u00e9galitaires ? - Lyon Bondy Blog","og_description":"Regard chinois sur le probl\u00e8me des chambres universitaires. Les \u00e9tudiants \u00e9trangers \u00e9prouveraient des difficult\u00e9s \u00e0 passer plus d&rsquo;une ann\u00e9e en r\u00e9sidence U. Avant d\u2019arriver \u00e0 &hellip;","og_url":"https:\/\/lyonbondyblog.fr\/LBB\/les-residences-universitaires-a-lyon-inegalitaires\/","og_site_name":"Lyon Bondy Blog","article_publisher":"https:\/\/www.facebook.com\/lyonbondyblog","article_author":"https:\/\/www.facebook.com\/lyonbondyblog","article_published_time":"2009-05-29T12:30:52+00:00","article_modified_time":"2013-08-02T12:32:39+00:00","og_image":[{"width":851,"height":200,"url":"https:\/\/lyonbondyblog.fr\/LBB\/wp-content\/uploads\/2014\/10\/Bandeau-Site-V2-011-2.jpg","type":"image\/jpeg"}],"author":"La r\u00e9daction","twitter_card":"summary_large_image","twitter_creator":"@BondyBlogLyon","twitter_site":"@bondybloglyon","schema":{"@context":"https:\/\/schema.org","@graph":[{"@type":"Article","@id":"https:\/\/lyonbondyblog.fr\/LBB\/les-residences-universitaires-a-lyon-inegalitaires\/#article","isPartOf":{"@id":"https:\/\/lyonbondyblog.fr\/LBB\/les-residences-universitaires-a-lyon-inegalitaires\/"},"author":{"name":"La r\u00e9daction","@id":"https:\/\/lyonbondyblog.fr\/LBB\/#\/schema\/person\/e45f8d27baac75072daa0be50c409b25"},"headline":"Les R\u00e9sidences Universitaires \u00e0 Lyon in\u00e9galitaires ?","datePublished":"2009-05-29T12:30:52+00:00","dateModified":"2013-08-02T12:32:39+00:00","mainEntityOfPage":{"@id":"https:\/\/lyonbondyblog.fr\/LBB\/les-residences-universitaires-a-lyon-inegalitaires\/"},"wordCount":476,"commentCount":0,"publisher":{"@id":"https:\/\/lyonbondyblog.fr\/LBB\/#organization"},"keywords":["in\u00e9galit\u00e9","logement","lyon","Lyon Bondy Blog","r\u00e9sidence universitaire"],"articleSection":["Lyon"],"inLanguage":"fr-FR","potentialAction":[{"@type":"CommentAction","name":"Comment","target":["https:\/\/lyonbondyblog.fr\/LBB\/les-residences-universitaires-a-lyon-inegalitaires\/#respond"]}]},{"@type":"WebPage","@id":"https:\/\/lyonbondyblog.fr\/LBB\/les-residences-universitaires-a-lyon-inegalitaires\/","url":"https:\/\/lyonbondyblog.fr\/LBB\/les-residences-universitaires-a-lyon-inegalitaires\/","name":"Les R\u00e9sidences Universitaires \u00e0 Lyon in\u00e9galitaires ? - Lyon Bondy Blog","isPartOf":{"@id":"https:\/\/lyonbondyblog.fr\/LBB\/#website"},"datePublished":"2009-05-29T12:30:52+00:00","dateModified":"2013-08-02T12:32:39+00:00","inLanguage":"fr-FR","potentialAction":[{"@type":"ReadAction","target":["https:\/\/lyonbondyblog.fr\/LBB\/les-residences-universitaires-a-lyon-inegalitaires\/"]}]},{"@type":"WebSite","@id":"https:\/\/lyonbondyblog.fr\/LBB\/#website","url":"https:\/\/lyonbondyblog.fr\/LBB\/","name":"Lyon Bondy Blog","description":"","publisher":{"@id":"https:\/\/lyonbondyblog.fr\/LBB\/#organization"},"potentialAction":[{"@type":"SearchAction","target":{"@type":"EntryPoint","urlTemplate":"https:\/\/lyonbondyblog.fr\/LBB\/?s={search_term_string}"},"query-input":"required name=search_term_string"}],"inLanguage":"fr-FR"},{"@type":"Organization","@id":"https:\/\/lyonbondyblog.fr\/LBB\/#organization","name":"LYON BONDY BLOG","url":"https:\/\/lyonbondyblog.fr\/LBB\/","logo":{"@type":"ImageObject","inLanguage":"fr-FR","@id":"https:\/\/lyonbondyblog.fr\/LBB\/#\/schema\/logo\/image\/","url":"http:\/\/lyonbondyblog.fr\/LBB\/wp-content\/uploads\/2014\/10\/logo-portable-144.png","contentUrl":"http:\/\/lyonbondyblog.fr\/LBB\/wp-content\/uploads\/2014\/10\/logo-portable-144.png","width":144,"height":123,"caption":"LYON BONDY BLOG"},"image":{"@id":"https:\/\/lyonbondyblog.fr\/LBB\/#\/schema\/logo\/image\/"},"sameAs":["https:\/\/www.facebook.com\/lyonbondyblog","https:\/\/x.com\/bondybloglyon"]},{"@type":"Person","@id":"https:\/\/lyonbondyblog.fr\/LBB\/#\/schema\/person\/e45f8d27baac75072daa0be50c409b25","name":"La r\u00e9daction","description":"Cr\u00e9e en 2008, la r\u00e9daction du Lyon Bondy Blog s'applique \u00e0 proposer une information locale diff\u00e9rente et compl\u00e9mentaire des m\u00e9dias traditionnels.","sameAs":["https:\/\/www.facebook.com\/lyonbondyblog","https:\/\/x.com\/BondyBlogLyon"],"url":"https:\/\/lyonbondyblog.fr\/LBB\/author\/admin\/"}]}},"_links":{"self":[{"href":"https:\/\/lyonbondyblog.fr\/LBB\/wp-json\/wp\/v2\/posts\/3385","targetHints":{"allow":["GET"]}}],"collection":[{"href":"https:\/\/lyonbondyblog.fr\/LBB\/wp-json\/wp\/v2\/posts"}],"about":[{"href":"https:\/\/lyonbondyblog.fr\/LBB\/wp-json\/wp\/v2\/types\/post"}],"author":[{"embeddable":true,"href":"https:\/\/lyonbondyblog.fr\/LBB\/wp-json\/wp\/v2\/users\/1"}],"replies":[{"embeddable":true,"href":"https:\/\/lyonbondyblog.fr\/LBB\/wp-json\/wp\/v2\/comments?post=3385"}],"version-history":[{"count":0,"href":"https:\/\/lyonbondyblog.fr\/LBB\/wp-json\/wp\/v2\/posts\/3385\/revisions"}],"wp:attachment":[{"href":"https:\/\/lyonbondyblog.fr\/LBB\/wp-json\/wp\/v2\/media?parent=3385"}],"wp:term":[{"taxonomy":"category","embeddable":true,"href":"https:\/\/lyonbondyblog.fr\/LBB\/wp-json\/wp\/v2\/categories?post=3385"},{"taxonomy":"post_tag","embeddable":true,"href":"https:\/\/lyonbondyblog.fr\/LBB\/wp-json\/wp\/v2\/tags?post=3385"}],"curies":[{"name":"wp","href":"https:\/\/api.w.org\/{rel}","templated":true}]}}