{"id":33803,"date":"2024-05-17T16:38:38","date_gmt":"2024-05-17T14:38:38","guid":{"rendered":"https:\/\/lyonbondyblog.fr\/LBB\/?p=33803"},"modified":"2024-05-20T22:28:07","modified_gmt":"2024-05-20T20:28:07","slug":"entre-rehabilitation-et-rechute-un-jeune-lyonnais-face-a-la-justice","status":"publish","type":"post","link":"https:\/\/lyonbondyblog.fr\/LBB\/entre-rehabilitation-et-rechute-un-jeune-lyonnais-face-a-la-justice\/","title":{"rendered":"Entre r\u00e9habilitation et rechute : un jeune lyonnais face \u00e0 la justice"},"content":{"rendered":"\n<p><strong>Mardi 7 mai, devant le tribunal judiciaire de Lyon, un jeune homme de 20 ans \u00e9tait au c\u0153ur d\u2019une audience pour transport et trafic de stup\u00e9fiants, le gar\u00e7on bl\u00e2me le stress qu\u2019il g\u00e8re \u00e0 travers alcool et drogue.&nbsp;<\/strong><\/p>\n\n\n\n<p>Dans l\u2019enceinte du tribunal, une histoire d\u2019addictions et de rechutes se d\u00e9voile peu \u00e0 peu en attendant le verdict.&nbsp;<\/p>\n\n\n\n<p>Intercept\u00e9 durant la nuit du 6 mai \u00e0 la Muleti\u00e8re avec de la MDMA, du LSD et du cannabis, ce n\u2019est pas la premi\u00e8re fois que le gar\u00e7on se retrouve face \u00e0 la justice. Son pass\u00e9 est lourd : enfance \u00e9maill\u00e9e de violences, p\u00e9riodes de sans-abrisme, tentatives d\u2019\u00e9tudes bris\u00e9es par une blessure, et un service civique sans lendemain. Le cycle semblait bris\u00e9 jusqu\u2019\u00e0 ce que la r\u00e9cente hospitalisation de sa m\u00e8re le replonge dans ses anciens travers de consommateur.<\/p>\n\n\n\n<p>Le soir de son arrestation, la d\u00e9couverte de 4750\u20ac en esp\u00e8ces chez lui a accentu\u00e9 les suspicions de ses activit\u00e9s illicites. Son avocate a soulign\u00e9 les efforts de r\u00e9habilitation, malgr\u00e9 les rechutes, et a demand\u00e9 une mesure de contr\u00f4le judiciaire \u00e0 domicile. Acceptant partiellement ces arguments, le juge a impos\u00e9 un contr\u00f4le judiciaire avec couvre-feu, permettant une surveillance tout en offrant une opportunit\u00e9 de redressement pendant l\u2019attente de son jugement.&nbsp;<\/p>\n\n\n\n<p>Affaire suivante.<\/p>\n<!-- AddThis Advanced Settings generic via filter on the_content --><!-- AddThis Share Buttons generic via filter on the_content -->","protected":false},"excerpt":{"rendered":"<p>Mardi 7 mai, devant le tribunal judiciaire de Lyon, un jeune homme de 20 ans \u00e9tait au c\u0153ur d\u2019une audience pour transport et trafic de &hellip; <!-- AddThis Advanced Settings generic via filter on wp_trim_excerpt --><!-- AddThis Share Buttons generic via filter on wp_trim_excerpt --><\/p>\n","protected":false},"author":31889,"featured_media":33244,"comment_status":"open","ping_status":"open","sticky":true,"template":"","format":"standard","meta":{"_FSMCFIC_featured_image_caption":"","_FSMCFIC_featured_image_nocaption":"","_FSMCFIC_featured_image_hide":"","footnotes":""},"categories":[3898],"tags":[563,28388,395,135,10,112,559],"class_list":["post-33803","post","type-post","status-publish","format-standard","has-post-thumbnail","hentry","category-justice","tag-affaire","tag-affaire-judiciaire","tag-justice","tag-lbb","tag-lyon-2","tag-lyon-bondy-blog","tag-tribunal"],"yoast_head":"<!-- This site is optimized with the Yoast SEO plugin v22.8 - https:\/\/yoast.com\/wordpress\/plugins\/seo\/ -->\n<title>Entre r\u00e9habilitation et rechute : un jeune lyonnais face \u00e0 la justice<\/title>\n<meta name=\"description\" content=\"Mardi 7 mai, devant le tribunal judiciaire de Lyon, un jeune homme de 20 ans \u00e9tait au c\u0153ur d\u2019une audience pour transport et trafic de stup\u00e9fiants, le gar\u00e7on bl\u00e2me le stress qu\u2019il g\u00e8re \u00e0 travers alcool et drogue.\u00a0\" \/>\n<meta name=\"robots\" content=\"index, follow, max-snippet:-1, max-image-preview:large, max-video-preview:-1\" \/>\n<link rel=\"canonical\" href=\"https:\/\/lyonbondyblog.fr\/LBB\/entre-rehabilitation-et-rechute-un-jeune-lyonnais-face-a-la-justice\/\" \/>\n<meta property=\"og:locale\" content=\"fr_FR\" \/>\n<meta property=\"og:type\" content=\"article\" \/>\n<meta property=\"og:title\" content=\"Entre r\u00e9habilitation et rechute : un jeune lyonnais face \u00e0 la justice\" \/>\n<meta property=\"og:description\" content=\"Mardi 7 mai, devant le tribunal judiciaire de Lyon, un jeune homme de 20 ans \u00e9tait au c\u0153ur d\u2019une audience pour transport et trafic de stup\u00e9fiants, le gar\u00e7on bl\u00e2me le stress qu\u2019il g\u00e8re \u00e0 travers alcool et drogue.\u00a0\" \/>\n<meta property=\"og:url\" content=\"https:\/\/lyonbondyblog.fr\/LBB\/entre-rehabilitation-et-rechute-un-jeune-lyonnais-face-a-la-justice\/\" \/>\n<meta property=\"og:site_name\" content=\"Lyon Bondy Blog\" \/>\n<meta property=\"article:publisher\" content=\"https:\/\/www.facebook.com\/lyonbondyblog\" \/>\n<meta property=\"article:published_time\" content=\"2024-05-17T14:38:38+00:00\" \/>\n<meta property=\"article:modified_time\" content=\"2024-05-20T20:28:07+00:00\" \/>\n<meta property=\"og:image\" content=\"https:\/\/lyonbondyblog.fr\/LBB\/wp-content\/uploads\/2024\/03\/chronique-judiciaire.jpg\" \/>\n\t<meta property=\"og:image:width\" content=\"1400\" \/>\n\t<meta property=\"og:image:height\" content=\"800\" \/>\n\t<meta property=\"og:image:type\" content=\"image\/jpeg\" \/>\n<meta name=\"author\" content=\"Essia Ben Miled\" \/>\n<meta name=\"twitter:card\" content=\"summary_large_image\" \/>\n<meta name=\"twitter:creator\" content=\"@bondybloglyon\" \/>\n<meta name=\"twitter:site\" content=\"@bondybloglyon\" \/>\n<script type=\"application\/ld+json\" class=\"yoast-schema-graph\">{\"@context\":\"https:\/\/schema.org\",\"@graph\":[{\"@type\":\"Article\",\"@id\":\"https:\/\/lyonbondyblog.fr\/LBB\/entre-rehabilitation-et-rechute-un-jeune-lyonnais-face-a-la-justice\/#article\",\"isPartOf\":{\"@id\":\"https:\/\/lyonbondyblog.fr\/LBB\/entre-rehabilitation-et-rechute-un-jeune-lyonnais-face-a-la-justice\/\"},\"author\":{\"name\":\"Essia Ben Miled\",\"@id\":\"https:\/\/lyonbondyblog.fr\/LBB\/#\/schema\/person\/470fa22b25d03223ce610e04b5d0eea7\"},\"headline\":\"Entre r\u00e9habilitation et rechute : un jeune lyonnais face \u00e0 la justice\",\"datePublished\":\"2024-05-17T14:38:38+00:00\",\"dateModified\":\"2024-05-20T20:28:07+00:00\",\"mainEntityOfPage\":{\"@id\":\"https:\/\/lyonbondyblog.fr\/LBB\/entre-rehabilitation-et-rechute-un-jeune-lyonnais-face-a-la-justice\/\"},\"wordCount\":239,\"commentCount\":0,\"publisher\":{\"@id\":\"https:\/\/lyonbondyblog.fr\/LBB\/#organization\"},\"image\":{\"@id\":\"https:\/\/lyonbondyblog.fr\/LBB\/entre-rehabilitation-et-rechute-un-jeune-lyonnais-face-a-la-justice\/#primaryimage\"},\"thumbnailUrl\":\"https:\/\/lyonbondyblog.fr\/LBB\/wp-content\/uploads\/2024\/03\/chronique-judiciaire.jpg\",\"keywords\":[\"affaire\",\"affaire judiciaire\",\"justice\",\"LBB\",\"lyon\",\"Lyon Bondy Blog\",\"tribunal\"],\"articleSection\":[\"Justice\"],\"inLanguage\":\"fr-FR\",\"potentialAction\":[{\"@type\":\"CommentAction\",\"name\":\"Comment\",\"target\":[\"https:\/\/lyonbondyblog.fr\/LBB\/entre-rehabilitation-et-rechute-un-jeune-lyonnais-face-a-la-justice\/#respond\"]}]},{\"@type\":\"WebPage\",\"@id\":\"https:\/\/lyonbondyblog.fr\/LBB\/entre-rehabilitation-et-rechute-un-jeune-lyonnais-face-a-la-justice\/\",\"url\":\"https:\/\/lyonbondyblog.fr\/LBB\/entre-rehabilitation-et-rechute-un-jeune-lyonnais-face-a-la-justice\/\",\"name\":\"Entre r\u00e9habilitation et rechute : un jeune lyonnais face \u00e0 la justice\",\"isPartOf\":{\"@id\":\"https:\/\/lyonbondyblog.fr\/LBB\/#website\"},\"primaryImageOfPage\":{\"@id\":\"https:\/\/lyonbondyblog.fr\/LBB\/entre-rehabilitation-et-rechute-un-jeune-lyonnais-face-a-la-justice\/#primaryimage\"},\"image\":{\"@id\":\"https:\/\/lyonbondyblog.fr\/LBB\/entre-rehabilitation-et-rechute-un-jeune-lyonnais-face-a-la-justice\/#primaryimage\"},\"thumbnailUrl\":\"https:\/\/lyonbondyblog.fr\/LBB\/wp-content\/uploads\/2024\/03\/chronique-judiciaire.jpg\",\"datePublished\":\"2024-05-17T14:38:38+00:00\",\"dateModified\":\"2024-05-20T20:28:07+00:00\",\"description\":\"Mardi 7 mai, devant le tribunal judiciaire de Lyon, un jeune homme de 20 ans \u00e9tait au c\u0153ur d\u2019une audience pour transport et trafic de stup\u00e9fiants, le gar\u00e7on bl\u00e2me le stress qu\u2019il g\u00e8re \u00e0 travers alcool et drogue.\u00a0\",\"inLanguage\":\"fr-FR\",\"potentialAction\":[{\"@type\":\"ReadAction\",\"target\":[\"https:\/\/lyonbondyblog.fr\/LBB\/entre-rehabilitation-et-rechute-un-jeune-lyonnais-face-a-la-justice\/\"]}]},{\"@type\":\"ImageObject\",\"inLanguage\":\"fr-FR\",\"@id\":\"https:\/\/lyonbondyblog.fr\/LBB\/entre-rehabilitation-et-rechute-un-jeune-lyonnais-face-a-la-justice\/#primaryimage\",\"url\":\"https:\/\/lyonbondyblog.fr\/LBB\/wp-content\/uploads\/2024\/03\/chronique-judiciaire.jpg\",\"contentUrl\":\"https:\/\/lyonbondyblog.fr\/LBB\/wp-content\/uploads\/2024\/03\/chronique-judiciaire.jpg\",\"width\":1400,\"height\":800},{\"@type\":\"WebSite\",\"@id\":\"https:\/\/lyonbondyblog.fr\/LBB\/#website\",\"url\":\"https:\/\/lyonbondyblog.fr\/LBB\/\",\"name\":\"Lyon Bondy Blog\",\"description\":\"\",\"publisher\":{\"@id\":\"https:\/\/lyonbondyblog.fr\/LBB\/#organization\"},\"potentialAction\":[{\"@type\":\"SearchAction\",\"target\":{\"@type\":\"EntryPoint\",\"urlTemplate\":\"https:\/\/lyonbondyblog.fr\/LBB\/?s={search_term_string}\"},\"query-input\":\"required name=search_term_string\"}],\"inLanguage\":\"fr-FR\"},{\"@type\":\"Organization\",\"@id\":\"https:\/\/lyonbondyblog.fr\/LBB\/#organization\",\"name\":\"LYON BONDY BLOG\",\"url\":\"https:\/\/lyonbondyblog.fr\/LBB\/\",\"logo\":{\"@type\":\"ImageObject\",\"inLanguage\":\"fr-FR\",\"@id\":\"https:\/\/lyonbondyblog.fr\/LBB\/#\/schema\/logo\/image\/\",\"url\":\"http:\/\/lyonbondyblog.fr\/LBB\/wp-content\/uploads\/2014\/10\/logo-portable-144.png\",\"contentUrl\":\"http:\/\/lyonbondyblog.fr\/LBB\/wp-content\/uploads\/2014\/10\/logo-portable-144.png\",\"width\":144,\"height\":123,\"caption\":\"LYON BONDY BLOG\"},\"image\":{\"@id\":\"https:\/\/lyonbondyblog.fr\/LBB\/#\/schema\/logo\/image\/\"},\"sameAs\":[\"https:\/\/www.facebook.com\/lyonbondyblog\",\"https:\/\/x.com\/bondybloglyon\"]},{\"@type\":\"Person\",\"@id\":\"https:\/\/lyonbondyblog.fr\/LBB\/#\/schema\/person\/470fa22b25d03223ce610e04b5d0eea7\",\"name\":\"Essia Ben Miled\",\"url\":\"https:\/\/lyonbondyblog.fr\/LBB\/author\/ebenmiled24gmail-com\/\"}]}<\/script>\n<!-- \/ Yoast SEO plugin. -->","yoast_head_json":{"title":"Entre r\u00e9habilitation et rechute : un jeune lyonnais face \u00e0 la justice","description":"Mardi 7 mai, devant le tribunal judiciaire de Lyon, un jeune homme de 20 ans \u00e9tait au c\u0153ur d\u2019une audience pour transport et trafic de stup\u00e9fiants, le gar\u00e7on bl\u00e2me le stress qu\u2019il g\u00e8re \u00e0 travers alcool et drogue.\u00a0","robots":{"index":"index","follow":"follow","max-snippet":"max-snippet:-1","max-image-preview":"max-image-preview:large","max-video-preview":"max-video-preview:-1"},"canonical":"https:\/\/lyonbondyblog.fr\/LBB\/entre-rehabilitation-et-rechute-un-jeune-lyonnais-face-a-la-justice\/","og_locale":"fr_FR","og_type":"article","og_title":"Entre r\u00e9habilitation et rechute : un jeune lyonnais face \u00e0 la justice","og_description":"Mardi 7 mai, devant le tribunal judiciaire de Lyon, un jeune homme de 20 ans \u00e9tait au c\u0153ur d\u2019une audience pour transport et trafic de stup\u00e9fiants, le gar\u00e7on bl\u00e2me le stress qu\u2019il g\u00e8re \u00e0 travers alcool et drogue.\u00a0","og_url":"https:\/\/lyonbondyblog.fr\/LBB\/entre-rehabilitation-et-rechute-un-jeune-lyonnais-face-a-la-justice\/","og_site_name":"Lyon Bondy Blog","article_publisher":"https:\/\/www.facebook.com\/lyonbondyblog","article_published_time":"2024-05-17T14:38:38+00:00","article_modified_time":"2024-05-20T20:28:07+00:00","og_image":[{"width":1400,"height":800,"url":"https:\/\/lyonbondyblog.fr\/LBB\/wp-content\/uploads\/2024\/03\/chronique-judiciaire.jpg","type":"image\/jpeg"}],"author":"Essia Ben Miled","twitter_card":"summary_large_image","twitter_creator":"@bondybloglyon","twitter_site":"@bondybloglyon","schema":{"@context":"https:\/\/schema.org","@graph":[{"@type":"Article","@id":"https:\/\/lyonbondyblog.fr\/LBB\/entre-rehabilitation-et-rechute-un-jeune-lyonnais-face-a-la-justice\/#article","isPartOf":{"@id":"https:\/\/lyonbondyblog.fr\/LBB\/entre-rehabilitation-et-rechute-un-jeune-lyonnais-face-a-la-justice\/"},"author":{"name":"Essia Ben Miled","@id":"https:\/\/lyonbondyblog.fr\/LBB\/#\/schema\/person\/470fa22b25d03223ce610e04b5d0eea7"},"headline":"Entre r\u00e9habilitation et rechute : un jeune lyonnais face \u00e0 la justice","datePublished":"2024-05-17T14:38:38+00:00","dateModified":"2024-05-20T20:28:07+00:00","mainEntityOfPage":{"@id":"https:\/\/lyonbondyblog.fr\/LBB\/entre-rehabilitation-et-rechute-un-jeune-lyonnais-face-a-la-justice\/"},"wordCount":239,"commentCount":0,"publisher":{"@id":"https:\/\/lyonbondyblog.fr\/LBB\/#organization"},"image":{"@id":"https:\/\/lyonbondyblog.fr\/LBB\/entre-rehabilitation-et-rechute-un-jeune-lyonnais-face-a-la-justice\/#primaryimage"},"thumbnailUrl":"https:\/\/lyonbondyblog.fr\/LBB\/wp-content\/uploads\/2024\/03\/chronique-judiciaire.jpg","keywords":["affaire","affaire judiciaire","justice","LBB","lyon","Lyon Bondy Blog","tribunal"],"articleSection":["Justice"],"inLanguage":"fr-FR","potentialAction":[{"@type":"CommentAction","name":"Comment","target":["https:\/\/lyonbondyblog.fr\/LBB\/entre-rehabilitation-et-rechute-un-jeune-lyonnais-face-a-la-justice\/#respond"]}]},{"@type":"WebPage","@id":"https:\/\/lyonbondyblog.fr\/LBB\/entre-rehabilitation-et-rechute-un-jeune-lyonnais-face-a-la-justice\/","url":"https:\/\/lyonbondyblog.fr\/LBB\/entre-rehabilitation-et-rechute-un-jeune-lyonnais-face-a-la-justice\/","name":"Entre r\u00e9habilitation et rechute : un jeune lyonnais face \u00e0 la justice","isPartOf":{"@id":"https:\/\/lyonbondyblog.fr\/LBB\/#website"},"primaryImageOfPage":{"@id":"https:\/\/lyonbondyblog.fr\/LBB\/entre-rehabilitation-et-rechute-un-jeune-lyonnais-face-a-la-justice\/#primaryimage"},"image":{"@id":"https:\/\/lyonbondyblog.fr\/LBB\/entre-rehabilitation-et-rechute-un-jeune-lyonnais-face-a-la-justice\/#primaryimage"},"thumbnailUrl":"https:\/\/lyonbondyblog.fr\/LBB\/wp-content\/uploads\/2024\/03\/chronique-judiciaire.jpg","datePublished":"2024-05-17T14:38:38+00:00","dateModified":"2024-05-20T20:28:07+00:00","description":"Mardi 7 mai, devant le tribunal judiciaire de Lyon, un jeune homme de 20 ans \u00e9tait au c\u0153ur d\u2019une audience pour transport et trafic de stup\u00e9fiants, le gar\u00e7on bl\u00e2me le stress qu\u2019il g\u00e8re \u00e0 travers alcool et drogue.\u00a0","inLanguage":"fr-FR","potentialAction":[{"@type":"ReadAction","target":["https:\/\/lyonbondyblog.fr\/LBB\/entre-rehabilitation-et-rechute-un-jeune-lyonnais-face-a-la-justice\/"]}]},{"@type":"ImageObject","inLanguage":"fr-FR","@id":"https:\/\/lyonbondyblog.fr\/LBB\/entre-rehabilitation-et-rechute-un-jeune-lyonnais-face-a-la-justice\/#primaryimage","url":"https:\/\/lyonbondyblog.fr\/LBB\/wp-content\/uploads\/2024\/03\/chronique-judiciaire.jpg","contentUrl":"https:\/\/lyonbondyblog.fr\/LBB\/wp-content\/uploads\/2024\/03\/chronique-judiciaire.jpg","width":1400,"height":800},{"@type":"WebSite","@id":"https:\/\/lyonbondyblog.fr\/LBB\/#website","url":"https:\/\/lyonbondyblog.fr\/LBB\/","name":"Lyon Bondy Blog","description":"","publisher":{"@id":"https:\/\/lyonbondyblog.fr\/LBB\/#organization"},"potentialAction":[{"@type":"SearchAction","target":{"@type":"EntryPoint","urlTemplate":"https:\/\/lyonbondyblog.fr\/LBB\/?s={search_term_string}"},"query-input":"required name=search_term_string"}],"inLanguage":"fr-FR"},{"@type":"Organization","@id":"https:\/\/lyonbondyblog.fr\/LBB\/#organization","name":"LYON BONDY BLOG","url":"https:\/\/lyonbondyblog.fr\/LBB\/","logo":{"@type":"ImageObject","inLanguage":"fr-FR","@id":"https:\/\/lyonbondyblog.fr\/LBB\/#\/schema\/logo\/image\/","url":"http:\/\/lyonbondyblog.fr\/LBB\/wp-content\/uploads\/2014\/10\/logo-portable-144.png","contentUrl":"http:\/\/lyonbondyblog.fr\/LBB\/wp-content\/uploads\/2014\/10\/logo-portable-144.png","width":144,"height":123,"caption":"LYON BONDY BLOG"},"image":{"@id":"https:\/\/lyonbondyblog.fr\/LBB\/#\/schema\/logo\/image\/"},"sameAs":["https:\/\/www.facebook.com\/lyonbondyblog","https:\/\/x.com\/bondybloglyon"]},{"@type":"Person","@id":"https:\/\/lyonbondyblog.fr\/LBB\/#\/schema\/person\/470fa22b25d03223ce610e04b5d0eea7","name":"Essia Ben Miled","url":"https:\/\/lyonbondyblog.fr\/LBB\/author\/ebenmiled24gmail-com\/"}]}},"_links":{"self":[{"href":"https:\/\/lyonbondyblog.fr\/LBB\/wp-json\/wp\/v2\/posts\/33803","targetHints":{"allow":["GET"]}}],"collection":[{"href":"https:\/\/lyonbondyblog.fr\/LBB\/wp-json\/wp\/v2\/posts"}],"about":[{"href":"https:\/\/lyonbondyblog.fr\/LBB\/wp-json\/wp\/v2\/types\/post"}],"author":[{"embeddable":true,"href":"https:\/\/lyonbondyblog.fr\/LBB\/wp-json\/wp\/v2\/users\/31889"}],"replies":[{"embeddable":true,"href":"https:\/\/lyonbondyblog.fr\/LBB\/wp-json\/wp\/v2\/comments?post=33803"}],"version-history":[{"count":3,"href":"https:\/\/lyonbondyblog.fr\/LBB\/wp-json\/wp\/v2\/posts\/33803\/revisions"}],"predecessor-version":[{"id":33850,"href":"https:\/\/lyonbondyblog.fr\/LBB\/wp-json\/wp\/v2\/posts\/33803\/revisions\/33850"}],"wp:featuredmedia":[{"embeddable":true,"href":"https:\/\/lyonbondyblog.fr\/LBB\/wp-json\/wp\/v2\/media\/33244"}],"wp:attachment":[{"href":"https:\/\/lyonbondyblog.fr\/LBB\/wp-json\/wp\/v2\/media?parent=33803"}],"wp:term":[{"taxonomy":"category","embeddable":true,"href":"https:\/\/lyonbondyblog.fr\/LBB\/wp-json\/wp\/v2\/categories?post=33803"},{"taxonomy":"post_tag","embeddable":true,"href":"https:\/\/lyonbondyblog.fr\/LBB\/wp-json\/wp\/v2\/tags?post=33803"}],"curies":[{"name":"wp","href":"https:\/\/api.w.org\/{rel}","templated":true}]}}