{"id":33557,"date":"2024-04-25T13:17:00","date_gmt":"2024-04-25T11:17:00","guid":{"rendered":"https:\/\/lyonbondyblog.fr\/LBB\/?p=33557"},"modified":"2024-04-25T14:25:55","modified_gmt":"2024-04-25T12:25:55","slug":"vaulx-all-star-le-rendez-vous-des-etoiles-montantes-du-rap-selon-engal-sama","status":"publish","type":"post","link":"https:\/\/lyonbondyblog.fr\/LBB\/vaulx-all-star-le-rendez-vous-des-etoiles-montantes-du-rap-selon-engal-sama\/","title":{"rendered":"Vaulx All-Stars : Le rendez-vous des \u00e9toiles montantes du rap selon Engal Sama"},"content":{"rendered":"\n<p>Le 27 avril 2024, le centre culturel Charlie Chaplin \u00e0 Vaulx-en-Velin se transformera en un champ de bataille lyrique pour la toute premi\u00e8re \u00e9dition du \u00ab&nbsp;Vaulx All Star&nbsp;\u00bb, un concours de rap int\u00e9gr\u00e9 au festival \u00ab\u00a0Le Printemps des Possibles\u00a0\u00bb et organis\u00e9 par le label Urban Vaulx.<\/p>\n\n\n\n<p>Dans une interview exclusive, Engal Sama, rappeur, beatmaker et cofondateur du label DOJO, nous a pr\u00e9sent\u00e9 cet \u00e9v\u00e9nement in\u00e9dit destin\u00e9 \u00e0 mettre en lumi\u00e8re les talents \u00e9mergents du rap. Gratuite et ouverte \u00e0 tous, cette rencontre promet non seulement de captiver les amateurs de rap avec des performances dynamiques, mais aussi d&rsquo;encourager de jeunes artistes locaux \u00e0 s\u2019imposer sur la sc\u00e8ne du rap lyonnais.<\/p>\n\n\n\n<p><strong>Un label associatif et engag\u00e9<\/strong><\/p>\n\n\n\n<p>Fond\u00e9 en 2020 par le rappeur Engel Sama et Dark Manix, manager, graphiste et directeur artistique,&nbsp;<a href=\"https:\/\/dojorecords.fr\/fr\" target=\"_blank\" rel=\"noreferrer noopener\">le label associatif DOJO<\/a>&nbsp;se d\u00e9marque par son engagement profond envers l&rsquo;\u00e9ducation populaire \u00e0 travers les arts.<\/p>\n\n\n\n<p>\u00c0 travers une vari\u00e9t\u00e9 d\u2019ateliers, le label encourage les jeunes \u00e0 explorer leurs aptitudes et leur curiosit\u00e9 cr\u00e9ative.<\/p>\n\n\n\n<p>Notre invit\u00e9 met en avant l&rsquo;importance des collaborations locales au niveau culturel, notamment entre la mairie de Vaulx-en-Velin et l&rsquo;\u00e9cole des arts, qui ensemble ont enrichi l&rsquo;infrastructure de la ville avec la cr\u00e9ation d&rsquo;un studio d\u2019enregistrement. Ce partenariat illustre bien la vision de l\u2019artiste, non seulement nourrir le talent artistique au sens pur, mais aussi construire des bases solides qui viennent soutenir la croissance culturelle de Vaulx-en-Velin.<\/p>\n\n\n\n<p>Avec un&nbsp;<a href=\"https:\/\/open.spotify.com\/album\/6Rhup4PMYdOW2YRbOkPa5W\" target=\"_blank\" rel=\"noreferrer noopener\">nouvel album lanc\u00e9 le 2 f\u00e9vrier<\/a>&nbsp;et un concert pr\u00e9vu fin avril, ce rappeur lyonnais continue d&rsquo;influencer la sc\u00e8ne musicale tout en soutenant les initiatives qui valorisent les artistes locaux.<\/p>\n\n\n\n<p>Cette premi\u00e8re \u00e9dition du Vaulx All Star promet donc de marquer les esprits et d&rsquo;insuffler une nouvelle vie \u00e0 la sc\u00e8ne rap de la ville.<\/p>\n\n\n\n<p><strong>Un concours au c\u0153ur de la culture urbaine<\/strong><\/p>\n\n\n\n<p><a href=\"https:\/\/soundssobeautiful.net\/agenda\/vaulx-all-star-rap-contest\/\" target=\"_blank\" rel=\"noreferrer noopener\">Le \u00ab&nbsp;Vaulx All Star&nbsp;\u00bb<\/a>&nbsp;est plus qu&rsquo;un simple concours de rap et de punchlines ; c&rsquo;est une c\u00e9l\u00e9bration de la culture urbaine et une plateforme pour que les jeunes artistes d\u00e9fendent leur place sur cette sc\u00e8ne o\u00f9 les spectateurs ont le dernier mot. S\u00e9lectionn\u00e9s parmi une quarantaine de candidats, les douze finalistes doivent d\u00e9montrer leur capacit\u00e9 \u00e0 captiver un public, leur aisance sc\u00e9nique, mais aussi le lyrisme, la r\u00e9elle profondeur de leur texte.<\/p>\n\n\n\n<p>L&rsquo;\u00e9v\u00e9nement va au-del\u00e0 du divertissement ;&nbsp;<a href=\"http:\/\/www.centrecharliechaplin.com\/saison-2023-2024\/evenements\/le-printemps-des-possibles\" target=\"_blank\" rel=\"noreferrer noopener\">organis\u00e9 dans un contexte de festival<\/a>, il vise \u00e0 \u00e9duquer et \u00e0 inspirer, en offrant aux artistes l&rsquo;opportunit\u00e9 de se lancer dans des carri\u00e8res enrichissantes et surtout en prouvant \u00e0 toute la jeunesse que c\u2019est bel et bien possible.<\/p>\n\n\n\n<figure class=\"wp-block-image size-full\"><img loading=\"lazy\" decoding=\"async\" width=\"1067\" height=\"1600\" src=\"https:\/\/lyonbondyblog.fr\/LBB\/wp-content\/uploads\/2024\/04\/7e258a1d-0f4d-434b-9686-78c15a8fcc66.jpg\" alt=\"\" class=\"wp-image-33559\" srcset=\"https:\/\/lyonbondyblog.fr\/LBB\/wp-content\/uploads\/2024\/04\/7e258a1d-0f4d-434b-9686-78c15a8fcc66.jpg 1067w, https:\/\/lyonbondyblog.fr\/LBB\/wp-content\/uploads\/2024\/04\/7e258a1d-0f4d-434b-9686-78c15a8fcc66-800x1200.jpg 800w, https:\/\/lyonbondyblog.fr\/LBB\/wp-content\/uploads\/2024\/04\/7e258a1d-0f4d-434b-9686-78c15a8fcc66-768x1152.jpg 768w, https:\/\/lyonbondyblog.fr\/LBB\/wp-content\/uploads\/2024\/04\/7e258a1d-0f4d-434b-9686-78c15a8fcc66-1024x1536.jpg 1024w\" sizes=\"auto, (max-width: 1067px) 100vw, 1067px\" \/><\/figure>\n\n\n\n<p>Engal Sama appuie l&rsquo;importance de cet \u00e9v\u00e9nement non seulement pour les artistes mais aussi d\u2019un point de vue plus large : pour la ville de Vaulx-en-Velin ; En ouvrant la sc\u00e8ne \u00e0 des talents locaux, Vaulx All Star aspire \u00e0 enrichir le tissu culturel de la r\u00e9gion et \u00e0 encourager la jeunesse \u00e0 s\u2019y engager activement.<\/p>\n\n\n\n<p><strong>Essia Ben Miled<\/strong><\/p>\n<!-- AddThis Advanced Settings generic via filter on the_content --><!-- AddThis Share Buttons generic via filter on the_content -->","protected":false},"excerpt":{"rendered":"<p>Le 27 avril 2024, le centre culturel Charlie Chaplin \u00e0 Vaulx-en-Velin se transformera en un champ de bataille lyrique pour la toute premi\u00e8re \u00e9dition du &hellip; <!-- AddThis Advanced Settings generic via filter on wp_trim_excerpt --><!-- AddThis Share Buttons generic via filter on wp_trim_excerpt --><\/p>\n","protected":false},"author":1,"featured_media":33558,"comment_status":"open","ping_status":"open","sticky":true,"template":"","format":"standard","meta":{"_FSMCFIC_featured_image_caption":"","_FSMCFIC_featured_image_nocaption":"","_FSMCFIC_featured_image_hide":"","footnotes":""},"categories":[3,13732],"tags":[635],"class_list":["post-33557","post","type-post","status-publish","format-standard","has-post-thumbnail","hentry","category-culture","category-rap","tag-vaulx-en-velin"],"yoast_head":"<!-- This site is optimized with the Yoast SEO plugin v22.8 - https:\/\/yoast.com\/wordpress\/plugins\/seo\/ -->\n<title>Vaulx All-Stars : Le rendez-vous des \u00e9toiles montantes du rap selon Engal Sama - Lyon Bondy Blog<\/title>\n<meta name=\"robots\" content=\"index, follow, max-snippet:-1, max-image-preview:large, max-video-preview:-1\" \/>\n<link rel=\"canonical\" href=\"https:\/\/lyonbondyblog.fr\/LBB\/vaulx-all-star-le-rendez-vous-des-etoiles-montantes-du-rap-selon-engal-sama\/\" \/>\n<meta property=\"og:locale\" content=\"fr_FR\" \/>\n<meta property=\"og:type\" content=\"article\" \/>\n<meta property=\"og:title\" content=\"Vaulx All-Stars : Le rendez-vous des \u00e9toiles montantes du rap selon Engal Sama - Lyon Bondy Blog\" \/>\n<meta property=\"og:description\" content=\"Le 27 avril 2024, le centre culturel Charlie Chaplin \u00e0 Vaulx-en-Velin se transformera en un champ de bataille lyrique pour la toute premi\u00e8re \u00e9dition du &hellip;\" \/>\n<meta property=\"og:url\" content=\"https:\/\/lyonbondyblog.fr\/LBB\/vaulx-all-star-le-rendez-vous-des-etoiles-montantes-du-rap-selon-engal-sama\/\" \/>\n<meta property=\"og:site_name\" content=\"Lyon Bondy Blog\" \/>\n<meta property=\"article:publisher\" content=\"https:\/\/www.facebook.com\/lyonbondyblog\" \/>\n<meta property=\"article:author\" content=\"https:\/\/www.facebook.com\/lyonbondyblog\" \/>\n<meta property=\"article:published_time\" content=\"2024-04-25T11:17:00+00:00\" \/>\n<meta property=\"article:modified_time\" content=\"2024-04-25T12:25:55+00:00\" \/>\n<meta property=\"og:image\" content=\"https:\/\/lyonbondyblog.fr\/LBB\/wp-content\/uploads\/2024\/04\/16e76a2b-02d6-4376-9437-74d6352d639f.jpg\" \/>\n\t<meta property=\"og:image:width\" content=\"1125\" \/>\n\t<meta property=\"og:image:height\" content=\"1420\" \/>\n\t<meta property=\"og:image:type\" content=\"image\/jpeg\" \/>\n<meta name=\"author\" content=\"La r\u00e9daction\" \/>\n<meta name=\"twitter:card\" content=\"summary_large_image\" \/>\n<meta name=\"twitter:creator\" content=\"@BondyBlogLyon\" \/>\n<meta name=\"twitter:site\" content=\"@bondybloglyon\" \/>\n<script type=\"application\/ld+json\" class=\"yoast-schema-graph\">{\"@context\":\"https:\/\/schema.org\",\"@graph\":[{\"@type\":\"Article\",\"@id\":\"https:\/\/lyonbondyblog.fr\/LBB\/vaulx-all-star-le-rendez-vous-des-etoiles-montantes-du-rap-selon-engal-sama\/#article\",\"isPartOf\":{\"@id\":\"https:\/\/lyonbondyblog.fr\/LBB\/vaulx-all-star-le-rendez-vous-des-etoiles-montantes-du-rap-selon-engal-sama\/\"},\"author\":{\"name\":\"La r\u00e9daction\",\"@id\":\"https:\/\/lyonbondyblog.fr\/LBB\/#\/schema\/person\/e45f8d27baac75072daa0be50c409b25\"},\"headline\":\"Vaulx All-Stars : Le rendez-vous des \u00e9toiles montantes du rap selon Engal Sama\",\"datePublished\":\"2024-04-25T11:17:00+00:00\",\"dateModified\":\"2024-04-25T12:25:55+00:00\",\"mainEntityOfPage\":{\"@id\":\"https:\/\/lyonbondyblog.fr\/LBB\/vaulx-all-star-le-rendez-vous-des-etoiles-montantes-du-rap-selon-engal-sama\/\"},\"wordCount\":514,\"commentCount\":0,\"publisher\":{\"@id\":\"https:\/\/lyonbondyblog.fr\/LBB\/#organization\"},\"image\":{\"@id\":\"https:\/\/lyonbondyblog.fr\/LBB\/vaulx-all-star-le-rendez-vous-des-etoiles-montantes-du-rap-selon-engal-sama\/#primaryimage\"},\"thumbnailUrl\":\"https:\/\/lyonbondyblog.fr\/LBB\/wp-content\/uploads\/2024\/04\/16e76a2b-02d6-4376-9437-74d6352d639f.jpg\",\"keywords\":[\"Vaulx-en-Velin\"],\"articleSection\":[\"Culture\",\"Rap\"],\"inLanguage\":\"fr-FR\",\"potentialAction\":[{\"@type\":\"CommentAction\",\"name\":\"Comment\",\"target\":[\"https:\/\/lyonbondyblog.fr\/LBB\/vaulx-all-star-le-rendez-vous-des-etoiles-montantes-du-rap-selon-engal-sama\/#respond\"]}]},{\"@type\":\"WebPage\",\"@id\":\"https:\/\/lyonbondyblog.fr\/LBB\/vaulx-all-star-le-rendez-vous-des-etoiles-montantes-du-rap-selon-engal-sama\/\",\"url\":\"https:\/\/lyonbondyblog.fr\/LBB\/vaulx-all-star-le-rendez-vous-des-etoiles-montantes-du-rap-selon-engal-sama\/\",\"name\":\"Vaulx All-Stars : Le rendez-vous des \u00e9toiles montantes du rap selon Engal Sama - Lyon Bondy Blog\",\"isPartOf\":{\"@id\":\"https:\/\/lyonbondyblog.fr\/LBB\/#website\"},\"primaryImageOfPage\":{\"@id\":\"https:\/\/lyonbondyblog.fr\/LBB\/vaulx-all-star-le-rendez-vous-des-etoiles-montantes-du-rap-selon-engal-sama\/#primaryimage\"},\"image\":{\"@id\":\"https:\/\/lyonbondyblog.fr\/LBB\/vaulx-all-star-le-rendez-vous-des-etoiles-montantes-du-rap-selon-engal-sama\/#primaryimage\"},\"thumbnailUrl\":\"https:\/\/lyonbondyblog.fr\/LBB\/wp-content\/uploads\/2024\/04\/16e76a2b-02d6-4376-9437-74d6352d639f.jpg\",\"datePublished\":\"2024-04-25T11:17:00+00:00\",\"dateModified\":\"2024-04-25T12:25:55+00:00\",\"inLanguage\":\"fr-FR\",\"potentialAction\":[{\"@type\":\"ReadAction\",\"target\":[\"https:\/\/lyonbondyblog.fr\/LBB\/vaulx-all-star-le-rendez-vous-des-etoiles-montantes-du-rap-selon-engal-sama\/\"]}]},{\"@type\":\"ImageObject\",\"inLanguage\":\"fr-FR\",\"@id\":\"https:\/\/lyonbondyblog.fr\/LBB\/vaulx-all-star-le-rendez-vous-des-etoiles-montantes-du-rap-selon-engal-sama\/#primaryimage\",\"url\":\"https:\/\/lyonbondyblog.fr\/LBB\/wp-content\/uploads\/2024\/04\/16e76a2b-02d6-4376-9437-74d6352d639f.jpg\",\"contentUrl\":\"https:\/\/lyonbondyblog.fr\/LBB\/wp-content\/uploads\/2024\/04\/16e76a2b-02d6-4376-9437-74d6352d639f.jpg\",\"width\":1125,\"height\":1420},{\"@type\":\"WebSite\",\"@id\":\"https:\/\/lyonbondyblog.fr\/LBB\/#website\",\"url\":\"https:\/\/lyonbondyblog.fr\/LBB\/\",\"name\":\"Lyon Bondy Blog\",\"description\":\"\",\"publisher\":{\"@id\":\"https:\/\/lyonbondyblog.fr\/LBB\/#organization\"},\"potentialAction\":[{\"@type\":\"SearchAction\",\"target\":{\"@type\":\"EntryPoint\",\"urlTemplate\":\"https:\/\/lyonbondyblog.fr\/LBB\/?s={search_term_string}\"},\"query-input\":\"required name=search_term_string\"}],\"inLanguage\":\"fr-FR\"},{\"@type\":\"Organization\",\"@id\":\"https:\/\/lyonbondyblog.fr\/LBB\/#organization\",\"name\":\"LYON BONDY BLOG\",\"url\":\"https:\/\/lyonbondyblog.fr\/LBB\/\",\"logo\":{\"@type\":\"ImageObject\",\"inLanguage\":\"fr-FR\",\"@id\":\"https:\/\/lyonbondyblog.fr\/LBB\/#\/schema\/logo\/image\/\",\"url\":\"http:\/\/lyonbondyblog.fr\/LBB\/wp-content\/uploads\/2014\/10\/logo-portable-144.png\",\"contentUrl\":\"http:\/\/lyonbondyblog.fr\/LBB\/wp-content\/uploads\/2014\/10\/logo-portable-144.png\",\"width\":144,\"height\":123,\"caption\":\"LYON BONDY BLOG\"},\"image\":{\"@id\":\"https:\/\/lyonbondyblog.fr\/LBB\/#\/schema\/logo\/image\/\"},\"sameAs\":[\"https:\/\/www.facebook.com\/lyonbondyblog\",\"https:\/\/x.com\/bondybloglyon\"]},{\"@type\":\"Person\",\"@id\":\"https:\/\/lyonbondyblog.fr\/LBB\/#\/schema\/person\/e45f8d27baac75072daa0be50c409b25\",\"name\":\"La r\u00e9daction\",\"description\":\"Cr\u00e9e en 2008, la r\u00e9daction du Lyon Bondy Blog s'applique \u00e0 proposer une information locale diff\u00e9rente et compl\u00e9mentaire des m\u00e9dias traditionnels.\",\"sameAs\":[\"https:\/\/www.facebook.com\/lyonbondyblog\",\"https:\/\/x.com\/BondyBlogLyon\"],\"url\":\"https:\/\/lyonbondyblog.fr\/LBB\/author\/admin\/\"}]}<\/script>\n<!-- \/ Yoast SEO plugin. -->","yoast_head_json":{"title":"Vaulx All-Stars : Le rendez-vous des \u00e9toiles montantes du rap selon Engal Sama - Lyon Bondy Blog","robots":{"index":"index","follow":"follow","max-snippet":"max-snippet:-1","max-image-preview":"max-image-preview:large","max-video-preview":"max-video-preview:-1"},"canonical":"https:\/\/lyonbondyblog.fr\/LBB\/vaulx-all-star-le-rendez-vous-des-etoiles-montantes-du-rap-selon-engal-sama\/","og_locale":"fr_FR","og_type":"article","og_title":"Vaulx All-Stars : Le rendez-vous des \u00e9toiles montantes du rap selon Engal Sama - Lyon Bondy Blog","og_description":"Le 27 avril 2024, le centre culturel Charlie Chaplin \u00e0 Vaulx-en-Velin se transformera en un champ de bataille lyrique pour la toute premi\u00e8re \u00e9dition du &hellip;","og_url":"https:\/\/lyonbondyblog.fr\/LBB\/vaulx-all-star-le-rendez-vous-des-etoiles-montantes-du-rap-selon-engal-sama\/","og_site_name":"Lyon Bondy Blog","article_publisher":"https:\/\/www.facebook.com\/lyonbondyblog","article_author":"https:\/\/www.facebook.com\/lyonbondyblog","article_published_time":"2024-04-25T11:17:00+00:00","article_modified_time":"2024-04-25T12:25:55+00:00","og_image":[{"width":1125,"height":1420,"url":"https:\/\/lyonbondyblog.fr\/LBB\/wp-content\/uploads\/2024\/04\/16e76a2b-02d6-4376-9437-74d6352d639f.jpg","type":"image\/jpeg"}],"author":"La r\u00e9daction","twitter_card":"summary_large_image","twitter_creator":"@BondyBlogLyon","twitter_site":"@bondybloglyon","schema":{"@context":"https:\/\/schema.org","@graph":[{"@type":"Article","@id":"https:\/\/lyonbondyblog.fr\/LBB\/vaulx-all-star-le-rendez-vous-des-etoiles-montantes-du-rap-selon-engal-sama\/#article","isPartOf":{"@id":"https:\/\/lyonbondyblog.fr\/LBB\/vaulx-all-star-le-rendez-vous-des-etoiles-montantes-du-rap-selon-engal-sama\/"},"author":{"name":"La r\u00e9daction","@id":"https:\/\/lyonbondyblog.fr\/LBB\/#\/schema\/person\/e45f8d27baac75072daa0be50c409b25"},"headline":"Vaulx All-Stars : Le rendez-vous des \u00e9toiles montantes du rap selon Engal Sama","datePublished":"2024-04-25T11:17:00+00:00","dateModified":"2024-04-25T12:25:55+00:00","mainEntityOfPage":{"@id":"https:\/\/lyonbondyblog.fr\/LBB\/vaulx-all-star-le-rendez-vous-des-etoiles-montantes-du-rap-selon-engal-sama\/"},"wordCount":514,"commentCount":0,"publisher":{"@id":"https:\/\/lyonbondyblog.fr\/LBB\/#organization"},"image":{"@id":"https:\/\/lyonbondyblog.fr\/LBB\/vaulx-all-star-le-rendez-vous-des-etoiles-montantes-du-rap-selon-engal-sama\/#primaryimage"},"thumbnailUrl":"https:\/\/lyonbondyblog.fr\/LBB\/wp-content\/uploads\/2024\/04\/16e76a2b-02d6-4376-9437-74d6352d639f.jpg","keywords":["Vaulx-en-Velin"],"articleSection":["Culture","Rap"],"inLanguage":"fr-FR","potentialAction":[{"@type":"CommentAction","name":"Comment","target":["https:\/\/lyonbondyblog.fr\/LBB\/vaulx-all-star-le-rendez-vous-des-etoiles-montantes-du-rap-selon-engal-sama\/#respond"]}]},{"@type":"WebPage","@id":"https:\/\/lyonbondyblog.fr\/LBB\/vaulx-all-star-le-rendez-vous-des-etoiles-montantes-du-rap-selon-engal-sama\/","url":"https:\/\/lyonbondyblog.fr\/LBB\/vaulx-all-star-le-rendez-vous-des-etoiles-montantes-du-rap-selon-engal-sama\/","name":"Vaulx All-Stars : Le rendez-vous des \u00e9toiles montantes du rap selon Engal Sama - Lyon Bondy Blog","isPartOf":{"@id":"https:\/\/lyonbondyblog.fr\/LBB\/#website"},"primaryImageOfPage":{"@id":"https:\/\/lyonbondyblog.fr\/LBB\/vaulx-all-star-le-rendez-vous-des-etoiles-montantes-du-rap-selon-engal-sama\/#primaryimage"},"image":{"@id":"https:\/\/lyonbondyblog.fr\/LBB\/vaulx-all-star-le-rendez-vous-des-etoiles-montantes-du-rap-selon-engal-sama\/#primaryimage"},"thumbnailUrl":"https:\/\/lyonbondyblog.fr\/LBB\/wp-content\/uploads\/2024\/04\/16e76a2b-02d6-4376-9437-74d6352d639f.jpg","datePublished":"2024-04-25T11:17:00+00:00","dateModified":"2024-04-25T12:25:55+00:00","inLanguage":"fr-FR","potentialAction":[{"@type":"ReadAction","target":["https:\/\/lyonbondyblog.fr\/LBB\/vaulx-all-star-le-rendez-vous-des-etoiles-montantes-du-rap-selon-engal-sama\/"]}]},{"@type":"ImageObject","inLanguage":"fr-FR","@id":"https:\/\/lyonbondyblog.fr\/LBB\/vaulx-all-star-le-rendez-vous-des-etoiles-montantes-du-rap-selon-engal-sama\/#primaryimage","url":"https:\/\/lyonbondyblog.fr\/LBB\/wp-content\/uploads\/2024\/04\/16e76a2b-02d6-4376-9437-74d6352d639f.jpg","contentUrl":"https:\/\/lyonbondyblog.fr\/LBB\/wp-content\/uploads\/2024\/04\/16e76a2b-02d6-4376-9437-74d6352d639f.jpg","width":1125,"height":1420},{"@type":"WebSite","@id":"https:\/\/lyonbondyblog.fr\/LBB\/#website","url":"https:\/\/lyonbondyblog.fr\/LBB\/","name":"Lyon Bondy Blog","description":"","publisher":{"@id":"https:\/\/lyonbondyblog.fr\/LBB\/#organization"},"potentialAction":[{"@type":"SearchAction","target":{"@type":"EntryPoint","urlTemplate":"https:\/\/lyonbondyblog.fr\/LBB\/?s={search_term_string}"},"query-input":"required name=search_term_string"}],"inLanguage":"fr-FR"},{"@type":"Organization","@id":"https:\/\/lyonbondyblog.fr\/LBB\/#organization","name":"LYON BONDY BLOG","url":"https:\/\/lyonbondyblog.fr\/LBB\/","logo":{"@type":"ImageObject","inLanguage":"fr-FR","@id":"https:\/\/lyonbondyblog.fr\/LBB\/#\/schema\/logo\/image\/","url":"http:\/\/lyonbondyblog.fr\/LBB\/wp-content\/uploads\/2014\/10\/logo-portable-144.png","contentUrl":"http:\/\/lyonbondyblog.fr\/LBB\/wp-content\/uploads\/2014\/10\/logo-portable-144.png","width":144,"height":123,"caption":"LYON BONDY BLOG"},"image":{"@id":"https:\/\/lyonbondyblog.fr\/LBB\/#\/schema\/logo\/image\/"},"sameAs":["https:\/\/www.facebook.com\/lyonbondyblog","https:\/\/x.com\/bondybloglyon"]},{"@type":"Person","@id":"https:\/\/lyonbondyblog.fr\/LBB\/#\/schema\/person\/e45f8d27baac75072daa0be50c409b25","name":"La r\u00e9daction","description":"Cr\u00e9e en 2008, la r\u00e9daction du Lyon Bondy Blog s'applique \u00e0 proposer une information locale diff\u00e9rente et compl\u00e9mentaire des m\u00e9dias traditionnels.","sameAs":["https:\/\/www.facebook.com\/lyonbondyblog","https:\/\/x.com\/BondyBlogLyon"],"url":"https:\/\/lyonbondyblog.fr\/LBB\/author\/admin\/"}]}},"_links":{"self":[{"href":"https:\/\/lyonbondyblog.fr\/LBB\/wp-json\/wp\/v2\/posts\/33557","targetHints":{"allow":["GET"]}}],"collection":[{"href":"https:\/\/lyonbondyblog.fr\/LBB\/wp-json\/wp\/v2\/posts"}],"about":[{"href":"https:\/\/lyonbondyblog.fr\/LBB\/wp-json\/wp\/v2\/types\/post"}],"author":[{"embeddable":true,"href":"https:\/\/lyonbondyblog.fr\/LBB\/wp-json\/wp\/v2\/users\/1"}],"replies":[{"embeddable":true,"href":"https:\/\/lyonbondyblog.fr\/LBB\/wp-json\/wp\/v2\/comments?post=33557"}],"version-history":[{"count":3,"href":"https:\/\/lyonbondyblog.fr\/LBB\/wp-json\/wp\/v2\/posts\/33557\/revisions"}],"predecessor-version":[{"id":33568,"href":"https:\/\/lyonbondyblog.fr\/LBB\/wp-json\/wp\/v2\/posts\/33557\/revisions\/33568"}],"wp:featuredmedia":[{"embeddable":true,"href":"https:\/\/lyonbondyblog.fr\/LBB\/wp-json\/wp\/v2\/media\/33558"}],"wp:attachment":[{"href":"https:\/\/lyonbondyblog.fr\/LBB\/wp-json\/wp\/v2\/media?parent=33557"}],"wp:term":[{"taxonomy":"category","embeddable":true,"href":"https:\/\/lyonbondyblog.fr\/LBB\/wp-json\/wp\/v2\/categories?post=33557"},{"taxonomy":"post_tag","embeddable":true,"href":"https:\/\/lyonbondyblog.fr\/LBB\/wp-json\/wp\/v2\/tags?post=33557"}],"curies":[{"name":"wp","href":"https:\/\/api.w.org\/{rel}","templated":true}]}}