{"id":33553,"date":"2024-04-24T17:35:14","date_gmt":"2024-04-24T15:35:14","guid":{"rendered":"https:\/\/lyonbondyblog.fr\/LBB\/?p=33553"},"modified":"2025-05-20T11:44:09","modified_gmt":"2025-05-20T09:44:09","slug":"manuel-bompard-on-peut-gagner-des-batailles-au-parlement-europeen","status":"publish","type":"post","link":"https:\/\/lyonbondyblog.fr\/LBB\/manuel-bompard-on-peut-gagner-des-batailles-au-parlement-europeen\/","title":{"rendered":"<strong>Manuel Bompard&nbsp;: \u00ab&nbsp;On peut gagner des batailles au Parlement europ\u00e9en. \u00bb<\/strong>"},"content":{"rendered":"\n<p><strong>Le 18 avril, la Maison des Italiens \u00e0 Lyon a \u00e9t\u00e9 le th\u00e9\u00e2tre d\u2019une r\u00e9union publique de la France Insoumise. Manuel Bompard, coordinateur national de ce mouvement et d\u00e9put\u00e9 de la quatri\u00e8me circonscription des Bouches-du-Rh\u00f4ne, \u00e0<\/strong> <strong>signal\u00e9 l\u2019engagement de son parti \u00e0 faire le lien entre les politiques europ\u00e9ennes et le quotidien des Fran\u00e7ais. Alors que les \u00e9lections europ\u00e9ennes du 9 juin se profilent \u00e0 l&rsquo;horizon, LFI se mobilise pour rallier les \u00e9lecteurs \u00e0 leur cause.<\/strong><\/p>\n\n\n\n<p><strong>Lyon Bondy Blog<\/strong>&nbsp;: Avec l\u2019approche des \u00e9lections europ\u00e9ennes, le taux d\u2019abstention \u00e9lev\u00e9 reste une pr\u00e9occupation majeure, <a href=\"https:\/\/www.ouest-france.fr\/elections\/resultats\/rhone\/vaulx-en-velin-69120\/\">on en compte environ 73,28% \u00e0 Vaulx-en-Velin en 201<\/a>9. Comment la France insoumise compte-t-elle mobiliser les nouveaux \u00e9lecteurs, particuli\u00e8rement dans les quartiers populaires, afin de les encourager \u00e0 voter ?&nbsp;<\/p>\n\n\n\n<p><strong>Manuel Bompard<\/strong>\u00a0: La premi\u00e8re \u00e9tape consiste \u00e0 informer les citoyens de ces \u00e9lections, une responsabilit\u00e9 qui revient au gouvernement. Dans le cadre de notre campagne d\u2019inscription sur les listes \u00e9lectorales, nos militants et militantes privil\u00e9gient le contact direct avec les citoyens, en allant faire du porte-\u00e0-porte pour les informer sur l\u2019enjeu de ces \u00e9lections europ\u00e9ennes. Aujourd\u2019hui en France, le jour du vote, on constate qu\u2019environ un Fran\u00e7ais sur cinq n&rsquo;est soit pas inscrit ou soit mal inscrit sur les listes \u00e9lectorales. Pour LFI, le but de cette \u00e9lection est de faire le lien entre les politiques appliqu\u00e9es au niveau europ\u00e9en et la vie quotidienne des \u00e9lecteurs. L\u2019avenir du march\u00e9 europ\u00e9en de l\u2019\u00e9lectricit\u00e9 fait partie d\u2019une des politiques europ\u00e9ennes qui va impacter la vie des individus, en particulier dans les quartiers populaires. En effet, les locataires voient <a href=\"https:\/\/rmc.bfmtv.com\/conso\/maison\/electricite-et-gaz\/et-si-vous-changiez-de-fournisseur-d-electricite-nos-conseils-pour-faire-baisser-votre-facture_AN-202404150325.html\">leurs factures d\u2019\u00e9lectricit\u00e9 augmenter de 30 \u00e0 40 % sur ces deux derni\u00e8res ann\u00e9es<\/a>. C\u2019est aussi le moyen pour les citoyens de s\u2019emparer de cette \u00e9lection et de s\u2019exprimer sur l\u2019avenir de l\u2019Europe. Notamment dans le cadre d\u2019un contexte de guerre \u00e0 Gaza, comme en Ukraine. En votant LFI, les \u00e9lecteurs portent donc un message de paix pour demander un cessez-le-feu.<\/p>\n\n\n\n<p><strong>LBB<\/strong>&nbsp;: L\u2019insoumission a fait d\u00e9bat au sein de la <a href=\"https:\/\/nupes-2022.fr\">NUPES<\/a><strong>.&nbsp;<\/strong>C\u2019est une gauche divis\u00e9e qui partira aux \u00e9lections europ\u00e9ennes.Est-ce que vous pouvez nous expliquer ce qu\u2019est&nbsp;l&rsquo;insoumission&nbsp;?&nbsp;<\/p>\n\n\n\n<p><strong>MB<\/strong>&nbsp;: L\u2019insoumission consiste \u00e0 refuser l\u2019ordre \u00e9tabli et les dominations qui existent dans notre soci\u00e9t\u00e9, comme le racisme et l\u2019islamophobie. La domination \u00e9conomique concerne une majorit\u00e9 de la population, celle qui n&rsquo;arrive pas \u00e0 finir les fins de mois, et une minorit\u00e9 concerne les personnes riches qui cr\u00e9ent du profit sur leur dos. Les quartiers populaires sont les premiers touch\u00e9s par cette domination \u00e9conomique. L\u2019insoumission appelle donc \u00e0 se rebeller face \u00e0 cette situation et \u00e0 la combattre en se mobilisant notamment lors des \u00e9lections europ\u00e9ennes. Dans cette \u00e9lection europ\u00e9enne, LFI, n\u2019a pas seulement voulu dresser une liste de ses membres, mais nous avons voulu l\u2019\u00e9largir&nbsp;\u00e0 des personnes civiles qui m\u00e8nent diff\u00e9rents combats.<\/p>\n\n\n\n<p><strong>LBB<\/strong>&nbsp;: Pouvons-nous donc consid\u00e9rer que votre liste est davantage constitu\u00e9e de personnes qui viennent de la soci\u00e9t\u00e9 civile que des partis politiques ?&nbsp;<\/p>\n\n\n\n<p><strong>MB&nbsp;<\/strong>: Notre liste est un m\u00e9lange de repr\u00e9sentants. On peut retrouver des figures comme<a href=\"https:\/\/www.lepoint.fr\/societe\/rima-hassan-la-palestine-de-l-atlantique-au-jourdain-12-02-2024-2552158_23.php\"> Rima Hassan<\/a>, militante associative, ou <a href=\"https:\/\/www.leparisien.fr\/marne-51\/marne-anthony-smith-inspecteur-du-travail-sanctionne-pendant-la-pandemie-de-covid-19-raconte-son-combat-dans-un-livre-12-09-2023-2XTTOENADJFU3HMWL4VVO6NZGA.php\">Anthony Smith<\/a>, inspecteur du travail, qui se joignent \u00e0 notre cause. <a href=\"https:\/\/www.lyonmag.com\/article\/135191\/faire-des-europeennes-le-premier-tour-de-la-presidentielle-les-candidats-rhodaniens-de-l-union-populaire-presentes\">Abdelkader Lahmar<\/a>, engag\u00e9 dans la r\u00e9gion \u00e0 Vaulx-en-Velin pour les habitants des quartiers populaires, a \u00e9galement choisi de se joindre \u00e0 nous, malgr\u00e9 son origine \u00ab&nbsp;non-insoumise&nbsp;\u00bb.&nbsp;En d\u00e9pit d\u2019un rassemblement avec la NUPES, LFI a tout de m\u00eame d\u00e9cid\u00e9 de dresser une liste de rassemblement exhaustive de ceux qui avaient envie de se battre \u00e0 leurs c\u00f4t\u00e9s.<\/p>\n\n\n\n<p><strong>LBB<\/strong>&nbsp;: Au Parlement europ\u00e9en, envisagez-vous des coalitions pour influencer les politiques europ\u00e9ennes ?<\/p>\n\n\n\n<p><strong>MB&nbsp;<\/strong>: Cela d\u00e9pend avec qui et pourquoi. Depuis des ann\u00e9es, une grande coalition est mise en place entre les socialistes et les macronistes, qui constituent la droite qui gouverne ensemble pour que rien ne change. C\u2019est pr\u00e9cis\u00e9ment ce type de coalition que nous cherchons \u00e0 \u00e9viter. La France insoumise pense qu\u2019il faut rompre avec le fonctionnement actuel de l&rsquo;Union europ\u00e9enne, qui peut pousser \u00e0 des politiques de r\u00e9duction des d\u00e9penses publiques. C\u2019est-\u00e0-dire, moins de services publics et la lib\u00e9ralisation de certains secteurs. Lorsque l\u2019on lib\u00e9ralise les transports, la cons\u00e9quence, c&rsquo;est la diminution des trains qui engendre la fermeture de petites gares.<\/p>\n\n\n\n<p><strong>LBB<\/strong>&nbsp;: Quelle coalition constituerait un int\u00e9r\u00eat pour vous ? &nbsp;<\/p>\n\n\n\n<p><strong>MB&nbsp;<\/strong>: Au niveau du Parlement europ\u00e9en, notre groupe travaille parfois avec les \u00e9cologistes et les socialistes, \u00e0 condition qu\u2019ils ne s\u2019allient pas avec la droite. Du moment que la coalition est b\u00e9n\u00e9fique \u00e0 nos projets, on l\u2019envisage. N\u00e9anmoins, elle pousse souvent \u00e0 s&rsquo;aligner sur des accords minimes et \u00e0 poursuivre la politique europ\u00e9enne actuelle. Nous refusons de r\u00e9aliser une coalition, si c\u2019est pour maintenir la m\u00eame politique. En effet, les d\u00e9cisions \u00e0 l\u2019\u00e9chelle europ\u00e9enne sont responsables de bien des maux dans notre pays.<\/p>\n\n\n\n<p><strong>LBB<\/strong>&nbsp;: La ren\u00e9gociation des trait\u00e9s europ\u00e9ens, est-elle une priorit\u00e9 pour vous ?<\/p>\n\n\n\n<p><strong>MB&nbsp;<\/strong>: Il est important pour nous de ren\u00e9gocier les trait\u00e9s europ\u00e9ens, mais cela d\u00e9pend de la prise du pouvoir au niveau national. C\u2019est pourquoi notre plan d\u2019action aujourd\u2019hui, c\u2019est d\u2019accompagner nos candidats \u00e0 la victoire pour contrer des projets nuisibles. Parmi nos initiatives au niveau europ\u00e9en, l&rsquo;action d&rsquo;une eurod\u00e9put\u00e9e insoumise a permis l\u2019obtention d\u2019un premier texte pour prot\u00e9ger <a href=\"https:\/\/www.lefigaro.fr\/flash-eco\/uber-deliveroo-les-eurodeputes-valident-une-loi-pour-ameliorer-le-sort-des-travailleurs-des-plateformes-20240424\">les droits des travailleurs des plateformes type Uber ou Deliveroo<\/a>. C&rsquo;est une bataille qui r\u00e9sulte de 5 ans de lutte. Les travailleurs de ces plateformes sont consid\u00e9r\u00e9s comme des auto-entrepreneurs, alors qu&rsquo;ils sont oblig\u00e9s de prendre toutes les livraisons qu&rsquo;on leur propose, sous peine d\u2019\u00eatre radi\u00e9s de la plateforme. Ils ont toutes les contraintes d&rsquo;un salari\u00e9, mais ils n\u2019ont pas leurs droits. Donc il s&rsquo;agissait de se battre pour obtenir une protection sociale. On peut gagner des batailles au Parlement europ\u00e9en, mais pour changer en profondeur l&rsquo;organisation de l&rsquo;Union europ\u00e9enne,&nbsp;il faut prendre le pouvoir au niveau national et organiser un rapport de force. Les deux batailles sont donc compl\u00e9mentaires pour LFI.&nbsp;<\/p>\n\n\n\n<p>Am\u00e9lie Carapito<\/p>\n<!-- AddThis Advanced Settings generic via filter on the_content --><!-- AddThis Share Buttons generic via filter on the_content -->","protected":false},"excerpt":{"rendered":"<p>Le 18 avril, la Maison des Italiens \u00e0 Lyon a \u00e9t\u00e9 le th\u00e9\u00e2tre d\u2019une r\u00e9union publique de la France Insoumise. Manuel Bompard, coordinateur national de &hellip; <!-- AddThis Advanced Settings generic via filter on wp_trim_excerpt --><!-- AddThis Share Buttons generic via filter on wp_trim_excerpt --><\/p>\n","protected":false},"author":1,"featured_media":33554,"comment_status":"open","ping_status":"open","sticky":true,"template":"","format":"standard","meta":{"_FSMCFIC_featured_image_caption":"","_FSMCFIC_featured_image_nocaption":"","_FSMCFIC_featured_image_hide":"","footnotes":""},"categories":[28344,6],"tags":[],"class_list":["post-33553","post","type-post","status-publish","format-standard","has-post-thumbnail","hentry","category-europeennes-2024","category-politique"],"yoast_head":"<!-- This site is optimized with the Yoast SEO plugin v22.8 - https:\/\/yoast.com\/wordpress\/plugins\/seo\/ -->\n<title>Manuel Bompard&nbsp;: \u00ab&nbsp;On peut gagner des batailles au Parlement europ\u00e9en. \u00bb - Lyon Bondy Blog<\/title>\n<meta name=\"robots\" content=\"index, follow, max-snippet:-1, max-image-preview:large, max-video-preview:-1\" \/>\n<link rel=\"canonical\" href=\"https:\/\/lyonbondyblog.fr\/LBB\/manuel-bompard-on-peut-gagner-des-batailles-au-parlement-europeen\/\" \/>\n<meta property=\"og:locale\" content=\"fr_FR\" \/>\n<meta property=\"og:type\" content=\"article\" \/>\n<meta property=\"og:title\" content=\"Manuel Bompard&nbsp;: \u00ab&nbsp;On peut gagner des batailles au Parlement europ\u00e9en. \u00bb - Lyon Bondy Blog\" \/>\n<meta property=\"og:description\" content=\"Le 18 avril, la Maison des Italiens \u00e0 Lyon a \u00e9t\u00e9 le th\u00e9\u00e2tre d\u2019une r\u00e9union publique de la France Insoumise. Manuel Bompard, coordinateur national de &hellip;\" \/>\n<meta property=\"og:url\" content=\"https:\/\/lyonbondyblog.fr\/LBB\/manuel-bompard-on-peut-gagner-des-batailles-au-parlement-europeen\/\" \/>\n<meta property=\"og:site_name\" content=\"Lyon Bondy Blog\" \/>\n<meta property=\"article:publisher\" content=\"https:\/\/www.facebook.com\/lyonbondyblog\" \/>\n<meta property=\"article:author\" content=\"https:\/\/www.facebook.com\/lyonbondyblog\" \/>\n<meta property=\"article:published_time\" content=\"2024-04-24T15:35:14+00:00\" \/>\n<meta property=\"article:modified_time\" content=\"2025-05-20T09:44:09+00:00\" \/>\n<meta property=\"og:image\" content=\"https:\/\/lyonbondyblog.fr\/LBB\/wp-content\/uploads\/2024\/04\/IMG_1028.jpg\" \/>\n\t<meta property=\"og:image:width\" content=\"2048\" \/>\n\t<meta property=\"og:image:height\" content=\"1365\" \/>\n\t<meta property=\"og:image:type\" content=\"image\/jpeg\" \/>\n<meta name=\"author\" content=\"La r\u00e9daction\" \/>\n<meta name=\"twitter:card\" content=\"summary_large_image\" \/>\n<meta name=\"twitter:creator\" content=\"@BondyBlogLyon\" \/>\n<meta name=\"twitter:site\" content=\"@bondybloglyon\" \/>\n<script type=\"application\/ld+json\" class=\"yoast-schema-graph\">{\"@context\":\"https:\/\/schema.org\",\"@graph\":[{\"@type\":\"Article\",\"@id\":\"https:\/\/lyonbondyblog.fr\/LBB\/manuel-bompard-on-peut-gagner-des-batailles-au-parlement-europeen\/#article\",\"isPartOf\":{\"@id\":\"https:\/\/lyonbondyblog.fr\/LBB\/manuel-bompard-on-peut-gagner-des-batailles-au-parlement-europeen\/\"},\"author\":{\"name\":\"La r\u00e9daction\",\"@id\":\"https:\/\/lyonbondyblog.fr\/LBB\/#\/schema\/person\/e45f8d27baac75072daa0be50c409b25\"},\"headline\":\"Manuel Bompard&nbsp;: \u00ab&nbsp;On peut gagner des batailles au Parlement europ\u00e9en. \u00bb\",\"datePublished\":\"2024-04-24T15:35:14+00:00\",\"dateModified\":\"2025-05-20T09:44:09+00:00\",\"mainEntityOfPage\":{\"@id\":\"https:\/\/lyonbondyblog.fr\/LBB\/manuel-bompard-on-peut-gagner-des-batailles-au-parlement-europeen\/\"},\"wordCount\":1090,\"commentCount\":0,\"publisher\":{\"@id\":\"https:\/\/lyonbondyblog.fr\/LBB\/#organization\"},\"image\":{\"@id\":\"https:\/\/lyonbondyblog.fr\/LBB\/manuel-bompard-on-peut-gagner-des-batailles-au-parlement-europeen\/#primaryimage\"},\"thumbnailUrl\":\"https:\/\/lyonbondyblog.fr\/LBB\/wp-content\/uploads\/2024\/04\/IMG_1028.jpg\",\"articleSection\":[\"Europ\u00e9ennes 2024\",\"Politique\"],\"inLanguage\":\"fr-FR\",\"potentialAction\":[{\"@type\":\"CommentAction\",\"name\":\"Comment\",\"target\":[\"https:\/\/lyonbondyblog.fr\/LBB\/manuel-bompard-on-peut-gagner-des-batailles-au-parlement-europeen\/#respond\"]}]},{\"@type\":\"WebPage\",\"@id\":\"https:\/\/lyonbondyblog.fr\/LBB\/manuel-bompard-on-peut-gagner-des-batailles-au-parlement-europeen\/\",\"url\":\"https:\/\/lyonbondyblog.fr\/LBB\/manuel-bompard-on-peut-gagner-des-batailles-au-parlement-europeen\/\",\"name\":\"Manuel Bompard&nbsp;: \u00ab&nbsp;On peut gagner des batailles au Parlement europ\u00e9en. \u00bb - Lyon Bondy Blog\",\"isPartOf\":{\"@id\":\"https:\/\/lyonbondyblog.fr\/LBB\/#website\"},\"primaryImageOfPage\":{\"@id\":\"https:\/\/lyonbondyblog.fr\/LBB\/manuel-bompard-on-peut-gagner-des-batailles-au-parlement-europeen\/#primaryimage\"},\"image\":{\"@id\":\"https:\/\/lyonbondyblog.fr\/LBB\/manuel-bompard-on-peut-gagner-des-batailles-au-parlement-europeen\/#primaryimage\"},\"thumbnailUrl\":\"https:\/\/lyonbondyblog.fr\/LBB\/wp-content\/uploads\/2024\/04\/IMG_1028.jpg\",\"datePublished\":\"2024-04-24T15:35:14+00:00\",\"dateModified\":\"2025-05-20T09:44:09+00:00\",\"inLanguage\":\"fr-FR\",\"potentialAction\":[{\"@type\":\"ReadAction\",\"target\":[\"https:\/\/lyonbondyblog.fr\/LBB\/manuel-bompard-on-peut-gagner-des-batailles-au-parlement-europeen\/\"]}]},{\"@type\":\"ImageObject\",\"inLanguage\":\"fr-FR\",\"@id\":\"https:\/\/lyonbondyblog.fr\/LBB\/manuel-bompard-on-peut-gagner-des-batailles-au-parlement-europeen\/#primaryimage\",\"url\":\"https:\/\/lyonbondyblog.fr\/LBB\/wp-content\/uploads\/2024\/04\/IMG_1028.jpg\",\"contentUrl\":\"https:\/\/lyonbondyblog.fr\/LBB\/wp-content\/uploads\/2024\/04\/IMG_1028.jpg\",\"width\":2048,\"height\":1365},{\"@type\":\"WebSite\",\"@id\":\"https:\/\/lyonbondyblog.fr\/LBB\/#website\",\"url\":\"https:\/\/lyonbondyblog.fr\/LBB\/\",\"name\":\"Lyon Bondy Blog\",\"description\":\"\",\"publisher\":{\"@id\":\"https:\/\/lyonbondyblog.fr\/LBB\/#organization\"},\"potentialAction\":[{\"@type\":\"SearchAction\",\"target\":{\"@type\":\"EntryPoint\",\"urlTemplate\":\"https:\/\/lyonbondyblog.fr\/LBB\/?s={search_term_string}\"},\"query-input\":\"required name=search_term_string\"}],\"inLanguage\":\"fr-FR\"},{\"@type\":\"Organization\",\"@id\":\"https:\/\/lyonbondyblog.fr\/LBB\/#organization\",\"name\":\"LYON BONDY BLOG\",\"url\":\"https:\/\/lyonbondyblog.fr\/LBB\/\",\"logo\":{\"@type\":\"ImageObject\",\"inLanguage\":\"fr-FR\",\"@id\":\"https:\/\/lyonbondyblog.fr\/LBB\/#\/schema\/logo\/image\/\",\"url\":\"http:\/\/lyonbondyblog.fr\/LBB\/wp-content\/uploads\/2014\/10\/logo-portable-144.png\",\"contentUrl\":\"http:\/\/lyonbondyblog.fr\/LBB\/wp-content\/uploads\/2014\/10\/logo-portable-144.png\",\"width\":144,\"height\":123,\"caption\":\"LYON BONDY BLOG\"},\"image\":{\"@id\":\"https:\/\/lyonbondyblog.fr\/LBB\/#\/schema\/logo\/image\/\"},\"sameAs\":[\"https:\/\/www.facebook.com\/lyonbondyblog\",\"https:\/\/x.com\/bondybloglyon\"]},{\"@type\":\"Person\",\"@id\":\"https:\/\/lyonbondyblog.fr\/LBB\/#\/schema\/person\/e45f8d27baac75072daa0be50c409b25\",\"name\":\"La r\u00e9daction\",\"description\":\"Cr\u00e9e en 2008, la r\u00e9daction du Lyon Bondy Blog s'applique \u00e0 proposer une information locale diff\u00e9rente et compl\u00e9mentaire des m\u00e9dias traditionnels.\",\"sameAs\":[\"https:\/\/www.facebook.com\/lyonbondyblog\",\"https:\/\/x.com\/BondyBlogLyon\"],\"url\":\"https:\/\/lyonbondyblog.fr\/LBB\/author\/admin\/\"}]}<\/script>\n<!-- \/ Yoast SEO plugin. -->","yoast_head_json":{"title":"Manuel Bompard&nbsp;: \u00ab&nbsp;On peut gagner des batailles au Parlement europ\u00e9en. \u00bb - Lyon Bondy Blog","robots":{"index":"index","follow":"follow","max-snippet":"max-snippet:-1","max-image-preview":"max-image-preview:large","max-video-preview":"max-video-preview:-1"},"canonical":"https:\/\/lyonbondyblog.fr\/LBB\/manuel-bompard-on-peut-gagner-des-batailles-au-parlement-europeen\/","og_locale":"fr_FR","og_type":"article","og_title":"Manuel Bompard&nbsp;: \u00ab&nbsp;On peut gagner des batailles au Parlement europ\u00e9en. \u00bb - Lyon Bondy Blog","og_description":"Le 18 avril, la Maison des Italiens \u00e0 Lyon a \u00e9t\u00e9 le th\u00e9\u00e2tre d\u2019une r\u00e9union publique de la France Insoumise. Manuel Bompard, coordinateur national de &hellip;","og_url":"https:\/\/lyonbondyblog.fr\/LBB\/manuel-bompard-on-peut-gagner-des-batailles-au-parlement-europeen\/","og_site_name":"Lyon Bondy Blog","article_publisher":"https:\/\/www.facebook.com\/lyonbondyblog","article_author":"https:\/\/www.facebook.com\/lyonbondyblog","article_published_time":"2024-04-24T15:35:14+00:00","article_modified_time":"2025-05-20T09:44:09+00:00","og_image":[{"width":2048,"height":1365,"url":"https:\/\/lyonbondyblog.fr\/LBB\/wp-content\/uploads\/2024\/04\/IMG_1028.jpg","type":"image\/jpeg"}],"author":"La r\u00e9daction","twitter_card":"summary_large_image","twitter_creator":"@BondyBlogLyon","twitter_site":"@bondybloglyon","schema":{"@context":"https:\/\/schema.org","@graph":[{"@type":"Article","@id":"https:\/\/lyonbondyblog.fr\/LBB\/manuel-bompard-on-peut-gagner-des-batailles-au-parlement-europeen\/#article","isPartOf":{"@id":"https:\/\/lyonbondyblog.fr\/LBB\/manuel-bompard-on-peut-gagner-des-batailles-au-parlement-europeen\/"},"author":{"name":"La r\u00e9daction","@id":"https:\/\/lyonbondyblog.fr\/LBB\/#\/schema\/person\/e45f8d27baac75072daa0be50c409b25"},"headline":"Manuel Bompard&nbsp;: \u00ab&nbsp;On peut gagner des batailles au Parlement europ\u00e9en. \u00bb","datePublished":"2024-04-24T15:35:14+00:00","dateModified":"2025-05-20T09:44:09+00:00","mainEntityOfPage":{"@id":"https:\/\/lyonbondyblog.fr\/LBB\/manuel-bompard-on-peut-gagner-des-batailles-au-parlement-europeen\/"},"wordCount":1090,"commentCount":0,"publisher":{"@id":"https:\/\/lyonbondyblog.fr\/LBB\/#organization"},"image":{"@id":"https:\/\/lyonbondyblog.fr\/LBB\/manuel-bompard-on-peut-gagner-des-batailles-au-parlement-europeen\/#primaryimage"},"thumbnailUrl":"https:\/\/lyonbondyblog.fr\/LBB\/wp-content\/uploads\/2024\/04\/IMG_1028.jpg","articleSection":["Europ\u00e9ennes 2024","Politique"],"inLanguage":"fr-FR","potentialAction":[{"@type":"CommentAction","name":"Comment","target":["https:\/\/lyonbondyblog.fr\/LBB\/manuel-bompard-on-peut-gagner-des-batailles-au-parlement-europeen\/#respond"]}]},{"@type":"WebPage","@id":"https:\/\/lyonbondyblog.fr\/LBB\/manuel-bompard-on-peut-gagner-des-batailles-au-parlement-europeen\/","url":"https:\/\/lyonbondyblog.fr\/LBB\/manuel-bompard-on-peut-gagner-des-batailles-au-parlement-europeen\/","name":"Manuel Bompard&nbsp;: \u00ab&nbsp;On peut gagner des batailles au Parlement europ\u00e9en. \u00bb - Lyon Bondy Blog","isPartOf":{"@id":"https:\/\/lyonbondyblog.fr\/LBB\/#website"},"primaryImageOfPage":{"@id":"https:\/\/lyonbondyblog.fr\/LBB\/manuel-bompard-on-peut-gagner-des-batailles-au-parlement-europeen\/#primaryimage"},"image":{"@id":"https:\/\/lyonbondyblog.fr\/LBB\/manuel-bompard-on-peut-gagner-des-batailles-au-parlement-europeen\/#primaryimage"},"thumbnailUrl":"https:\/\/lyonbondyblog.fr\/LBB\/wp-content\/uploads\/2024\/04\/IMG_1028.jpg","datePublished":"2024-04-24T15:35:14+00:00","dateModified":"2025-05-20T09:44:09+00:00","inLanguage":"fr-FR","potentialAction":[{"@type":"ReadAction","target":["https:\/\/lyonbondyblog.fr\/LBB\/manuel-bompard-on-peut-gagner-des-batailles-au-parlement-europeen\/"]}]},{"@type":"ImageObject","inLanguage":"fr-FR","@id":"https:\/\/lyonbondyblog.fr\/LBB\/manuel-bompard-on-peut-gagner-des-batailles-au-parlement-europeen\/#primaryimage","url":"https:\/\/lyonbondyblog.fr\/LBB\/wp-content\/uploads\/2024\/04\/IMG_1028.jpg","contentUrl":"https:\/\/lyonbondyblog.fr\/LBB\/wp-content\/uploads\/2024\/04\/IMG_1028.jpg","width":2048,"height":1365},{"@type":"WebSite","@id":"https:\/\/lyonbondyblog.fr\/LBB\/#website","url":"https:\/\/lyonbondyblog.fr\/LBB\/","name":"Lyon Bondy Blog","description":"","publisher":{"@id":"https:\/\/lyonbondyblog.fr\/LBB\/#organization"},"potentialAction":[{"@type":"SearchAction","target":{"@type":"EntryPoint","urlTemplate":"https:\/\/lyonbondyblog.fr\/LBB\/?s={search_term_string}"},"query-input":"required name=search_term_string"}],"inLanguage":"fr-FR"},{"@type":"Organization","@id":"https:\/\/lyonbondyblog.fr\/LBB\/#organization","name":"LYON BONDY BLOG","url":"https:\/\/lyonbondyblog.fr\/LBB\/","logo":{"@type":"ImageObject","inLanguage":"fr-FR","@id":"https:\/\/lyonbondyblog.fr\/LBB\/#\/schema\/logo\/image\/","url":"http:\/\/lyonbondyblog.fr\/LBB\/wp-content\/uploads\/2014\/10\/logo-portable-144.png","contentUrl":"http:\/\/lyonbondyblog.fr\/LBB\/wp-content\/uploads\/2014\/10\/logo-portable-144.png","width":144,"height":123,"caption":"LYON BONDY BLOG"},"image":{"@id":"https:\/\/lyonbondyblog.fr\/LBB\/#\/schema\/logo\/image\/"},"sameAs":["https:\/\/www.facebook.com\/lyonbondyblog","https:\/\/x.com\/bondybloglyon"]},{"@type":"Person","@id":"https:\/\/lyonbondyblog.fr\/LBB\/#\/schema\/person\/e45f8d27baac75072daa0be50c409b25","name":"La r\u00e9daction","description":"Cr\u00e9e en 2008, la r\u00e9daction du Lyon Bondy Blog s'applique \u00e0 proposer une information locale diff\u00e9rente et compl\u00e9mentaire des m\u00e9dias traditionnels.","sameAs":["https:\/\/www.facebook.com\/lyonbondyblog","https:\/\/x.com\/BondyBlogLyon"],"url":"https:\/\/lyonbondyblog.fr\/LBB\/author\/admin\/"}]}},"_links":{"self":[{"href":"https:\/\/lyonbondyblog.fr\/LBB\/wp-json\/wp\/v2\/posts\/33553","targetHints":{"allow":["GET"]}}],"collection":[{"href":"https:\/\/lyonbondyblog.fr\/LBB\/wp-json\/wp\/v2\/posts"}],"about":[{"href":"https:\/\/lyonbondyblog.fr\/LBB\/wp-json\/wp\/v2\/types\/post"}],"author":[{"embeddable":true,"href":"https:\/\/lyonbondyblog.fr\/LBB\/wp-json\/wp\/v2\/users\/1"}],"replies":[{"embeddable":true,"href":"https:\/\/lyonbondyblog.fr\/LBB\/wp-json\/wp\/v2\/comments?post=33553"}],"version-history":[{"count":3,"href":"https:\/\/lyonbondyblog.fr\/LBB\/wp-json\/wp\/v2\/posts\/33553\/revisions"}],"predecessor-version":[{"id":33584,"href":"https:\/\/lyonbondyblog.fr\/LBB\/wp-json\/wp\/v2\/posts\/33553\/revisions\/33584"}],"wp:featuredmedia":[{"embeddable":true,"href":"https:\/\/lyonbondyblog.fr\/LBB\/wp-json\/wp\/v2\/media\/33554"}],"wp:attachment":[{"href":"https:\/\/lyonbondyblog.fr\/LBB\/wp-json\/wp\/v2\/media?parent=33553"}],"wp:term":[{"taxonomy":"category","embeddable":true,"href":"https:\/\/lyonbondyblog.fr\/LBB\/wp-json\/wp\/v2\/categories?post=33553"},{"taxonomy":"post_tag","embeddable":true,"href":"https:\/\/lyonbondyblog.fr\/LBB\/wp-json\/wp\/v2\/tags?post=33553"}],"curies":[{"name":"wp","href":"https:\/\/api.w.org\/{rel}","templated":true}]}}