{"id":3351,"date":"2009-07-03T14:09:51","date_gmt":"2009-07-03T12:09:51","guid":{"rendered":"http:\/\/lyonbondyblog.fr\/LBB\/?p=3351"},"modified":"2013-08-02T14:11:42","modified_gmt":"2013-08-02T12:11:42","slug":"pelerinage-sur-les-traces-dune-egalite-manquee","status":"publish","type":"post","link":"https:\/\/lyonbondyblog.fr\/LBB\/pelerinage-sur-les-traces-dune-egalite-manquee\/","title":{"rendered":"P\u00e8lerinage sur les traces d\u2019une \u00e9galit\u00e9 manqu\u00e9e"},"content":{"rendered":"<p><strong>Un documentaire sur la marche de l&rsquo;\u00e9galit\u00e9 et contre le racisme est en cours de r\u00e9alisation. Un groupe parti de Villeurbanne le 30 juin, refait cette marche pour comprendre cette histoire et mieux la faire conna\u00eetre. La parole est donn\u00e9e \u00e0 Nabil Merad, un des \u00ab\u00a0nouveaux\u00a0\u00bb marcheurs.<\/strong><\/p>\n<div>\u00a0Le 15 octobre 1983, 15 personnes partent de Marseille pour rallier la capitale en marchant. Ils marchent pour l\u2019\u00e9galit\u00e9 et contre le racisme. La police de l\u2019\u00e9poque est extr\u00eamement violente envers ces jeunes issus de l\u2019immigration. Ils arrivent \u00e0 Paris le 3 d\u00e9cembre, ils sont alors 100\u00a0000. Une partie des marcheurs permanents est re\u00e7ue par \u00a0Fran\u00e7ois Mitterrand.<\/div>\n<p>Dans le cadre de l\u2019association CLAP, nous r\u00e9alisons un documentaire sur les traces des Marcheurs de 1983. Une histoire oubli\u00e9e que nous souhaitons comprendre. Cette nouvelle marche de l\u2019\u00e9galit\u00e9 est un p\u00e8lerinage (titre du documentaire).<\/p>\n<p>Une rencontre avec les anciens marcheurs le 21 juin nous donne toute l\u00e9gitimit\u00e9 dans cette action en nous remettant le \u00ab\u00a0flambeau\u00a0\u00bb. Nous sommes sur les traces de l\u2019histoire occult\u00e9e de France.<\/p>\n<p>Nous partons du quartier Jacques Monod de Villeurbanne (anciennement le quartier Olivier de Serres) vers 11h, \u00e0 peu pr\u00e9s dans les temps.\u00a0Peu avant\u00a0on nous interroge sur nos motivations. Je parle notamment de mon souhait de voir un jour des maires de diverses origines \u00e9lus. Cela prouverait que les mentalit\u00e9s ont vraiment chang\u00e9.<\/p>\n<p>Sur la route, j\u2019\u00e9change quelques id\u00e9es avec les autres marcheurs, mes craintes aussi. Serons-nous capables de reconstituer le puzzle de la marche de 1983\u00a0? Serons-nous capables de ne pas tomber dans le pi\u00e8ge m\u00e9diatique.<\/p>\n<p>Le tournage commence sur la plage de la Corbi\u00e8re, \u00e0 Marseille. Nous nous pr\u00e9sentons chacun \u00e0 notre tour, expliquant nos intentions, \u00e0 savoir le travail de m\u00e9moire, nos interrogations sur la premi\u00e8re Marche. Si je parle d\u2019interrogation, c\u2019est parce que je ne cesse de me poser la question\u00a0: pourquoi un \u00e9v\u00e8nement aussi important, r\u00e9unissant des milliers de personnes, est-il tomb\u00e9 aux oubliettes, effac\u00e9 de la m\u00e9moire collective\u00a0? Vous, par exemple, connaissez-vous cette histoire\u00a0?<\/p>\n<p>Une personne d\u2019une association des anciens marcheurs de Marseille nous confirme que nous sommes attendus dans une salle des quartiers nord. \u00a0D\u00e8s notre arriv\u00e9e, je reconnais Marie-Laure, une ancienne marcheuse permanente. Elle nous raconte son exp\u00e9rience avec des mots simples et remplient d\u2019\u00e9motion. Nous ne pouvons nous emp\u00eacher de lui poser quelques questions.<\/p>\n<p>La suite devient confuse. Les anciens marcheurs marseillais (et organisateurs de la Marche \u00e0 Marseille) veulent connaitre nos motivations. Nos r\u00e9ponses ne semblent pas les satisfaire d\u00e9plorant, pour certains, le tournage d\u2019un simple documentaire, regrettant, pour d\u2019autres que notre d\u00e9marche ne soit pas calqu\u00e9e sur la Marche de 1983. Nous sentons un certain malaise, devinant que notre initiative ne les int\u00e9resse pas.\u00a0 Je cherche \u00e0 comprendre. Je trouve un \u00e9cho dans les yeux de Marie-Laure.<\/p>\n<p>L\u2019arriv\u00e9 de Bouzid est comme une bouff\u00e9e d\u2019oxyg\u00e8ne. \u00a0Il s\u2019agit du seul marcheur permanent \u00e0 avoir \u00e9crit un livre sur la Marche. Je me souviens avoir pens\u00e9\u00a0: \u00ab\u00a0Voila, c\u2019est de lui dont les g\u00e9n\u00e9rations futures ont besoin pour savoir et comprendre\u00a0\u00bb.<\/p>\n<p>Son t\u00e9moignage est \u00a0riche d\u2019enseignements. Sa simplicit\u00e9 nous invite \u00e0 lui poser des questions presque naturellement. Cette fois j\u2019en suis s\u00fbr. Nous sommes sur la bonne voie.<\/p>\n<p>Nous passons une courte nuit dans une paroisse de la CIMADE, conduit par Jean-Pierre, militant de cette association qui nous suivra jusqu&rsquo;\u00e0 Aix en Provence.<\/p>\n<p>Nous d\u00e9butons notre marche \u00e0 la\u00a0Cayolle, quartier marseillais, d\u2019o\u00f9 les anciens marcheurs sont partis. C\u2019est \u00e0 cet endroit qu\u2019un enfant \u00e2g\u00e9 de11 ans, gitan, fut victime d\u2019un attentat lors des \u00e9lections municipales de \u00a0quelque temps avant la marche.<\/p>\n<p>Notre marche dans Marseille est accueillie dans une certaine indiff\u00e9rence par ceux qui ignorent tout de notre projet, et teint\u00e9e de m\u00e9fiance par ceux qui nous attendent (hormis la Cimade bien entendu). Seules quelques personnes nous demandent pourquoi nous marchons. La fatigue se fait sentir de fa\u00e7on tr\u00e8s vive \u00e0 l\u2019arriv\u00e9e \u00e0 Aix en Provence o\u00f9 l\u2019accueil des associations militantes est formidable.<\/p>\n<p>Demain une autre journ\u00e9e de marche nous attend. Un p\u00e8lerinage au bout duquel nous comprendrons enfin pourquoi nous avons oubli\u00e9.<\/p>\n<p><span style=\"text-decoration: underline;\">Auteur : Nabil Merad<\/span><\/p>\n<!-- AddThis Advanced Settings generic via filter on the_content --><!-- AddThis Share Buttons generic via filter on the_content -->","protected":false},"excerpt":{"rendered":"<p>Un documentaire sur la marche de l&rsquo;\u00e9galit\u00e9 et contre le racisme est en cours de r\u00e9alisation. Un groupe parti de Villeurbanne le 30 juin, refait &hellip; <!-- AddThis Advanced Settings generic via filter on wp_trim_excerpt --><!-- AddThis Share Buttons generic via filter on wp_trim_excerpt --><\/p>\n","protected":false},"author":1,"featured_media":0,"comment_status":"open","ping_status":"open","sticky":false,"template":"","format":"standard","meta":{"_FSMCFIC_featured_image_caption":"","_FSMCFIC_featured_image_nocaption":"","_FSMCFIC_featured_image_hide":"","footnotes":""},"categories":[4],"tags":[135,112],"class_list":["post-3351","post","type-post","status-publish","format-standard","hentry","category-lyon","tag-lbb","tag-lyon-bondy-blog"],"yoast_head":"<!-- This site is optimized with the Yoast SEO plugin v22.8 - https:\/\/yoast.com\/wordpress\/plugins\/seo\/ -->\n<title>P\u00e8lerinage sur les traces d\u2019une \u00e9galit\u00e9 manqu\u00e9e - Lyon Bondy Blog<\/title>\n<meta name=\"robots\" content=\"index, follow, max-snippet:-1, max-image-preview:large, max-video-preview:-1\" \/>\n<link rel=\"canonical\" href=\"https:\/\/lyonbondyblog.fr\/LBB\/pelerinage-sur-les-traces-dune-egalite-manquee\/\" \/>\n<meta property=\"og:locale\" content=\"fr_FR\" \/>\n<meta property=\"og:type\" content=\"article\" \/>\n<meta property=\"og:title\" content=\"P\u00e8lerinage sur les traces d\u2019une \u00e9galit\u00e9 manqu\u00e9e - Lyon Bondy Blog\" \/>\n<meta property=\"og:description\" content=\"Un documentaire sur la marche de l&rsquo;\u00e9galit\u00e9 et contre le racisme est en cours de r\u00e9alisation. Un groupe parti de Villeurbanne le 30 juin, refait &hellip;\" \/>\n<meta property=\"og:url\" content=\"https:\/\/lyonbondyblog.fr\/LBB\/pelerinage-sur-les-traces-dune-egalite-manquee\/\" \/>\n<meta property=\"og:site_name\" content=\"Lyon Bondy Blog\" \/>\n<meta property=\"article:publisher\" content=\"https:\/\/www.facebook.com\/lyonbondyblog\" \/>\n<meta property=\"article:author\" content=\"https:\/\/www.facebook.com\/lyonbondyblog\" \/>\n<meta property=\"article:published_time\" content=\"2009-07-03T12:09:51+00:00\" \/>\n<meta property=\"article:modified_time\" content=\"2013-08-02T12:11:42+00:00\" \/>\n<meta property=\"og:image\" content=\"https:\/\/lyonbondyblog.fr\/LBB\/wp-content\/uploads\/2014\/10\/Bandeau-Site-V2-011-2.jpg\" \/>\n\t<meta property=\"og:image:width\" content=\"851\" \/>\n\t<meta property=\"og:image:height\" content=\"200\" \/>\n\t<meta property=\"og:image:type\" content=\"image\/jpeg\" \/>\n<meta name=\"author\" content=\"La r\u00e9daction\" \/>\n<meta name=\"twitter:card\" content=\"summary_large_image\" \/>\n<meta name=\"twitter:creator\" content=\"@BondyBlogLyon\" \/>\n<meta name=\"twitter:site\" content=\"@bondybloglyon\" \/>\n<script type=\"application\/ld+json\" class=\"yoast-schema-graph\">{\"@context\":\"https:\/\/schema.org\",\"@graph\":[{\"@type\":\"Article\",\"@id\":\"https:\/\/lyonbondyblog.fr\/LBB\/pelerinage-sur-les-traces-dune-egalite-manquee\/#article\",\"isPartOf\":{\"@id\":\"https:\/\/lyonbondyblog.fr\/LBB\/pelerinage-sur-les-traces-dune-egalite-manquee\/\"},\"author\":{\"name\":\"La r\u00e9daction\",\"@id\":\"https:\/\/lyonbondyblog.fr\/LBB\/#\/schema\/person\/e45f8d27baac75072daa0be50c409b25\"},\"headline\":\"P\u00e8lerinage sur les traces d\u2019une \u00e9galit\u00e9 manqu\u00e9e\",\"datePublished\":\"2009-07-03T12:09:51+00:00\",\"dateModified\":\"2013-08-02T12:11:42+00:00\",\"mainEntityOfPage\":{\"@id\":\"https:\/\/lyonbondyblog.fr\/LBB\/pelerinage-sur-les-traces-dune-egalite-manquee\/\"},\"wordCount\":736,\"commentCount\":0,\"publisher\":{\"@id\":\"https:\/\/lyonbondyblog.fr\/LBB\/#organization\"},\"keywords\":[\"LBB\",\"Lyon Bondy Blog\"],\"articleSection\":[\"Lyon\"],\"inLanguage\":\"fr-FR\",\"potentialAction\":[{\"@type\":\"CommentAction\",\"name\":\"Comment\",\"target\":[\"https:\/\/lyonbondyblog.fr\/LBB\/pelerinage-sur-les-traces-dune-egalite-manquee\/#respond\"]}]},{\"@type\":\"WebPage\",\"@id\":\"https:\/\/lyonbondyblog.fr\/LBB\/pelerinage-sur-les-traces-dune-egalite-manquee\/\",\"url\":\"https:\/\/lyonbondyblog.fr\/LBB\/pelerinage-sur-les-traces-dune-egalite-manquee\/\",\"name\":\"P\u00e8lerinage sur les traces d\u2019une \u00e9galit\u00e9 manqu\u00e9e - Lyon Bondy Blog\",\"isPartOf\":{\"@id\":\"https:\/\/lyonbondyblog.fr\/LBB\/#website\"},\"datePublished\":\"2009-07-03T12:09:51+00:00\",\"dateModified\":\"2013-08-02T12:11:42+00:00\",\"inLanguage\":\"fr-FR\",\"potentialAction\":[{\"@type\":\"ReadAction\",\"target\":[\"https:\/\/lyonbondyblog.fr\/LBB\/pelerinage-sur-les-traces-dune-egalite-manquee\/\"]}]},{\"@type\":\"WebSite\",\"@id\":\"https:\/\/lyonbondyblog.fr\/LBB\/#website\",\"url\":\"https:\/\/lyonbondyblog.fr\/LBB\/\",\"name\":\"Lyon Bondy Blog\",\"description\":\"\",\"publisher\":{\"@id\":\"https:\/\/lyonbondyblog.fr\/LBB\/#organization\"},\"potentialAction\":[{\"@type\":\"SearchAction\",\"target\":{\"@type\":\"EntryPoint\",\"urlTemplate\":\"https:\/\/lyonbondyblog.fr\/LBB\/?s={search_term_string}\"},\"query-input\":\"required name=search_term_string\"}],\"inLanguage\":\"fr-FR\"},{\"@type\":\"Organization\",\"@id\":\"https:\/\/lyonbondyblog.fr\/LBB\/#organization\",\"name\":\"LYON BONDY BLOG\",\"url\":\"https:\/\/lyonbondyblog.fr\/LBB\/\",\"logo\":{\"@type\":\"ImageObject\",\"inLanguage\":\"fr-FR\",\"@id\":\"https:\/\/lyonbondyblog.fr\/LBB\/#\/schema\/logo\/image\/\",\"url\":\"http:\/\/lyonbondyblog.fr\/LBB\/wp-content\/uploads\/2014\/10\/logo-portable-144.png\",\"contentUrl\":\"http:\/\/lyonbondyblog.fr\/LBB\/wp-content\/uploads\/2014\/10\/logo-portable-144.png\",\"width\":144,\"height\":123,\"caption\":\"LYON BONDY BLOG\"},\"image\":{\"@id\":\"https:\/\/lyonbondyblog.fr\/LBB\/#\/schema\/logo\/image\/\"},\"sameAs\":[\"https:\/\/www.facebook.com\/lyonbondyblog\",\"https:\/\/x.com\/bondybloglyon\"]},{\"@type\":\"Person\",\"@id\":\"https:\/\/lyonbondyblog.fr\/LBB\/#\/schema\/person\/e45f8d27baac75072daa0be50c409b25\",\"name\":\"La r\u00e9daction\",\"description\":\"Cr\u00e9e en 2008, la r\u00e9daction du Lyon Bondy Blog s'applique \u00e0 proposer une information locale diff\u00e9rente et compl\u00e9mentaire des m\u00e9dias traditionnels.\",\"sameAs\":[\"https:\/\/www.facebook.com\/lyonbondyblog\",\"https:\/\/x.com\/BondyBlogLyon\"],\"url\":\"https:\/\/lyonbondyblog.fr\/LBB\/author\/admin\/\"}]}<\/script>\n<!-- \/ Yoast SEO plugin. -->","yoast_head_json":{"title":"P\u00e8lerinage sur les traces d\u2019une \u00e9galit\u00e9 manqu\u00e9e - Lyon Bondy Blog","robots":{"index":"index","follow":"follow","max-snippet":"max-snippet:-1","max-image-preview":"max-image-preview:large","max-video-preview":"max-video-preview:-1"},"canonical":"https:\/\/lyonbondyblog.fr\/LBB\/pelerinage-sur-les-traces-dune-egalite-manquee\/","og_locale":"fr_FR","og_type":"article","og_title":"P\u00e8lerinage sur les traces d\u2019une \u00e9galit\u00e9 manqu\u00e9e - Lyon Bondy Blog","og_description":"Un documentaire sur la marche de l&rsquo;\u00e9galit\u00e9 et contre le racisme est en cours de r\u00e9alisation. Un groupe parti de Villeurbanne le 30 juin, refait &hellip;","og_url":"https:\/\/lyonbondyblog.fr\/LBB\/pelerinage-sur-les-traces-dune-egalite-manquee\/","og_site_name":"Lyon Bondy Blog","article_publisher":"https:\/\/www.facebook.com\/lyonbondyblog","article_author":"https:\/\/www.facebook.com\/lyonbondyblog","article_published_time":"2009-07-03T12:09:51+00:00","article_modified_time":"2013-08-02T12:11:42+00:00","og_image":[{"width":851,"height":200,"url":"https:\/\/lyonbondyblog.fr\/LBB\/wp-content\/uploads\/2014\/10\/Bandeau-Site-V2-011-2.jpg","type":"image\/jpeg"}],"author":"La r\u00e9daction","twitter_card":"summary_large_image","twitter_creator":"@BondyBlogLyon","twitter_site":"@bondybloglyon","schema":{"@context":"https:\/\/schema.org","@graph":[{"@type":"Article","@id":"https:\/\/lyonbondyblog.fr\/LBB\/pelerinage-sur-les-traces-dune-egalite-manquee\/#article","isPartOf":{"@id":"https:\/\/lyonbondyblog.fr\/LBB\/pelerinage-sur-les-traces-dune-egalite-manquee\/"},"author":{"name":"La r\u00e9daction","@id":"https:\/\/lyonbondyblog.fr\/LBB\/#\/schema\/person\/e45f8d27baac75072daa0be50c409b25"},"headline":"P\u00e8lerinage sur les traces d\u2019une \u00e9galit\u00e9 manqu\u00e9e","datePublished":"2009-07-03T12:09:51+00:00","dateModified":"2013-08-02T12:11:42+00:00","mainEntityOfPage":{"@id":"https:\/\/lyonbondyblog.fr\/LBB\/pelerinage-sur-les-traces-dune-egalite-manquee\/"},"wordCount":736,"commentCount":0,"publisher":{"@id":"https:\/\/lyonbondyblog.fr\/LBB\/#organization"},"keywords":["LBB","Lyon Bondy Blog"],"articleSection":["Lyon"],"inLanguage":"fr-FR","potentialAction":[{"@type":"CommentAction","name":"Comment","target":["https:\/\/lyonbondyblog.fr\/LBB\/pelerinage-sur-les-traces-dune-egalite-manquee\/#respond"]}]},{"@type":"WebPage","@id":"https:\/\/lyonbondyblog.fr\/LBB\/pelerinage-sur-les-traces-dune-egalite-manquee\/","url":"https:\/\/lyonbondyblog.fr\/LBB\/pelerinage-sur-les-traces-dune-egalite-manquee\/","name":"P\u00e8lerinage sur les traces d\u2019une \u00e9galit\u00e9 manqu\u00e9e - Lyon Bondy Blog","isPartOf":{"@id":"https:\/\/lyonbondyblog.fr\/LBB\/#website"},"datePublished":"2009-07-03T12:09:51+00:00","dateModified":"2013-08-02T12:11:42+00:00","inLanguage":"fr-FR","potentialAction":[{"@type":"ReadAction","target":["https:\/\/lyonbondyblog.fr\/LBB\/pelerinage-sur-les-traces-dune-egalite-manquee\/"]}]},{"@type":"WebSite","@id":"https:\/\/lyonbondyblog.fr\/LBB\/#website","url":"https:\/\/lyonbondyblog.fr\/LBB\/","name":"Lyon Bondy Blog","description":"","publisher":{"@id":"https:\/\/lyonbondyblog.fr\/LBB\/#organization"},"potentialAction":[{"@type":"SearchAction","target":{"@type":"EntryPoint","urlTemplate":"https:\/\/lyonbondyblog.fr\/LBB\/?s={search_term_string}"},"query-input":"required name=search_term_string"}],"inLanguage":"fr-FR"},{"@type":"Organization","@id":"https:\/\/lyonbondyblog.fr\/LBB\/#organization","name":"LYON BONDY BLOG","url":"https:\/\/lyonbondyblog.fr\/LBB\/","logo":{"@type":"ImageObject","inLanguage":"fr-FR","@id":"https:\/\/lyonbondyblog.fr\/LBB\/#\/schema\/logo\/image\/","url":"http:\/\/lyonbondyblog.fr\/LBB\/wp-content\/uploads\/2014\/10\/logo-portable-144.png","contentUrl":"http:\/\/lyonbondyblog.fr\/LBB\/wp-content\/uploads\/2014\/10\/logo-portable-144.png","width":144,"height":123,"caption":"LYON BONDY BLOG"},"image":{"@id":"https:\/\/lyonbondyblog.fr\/LBB\/#\/schema\/logo\/image\/"},"sameAs":["https:\/\/www.facebook.com\/lyonbondyblog","https:\/\/x.com\/bondybloglyon"]},{"@type":"Person","@id":"https:\/\/lyonbondyblog.fr\/LBB\/#\/schema\/person\/e45f8d27baac75072daa0be50c409b25","name":"La r\u00e9daction","description":"Cr\u00e9e en 2008, la r\u00e9daction du Lyon Bondy Blog s'applique \u00e0 proposer une information locale diff\u00e9rente et compl\u00e9mentaire des m\u00e9dias traditionnels.","sameAs":["https:\/\/www.facebook.com\/lyonbondyblog","https:\/\/x.com\/BondyBlogLyon"],"url":"https:\/\/lyonbondyblog.fr\/LBB\/author\/admin\/"}]}},"_links":{"self":[{"href":"https:\/\/lyonbondyblog.fr\/LBB\/wp-json\/wp\/v2\/posts\/3351","targetHints":{"allow":["GET"]}}],"collection":[{"href":"https:\/\/lyonbondyblog.fr\/LBB\/wp-json\/wp\/v2\/posts"}],"about":[{"href":"https:\/\/lyonbondyblog.fr\/LBB\/wp-json\/wp\/v2\/types\/post"}],"author":[{"embeddable":true,"href":"https:\/\/lyonbondyblog.fr\/LBB\/wp-json\/wp\/v2\/users\/1"}],"replies":[{"embeddable":true,"href":"https:\/\/lyonbondyblog.fr\/LBB\/wp-json\/wp\/v2\/comments?post=3351"}],"version-history":[{"count":0,"href":"https:\/\/lyonbondyblog.fr\/LBB\/wp-json\/wp\/v2\/posts\/3351\/revisions"}],"wp:attachment":[{"href":"https:\/\/lyonbondyblog.fr\/LBB\/wp-json\/wp\/v2\/media?parent=3351"}],"wp:term":[{"taxonomy":"category","embeddable":true,"href":"https:\/\/lyonbondyblog.fr\/LBB\/wp-json\/wp\/v2\/categories?post=3351"},{"taxonomy":"post_tag","embeddable":true,"href":"https:\/\/lyonbondyblog.fr\/LBB\/wp-json\/wp\/v2\/tags?post=3351"}],"curies":[{"name":"wp","href":"https:\/\/api.w.org\/{rel}","templated":true}]}}