{"id":335,"date":"2013-07-04T14:59:21","date_gmt":"2013-07-04T12:59:21","guid":{"rendered":"http:\/\/lyonbondyblog.fr\/LBB\/?p=335"},"modified":"2013-07-25T13:53:10","modified_gmt":"2013-07-25T11:53:10","slug":"335","status":"publish","type":"post","link":"https:\/\/lyonbondyblog.fr\/LBB\/335\/","title":{"rendered":"\u00ab Lyon n\u2019est pas qu\u2019une ville vitrine \u00bb, Emeline Baume"},"content":{"rendered":"<div><strong><strong>Le CLIC accueille \u00c9meline Baume, co-t\u00eate de liste avec \u00c9tienne T\u00eate des \u00e9cologistes pour les municipales 2014 \u00e0 Lyon.<\/strong><\/strong><\/div>\n<div><\/div>\n<div>\n<div><img loading=\"lazy\" decoding=\"async\" title=\"\" alt=\"\" src=\"http:\/\/lyonbondyblog.fr\/sites\/default\/files\/imagecache\/400xY\/DSC06828.JPG\" width=\"400\" height=\"225\" \/><\/p>\n<div><\/div>\n<\/div>\n<div>\n<p>Cet entretien a \u00e9t\u00e9 effectu\u00e9 par Sylvain M\u00e9tafiot (<a href=\"http:\/\/forumlyon.noomix.fr\/\">Forum de Lyon<\/a>, <a href=\"http:\/\/www.mankpadere.org\/\">Mankpad\u2019ere<\/a>), Jean-Philippe Bonan (Sens Public,<a href=\"http:\/\/forumlyon.noomix.fr\/\"> Forum de Lyon<\/a>) et Charlotte Bonnet (<a href=\"http:\/\/www.pourparlers.eu\/\">Pourparlers<\/a>). La r\u00e9alisation radio a \u00e9t\u00e9 supervis\u00e9 par Patrice Berger (<a href=\"http:\/\/www.radiopluriel.fr\/\">Radio Puriel<\/a>).<\/p>\n<div id=\"mp3jWrap_0\" class=\"mjp-s-wrapper s-graphic unsel-mjp \" style=\"font-size:18px;\"><span id=\"playpause_wrap_mp3j_0\" class=\"wrap_inline_mp3j\" style=\"font-weight:700;\"><span class=\"gfxbutton_mp3j play-mjp\" id=\"playpause_mp3j_0\" style=\"font-size:18px;\">&nbsp;&nbsp;&nbsp;&nbsp;&nbsp;<\/span>&nbsp;<span class=\"group_wrap\"><span class=\"bars_mp3j\"><span class=\"loadB_mp3j\" id=\"load_mp3j_0\"><\/span><span class=\"posbarB_mp3j\" id=\"posbar_mp3j_0\"><\/span><\/span><span class=\"T_mp3j\" id=\"T_mp3j_0\" style=\"font-size:18px;\">Vous pouvez \u00e9couter l\u2019int\u00e9gralit\u00e9 de l\u2019entretien ici.<\/span><span class=\"indi_mp3j\" style=\"font-size:12.6px;\" id=\"statusMI_0\"><\/span><\/span><span class=\"vol_mp3j flipped\" id=\"vol_mp3j_0\"><\/span><\/span><\/div><span class=\"s-nosolution\" id=\"mp3j_nosolution_0\" style=\"display:none;\"><\/span><script>\nMP3jPLAYLISTS.inline_0 = [\n\t{ name: \"Vous pouvez \u00e9couter l\u2019int\u00e9gralit\u00e9 de l\u2019entretien ici.\", formats: [\"mp3\"], mp3: \"aHR0cDovL3d3dy5jcmFuY3JhLm9yZy9lbWlzc2lvbnMvcmFkaW8tcGx1cmllbC9lbWVsaW5lLWJhdW1lLm1wMw==\", counterpart:\"\", artist: \"\", image: \"\", imgurl: \"\" }\n];\n<\/script>\n\n<script>MP3jPLAYERS[0] = { list: MP3jPLAYLISTS.inline_0, tr:0, type:'single', lstate:'', loop:false, play_txt:'&nbsp;&nbsp;&nbsp;&nbsp;&nbsp;', pause_txt:'&nbsp;&nbsp;&nbsp;&nbsp;&nbsp;', pp_title:'', autoplay:false, download:false, vol:85, height:'' };<\/script>\n<p>&nbsp;<\/p>\n<p><strong>Mme Baume, vous \u00eates conseill\u00e8re du 1er arrondissement de Lyon, et candidate pour \u00eatre d\u00e9sign\u00e9e t\u00eate de liste d\u2019EELV aux municipales 2014, Vous \u00eates la seule femme candidate, face \u00e0 trois candidats, pourquoi si peu de femme sont pr\u00e9sentes dans cette campagne, les verts sont-ils machistes ?<\/strong><\/p>\n<p>Premi\u00e8rement, je voudrais apporter une petite correction. Je suis candidate pour la liste \u00ab <a href=\"http:\/\/lyonnouveausouffle.fr\/\">un nouveau souffle pour Lyon<\/a> \u00bb, je ne suis pas candidate pour la liste des Verts. Probablement que si j\u2019\u00e9tais candidate dans la liste d\u2019Europe \u00c9cologie les Verts, il y aurait d\u2019autres femmes. Ce qui a \u00e9t\u00e9 compliqu\u00e9, c\u2019est qu\u2019en mars un appel \u00e0 \u00e9t\u00e9 lanc\u00e9 pour rassembler tous les habitants de Lyon qui se retrouvent derri\u00e8re les valeurs de l\u2019\u00e9cologie politique et de la gauche globalement, avec comme accroche \u00ab On veut trouver de nouvelles solutions pour am\u00e9liorer votre quotidien \u00bb. Cet appel a \u00e9t\u00e9 pr\u00e9sent\u00e9 dans le mouvement EELV comme un grand mouvement d\u2019ouverture, de fait, les hommes et les femmes encart\u00e9s au sein du parti et qui auraient pu se pr\u00e9senter comme t\u00eates de liste ont souhait\u00e9 laisser la place \u00e0 d\u2019autres : c\u2019est un beau geste, un signe d\u2019ouverture et de rassemblement. Ainsi, nos responsables politiques du mouvement ELLV ont tr\u00e8s t\u00f4t fait part de leur souhait de permettre \u00e0 Nathalie Perrin-Gilbert, l\u2019actuelle maire du premier arrondissement, socialiste, de rejoindre cette dynamique collective. Il se trouve qu\u2019elle n\u2019a pas souhait\u00e9 rentrer dans ce processus de d\u00e9signation interne, or c\u2019est vraiment dans cette logique l\u00e0 que je me suis lanc\u00e9e. Je trouve \u00e7a dommage qu\u2019il n\u2019y ait pas plusieurs candidates, je me suis dit que ma candidature allait donner envie \u00e0 d\u2019autres femmes de candidater. Il se trouve que chez les hommes, ce ne sont que des \u00e9cologistes encart\u00e9s, et cette volont\u00e9 d\u2019ouverture qui semblait tr\u00e8s importante au d\u00e9but se retrouve donc comme la probl\u00e9matique centrale dans la liste des femmes. Tout cela pour dire que je ne pense pas que les \u00e9cologistes soient machistes, par contre, je pense que cela montre qu\u2019il y a toujours un vrai probl\u00e8me en politique, comme dans la soci\u00e9t\u00e9 fran\u00e7aise \u00e0 propos de la place qu\u2019on laisse aux femmes, et les responsabilit\u00e9s qu\u2019on laissent, ou pas, aux femmes.<\/p>\n<p>&nbsp;<\/p>\n<p><strong>Qu\u2019est-il pr\u00e9vu au sein du mouvement \u00ab Un nouveau souffle pour Lyon \u00bb pour le candidat \u00e0 la mairie de Lyon ? Puisque \u00e0 l\u2019issue des primaires il y aura un homme et une femme d\u00e9sign\u00e9s, qui sera t\u00eate de liste ?<\/strong><\/p>\n<p>Concr\u00e8tement, quand on est dans l\u2019optique des \u00e9lections municipales \u00e0 Lyon, on doit pr\u00e9senter neuf listes (une pour chaque arrondissement), avec une t\u00eate de liste dans chacun des arrondissements. Et, \u00e0 titre symbolique, une seule personne \u00e0 mettre sur les affiches de campagne, qui est le porte-parole. Par exemple, chez les socialistes, depuis deux mandats, c\u2019est G\u00e9rard Collomb, la t\u00eate de liste du neuvi\u00e8me arrondissement, qui est la t\u00eate de liste pour la ville. Pour r\u00e9pondre \u00e0 la question, je pense que l\u2019\u00e9lection de samedi (29 juin) est une \u00e9lection symbolique, on choisit deux personnes, qui, de mon point de vue, seront porte-parole de cette dynamique du \u00ab nouveau souffle \u00bb, et avec ces deux personnes, en plus, il y aura neuf autres personnes (ou \u00e0 minima, sept). C\u2019est \u00e0 dire que les deux retenus peuvent aussi \u00eatre t\u00eates de liste d\u2019arrondissement. La t\u00eate de liste pour la mairie de Lyon ne sera pas d\u00e9sign\u00e9e samedi et je le regrette, mais en m\u00eame temps, les \u00e9lections sont en mars prochain, donc on a le temps de construire un histoire logique et coh\u00e9rente qui fera sens pour les gens. Il ne faut pas oublier qu\u2019il y a des gens qui vont faire une vraie campagne d\u2019ici l\u00e0, qui n\u2019auront par leur nom sur les affiches, qui font cela pour la beaut\u00e9 de l\u2019engagement, pour faire avancer leurs id\u00e9es et leurs propositions. Mais si une personne, samedi, se d\u00e9marque ou est \u00e9lu avec 99,9% des voix, cela nous sautera aux yeux et il sera d\u00e9sign\u00e9 comme t\u00eate de liste pour la ville d\u00e8s samedi. En g\u00e9n\u00e9ral, dans les mouvements de gauche, on a pas trop la culture du chef (comme l\u2019a dit une certaine personne dans un certain m\u00e9dia), et moi je me retrouve bien dans cette d\u00e9marche collective qu\u2019on met en place cette ann\u00e9e. Il faut aussi savoir reconna\u00eetre les qualit\u00e9s de certaines personnes : certaines sont plus dou\u00e9es pour \u00e9crire, ou pour porter la parole, pour aller serrer des mains sur les march\u00e9s, etc. Je pense qu\u2019on peut se r\u00e9partir les r\u00f4les, y compris entre des hommes et des femmes, entre des jeunes et des vieux, entre les militants de la premi\u00e8re heure de 1984 comme \u00c9tienne T\u00eate et des gens qui sont arriv\u00e9s il y a un an et qui ont l\u2019envie de faire des choses.<\/p>\n<p>&nbsp;<\/p>\n<p><strong>Pour ses primaires,<a href=\"http:\/\/www.free-landz.fr\/une\/primaires-a-lump-analyse\"> l\u2019UMP n\u2019a r\u00e9ussi \u00e0 mobiliser que 5235 personnes au second tour<\/a> alors qu\u2019elle \u00e9tait ouverte \u00e0 tous les Lyonnais. Vous pensez r\u00e9ussir \u00e0 mobiliser environ combien de personnes samedi ?<\/strong><\/p>\n<p>L\u00e0, comme \u00e7a, du tac au tac, environ 500, et ce sera bien. Je ne crois pas qu\u2019on ait la pr\u00e9tention au sein du \u00ab nouveau souffle \u00bb ou\/et d\u2019EELV de comparer notre d\u00e9marche \u00e0 celle des primaires de l\u2019UMP. Nous sommes dans un processus qui a commenc\u00e9 en mars dernier, voire m\u00eame depuis la cr\u00e9ation d\u2019EELV en 2007, ce principe de dire \u00ab \u00e9videmment on est un mouvement, un parti politique, qui a une histoire, mais qui avance \u00bb. On a conscience que l\u2019engagement politique formel ne fait plus trop sens actuellement, et donc on essaie, sur des \u00e9lections locales comme celles-l\u00e0, d\u2019aller au plus pr\u00e8s des gens sans les effrayer. On ne leur demande pas de s\u2019encarter, de s\u2019habiller en vert tous les jours, de donner 500\u20ac par mois, mais simplement de participer \u00e0 une dynamique collective pour du mieux vivre, plus de d\u00e9mocratie, ici \u00e0 Lyon. On reste dans un cadre d\u2019id\u00e9es r\u00e9publicaines, de solidarit\u00e9, de respect du paysage environnemental. Mais la base c\u2019est donner envie aux gens de se mobiliser, et de ne pas se sentir enferm\u00e9s dans une bo\u00eete qui s\u2019appelle PS ou Front de Gauche ou UMP. Je pense que c\u2019est la grosse diff\u00e9rence avec les primaires de l\u2019UMP : ils avaient besoin de faire un bon coup de com\u2019 !<\/p>\n<p>&nbsp;<\/p>\n<p><strong>Pourquoi la volont\u00e9 de se d\u00e9gager de la majorit\u00e9 locale ? Que reprochez-vous au PS en g\u00e9n\u00e9ral et \u00e0 G\u00e9rard Collomb en particulier ?<\/strong><\/p>\n<p>Je ne le formulerai pas comme \u00ab on veut se d\u00e9gager de la majorit\u00e9 locale \u00bb. Moi je suis actuellement \u00e9lue locale \u00e0 Lyon, j\u2019ai \u00e9t\u00e9 \u00e9lue sur une liste de rassemblement de la gauche derri\u00e8re G\u00e9rard Collomb. En tant que personne je ne me positionne pas par rapport \u00e0 G\u00e9rard Collomb, mais en tant que Emeline Baume. J\u2019ai fait des choses, j\u2019ai appris \u00e0 travailler dans une assembl\u00e9e \u00e0 la communaut\u00e9 urbaine de Lyon et en mairie d\u2019arrondissement. Et je me revendique de l\u2019\u00e9cologie politique. Un mouvement qui porte un projet de soci\u00e9t\u00e9, ce n\u2019est pas un projet par rapport \u00e0 G\u00e9rard Collomb, mais un projet qu\u2019on propose aux gens. En 2001 et 2007, on \u00e9tait avec les socialistes, les communistes et le PRG, aujourd\u2019hui nous sommes plus nombreux, plus forts et surtout on a envie ! Donc on essaie tout seuls. On s\u2019est test\u00e9s \u00e0 l\u2019exercice du pouvoir, on a vu les points forts, les points faibles, on a vu ce que \u00e7a faisait de partir en \u00e9quipe de gauche. L\u2019id\u00e9e n\u2019est pas de se d\u00e9marquer de la majorit\u00e9 sortante mais de proposer notre projet, que cela marche ou pas. Peut-\u00eatre ferons 2, 13 ou 23 % et au soir du premier tour, et bien on retournera au syst\u00e8me de n\u00e9gociations s\u2019il y a besoin.<\/p>\n<p>&nbsp;<\/p>\n<p><strong>Sur le plan national, les Verts ont-ils vocation \u00e0 \u00eatre toujours les alli\u00e9s objectifs du PS ? Que pensez-vous de la collaboration des Verts avec le gouvernement Ayrault ?<\/strong><\/p>\n<p>Je pense que si C\u00e9cile Duflot et Pascal Canfin ont accept\u00e9 de rejoindre un gouvernement socialiste, c\u2019est qu\u2019ils se sont dit exactement ce qu\u2019on s\u2019est dit ici en 2001 : \u00ab On essaye ! On a des id\u00e9es pour le logement, pour l\u2019habitat sain, responsable, on a envie de pousser un gros plan de r\u00e9novation thermique, on veut que ce probl\u00e8me du logement soit r\u00e9solu en France. On essaye ! \u00bb \u00c7a ne sert \u00e0 rien de hurler dans le d\u00e9sert. C\u2019est gentil d\u2019\u00eatre dans l\u2019interpellation constante comme d\u2019autres forces politiques, mais au moins, nous, on a essay\u00e9. On s\u2019est peut-\u00eatre tromp\u00e9s, mais au moins on a tent\u00e9. Pour Pascal Canfin, la situation est moins lisible, il est sur une th\u00e9matique compliqu\u00e9e, a priori il ne fait pas de bourde, du point de vue des \u00e9cologistes. Je pense quand m\u00eame que, vu ce qui se passe actuellement, ce serait agr\u00e9able que C\u00e9cile Duflot puisse sortir sa loi sur le logement et qu\u2019on y retrouve tout ce qu\u2019on d\u00e9fend et qu\u2019ensuite on se pose la question de quitter ce gouvernement. Pas pour dire \u00ab on fait un coup m\u00e9diatique avant les municipales \u00bb mais pour montrer qu\u2019on a pas peur de se pr\u00e9senter aux \u00e9lections municipales tout seuls et donc qu\u2019on sorte de cette esp\u00e8ce de tutelle qu\u2019on a au gouvernement.<\/p>\n<p>&nbsp;<\/p>\n<p><strong>Jean-Luc M\u00e9lenchon a, depuis un certain temps, renforc\u00e9 ses positions \u00e9cologiques dans ses discours. Une alliance avec le Front de Gauche est-elle envisageable ? Avec le Centre ou avec d\u2019autres partis ?<\/strong><\/p>\n<p>Comme je l\u2019expliquais dans ma profession de foi (qui est publique) je ne suis pas pour des alliances d\u2019appareils qui sont incompr\u00e9hensibles de l\u2019ext\u00e9rieur. Cela fait peut-\u00eatre un peu d\u00e9mago, mais si des personnes qui sont au Parti de Gauche, au PC, au PS ou \u00e0 l\u2019UDI, se retrouvent dans les propositions concr\u00e8tes qui vont sortir des groupes de travail de samedi, ils faut qu\u2019ils signent l\u2019appel, en tant que personnes. L\u2019id\u00e9e n\u2019est pas de les faire adh\u00e9rer \u00e0 un mouvement politique mais de les regrouper autour d\u2019engagements concrets.<\/p>\n<p>&nbsp;<\/p>\n<p><strong>N\u2019avez-vous pas peur, si vous \u00eates d\u00e9sign\u00e9e candidate de ce mouvement \u00ab un nouveau souffle \u00bb, de cette propension, chez les Verts, \u00e0 tirer dans les pattes de leur leader (voir Eva Joly lors de la pr\u00e9sidentielle) ?<\/strong><\/p>\n<p>La non culture de chef, c\u2019est de \u00e7a que vous parlez ? Personnellement, je n\u2019en ai pas peur [rires]. C\u2019est la premi\u00e8re fois que l\u2019on propose de se pr\u00e9senter devant les Lyonnais en liste autonome, donc je pense qu\u2019on est suffisamment intelligents pour s\u2019organiser et trouver les conditions pour respecter la personne qui sortira du lot, que ce soit samedi ou cet automne.<\/p>\n<p>&nbsp;<\/p>\n<p><strong>Que pensez-vous du projet de Lyon M\u00e9tropole soutenu par G\u00e9rard Collomb et Michel Mercier ?<\/strong><\/p>\n<p>En soit, c\u2019est intelligent de faire sauter un \u00e9chelon administratif, le d\u00e9partement. Par contre, le probl\u00e8me que beaucoup de gens pointent c\u2019est cette fameuse question de gouvernance. Moi, ce que je voudrais, comme tout le monde, c\u2019est que les \u00e9lus appel\u00e9s \u00e0 si\u00e9ger dans cette assembl\u00e9e qui va tout tenir (\u00e0 l\u2019heure actuelle c\u2019est le Grand Lyon) soient \u00e9lus au suffrage universel direct. Les \u00e9lecteurs doivent pouvoir les choisir directement, ainsi on voterait pour la m\u00e9tropole en m\u00eame temps que les \u00e9lections municipales. Apr\u00e8s, on peut dire ce qu\u2019on veut, d\u00e9cortiquer le projet, mais je pense que c\u2019est tr\u00e8s compliqu\u00e9. Moi je suis \u00e9cologiste, donc je suis r\u00e9gionaliste avant tout, et, \u00e0 titre personnel, ce qui me convient c\u2019est le principe du \u00ab au plus local \u00bb. L\u2019\u00e9chelon r\u00e9gional est le plus coh\u00e9rent pour s\u2019occuper des probl\u00e8mes d\u2019am\u00e9nagement du territoire, de d\u00e9veloppement \u00e9conomique. Et nous avons beaucoup de chance \u00e0 Lyon car la r\u00e9gion Rh\u00f4ne-Alpes est riche. Dans l\u2019id\u00e9al, je supprimerais les \u00e9chelons interm\u00e9diaires entre la commune et la r\u00e9gion.<\/p>\n<p>&nbsp;<\/p>\n<p><strong>Si vous \u00eates \u00e9lu maire, vous cumuleriez votre poste de maire avec celui de pr\u00e9sident de la m\u00e9tropole ? Et quelle est votre position sur le cumul des mandats en g\u00e9n\u00e9ral ?<\/strong><\/p>\n<p>Non, si j\u2019\u00e9tais maire de la ville de Lyon, je ne serai probablement pas pr\u00e9sidente de la communaut\u00e9 urbaine de Lyon. Je pense qu\u2019un maire d\u2019une tr\u00e8s grosse ville comme celle de Lyon, avec un poids symbolique aussi cons\u00e9quent au sein de la communaut\u00e9 urbaine de Lyon, doit se donner les moyens de mener ce mandat \u00e0 temps plein. Ceci \u00e9tant dit, pour ne rien vous cacher, je ne pense pas \u00eatre \u00e9lue maire de la ville de Lyon. \u00c9ventuellement maire d\u2019arrondissement, ce serait fantastique.<\/p>\n<p>&nbsp;<\/p>\n<p><strong>Pendant les deux mandats de G\u00e9rard Collomb, on a vu se d\u00e9velopper ou aboutir plusieurs grands chantiers. Quel est votre avis sur ces projets ?<\/strong><\/p>\n<p>J\u2019ai pour habitude de dire que les deux mandats qui se sont \u00e9coul\u00e9s \u00e9taient des mandats de grands travaux. Il y a eu les berges du Rh\u00f4ne, les rives de Sa\u00f4ne, le Sergent Blandan dans le septi\u00e8me, Confluence, des tours \u00e0 la Part-Dieu\u2026 Je trouve que c\u2019est tr\u00e8s r\u00e9v\u00e9lateur de la volont\u00e9 d\u2019une \u00e9quipe (car \u00e7a ne vient pas d\u2019une seule personne !) de transformer la ville morphologiquement, mais pas de l\u2019int\u00e9rieur. Leur volont\u00e9 n\u2019\u00e9tait pas de changer le quotidien des Lyonnais. Forc\u00e9ment, on peut caricaturer en disant que les \u00e9cologistes sont oppos\u00e9s aux grands travaux qui font marcher les grandes entreprises du BTP, pour le petit peuple lyonnais qui a besoin de travailler. C\u2019est vrai qu\u2019il y a certains grands travaux qui ont am\u00e9lior\u00e9 le cadre de vie, mais il y a aussi des grands travaux qui sont inutiles, comme le grand stade, par exemple. Je citerai \u00e9galement la requalification de la Part-Dieu, qui pour moi ne va pas dans le bon sens : cela n\u2019a pas \u00e9t\u00e9 fait \u00e0 l\u2019\u00e9chelle humaine, ce n\u2019est pas con\u00e7u pour des vraies gens, pour que des familles puissent y vivre. Je pense aussi que cette p\u00e9riode de grands investissements est termin\u00e9e, car les collectivit\u00e9s ont beaucoup moins de capacit\u00e9s d\u2019investissement maintenant, et elles commencent \u00e0 comprendre et ce quelque soit leur orientation politique qu\u2019il faut qu\u2019elles investissent plus sur l\u2019humain.<\/p>\n<p>&nbsp;<\/p>\n<p><strong>Vous pensez qu\u2019il y a des quartiers qui ont \u00e9t\u00e9 oubli\u00e9s ?<\/strong><\/p>\n<p>R\u00e9pondre oui voudrait dire que j\u2019ai des pr\u00e9f\u00e9rences et je ne pense pas qu\u2019il y ait des quartiers qui ont \u00e9t\u00e9 oubli\u00e9s. On a plut\u00f4t oubli\u00e9 que dans la ville, et en particulier \u00e0 Lyon, on ne veut pas voir que des bureaux, des bars et des restaurants. Lyon n\u2019est pas une ville vitrine, c\u2019est une ville avec de vraies gens, on veut donc qu\u2019il y ait des \u00e9coles avec des cantines, des cheminements pi\u00e9tons, des commerces de proximit\u00e9, des jardins\u2026 C\u2019est vrai que ces th\u00e9matiques l\u00e0 ont \u00e9t\u00e9 moins travaill\u00e9es durant ce mandat, mais la distinction ne se fait pas par quartiers.<\/p>\n<p>&nbsp;<\/p>\n<p><strong>Que pensez-vous de la concertation qui a lieu \u00e0 propos du plan local d\u2019urbanisme ? Est-elle efficace , est-elle bien men\u00e9e ?<\/strong><\/p>\n<p>Lundi dernier [24 juin, Nldr], \u00e0 la communaut\u00e9 urbaine de Lyon, on nous a pr\u00e9sent\u00e9 le rendu du conseil de d\u00e9veloppement du Grand Lyon sur les orientations propos\u00e9es dans le cadre de la refonte du PLUH. C\u2019est bien qu\u2019il y ait une concertation classique, formelle, qui existe, ce n\u2019est pas le cas dans toutes les collectivit\u00e9s. Dans le premier arrondissement on a termin\u00e9, justement, une partie de la concertation. Par contre, je regrette, comme souvent, que la collectivit\u00e9 ne se donne pas les moyens d\u2019aller vraiment au plus pr\u00e8s des habitants : on aurait pu faire plein de choses en compl\u00e9ment de la concertation formelle et stricte ( qui consiste \u00e0 faire des r\u00e9unions publiques \u00e0 18h30 dans des mairies d\u2019arrondissements, et on sait bien que les mamans ne viennent pas, que les jeunes ne viennent pas non plus parce que ce n\u2019est pas attractif), ainsi on aurait pu demander dans toutes les \u00e9coles aux \u00e9l\u00e8ves de travailler sur ces questions d\u2019une fa\u00e7on ou d\u2019une autre, tout au long de l\u2019ann\u00e9e, on aurait aussi pu tirer au sort certains habitants et leur poser des questions. On n\u2019\u00e9largit pas le cercle avec ce type de concertation, et c\u2019est dommage.<\/p>\n<p>&nbsp;<\/p>\n<p><strong>Que pensez-vous que les gens pourraient apporter en plus des relais habituels ?<\/strong><\/p>\n<p>De la fra\u00eecheur, tout simplement. Une autre fa\u00e7on d\u2019appr\u00e9hender ces questions essentielles d\u2019am\u00e9nagement du territoire, de la place de la nature en ville, de leur vision du d\u00e9veloppement \u00e9conomique. Juste un regard neuf, et c\u2019est \u00e7a dont on a le plus besoin pour am\u00e9liorer les politiques publiques, des gens qui n\u2019ont pas l\u2019habitude de l\u2019exercice du pouvoir, et qui ne sont pas aigris. C\u2019est pour \u00e7a que chez les verts on est oppos\u00e9s au cumul des mandats d\u2019ailleurs, ce n\u2019est pas pour faire joli sur un tract, mais on consid\u00e8re que tout le monde est en capacit\u00e9 de prendre sa part de responsabilit\u00e9 dans la gestion de la vie locale. Et peut-\u00eatre qu\u2019en concertant plus largement, on donnerai plus envie \u00e0 des gens de s\u2019investir dans la sph\u00e8re publique, et cela renouvellerait le personnel politique et \u00e7a ne serait pas plus mal.<\/p>\n<p>&nbsp;<\/p>\n<p><strong>Avez-vous une id\u00e9e de grand projet \u00e0 mener sur Lyon ?<\/strong><\/p>\n<p>Comme je l\u2019ai d\u00e9j\u00e0 dit, je ne me retrouve pas dans la notion de \u00ab grand projet \u00bb, je peux vous citer des choses importantes, par exemple construire l\u2019autonomie alimentaire sur la communaut\u00e9 urbaine de Lyon. Mais ce n\u2019est pas UN grand projet visible. C\u2019est souvent le d\u00e9faut des engag\u00e9s de gauche, on est pas tr\u00e8s vers\u00e9s dans le marketing. Mais, pour reprendre la phrase d\u2019un autre \u00ab je n\u2019ai pas envie de construire un pyramide du Louvre place des Terreaux \u00bb, je ne pense pas que cela apportera quelque chose aux Lyonnais.<\/p>\n<p>&nbsp;<\/p>\n<p><strong>Passons \u00e0 une question qui pr\u00e9occupe fortement les Lyonnais : la politique de la petite enfance. Que proposez-vous pour am\u00e9liorer l\u2019accueil en cr\u00e8che ?<\/strong><\/p>\n<p>Il faut int\u00e9grer la question de la garde d\u2019enfants dans une probl\u00e9matique plus large, la place des familles dans le monde urbain, qui englobe d\u2019autres probl\u00e8mes comme le logement \u00e0 Lyon intra-muros : les gens se logent \u00e0 Lyon quand il n\u2019ont qu\u2019un enfant, \u00e0 partir de deux, la famille quitte la ville, car il n\u2019y a pas assez d\u2019ext\u00e9rieurs, ou par manque de moyens.<\/p>\n<p>Pour ce qui est des cr\u00e8ches : \u00e9videmment, il n\u2019y en a pas suffisamment. Le mod\u00e8le de la cr\u00e8che comme on la conna\u00eet a des limites. Il faut penser aux alternatives possibles comme les micro-cr\u00e8ches qui fonctionnent bien, nous devons donc les aider. Il y a sur la presqu\u2019\u00eele plein d\u2019immeubles de bureaux et pour tous ceux qui y travaillent, ce serait plus simple d\u2019amener leurs enfants sur leur lieu de travail avec des cr\u00e8ches dans ces immeubles de bureaux. Je pense qu\u2019il faut plus n\u00e9gocier avec les entreprises, accompagner les formations aux m\u00e9tiers de la petite enfance (assistants familiaux, assistantes maternelles) parce que cela fonctionne. Et il faut adapter la ville (c\u2019est \u00e0 dire les espaces publics) pour que les enfants trouvent plus facilement leur place. La ville n\u2019a ni les moyens, ni les locaux pour ouvrir 200 cr\u00e8ches suppl\u00e9mentaires, par contre elle peut aider \u00e0 la cr\u00e9ation d\u2019entreprises autour de la garde d\u2019enfants.<\/p>\n<p>&nbsp;<\/p>\n<p><strong>Que pensez-vous de la remise en question de la semaine de quatre jours ?<\/strong><\/p>\n<p>Je suis tout \u00e0 fait favorable \u00e0 ce qu\u2019on se pose la question des rythmes de l\u2019enfant de fa\u00e7on globale, et concr\u00e8tement dans la cit\u00e9. La semaine de quatre jours c\u2019est tr\u00e8s bien si cela correspond \u00e0 un rythme biologique de l\u2019enfant et au rythme de vie d\u2019une famille. Donc il faut qu\u2019il y ait en contrepartie une offre d\u2019activit\u00e9s int\u00e9ressante pour que les parents puissent vivre confortablement avec la semaine de quatre jours. Pour que cette offre existe, au del\u00e0 des activit\u00e9s purement de loisirs, il faut qu\u2019il y ait des associations d\u2019\u00e9ducation populaire qui aient les moyens (donc des salari\u00e9s, des b\u00e9n\u00e9voles, des locaux\u2026), c\u2019est l\u00e0-dessus qu\u2019il faut que la ville s\u2019engage.<\/p>\n<p>&nbsp;<\/p>\n<p><strong>Selon vous, quels sont les points d\u2019insuffisance de la politique actuelle locale dans le domaine du social ?<\/strong><\/p>\n<p>J\u2019ai plusieurs exemples \u00e0 vous donner sur ce sujet, premi\u00e8rement \u00e0 propos de l\u2019aide alimentaire, la ville de Lyon accompagne, gr\u00e2ce \u00e0 la banque alimentaire, des personnes qui n\u2019ont pas la possibilit\u00e9 de se nourrir une fois par jour. C\u2019est une belle d\u00e9marche, mais on distribue les restes de la grande distribution. Or la grande distribution c\u2019est la mort des paysans, de plus ces produits transform\u00e9s contiennent trop de sucre, trop de sel\u2026 \u00c0 mon sens, cela ne convient ni \u00e0 la pr\u00e9servation de la sant\u00e9 de chacun, ni \u00e0 la pr\u00e9servation de nos paysages et, de mani\u00e8re g\u00e9n\u00e9rale, de notre qualit\u00e9 de vie. Il me semble que la ville de Lyon, pour l\u2019aide alimentaire, devrait justement fonctionner avec les hommes et les femmes qui cultivent en p\u00e9riph\u00e9rie de l\u2019agglom\u00e9ration. Cela donnerait envie de travailler dans le secteur agricole, et cela permettrait aux plus fragiles d\u2019entre nous d\u2019avoir acc\u00e8s \u00e0 de la nourriture saine, locale, et de retrouver une forme de dignit\u00e9.<\/p>\n<p>Un deuxi\u00e8me exemple, c\u2019est l\u2019accompagnement des personnes isol\u00e9es et en particulier des a\u00een\u00e9s. Ce n\u2019est pas une question facile, mais il y en a de plus en plus, parce que la cellule familiale a explos\u00e9, mais aussi parce qu\u2019avec les loyers \u00e9lev\u00e9s du c\u0153ur de ville les personnes \u00e2g\u00e9es n\u2019ont plus les moyens de faire autre chose, ne serait-ce que prendre le train pour aller voir le bout de famille qui leur reste. Il faut arriver \u00e0 capter ce public l\u00e0, \u00e0 mettre en place des activit\u00e9s, des mouvements de solidarit\u00e9 et les int\u00e9grer dedans. Par exemple, on parlait de la semaine de quatre jours : cela ferait sens que, sans exploiter nos a\u00een\u00e9s, certains mettent \u00e0 disposition leurs comp\u00e9tences vers des b\u00e9n\u00e9voles d\u2019associations d\u2019\u00e9ducation populaire pour s\u2019occuper d\u2019enfants. De plus j\u2019ai remarqu\u00e9 notamment dans le premier arrondissement le probl\u00e8me de l\u2019ancienne g\u00e9n\u00e9ration d\u2019homosexuels qui sont sans enfants et en compl\u00e8te rupture familiale de par leur orientation affective, mais qui n\u2019ont jamais \u00e9t\u00e9 ultra militants et ne sont donc pas soutenus dans les r\u00e9seaux associatifs. Ils se retrouvent aujourd\u2019hui totalement isol\u00e9s et vraiment seuls.<\/p>\n<p>Voil\u00e0 deux exemples concrets, mais il faut savoir que l\u2019aide alimentaire \u00e0 mon sens est vraiment incontournable.<\/p>\n<p>&nbsp;<\/p>\n<p><img decoding=\"async\" alt=\"\" src=\"http:\/\/lyonbondyblog.fr\/sites\/default\/files\/DSC06834.JPG\" \/><\/p>\n<p>&nbsp;<\/p>\n<p><strong>Que pensez-vous de la gestion des centres d\u2019accueil des SDF sur Lyon ?<\/strong><\/p>\n<p>Il faut forc\u00e9ment revoir le mod\u00e8le des places d\u2019h\u00e9bergement. Comment fait-on pour assurer de l\u2019accueil d\u2019urgence ? Mais je ne pense pas qu\u2019il faille revoir \u00e7a uniquement sur la ville de Lyon, il faut se donner des conditions de souplesse. Je pense, par exemple, qu\u2019on mobilise assez les gymnases, peut-\u00eatre trop tardivement, mais \u00e0 mon avis, il faut pour cela avoir une politique forte de logement, c\u2019est-\u00e0-dire taxer la vacance.<\/p>\n<p>&nbsp;<\/p>\n<p><strong>Que faire pour ces familles de Roms en ville, qui sont d\u00e9plac\u00e9es de camp en camp et pour qui on ne trouve pas de solution \u00e0 long, ni m\u00eame \u00e0 moyen terme ?<\/strong><\/p>\n<p>La question ne se pose \u00e9videmment pas qu\u2019\u00e0 Lyon, mais partout en France : c\u2019est la question du rapport \u00e0 l\u2019\u00e9tranger. Forc\u00e9ment qu\u2019il y a urgence humanitaire, sanitaire, il faut que cette population puisse se fixer quelque part. Bien-s\u00fbr, quand il y a urgence il faut ouvrir les \u00e9coles, les gymnases, les lieux publics en p\u00e9riode de vacances, quand ils ne fonctionnent pas mais \u00e7a c\u2019est une solution temporaire, dans l\u2019urgence. On ne peut pas laisser durablement les gens dans ces lieux publics.<\/p>\n<p>Mais ce n\u2019est pas \u00e0 la ville de Lyon de r\u00e9soudre la question de fond, \u00e0 mon avis c\u2019est au niveau europ\u00e9en que cela se joue, et c\u2019est \u00e9galement la responsabilit\u00e9 de l\u2019\u00c9tat fran\u00e7ais de se demander quels moyens mettre en place pour accueillir des gens en urgence sociale et de leur permettre, s\u2019il le souhaitent, de vivre correctement chez eux. On ne peut pas laisser des gens autour de l\u2019\u00e9changeur Perrache. S\u2019ils sont l\u00e0 c\u2019est que la Pr\u00e9fecture n\u2019a pas trouv\u00e9 de solution. Ce qui est insupportable, c\u2019est qu\u2019ils soient renvoy\u00e9s chez eux et qu\u2019il reviennent deux semaines plus tard, encore plus mal, encore plus pauvres. En plus cela fait monter un fort sentiment de rejet, de haine de la part de Lyonnaises et de Lyonnais qui les voient \u00e0 Perrache. Je pense qu\u2019il faudrait tous discuter de mani\u00e8re responsable et ce n\u2019est pas du tout le cas.<\/p>\n<p>&nbsp;<\/p>\n<p><strong>Quelle serait votre priorit\u00e9 pour renforcer le tissu \u00e9conomique local ?<\/strong><\/p>\n<p>Dans un premier temps, la ville de Lyon pourrait faciliter l\u2019acc\u00e8s \u00e0 un local \u00e0 n\u2019importe quel entrepreneur. C\u2019est important pour le quotidien des Lyonnais car c\u2019est la ville qui doit favoriser la mixit\u00e9 \u00ab rue par rue \u00bb. C\u2019est-\u00e0-dire ne pas avoir de grands lin\u00e9aires avec pharmacies, banques, immeubles de bureaux, mais qu\u2019on retrouve au milieu une boulangerie, une charcuterie, des associations, un bar, etc.<\/p>\n<p>Il faut aussi se poser la question de la d\u00e9pense publique. En effet au travers des services financ\u00e9s par la ville, on fait marcher beaucoup d\u2019entreprises. Les cantines par exemple, plut\u00f4t que de passer des \u00ab supers contrats \u00bb avec des \u00ab supers entreprises \u00bb, on ferait mieux de cr\u00e9er des plates-formes d\u2019approvisionnement avec des agriculteurs et des agricultrices qui transformeront ces produits et les apporteront jusqu\u2019aux \u00e9coles. Autre exemple : la question des d\u00e9chets, un service qui concerne tout le monde. Pourquoi, finalement, donner des d\u00e9l\u00e9gations de service public pour br\u00fbler un maximum d\u2019ordures m\u00e9nag\u00e8res alors qu\u2019on a des restaurateurs, des cantines et des gens comme vous et moi qui produisent des d\u00e9chets qu\u2019on peut valoriser en faisant du compost et qui pourrait \u00eatre redistribu\u00e9 aux agriculteurs ? Cela cr\u00e9erait de l\u2019emploi. Pourquoi n\u2019organise-t-on pas la fili\u00e8re de r\u00e9cup\u00e9ration ? Cela nous permettrait d\u2019\u00e9viter de piller les mati\u00e8res premi\u00e8res en Afrique ou en Asie et cr\u00e9erait aussi de l\u2019emploi.<\/p>\n<p>Il y a un autre levier possible, l\u2019incubation de projets, cela va du p\u00f4le de comp\u00e9titivit\u00e9 \u00e0 la maison des associations. C\u2019est-\u00e0-dire que la ville de Lyon est en capacit\u00e9 d\u2019aller voir la communaut\u00e9 urbaine de Lyon et la r\u00e9gion Rh\u00f4ne-Alpes et de leur dire \u00ab on a d\u00e9cid\u00e9 d\u2019investir dans telle fili\u00e8re (par exemple la fili\u00e8re des \u00e9co-mat\u00e9riaux !), mais les diff\u00e9rents acteurs ne se connaissent pas, ils ne travaillent pas ensemble, etc. \u00bb. Il faut les mettre autour d\u2019une table, voire cr\u00e9er un poste de coordinateur, et au bout d\u2019un an ou deux, comme par magie, des projets voient le jour, des artisans, des formations, et tout fonctionne.<\/p>\n<p>&nbsp;<\/p>\n<p><strong>Vous nous avez dit \u00eatre favorable aux circuits courts pour l\u2019alimentation dans l\u2019agglom\u00e9ration lyonnaise, mais le tissu agricole pr\u00e9sent actuellement dans la r\u00e9gion serait-il suffisant ?<\/strong><\/p>\n<p>Actuellement la r\u00e9ponse est : \u00ab en partie \u00bb, et demain, avec le mouvement \u00ab un nouveau souffle \u00bb la r\u00e9ponse sera : \u00ab \u00e9videmment \u00bb ! (rires) Parce nous aurons arr\u00eat\u00e9 le chantier de l\u2019OL Land pour garder toutes les terres cultivables autour de l\u2019agglom\u00e9ration. Mais ce n\u2019est pas qu\u2019une question de terres disponibles, c\u2019est surtout une question d\u2019envie, d\u2019attractivit\u00e9 des m\u00e9tiers de la terre. Je vous mets au d\u00e9fi, maintenant, d\u2019aller dans la rue et de me trouver cinq personnes qui auraient envie d\u2019aller s\u2019occuper de pommiers dans les Monts-d\u2019Or. L\u2019image du \u00ab paysan \u00bb n\u2019est pas du tout valoris\u00e9e. Pourtant il faut expliquer que si l\u2019on veut garder des espaces v\u00e9g\u00e9taux, de l\u2019eau, ou simplement de beaux paysages, il faut qu\u2019il y ait des paysans. Et pour en avoir, il suffit de manger local.<\/p>\n<p>&nbsp;<\/p>\n<p><strong>On a vu des pics de pollution tr\u00e8s importants dans l\u2019agglom\u00e9ration. Comment associer vision \u00e9conomique et politique \u00e9cologique ?<\/strong><\/p>\n<p>Pour moi, la question ne se pose plus. M\u00eame Total fait du greenwashing ! La question n\u2019est plus le d\u00e9veloppement \u00e9conomique contre l\u2019environnement. La question c\u2019est la vitalit\u00e9 \u00e9conomique. Je ne suis pas oppos\u00e9e \u00e0 l\u2019entrepreneuriat, \u00e0 la cr\u00e9ation de richesse, ni que l\u2019argent circule. Mais pour moi il ne faut pas faire toujours plus (plus d\u2019entrepreneurs, plus de chiffre d\u2019affaire) mais mieux. Nous devons plut\u00f4t r\u00e9fl\u00e9chir sur quels services proposer dans une ville (\u00e9conomie marchande et non marchande) pour que les habitants puissent continuer \u00e0 y vivre, c\u2019est \u00e0 dire s\u2019alimenter, se loger, se d\u00e9placer, s\u2019\u00e9duquer\u2026<\/p>\n<p>&nbsp;<\/p>\n<p><strong>Personnellement, \u00eates-vous pour la d\u00e9croissance \u00e9conomique ?<\/strong><\/p>\n<p>Je suis pour la d\u00e9croissance en g\u00e9n\u00e9ral, mais pas n\u00e9cessairement pour la d\u00e9croissance \u00e9conomique. Je suis, comme beaucoup de gens, tr\u00e8s terre-\u00e0-terre. On ne peut pas continuer \u00e0 piller une terre qui est finie [qui a des limites, ndlr]. Il y a plus d\u2019hommes qui consomment de plus en plus, et la rapidit\u00e9 de r\u00e9g\u00e9n\u00e9ration de la terre ne correspond pas \u00e0 notre rythme de vie. Il faut donc de la d\u00e9croissance dans l\u2019absolu, mais ce n\u2019est pas pour cela qu\u2019il faut de la d\u00e9croissance dans les services aux habitants. Mais il ne faut pas non plus de la croissance de richesses mon\u00e9taires \u00e0 tout prix.<\/p>\n<p>&nbsp;<\/p>\n<p><strong>Vous vous dites en faveur de l\u2019entrepreneuriat ou d\u2019une certaine croissance, est-ce que votre discours n\u2019est pas un peu contradictoire avec le fait de se r\u00e9clamer de l\u2019\u00e9cologie politique, qui \u00e9tait quand m\u00eame un courant assez radical de critique de la soci\u00e9t\u00e9 ?<\/strong><\/p>\n<p>Je n\u2019ai pas dit que j\u2019\u00e9tais en faveur d\u2019une certaine croissance j\u2019ai dit que j\u2019\u00e9tais pour une d\u00e9croissance. En plus je pense \u00eatre une des rares \u00e0 \u00eatre si tranch\u00e9e dans mon opinion : j\u2019ai m\u00eame \u00e9t\u00e9 tax\u00e9e de \u00ab d\u00e9croissante \u00bb par un de vos coll\u00e8gues. \u00c0 titre personnel je peux l\u2019\u00eatre, mais je me pr\u00e9sente comme porte-parole d\u2019un mouvement, donc je nuance mon propos, par respect pour mes camarades. L\u2019\u00e9cologie politique est pour la d\u00e9croissance en valeurs, c\u2019est vrai ; mais on nous a tellement reproch\u00e9 d\u2019\u00eatre pour \u00ab le retour \u00e0 la bougie \u00bb que ce qu\u2019on explique c\u2019est juste qu\u2019il n\u2019est plus possible de continuer \u00e0 piller les mati\u00e8res premi\u00e8res. Par contre on est pour la cr\u00e9ation de richesse humaine tout simplement. On n\u2019est pas oppos\u00e9s \u00e0 l\u2019\u00e9conomie des biens immat\u00e9riels. Et au final ce que critiquait Ren\u00e9 Dumont, c\u2019\u00e9tait le capitalisme et le productivisme. Moi je ne suis pas productiviste et c\u2019est bien ce qui nous diff\u00e9rencie d\u2019une grosse partie de la gauche.<\/p>\n<p>&nbsp;<\/p>\n<p><strong>Quelle politique fiscale appliqueriez-vous \u00e0 la Ville de Lyon ?<\/strong><\/p>\n<p>Je suis tr\u00e8s \u00e0 l\u2019aise sur la fiscalit\u00e9 \u00e0 la communaut\u00e9 urbaine de Lyon parce que c\u2019est l\u00e0 que je si\u00e8ge et j\u2019en connais une par c\u0153ur : c\u2019est la taxe d\u2019enl\u00e8vement des ordures m\u00e9nag\u00e8res, qui nous concerne tous. Je ne crois pas qu\u2019il y ait besoin de plus d\u2019imp\u00f4ts locaux parce qu\u2019on a la chance d\u2019\u00eatre dans une collectivit\u00e9, \u00e0 la Ville de Lyon, qui a un budget tr\u00e8s sain et une capacit\u00e9 d\u2019investissement. Et je ne crois pas qu\u2019il faille serrer la vis ni des m\u00e9nages ni des entreprises. Je pense qu\u2019il faut commencer par \u00eatre exemplaire soi-m\u00eame. Si demain le maire de la ville de Lyon est issu du mouvement \u00ab un nouveau souffle \u00bb, je pense qu\u2019il regardera comment \u00e9vacuer des grands projets inutiles. Et apr\u00e8s on retourne voir les habitants en demandant de faire un effort. Et je pense que \u00e7a passerait par une forme de r\u00e9f\u00e9rendum. Il faut vraiment choisir tous ensemble ann\u00e9e apr\u00e8s ann\u00e9e et on ne peut pas poser comme \u00e7a une d\u00e9cision et dire \u00ab je vais augmenter les imp\u00f4ts parce que je veux cr\u00e9er 500 cr\u00e8ches \u00bb. Mais peut-\u00eatre que le besoin essentiel, l\u00e0 tout de suite, \u00e7a ne va pas \u00eatre les cr\u00e8ches, mais les cantines !<\/p>\n<p>&nbsp;<\/p>\n<p><img decoding=\"async\" alt=\"\" src=\"http:\/\/lyonbondyblog.fr\/sites\/default\/files\/DSC06848.JPG\" \/><\/p>\n<p>&nbsp;<\/p>\n<p><strong>Que pensez-vous de la moralisation de la vie politique et du d\u00e9voilement du patrimoine des \u00e9lus ? N\u2019est-ce pas juste pour l\u2019image ?<\/strong><\/p>\n<p>Bien-s\u00fbr que c\u2019est du marketing mais pourquoi ne pas faire part du patrimoine de chacun ? Je trouve cela assez sain. Ce qui l\u2019est encore plus c\u2019est le non cumul des mandats et une limitation dans le temps. Il faut \u00eatre coh\u00e9rent avec soi-m\u00eame, c\u2019est-\u00e0-dire que, quand on d\u00e9clare \u00eatre d\u00e9mocrate, proche des gens, on ne fait pas juste de l\u2019affichage en faisant des sourires sur des affiches, on le fait vraiment. Je ne pense pas qu\u2019on puisse dire que l\u2019actuel maire de Lyon ne soit pas proche des gens. Par contre, on voit des grands et grandes \u00e9lus qui ne si\u00e8gent pas dans les assembl\u00e9es et qui ne mobilisent pas tout le pouvoir qu\u2019ils ont. \u00c7a fait aussi partie pour moi de la question du rapport au pouvoir et de la moralisation de la vie politique.<\/p>\n<p>&nbsp;<\/p>\n<p><strong>Le rapport annuel de la Commission nationale consultative des droits de l\u2019homme publi\u00e9 en mars note une augmentation des actes antis\u00e9mites de 58 % et une augmentation des actes contre les musulmans de 30 %. Quel bilan tirer de ces chiffres alarmants ?<\/strong><\/p>\n<p>C\u2019est triste. J\u2019esp\u00e8re que tous les \u00e9lus et pr\u00e9sidents d\u2019association d\u2019\u00e9ducation populaire lisent \u00e7a et se posent la question du rapport aux autres dans la cit\u00e9. Ce n\u2019est pas seulement la question des juifs, des musulmans, des blonds, des roux, des jeunes filles de moins de 35 ans, etc. c\u2019est la question du vivre ensemble. Comment fait-on concr\u00e8tement, dans le quotidien, pour que les gens descendent de leurs immeubles, se parlent, se rencontrent, \u00e9changent pour de vrai et ne fassent pas \u00ab m\u00e9tro boulot dodo \u00bb, ce qui est quand m\u00eame g\u00e9n\u00e9ralement le cas. Je trouve \u00e7a inqui\u00e9tant, comme je trouve inqui\u00e9tant les grosses caricatures et la r\u00e9cup\u00e9ration que je n\u2019appr\u00e9cie pas du tout de certains mouvements de gauche. Je pense qu\u2019on agit au quotidien l\u00e0 o\u00f9 on est et c\u2019est \u00e7a le message que l\u2019on doit faire passer. Tous responsables.<\/p>\n<p>&nbsp;<\/p>\n<p><strong>Pensez-vous qu\u2019il y a une mont\u00e9e de l\u2019extr\u00eame droit locale ?<\/strong><\/p>\n<p>Localement pas plus qu\u2019ailleurs. Mais il y a une mont\u00e9e de la haine et de la crainte de l\u2019autre. C\u2019est tellement plus facile de voter FN ou de se revendiquer de ce mouvement l\u00e0 parce qu\u2019on se sent plus \u00e0 l\u2019aise : se dire \u00ab j\u2019appartiens \u00e0 ce truc l\u00e0, j\u2019ai besoin de \u00e7a, mais apr\u00e8s je retourne devant ma t\u00e9l\u00e9 \u00bb. Donc, oui il y a une mont\u00e9e de l\u2019extr\u00eame droite tr\u00e8s nette, mais cela correspond \u00e0 une mont\u00e9e des individualismes et de la d\u00e9sesp\u00e9rance. Il y a une immense lassitude envers les politiques publiques et les politiques en g\u00e9n\u00e9ral. Pour changer \u00e7a, il faut changer le logiciel comme dit Philippe Meirieu, changer de personnel politique et la fa\u00e7on de g\u00e9rer les collectivit\u00e9s.<\/p>\n<p>&nbsp;<\/p>\n<p><strong>Est-ce que vous vous sentez en s\u00e9curit\u00e9 \u00e0 Lyon et est-ce que vous pensez qu\u2019il y a trop de cam\u00e9ras de vid\u00e9osurveillance ?<\/strong><\/p>\n<p>Mes coll\u00e8gues ont du d\u00e9j\u00e0 vous parler de notre position sur la vid\u00e9osurveillance, on pense que \u00e7a ne permet pas de r\u00e9soudre les probl\u00e8mes de s\u00e9curit\u00e9. Cela donne juste un sentiment de s\u00e9curit\u00e9, j\u2019en sais quelque chose parce que dans le 1er arrondissement il y en a beaucoup, les gens me disent \u00ab c\u2019est super dans ma co-propri\u00e9t\u00e9 on a une cam\u00e9ra \u00bb. C\u2019est super, mais il n\u2019y a personne derri\u00e8re la cam\u00e9ra ! On peut tout aussi bien proposer \u00e0 des artistes de faire des parodies de cam\u00e9ras, peut \u00eatre qu\u2019au moins \u00e7a fera tourner le secteur culturel et \u00e7a fera sourire les gens !<\/p>\n<p>Blague mise \u00e0 part, la vid\u00e9osurveillance n\u2019est pas la solution. La solution, en tout cas en milieu urbain, c\u2019est le rapport \u00e0 l\u2019espace public. Sans cr\u00e9er des milices de quartier bien-s\u00fbr, mais comment fait-on pour se parler justement ? Pour se dire sinc\u00e8rement les choses ? Je le vis au quotidien en tant qu\u2019\u00e9lue \u00ab espaces verts \u00bb, je ne crois pas qu\u2019on vive dans une ville o\u00f9 il y a plus d\u2019ins\u00e9curit\u00e9, pas plus qu\u2019ailleurs en France. Apr\u00e8s il y a des trucs tout simples : pour \u00e9viter les rod\u00e9os de voitures dans les rues de la ville par exemple, mettre un peu plus de dos d\u2019\u00e2ne et les gens rouleraient moins vite tout simplement.<\/p>\n<p>Peut-\u00eatre aussi \u2013 je reviens \u00e0 la question de la mixit\u00e9 \u2013 qu\u2019une rue o\u00f9 il n\u2019y a que des kebabs, des bar \u00e0 chicha et des bars o\u00f9 il y a des \u00ab after \u00bb, ce n\u2019est pas terrible. Peut-\u00eatre qu\u2019il faut vraiment mixer. Comme \u00e7a on a des populations diff\u00e9rentes, qui viennent \u00e0 des heures diff\u00e9rentes et \u00e7a fait un peu moins de pollution sonore et ce n\u2019est pas d\u00e9sagr\u00e9able pour les gens qui vivent l\u00e0. Je souhaite qu\u2019on ait de la mixit\u00e9 en c\u0153ur de ville et pas que des bureaux. Il n\u2019y a pas de solution magique. La solution c\u2019est une multiplicit\u00e9 de dispositifs et d\u2019exp\u00e9riences. Et \u00e9videmment l\u2019intervention de la police municipale et nationale parce que \u00e7a on ne l\u2019enl\u00e8vera jamais. J\u2019ai m\u00eame une proposition tr\u00e8s concr\u00e8te, c\u2019est remettre de la police mont\u00e9e en ville, parce que remettre des animaux en c\u0153ur de ville c\u2019est aussi y ramener un peu de tranquillit\u00e9.<\/p>\n<p>&nbsp;<\/p>\n<p><strong>Pensez-vous qu\u2019il y a suffisamment de policiers municipaux ?<\/strong><\/p>\n<p>Je ne connais pas les effectifs par c\u0153ur, par contre en tant qu\u2019usager j\u2019appr\u00e9cierais grandement qu\u2019il y ait plus d\u2019effectif. Moins de cam\u00e9ras et plus d\u2019hommes et de femmes sur le terrain, en uniforme et qui ont le temps de rester sur l\u2019espace public.<\/p>\n<p>&nbsp;<\/p>\n<p><img decoding=\"async\" alt=\"\" src=\"http:\/\/lyonbondyblog.fr\/sites\/default\/files\/DSC06833.JPG\" \/><\/p>\n<p>&nbsp;<\/p>\n<p><strong>La culture est le premier budget de la Ville de Lyon, notamment avec l\u2019Op\u00e9ra, loin devant les musiques actuelles, qu\u2019en pensez vous ?<\/strong><\/p>\n<p>Depuis deux mandats la ville de Lyon a une politique culturelle qui est une politique de vitrine. Cela peut avoir un c\u00f4t\u00e9 positif. C\u2019est pourquoi il y a des Lyonnais et des Lyonnaises qui sont tr\u00e8s fiers de l\u2019Op\u00e9ra, des C\u00e9lestins, de la Biennale d\u2019art contemporain, de la Biennale de la danse. Le probl\u00e8me c\u2019est que 20 %, c\u2019est cons\u00e9quent sur le budget de la ville et que \u00e7a ne permet pas deux choses : que chaque Lyonnais et Lyonnaise ait acc\u00e8s \u00e0 une pratique artistique ; ni de produire des choses, c\u2019est-\u00e0-dire accompagner l\u2019\u00e9conomie des biens immat\u00e9riels. Si j\u2019\u00e9tais maire de la Ville de Lyon je r\u00e9partirais autrement le g\u00e2teau. 20 % du budget pourquoi pas, \u00e0 condition que \u00e7a permette ces deux choses. C\u2019est-\u00e0-dire que chaque Lyonnais et Lyonnaise puisse se d\u00e9couvrir dans une pratique artistique parce que c\u2019est \u00e7a aussi les cultures. Et la deuxi\u00e8me chose c\u2019est que Lyon et la Communaut\u00e9 Urbaine de Lyon soient une place de la cr\u00e9ation fran\u00e7aise de musiques actuelles mais \u00e9galement de plein d\u2019autres choses.<\/p>\n<p>&nbsp;<\/p>\n<p><strong>Quels crit\u00e8res attribuer pour mieux r\u00e9partir le budget ?<\/strong><\/p>\n<p>Dans un premier temps il faut compl\u00e8tement intervertir les ratios de subventions. Les grosses infrastructures qui font vitrine sont aussi d\u2019int\u00e9r\u00eats r\u00e9gionaux et nationaux donc on peut imaginer que, temporairement, par exemple pendant la moiti\u00e9 du mandat, on diminue drastiquement les aides publiques \u00e0 ces structures-l\u00e0. Il y a \u00e9galement la R\u00e9gion et l\u2019\u00c9tat qui ne les l\u00e2cheront pas. La question n\u2019est pas de les \u00ab l\u00e2cher \u00bb, c\u2019est de remettre les cultures au c\u0153ur de la vie des Lyonnaises et des Lyonnais. Donc, tout d\u2019abord, je fais un choix politique que j\u2019assume, qui est celui-ci. Et puis apr\u00e8s on remet petit \u00e0 petit un peu d\u2019argent s\u2019il y a besoin. Mais peut \u00eatre qu\u2019ils feront l\u2019exp\u00e9rience qu\u2019en r\u00e9\u00e9quilibrant le secteur cultuel ils s\u2019y retrouveront aussi.<\/p>\n<p>&nbsp;<\/p>\n<p><strong>Est-ce-que vous privil\u00e9gieriez le niveau local plut\u00f4t que le national ou l\u2019international ?<\/strong><\/p>\n<p>Oui, quand je dis que chaque Lyonnais et chaque Lyonnaise doit avoir acc\u00e8s \u00e0 une pratique culturelle, c\u2019est forc\u00e9ment du local ou du m\u00e9tropolitain. Et quand je dis accompagner l\u2019\u00e9conomie de la cr\u00e9ation, c\u2019est accompagner des gens qui travaillent et qui produisent ici sur le territoire. Ils ne sont pas forc\u00e9ment d\u2019ici, je ne fais pas une pr\u00e9f\u00e9rence lyonnaise, mais, par contre, ils sont ici, dans des entreprises, des associations, des collectifs culturels, qui physiquement, sont \u00e9tablis \u00e0 Lyon.<\/p>\n<p>&nbsp;<\/p>\n<p><strong>Comment favoriser les transports urbains ? Que pensez-vous des transports fluviaux et t\u00e9l\u00e9ph\u00e9riques ?<\/strong><\/p>\n<p>\u00c9videmment il faut limiter l\u2019usage de la voiture individuelle en ville, c\u2019est ce que j\u2019ai dis hier soir \u00e0 propos du tunnel de la Croix-Rousse \u00e0 la communaut\u00e9 urbaine de Lyon. Mais pour se faire il faut absolument qu\u2019on ait une offre de transport alternatif \u00e0 la voiture qui soit super attractif : \u00e7a veut dire plus de voies cyclables, plus de bus, des bateaux-bus et pourquoi pas des t\u00e9l\u00e9ph\u00e9riques. Il faut une diversit\u00e9 d\u2019alternatives \u00e0 un co\u00fbt le plus bas possible. Je ne suis pas pour la gratuit\u00e9 des transports en commun parce que je pense que c\u2019est important pour le symbole de donner quelque chose. Ce n\u2019est pas gratuit de toute fa\u00e7on. En revanche, je pense qu\u2019il faut absolument qu\u2019il y ait plus de bus la nuit et que le m\u00e9tro fonctionne plus tard. Il faut n\u00e9cessairement r\u00e9soudre ce probl\u00e8me d\u2019entr\u00e9e et de sortie de ville, en particulier dans le 9\u00e8me. Il ne faut pas chasser la voiture de la ville parce qu\u2019on a des artisans et des commer\u00e7ants qui ont besoin de rentrer en voiture dans la ville, de stationner et d\u2019\u00eatre livr\u00e9s, priorit\u00e9 \u00e0 eux, mais tous les autres, les familles, les gens qui vont travailler il faut qu\u2019ils se d\u00e9placent autrement. En plus c\u2019est bon pour la sant\u00e9.<\/p>\n<p>&nbsp;<\/p>\n<p><strong>Donc vous n\u2019\u00eates pas pour l\u2019interdiction de la voiture dans la Presqu\u2019\u00eele ?<\/strong><\/p>\n<p>Si, je suis pour l\u2019interdiction des voitures de particuliers. Et je pense m\u00eame qu\u2019on devrait interdire les voitures le dimanche. Cela fera le plus grand bien !<\/p>\n<p>&nbsp;<\/p>\n<p><strong>Sur les institutions sportives, est-ce-que vous avez une politique particuli\u00e8re ?<\/strong><\/p>\n<p>C\u2019est un peu comme avec le champ culturel, la question du sport \u00e7a ne doit pas \u00eatre qu\u2019une vitrine avec des supers gars, super beaux, qui gagnent \u00e9norm\u00e9ment d\u2019argent et qui viennent une fois de temps en temps sur la terrasse de l\u2019H\u00f4tel de Ville parce qu\u2019ils ont gagn\u00e9 une coupe ! Le sport c\u2019est la question du rapport \u00e0 son corps, la possibilit\u00e9 d\u2019avoir une pratique sportive, c\u2019est essentiel en particulier pour les jeunes et pour les a\u00een\u00e9s. Si on dit qu\u2019on a une politique sociale, derri\u00e8re la question sociale il y a la question de l\u2019autonomie. Comment je fais pour \u00eatre moi dans ce monde l\u00e0. Comment je fais pour \u00eatre en bonne sant\u00e9, pour me conna\u00eetre dans mon \u00eatre physique. L\u2019OL c\u2019est bien, l\u2019AS Duch\u00e8re c\u2019est bien aussi, Sport en Ville c\u2019est tr\u00e8s bien, ceci \u00e9tant dit il faut accompagner toutes les associations qui proposent des activit\u00e9s en g\u00e9n\u00e9ral. Mais cette question est coupl\u00e9e aux \u00e9quipements de proximit\u00e9. On en manque \u00e9norm\u00e9ment. C\u2019est dommage parce qu\u2019il y a plein de petits espaces o\u00f9 on pourrait construire divers jeux en tout genre.<\/p>\n<p>&nbsp;<\/p>\n<p><strong>Vous parliez de vitrine, pensez-vous que Lyon soit assez visible \u00e0 l\u2019international ?<\/strong><\/p>\n<p>Ce n\u2019est pas ma priorit\u00e9 ! Lyon est tr\u00e8s bien identifi\u00e9e de par sa gastronomie et ses paysages. Je vais prendre uniquement ces deux exemples : pour qu\u2019il y ait de la gastronomie et des paysages, il faut appliquer une politique \u00e9cologiste, on n\u2019a pas besoin de p\u00f4les de comp\u00e9titivit\u00e9, on n\u2019a pas besoin de donner plus \u00e0 l\u2019OL ou \u00e0 l\u2019Op\u00e9ra. On a juste besoin d\u2019avoir des gens souriants dans la rue parce qu\u2019ils ont un emploi, un logement et parce qu\u2019ils peuvent se d\u00e9placer et s\u2019alimenter dans un cadre de vie agr\u00e9able et du coup ils ont un rapport aux autres sympathique. Comme \u00e7a quand les touristes du monde entier arrivent, ils se disent \u00ab ils sont super chaleureux dans la cit\u00e9 des G\u00f4nes \u00bb<\/p>\n<p>.<\/p>\n<p>&nbsp;<\/p>\n<p><em>Restranscription de Pierre Gerbeaud et Marion Carette<\/em><\/p>\n<p>Article \u00e9galement disponible sur :<\/p>\n<p>&#8211; <a href=\"http:\/\/www.mapausecafe.net\/archive\/2013\/07\/04\/lyon-n-est-pas-qu-une-ville-vitrine-interview-d-emeline-bau.html\">Mapausecaf\u00e9.net<\/a><\/p>\n<p>&#8211; <a href=\"http:\/\/forumlyon.noomix.fr\/?p=1798\">Forum de Lyon<\/a><\/p>\n<\/div>\n<\/div>\n<!-- AddThis Advanced Settings generic via filter on the_content --><!-- AddThis Share Buttons generic via filter on the_content -->","protected":false},"excerpt":{"rendered":"<p>Le CLIC accueille \u00c9meline Baume, co-t\u00eate de liste avec \u00c9tienne T\u00eate des \u00e9cologistes pour les municipales 2014 \u00e0 Lyon. Cet entretien a \u00e9t\u00e9 effectu\u00e9 par &hellip; <!-- AddThis Advanced Settings generic via filter on wp_trim_excerpt --><!-- AddThis Share Buttons generic via filter on wp_trim_excerpt --><\/p>\n","protected":false},"author":1,"featured_media":336,"comment_status":"open","ping_status":"open","sticky":false,"template":"","format":"standard","meta":{"_FSMCFIC_featured_image_caption":"","_FSMCFIC_featured_image_nocaption":"","_FSMCFIC_featured_image_hide":"","footnotes":""},"categories":[4,7,6],"tags":[613,10,112,262,165],"class_list":["post-335","post","type-post","status-publish","format-standard","has-post-thumbnail","hentry","category-lyon","category-municipales2014","category-politique","tag-613","tag-lyon-2","tag-lyon-bondy-blog","tag-municipales","tag-politique-2"],"yoast_head":"<!-- This site is optimized with the Yoast SEO plugin v22.8 - https:\/\/yoast.com\/wordpress\/plugins\/seo\/ -->\n<title>\u00ab Lyon n\u2019est pas qu\u2019une ville vitrine \u00bb, Emeline Baume - Lyon Bondy Blog<\/title>\n<meta name=\"robots\" content=\"index, follow, max-snippet:-1, max-image-preview:large, max-video-preview:-1\" \/>\n<link rel=\"canonical\" href=\"https:\/\/lyonbondyblog.fr\/LBB\/335\/\" \/>\n<meta property=\"og:locale\" content=\"fr_FR\" \/>\n<meta property=\"og:type\" content=\"article\" \/>\n<meta property=\"og:title\" content=\"\u00ab Lyon n\u2019est pas qu\u2019une ville vitrine \u00bb, Emeline Baume - Lyon Bondy Blog\" \/>\n<meta property=\"og:description\" content=\"Le CLIC accueille \u00c9meline Baume, co-t\u00eate de liste avec \u00c9tienne T\u00eate des \u00e9cologistes pour les municipales 2014 \u00e0 Lyon. Cet entretien a \u00e9t\u00e9 effectu\u00e9 par &hellip;\" \/>\n<meta property=\"og:url\" content=\"https:\/\/lyonbondyblog.fr\/LBB\/335\/\" \/>\n<meta property=\"og:site_name\" content=\"Lyon Bondy Blog\" \/>\n<meta property=\"article:publisher\" content=\"https:\/\/www.facebook.com\/lyonbondyblog\" \/>\n<meta property=\"article:author\" content=\"https:\/\/www.facebook.com\/lyonbondyblog\" \/>\n<meta property=\"article:published_time\" content=\"2013-07-04T12:59:21+00:00\" \/>\n<meta property=\"article:modified_time\" content=\"2013-07-25T11:53:10+00:00\" \/>\n<meta property=\"og:image\" content=\"https:\/\/lyonbondyblog.fr\/LBB\/wp-content\/uploads\/2013\/07\/DSC06828.jpg\" \/>\n\t<meta property=\"og:image:width\" content=\"697\" \/>\n\t<meta property=\"og:image:height\" content=\"347\" \/>\n\t<meta property=\"og:image:type\" content=\"image\/jpeg\" \/>\n<meta name=\"author\" content=\"La r\u00e9daction\" \/>\n<meta name=\"twitter:card\" content=\"summary_large_image\" \/>\n<meta name=\"twitter:creator\" content=\"@BondyBlogLyon\" \/>\n<meta name=\"twitter:site\" content=\"@bondybloglyon\" \/>\n<script type=\"application\/ld+json\" class=\"yoast-schema-graph\">{\"@context\":\"https:\/\/schema.org\",\"@graph\":[{\"@type\":\"Article\",\"@id\":\"https:\/\/lyonbondyblog.fr\/LBB\/335\/#article\",\"isPartOf\":{\"@id\":\"https:\/\/lyonbondyblog.fr\/LBB\/335\/\"},\"author\":{\"name\":\"La r\u00e9daction\",\"@id\":\"https:\/\/lyonbondyblog.fr\/LBB\/#\/schema\/person\/e45f8d27baac75072daa0be50c409b25\"},\"headline\":\"\u00ab Lyon n\u2019est pas qu\u2019une ville vitrine \u00bb, Emeline Baume\",\"datePublished\":\"2013-07-04T12:59:21+00:00\",\"dateModified\":\"2013-07-25T11:53:10+00:00\",\"mainEntityOfPage\":{\"@id\":\"https:\/\/lyonbondyblog.fr\/LBB\/335\/\"},\"wordCount\":7998,\"commentCount\":1,\"publisher\":{\"@id\":\"https:\/\/lyonbondyblog.fr\/LBB\/#organization\"},\"image\":{\"@id\":\"https:\/\/lyonbondyblog.fr\/LBB\/335\/#primaryimage\"},\"thumbnailUrl\":\"https:\/\/lyonbondyblog.fr\/LBB\/wp-content\/uploads\/2013\/07\/DSC06828.jpg\",\"keywords\":[\"1014\",\"lyon\",\"Lyon Bondy Blog\",\"municipales\",\"politique\"],\"articleSection\":[\"Lyon\",\"Municipales 2014\",\"Politique\"],\"inLanguage\":\"fr-FR\",\"potentialAction\":[{\"@type\":\"CommentAction\",\"name\":\"Comment\",\"target\":[\"https:\/\/lyonbondyblog.fr\/LBB\/335\/#respond\"]}]},{\"@type\":\"WebPage\",\"@id\":\"https:\/\/lyonbondyblog.fr\/LBB\/335\/\",\"url\":\"https:\/\/lyonbondyblog.fr\/LBB\/335\/\",\"name\":\"\u00ab Lyon n\u2019est pas qu\u2019une ville vitrine \u00bb, Emeline Baume - Lyon Bondy Blog\",\"isPartOf\":{\"@id\":\"https:\/\/lyonbondyblog.fr\/LBB\/#website\"},\"primaryImageOfPage\":{\"@id\":\"https:\/\/lyonbondyblog.fr\/LBB\/335\/#primaryimage\"},\"image\":{\"@id\":\"https:\/\/lyonbondyblog.fr\/LBB\/335\/#primaryimage\"},\"thumbnailUrl\":\"https:\/\/lyonbondyblog.fr\/LBB\/wp-content\/uploads\/2013\/07\/DSC06828.jpg\",\"datePublished\":\"2013-07-04T12:59:21+00:00\",\"dateModified\":\"2013-07-25T11:53:10+00:00\",\"inLanguage\":\"fr-FR\",\"potentialAction\":[{\"@type\":\"ReadAction\",\"target\":[\"https:\/\/lyonbondyblog.fr\/LBB\/335\/\"]}]},{\"@type\":\"ImageObject\",\"inLanguage\":\"fr-FR\",\"@id\":\"https:\/\/lyonbondyblog.fr\/LBB\/335\/#primaryimage\",\"url\":\"https:\/\/lyonbondyblog.fr\/LBB\/wp-content\/uploads\/2013\/07\/DSC06828.jpg\",\"contentUrl\":\"https:\/\/lyonbondyblog.fr\/LBB\/wp-content\/uploads\/2013\/07\/DSC06828.jpg\",\"width\":697,\"height\":347},{\"@type\":\"WebSite\",\"@id\":\"https:\/\/lyonbondyblog.fr\/LBB\/#website\",\"url\":\"https:\/\/lyonbondyblog.fr\/LBB\/\",\"name\":\"Lyon Bondy Blog\",\"description\":\"\",\"publisher\":{\"@id\":\"https:\/\/lyonbondyblog.fr\/LBB\/#organization\"},\"potentialAction\":[{\"@type\":\"SearchAction\",\"target\":{\"@type\":\"EntryPoint\",\"urlTemplate\":\"https:\/\/lyonbondyblog.fr\/LBB\/?s={search_term_string}\"},\"query-input\":\"required name=search_term_string\"}],\"inLanguage\":\"fr-FR\"},{\"@type\":\"Organization\",\"@id\":\"https:\/\/lyonbondyblog.fr\/LBB\/#organization\",\"name\":\"LYON BONDY BLOG\",\"url\":\"https:\/\/lyonbondyblog.fr\/LBB\/\",\"logo\":{\"@type\":\"ImageObject\",\"inLanguage\":\"fr-FR\",\"@id\":\"https:\/\/lyonbondyblog.fr\/LBB\/#\/schema\/logo\/image\/\",\"url\":\"http:\/\/lyonbondyblog.fr\/LBB\/wp-content\/uploads\/2014\/10\/logo-portable-144.png\",\"contentUrl\":\"http:\/\/lyonbondyblog.fr\/LBB\/wp-content\/uploads\/2014\/10\/logo-portable-144.png\",\"width\":144,\"height\":123,\"caption\":\"LYON BONDY BLOG\"},\"image\":{\"@id\":\"https:\/\/lyonbondyblog.fr\/LBB\/#\/schema\/logo\/image\/\"},\"sameAs\":[\"https:\/\/www.facebook.com\/lyonbondyblog\",\"https:\/\/x.com\/bondybloglyon\"]},{\"@type\":\"Person\",\"@id\":\"https:\/\/lyonbondyblog.fr\/LBB\/#\/schema\/person\/e45f8d27baac75072daa0be50c409b25\",\"name\":\"La r\u00e9daction\",\"description\":\"Cr\u00e9e en 2008, la r\u00e9daction du Lyon Bondy Blog s'applique \u00e0 proposer une information locale diff\u00e9rente et compl\u00e9mentaire des m\u00e9dias traditionnels.\",\"sameAs\":[\"https:\/\/www.facebook.com\/lyonbondyblog\",\"https:\/\/x.com\/BondyBlogLyon\"],\"url\":\"https:\/\/lyonbondyblog.fr\/LBB\/author\/admin\/\"}]}<\/script>\n<!-- \/ Yoast SEO plugin. -->","yoast_head_json":{"title":"\u00ab Lyon n\u2019est pas qu\u2019une ville vitrine \u00bb, Emeline Baume - Lyon Bondy Blog","robots":{"index":"index","follow":"follow","max-snippet":"max-snippet:-1","max-image-preview":"max-image-preview:large","max-video-preview":"max-video-preview:-1"},"canonical":"https:\/\/lyonbondyblog.fr\/LBB\/335\/","og_locale":"fr_FR","og_type":"article","og_title":"\u00ab Lyon n\u2019est pas qu\u2019une ville vitrine \u00bb, Emeline Baume - Lyon Bondy Blog","og_description":"Le CLIC accueille \u00c9meline Baume, co-t\u00eate de liste avec \u00c9tienne T\u00eate des \u00e9cologistes pour les municipales 2014 \u00e0 Lyon. Cet entretien a \u00e9t\u00e9 effectu\u00e9 par &hellip;","og_url":"https:\/\/lyonbondyblog.fr\/LBB\/335\/","og_site_name":"Lyon Bondy Blog","article_publisher":"https:\/\/www.facebook.com\/lyonbondyblog","article_author":"https:\/\/www.facebook.com\/lyonbondyblog","article_published_time":"2013-07-04T12:59:21+00:00","article_modified_time":"2013-07-25T11:53:10+00:00","og_image":[{"width":697,"height":347,"url":"https:\/\/lyonbondyblog.fr\/LBB\/wp-content\/uploads\/2013\/07\/DSC06828.jpg","type":"image\/jpeg"}],"author":"La r\u00e9daction","twitter_card":"summary_large_image","twitter_creator":"@BondyBlogLyon","twitter_site":"@bondybloglyon","schema":{"@context":"https:\/\/schema.org","@graph":[{"@type":"Article","@id":"https:\/\/lyonbondyblog.fr\/LBB\/335\/#article","isPartOf":{"@id":"https:\/\/lyonbondyblog.fr\/LBB\/335\/"},"author":{"name":"La r\u00e9daction","@id":"https:\/\/lyonbondyblog.fr\/LBB\/#\/schema\/person\/e45f8d27baac75072daa0be50c409b25"},"headline":"\u00ab Lyon n\u2019est pas qu\u2019une ville vitrine \u00bb, Emeline Baume","datePublished":"2013-07-04T12:59:21+00:00","dateModified":"2013-07-25T11:53:10+00:00","mainEntityOfPage":{"@id":"https:\/\/lyonbondyblog.fr\/LBB\/335\/"},"wordCount":7998,"commentCount":1,"publisher":{"@id":"https:\/\/lyonbondyblog.fr\/LBB\/#organization"},"image":{"@id":"https:\/\/lyonbondyblog.fr\/LBB\/335\/#primaryimage"},"thumbnailUrl":"https:\/\/lyonbondyblog.fr\/LBB\/wp-content\/uploads\/2013\/07\/DSC06828.jpg","keywords":["1014","lyon","Lyon Bondy Blog","municipales","politique"],"articleSection":["Lyon","Municipales 2014","Politique"],"inLanguage":"fr-FR","potentialAction":[{"@type":"CommentAction","name":"Comment","target":["https:\/\/lyonbondyblog.fr\/LBB\/335\/#respond"]}]},{"@type":"WebPage","@id":"https:\/\/lyonbondyblog.fr\/LBB\/335\/","url":"https:\/\/lyonbondyblog.fr\/LBB\/335\/","name":"\u00ab Lyon n\u2019est pas qu\u2019une ville vitrine \u00bb, Emeline Baume - Lyon Bondy Blog","isPartOf":{"@id":"https:\/\/lyonbondyblog.fr\/LBB\/#website"},"primaryImageOfPage":{"@id":"https:\/\/lyonbondyblog.fr\/LBB\/335\/#primaryimage"},"image":{"@id":"https:\/\/lyonbondyblog.fr\/LBB\/335\/#primaryimage"},"thumbnailUrl":"https:\/\/lyonbondyblog.fr\/LBB\/wp-content\/uploads\/2013\/07\/DSC06828.jpg","datePublished":"2013-07-04T12:59:21+00:00","dateModified":"2013-07-25T11:53:10+00:00","inLanguage":"fr-FR","potentialAction":[{"@type":"ReadAction","target":["https:\/\/lyonbondyblog.fr\/LBB\/335\/"]}]},{"@type":"ImageObject","inLanguage":"fr-FR","@id":"https:\/\/lyonbondyblog.fr\/LBB\/335\/#primaryimage","url":"https:\/\/lyonbondyblog.fr\/LBB\/wp-content\/uploads\/2013\/07\/DSC06828.jpg","contentUrl":"https:\/\/lyonbondyblog.fr\/LBB\/wp-content\/uploads\/2013\/07\/DSC06828.jpg","width":697,"height":347},{"@type":"WebSite","@id":"https:\/\/lyonbondyblog.fr\/LBB\/#website","url":"https:\/\/lyonbondyblog.fr\/LBB\/","name":"Lyon Bondy Blog","description":"","publisher":{"@id":"https:\/\/lyonbondyblog.fr\/LBB\/#organization"},"potentialAction":[{"@type":"SearchAction","target":{"@type":"EntryPoint","urlTemplate":"https:\/\/lyonbondyblog.fr\/LBB\/?s={search_term_string}"},"query-input":"required name=search_term_string"}],"inLanguage":"fr-FR"},{"@type":"Organization","@id":"https:\/\/lyonbondyblog.fr\/LBB\/#organization","name":"LYON BONDY BLOG","url":"https:\/\/lyonbondyblog.fr\/LBB\/","logo":{"@type":"ImageObject","inLanguage":"fr-FR","@id":"https:\/\/lyonbondyblog.fr\/LBB\/#\/schema\/logo\/image\/","url":"http:\/\/lyonbondyblog.fr\/LBB\/wp-content\/uploads\/2014\/10\/logo-portable-144.png","contentUrl":"http:\/\/lyonbondyblog.fr\/LBB\/wp-content\/uploads\/2014\/10\/logo-portable-144.png","width":144,"height":123,"caption":"LYON BONDY BLOG"},"image":{"@id":"https:\/\/lyonbondyblog.fr\/LBB\/#\/schema\/logo\/image\/"},"sameAs":["https:\/\/www.facebook.com\/lyonbondyblog","https:\/\/x.com\/bondybloglyon"]},{"@type":"Person","@id":"https:\/\/lyonbondyblog.fr\/LBB\/#\/schema\/person\/e45f8d27baac75072daa0be50c409b25","name":"La r\u00e9daction","description":"Cr\u00e9e en 2008, la r\u00e9daction du Lyon Bondy Blog s'applique \u00e0 proposer une information locale diff\u00e9rente et compl\u00e9mentaire des m\u00e9dias traditionnels.","sameAs":["https:\/\/www.facebook.com\/lyonbondyblog","https:\/\/x.com\/BondyBlogLyon"],"url":"https:\/\/lyonbondyblog.fr\/LBB\/author\/admin\/"}]}},"_links":{"self":[{"href":"https:\/\/lyonbondyblog.fr\/LBB\/wp-json\/wp\/v2\/posts\/335","targetHints":{"allow":["GET"]}}],"collection":[{"href":"https:\/\/lyonbondyblog.fr\/LBB\/wp-json\/wp\/v2\/posts"}],"about":[{"href":"https:\/\/lyonbondyblog.fr\/LBB\/wp-json\/wp\/v2\/types\/post"}],"author":[{"embeddable":true,"href":"https:\/\/lyonbondyblog.fr\/LBB\/wp-json\/wp\/v2\/users\/1"}],"replies":[{"embeddable":true,"href":"https:\/\/lyonbondyblog.fr\/LBB\/wp-json\/wp\/v2\/comments?post=335"}],"version-history":[{"count":0,"href":"https:\/\/lyonbondyblog.fr\/LBB\/wp-json\/wp\/v2\/posts\/335\/revisions"}],"wp:featuredmedia":[{"embeddable":true,"href":"https:\/\/lyonbondyblog.fr\/LBB\/wp-json\/wp\/v2\/media\/336"}],"wp:attachment":[{"href":"https:\/\/lyonbondyblog.fr\/LBB\/wp-json\/wp\/v2\/media?parent=335"}],"wp:term":[{"taxonomy":"category","embeddable":true,"href":"https:\/\/lyonbondyblog.fr\/LBB\/wp-json\/wp\/v2\/categories?post=335"},{"taxonomy":"post_tag","embeddable":true,"href":"https:\/\/lyonbondyblog.fr\/LBB\/wp-json\/wp\/v2\/tags?post=335"}],"curies":[{"name":"wp","href":"https:\/\/api.w.org\/{rel}","templated":true}]}}