{"id":33498,"date":"2024-04-19T15:30:00","date_gmt":"2024-04-19T13:30:00","guid":{"rendered":"https:\/\/lyonbondyblog.fr\/LBB\/?p=33498"},"modified":"2024-04-19T14:37:15","modified_gmt":"2024-04-19T12:37:15","slug":"fashion-revolution-week-un-combat-pour-une-mode-plus-ethique","status":"publish","type":"post","link":"https:\/\/lyonbondyblog.fr\/LBB\/fashion-revolution-week-un-combat-pour-une-mode-plus-ethique\/","title":{"rendered":"Fashion Revolution Week : un combat pour une mode plus \u00e9thique"},"content":{"rendered":"\n<h4 class=\"wp-block-heading\">La Fashion Revolution Week est une initiative mondiale qui se d\u00e9roule chaque ann\u00e9e pour sensibiliser et promouvoir une mode plus \u00e9thique, transparente et durable. Elle comm\u00e9more \u00e9galement la trag\u00e9die du Rana Plaza au Bangladesh, survenue le 24 avril 2013, o\u00f9 plus de 1100 travailleurs de l&rsquo;industrie textile ont perdu la vie lorsque l&rsquo;immeuble s&rsquo;est effondr\u00e9.<\/h4>\n\n\n\n<p>Plusieurs acteurs s&rsquo;int\u00e8grent dans ce mouvement pour proposer plusieurs actions de sensibilisation. <em><a href=\"https:\/\/www.thegreenergood.fr\/\">The Greener Good<\/a><\/em>, est une association de sensibilisation aux enjeux \u00e9cologiques et aux modes de vie \u00e9co-responsable \u00e0 la consommation responsable, qui existe \u00e0 Lyon depuis 2016. C\u2019est elle qui s\u2019occupe de l\u2019organisation de cet \u00e9v\u00e9nement en France.<\/p>\n\n\n\n<h4 class=\"wp-block-heading\">Un programme sp\u00e9cial pour f\u00eater ses 10 ans<\/h4>\n\n\n\n<p>Plein d&rsquo;\u00e9v\u00e9nements sont propos\u00e9s \u00e0 Lyon dans le cadre de la <em>Fashion Revolution Week<\/em>. Par exemple, une balade \u00e0 la rencontre de commer\u00e7ants \u00e9co responsables, avec la mobilisation de plusieurs acteurs. Plusieurs expositions sont aussi \u00e0 retrouver partout dans Lyon.<\/p>\n\n\n\n<p>Pour f\u00eater les 10 ans du mouvement, une soir\u00e9e est pr\u00e9vue le 24 avril prochain \u00e0 la chapelle de la Trinit\u00e9 de 18h \u00e0 22h avec, \u00e0 la fois un village de marques, et un d\u00e9fil\u00e9 de mode \u00e9co-responsables. Plusieurs animations, jeux, et d\u00e9monstrations, notamment des d\u00e9monstrations de cr\u00e9ations d\u2019accessoires par l\u2019Op\u00e9ra de Lyon. Emeline Baume (premi\u00e8re vice-pr\u00e9sidente de la m\u00e9tropole de Lyon en charge de l&rsquo;industrie textile) et Marie Nguyen (cofondatrice de WeDressFair) seront \u00e9galement pr\u00e9sentes pour une conf\u00e9rence de presse.<\/p>\n\n\n\n<p>L\u2019objectif de cet \u00e9v\u00e8nement est de se rappeler quels sont les dessous de l&rsquo;industrie textile classique, avec notamment la fast fashion, mais \u00e9galement de rappeler les conditions de travail des travailleurs de l&rsquo;industrie textile.<\/p>\n\n\n\n<p><a href=\"https:\/\/lyonbondyblog.fr\/LBB\/the-greener-good-une-association-vivante-et-ecoresponsable\/\">Cl\u00e9mentine Gosset, directrice et fondatrice de The Greener Good<\/a>, a d\u00e9clar\u00e9 : <em>\u00ab On peut aussi promouvoir diff\u00e9remment une mode plus \u00e9thique, avec une meilleure r\u00e9mun\u00e9ration des travailleurs et \u00eatre plus attentif \u00e0 l&rsquo;environnement, dans le choix des mati\u00e8res textiles ou dans la durabilit\u00e9 des produits propos\u00e9s \u00bb.<\/em><\/p>\n\n\n\n<p><strong>Quelques \u00e9v\u00e9nements \u00e0 ne pas manquer : <\/strong><\/p>\n\n\n\n<ul class=\"wp-block-list\">\n<li><strong>20 avril<\/strong> : Balade urbaine : \u00e0 la d\u00e9couverte des boutiques de mode \u00e9thique des pentes<\/li>\n\n\n\n<li><strong>23 avril de 9h30 \u00e0 10h30<\/strong> : Visite de l&rsquo;atelier de confection FIL EN FORME (Lyon 9)<\/li>\n\n\n\n<li><strong>24 avril<\/strong> : Grande soir\u00e9e \u00e0 la Chapelle de la Trinit\u00e9 (Lyon 2), conf\u00e9rence, d\u00e9fil\u00e9, march\u00e9 de cr\u00e9ateurs, &#8230;<\/li>\n<\/ul>\n\n\n\n<p>Julien Ch\u00e2tre-Dias.<\/p>\n<!-- AddThis Advanced Settings generic via filter on the_content --><!-- AddThis Share Buttons generic via filter on the_content -->","protected":false},"excerpt":{"rendered":"<p>La Fashion Revolution Week est une initiative mondiale qui se d\u00e9roule chaque ann\u00e9e pour sensibiliser et promouvoir une mode plus \u00e9thique, transparente et durable. Elle &hellip; <!-- AddThis Advanced Settings generic via filter on wp_trim_excerpt --><!-- AddThis Share Buttons generic via filter on wp_trim_excerpt --><\/p>\n","protected":false},"author":1,"featured_media":33499,"comment_status":"open","ping_status":"open","sticky":true,"template":"","format":"standard","meta":{"_FSMCFIC_featured_image_caption":"","_FSMCFIC_featured_image_nocaption":"","_FSMCFIC_featured_image_hide":"","footnotes":""},"categories":[6446,18131,4],"tags":[690,1876,1834,28370],"class_list":["post-33498","post","type-post","status-publish","format-standard","has-post-thumbnail","hentry","category-ecologie","category-evenement","category-lyon","tag-ecologie","tag-environnement","tag-ethique","tag-fast-fashion"],"yoast_head":"<!-- This site is optimized with the Yoast SEO plugin v22.8 - https:\/\/yoast.com\/wordpress\/plugins\/seo\/ -->\n<title>Fashion Revolution Week : un combat pour une mode plus \u00e9thique - Lyon Bondy Blog<\/title>\n<meta name=\"description\" content=\"La Fashion Revolution Week est une initiative mondiale pour sensibiliser et promouvoir une mode plus \u00e9thique, transparente et durable.\" \/>\n<meta name=\"robots\" content=\"index, follow, max-snippet:-1, max-image-preview:large, max-video-preview:-1\" \/>\n<link rel=\"canonical\" href=\"https:\/\/lyonbondyblog.fr\/LBB\/fashion-revolution-week-un-combat-pour-une-mode-plus-ethique\/\" \/>\n<meta property=\"og:locale\" content=\"fr_FR\" \/>\n<meta property=\"og:type\" content=\"article\" \/>\n<meta property=\"og:title\" content=\"Fashion Revolution Week : un combat pour une mode plus \u00e9thique - Lyon Bondy Blog\" \/>\n<meta property=\"og:description\" content=\"La Fashion Revolution Week est une initiative mondiale pour sensibiliser et promouvoir une mode plus \u00e9thique, transparente et durable.\" \/>\n<meta property=\"og:url\" content=\"https:\/\/lyonbondyblog.fr\/LBB\/fashion-revolution-week-un-combat-pour-une-mode-plus-ethique\/\" \/>\n<meta property=\"og:site_name\" content=\"Lyon Bondy Blog\" \/>\n<meta property=\"article:publisher\" content=\"https:\/\/www.facebook.com\/lyonbondyblog\" \/>\n<meta property=\"article:author\" content=\"https:\/\/www.facebook.com\/lyonbondyblog\" \/>\n<meta property=\"article:published_time\" content=\"2024-04-19T13:30:00+00:00\" \/>\n<meta property=\"article:modified_time\" content=\"2024-04-19T12:37:15+00:00\" \/>\n<meta property=\"og:image\" content=\"https:\/\/lyonbondyblog.fr\/LBB\/wp-content\/uploads\/2024\/04\/fashion-week.jpg\" \/>\n\t<meta property=\"og:image:width\" content=\"1212\" \/>\n\t<meta property=\"og:image:height\" content=\"847\" \/>\n\t<meta property=\"og:image:type\" content=\"image\/jpeg\" \/>\n<meta name=\"author\" content=\"La r\u00e9daction\" \/>\n<meta name=\"twitter:card\" content=\"summary_large_image\" \/>\n<meta name=\"twitter:creator\" content=\"@BondyBlogLyon\" \/>\n<meta name=\"twitter:site\" content=\"@bondybloglyon\" \/>\n<script type=\"application\/ld+json\" class=\"yoast-schema-graph\">{\"@context\":\"https:\/\/schema.org\",\"@graph\":[{\"@type\":\"Article\",\"@id\":\"https:\/\/lyonbondyblog.fr\/LBB\/fashion-revolution-week-un-combat-pour-une-mode-plus-ethique\/#article\",\"isPartOf\":{\"@id\":\"https:\/\/lyonbondyblog.fr\/LBB\/fashion-revolution-week-un-combat-pour-une-mode-plus-ethique\/\"},\"author\":{\"name\":\"La r\u00e9daction\",\"@id\":\"https:\/\/lyonbondyblog.fr\/LBB\/#\/schema\/person\/e45f8d27baac75072daa0be50c409b25\"},\"headline\":\"Fashion Revolution Week : un combat pour une mode plus \u00e9thique\",\"datePublished\":\"2024-04-19T13:30:00+00:00\",\"dateModified\":\"2024-04-19T12:37:15+00:00\",\"mainEntityOfPage\":{\"@id\":\"https:\/\/lyonbondyblog.fr\/LBB\/fashion-revolution-week-un-combat-pour-une-mode-plus-ethique\/\"},\"wordCount\":400,\"commentCount\":0,\"publisher\":{\"@id\":\"https:\/\/lyonbondyblog.fr\/LBB\/#organization\"},\"image\":{\"@id\":\"https:\/\/lyonbondyblog.fr\/LBB\/fashion-revolution-week-un-combat-pour-une-mode-plus-ethique\/#primaryimage\"},\"thumbnailUrl\":\"https:\/\/lyonbondyblog.fr\/LBB\/wp-content\/uploads\/2024\/04\/fashion-week.jpg\",\"keywords\":[\"\u00e9cologie\",\"Environnement\",\"\u00c9thique\",\"fast fashion\"],\"articleSection\":[\"\u00c9cologie\",\"Ev\u00e9nement\",\"Lyon\"],\"inLanguage\":\"fr-FR\",\"potentialAction\":[{\"@type\":\"CommentAction\",\"name\":\"Comment\",\"target\":[\"https:\/\/lyonbondyblog.fr\/LBB\/fashion-revolution-week-un-combat-pour-une-mode-plus-ethique\/#respond\"]}]},{\"@type\":\"WebPage\",\"@id\":\"https:\/\/lyonbondyblog.fr\/LBB\/fashion-revolution-week-un-combat-pour-une-mode-plus-ethique\/\",\"url\":\"https:\/\/lyonbondyblog.fr\/LBB\/fashion-revolution-week-un-combat-pour-une-mode-plus-ethique\/\",\"name\":\"Fashion Revolution Week : un combat pour une mode plus \u00e9thique - Lyon Bondy Blog\",\"isPartOf\":{\"@id\":\"https:\/\/lyonbondyblog.fr\/LBB\/#website\"},\"primaryImageOfPage\":{\"@id\":\"https:\/\/lyonbondyblog.fr\/LBB\/fashion-revolution-week-un-combat-pour-une-mode-plus-ethique\/#primaryimage\"},\"image\":{\"@id\":\"https:\/\/lyonbondyblog.fr\/LBB\/fashion-revolution-week-un-combat-pour-une-mode-plus-ethique\/#primaryimage\"},\"thumbnailUrl\":\"https:\/\/lyonbondyblog.fr\/LBB\/wp-content\/uploads\/2024\/04\/fashion-week.jpg\",\"datePublished\":\"2024-04-19T13:30:00+00:00\",\"dateModified\":\"2024-04-19T12:37:15+00:00\",\"description\":\"La Fashion Revolution Week est une initiative mondiale pour sensibiliser et promouvoir une mode plus \u00e9thique, transparente et durable.\",\"inLanguage\":\"fr-FR\",\"potentialAction\":[{\"@type\":\"ReadAction\",\"target\":[\"https:\/\/lyonbondyblog.fr\/LBB\/fashion-revolution-week-un-combat-pour-une-mode-plus-ethique\/\"]}]},{\"@type\":\"ImageObject\",\"inLanguage\":\"fr-FR\",\"@id\":\"https:\/\/lyonbondyblog.fr\/LBB\/fashion-revolution-week-un-combat-pour-une-mode-plus-ethique\/#primaryimage\",\"url\":\"https:\/\/lyonbondyblog.fr\/LBB\/wp-content\/uploads\/2024\/04\/fashion-week.jpg\",\"contentUrl\":\"https:\/\/lyonbondyblog.fr\/LBB\/wp-content\/uploads\/2024\/04\/fashion-week.jpg\",\"width\":1212,\"height\":847,\"caption\":\"\u00a9 DPA\/ABACA\"},{\"@type\":\"WebSite\",\"@id\":\"https:\/\/lyonbondyblog.fr\/LBB\/#website\",\"url\":\"https:\/\/lyonbondyblog.fr\/LBB\/\",\"name\":\"Lyon Bondy Blog\",\"description\":\"\",\"publisher\":{\"@id\":\"https:\/\/lyonbondyblog.fr\/LBB\/#organization\"},\"potentialAction\":[{\"@type\":\"SearchAction\",\"target\":{\"@type\":\"EntryPoint\",\"urlTemplate\":\"https:\/\/lyonbondyblog.fr\/LBB\/?s={search_term_string}\"},\"query-input\":\"required name=search_term_string\"}],\"inLanguage\":\"fr-FR\"},{\"@type\":\"Organization\",\"@id\":\"https:\/\/lyonbondyblog.fr\/LBB\/#organization\",\"name\":\"LYON BONDY BLOG\",\"url\":\"https:\/\/lyonbondyblog.fr\/LBB\/\",\"logo\":{\"@type\":\"ImageObject\",\"inLanguage\":\"fr-FR\",\"@id\":\"https:\/\/lyonbondyblog.fr\/LBB\/#\/schema\/logo\/image\/\",\"url\":\"http:\/\/lyonbondyblog.fr\/LBB\/wp-content\/uploads\/2014\/10\/logo-portable-144.png\",\"contentUrl\":\"http:\/\/lyonbondyblog.fr\/LBB\/wp-content\/uploads\/2014\/10\/logo-portable-144.png\",\"width\":144,\"height\":123,\"caption\":\"LYON BONDY BLOG\"},\"image\":{\"@id\":\"https:\/\/lyonbondyblog.fr\/LBB\/#\/schema\/logo\/image\/\"},\"sameAs\":[\"https:\/\/www.facebook.com\/lyonbondyblog\",\"https:\/\/x.com\/bondybloglyon\"]},{\"@type\":\"Person\",\"@id\":\"https:\/\/lyonbondyblog.fr\/LBB\/#\/schema\/person\/e45f8d27baac75072daa0be50c409b25\",\"name\":\"La r\u00e9daction\",\"description\":\"Cr\u00e9e en 2008, la r\u00e9daction du Lyon Bondy Blog s'applique \u00e0 proposer une information locale diff\u00e9rente et compl\u00e9mentaire des m\u00e9dias traditionnels.\",\"sameAs\":[\"https:\/\/www.facebook.com\/lyonbondyblog\",\"https:\/\/x.com\/BondyBlogLyon\"],\"url\":\"https:\/\/lyonbondyblog.fr\/LBB\/author\/admin\/\"}]}<\/script>\n<!-- \/ Yoast SEO plugin. -->","yoast_head_json":{"title":"Fashion Revolution Week : un combat pour une mode plus \u00e9thique - Lyon Bondy Blog","description":"La Fashion Revolution Week est une initiative mondiale pour sensibiliser et promouvoir une mode plus \u00e9thique, transparente et durable.","robots":{"index":"index","follow":"follow","max-snippet":"max-snippet:-1","max-image-preview":"max-image-preview:large","max-video-preview":"max-video-preview:-1"},"canonical":"https:\/\/lyonbondyblog.fr\/LBB\/fashion-revolution-week-un-combat-pour-une-mode-plus-ethique\/","og_locale":"fr_FR","og_type":"article","og_title":"Fashion Revolution Week : un combat pour une mode plus \u00e9thique - Lyon Bondy Blog","og_description":"La Fashion Revolution Week est une initiative mondiale pour sensibiliser et promouvoir une mode plus \u00e9thique, transparente et durable.","og_url":"https:\/\/lyonbondyblog.fr\/LBB\/fashion-revolution-week-un-combat-pour-une-mode-plus-ethique\/","og_site_name":"Lyon Bondy Blog","article_publisher":"https:\/\/www.facebook.com\/lyonbondyblog","article_author":"https:\/\/www.facebook.com\/lyonbondyblog","article_published_time":"2024-04-19T13:30:00+00:00","article_modified_time":"2024-04-19T12:37:15+00:00","og_image":[{"width":1212,"height":847,"url":"https:\/\/lyonbondyblog.fr\/LBB\/wp-content\/uploads\/2024\/04\/fashion-week.jpg","type":"image\/jpeg"}],"author":"La r\u00e9daction","twitter_card":"summary_large_image","twitter_creator":"@BondyBlogLyon","twitter_site":"@bondybloglyon","schema":{"@context":"https:\/\/schema.org","@graph":[{"@type":"Article","@id":"https:\/\/lyonbondyblog.fr\/LBB\/fashion-revolution-week-un-combat-pour-une-mode-plus-ethique\/#article","isPartOf":{"@id":"https:\/\/lyonbondyblog.fr\/LBB\/fashion-revolution-week-un-combat-pour-une-mode-plus-ethique\/"},"author":{"name":"La r\u00e9daction","@id":"https:\/\/lyonbondyblog.fr\/LBB\/#\/schema\/person\/e45f8d27baac75072daa0be50c409b25"},"headline":"Fashion Revolution Week : un combat pour une mode plus \u00e9thique","datePublished":"2024-04-19T13:30:00+00:00","dateModified":"2024-04-19T12:37:15+00:00","mainEntityOfPage":{"@id":"https:\/\/lyonbondyblog.fr\/LBB\/fashion-revolution-week-un-combat-pour-une-mode-plus-ethique\/"},"wordCount":400,"commentCount":0,"publisher":{"@id":"https:\/\/lyonbondyblog.fr\/LBB\/#organization"},"image":{"@id":"https:\/\/lyonbondyblog.fr\/LBB\/fashion-revolution-week-un-combat-pour-une-mode-plus-ethique\/#primaryimage"},"thumbnailUrl":"https:\/\/lyonbondyblog.fr\/LBB\/wp-content\/uploads\/2024\/04\/fashion-week.jpg","keywords":["\u00e9cologie","Environnement","\u00c9thique","fast fashion"],"articleSection":["\u00c9cologie","Ev\u00e9nement","Lyon"],"inLanguage":"fr-FR","potentialAction":[{"@type":"CommentAction","name":"Comment","target":["https:\/\/lyonbondyblog.fr\/LBB\/fashion-revolution-week-un-combat-pour-une-mode-plus-ethique\/#respond"]}]},{"@type":"WebPage","@id":"https:\/\/lyonbondyblog.fr\/LBB\/fashion-revolution-week-un-combat-pour-une-mode-plus-ethique\/","url":"https:\/\/lyonbondyblog.fr\/LBB\/fashion-revolution-week-un-combat-pour-une-mode-plus-ethique\/","name":"Fashion Revolution Week : un combat pour une mode plus \u00e9thique - Lyon Bondy Blog","isPartOf":{"@id":"https:\/\/lyonbondyblog.fr\/LBB\/#website"},"primaryImageOfPage":{"@id":"https:\/\/lyonbondyblog.fr\/LBB\/fashion-revolution-week-un-combat-pour-une-mode-plus-ethique\/#primaryimage"},"image":{"@id":"https:\/\/lyonbondyblog.fr\/LBB\/fashion-revolution-week-un-combat-pour-une-mode-plus-ethique\/#primaryimage"},"thumbnailUrl":"https:\/\/lyonbondyblog.fr\/LBB\/wp-content\/uploads\/2024\/04\/fashion-week.jpg","datePublished":"2024-04-19T13:30:00+00:00","dateModified":"2024-04-19T12:37:15+00:00","description":"La Fashion Revolution Week est une initiative mondiale pour sensibiliser et promouvoir une mode plus \u00e9thique, transparente et durable.","inLanguage":"fr-FR","potentialAction":[{"@type":"ReadAction","target":["https:\/\/lyonbondyblog.fr\/LBB\/fashion-revolution-week-un-combat-pour-une-mode-plus-ethique\/"]}]},{"@type":"ImageObject","inLanguage":"fr-FR","@id":"https:\/\/lyonbondyblog.fr\/LBB\/fashion-revolution-week-un-combat-pour-une-mode-plus-ethique\/#primaryimage","url":"https:\/\/lyonbondyblog.fr\/LBB\/wp-content\/uploads\/2024\/04\/fashion-week.jpg","contentUrl":"https:\/\/lyonbondyblog.fr\/LBB\/wp-content\/uploads\/2024\/04\/fashion-week.jpg","width":1212,"height":847,"caption":"\u00a9 DPA\/ABACA"},{"@type":"WebSite","@id":"https:\/\/lyonbondyblog.fr\/LBB\/#website","url":"https:\/\/lyonbondyblog.fr\/LBB\/","name":"Lyon Bondy Blog","description":"","publisher":{"@id":"https:\/\/lyonbondyblog.fr\/LBB\/#organization"},"potentialAction":[{"@type":"SearchAction","target":{"@type":"EntryPoint","urlTemplate":"https:\/\/lyonbondyblog.fr\/LBB\/?s={search_term_string}"},"query-input":"required name=search_term_string"}],"inLanguage":"fr-FR"},{"@type":"Organization","@id":"https:\/\/lyonbondyblog.fr\/LBB\/#organization","name":"LYON BONDY BLOG","url":"https:\/\/lyonbondyblog.fr\/LBB\/","logo":{"@type":"ImageObject","inLanguage":"fr-FR","@id":"https:\/\/lyonbondyblog.fr\/LBB\/#\/schema\/logo\/image\/","url":"http:\/\/lyonbondyblog.fr\/LBB\/wp-content\/uploads\/2014\/10\/logo-portable-144.png","contentUrl":"http:\/\/lyonbondyblog.fr\/LBB\/wp-content\/uploads\/2014\/10\/logo-portable-144.png","width":144,"height":123,"caption":"LYON BONDY BLOG"},"image":{"@id":"https:\/\/lyonbondyblog.fr\/LBB\/#\/schema\/logo\/image\/"},"sameAs":["https:\/\/www.facebook.com\/lyonbondyblog","https:\/\/x.com\/bondybloglyon"]},{"@type":"Person","@id":"https:\/\/lyonbondyblog.fr\/LBB\/#\/schema\/person\/e45f8d27baac75072daa0be50c409b25","name":"La r\u00e9daction","description":"Cr\u00e9e en 2008, la r\u00e9daction du Lyon Bondy Blog s'applique \u00e0 proposer une information locale diff\u00e9rente et compl\u00e9mentaire des m\u00e9dias traditionnels.","sameAs":["https:\/\/www.facebook.com\/lyonbondyblog","https:\/\/x.com\/BondyBlogLyon"],"url":"https:\/\/lyonbondyblog.fr\/LBB\/author\/admin\/"}]}},"_links":{"self":[{"href":"https:\/\/lyonbondyblog.fr\/LBB\/wp-json\/wp\/v2\/posts\/33498","targetHints":{"allow":["GET"]}}],"collection":[{"href":"https:\/\/lyonbondyblog.fr\/LBB\/wp-json\/wp\/v2\/posts"}],"about":[{"href":"https:\/\/lyonbondyblog.fr\/LBB\/wp-json\/wp\/v2\/types\/post"}],"author":[{"embeddable":true,"href":"https:\/\/lyonbondyblog.fr\/LBB\/wp-json\/wp\/v2\/users\/1"}],"replies":[{"embeddable":true,"href":"https:\/\/lyonbondyblog.fr\/LBB\/wp-json\/wp\/v2\/comments?post=33498"}],"version-history":[{"count":1,"href":"https:\/\/lyonbondyblog.fr\/LBB\/wp-json\/wp\/v2\/posts\/33498\/revisions"}],"predecessor-version":[{"id":33500,"href":"https:\/\/lyonbondyblog.fr\/LBB\/wp-json\/wp\/v2\/posts\/33498\/revisions\/33500"}],"wp:featuredmedia":[{"embeddable":true,"href":"https:\/\/lyonbondyblog.fr\/LBB\/wp-json\/wp\/v2\/media\/33499"}],"wp:attachment":[{"href":"https:\/\/lyonbondyblog.fr\/LBB\/wp-json\/wp\/v2\/media?parent=33498"}],"wp:term":[{"taxonomy":"category","embeddable":true,"href":"https:\/\/lyonbondyblog.fr\/LBB\/wp-json\/wp\/v2\/categories?post=33498"},{"taxonomy":"post_tag","embeddable":true,"href":"https:\/\/lyonbondyblog.fr\/LBB\/wp-json\/wp\/v2\/tags?post=33498"}],"curies":[{"name":"wp","href":"https:\/\/api.w.org\/{rel}","templated":true}]}}