{"id":3346,"date":"2009-07-06T14:06:55","date_gmt":"2009-07-06T12:06:55","guid":{"rendered":"http:\/\/lyonbondyblog.fr\/LBB\/?p=3346"},"modified":"2013-08-02T14:12:44","modified_gmt":"2013-08-02T12:12:44","slug":"elle-a-fait-sa-vie-ici-la-france-est-son-pays","status":"publish","type":"post","link":"https:\/\/lyonbondyblog.fr\/LBB\/elle-a-fait-sa-vie-ici-la-france-est-son-pays\/","title":{"rendered":"\u00ab\u00a0Elle a fait sa vie ici, la France est son pays \u00ab\u00a0"},"content":{"rendered":"<p><strong>La semaine derni\u00e8re, au quartier des UC \u00e0 Bron, une r\u00e9union s\u2018est tenue pour soutenir Sarah. Cette lyc\u00e9enne risque depuis plusieurs mois l\u2019expulsion du territoire fran\u00e7ais. R\u00e9cit.<\/strong><\/p>\n<p><em>\u00a0\u00bb\u00a0Elle a fait sa vie ici, la France est son pays\u00a0\u00ab\u00a0<\/em>.<em>\u00ab\u00a0<\/em><i>\u00a0Sa famille est ici, ses amis c\u2019est nous, son avenir c\u2019est vous,<\/i> <i>son avenir c\u2019est son pays\u00a0\u00ab\u00a0<\/i>. \u00a0Mercredi dernier, beaucoup s\u2019\u00e9taient d\u00e9plac\u00e9s pour apporter leurs messages de soutien et d\u2019espoir \u00e0 la jeune Sarah, qui vit depuis plusieurs mois dans la crainte d\u2019une expulsion. Mme Guillemot, maire de Bron, M.Rolland, repr\u00e9sentant du r\u00e9seau \u00c9ducation sans fronti\u00e8re, Mme Lartigue, pr\u00e9sidente de la FCPE du lyc\u00e9e Jean Paul Sartre, les \u00e9l\u00e8ves du lyc\u00e9e Jean-Paul Sartre\u2026 Tous \u00e9taient pr\u00e9sents pour montrer leur d\u00e9termination \u00e0 se battre afin que Sarah puisse effectuer ses \u00e9tudes et \u00a0vivre une vie decente en France. Ils ont notamment \u00e9crit des lettres de soutien au pr\u00e9fet et organis\u00e9 des pique-niques.<\/p>\n<p>Les diverses parties prenantes de ce comit\u00e9 de soutien ont fait \u00a0un portrait \u00e9logieux de la jeune fille.\u00a0Sa professeure de physique\u00a0 la d\u00e9crit comme une \u00e9l\u00e8ve mod\u00e8le, int\u00e9gr\u00e9e et pers\u00e9v\u00e9rante, aussi motiv\u00e9e si ce n\u2019est plus que ses autres camarades de classe.<\/p>\n<p>Rappel des faits<\/p>\n<p>Arriv\u00e9e en 2005 \u00e0 Marseille, apr\u00e8s quelques mois pass\u00e9s l\u00e0-bas, Sarah et sa m\u00e8re viennent s&rsquo;installer \u00e0 Bron esp\u00e9rant ainsi donner \u00e0 Sarah un meilleur avenir. Elle r\u00e9alise sa troisi\u00e8me au coll\u00e8ge Th\u00e9odore Monod. Inscrite au lyc\u00e9e Jean Paul Sartre, elle y effectuera sans probl\u00e8me la fin de sa scolarit\u00e9. \u00a0Le 11 avril 2009, elle re\u00e7oit un courrier de la pr\u00e9fecture lui indiquant qu&rsquo;elle devra quitter le territoire fran\u00e7ais avant le 7 mai, ne poss\u00e9dant pas la nationalit\u00e9 fran\u00e7aise ni un titre de s\u00e9jour. \u00a02 mois plus tard, Sarah Bouledjias est toujours menac\u00e9e d\u2018expulsion. \u00c2g\u00e9e de 18 ans, elle n&rsquo;a qu&rsquo;un objectif en t\u00eate\u00a0: d\u00e9crocher son bac scientifique afin de se pr\u00e9senter au concours d&rsquo;infirmier.<\/p>\n<p>Certains de ses camarades pr\u00e9sents comme Hugo se mobilisent plus que jamais car pour lui \u00ab\u00a0<i>c&rsquo;est un acte de civisme<\/i>\u00a0\u00ab\u00a0. Un autre de ses camarades Florian dit le faire car soutenir Sarah\u00a0\u00ab\u00a0<i>c\u2019est une chose que tout le monde doit faire\u00a0<\/i>\u00a0\u00bb<\/p>\n<p>Ironie du sort pour Sarah, le jour de l\u2019\u00e9preuve de philosophie le sujet \u00e9tait \u00ab\u00a0la libert\u00e9 et la justice\u00a0\u00bb.\u00a0 Malheureusement Sarah n\u2019est pas la seule lyc\u00e9enne \u00e0 \u00eatre ainsi menac\u00e9e. \u00a0Son seul souhait est \u00a0de rester en France et de devenir infirmi\u00e8re\u00a0\u00ab\u00a0<i>pour aider ceux qui habitent ce<\/i> <i>pays qu&rsquo;elle aime tant\u00a0\u00bb.<\/i><\/p>\n<p>&nbsp;<\/p>\n<p><span style=\"text-decoration: underline;\">Auteur : Gr\u00e9gory Garcia<\/span><\/p>\n<!-- AddThis Advanced Settings generic via filter on the_content --><!-- AddThis Share Buttons generic via filter on the_content -->","protected":false},"excerpt":{"rendered":"<p>La semaine derni\u00e8re, au quartier des UC \u00e0 Bron, une r\u00e9union s\u2018est tenue pour soutenir Sarah. Cette lyc\u00e9enne risque depuis plusieurs mois l\u2019expulsion du territoire &hellip; <!-- AddThis Advanced Settings generic via filter on wp_trim_excerpt --><!-- AddThis Share Buttons generic via filter on wp_trim_excerpt --><\/p>\n","protected":false},"author":1,"featured_media":0,"comment_status":"open","ping_status":"open","sticky":false,"template":"","format":"standard","meta":{"_FSMCFIC_featured_image_caption":"","_FSMCFIC_featured_image_nocaption":"","_FSMCFIC_featured_image_hide":"","footnotes":""},"categories":[4],"tags":[135,112],"class_list":["post-3346","post","type-post","status-publish","format-standard","hentry","category-lyon","tag-lbb","tag-lyon-bondy-blog"],"yoast_head":"<!-- This site is optimized with the Yoast SEO plugin v22.8 - https:\/\/yoast.com\/wordpress\/plugins\/seo\/ -->\n<title>&quot;Elle a fait sa vie ici, la France est son pays &quot; - Lyon Bondy Blog<\/title>\n<meta name=\"robots\" content=\"index, follow, max-snippet:-1, max-image-preview:large, max-video-preview:-1\" \/>\n<link rel=\"canonical\" href=\"https:\/\/lyonbondyblog.fr\/LBB\/elle-a-fait-sa-vie-ici-la-france-est-son-pays\/\" \/>\n<meta property=\"og:locale\" content=\"fr_FR\" \/>\n<meta property=\"og:type\" content=\"article\" \/>\n<meta property=\"og:title\" content=\"&quot;Elle a fait sa vie ici, la France est son pays &quot; - Lyon Bondy Blog\" \/>\n<meta property=\"og:description\" content=\"La semaine derni\u00e8re, au quartier des UC \u00e0 Bron, une r\u00e9union s\u2018est tenue pour soutenir Sarah. Cette lyc\u00e9enne risque depuis plusieurs mois l\u2019expulsion du territoire &hellip;\" \/>\n<meta property=\"og:url\" content=\"https:\/\/lyonbondyblog.fr\/LBB\/elle-a-fait-sa-vie-ici-la-france-est-son-pays\/\" \/>\n<meta property=\"og:site_name\" content=\"Lyon Bondy Blog\" \/>\n<meta property=\"article:publisher\" content=\"https:\/\/www.facebook.com\/lyonbondyblog\" \/>\n<meta property=\"article:author\" content=\"https:\/\/www.facebook.com\/lyonbondyblog\" \/>\n<meta property=\"article:published_time\" content=\"2009-07-06T12:06:55+00:00\" \/>\n<meta property=\"article:modified_time\" content=\"2013-08-02T12:12:44+00:00\" \/>\n<meta property=\"og:image\" content=\"https:\/\/lyonbondyblog.fr\/LBB\/wp-content\/uploads\/2014\/10\/Bandeau-Site-V2-011-2.jpg\" \/>\n\t<meta property=\"og:image:width\" content=\"851\" \/>\n\t<meta property=\"og:image:height\" content=\"200\" \/>\n\t<meta property=\"og:image:type\" content=\"image\/jpeg\" \/>\n<meta name=\"author\" content=\"La r\u00e9daction\" \/>\n<meta name=\"twitter:card\" content=\"summary_large_image\" \/>\n<meta name=\"twitter:creator\" content=\"@BondyBlogLyon\" \/>\n<meta name=\"twitter:site\" content=\"@bondybloglyon\" \/>\n<script type=\"application\/ld+json\" class=\"yoast-schema-graph\">{\"@context\":\"https:\/\/schema.org\",\"@graph\":[{\"@type\":\"Article\",\"@id\":\"https:\/\/lyonbondyblog.fr\/LBB\/elle-a-fait-sa-vie-ici-la-france-est-son-pays\/#article\",\"isPartOf\":{\"@id\":\"https:\/\/lyonbondyblog.fr\/LBB\/elle-a-fait-sa-vie-ici-la-france-est-son-pays\/\"},\"author\":{\"name\":\"La r\u00e9daction\",\"@id\":\"https:\/\/lyonbondyblog.fr\/LBB\/#\/schema\/person\/e45f8d27baac75072daa0be50c409b25\"},\"headline\":\"\u00ab\u00a0Elle a fait sa vie ici, la France est son pays \u00ab\u00a0\",\"datePublished\":\"2009-07-06T12:06:55+00:00\",\"dateModified\":\"2013-08-02T12:12:44+00:00\",\"mainEntityOfPage\":{\"@id\":\"https:\/\/lyonbondyblog.fr\/LBB\/elle-a-fait-sa-vie-ici-la-france-est-son-pays\/\"},\"wordCount\":472,\"commentCount\":0,\"publisher\":{\"@id\":\"https:\/\/lyonbondyblog.fr\/LBB\/#organization\"},\"keywords\":[\"LBB\",\"Lyon Bondy Blog\"],\"articleSection\":[\"Lyon\"],\"inLanguage\":\"fr-FR\",\"potentialAction\":[{\"@type\":\"CommentAction\",\"name\":\"Comment\",\"target\":[\"https:\/\/lyonbondyblog.fr\/LBB\/elle-a-fait-sa-vie-ici-la-france-est-son-pays\/#respond\"]}]},{\"@type\":\"WebPage\",\"@id\":\"https:\/\/lyonbondyblog.fr\/LBB\/elle-a-fait-sa-vie-ici-la-france-est-son-pays\/\",\"url\":\"https:\/\/lyonbondyblog.fr\/LBB\/elle-a-fait-sa-vie-ici-la-france-est-son-pays\/\",\"name\":\"\\\"Elle a fait sa vie ici, la France est son pays \\\" - Lyon Bondy Blog\",\"isPartOf\":{\"@id\":\"https:\/\/lyonbondyblog.fr\/LBB\/#website\"},\"datePublished\":\"2009-07-06T12:06:55+00:00\",\"dateModified\":\"2013-08-02T12:12:44+00:00\",\"inLanguage\":\"fr-FR\",\"potentialAction\":[{\"@type\":\"ReadAction\",\"target\":[\"https:\/\/lyonbondyblog.fr\/LBB\/elle-a-fait-sa-vie-ici-la-france-est-son-pays\/\"]}]},{\"@type\":\"WebSite\",\"@id\":\"https:\/\/lyonbondyblog.fr\/LBB\/#website\",\"url\":\"https:\/\/lyonbondyblog.fr\/LBB\/\",\"name\":\"Lyon Bondy Blog\",\"description\":\"\",\"publisher\":{\"@id\":\"https:\/\/lyonbondyblog.fr\/LBB\/#organization\"},\"potentialAction\":[{\"@type\":\"SearchAction\",\"target\":{\"@type\":\"EntryPoint\",\"urlTemplate\":\"https:\/\/lyonbondyblog.fr\/LBB\/?s={search_term_string}\"},\"query-input\":\"required name=search_term_string\"}],\"inLanguage\":\"fr-FR\"},{\"@type\":\"Organization\",\"@id\":\"https:\/\/lyonbondyblog.fr\/LBB\/#organization\",\"name\":\"LYON BONDY BLOG\",\"url\":\"https:\/\/lyonbondyblog.fr\/LBB\/\",\"logo\":{\"@type\":\"ImageObject\",\"inLanguage\":\"fr-FR\",\"@id\":\"https:\/\/lyonbondyblog.fr\/LBB\/#\/schema\/logo\/image\/\",\"url\":\"http:\/\/lyonbondyblog.fr\/LBB\/wp-content\/uploads\/2014\/10\/logo-portable-144.png\",\"contentUrl\":\"http:\/\/lyonbondyblog.fr\/LBB\/wp-content\/uploads\/2014\/10\/logo-portable-144.png\",\"width\":144,\"height\":123,\"caption\":\"LYON BONDY BLOG\"},\"image\":{\"@id\":\"https:\/\/lyonbondyblog.fr\/LBB\/#\/schema\/logo\/image\/\"},\"sameAs\":[\"https:\/\/www.facebook.com\/lyonbondyblog\",\"https:\/\/x.com\/bondybloglyon\"]},{\"@type\":\"Person\",\"@id\":\"https:\/\/lyonbondyblog.fr\/LBB\/#\/schema\/person\/e45f8d27baac75072daa0be50c409b25\",\"name\":\"La r\u00e9daction\",\"description\":\"Cr\u00e9e en 2008, la r\u00e9daction du Lyon Bondy Blog s'applique \u00e0 proposer une information locale diff\u00e9rente et compl\u00e9mentaire des m\u00e9dias traditionnels.\",\"sameAs\":[\"https:\/\/www.facebook.com\/lyonbondyblog\",\"https:\/\/x.com\/BondyBlogLyon\"],\"url\":\"https:\/\/lyonbondyblog.fr\/LBB\/author\/admin\/\"}]}<\/script>\n<!-- \/ Yoast SEO plugin. -->","yoast_head_json":{"title":"\"Elle a fait sa vie ici, la France est son pays \" - Lyon Bondy Blog","robots":{"index":"index","follow":"follow","max-snippet":"max-snippet:-1","max-image-preview":"max-image-preview:large","max-video-preview":"max-video-preview:-1"},"canonical":"https:\/\/lyonbondyblog.fr\/LBB\/elle-a-fait-sa-vie-ici-la-france-est-son-pays\/","og_locale":"fr_FR","og_type":"article","og_title":"\"Elle a fait sa vie ici, la France est son pays \" - Lyon Bondy Blog","og_description":"La semaine derni\u00e8re, au quartier des UC \u00e0 Bron, une r\u00e9union s\u2018est tenue pour soutenir Sarah. Cette lyc\u00e9enne risque depuis plusieurs mois l\u2019expulsion du territoire &hellip;","og_url":"https:\/\/lyonbondyblog.fr\/LBB\/elle-a-fait-sa-vie-ici-la-france-est-son-pays\/","og_site_name":"Lyon Bondy Blog","article_publisher":"https:\/\/www.facebook.com\/lyonbondyblog","article_author":"https:\/\/www.facebook.com\/lyonbondyblog","article_published_time":"2009-07-06T12:06:55+00:00","article_modified_time":"2013-08-02T12:12:44+00:00","og_image":[{"width":851,"height":200,"url":"https:\/\/lyonbondyblog.fr\/LBB\/wp-content\/uploads\/2014\/10\/Bandeau-Site-V2-011-2.jpg","type":"image\/jpeg"}],"author":"La r\u00e9daction","twitter_card":"summary_large_image","twitter_creator":"@BondyBlogLyon","twitter_site":"@bondybloglyon","schema":{"@context":"https:\/\/schema.org","@graph":[{"@type":"Article","@id":"https:\/\/lyonbondyblog.fr\/LBB\/elle-a-fait-sa-vie-ici-la-france-est-son-pays\/#article","isPartOf":{"@id":"https:\/\/lyonbondyblog.fr\/LBB\/elle-a-fait-sa-vie-ici-la-france-est-son-pays\/"},"author":{"name":"La r\u00e9daction","@id":"https:\/\/lyonbondyblog.fr\/LBB\/#\/schema\/person\/e45f8d27baac75072daa0be50c409b25"},"headline":"\u00ab\u00a0Elle a fait sa vie ici, la France est son pays \u00ab\u00a0","datePublished":"2009-07-06T12:06:55+00:00","dateModified":"2013-08-02T12:12:44+00:00","mainEntityOfPage":{"@id":"https:\/\/lyonbondyblog.fr\/LBB\/elle-a-fait-sa-vie-ici-la-france-est-son-pays\/"},"wordCount":472,"commentCount":0,"publisher":{"@id":"https:\/\/lyonbondyblog.fr\/LBB\/#organization"},"keywords":["LBB","Lyon Bondy Blog"],"articleSection":["Lyon"],"inLanguage":"fr-FR","potentialAction":[{"@type":"CommentAction","name":"Comment","target":["https:\/\/lyonbondyblog.fr\/LBB\/elle-a-fait-sa-vie-ici-la-france-est-son-pays\/#respond"]}]},{"@type":"WebPage","@id":"https:\/\/lyonbondyblog.fr\/LBB\/elle-a-fait-sa-vie-ici-la-france-est-son-pays\/","url":"https:\/\/lyonbondyblog.fr\/LBB\/elle-a-fait-sa-vie-ici-la-france-est-son-pays\/","name":"\"Elle a fait sa vie ici, la France est son pays \" - Lyon Bondy Blog","isPartOf":{"@id":"https:\/\/lyonbondyblog.fr\/LBB\/#website"},"datePublished":"2009-07-06T12:06:55+00:00","dateModified":"2013-08-02T12:12:44+00:00","inLanguage":"fr-FR","potentialAction":[{"@type":"ReadAction","target":["https:\/\/lyonbondyblog.fr\/LBB\/elle-a-fait-sa-vie-ici-la-france-est-son-pays\/"]}]},{"@type":"WebSite","@id":"https:\/\/lyonbondyblog.fr\/LBB\/#website","url":"https:\/\/lyonbondyblog.fr\/LBB\/","name":"Lyon Bondy Blog","description":"","publisher":{"@id":"https:\/\/lyonbondyblog.fr\/LBB\/#organization"},"potentialAction":[{"@type":"SearchAction","target":{"@type":"EntryPoint","urlTemplate":"https:\/\/lyonbondyblog.fr\/LBB\/?s={search_term_string}"},"query-input":"required name=search_term_string"}],"inLanguage":"fr-FR"},{"@type":"Organization","@id":"https:\/\/lyonbondyblog.fr\/LBB\/#organization","name":"LYON BONDY BLOG","url":"https:\/\/lyonbondyblog.fr\/LBB\/","logo":{"@type":"ImageObject","inLanguage":"fr-FR","@id":"https:\/\/lyonbondyblog.fr\/LBB\/#\/schema\/logo\/image\/","url":"http:\/\/lyonbondyblog.fr\/LBB\/wp-content\/uploads\/2014\/10\/logo-portable-144.png","contentUrl":"http:\/\/lyonbondyblog.fr\/LBB\/wp-content\/uploads\/2014\/10\/logo-portable-144.png","width":144,"height":123,"caption":"LYON BONDY BLOG"},"image":{"@id":"https:\/\/lyonbondyblog.fr\/LBB\/#\/schema\/logo\/image\/"},"sameAs":["https:\/\/www.facebook.com\/lyonbondyblog","https:\/\/x.com\/bondybloglyon"]},{"@type":"Person","@id":"https:\/\/lyonbondyblog.fr\/LBB\/#\/schema\/person\/e45f8d27baac75072daa0be50c409b25","name":"La r\u00e9daction","description":"Cr\u00e9e en 2008, la r\u00e9daction du Lyon Bondy Blog s'applique \u00e0 proposer une information locale diff\u00e9rente et compl\u00e9mentaire des m\u00e9dias traditionnels.","sameAs":["https:\/\/www.facebook.com\/lyonbondyblog","https:\/\/x.com\/BondyBlogLyon"],"url":"https:\/\/lyonbondyblog.fr\/LBB\/author\/admin\/"}]}},"_links":{"self":[{"href":"https:\/\/lyonbondyblog.fr\/LBB\/wp-json\/wp\/v2\/posts\/3346","targetHints":{"allow":["GET"]}}],"collection":[{"href":"https:\/\/lyonbondyblog.fr\/LBB\/wp-json\/wp\/v2\/posts"}],"about":[{"href":"https:\/\/lyonbondyblog.fr\/LBB\/wp-json\/wp\/v2\/types\/post"}],"author":[{"embeddable":true,"href":"https:\/\/lyonbondyblog.fr\/LBB\/wp-json\/wp\/v2\/users\/1"}],"replies":[{"embeddable":true,"href":"https:\/\/lyonbondyblog.fr\/LBB\/wp-json\/wp\/v2\/comments?post=3346"}],"version-history":[{"count":0,"href":"https:\/\/lyonbondyblog.fr\/LBB\/wp-json\/wp\/v2\/posts\/3346\/revisions"}],"wp:attachment":[{"href":"https:\/\/lyonbondyblog.fr\/LBB\/wp-json\/wp\/v2\/media?parent=3346"}],"wp:term":[{"taxonomy":"category","embeddable":true,"href":"https:\/\/lyonbondyblog.fr\/LBB\/wp-json\/wp\/v2\/categories?post=3346"},{"taxonomy":"post_tag","embeddable":true,"href":"https:\/\/lyonbondyblog.fr\/LBB\/wp-json\/wp\/v2\/tags?post=3346"}],"curies":[{"name":"wp","href":"https:\/\/api.w.org\/{rel}","templated":true}]}}