{"id":33456,"date":"2024-04-10T16:56:13","date_gmt":"2024-04-10T14:56:13","guid":{"rendered":"https:\/\/lyonbondyblog.fr\/LBB\/?p=33456"},"modified":"2024-04-16T09:15:48","modified_gmt":"2024-04-16T07:15:48","slug":"mini-world-le-japon-sinvite-a-lyon","status":"publish","type":"post","link":"https:\/\/lyonbondyblog.fr\/LBB\/mini-world-le-japon-sinvite-a-lyon\/","title":{"rendered":"Mini World, le Japon s\u2019invite \u00e0 Lyon"},"content":{"rendered":"\n<h4 class=\"wp-block-heading\">Depuis le 1er avril et jusqu\u2019au 30 juin 2024, Mini World \u00e0 Vaulx-en-Velin accueille Japan Mania, une exposition sur la pop culture japonaise. Nintendo, One Piece, Pok\u00e9mon ou encore les <a href=\"https:\/\/www.studioghibli.fr\/\">Studios Ghibli<\/a>, cette expo retrace l\u2019histoire de ces \u0153uvres avec des projections et des activit\u00e9s.<\/h4>\n\n\n\n<p>Lorsqu\u2019on rentre dans la salle d\u2019exposition, on a un acc\u00e8s libre \u00e0 plusieurs bornes d\u2019arcade o\u00f9 on peut jouer \u00e0 Mario Kart, Tetris ou Donkey Kong. On retrouve aussi une authentique NES (Nintendo Entertainment System) avec la cartouche de Mario Bros. Derri\u00e8re, une grande frise chronologique retra\u00e7ant l\u2019histoire de Nintendo et de leur \u00e9g\u00e9rie Mario, de 1977 \u00e0 aujourd\u2019hui.<\/p>\n\n\n\n<figure class=\"wp-block-image size-full\"><img loading=\"lazy\" decoding=\"async\" width=\"1600\" height=\"901\" src=\"https:\/\/lyonbondyblog.fr\/LBB\/wp-content\/uploads\/2024\/04\/WhatsApp-Image-2024-04-10-at-11.49.34.jpeg\" alt=\"\" class=\"wp-image-33460\" srcset=\"https:\/\/lyonbondyblog.fr\/LBB\/wp-content\/uploads\/2024\/04\/WhatsApp-Image-2024-04-10-at-11.49.34.jpeg 1600w, https:\/\/lyonbondyblog.fr\/LBB\/wp-content\/uploads\/2024\/04\/WhatsApp-Image-2024-04-10-at-11.49.34-1200x676.jpeg 1200w, https:\/\/lyonbondyblog.fr\/LBB\/wp-content\/uploads\/2024\/04\/WhatsApp-Image-2024-04-10-at-11.49.34-768x432.jpeg 768w, https:\/\/lyonbondyblog.fr\/LBB\/wp-content\/uploads\/2024\/04\/WhatsApp-Image-2024-04-10-at-11.49.34-1536x865.jpeg 1536w\" sizes=\"auto, (max-width: 1600px) 100vw, 1600px\" \/><figcaption class=\"wp-element-caption\">Frise chronologique qui retrace l&rsquo;histoire de Nintendo<\/figcaption><\/figure>\n\n\n\n<p>\u00c0 deux endroits distincts de l\u2019exposition, on retrouve de cr\u00e9ation miniature originale. La premi\u00e8re est une reproduction de la piste de Mario Kart, avec le ch\u00e2teau de Peach et une course de kart qui se d\u00e9roule en live sous nos yeux. L\u2019autre reproduction est un m\u00e9lange de plusieurs r\u00e9f\u00e9rences de plusieurs \u0153uvres : le Vogue Merry de One Piece, la salle du temps de Dragon Ball ou encore le robot de Goldorak.<\/p>\n\n\n\n<p>Aux quatre coins de l\u2019exposition, sont dispos\u00e9s deux \u00e9crans g\u00e9ants sur lesquels sont projet\u00e9s des extraits d\u2019anim\u00e9s : One Piece, le voyage de Chihiro, Sailor Moon\u2026<\/p>\n\n\n\n<p>Au fond de la salle, se trouve une activit\u00e9 pour enfants qui peut aussi attirer les grands. On peut colorier des Pok\u00e9mon, et avec un QR code sur la feuille, le coloriage prend vie en 3D sur un troisi\u00e8me \u00e9cran g\u00e9ant.<\/p>\n\n\n\n<h4 class=\"wp-block-heading\">Une cr\u00e9ation originale<\/h4>\n\n\n\n<p>Martin qui travaille \u00e0 <a href=\"https:\/\/miniworldlyon.com\/japan-mania\/#JapanMania\">Mini World<\/a> depuis presque 3 ans, nous en dit plus sur la Japan Mania : \u00ab <em>On a d\u00e9j\u00e0 fait des expositions auparavant comme <a href=\"https:\/\/miniworldlyon.com\/jurassic-expo\/#intro\">Jurassic Park<\/a>, ou <a href=\"https:\/\/miniworldlyon.com\/les-aventuriers-en-briques-lego\/\">Lego<\/a>. Cette ann\u00e9e, la Japan Mania, est une cr\u00e9ation originale de Mini World. Les pr\u00e9c\u00e9dentes demandaient trop de travail logistique. Cette id\u00e9e vient de l\u2019un des deux dirigeants de mini world qui a travaill\u00e9 dans la vente de jeux vid\u00e9o, passionn\u00e9 de culture japonaise. Ces 10 derni\u00e8res ann\u00e9es, la culture japonaise revient aussi un peu \u00e0 la mode. C\u2019est l\u2019occasion d\u2019attirer les connaisseurs et de faire venir les curieux<\/em> \u00bb.<\/p>\n\n\n\n<p>Julien CHATRE-DIAS<\/p>\n<!-- AddThis Advanced Settings generic via filter on the_content --><!-- AddThis Share Buttons generic via filter on the_content -->","protected":false},"excerpt":{"rendered":"<p>Depuis le 1er avril et jusqu\u2019au 30 juin 2024, Mini World \u00e0 Vaulx-en-Velin accueille Japan Mania, une exposition sur la pop culture japonaise. Nintendo, One &hellip; <!-- AddThis Advanced Settings generic via filter on wp_trim_excerpt --><!-- AddThis Share Buttons generic via filter on wp_trim_excerpt --><\/p>\n","protected":false},"author":31879,"featured_media":33457,"comment_status":"open","ping_status":"open","sticky":true,"template":"","format":"standard","meta":{"_FSMCFIC_featured_image_caption":"","_FSMCFIC_featured_image_nocaption":"","_FSMCFIC_featured_image_hide":"","footnotes":""},"categories":[3,3891],"tags":[],"class_list":["post-33456","post","type-post","status-publish","format-standard","has-post-thumbnail","hentry","category-culture","category-vaulx-en-velin"],"yoast_head":"<!-- This site is optimized with the Yoast SEO plugin v22.8 - https:\/\/yoast.com\/wordpress\/plugins\/seo\/ -->\n<title>Mini World, le Japon s\u2019invite \u00e0 Lyon - Lyon Bondy Blog<\/title>\n<meta name=\"description\" content=\"Depuis le 1er avril et jusqu\u2019au 30 juin 2024, Mini World \u00e0 Vaulx-en-Velin accueille Japan Mania, une exposition sur la pop culture japonaise. Nintendo, One Piece, Pok\u00e9mon ou encore les Studios Ghibli, cette expo retrace l\u2019histoire de ces \u0153uvres avec des projections et des activit\u00e9s.\" \/>\n<meta name=\"robots\" content=\"index, follow, max-snippet:-1, max-image-preview:large, max-video-preview:-1\" \/>\n<link rel=\"canonical\" href=\"https:\/\/lyonbondyblog.fr\/LBB\/mini-world-le-japon-sinvite-a-lyon\/\" \/>\n<meta property=\"og:locale\" content=\"fr_FR\" \/>\n<meta property=\"og:type\" content=\"article\" \/>\n<meta property=\"og:title\" content=\"Mini World, le Japon s\u2019invite \u00e0 Lyon - Lyon Bondy Blog\" \/>\n<meta property=\"og:description\" content=\"Depuis le 1er avril et jusqu\u2019au 30 juin 2024, Mini World \u00e0 Vaulx-en-Velin accueille Japan Mania, une exposition sur la pop culture japonaise. Nintendo, One Piece, Pok\u00e9mon ou encore les Studios Ghibli, cette expo retrace l\u2019histoire de ces \u0153uvres avec des projections et des activit\u00e9s.\" \/>\n<meta property=\"og:url\" content=\"https:\/\/lyonbondyblog.fr\/LBB\/mini-world-le-japon-sinvite-a-lyon\/\" \/>\n<meta property=\"og:site_name\" content=\"Lyon Bondy Blog\" \/>\n<meta property=\"article:publisher\" content=\"https:\/\/www.facebook.com\/lyonbondyblog\" \/>\n<meta property=\"article:published_time\" content=\"2024-04-10T14:56:13+00:00\" \/>\n<meta property=\"article:modified_time\" content=\"2024-04-16T07:15:48+00:00\" \/>\n<meta property=\"og:image\" content=\"https:\/\/lyonbondyblog.fr\/LBB\/wp-content\/uploads\/2024\/04\/WhatsApp-Image-2024-04-10-at-11.15.59.jpeg\" \/>\n\t<meta property=\"og:image:width\" content=\"1600\" \/>\n\t<meta property=\"og:image:height\" content=\"720\" \/>\n\t<meta property=\"og:image:type\" content=\"image\/jpeg\" \/>\n<meta name=\"author\" content=\"Romain Pastorino\" \/>\n<meta name=\"twitter:card\" content=\"summary_large_image\" \/>\n<meta name=\"twitter:creator\" content=\"@bondybloglyon\" \/>\n<meta name=\"twitter:site\" content=\"@bondybloglyon\" \/>\n<script type=\"application\/ld+json\" class=\"yoast-schema-graph\">{\"@context\":\"https:\/\/schema.org\",\"@graph\":[{\"@type\":\"Article\",\"@id\":\"https:\/\/lyonbondyblog.fr\/LBB\/mini-world-le-japon-sinvite-a-lyon\/#article\",\"isPartOf\":{\"@id\":\"https:\/\/lyonbondyblog.fr\/LBB\/mini-world-le-japon-sinvite-a-lyon\/\"},\"author\":{\"name\":\"Romain Pastorino\",\"@id\":\"https:\/\/lyonbondyblog.fr\/LBB\/#\/schema\/person\/4caab605ebc4ab03235787fe9177fcf3\"},\"headline\":\"Mini World, le Japon s\u2019invite \u00e0 Lyon\",\"datePublished\":\"2024-04-10T14:56:13+00:00\",\"dateModified\":\"2024-04-16T07:15:48+00:00\",\"mainEntityOfPage\":{\"@id\":\"https:\/\/lyonbondyblog.fr\/LBB\/mini-world-le-japon-sinvite-a-lyon\/\"},\"wordCount\":391,\"commentCount\":0,\"publisher\":{\"@id\":\"https:\/\/lyonbondyblog.fr\/LBB\/#organization\"},\"image\":{\"@id\":\"https:\/\/lyonbondyblog.fr\/LBB\/mini-world-le-japon-sinvite-a-lyon\/#primaryimage\"},\"thumbnailUrl\":\"https:\/\/lyonbondyblog.fr\/LBB\/wp-content\/uploads\/2024\/04\/WhatsApp-Image-2024-04-10-at-11.15.59.jpeg\",\"articleSection\":[\"Culture\",\"Vaulx-en-Velin\"],\"inLanguage\":\"fr-FR\",\"potentialAction\":[{\"@type\":\"CommentAction\",\"name\":\"Comment\",\"target\":[\"https:\/\/lyonbondyblog.fr\/LBB\/mini-world-le-japon-sinvite-a-lyon\/#respond\"]}]},{\"@type\":\"WebPage\",\"@id\":\"https:\/\/lyonbondyblog.fr\/LBB\/mini-world-le-japon-sinvite-a-lyon\/\",\"url\":\"https:\/\/lyonbondyblog.fr\/LBB\/mini-world-le-japon-sinvite-a-lyon\/\",\"name\":\"Mini World, le Japon s\u2019invite \u00e0 Lyon - Lyon Bondy Blog\",\"isPartOf\":{\"@id\":\"https:\/\/lyonbondyblog.fr\/LBB\/#website\"},\"primaryImageOfPage\":{\"@id\":\"https:\/\/lyonbondyblog.fr\/LBB\/mini-world-le-japon-sinvite-a-lyon\/#primaryimage\"},\"image\":{\"@id\":\"https:\/\/lyonbondyblog.fr\/LBB\/mini-world-le-japon-sinvite-a-lyon\/#primaryimage\"},\"thumbnailUrl\":\"https:\/\/lyonbondyblog.fr\/LBB\/wp-content\/uploads\/2024\/04\/WhatsApp-Image-2024-04-10-at-11.15.59.jpeg\",\"datePublished\":\"2024-04-10T14:56:13+00:00\",\"dateModified\":\"2024-04-16T07:15:48+00:00\",\"description\":\"Depuis le 1er avril et jusqu\u2019au 30 juin 2024, Mini World \u00e0 Vaulx-en-Velin accueille Japan Mania, une exposition sur la pop culture japonaise. Nintendo, One Piece, Pok\u00e9mon ou encore les Studios Ghibli, cette expo retrace l\u2019histoire de ces \u0153uvres avec des projections et des activit\u00e9s.\",\"inLanguage\":\"fr-FR\",\"potentialAction\":[{\"@type\":\"ReadAction\",\"target\":[\"https:\/\/lyonbondyblog.fr\/LBB\/mini-world-le-japon-sinvite-a-lyon\/\"]}]},{\"@type\":\"ImageObject\",\"inLanguage\":\"fr-FR\",\"@id\":\"https:\/\/lyonbondyblog.fr\/LBB\/mini-world-le-japon-sinvite-a-lyon\/#primaryimage\",\"url\":\"https:\/\/lyonbondyblog.fr\/LBB\/wp-content\/uploads\/2024\/04\/WhatsApp-Image-2024-04-10-at-11.15.59.jpeg\",\"contentUrl\":\"https:\/\/lyonbondyblog.fr\/LBB\/wp-content\/uploads\/2024\/04\/WhatsApp-Image-2024-04-10-at-11.15.59.jpeg\",\"width\":1600,\"height\":720},{\"@type\":\"WebSite\",\"@id\":\"https:\/\/lyonbondyblog.fr\/LBB\/#website\",\"url\":\"https:\/\/lyonbondyblog.fr\/LBB\/\",\"name\":\"Lyon Bondy Blog\",\"description\":\"\",\"publisher\":{\"@id\":\"https:\/\/lyonbondyblog.fr\/LBB\/#organization\"},\"potentialAction\":[{\"@type\":\"SearchAction\",\"target\":{\"@type\":\"EntryPoint\",\"urlTemplate\":\"https:\/\/lyonbondyblog.fr\/LBB\/?s={search_term_string}\"},\"query-input\":\"required name=search_term_string\"}],\"inLanguage\":\"fr-FR\"},{\"@type\":\"Organization\",\"@id\":\"https:\/\/lyonbondyblog.fr\/LBB\/#organization\",\"name\":\"LYON BONDY BLOG\",\"url\":\"https:\/\/lyonbondyblog.fr\/LBB\/\",\"logo\":{\"@type\":\"ImageObject\",\"inLanguage\":\"fr-FR\",\"@id\":\"https:\/\/lyonbondyblog.fr\/LBB\/#\/schema\/logo\/image\/\",\"url\":\"http:\/\/lyonbondyblog.fr\/LBB\/wp-content\/uploads\/2014\/10\/logo-portable-144.png\",\"contentUrl\":\"http:\/\/lyonbondyblog.fr\/LBB\/wp-content\/uploads\/2014\/10\/logo-portable-144.png\",\"width\":144,\"height\":123,\"caption\":\"LYON BONDY BLOG\"},\"image\":{\"@id\":\"https:\/\/lyonbondyblog.fr\/LBB\/#\/schema\/logo\/image\/\"},\"sameAs\":[\"https:\/\/www.facebook.com\/lyonbondyblog\",\"https:\/\/x.com\/bondybloglyon\"]},{\"@type\":\"Person\",\"@id\":\"https:\/\/lyonbondyblog.fr\/LBB\/#\/schema\/person\/4caab605ebc4ab03235787fe9177fcf3\",\"name\":\"Romain Pastorino\",\"url\":\"https:\/\/lyonbondyblog.fr\/LBB\/author\/romain-p\/\"}]}<\/script>\n<!-- \/ Yoast SEO plugin. -->","yoast_head_json":{"title":"Mini World, le Japon s\u2019invite \u00e0 Lyon - Lyon Bondy Blog","description":"Depuis le 1er avril et jusqu\u2019au 30 juin 2024, Mini World \u00e0 Vaulx-en-Velin accueille Japan Mania, une exposition sur la pop culture japonaise. Nintendo, One Piece, Pok\u00e9mon ou encore les Studios Ghibli, cette expo retrace l\u2019histoire de ces \u0153uvres avec des projections et des activit\u00e9s.","robots":{"index":"index","follow":"follow","max-snippet":"max-snippet:-1","max-image-preview":"max-image-preview:large","max-video-preview":"max-video-preview:-1"},"canonical":"https:\/\/lyonbondyblog.fr\/LBB\/mini-world-le-japon-sinvite-a-lyon\/","og_locale":"fr_FR","og_type":"article","og_title":"Mini World, le Japon s\u2019invite \u00e0 Lyon - Lyon Bondy Blog","og_description":"Depuis le 1er avril et jusqu\u2019au 30 juin 2024, Mini World \u00e0 Vaulx-en-Velin accueille Japan Mania, une exposition sur la pop culture japonaise. Nintendo, One Piece, Pok\u00e9mon ou encore les Studios Ghibli, cette expo retrace l\u2019histoire de ces \u0153uvres avec des projections et des activit\u00e9s.","og_url":"https:\/\/lyonbondyblog.fr\/LBB\/mini-world-le-japon-sinvite-a-lyon\/","og_site_name":"Lyon Bondy Blog","article_publisher":"https:\/\/www.facebook.com\/lyonbondyblog","article_published_time":"2024-04-10T14:56:13+00:00","article_modified_time":"2024-04-16T07:15:48+00:00","og_image":[{"width":1600,"height":720,"url":"https:\/\/lyonbondyblog.fr\/LBB\/wp-content\/uploads\/2024\/04\/WhatsApp-Image-2024-04-10-at-11.15.59.jpeg","type":"image\/jpeg"}],"author":"Romain Pastorino","twitter_card":"summary_large_image","twitter_creator":"@bondybloglyon","twitter_site":"@bondybloglyon","schema":{"@context":"https:\/\/schema.org","@graph":[{"@type":"Article","@id":"https:\/\/lyonbondyblog.fr\/LBB\/mini-world-le-japon-sinvite-a-lyon\/#article","isPartOf":{"@id":"https:\/\/lyonbondyblog.fr\/LBB\/mini-world-le-japon-sinvite-a-lyon\/"},"author":{"name":"Romain Pastorino","@id":"https:\/\/lyonbondyblog.fr\/LBB\/#\/schema\/person\/4caab605ebc4ab03235787fe9177fcf3"},"headline":"Mini World, le Japon s\u2019invite \u00e0 Lyon","datePublished":"2024-04-10T14:56:13+00:00","dateModified":"2024-04-16T07:15:48+00:00","mainEntityOfPage":{"@id":"https:\/\/lyonbondyblog.fr\/LBB\/mini-world-le-japon-sinvite-a-lyon\/"},"wordCount":391,"commentCount":0,"publisher":{"@id":"https:\/\/lyonbondyblog.fr\/LBB\/#organization"},"image":{"@id":"https:\/\/lyonbondyblog.fr\/LBB\/mini-world-le-japon-sinvite-a-lyon\/#primaryimage"},"thumbnailUrl":"https:\/\/lyonbondyblog.fr\/LBB\/wp-content\/uploads\/2024\/04\/WhatsApp-Image-2024-04-10-at-11.15.59.jpeg","articleSection":["Culture","Vaulx-en-Velin"],"inLanguage":"fr-FR","potentialAction":[{"@type":"CommentAction","name":"Comment","target":["https:\/\/lyonbondyblog.fr\/LBB\/mini-world-le-japon-sinvite-a-lyon\/#respond"]}]},{"@type":"WebPage","@id":"https:\/\/lyonbondyblog.fr\/LBB\/mini-world-le-japon-sinvite-a-lyon\/","url":"https:\/\/lyonbondyblog.fr\/LBB\/mini-world-le-japon-sinvite-a-lyon\/","name":"Mini World, le Japon s\u2019invite \u00e0 Lyon - Lyon Bondy Blog","isPartOf":{"@id":"https:\/\/lyonbondyblog.fr\/LBB\/#website"},"primaryImageOfPage":{"@id":"https:\/\/lyonbondyblog.fr\/LBB\/mini-world-le-japon-sinvite-a-lyon\/#primaryimage"},"image":{"@id":"https:\/\/lyonbondyblog.fr\/LBB\/mini-world-le-japon-sinvite-a-lyon\/#primaryimage"},"thumbnailUrl":"https:\/\/lyonbondyblog.fr\/LBB\/wp-content\/uploads\/2024\/04\/WhatsApp-Image-2024-04-10-at-11.15.59.jpeg","datePublished":"2024-04-10T14:56:13+00:00","dateModified":"2024-04-16T07:15:48+00:00","description":"Depuis le 1er avril et jusqu\u2019au 30 juin 2024, Mini World \u00e0 Vaulx-en-Velin accueille Japan Mania, une exposition sur la pop culture japonaise. Nintendo, One Piece, Pok\u00e9mon ou encore les Studios Ghibli, cette expo retrace l\u2019histoire de ces \u0153uvres avec des projections et des activit\u00e9s.","inLanguage":"fr-FR","potentialAction":[{"@type":"ReadAction","target":["https:\/\/lyonbondyblog.fr\/LBB\/mini-world-le-japon-sinvite-a-lyon\/"]}]},{"@type":"ImageObject","inLanguage":"fr-FR","@id":"https:\/\/lyonbondyblog.fr\/LBB\/mini-world-le-japon-sinvite-a-lyon\/#primaryimage","url":"https:\/\/lyonbondyblog.fr\/LBB\/wp-content\/uploads\/2024\/04\/WhatsApp-Image-2024-04-10-at-11.15.59.jpeg","contentUrl":"https:\/\/lyonbondyblog.fr\/LBB\/wp-content\/uploads\/2024\/04\/WhatsApp-Image-2024-04-10-at-11.15.59.jpeg","width":1600,"height":720},{"@type":"WebSite","@id":"https:\/\/lyonbondyblog.fr\/LBB\/#website","url":"https:\/\/lyonbondyblog.fr\/LBB\/","name":"Lyon Bondy Blog","description":"","publisher":{"@id":"https:\/\/lyonbondyblog.fr\/LBB\/#organization"},"potentialAction":[{"@type":"SearchAction","target":{"@type":"EntryPoint","urlTemplate":"https:\/\/lyonbondyblog.fr\/LBB\/?s={search_term_string}"},"query-input":"required name=search_term_string"}],"inLanguage":"fr-FR"},{"@type":"Organization","@id":"https:\/\/lyonbondyblog.fr\/LBB\/#organization","name":"LYON BONDY BLOG","url":"https:\/\/lyonbondyblog.fr\/LBB\/","logo":{"@type":"ImageObject","inLanguage":"fr-FR","@id":"https:\/\/lyonbondyblog.fr\/LBB\/#\/schema\/logo\/image\/","url":"http:\/\/lyonbondyblog.fr\/LBB\/wp-content\/uploads\/2014\/10\/logo-portable-144.png","contentUrl":"http:\/\/lyonbondyblog.fr\/LBB\/wp-content\/uploads\/2014\/10\/logo-portable-144.png","width":144,"height":123,"caption":"LYON BONDY BLOG"},"image":{"@id":"https:\/\/lyonbondyblog.fr\/LBB\/#\/schema\/logo\/image\/"},"sameAs":["https:\/\/www.facebook.com\/lyonbondyblog","https:\/\/x.com\/bondybloglyon"]},{"@type":"Person","@id":"https:\/\/lyonbondyblog.fr\/LBB\/#\/schema\/person\/4caab605ebc4ab03235787fe9177fcf3","name":"Romain Pastorino","url":"https:\/\/lyonbondyblog.fr\/LBB\/author\/romain-p\/"}]}},"_links":{"self":[{"href":"https:\/\/lyonbondyblog.fr\/LBB\/wp-json\/wp\/v2\/posts\/33456","targetHints":{"allow":["GET"]}}],"collection":[{"href":"https:\/\/lyonbondyblog.fr\/LBB\/wp-json\/wp\/v2\/posts"}],"about":[{"href":"https:\/\/lyonbondyblog.fr\/LBB\/wp-json\/wp\/v2\/types\/post"}],"author":[{"embeddable":true,"href":"https:\/\/lyonbondyblog.fr\/LBB\/wp-json\/wp\/v2\/users\/31879"}],"replies":[{"embeddable":true,"href":"https:\/\/lyonbondyblog.fr\/LBB\/wp-json\/wp\/v2\/comments?post=33456"}],"version-history":[{"count":4,"href":"https:\/\/lyonbondyblog.fr\/LBB\/wp-json\/wp\/v2\/posts\/33456\/revisions"}],"predecessor-version":[{"id":33477,"href":"https:\/\/lyonbondyblog.fr\/LBB\/wp-json\/wp\/v2\/posts\/33456\/revisions\/33477"}],"wp:featuredmedia":[{"embeddable":true,"href":"https:\/\/lyonbondyblog.fr\/LBB\/wp-json\/wp\/v2\/media\/33457"}],"wp:attachment":[{"href":"https:\/\/lyonbondyblog.fr\/LBB\/wp-json\/wp\/v2\/media?parent=33456"}],"wp:term":[{"taxonomy":"category","embeddable":true,"href":"https:\/\/lyonbondyblog.fr\/LBB\/wp-json\/wp\/v2\/categories?post=33456"},{"taxonomy":"post_tag","embeddable":true,"href":"https:\/\/lyonbondyblog.fr\/LBB\/wp-json\/wp\/v2\/tags?post=33456"}],"curies":[{"name":"wp","href":"https:\/\/api.w.org\/{rel}","templated":true}]}}