{"id":33409,"date":"2024-03-29T15:44:11","date_gmt":"2024-03-29T14:44:11","guid":{"rendered":"https:\/\/lyonbondyblog.fr\/LBB\/?p=33409"},"modified":"2024-03-30T22:55:19","modified_gmt":"2024-03-30T21:55:19","slug":"sybille-douvillez-si-tu-ne-toccupes-pas-de-la-politique-la-politique-soccupera-de-toi","status":"publish","type":"post","link":"https:\/\/lyonbondyblog.fr\/LBB\/sybille-douvillez-si-tu-ne-toccupes-pas-de-la-politique-la-politique-soccupera-de-toi\/","title":{"rendered":"Sybille Douvillez : \u00ab Si tu ne t\u2019occupes pas de la politique, la politique s\u2019occupera de toi \u00bb"},"content":{"rendered":"\n<p>L\u00e9gende photo : <em>Sybille Douvillez et Andrea Kotarac, porte-parole du Rassemblement national et pr\u00e9sident du groupe RN \u00e0 la R\u00e9gion, lors d&rsquo;un d\u00e9bat \u00e9lectoral organis\u00e9 par l\u2019association Polygones \u00e0 Lyon III. \u00a9 &#8211; David Huberdeau<\/em><\/p>\n\n\n\n<h4 class=\"wp-block-heading\">Sybille Douvillez est une jeune lyonnaise de 19 ans, \u00e9tudiante en deuxi\u00e8me ann\u00e9e \u00e0 Sciences Po Paris. Elle est \u00e9galement engag\u00e9e politiquement, candidates aux \u00e9lections europ\u00e9ennes sur la liste Place Publique-Parti Socialiste, men\u00e9e par Rapha\u00ebl Glucksmann. Dans cette interview, madame Douvillez souligne l\u2019importance de l\u2019int\u00e9r\u00eat de la politique pour les jeunes, notamment au niveau des enjeux climatiques ou sociaux.<\/h4>\n\n\n\n<p><strong>Comment \u00eates-vous arriv\u00e9e dans ce monde de la politique et de l\u2019activisme ?<\/strong><br>Je me suis engag\u00e9e \u00e0 14 ans dans le mouvement CLIMAT. J\u2019ai compris qu&rsquo;\u00e0 un certain point, il fallait aller plus loin. M\u00eame si on \u00e9tait tr\u00e8s nombreux dans les marches pour le climat, on n\u2019avait pas encore atteint la masse critique dans les institutions. Plus tard, je me suis aussi engag\u00e9e dans la cause f\u00e9ministe, j\u2019ai donn\u00e9 des cours de soutien au centre social de la Croix-Rousse, organis\u00e9 une collecte pour l\u2019Ukraine dans mon lyc\u00e9e, avec l\u2019aide de la mairie de Lyon. J\u2019\u00e9tais un peu un couteau suisse de l\u2019engagement citoyen. Je voulais vraiment aller plus loin, aller l\u00e0 o\u00f9 les d\u00e9cisions se prenaient. Je pense que c\u2019est un point fondamental que les jeunes doivent comprendre.<\/p>\n\n\n\n<p><strong>Vous faites partie du mouvement Place Publique. Comment est-n\u00e9 ce mouvement ?<\/strong><br><a href=\"https:\/\/place-publique.eu\/\">Place Publique<\/a> est n\u00e9e en 2018, \u00e0 un moment o\u00f9 la gauche allait tr\u00e8s mal. L\u2019id\u00e9e \u00e9tait d\u2019agr\u00e9ger tout ce qui se faisait de bon en dehors des partis politiques. On a rassembl\u00e9 plusieurs forces de la soci\u00e9t\u00e9 civile : des activistes, des \u00e9conomistes, des citoyens, des p\u00e9cheurs, des ornithologues. On veut vraiment mettre en avant cet ADN citoyen. C\u2019est un mouvement qui tient depuis 6 ans uniquement avec des b\u00e9n\u00e9voles.<\/p>\n\n\n\n<p><strong>Quel est votre r\u00f4le et quelles sont vos missions au sein de ce mouvement ?<\/strong><br>J\u2019y suis rentr\u00e9 un peu par hasard, quand j\u2019avais 16 ans, je ne pensais pas \u00eatre l\u00e0 o\u00f9 je suis aujourd\u2019hui. Assez vite, j\u2019ai particip\u00e9 \u00e0 la refondation du mouvement. J\u2019ai dirig\u00e9 le mouvement pendant 2 ans, j\u2019\u00e9tais co-r\u00e9f\u00e9rente nationale de Place Publique Jeune, avant de passer le relais. Aujourd\u2019hui, je suis porte-parole de Place Publique Jeune et secr\u00e9taire g\u00e9n\u00e9rale adjointe de Place Publique. \u00c7a fait maintenant 3 ans qui j\u2019y suis.<br>J\u2019ai beaucoup travaill\u00e9 sur les diff\u00e9rentes campagnes de mobilisations sur nos causes, comme Tax The Rich, une initiative citoyenne europ\u00e9enne, ou la directive europ\u00e9enne pour la protection des femmes contre les violences sexistes et sexuelles. Mon but, c&rsquo;est qu\u2019un maximum de personnes soient au courant des mobilisations, qu\u2019on ait de bons retours sur les r\u00e9seaux sociaux, que des journalistes couvrent ces \u00e9v\u00e8nements pour que les jeunes en entendent parler.<\/p>\n\n\n\n<p><strong>Pouvez-vous expliquer ce qu\u2019est l\u2019initiative citoyenne europ\u00e9enne Tax The Rich ?<\/strong><br>On cherche \u00e0 obtenir <a href=\"https:\/\/place-publique.eu\/tax-the-rich\/\">1 million de signatures<\/a> en un an pour obtenir une loi sur la taxation des ultra-riches. Aujourd\u2019hui, on vit un moment crucial concernant cette taxation. L\u2019argent r\u00e9colt\u00e9 avec cette taxe servira \u00e0 \u00e9viter un grand renoncement \u00e9cologique. On doit faire des efforts aujourd&rsquo;hui pour le climat pour \u00e9viter les grands renoncements de demain. Pour \u00e7a, on doit trouver de l&rsquo;argent. La question, c&rsquo;est : qui va payer ces efforts ? Et la r\u00e9ponse serait : ceux qui polluent le plus : les ultra-riches.<\/p>\n\n\n\n<p><strong>Si vous aviez un message \u00e0 passer aux jeunes, ce serait quoi ?<\/strong><br>La politique est partout : dans nos frigos, dans nos \u00e9coles, dans nos lits d\u2019h\u00f4pitaux\u2026 si tu ne t\u2019occupes pas de la politique, la politique s\u2019occupera de toi. C\u2019est fondamental de le comprendre. Ces cinq derni\u00e8res ann\u00e9es, des br\u00e8ches se sont ouvertes en Europe sur la justice sociale et climatique, notamment sur la garantie de l\u2019emploi. Le fait que l\u2019on va garantir aux jeunes sans formations, ni emplois une r\u00e9insertion.<br>Il faut que les jeunes aillent voter le 9 juin, sinon ce sont les vieux qui vont le faire, alors que c\u2019est notre destin qui est en jeu. Il faut que les jeunes voient \u00e7a comme un levier qui peut faire changer les choses.<\/p>\n\n\n\n<figure class=\"wp-block-image size-full\"><img loading=\"lazy\" decoding=\"async\" width=\"1136\" height=\"640\" src=\"https:\/\/lyonbondyblog.fr\/LBB\/wp-content\/uploads\/2024\/03\/WhatsApp-Image-2024-03-29-at-12.05.19.jpeg\" alt=\"\" class=\"wp-image-33414\" srcset=\"https:\/\/lyonbondyblog.fr\/LBB\/wp-content\/uploads\/2024\/03\/WhatsApp-Image-2024-03-29-at-12.05.19.jpeg 1136w, https:\/\/lyonbondyblog.fr\/LBB\/wp-content\/uploads\/2024\/03\/WhatsApp-Image-2024-03-29-at-12.05.19-768x433.jpeg 768w\" sizes=\"auto, (max-width: 1136px) 100vw, 1136px\" \/><figcaption class=\"wp-element-caption\">Extrait du dessin-anim\u00e9 sur la chaine Youtube de Sybille Douvillez, annon\u00e7ant sa candidature aux europ\u00e9ennes (https:\/\/youtu.be\/Hg4ZFcsjdq0)<\/figcaption><\/figure>\n\n\n\n<p>Julien Ch\u00e2tre-Dias<\/p>\n<!-- AddThis Advanced Settings generic via filter on the_content --><!-- AddThis Share Buttons generic via filter on the_content -->","protected":false},"excerpt":{"rendered":"<p>L\u00e9gende photo : Sybille Douvillez et Andrea Kotarac, porte-parole du Rassemblement national et pr\u00e9sident du groupe RN \u00e0 la R\u00e9gion, lors d&rsquo;un d\u00e9bat \u00e9lectoral organis\u00e9 &hellip; <!-- AddThis Advanced Settings generic via filter on wp_trim_excerpt --><!-- AddThis Share Buttons generic via filter on wp_trim_excerpt --><\/p>\n","protected":false},"author":31879,"featured_media":33413,"comment_status":"open","ping_status":"open","sticky":true,"template":"","format":"standard","meta":{"_FSMCFIC_featured_image_caption":"","_FSMCFIC_featured_image_nocaption":"","_FSMCFIC_featured_image_hide":"","footnotes":""},"categories":[26299,4,6],"tags":[1347,152,522,165],"class_list":["post-33409","post","type-post","status-publish","format-standard","has-post-thumbnail","hentry","category-interview","category-lyon","category-politique","tag-gauche-politique","tag-interview","tag-jeunesse","tag-politique-2"],"yoast_head":"<!-- This site is optimized with the Yoast SEO plugin v22.8 - https:\/\/yoast.com\/wordpress\/plugins\/seo\/ -->\n<title>Sybille Douvillez : \u00ab Si tu ne t\u2019occupes pas de la politique, la politique s\u2019occupera de toi \u00bb - Lyon Bondy Blog<\/title>\n<meta name=\"description\" content=\"Sybille Douvillez est une jeune lyonnaise de 19 ans, \u00e9tudiante en deuxi\u00e8me ann\u00e9e \u00e0 Sciences Po Paris. Elle est \u00e9galement engag\u00e9e politiquement, candidates aux \u00e9lections europ\u00e9ennes sur la liste Place Publique-Parti Socialiste, men\u00e9e par Rapha\u00ebl Glucksmann.\" \/>\n<meta name=\"robots\" content=\"index, follow, max-snippet:-1, max-image-preview:large, max-video-preview:-1\" \/>\n<link rel=\"canonical\" href=\"https:\/\/lyonbondyblog.fr\/LBB\/sybille-douvillez-si-tu-ne-toccupes-pas-de-la-politique-la-politique-soccupera-de-toi\/\" \/>\n<meta property=\"og:locale\" content=\"fr_FR\" \/>\n<meta property=\"og:type\" content=\"article\" \/>\n<meta property=\"og:title\" content=\"Sybille Douvillez : \u00ab Si tu ne t\u2019occupes pas de la politique, la politique s\u2019occupera de toi \u00bb - Lyon Bondy Blog\" \/>\n<meta property=\"og:description\" content=\"Sybille Douvillez est une jeune lyonnaise de 19 ans, \u00e9tudiante en deuxi\u00e8me ann\u00e9e \u00e0 Sciences Po Paris. Elle est \u00e9galement engag\u00e9e politiquement, candidates aux \u00e9lections europ\u00e9ennes sur la liste Place Publique-Parti Socialiste, men\u00e9e par Rapha\u00ebl Glucksmann.\" \/>\n<meta property=\"og:url\" content=\"https:\/\/lyonbondyblog.fr\/LBB\/sybille-douvillez-si-tu-ne-toccupes-pas-de-la-politique-la-politique-soccupera-de-toi\/\" \/>\n<meta property=\"og:site_name\" content=\"Lyon Bondy Blog\" \/>\n<meta property=\"article:publisher\" content=\"https:\/\/www.facebook.com\/lyonbondyblog\" \/>\n<meta property=\"article:published_time\" content=\"2024-03-29T14:44:11+00:00\" \/>\n<meta property=\"article:modified_time\" content=\"2024-03-30T21:55:19+00:00\" \/>\n<meta property=\"og:image\" content=\"https:\/\/lyonbondyblog.fr\/LBB\/wp-content\/uploads\/2024\/03\/WhatsApp-Image-2024-03-29-at-15.27.02.jpeg\" \/>\n\t<meta property=\"og:image:width\" content=\"1600\" \/>\n\t<meta property=\"og:image:height\" content=\"1199\" \/>\n\t<meta property=\"og:image:type\" content=\"image\/jpeg\" \/>\n<meta name=\"author\" content=\"Romain Pastorino\" \/>\n<meta name=\"twitter:card\" content=\"summary_large_image\" \/>\n<meta name=\"twitter:creator\" content=\"@bondybloglyon\" \/>\n<meta name=\"twitter:site\" content=\"@bondybloglyon\" \/>\n<script type=\"application\/ld+json\" class=\"yoast-schema-graph\">{\"@context\":\"https:\/\/schema.org\",\"@graph\":[{\"@type\":\"Article\",\"@id\":\"https:\/\/lyonbondyblog.fr\/LBB\/sybille-douvillez-si-tu-ne-toccupes-pas-de-la-politique-la-politique-soccupera-de-toi\/#article\",\"isPartOf\":{\"@id\":\"https:\/\/lyonbondyblog.fr\/LBB\/sybille-douvillez-si-tu-ne-toccupes-pas-de-la-politique-la-politique-soccupera-de-toi\/\"},\"author\":{\"name\":\"Romain Pastorino\",\"@id\":\"https:\/\/lyonbondyblog.fr\/LBB\/#\/schema\/person\/4caab605ebc4ab03235787fe9177fcf3\"},\"headline\":\"Sybille Douvillez : \u00ab Si tu ne t\u2019occupes pas de la politique, la politique s\u2019occupera de toi \u00bb\",\"datePublished\":\"2024-03-29T14:44:11+00:00\",\"dateModified\":\"2024-03-30T21:55:19+00:00\",\"mainEntityOfPage\":{\"@id\":\"https:\/\/lyonbondyblog.fr\/LBB\/sybille-douvillez-si-tu-ne-toccupes-pas-de-la-politique-la-politique-soccupera-de-toi\/\"},\"wordCount\":783,\"commentCount\":0,\"publisher\":{\"@id\":\"https:\/\/lyonbondyblog.fr\/LBB\/#organization\"},\"image\":{\"@id\":\"https:\/\/lyonbondyblog.fr\/LBB\/sybille-douvillez-si-tu-ne-toccupes-pas-de-la-politique-la-politique-soccupera-de-toi\/#primaryimage\"},\"thumbnailUrl\":\"https:\/\/lyonbondyblog.fr\/LBB\/wp-content\/uploads\/2024\/03\/WhatsApp-Image-2024-03-29-at-15.27.02.jpeg\",\"keywords\":[\"Gauche (politique)\",\"interview\",\"jeunesse\",\"politique\"],\"articleSection\":[\"Interview\",\"Lyon\",\"Politique\"],\"inLanguage\":\"fr-FR\",\"potentialAction\":[{\"@type\":\"CommentAction\",\"name\":\"Comment\",\"target\":[\"https:\/\/lyonbondyblog.fr\/LBB\/sybille-douvillez-si-tu-ne-toccupes-pas-de-la-politique-la-politique-soccupera-de-toi\/#respond\"]}]},{\"@type\":\"WebPage\",\"@id\":\"https:\/\/lyonbondyblog.fr\/LBB\/sybille-douvillez-si-tu-ne-toccupes-pas-de-la-politique-la-politique-soccupera-de-toi\/\",\"url\":\"https:\/\/lyonbondyblog.fr\/LBB\/sybille-douvillez-si-tu-ne-toccupes-pas-de-la-politique-la-politique-soccupera-de-toi\/\",\"name\":\"Sybille Douvillez : \u00ab Si tu ne t\u2019occupes pas de la politique, la politique s\u2019occupera de toi \u00bb - Lyon Bondy Blog\",\"isPartOf\":{\"@id\":\"https:\/\/lyonbondyblog.fr\/LBB\/#website\"},\"primaryImageOfPage\":{\"@id\":\"https:\/\/lyonbondyblog.fr\/LBB\/sybille-douvillez-si-tu-ne-toccupes-pas-de-la-politique-la-politique-soccupera-de-toi\/#primaryimage\"},\"image\":{\"@id\":\"https:\/\/lyonbondyblog.fr\/LBB\/sybille-douvillez-si-tu-ne-toccupes-pas-de-la-politique-la-politique-soccupera-de-toi\/#primaryimage\"},\"thumbnailUrl\":\"https:\/\/lyonbondyblog.fr\/LBB\/wp-content\/uploads\/2024\/03\/WhatsApp-Image-2024-03-29-at-15.27.02.jpeg\",\"datePublished\":\"2024-03-29T14:44:11+00:00\",\"dateModified\":\"2024-03-30T21:55:19+00:00\",\"description\":\"Sybille Douvillez est une jeune lyonnaise de 19 ans, \u00e9tudiante en deuxi\u00e8me ann\u00e9e \u00e0 Sciences Po Paris. Elle est \u00e9galement engag\u00e9e politiquement, candidates aux \u00e9lections europ\u00e9ennes sur la liste Place Publique-Parti Socialiste, men\u00e9e par Rapha\u00ebl Glucksmann.\",\"inLanguage\":\"fr-FR\",\"potentialAction\":[{\"@type\":\"ReadAction\",\"target\":[\"https:\/\/lyonbondyblog.fr\/LBB\/sybille-douvillez-si-tu-ne-toccupes-pas-de-la-politique-la-politique-soccupera-de-toi\/\"]}]},{\"@type\":\"ImageObject\",\"inLanguage\":\"fr-FR\",\"@id\":\"https:\/\/lyonbondyblog.fr\/LBB\/sybille-douvillez-si-tu-ne-toccupes-pas-de-la-politique-la-politique-soccupera-de-toi\/#primaryimage\",\"url\":\"https:\/\/lyonbondyblog.fr\/LBB\/wp-content\/uploads\/2024\/03\/WhatsApp-Image-2024-03-29-at-15.27.02.jpeg\",\"contentUrl\":\"https:\/\/lyonbondyblog.fr\/LBB\/wp-content\/uploads\/2024\/03\/WhatsApp-Image-2024-03-29-at-15.27.02.jpeg\",\"width\":1600,\"height\":1199},{\"@type\":\"WebSite\",\"@id\":\"https:\/\/lyonbondyblog.fr\/LBB\/#website\",\"url\":\"https:\/\/lyonbondyblog.fr\/LBB\/\",\"name\":\"Lyon Bondy Blog\",\"description\":\"\",\"publisher\":{\"@id\":\"https:\/\/lyonbondyblog.fr\/LBB\/#organization\"},\"potentialAction\":[{\"@type\":\"SearchAction\",\"target\":{\"@type\":\"EntryPoint\",\"urlTemplate\":\"https:\/\/lyonbondyblog.fr\/LBB\/?s={search_term_string}\"},\"query-input\":\"required name=search_term_string\"}],\"inLanguage\":\"fr-FR\"},{\"@type\":\"Organization\",\"@id\":\"https:\/\/lyonbondyblog.fr\/LBB\/#organization\",\"name\":\"LYON BONDY BLOG\",\"url\":\"https:\/\/lyonbondyblog.fr\/LBB\/\",\"logo\":{\"@type\":\"ImageObject\",\"inLanguage\":\"fr-FR\",\"@id\":\"https:\/\/lyonbondyblog.fr\/LBB\/#\/schema\/logo\/image\/\",\"url\":\"http:\/\/lyonbondyblog.fr\/LBB\/wp-content\/uploads\/2014\/10\/logo-portable-144.png\",\"contentUrl\":\"http:\/\/lyonbondyblog.fr\/LBB\/wp-content\/uploads\/2014\/10\/logo-portable-144.png\",\"width\":144,\"height\":123,\"caption\":\"LYON BONDY BLOG\"},\"image\":{\"@id\":\"https:\/\/lyonbondyblog.fr\/LBB\/#\/schema\/logo\/image\/\"},\"sameAs\":[\"https:\/\/www.facebook.com\/lyonbondyblog\",\"https:\/\/x.com\/bondybloglyon\"]},{\"@type\":\"Person\",\"@id\":\"https:\/\/lyonbondyblog.fr\/LBB\/#\/schema\/person\/4caab605ebc4ab03235787fe9177fcf3\",\"name\":\"Romain Pastorino\",\"url\":\"https:\/\/lyonbondyblog.fr\/LBB\/author\/romain-p\/\"}]}<\/script>\n<!-- \/ Yoast SEO plugin. -->","yoast_head_json":{"title":"Sybille Douvillez : \u00ab Si tu ne t\u2019occupes pas de la politique, la politique s\u2019occupera de toi \u00bb - Lyon Bondy Blog","description":"Sybille Douvillez est une jeune lyonnaise de 19 ans, \u00e9tudiante en deuxi\u00e8me ann\u00e9e \u00e0 Sciences Po Paris. Elle est \u00e9galement engag\u00e9e politiquement, candidates aux \u00e9lections europ\u00e9ennes sur la liste Place Publique-Parti Socialiste, men\u00e9e par Rapha\u00ebl Glucksmann.","robots":{"index":"index","follow":"follow","max-snippet":"max-snippet:-1","max-image-preview":"max-image-preview:large","max-video-preview":"max-video-preview:-1"},"canonical":"https:\/\/lyonbondyblog.fr\/LBB\/sybille-douvillez-si-tu-ne-toccupes-pas-de-la-politique-la-politique-soccupera-de-toi\/","og_locale":"fr_FR","og_type":"article","og_title":"Sybille Douvillez : \u00ab Si tu ne t\u2019occupes pas de la politique, la politique s\u2019occupera de toi \u00bb - Lyon Bondy Blog","og_description":"Sybille Douvillez est une jeune lyonnaise de 19 ans, \u00e9tudiante en deuxi\u00e8me ann\u00e9e \u00e0 Sciences Po Paris. Elle est \u00e9galement engag\u00e9e politiquement, candidates aux \u00e9lections europ\u00e9ennes sur la liste Place Publique-Parti Socialiste, men\u00e9e par Rapha\u00ebl Glucksmann.","og_url":"https:\/\/lyonbondyblog.fr\/LBB\/sybille-douvillez-si-tu-ne-toccupes-pas-de-la-politique-la-politique-soccupera-de-toi\/","og_site_name":"Lyon Bondy Blog","article_publisher":"https:\/\/www.facebook.com\/lyonbondyblog","article_published_time":"2024-03-29T14:44:11+00:00","article_modified_time":"2024-03-30T21:55:19+00:00","og_image":[{"width":1600,"height":1199,"url":"https:\/\/lyonbondyblog.fr\/LBB\/wp-content\/uploads\/2024\/03\/WhatsApp-Image-2024-03-29-at-15.27.02.jpeg","type":"image\/jpeg"}],"author":"Romain Pastorino","twitter_card":"summary_large_image","twitter_creator":"@bondybloglyon","twitter_site":"@bondybloglyon","schema":{"@context":"https:\/\/schema.org","@graph":[{"@type":"Article","@id":"https:\/\/lyonbondyblog.fr\/LBB\/sybille-douvillez-si-tu-ne-toccupes-pas-de-la-politique-la-politique-soccupera-de-toi\/#article","isPartOf":{"@id":"https:\/\/lyonbondyblog.fr\/LBB\/sybille-douvillez-si-tu-ne-toccupes-pas-de-la-politique-la-politique-soccupera-de-toi\/"},"author":{"name":"Romain Pastorino","@id":"https:\/\/lyonbondyblog.fr\/LBB\/#\/schema\/person\/4caab605ebc4ab03235787fe9177fcf3"},"headline":"Sybille Douvillez : \u00ab Si tu ne t\u2019occupes pas de la politique, la politique s\u2019occupera de toi \u00bb","datePublished":"2024-03-29T14:44:11+00:00","dateModified":"2024-03-30T21:55:19+00:00","mainEntityOfPage":{"@id":"https:\/\/lyonbondyblog.fr\/LBB\/sybille-douvillez-si-tu-ne-toccupes-pas-de-la-politique-la-politique-soccupera-de-toi\/"},"wordCount":783,"commentCount":0,"publisher":{"@id":"https:\/\/lyonbondyblog.fr\/LBB\/#organization"},"image":{"@id":"https:\/\/lyonbondyblog.fr\/LBB\/sybille-douvillez-si-tu-ne-toccupes-pas-de-la-politique-la-politique-soccupera-de-toi\/#primaryimage"},"thumbnailUrl":"https:\/\/lyonbondyblog.fr\/LBB\/wp-content\/uploads\/2024\/03\/WhatsApp-Image-2024-03-29-at-15.27.02.jpeg","keywords":["Gauche (politique)","interview","jeunesse","politique"],"articleSection":["Interview","Lyon","Politique"],"inLanguage":"fr-FR","potentialAction":[{"@type":"CommentAction","name":"Comment","target":["https:\/\/lyonbondyblog.fr\/LBB\/sybille-douvillez-si-tu-ne-toccupes-pas-de-la-politique-la-politique-soccupera-de-toi\/#respond"]}]},{"@type":"WebPage","@id":"https:\/\/lyonbondyblog.fr\/LBB\/sybille-douvillez-si-tu-ne-toccupes-pas-de-la-politique-la-politique-soccupera-de-toi\/","url":"https:\/\/lyonbondyblog.fr\/LBB\/sybille-douvillez-si-tu-ne-toccupes-pas-de-la-politique-la-politique-soccupera-de-toi\/","name":"Sybille Douvillez : \u00ab Si tu ne t\u2019occupes pas de la politique, la politique s\u2019occupera de toi \u00bb - Lyon Bondy Blog","isPartOf":{"@id":"https:\/\/lyonbondyblog.fr\/LBB\/#website"},"primaryImageOfPage":{"@id":"https:\/\/lyonbondyblog.fr\/LBB\/sybille-douvillez-si-tu-ne-toccupes-pas-de-la-politique-la-politique-soccupera-de-toi\/#primaryimage"},"image":{"@id":"https:\/\/lyonbondyblog.fr\/LBB\/sybille-douvillez-si-tu-ne-toccupes-pas-de-la-politique-la-politique-soccupera-de-toi\/#primaryimage"},"thumbnailUrl":"https:\/\/lyonbondyblog.fr\/LBB\/wp-content\/uploads\/2024\/03\/WhatsApp-Image-2024-03-29-at-15.27.02.jpeg","datePublished":"2024-03-29T14:44:11+00:00","dateModified":"2024-03-30T21:55:19+00:00","description":"Sybille Douvillez est une jeune lyonnaise de 19 ans, \u00e9tudiante en deuxi\u00e8me ann\u00e9e \u00e0 Sciences Po Paris. Elle est \u00e9galement engag\u00e9e politiquement, candidates aux \u00e9lections europ\u00e9ennes sur la liste Place Publique-Parti Socialiste, men\u00e9e par Rapha\u00ebl Glucksmann.","inLanguage":"fr-FR","potentialAction":[{"@type":"ReadAction","target":["https:\/\/lyonbondyblog.fr\/LBB\/sybille-douvillez-si-tu-ne-toccupes-pas-de-la-politique-la-politique-soccupera-de-toi\/"]}]},{"@type":"ImageObject","inLanguage":"fr-FR","@id":"https:\/\/lyonbondyblog.fr\/LBB\/sybille-douvillez-si-tu-ne-toccupes-pas-de-la-politique-la-politique-soccupera-de-toi\/#primaryimage","url":"https:\/\/lyonbondyblog.fr\/LBB\/wp-content\/uploads\/2024\/03\/WhatsApp-Image-2024-03-29-at-15.27.02.jpeg","contentUrl":"https:\/\/lyonbondyblog.fr\/LBB\/wp-content\/uploads\/2024\/03\/WhatsApp-Image-2024-03-29-at-15.27.02.jpeg","width":1600,"height":1199},{"@type":"WebSite","@id":"https:\/\/lyonbondyblog.fr\/LBB\/#website","url":"https:\/\/lyonbondyblog.fr\/LBB\/","name":"Lyon Bondy Blog","description":"","publisher":{"@id":"https:\/\/lyonbondyblog.fr\/LBB\/#organization"},"potentialAction":[{"@type":"SearchAction","target":{"@type":"EntryPoint","urlTemplate":"https:\/\/lyonbondyblog.fr\/LBB\/?s={search_term_string}"},"query-input":"required name=search_term_string"}],"inLanguage":"fr-FR"},{"@type":"Organization","@id":"https:\/\/lyonbondyblog.fr\/LBB\/#organization","name":"LYON BONDY BLOG","url":"https:\/\/lyonbondyblog.fr\/LBB\/","logo":{"@type":"ImageObject","inLanguage":"fr-FR","@id":"https:\/\/lyonbondyblog.fr\/LBB\/#\/schema\/logo\/image\/","url":"http:\/\/lyonbondyblog.fr\/LBB\/wp-content\/uploads\/2014\/10\/logo-portable-144.png","contentUrl":"http:\/\/lyonbondyblog.fr\/LBB\/wp-content\/uploads\/2014\/10\/logo-portable-144.png","width":144,"height":123,"caption":"LYON BONDY BLOG"},"image":{"@id":"https:\/\/lyonbondyblog.fr\/LBB\/#\/schema\/logo\/image\/"},"sameAs":["https:\/\/www.facebook.com\/lyonbondyblog","https:\/\/x.com\/bondybloglyon"]},{"@type":"Person","@id":"https:\/\/lyonbondyblog.fr\/LBB\/#\/schema\/person\/4caab605ebc4ab03235787fe9177fcf3","name":"Romain Pastorino","url":"https:\/\/lyonbondyblog.fr\/LBB\/author\/romain-p\/"}]}},"_links":{"self":[{"href":"https:\/\/lyonbondyblog.fr\/LBB\/wp-json\/wp\/v2\/posts\/33409","targetHints":{"allow":["GET"]}}],"collection":[{"href":"https:\/\/lyonbondyblog.fr\/LBB\/wp-json\/wp\/v2\/posts"}],"about":[{"href":"https:\/\/lyonbondyblog.fr\/LBB\/wp-json\/wp\/v2\/types\/post"}],"author":[{"embeddable":true,"href":"https:\/\/lyonbondyblog.fr\/LBB\/wp-json\/wp\/v2\/users\/31879"}],"replies":[{"embeddable":true,"href":"https:\/\/lyonbondyblog.fr\/LBB\/wp-json\/wp\/v2\/comments?post=33409"}],"version-history":[{"count":9,"href":"https:\/\/lyonbondyblog.fr\/LBB\/wp-json\/wp\/v2\/posts\/33409\/revisions"}],"predecessor-version":[{"id":33423,"href":"https:\/\/lyonbondyblog.fr\/LBB\/wp-json\/wp\/v2\/posts\/33409\/revisions\/33423"}],"wp:featuredmedia":[{"embeddable":true,"href":"https:\/\/lyonbondyblog.fr\/LBB\/wp-json\/wp\/v2\/media\/33413"}],"wp:attachment":[{"href":"https:\/\/lyonbondyblog.fr\/LBB\/wp-json\/wp\/v2\/media?parent=33409"}],"wp:term":[{"taxonomy":"category","embeddable":true,"href":"https:\/\/lyonbondyblog.fr\/LBB\/wp-json\/wp\/v2\/categories?post=33409"},{"taxonomy":"post_tag","embeddable":true,"href":"https:\/\/lyonbondyblog.fr\/LBB\/wp-json\/wp\/v2\/tags?post=33409"}],"curies":[{"name":"wp","href":"https:\/\/api.w.org\/{rel}","templated":true}]}}