{"id":33326,"date":"2024-03-18T17:37:01","date_gmt":"2024-03-18T16:37:01","guid":{"rendered":"https:\/\/lyonbondyblog.fr\/LBB\/?p=33326"},"modified":"2025-05-20T10:44:46","modified_gmt":"2025-05-20T08:44:46","slug":"st-fons-le-maire-mis-sur-la-touche-par-sa-majorite","status":"publish","type":"post","link":"https:\/\/lyonbondyblog.fr\/LBB\/st-fons-le-maire-mis-sur-la-touche-par-sa-majorite\/","title":{"rendered":"St-Fons: Le maire mis sur la touche par sa majorit\u00e9 !"},"content":{"rendered":"\n<p><em>Ce jeudi 14 mars,&nbsp; le Budget 2024 a \u00e9t\u00e9 retoqu\u00e9 par les \u00e9lus de la majorit\u00e9 en col\u00e8re. Une crise sans pr\u00e9c\u00e9dent s&rsquo;installe \u00e0 la mairie de St-Fons.<\/em><\/p>\n\n\n\n<p>Pour rappel, <a href=\"https:\/\/lyonbondyblog.fr\/LBB\/saint-fons-une-mairie-divisee\/\">une situation d\u00e9l\u00e9t\u00e8re dure depuis plus d&rsquo;un an<\/a>&#8230; Avec en trame de fond, la suspension du Directeur G\u00e9n\u00e9ral des services condamn\u00e9 pour harc\u00e8lement, se pourvoit en cassation ; suspension et plainte pour harc\u00e9lement du chef de la police municipale ; plusieurs agents municipaux portent plainte \u00e9galement, la prime de pouvoir d&rsquo;achat, pour les agents municipaux non vot\u00e9e au dernier conseil, utilis\u00e9e pour culpabiliser les \u00e9lus &#8230; Saint-Fons est d\u00e9sunie !<\/p>\n\n\n\n<p>Certains se plaisent \u00e0 penser que le spectre du Parti Socialiste hanterait la mairie. Des jeux de pouvoir qui mettent \u00e0 mal des villes o\u00f9 les besoins en&nbsp; vitalit\u00e9 sont r\u00e9currents.<\/p>\n\n\n\n<p><strong>Les copains d&rsquo;abord<\/strong><\/p>\n\n\n\n<p>Effectivement, apr\u00e8s l&rsquo;\u00e9lection municipale \u00e0 Bron en 2020 et la d\u00e9faite de l&rsquo;ancien maire PS, un rapatriement de l&rsquo;\u00e9quipe administrative arrive en force \u00e0 St-Fons. Le responsable communication Ledion.Lakuriqi, la nouvelle \u00e9quipe de police municipale se met en place apr\u00e8s d&rsquo;\u00e2pres rebondissements, plusieurs agents municipaux \u00e9galement se voient recrut\u00e9s en masse ; le directeur de cabinet Julien Fragnon et biens d&rsquo;autres direct(eurs(rices) arrivent tous azimuts pour le grand remplacement des cat\u00e9gories A et des agents municipaux au service de la ville depuis de nombreuses ann\u00e9es &#8230;.<\/p>\n\n\n\n<p><strong>La majorit\u00e9 en perte de confiance<\/strong><\/p>\n\n\n\n<p>Apr\u00e8s le rejet du budget primitif 2024, par son \u00e9quipe majoritaire, le maire de St-Fons se retrouve tr\u00e8s affaibli et isol\u00e9. Toujours soutenu par les \u00e9lus verts m\u00e9tropolitains et par les \u00e9l\u00e9phants du PS lyonnais, Christian Duch\u00eane humili\u00e9 va devoir trouver un nouveau souffle, des alliances coh\u00e9rentes, pour redynamiser et assurer la fin de son mandat sans autre incidence.<\/p>\n\n\n\n<p>Grand m\u00e9nage de printemps, huit \u00e9lus de la majorit\u00e9, dont la premi\u00e8re adjointe, se voient retirer leurs d\u00e9l\u00e9gations et se retrouvent de facto dans l&rsquo;opposition.<\/p>\n\n\n\n<p>Le budget est tr\u00e8s important pour une commune comme Saint-Fons, banlieue d\u00e9favoris\u00e9e de l&rsquo;est lyonnais, avec un niveau de pauvret\u00e9 de 33% en 2021 d&rsquo;apr\u00e8s l&rsquo;INSEE. La majorit\u00e9 en place essuie une d\u00e9convenue cuisante qui n&rsquo;\u00e9tait&nbsp; pas&nbsp;au programme pour ce d\u00e9but d&rsquo;ann\u00e9e 2024.<\/p>\n\n\n\n<p><strong>Le vote de la derni\u00e8re chance<\/strong><\/p>\n\n\n\n<p>Rendez-vous ce jeudi 28 mars pour le vote du nouveau budget qui esp\u00e9rons pour la ville de Saint-Fons aura pu \u00eatre pr\u00e9par\u00e9 d\u00e9mocratiquement, cette fois-ci, avec apaisement et accord des \u00e9lus de la majorit\u00e9.<\/p>\n\n\n\n<p>Comme disait Edouard Herriot ancien maire de Lyon:&nbsp;<em>\u00a0\u00bb La politique c&rsquo;est comme l&rsquo;andouillette, \u00e7a doit sentir la merde mais pas trop\u00a0\u00bb&#8230;..<\/em><\/p>\n\n\n\n<p><\/p>\n<!-- AddThis Advanced Settings generic via filter on the_content --><!-- AddThis Share Buttons generic via filter on the_content -->","protected":false},"excerpt":{"rendered":"<p>Ce jeudi 14 mars,&nbsp; le Budget 2024 a \u00e9t\u00e9 retoqu\u00e9 par les \u00e9lus de la majorit\u00e9 en col\u00e8re. Une crise sans pr\u00e9c\u00e9dent s&rsquo;installe \u00e0 la &hellip; <!-- AddThis Advanced Settings generic via filter on wp_trim_excerpt --><!-- AddThis Share Buttons generic via filter on wp_trim_excerpt --><\/p>\n","protected":false},"author":33,"featured_media":33327,"comment_status":"open","ping_status":"open","sticky":true,"template":"","format":"standard","meta":{"_FSMCFIC_featured_image_caption":"","_FSMCFIC_featured_image_nocaption":"","_FSMCFIC_featured_image_hide":"","footnotes":""},"categories":[1084,6],"tags":[],"class_list":["post-33326","post","type-post","status-publish","format-standard","has-post-thumbnail","hentry","category-dessin-de-presse","category-politique"],"yoast_head":"<!-- This site is optimized with the Yoast SEO plugin v22.8 - https:\/\/yoast.com\/wordpress\/plugins\/seo\/ -->\n<title>St-Fons: Le maire mis sur la touche par sa majorit\u00e9 ! - Lyon Bondy Blog<\/title>\n<meta name=\"description\" content=\"Ce jeudi 14 mars, le Budget 2024 a \u00e9t\u00e9 retoqu\u00e9 par les \u00e9lus de la majorit\u00e9 en col\u00e8re. Une crise sans pr\u00e9c\u00e9dent s&#039;installe \u00e0 la mairie de St-Fons.\" \/>\n<meta name=\"robots\" content=\"index, follow, max-snippet:-1, max-image-preview:large, max-video-preview:-1\" \/>\n<link rel=\"canonical\" href=\"https:\/\/lyonbondyblog.fr\/LBB\/st-fons-le-maire-mis-sur-la-touche-par-sa-majorite\/\" \/>\n<meta property=\"og:locale\" content=\"fr_FR\" \/>\n<meta property=\"og:type\" content=\"article\" \/>\n<meta property=\"og:title\" content=\"St-Fons: Le maire mis sur la touche par sa majorit\u00e9 ! - Lyon Bondy Blog\" \/>\n<meta property=\"og:description\" content=\"Ce jeudi 14 mars, le Budget 2024 a \u00e9t\u00e9 retoqu\u00e9 par les \u00e9lus de la majorit\u00e9 en col\u00e8re. Une crise sans pr\u00e9c\u00e9dent s&#039;installe \u00e0 la mairie de St-Fons.\" \/>\n<meta property=\"og:url\" content=\"https:\/\/lyonbondyblog.fr\/LBB\/st-fons-le-maire-mis-sur-la-touche-par-sa-majorite\/\" \/>\n<meta property=\"og:site_name\" content=\"Lyon Bondy Blog\" \/>\n<meta property=\"article:publisher\" content=\"https:\/\/www.facebook.com\/lyonbondyblog\" \/>\n<meta property=\"article:published_time\" content=\"2024-03-18T16:37:01+00:00\" \/>\n<meta property=\"article:modified_time\" content=\"2025-05-20T08:44:46+00:00\" \/>\n<meta property=\"og:image\" content=\"https:\/\/lyonbondyblog.fr\/LBB\/wp-content\/uploads\/2024\/03\/86531DC0-4742-4357-9CE3-407F2F277CCE.jpeg\" \/>\n\t<meta property=\"og:image:width\" content=\"934\" \/>\n\t<meta property=\"og:image:height\" content=\"1026\" \/>\n\t<meta property=\"og:image:type\" content=\"image\/jpeg\" \/>\n<meta name=\"author\" content=\"Etienne Aazzab\" \/>\n<meta name=\"twitter:card\" content=\"summary_large_image\" \/>\n<meta name=\"twitter:creator\" content=\"@AazzabEtienne\" \/>\n<meta name=\"twitter:site\" content=\"@bondybloglyon\" \/>\n<script type=\"application\/ld+json\" class=\"yoast-schema-graph\">{\"@context\":\"https:\/\/schema.org\",\"@graph\":[{\"@type\":\"Article\",\"@id\":\"https:\/\/lyonbondyblog.fr\/LBB\/st-fons-le-maire-mis-sur-la-touche-par-sa-majorite\/#article\",\"isPartOf\":{\"@id\":\"https:\/\/lyonbondyblog.fr\/LBB\/st-fons-le-maire-mis-sur-la-touche-par-sa-majorite\/\"},\"author\":{\"name\":\"Etienne Aazzab\",\"@id\":\"https:\/\/lyonbondyblog.fr\/LBB\/#\/schema\/person\/5e9904261c1f613c8e6ea22045b1353d\"},\"headline\":\"St-Fons: Le maire mis sur la touche par sa majorit\u00e9 !\",\"datePublished\":\"2024-03-18T16:37:01+00:00\",\"dateModified\":\"2025-05-20T08:44:46+00:00\",\"mainEntityOfPage\":{\"@id\":\"https:\/\/lyonbondyblog.fr\/LBB\/st-fons-le-maire-mis-sur-la-touche-par-sa-majorite\/\"},\"wordCount\":459,\"commentCount\":1,\"publisher\":{\"@id\":\"https:\/\/lyonbondyblog.fr\/LBB\/#organization\"},\"image\":{\"@id\":\"https:\/\/lyonbondyblog.fr\/LBB\/st-fons-le-maire-mis-sur-la-touche-par-sa-majorite\/#primaryimage\"},\"thumbnailUrl\":\"https:\/\/lyonbondyblog.fr\/LBB\/wp-content\/uploads\/2024\/03\/86531DC0-4742-4357-9CE3-407F2F277CCE.jpeg\",\"articleSection\":[\"Dessin de presse\",\"Politique\"],\"inLanguage\":\"fr-FR\",\"potentialAction\":[{\"@type\":\"CommentAction\",\"name\":\"Comment\",\"target\":[\"https:\/\/lyonbondyblog.fr\/LBB\/st-fons-le-maire-mis-sur-la-touche-par-sa-majorite\/#respond\"]}]},{\"@type\":\"WebPage\",\"@id\":\"https:\/\/lyonbondyblog.fr\/LBB\/st-fons-le-maire-mis-sur-la-touche-par-sa-majorite\/\",\"url\":\"https:\/\/lyonbondyblog.fr\/LBB\/st-fons-le-maire-mis-sur-la-touche-par-sa-majorite\/\",\"name\":\"St-Fons: Le maire mis sur la touche par sa majorit\u00e9 ! - Lyon Bondy Blog\",\"isPartOf\":{\"@id\":\"https:\/\/lyonbondyblog.fr\/LBB\/#website\"},\"primaryImageOfPage\":{\"@id\":\"https:\/\/lyonbondyblog.fr\/LBB\/st-fons-le-maire-mis-sur-la-touche-par-sa-majorite\/#primaryimage\"},\"image\":{\"@id\":\"https:\/\/lyonbondyblog.fr\/LBB\/st-fons-le-maire-mis-sur-la-touche-par-sa-majorite\/#primaryimage\"},\"thumbnailUrl\":\"https:\/\/lyonbondyblog.fr\/LBB\/wp-content\/uploads\/2024\/03\/86531DC0-4742-4357-9CE3-407F2F277CCE.jpeg\",\"datePublished\":\"2024-03-18T16:37:01+00:00\",\"dateModified\":\"2025-05-20T08:44:46+00:00\",\"description\":\"Ce jeudi 14 mars, le Budget 2024 a \u00e9t\u00e9 retoqu\u00e9 par les \u00e9lus de la majorit\u00e9 en col\u00e8re. Une crise sans pr\u00e9c\u00e9dent s'installe \u00e0 la mairie de St-Fons.\",\"inLanguage\":\"fr-FR\",\"potentialAction\":[{\"@type\":\"ReadAction\",\"target\":[\"https:\/\/lyonbondyblog.fr\/LBB\/st-fons-le-maire-mis-sur-la-touche-par-sa-majorite\/\"]}]},{\"@type\":\"ImageObject\",\"inLanguage\":\"fr-FR\",\"@id\":\"https:\/\/lyonbondyblog.fr\/LBB\/st-fons-le-maire-mis-sur-la-touche-par-sa-majorite\/#primaryimage\",\"url\":\"https:\/\/lyonbondyblog.fr\/LBB\/wp-content\/uploads\/2024\/03\/86531DC0-4742-4357-9CE3-407F2F277CCE.jpeg\",\"contentUrl\":\"https:\/\/lyonbondyblog.fr\/LBB\/wp-content\/uploads\/2024\/03\/86531DC0-4742-4357-9CE3-407F2F277CCE.jpeg\",\"width\":934,\"height\":1026},{\"@type\":\"WebSite\",\"@id\":\"https:\/\/lyonbondyblog.fr\/LBB\/#website\",\"url\":\"https:\/\/lyonbondyblog.fr\/LBB\/\",\"name\":\"Lyon Bondy Blog\",\"description\":\"\",\"publisher\":{\"@id\":\"https:\/\/lyonbondyblog.fr\/LBB\/#organization\"},\"potentialAction\":[{\"@type\":\"SearchAction\",\"target\":{\"@type\":\"EntryPoint\",\"urlTemplate\":\"https:\/\/lyonbondyblog.fr\/LBB\/?s={search_term_string}\"},\"query-input\":\"required name=search_term_string\"}],\"inLanguage\":\"fr-FR\"},{\"@type\":\"Organization\",\"@id\":\"https:\/\/lyonbondyblog.fr\/LBB\/#organization\",\"name\":\"LYON BONDY BLOG\",\"url\":\"https:\/\/lyonbondyblog.fr\/LBB\/\",\"logo\":{\"@type\":\"ImageObject\",\"inLanguage\":\"fr-FR\",\"@id\":\"https:\/\/lyonbondyblog.fr\/LBB\/#\/schema\/logo\/image\/\",\"url\":\"http:\/\/lyonbondyblog.fr\/LBB\/wp-content\/uploads\/2014\/10\/logo-portable-144.png\",\"contentUrl\":\"http:\/\/lyonbondyblog.fr\/LBB\/wp-content\/uploads\/2014\/10\/logo-portable-144.png\",\"width\":144,\"height\":123,\"caption\":\"LYON BONDY BLOG\"},\"image\":{\"@id\":\"https:\/\/lyonbondyblog.fr\/LBB\/#\/schema\/logo\/image\/\"},\"sameAs\":[\"https:\/\/www.facebook.com\/lyonbondyblog\",\"https:\/\/x.com\/bondybloglyon\"]},{\"@type\":\"Person\",\"@id\":\"https:\/\/lyonbondyblog.fr\/LBB\/#\/schema\/person\/5e9904261c1f613c8e6ea22045b1353d\",\"name\":\"Etienne Aazzab\",\"description\":\"Etienne a contribu\u00e9 depuis 2 ans dans le journal satirique FOUTOU\u2019ART. Il a int\u00e9gr\u00e9 l\u2019\u00e9quipe du \u00ab clic 2014 \u00bb : Collectif local d\u2019informations citoyennes \u00e0 partir de novembre 2013. Il rejoint le Lyon Bondy Blog \u00e0 partir de janvier 2014. Twitter : @AazzabEtienne Ses sujets de pr\u00e9dilection : #Politique #Soci\u00e9t\u00e9 #Sport\",\"sameAs\":[\"https:\/\/x.com\/AazzabEtienne\"],\"url\":\"https:\/\/lyonbondyblog.fr\/LBB\/author\/etienne\/\"}]}<\/script>\n<!-- \/ Yoast SEO plugin. -->","yoast_head_json":{"title":"St-Fons: Le maire mis sur la touche par sa majorit\u00e9 ! - Lyon Bondy Blog","description":"Ce jeudi 14 mars, le Budget 2024 a \u00e9t\u00e9 retoqu\u00e9 par les \u00e9lus de la majorit\u00e9 en col\u00e8re. Une crise sans pr\u00e9c\u00e9dent s'installe \u00e0 la mairie de St-Fons.","robots":{"index":"index","follow":"follow","max-snippet":"max-snippet:-1","max-image-preview":"max-image-preview:large","max-video-preview":"max-video-preview:-1"},"canonical":"https:\/\/lyonbondyblog.fr\/LBB\/st-fons-le-maire-mis-sur-la-touche-par-sa-majorite\/","og_locale":"fr_FR","og_type":"article","og_title":"St-Fons: Le maire mis sur la touche par sa majorit\u00e9 ! - Lyon Bondy Blog","og_description":"Ce jeudi 14 mars, le Budget 2024 a \u00e9t\u00e9 retoqu\u00e9 par les \u00e9lus de la majorit\u00e9 en col\u00e8re. Une crise sans pr\u00e9c\u00e9dent s'installe \u00e0 la mairie de St-Fons.","og_url":"https:\/\/lyonbondyblog.fr\/LBB\/st-fons-le-maire-mis-sur-la-touche-par-sa-majorite\/","og_site_name":"Lyon Bondy Blog","article_publisher":"https:\/\/www.facebook.com\/lyonbondyblog","article_published_time":"2024-03-18T16:37:01+00:00","article_modified_time":"2025-05-20T08:44:46+00:00","og_image":[{"width":934,"height":1026,"url":"https:\/\/lyonbondyblog.fr\/LBB\/wp-content\/uploads\/2024\/03\/86531DC0-4742-4357-9CE3-407F2F277CCE.jpeg","type":"image\/jpeg"}],"author":"Etienne Aazzab","twitter_card":"summary_large_image","twitter_creator":"@AazzabEtienne","twitter_site":"@bondybloglyon","schema":{"@context":"https:\/\/schema.org","@graph":[{"@type":"Article","@id":"https:\/\/lyonbondyblog.fr\/LBB\/st-fons-le-maire-mis-sur-la-touche-par-sa-majorite\/#article","isPartOf":{"@id":"https:\/\/lyonbondyblog.fr\/LBB\/st-fons-le-maire-mis-sur-la-touche-par-sa-majorite\/"},"author":{"name":"Etienne Aazzab","@id":"https:\/\/lyonbondyblog.fr\/LBB\/#\/schema\/person\/5e9904261c1f613c8e6ea22045b1353d"},"headline":"St-Fons: Le maire mis sur la touche par sa majorit\u00e9 !","datePublished":"2024-03-18T16:37:01+00:00","dateModified":"2025-05-20T08:44:46+00:00","mainEntityOfPage":{"@id":"https:\/\/lyonbondyblog.fr\/LBB\/st-fons-le-maire-mis-sur-la-touche-par-sa-majorite\/"},"wordCount":459,"commentCount":1,"publisher":{"@id":"https:\/\/lyonbondyblog.fr\/LBB\/#organization"},"image":{"@id":"https:\/\/lyonbondyblog.fr\/LBB\/st-fons-le-maire-mis-sur-la-touche-par-sa-majorite\/#primaryimage"},"thumbnailUrl":"https:\/\/lyonbondyblog.fr\/LBB\/wp-content\/uploads\/2024\/03\/86531DC0-4742-4357-9CE3-407F2F277CCE.jpeg","articleSection":["Dessin de presse","Politique"],"inLanguage":"fr-FR","potentialAction":[{"@type":"CommentAction","name":"Comment","target":["https:\/\/lyonbondyblog.fr\/LBB\/st-fons-le-maire-mis-sur-la-touche-par-sa-majorite\/#respond"]}]},{"@type":"WebPage","@id":"https:\/\/lyonbondyblog.fr\/LBB\/st-fons-le-maire-mis-sur-la-touche-par-sa-majorite\/","url":"https:\/\/lyonbondyblog.fr\/LBB\/st-fons-le-maire-mis-sur-la-touche-par-sa-majorite\/","name":"St-Fons: Le maire mis sur la touche par sa majorit\u00e9 ! - Lyon Bondy Blog","isPartOf":{"@id":"https:\/\/lyonbondyblog.fr\/LBB\/#website"},"primaryImageOfPage":{"@id":"https:\/\/lyonbondyblog.fr\/LBB\/st-fons-le-maire-mis-sur-la-touche-par-sa-majorite\/#primaryimage"},"image":{"@id":"https:\/\/lyonbondyblog.fr\/LBB\/st-fons-le-maire-mis-sur-la-touche-par-sa-majorite\/#primaryimage"},"thumbnailUrl":"https:\/\/lyonbondyblog.fr\/LBB\/wp-content\/uploads\/2024\/03\/86531DC0-4742-4357-9CE3-407F2F277CCE.jpeg","datePublished":"2024-03-18T16:37:01+00:00","dateModified":"2025-05-20T08:44:46+00:00","description":"Ce jeudi 14 mars, le Budget 2024 a \u00e9t\u00e9 retoqu\u00e9 par les \u00e9lus de la majorit\u00e9 en col\u00e8re. Une crise sans pr\u00e9c\u00e9dent s'installe \u00e0 la mairie de St-Fons.","inLanguage":"fr-FR","potentialAction":[{"@type":"ReadAction","target":["https:\/\/lyonbondyblog.fr\/LBB\/st-fons-le-maire-mis-sur-la-touche-par-sa-majorite\/"]}]},{"@type":"ImageObject","inLanguage":"fr-FR","@id":"https:\/\/lyonbondyblog.fr\/LBB\/st-fons-le-maire-mis-sur-la-touche-par-sa-majorite\/#primaryimage","url":"https:\/\/lyonbondyblog.fr\/LBB\/wp-content\/uploads\/2024\/03\/86531DC0-4742-4357-9CE3-407F2F277CCE.jpeg","contentUrl":"https:\/\/lyonbondyblog.fr\/LBB\/wp-content\/uploads\/2024\/03\/86531DC0-4742-4357-9CE3-407F2F277CCE.jpeg","width":934,"height":1026},{"@type":"WebSite","@id":"https:\/\/lyonbondyblog.fr\/LBB\/#website","url":"https:\/\/lyonbondyblog.fr\/LBB\/","name":"Lyon Bondy Blog","description":"","publisher":{"@id":"https:\/\/lyonbondyblog.fr\/LBB\/#organization"},"potentialAction":[{"@type":"SearchAction","target":{"@type":"EntryPoint","urlTemplate":"https:\/\/lyonbondyblog.fr\/LBB\/?s={search_term_string}"},"query-input":"required name=search_term_string"}],"inLanguage":"fr-FR"},{"@type":"Organization","@id":"https:\/\/lyonbondyblog.fr\/LBB\/#organization","name":"LYON BONDY BLOG","url":"https:\/\/lyonbondyblog.fr\/LBB\/","logo":{"@type":"ImageObject","inLanguage":"fr-FR","@id":"https:\/\/lyonbondyblog.fr\/LBB\/#\/schema\/logo\/image\/","url":"http:\/\/lyonbondyblog.fr\/LBB\/wp-content\/uploads\/2014\/10\/logo-portable-144.png","contentUrl":"http:\/\/lyonbondyblog.fr\/LBB\/wp-content\/uploads\/2014\/10\/logo-portable-144.png","width":144,"height":123,"caption":"LYON BONDY BLOG"},"image":{"@id":"https:\/\/lyonbondyblog.fr\/LBB\/#\/schema\/logo\/image\/"},"sameAs":["https:\/\/www.facebook.com\/lyonbondyblog","https:\/\/x.com\/bondybloglyon"]},{"@type":"Person","@id":"https:\/\/lyonbondyblog.fr\/LBB\/#\/schema\/person\/5e9904261c1f613c8e6ea22045b1353d","name":"Etienne Aazzab","description":"Etienne a contribu\u00e9 depuis 2 ans dans le journal satirique FOUTOU\u2019ART. Il a int\u00e9gr\u00e9 l\u2019\u00e9quipe du \u00ab clic 2014 \u00bb : Collectif local d\u2019informations citoyennes \u00e0 partir de novembre 2013. Il rejoint le Lyon Bondy Blog \u00e0 partir de janvier 2014. Twitter : @AazzabEtienne Ses sujets de pr\u00e9dilection : #Politique #Soci\u00e9t\u00e9 #Sport","sameAs":["https:\/\/x.com\/AazzabEtienne"],"url":"https:\/\/lyonbondyblog.fr\/LBB\/author\/etienne\/"}]}},"_links":{"self":[{"href":"https:\/\/lyonbondyblog.fr\/LBB\/wp-json\/wp\/v2\/posts\/33326","targetHints":{"allow":["GET"]}}],"collection":[{"href":"https:\/\/lyonbondyblog.fr\/LBB\/wp-json\/wp\/v2\/posts"}],"about":[{"href":"https:\/\/lyonbondyblog.fr\/LBB\/wp-json\/wp\/v2\/types\/post"}],"author":[{"embeddable":true,"href":"https:\/\/lyonbondyblog.fr\/LBB\/wp-json\/wp\/v2\/users\/33"}],"replies":[{"embeddable":true,"href":"https:\/\/lyonbondyblog.fr\/LBB\/wp-json\/wp\/v2\/comments?post=33326"}],"version-history":[{"count":2,"href":"https:\/\/lyonbondyblog.fr\/LBB\/wp-json\/wp\/v2\/posts\/33326\/revisions"}],"predecessor-version":[{"id":33336,"href":"https:\/\/lyonbondyblog.fr\/LBB\/wp-json\/wp\/v2\/posts\/33326\/revisions\/33336"}],"wp:featuredmedia":[{"embeddable":true,"href":"https:\/\/lyonbondyblog.fr\/LBB\/wp-json\/wp\/v2\/media\/33327"}],"wp:attachment":[{"href":"https:\/\/lyonbondyblog.fr\/LBB\/wp-json\/wp\/v2\/media?parent=33326"}],"wp:term":[{"taxonomy":"category","embeddable":true,"href":"https:\/\/lyonbondyblog.fr\/LBB\/wp-json\/wp\/v2\/categories?post=33326"},{"taxonomy":"post_tag","embeddable":true,"href":"https:\/\/lyonbondyblog.fr\/LBB\/wp-json\/wp\/v2\/tags?post=33326"}],"curies":[{"name":"wp","href":"https:\/\/api.w.org\/{rel}","templated":true}]}}