{"id":33305,"date":"2024-03-14T16:30:00","date_gmt":"2024-03-14T15:30:00","guid":{"rendered":"https:\/\/lyonbondyblog.fr\/LBB\/?p=33305"},"modified":"2025-05-20T13:07:20","modified_gmt":"2025-05-20T11:07:20","slug":"chronique-judiciaire-il-me-ruine-la-vie","status":"publish","type":"post","link":"https:\/\/lyonbondyblog.fr\/LBB\/chronique-judiciaire-il-me-ruine-la-vie\/","title":{"rendered":"Chronique judiciaire : \u00ab Il me ruine la vie \u00bb"},"content":{"rendered":"\n<h4 class=\"wp-block-heading\">Le mercredi 13 mars, au tribunal judiciaire de Lyon, un homme d\u2019une trentaine d&rsquo;ann\u00e9es a comparu devant la justice. Il est accus\u00e9 d\u2019avoir inflig\u00e9 des coups et blessures envers son ex-femme et son fils le 10 mars.<\/h4>\n\n\n\n<p>Monsieur C. est all\u00e9 chez sa femme pour \u00ab <em>r\u00e9cup\u00e9rer son argent<\/em> \u00bb. La situation a d\u00e9g\u00e9n\u00e9r\u00e9e et s\u2019est termin\u00e9e en sc\u00e8ne de violence entre Monsieur C., sa femme et leur fils de douze ans. L\u2019homme au casier judiciaire vierge aurait d\u00e9j\u00e0 commis des violences envers son ex-femme. Un traducteur \u00e9tait pr\u00e9sent dans la salle pour l\u2019accus\u00e9, car l\u2019homme ne parle pas fran\u00e7ais.<\/p>\n\n\n\n<h4 class=\"wp-block-heading\">L\u2019historique de l\u2019affaire<\/h4>\n\n\n\n<p>Monsieur C. et son ex-femme se sont mari\u00e9s en 2017 en Alg\u00e9rie, et ont divorc\u00e9 le 14 septembre 2022, dans le m\u00eame pays. Selon l\u2019accus\u00e9, sa femme lui aurait emprunt\u00e9 une grande somme d\u2019argent qu\u2019elle lui avait promis de rembourser.<\/p>\n\n\n\n<p>L\u2019homme s\u2019est ensuite montr\u00e9 violent lors de sa visite chez son ex-femme et lui a port\u00e9 plusieurs coups au visage et au ventre \u00e0 l\u2019ext\u00e9rieur de son domicile. Leur fils de douze ans s\u2019est interpos\u00e9 pour d\u00e9fendre sa m\u00e8re et Monsieur C. lui a assen\u00e9 un violent coup au visage, puis l\u2019a frapp\u00e9 avec un parapluie. Ces faits ont pu \u00eatre confirm\u00e9s par deux t\u00e9moins qui ont assist\u00e9 de loin \u00e0 cette sc\u00e8ne.<\/p>\n\n\n\n<h4 class=\"wp-block-heading\">Le point de vue de la victime<\/h4>\n\n\n\n<p>Selon la victime, Monsieur C, l\u2019aurait d\u00e9j\u00e0 \u00ab <em>bless\u00e9e au niveau du nez et de l\u2019avant-bras gauche. Depuis notre divorce, il me ruine la vie<\/em> \u00bb. Il est aussi important de noter que la victime a refait sa vie avec un autre homme depuis le divorce avec l\u2019accus\u00e9. Mais il n\u2019\u00e9tait pas l\u00e0 au moment des faits. De plus, le fait que Monsieur C. s\u2019en soit pris \u00e0 son fils constitue une circonstance aggravante, \u00e0 savoir \u00ab coups et blessures sur un mineur de moins de quinze ans \u00bb.<em>&nbsp;<\/em><\/p>\n\n\n\n<p>Suite \u00e0 la d\u00e9lib\u00e9ration de la pr\u00e9sidente, des juges et de la procureure, le verdict est tomb\u00e9. Jusqu\u2019au 16 mai, Monsieur C. sera plac\u00e9 sous contr\u00f4le judiciaire avec pour obligation de faire des pointages hebdomadaires au commissariat de Lyon 7. Une injonction d\u2019\u00e9loignement a \u00e9galement \u00e9t\u00e9 mise en place, l\u2019homme n\u2019a donc pas le droit d\u2019entrer en contact avec son ex-femme ou son fils. Avant le verdict, la procureure avait demand\u00e9 le maintien en d\u00e9tention provisoire de l\u2019accus\u00e9.<\/p>\n\n\n\n<p>Julien Ch\u00e2tre-Dias<\/p>\n<!-- AddThis Advanced Settings generic via filter on the_content --><!-- AddThis Share Buttons generic via filter on the_content -->","protected":false},"excerpt":{"rendered":"<p>Le mercredi 13 mars, au tribunal judiciaire de Lyon, un homme d\u2019une trentaine d&rsquo;ann\u00e9es a comparu devant la justice. Il est accus\u00e9 d\u2019avoir inflig\u00e9 des &hellip; <!-- AddThis Advanced Settings generic via filter on wp_trim_excerpt --><!-- AddThis Share Buttons generic via filter on wp_trim_excerpt --><\/p>\n","protected":false},"author":1,"featured_media":33244,"comment_status":"open","ping_status":"open","sticky":true,"template":"","format":"standard","meta":{"_FSMCFIC_featured_image_caption":"","_FSMCFIC_featured_image_nocaption":"","_FSMCFIC_featured_image_hide":"","footnotes":""},"categories":[965,3898,4],"tags":[],"class_list":["post-33305","post","type-post","status-publish","format-standard","has-post-thumbnail","hentry","category-chronique-judiciaire","category-justice","category-lyon"],"yoast_head":"<!-- This site is optimized with the Yoast SEO plugin v22.8 - https:\/\/yoast.com\/wordpress\/plugins\/seo\/ -->\n<title>Chronique judiciaire : \u00ab Il me ruine la vie \u00bb - Lyon Bondy Blog<\/title>\n<meta name=\"description\" content=\"Le mercredi 13 mars, au tribunal judiciaire de Lyon, un homme d\u2019une trentaine d&#039;ann\u00e9es a comparu devant la justice pour violences conjugales.\" \/>\n<meta name=\"robots\" content=\"index, follow, max-snippet:-1, max-image-preview:large, max-video-preview:-1\" \/>\n<link rel=\"canonical\" href=\"https:\/\/lyonbondyblog.fr\/LBB\/chronique-judiciaire-il-me-ruine-la-vie\/\" \/>\n<meta property=\"og:locale\" content=\"fr_FR\" \/>\n<meta property=\"og:type\" content=\"article\" \/>\n<meta property=\"og:title\" content=\"Chronique judiciaire : \u00ab Il me ruine la vie \u00bb - Lyon Bondy Blog\" \/>\n<meta property=\"og:description\" content=\"Le mercredi 13 mars, au tribunal judiciaire de Lyon, un homme d\u2019une trentaine d&#039;ann\u00e9es a comparu devant la justice pour violences conjugales.\" \/>\n<meta property=\"og:url\" content=\"https:\/\/lyonbondyblog.fr\/LBB\/chronique-judiciaire-il-me-ruine-la-vie\/\" \/>\n<meta property=\"og:site_name\" content=\"Lyon Bondy Blog\" \/>\n<meta property=\"article:publisher\" content=\"https:\/\/www.facebook.com\/lyonbondyblog\" \/>\n<meta property=\"article:author\" content=\"https:\/\/www.facebook.com\/lyonbondyblog\" \/>\n<meta property=\"article:published_time\" content=\"2024-03-14T15:30:00+00:00\" \/>\n<meta property=\"article:modified_time\" content=\"2025-05-20T11:07:20+00:00\" \/>\n<meta property=\"og:image\" content=\"https:\/\/lyonbondyblog.fr\/LBB\/wp-content\/uploads\/2024\/03\/chronique-judiciaire.jpg\" \/>\n\t<meta property=\"og:image:width\" content=\"1400\" \/>\n\t<meta property=\"og:image:height\" content=\"800\" \/>\n\t<meta property=\"og:image:type\" content=\"image\/jpeg\" \/>\n<meta name=\"author\" content=\"La r\u00e9daction\" \/>\n<meta name=\"twitter:card\" content=\"summary_large_image\" \/>\n<meta name=\"twitter:creator\" content=\"@BondyBlogLyon\" \/>\n<meta name=\"twitter:site\" content=\"@bondybloglyon\" \/>\n<script type=\"application\/ld+json\" class=\"yoast-schema-graph\">{\"@context\":\"https:\/\/schema.org\",\"@graph\":[{\"@type\":\"Article\",\"@id\":\"https:\/\/lyonbondyblog.fr\/LBB\/chronique-judiciaire-il-me-ruine-la-vie\/#article\",\"isPartOf\":{\"@id\":\"https:\/\/lyonbondyblog.fr\/LBB\/chronique-judiciaire-il-me-ruine-la-vie\/\"},\"author\":{\"name\":\"La r\u00e9daction\",\"@id\":\"https:\/\/lyonbondyblog.fr\/LBB\/#\/schema\/person\/e45f8d27baac75072daa0be50c409b25\"},\"headline\":\"Chronique judiciaire : \u00ab Il me ruine la vie \u00bb\",\"datePublished\":\"2024-03-14T15:30:00+00:00\",\"dateModified\":\"2025-05-20T11:07:20+00:00\",\"mainEntityOfPage\":{\"@id\":\"https:\/\/lyonbondyblog.fr\/LBB\/chronique-judiciaire-il-me-ruine-la-vie\/\"},\"wordCount\":438,\"commentCount\":0,\"publisher\":{\"@id\":\"https:\/\/lyonbondyblog.fr\/LBB\/#organization\"},\"image\":{\"@id\":\"https:\/\/lyonbondyblog.fr\/LBB\/chronique-judiciaire-il-me-ruine-la-vie\/#primaryimage\"},\"thumbnailUrl\":\"https:\/\/lyonbondyblog.fr\/LBB\/wp-content\/uploads\/2024\/03\/chronique-judiciaire.jpg\",\"articleSection\":[\"Chronique judiciaire\",\"Justice\",\"Lyon\"],\"inLanguage\":\"fr-FR\",\"potentialAction\":[{\"@type\":\"CommentAction\",\"name\":\"Comment\",\"target\":[\"https:\/\/lyonbondyblog.fr\/LBB\/chronique-judiciaire-il-me-ruine-la-vie\/#respond\"]}]},{\"@type\":\"WebPage\",\"@id\":\"https:\/\/lyonbondyblog.fr\/LBB\/chronique-judiciaire-il-me-ruine-la-vie\/\",\"url\":\"https:\/\/lyonbondyblog.fr\/LBB\/chronique-judiciaire-il-me-ruine-la-vie\/\",\"name\":\"Chronique judiciaire : \u00ab Il me ruine la vie \u00bb - Lyon Bondy Blog\",\"isPartOf\":{\"@id\":\"https:\/\/lyonbondyblog.fr\/LBB\/#website\"},\"primaryImageOfPage\":{\"@id\":\"https:\/\/lyonbondyblog.fr\/LBB\/chronique-judiciaire-il-me-ruine-la-vie\/#primaryimage\"},\"image\":{\"@id\":\"https:\/\/lyonbondyblog.fr\/LBB\/chronique-judiciaire-il-me-ruine-la-vie\/#primaryimage\"},\"thumbnailUrl\":\"https:\/\/lyonbondyblog.fr\/LBB\/wp-content\/uploads\/2024\/03\/chronique-judiciaire.jpg\",\"datePublished\":\"2024-03-14T15:30:00+00:00\",\"dateModified\":\"2025-05-20T11:07:20+00:00\",\"description\":\"Le mercredi 13 mars, au tribunal judiciaire de Lyon, un homme d\u2019une trentaine d'ann\u00e9es a comparu devant la justice pour violences conjugales.\",\"inLanguage\":\"fr-FR\",\"potentialAction\":[{\"@type\":\"ReadAction\",\"target\":[\"https:\/\/lyonbondyblog.fr\/LBB\/chronique-judiciaire-il-me-ruine-la-vie\/\"]}]},{\"@type\":\"ImageObject\",\"inLanguage\":\"fr-FR\",\"@id\":\"https:\/\/lyonbondyblog.fr\/LBB\/chronique-judiciaire-il-me-ruine-la-vie\/#primaryimage\",\"url\":\"https:\/\/lyonbondyblog.fr\/LBB\/wp-content\/uploads\/2024\/03\/chronique-judiciaire.jpg\",\"contentUrl\":\"https:\/\/lyonbondyblog.fr\/LBB\/wp-content\/uploads\/2024\/03\/chronique-judiciaire.jpg\",\"width\":1400,\"height\":800},{\"@type\":\"WebSite\",\"@id\":\"https:\/\/lyonbondyblog.fr\/LBB\/#website\",\"url\":\"https:\/\/lyonbondyblog.fr\/LBB\/\",\"name\":\"Lyon Bondy Blog\",\"description\":\"\",\"publisher\":{\"@id\":\"https:\/\/lyonbondyblog.fr\/LBB\/#organization\"},\"potentialAction\":[{\"@type\":\"SearchAction\",\"target\":{\"@type\":\"EntryPoint\",\"urlTemplate\":\"https:\/\/lyonbondyblog.fr\/LBB\/?s={search_term_string}\"},\"query-input\":\"required name=search_term_string\"}],\"inLanguage\":\"fr-FR\"},{\"@type\":\"Organization\",\"@id\":\"https:\/\/lyonbondyblog.fr\/LBB\/#organization\",\"name\":\"LYON BONDY BLOG\",\"url\":\"https:\/\/lyonbondyblog.fr\/LBB\/\",\"logo\":{\"@type\":\"ImageObject\",\"inLanguage\":\"fr-FR\",\"@id\":\"https:\/\/lyonbondyblog.fr\/LBB\/#\/schema\/logo\/image\/\",\"url\":\"http:\/\/lyonbondyblog.fr\/LBB\/wp-content\/uploads\/2014\/10\/logo-portable-144.png\",\"contentUrl\":\"http:\/\/lyonbondyblog.fr\/LBB\/wp-content\/uploads\/2014\/10\/logo-portable-144.png\",\"width\":144,\"height\":123,\"caption\":\"LYON BONDY BLOG\"},\"image\":{\"@id\":\"https:\/\/lyonbondyblog.fr\/LBB\/#\/schema\/logo\/image\/\"},\"sameAs\":[\"https:\/\/www.facebook.com\/lyonbondyblog\",\"https:\/\/x.com\/bondybloglyon\"]},{\"@type\":\"Person\",\"@id\":\"https:\/\/lyonbondyblog.fr\/LBB\/#\/schema\/person\/e45f8d27baac75072daa0be50c409b25\",\"name\":\"La r\u00e9daction\",\"description\":\"Cr\u00e9e en 2008, la r\u00e9daction du Lyon Bondy Blog s'applique \u00e0 proposer une information locale diff\u00e9rente et compl\u00e9mentaire des m\u00e9dias traditionnels.\",\"sameAs\":[\"https:\/\/www.facebook.com\/lyonbondyblog\",\"https:\/\/x.com\/BondyBlogLyon\"],\"url\":\"https:\/\/lyonbondyblog.fr\/LBB\/author\/admin\/\"}]}<\/script>\n<!-- \/ Yoast SEO plugin. -->","yoast_head_json":{"title":"Chronique judiciaire : \u00ab Il me ruine la vie \u00bb - Lyon Bondy Blog","description":"Le mercredi 13 mars, au tribunal judiciaire de Lyon, un homme d\u2019une trentaine d'ann\u00e9es a comparu devant la justice pour violences conjugales.","robots":{"index":"index","follow":"follow","max-snippet":"max-snippet:-1","max-image-preview":"max-image-preview:large","max-video-preview":"max-video-preview:-1"},"canonical":"https:\/\/lyonbondyblog.fr\/LBB\/chronique-judiciaire-il-me-ruine-la-vie\/","og_locale":"fr_FR","og_type":"article","og_title":"Chronique judiciaire : \u00ab Il me ruine la vie \u00bb - Lyon Bondy Blog","og_description":"Le mercredi 13 mars, au tribunal judiciaire de Lyon, un homme d\u2019une trentaine d'ann\u00e9es a comparu devant la justice pour violences conjugales.","og_url":"https:\/\/lyonbondyblog.fr\/LBB\/chronique-judiciaire-il-me-ruine-la-vie\/","og_site_name":"Lyon Bondy Blog","article_publisher":"https:\/\/www.facebook.com\/lyonbondyblog","article_author":"https:\/\/www.facebook.com\/lyonbondyblog","article_published_time":"2024-03-14T15:30:00+00:00","article_modified_time":"2025-05-20T11:07:20+00:00","og_image":[{"width":1400,"height":800,"url":"https:\/\/lyonbondyblog.fr\/LBB\/wp-content\/uploads\/2024\/03\/chronique-judiciaire.jpg","type":"image\/jpeg"}],"author":"La r\u00e9daction","twitter_card":"summary_large_image","twitter_creator":"@BondyBlogLyon","twitter_site":"@bondybloglyon","schema":{"@context":"https:\/\/schema.org","@graph":[{"@type":"Article","@id":"https:\/\/lyonbondyblog.fr\/LBB\/chronique-judiciaire-il-me-ruine-la-vie\/#article","isPartOf":{"@id":"https:\/\/lyonbondyblog.fr\/LBB\/chronique-judiciaire-il-me-ruine-la-vie\/"},"author":{"name":"La r\u00e9daction","@id":"https:\/\/lyonbondyblog.fr\/LBB\/#\/schema\/person\/e45f8d27baac75072daa0be50c409b25"},"headline":"Chronique judiciaire : \u00ab Il me ruine la vie \u00bb","datePublished":"2024-03-14T15:30:00+00:00","dateModified":"2025-05-20T11:07:20+00:00","mainEntityOfPage":{"@id":"https:\/\/lyonbondyblog.fr\/LBB\/chronique-judiciaire-il-me-ruine-la-vie\/"},"wordCount":438,"commentCount":0,"publisher":{"@id":"https:\/\/lyonbondyblog.fr\/LBB\/#organization"},"image":{"@id":"https:\/\/lyonbondyblog.fr\/LBB\/chronique-judiciaire-il-me-ruine-la-vie\/#primaryimage"},"thumbnailUrl":"https:\/\/lyonbondyblog.fr\/LBB\/wp-content\/uploads\/2024\/03\/chronique-judiciaire.jpg","articleSection":["Chronique judiciaire","Justice","Lyon"],"inLanguage":"fr-FR","potentialAction":[{"@type":"CommentAction","name":"Comment","target":["https:\/\/lyonbondyblog.fr\/LBB\/chronique-judiciaire-il-me-ruine-la-vie\/#respond"]}]},{"@type":"WebPage","@id":"https:\/\/lyonbondyblog.fr\/LBB\/chronique-judiciaire-il-me-ruine-la-vie\/","url":"https:\/\/lyonbondyblog.fr\/LBB\/chronique-judiciaire-il-me-ruine-la-vie\/","name":"Chronique judiciaire : \u00ab Il me ruine la vie \u00bb - Lyon Bondy Blog","isPartOf":{"@id":"https:\/\/lyonbondyblog.fr\/LBB\/#website"},"primaryImageOfPage":{"@id":"https:\/\/lyonbondyblog.fr\/LBB\/chronique-judiciaire-il-me-ruine-la-vie\/#primaryimage"},"image":{"@id":"https:\/\/lyonbondyblog.fr\/LBB\/chronique-judiciaire-il-me-ruine-la-vie\/#primaryimage"},"thumbnailUrl":"https:\/\/lyonbondyblog.fr\/LBB\/wp-content\/uploads\/2024\/03\/chronique-judiciaire.jpg","datePublished":"2024-03-14T15:30:00+00:00","dateModified":"2025-05-20T11:07:20+00:00","description":"Le mercredi 13 mars, au tribunal judiciaire de Lyon, un homme d\u2019une trentaine d'ann\u00e9es a comparu devant la justice pour violences conjugales.","inLanguage":"fr-FR","potentialAction":[{"@type":"ReadAction","target":["https:\/\/lyonbondyblog.fr\/LBB\/chronique-judiciaire-il-me-ruine-la-vie\/"]}]},{"@type":"ImageObject","inLanguage":"fr-FR","@id":"https:\/\/lyonbondyblog.fr\/LBB\/chronique-judiciaire-il-me-ruine-la-vie\/#primaryimage","url":"https:\/\/lyonbondyblog.fr\/LBB\/wp-content\/uploads\/2024\/03\/chronique-judiciaire.jpg","contentUrl":"https:\/\/lyonbondyblog.fr\/LBB\/wp-content\/uploads\/2024\/03\/chronique-judiciaire.jpg","width":1400,"height":800},{"@type":"WebSite","@id":"https:\/\/lyonbondyblog.fr\/LBB\/#website","url":"https:\/\/lyonbondyblog.fr\/LBB\/","name":"Lyon Bondy Blog","description":"","publisher":{"@id":"https:\/\/lyonbondyblog.fr\/LBB\/#organization"},"potentialAction":[{"@type":"SearchAction","target":{"@type":"EntryPoint","urlTemplate":"https:\/\/lyonbondyblog.fr\/LBB\/?s={search_term_string}"},"query-input":"required name=search_term_string"}],"inLanguage":"fr-FR"},{"@type":"Organization","@id":"https:\/\/lyonbondyblog.fr\/LBB\/#organization","name":"LYON BONDY BLOG","url":"https:\/\/lyonbondyblog.fr\/LBB\/","logo":{"@type":"ImageObject","inLanguage":"fr-FR","@id":"https:\/\/lyonbondyblog.fr\/LBB\/#\/schema\/logo\/image\/","url":"http:\/\/lyonbondyblog.fr\/LBB\/wp-content\/uploads\/2014\/10\/logo-portable-144.png","contentUrl":"http:\/\/lyonbondyblog.fr\/LBB\/wp-content\/uploads\/2014\/10\/logo-portable-144.png","width":144,"height":123,"caption":"LYON BONDY BLOG"},"image":{"@id":"https:\/\/lyonbondyblog.fr\/LBB\/#\/schema\/logo\/image\/"},"sameAs":["https:\/\/www.facebook.com\/lyonbondyblog","https:\/\/x.com\/bondybloglyon"]},{"@type":"Person","@id":"https:\/\/lyonbondyblog.fr\/LBB\/#\/schema\/person\/e45f8d27baac75072daa0be50c409b25","name":"La r\u00e9daction","description":"Cr\u00e9e en 2008, la r\u00e9daction du Lyon Bondy Blog s'applique \u00e0 proposer une information locale diff\u00e9rente et compl\u00e9mentaire des m\u00e9dias traditionnels.","sameAs":["https:\/\/www.facebook.com\/lyonbondyblog","https:\/\/x.com\/BondyBlogLyon"],"url":"https:\/\/lyonbondyblog.fr\/LBB\/author\/admin\/"}]}},"_links":{"self":[{"href":"https:\/\/lyonbondyblog.fr\/LBB\/wp-json\/wp\/v2\/posts\/33305","targetHints":{"allow":["GET"]}}],"collection":[{"href":"https:\/\/lyonbondyblog.fr\/LBB\/wp-json\/wp\/v2\/posts"}],"about":[{"href":"https:\/\/lyonbondyblog.fr\/LBB\/wp-json\/wp\/v2\/types\/post"}],"author":[{"embeddable":true,"href":"https:\/\/lyonbondyblog.fr\/LBB\/wp-json\/wp\/v2\/users\/1"}],"replies":[{"embeddable":true,"href":"https:\/\/lyonbondyblog.fr\/LBB\/wp-json\/wp\/v2\/comments?post=33305"}],"version-history":[{"count":1,"href":"https:\/\/lyonbondyblog.fr\/LBB\/wp-json\/wp\/v2\/posts\/33305\/revisions"}],"predecessor-version":[{"id":33306,"href":"https:\/\/lyonbondyblog.fr\/LBB\/wp-json\/wp\/v2\/posts\/33305\/revisions\/33306"}],"wp:featuredmedia":[{"embeddable":true,"href":"https:\/\/lyonbondyblog.fr\/LBB\/wp-json\/wp\/v2\/media\/33244"}],"wp:attachment":[{"href":"https:\/\/lyonbondyblog.fr\/LBB\/wp-json\/wp\/v2\/media?parent=33305"}],"wp:term":[{"taxonomy":"category","embeddable":true,"href":"https:\/\/lyonbondyblog.fr\/LBB\/wp-json\/wp\/v2\/categories?post=33305"},{"taxonomy":"post_tag","embeddable":true,"href":"https:\/\/lyonbondyblog.fr\/LBB\/wp-json\/wp\/v2\/tags?post=33305"}],"curies":[{"name":"wp","href":"https:\/\/api.w.org\/{rel}","templated":true}]}}