{"id":33301,"date":"2024-03-13T16:56:56","date_gmt":"2024-03-13T15:56:56","guid":{"rendered":"https:\/\/lyonbondyblog.fr\/LBB\/?p=33301"},"modified":"2024-03-13T16:56:59","modified_gmt":"2024-03-13T15:56:59","slug":"le-toboggan-une-glissade-culturelle","status":"publish","type":"post","link":"https:\/\/lyonbondyblog.fr\/LBB\/le-toboggan-une-glissade-culturelle\/","title":{"rendered":"Le Toboggan, une glissade culturelle"},"content":{"rendered":"\n<h4 class=\"wp-block-heading\">Situ\u00e9 \u00e0 deux pas de la mairie de D\u00e9cines, le Toboggan propose une offre pluriculturelle. Regroupant une salle de cin\u00e9ma, d\u2019exposition, de spectacle, de projection, de concert et une m\u00e9diath\u00e8que, cette structure participe \u00e0 la diffusion d\u2019\u00e9v\u00e9nements culturels dans la r\u00e9gion.<\/h4>\n\n\n\n<p><a href=\"https:\/\/letoboggan.com\/\">Le Toboggan<\/a> est ancr\u00e9 dans la r\u00e9gion lyonnaise depuis 1996. La structure est compos\u00e9e d\u2019une salle de spectacle de 664 places, d\u2019un espace sc\u00e9nique parmi les plus grands de l\u2019agglom\u00e9ration permettant d\u2019accueillir tout type de spectacles vivants. C\u2019est aussi un partenaire de nombreuses manifestations et d\u2019\u00e9v\u00e8nements culturels dans la r\u00e9gion, comme les festival Karavel.<\/p>\n\n\n\n<p>Leur programmation est destin\u00e9e \u00e0 un large public. La structure accueille des enfants issus de toutes classes sociales, m\u00eame en p\u00e9riode de vacances scolaires. \u00ab <em>On organise des activit\u00e9s pour sensibiliser les enfants \u00e0 l\u2019importance de la culture <\/em>\u00bb, a d\u00e9clar\u00e9 Marine, employ\u00e9e au Toboggan.<\/p>\n\n\n\n<h4 class=\"wp-block-heading\">Festival de cin\u00e9ma documentaire<\/h4>\n\n\n\n<p>Du 19 au 24 mars, le Toboggan organise un festival de cin\u00e9ma documentaire : <em>Les \u00e9crans du doc<\/em>. Selon Sabrina Sommermeyer, responsable du Cin\u00e9 Toboggan, le but de ce festival est de \u00ab <em>partager avec les spectateurs et les spectatrices, la r\u00e9flexion des cin\u00e9astes sur l\u2019\u00e9volution du monde <\/em>\u00bb. Pour cette 13<sup>\u00e8me<\/sup> \u00e9dition, 14 documentaires ont \u00e9t\u00e9 s\u00e9lectionn\u00e9s pour \u00eatre projet\u00e9s lors du festival. Des documentaires comme <em><a href=\"https:\/\/letoboggan.com\/cinema\/pierre_feuille_pistolet-3631\/\">Pierre Feuille Pistolet<\/a><\/em>, qui traite de la guerre en Ukraine, ou <em><a href=\"https:\/\/letoboggan.com\/cinema\/bye_bye_tib_eacute_riade-3627\/\">Bye Bye Tib\u00e9riade<\/a><\/em>, aborde la situation au Proche-Orient seront pr\u00e9sents ainsi que leur r\u00e9alisateur lors de la projection.<\/p>\n\n\n\n<figure class=\"wp-block-image size-large\"><img loading=\"lazy\" decoding=\"async\" width=\"1920\" height=\"1081\" src=\"https:\/\/lyonbondyblog.fr\/LBB\/wp-content\/uploads\/2024\/03\/20240312_135554-1920x1081.jpg\" alt=\"\" class=\"wp-image-33303\" srcset=\"https:\/\/lyonbondyblog.fr\/LBB\/wp-content\/uploads\/2024\/03\/20240312_135554-1920x1081.jpg 1920w, https:\/\/lyonbondyblog.fr\/LBB\/wp-content\/uploads\/2024\/03\/20240312_135554-1200x676.jpg 1200w, https:\/\/lyonbondyblog.fr\/LBB\/wp-content\/uploads\/2024\/03\/20240312_135554-768x432.jpg 768w, https:\/\/lyonbondyblog.fr\/LBB\/wp-content\/uploads\/2024\/03\/20240312_135554-1536x865.jpg 1536w, https:\/\/lyonbondyblog.fr\/LBB\/wp-content\/uploads\/2024\/03\/20240312_135554-2048x1153.jpg 2048w\" sizes=\"auto, (max-width: 1920px) 100vw, 1920px\" \/><\/figure>\n\n\n\n<h4 class=\"wp-block-heading\">Les prochains rendez-vous<\/h4>\n\n\n\n<ul class=\"wp-block-list\">\n<li>Dimanche 17 mars, \u00e0 17h : Cirque, <em>The Black Blues Brothers.<\/em> De 16 \u20ac \u00e0 32 \u20ac.<\/li>\n\n\n\n<li>Samedi 23 mars, \u00e0 20h : Humour, Marianne James. De 25 \u20ac \u00e0 36 \u20ac.<\/li>\n\n\n\n<li>Samedi 6 avril, \u00e0 20h30 : Humour, Anne Roumanoff. De 29,50 \u20ac \u00e0 42 \u20ac.<\/li>\n\n\n\n<li>Samedi 18 mai, \u00e0 20h30 : Th\u00e9\u00e2tre, \u00c9douard Baer. De 31,50 \u20ac \u00e0 45 \u20ac.<\/li>\n\n\n\n<li>Vendredi 31 mai, \u00e0 20h30 : Concert, Quatuor Debussy. De 17,50 \u00e0 35 \u20ac.<\/li>\n<\/ul>\n\n\n\n<p>Julien Ch\u00e2tre-Dias<\/p>\n<!-- AddThis Advanced Settings generic via filter on the_content --><!-- AddThis Share Buttons generic via filter on the_content -->","protected":false},"excerpt":{"rendered":"<p>Situ\u00e9 \u00e0 deux pas de la mairie de D\u00e9cines, le Toboggan propose une offre pluriculturelle. Regroupant une salle de cin\u00e9ma, d\u2019exposition, de spectacle, de projection, &hellip; <!-- AddThis Advanced Settings generic via filter on wp_trim_excerpt --><!-- AddThis Share Buttons generic via filter on wp_trim_excerpt --><\/p>\n","protected":false},"author":1,"featured_media":33302,"comment_status":"open","ping_status":"open","sticky":true,"template":"","format":"standard","meta":{"_FSMCFIC_featured_image_caption":"","_FSMCFIC_featured_image_nocaption":"","_FSMCFIC_featured_image_hide":"","footnotes":""},"categories":[3,23392,3792,6949],"tags":[1952,28363,28362],"class_list":["post-33301","post","type-post","status-publish","format-standard","has-post-thumbnail","hentry","category-culture","category-decines","category-festival","category-film","tag-culture","tag-festival-documentaire","tag-le-toboggan"],"yoast_head":"<!-- This site is optimized with the Yoast SEO plugin v22.8 - https:\/\/yoast.com\/wordpress\/plugins\/seo\/ -->\n<title>Le Toboggan, une glissade culturelle Lyon Bondy Blog<\/title>\n<meta name=\"description\" content=\"Situ\u00e9 au c\u0153ur de D\u00e9cines, le Toboggan propose une offre pluriculturelle, regroupant une salle de cin\u00e9ma, d\u2019exposition, de spectacle, ...\" \/>\n<meta name=\"robots\" content=\"index, follow, max-snippet:-1, max-image-preview:large, max-video-preview:-1\" \/>\n<link rel=\"canonical\" href=\"https:\/\/lyonbondyblog.fr\/LBB\/le-toboggan-une-glissade-culturelle\/\" \/>\n<meta property=\"og:locale\" content=\"fr_FR\" \/>\n<meta property=\"og:type\" content=\"article\" \/>\n<meta property=\"og:title\" content=\"Le Toboggan, une glissade culturelle Lyon Bondy Blog\" \/>\n<meta property=\"og:description\" content=\"Situ\u00e9 au c\u0153ur de D\u00e9cines, le Toboggan propose une offre pluriculturelle, regroupant une salle de cin\u00e9ma, d\u2019exposition, de spectacle, ...\" \/>\n<meta property=\"og:url\" content=\"https:\/\/lyonbondyblog.fr\/LBB\/le-toboggan-une-glissade-culturelle\/\" \/>\n<meta property=\"og:site_name\" content=\"Lyon Bondy Blog\" \/>\n<meta property=\"article:publisher\" content=\"https:\/\/www.facebook.com\/lyonbondyblog\" \/>\n<meta property=\"article:author\" content=\"https:\/\/www.facebook.com\/lyonbondyblog\" \/>\n<meta property=\"article:published_time\" content=\"2024-03-13T15:56:56+00:00\" \/>\n<meta property=\"article:modified_time\" content=\"2024-03-13T15:56:59+00:00\" \/>\n<meta property=\"og:image\" content=\"https:\/\/lyonbondyblog.fr\/LBB\/wp-content\/uploads\/2024\/03\/20240312_135735-scaled.jpg\" \/>\n\t<meta property=\"og:image:width\" content=\"2560\" \/>\n\t<meta property=\"og:image:height\" content=\"1442\" \/>\n\t<meta property=\"og:image:type\" content=\"image\/jpeg\" \/>\n<meta name=\"author\" content=\"La r\u00e9daction\" \/>\n<meta name=\"twitter:card\" content=\"summary_large_image\" \/>\n<meta name=\"twitter:creator\" content=\"@BondyBlogLyon\" \/>\n<meta name=\"twitter:site\" content=\"@bondybloglyon\" \/>\n<script type=\"application\/ld+json\" class=\"yoast-schema-graph\">{\"@context\":\"https:\/\/schema.org\",\"@graph\":[{\"@type\":\"Article\",\"@id\":\"https:\/\/lyonbondyblog.fr\/LBB\/le-toboggan-une-glissade-culturelle\/#article\",\"isPartOf\":{\"@id\":\"https:\/\/lyonbondyblog.fr\/LBB\/le-toboggan-une-glissade-culturelle\/\"},\"author\":{\"name\":\"La r\u00e9daction\",\"@id\":\"https:\/\/lyonbondyblog.fr\/LBB\/#\/schema\/person\/e45f8d27baac75072daa0be50c409b25\"},\"headline\":\"Le Toboggan, une glissade culturelle\",\"datePublished\":\"2024-03-13T15:56:56+00:00\",\"dateModified\":\"2024-03-13T15:56:59+00:00\",\"mainEntityOfPage\":{\"@id\":\"https:\/\/lyonbondyblog.fr\/LBB\/le-toboggan-une-glissade-culturelle\/\"},\"wordCount\":313,\"commentCount\":0,\"publisher\":{\"@id\":\"https:\/\/lyonbondyblog.fr\/LBB\/#organization\"},\"image\":{\"@id\":\"https:\/\/lyonbondyblog.fr\/LBB\/le-toboggan-une-glissade-culturelle\/#primaryimage\"},\"thumbnailUrl\":\"https:\/\/lyonbondyblog.fr\/LBB\/wp-content\/uploads\/2024\/03\/20240312_135735-scaled.jpg\",\"keywords\":[\"Culture\",\"Festival documentaire\",\"Le Toboggan\"],\"articleSection\":[\"Culture\",\"D\u00e9cines\",\"Festival\",\"Film\"],\"inLanguage\":\"fr-FR\",\"potentialAction\":[{\"@type\":\"CommentAction\",\"name\":\"Comment\",\"target\":[\"https:\/\/lyonbondyblog.fr\/LBB\/le-toboggan-une-glissade-culturelle\/#respond\"]}]},{\"@type\":\"WebPage\",\"@id\":\"https:\/\/lyonbondyblog.fr\/LBB\/le-toboggan-une-glissade-culturelle\/\",\"url\":\"https:\/\/lyonbondyblog.fr\/LBB\/le-toboggan-une-glissade-culturelle\/\",\"name\":\"Le Toboggan, une glissade culturelle Lyon Bondy Blog\",\"isPartOf\":{\"@id\":\"https:\/\/lyonbondyblog.fr\/LBB\/#website\"},\"primaryImageOfPage\":{\"@id\":\"https:\/\/lyonbondyblog.fr\/LBB\/le-toboggan-une-glissade-culturelle\/#primaryimage\"},\"image\":{\"@id\":\"https:\/\/lyonbondyblog.fr\/LBB\/le-toboggan-une-glissade-culturelle\/#primaryimage\"},\"thumbnailUrl\":\"https:\/\/lyonbondyblog.fr\/LBB\/wp-content\/uploads\/2024\/03\/20240312_135735-scaled.jpg\",\"datePublished\":\"2024-03-13T15:56:56+00:00\",\"dateModified\":\"2024-03-13T15:56:59+00:00\",\"description\":\"Situ\u00e9 au c\u0153ur de D\u00e9cines, le Toboggan propose une offre pluriculturelle, regroupant une salle de cin\u00e9ma, d\u2019exposition, de spectacle, ...\",\"inLanguage\":\"fr-FR\",\"potentialAction\":[{\"@type\":\"ReadAction\",\"target\":[\"https:\/\/lyonbondyblog.fr\/LBB\/le-toboggan-une-glissade-culturelle\/\"]}]},{\"@type\":\"ImageObject\",\"inLanguage\":\"fr-FR\",\"@id\":\"https:\/\/lyonbondyblog.fr\/LBB\/le-toboggan-une-glissade-culturelle\/#primaryimage\",\"url\":\"https:\/\/lyonbondyblog.fr\/LBB\/wp-content\/uploads\/2024\/03\/20240312_135735-scaled.jpg\",\"contentUrl\":\"https:\/\/lyonbondyblog.fr\/LBB\/wp-content\/uploads\/2024\/03\/20240312_135735-scaled.jpg\",\"width\":2560,\"height\":1442},{\"@type\":\"WebSite\",\"@id\":\"https:\/\/lyonbondyblog.fr\/LBB\/#website\",\"url\":\"https:\/\/lyonbondyblog.fr\/LBB\/\",\"name\":\"Lyon Bondy Blog\",\"description\":\"\",\"publisher\":{\"@id\":\"https:\/\/lyonbondyblog.fr\/LBB\/#organization\"},\"potentialAction\":[{\"@type\":\"SearchAction\",\"target\":{\"@type\":\"EntryPoint\",\"urlTemplate\":\"https:\/\/lyonbondyblog.fr\/LBB\/?s={search_term_string}\"},\"query-input\":\"required name=search_term_string\"}],\"inLanguage\":\"fr-FR\"},{\"@type\":\"Organization\",\"@id\":\"https:\/\/lyonbondyblog.fr\/LBB\/#organization\",\"name\":\"LYON BONDY BLOG\",\"url\":\"https:\/\/lyonbondyblog.fr\/LBB\/\",\"logo\":{\"@type\":\"ImageObject\",\"inLanguage\":\"fr-FR\",\"@id\":\"https:\/\/lyonbondyblog.fr\/LBB\/#\/schema\/logo\/image\/\",\"url\":\"http:\/\/lyonbondyblog.fr\/LBB\/wp-content\/uploads\/2014\/10\/logo-portable-144.png\",\"contentUrl\":\"http:\/\/lyonbondyblog.fr\/LBB\/wp-content\/uploads\/2014\/10\/logo-portable-144.png\",\"width\":144,\"height\":123,\"caption\":\"LYON BONDY BLOG\"},\"image\":{\"@id\":\"https:\/\/lyonbondyblog.fr\/LBB\/#\/schema\/logo\/image\/\"},\"sameAs\":[\"https:\/\/www.facebook.com\/lyonbondyblog\",\"https:\/\/x.com\/bondybloglyon\"]},{\"@type\":\"Person\",\"@id\":\"https:\/\/lyonbondyblog.fr\/LBB\/#\/schema\/person\/e45f8d27baac75072daa0be50c409b25\",\"name\":\"La r\u00e9daction\",\"description\":\"Cr\u00e9e en 2008, la r\u00e9daction du Lyon Bondy Blog s'applique \u00e0 proposer une information locale diff\u00e9rente et compl\u00e9mentaire des m\u00e9dias traditionnels.\",\"sameAs\":[\"https:\/\/www.facebook.com\/lyonbondyblog\",\"https:\/\/x.com\/BondyBlogLyon\"],\"url\":\"https:\/\/lyonbondyblog.fr\/LBB\/author\/admin\/\"}]}<\/script>\n<!-- \/ Yoast SEO plugin. -->","yoast_head_json":{"title":"Le Toboggan, une glissade culturelle Lyon Bondy Blog","description":"Situ\u00e9 au c\u0153ur de D\u00e9cines, le Toboggan propose une offre pluriculturelle, regroupant une salle de cin\u00e9ma, d\u2019exposition, de spectacle, ...","robots":{"index":"index","follow":"follow","max-snippet":"max-snippet:-1","max-image-preview":"max-image-preview:large","max-video-preview":"max-video-preview:-1"},"canonical":"https:\/\/lyonbondyblog.fr\/LBB\/le-toboggan-une-glissade-culturelle\/","og_locale":"fr_FR","og_type":"article","og_title":"Le Toboggan, une glissade culturelle Lyon Bondy Blog","og_description":"Situ\u00e9 au c\u0153ur de D\u00e9cines, le Toboggan propose une offre pluriculturelle, regroupant une salle de cin\u00e9ma, d\u2019exposition, de spectacle, ...","og_url":"https:\/\/lyonbondyblog.fr\/LBB\/le-toboggan-une-glissade-culturelle\/","og_site_name":"Lyon Bondy Blog","article_publisher":"https:\/\/www.facebook.com\/lyonbondyblog","article_author":"https:\/\/www.facebook.com\/lyonbondyblog","article_published_time":"2024-03-13T15:56:56+00:00","article_modified_time":"2024-03-13T15:56:59+00:00","og_image":[{"width":2560,"height":1442,"url":"https:\/\/lyonbondyblog.fr\/LBB\/wp-content\/uploads\/2024\/03\/20240312_135735-scaled.jpg","type":"image\/jpeg"}],"author":"La r\u00e9daction","twitter_card":"summary_large_image","twitter_creator":"@BondyBlogLyon","twitter_site":"@bondybloglyon","schema":{"@context":"https:\/\/schema.org","@graph":[{"@type":"Article","@id":"https:\/\/lyonbondyblog.fr\/LBB\/le-toboggan-une-glissade-culturelle\/#article","isPartOf":{"@id":"https:\/\/lyonbondyblog.fr\/LBB\/le-toboggan-une-glissade-culturelle\/"},"author":{"name":"La r\u00e9daction","@id":"https:\/\/lyonbondyblog.fr\/LBB\/#\/schema\/person\/e45f8d27baac75072daa0be50c409b25"},"headline":"Le Toboggan, une glissade culturelle","datePublished":"2024-03-13T15:56:56+00:00","dateModified":"2024-03-13T15:56:59+00:00","mainEntityOfPage":{"@id":"https:\/\/lyonbondyblog.fr\/LBB\/le-toboggan-une-glissade-culturelle\/"},"wordCount":313,"commentCount":0,"publisher":{"@id":"https:\/\/lyonbondyblog.fr\/LBB\/#organization"},"image":{"@id":"https:\/\/lyonbondyblog.fr\/LBB\/le-toboggan-une-glissade-culturelle\/#primaryimage"},"thumbnailUrl":"https:\/\/lyonbondyblog.fr\/LBB\/wp-content\/uploads\/2024\/03\/20240312_135735-scaled.jpg","keywords":["Culture","Festival documentaire","Le Toboggan"],"articleSection":["Culture","D\u00e9cines","Festival","Film"],"inLanguage":"fr-FR","potentialAction":[{"@type":"CommentAction","name":"Comment","target":["https:\/\/lyonbondyblog.fr\/LBB\/le-toboggan-une-glissade-culturelle\/#respond"]}]},{"@type":"WebPage","@id":"https:\/\/lyonbondyblog.fr\/LBB\/le-toboggan-une-glissade-culturelle\/","url":"https:\/\/lyonbondyblog.fr\/LBB\/le-toboggan-une-glissade-culturelle\/","name":"Le Toboggan, une glissade culturelle Lyon Bondy Blog","isPartOf":{"@id":"https:\/\/lyonbondyblog.fr\/LBB\/#website"},"primaryImageOfPage":{"@id":"https:\/\/lyonbondyblog.fr\/LBB\/le-toboggan-une-glissade-culturelle\/#primaryimage"},"image":{"@id":"https:\/\/lyonbondyblog.fr\/LBB\/le-toboggan-une-glissade-culturelle\/#primaryimage"},"thumbnailUrl":"https:\/\/lyonbondyblog.fr\/LBB\/wp-content\/uploads\/2024\/03\/20240312_135735-scaled.jpg","datePublished":"2024-03-13T15:56:56+00:00","dateModified":"2024-03-13T15:56:59+00:00","description":"Situ\u00e9 au c\u0153ur de D\u00e9cines, le Toboggan propose une offre pluriculturelle, regroupant une salle de cin\u00e9ma, d\u2019exposition, de spectacle, ...","inLanguage":"fr-FR","potentialAction":[{"@type":"ReadAction","target":["https:\/\/lyonbondyblog.fr\/LBB\/le-toboggan-une-glissade-culturelle\/"]}]},{"@type":"ImageObject","inLanguage":"fr-FR","@id":"https:\/\/lyonbondyblog.fr\/LBB\/le-toboggan-une-glissade-culturelle\/#primaryimage","url":"https:\/\/lyonbondyblog.fr\/LBB\/wp-content\/uploads\/2024\/03\/20240312_135735-scaled.jpg","contentUrl":"https:\/\/lyonbondyblog.fr\/LBB\/wp-content\/uploads\/2024\/03\/20240312_135735-scaled.jpg","width":2560,"height":1442},{"@type":"WebSite","@id":"https:\/\/lyonbondyblog.fr\/LBB\/#website","url":"https:\/\/lyonbondyblog.fr\/LBB\/","name":"Lyon Bondy Blog","description":"","publisher":{"@id":"https:\/\/lyonbondyblog.fr\/LBB\/#organization"},"potentialAction":[{"@type":"SearchAction","target":{"@type":"EntryPoint","urlTemplate":"https:\/\/lyonbondyblog.fr\/LBB\/?s={search_term_string}"},"query-input":"required name=search_term_string"}],"inLanguage":"fr-FR"},{"@type":"Organization","@id":"https:\/\/lyonbondyblog.fr\/LBB\/#organization","name":"LYON BONDY BLOG","url":"https:\/\/lyonbondyblog.fr\/LBB\/","logo":{"@type":"ImageObject","inLanguage":"fr-FR","@id":"https:\/\/lyonbondyblog.fr\/LBB\/#\/schema\/logo\/image\/","url":"http:\/\/lyonbondyblog.fr\/LBB\/wp-content\/uploads\/2014\/10\/logo-portable-144.png","contentUrl":"http:\/\/lyonbondyblog.fr\/LBB\/wp-content\/uploads\/2014\/10\/logo-portable-144.png","width":144,"height":123,"caption":"LYON BONDY BLOG"},"image":{"@id":"https:\/\/lyonbondyblog.fr\/LBB\/#\/schema\/logo\/image\/"},"sameAs":["https:\/\/www.facebook.com\/lyonbondyblog","https:\/\/x.com\/bondybloglyon"]},{"@type":"Person","@id":"https:\/\/lyonbondyblog.fr\/LBB\/#\/schema\/person\/e45f8d27baac75072daa0be50c409b25","name":"La r\u00e9daction","description":"Cr\u00e9e en 2008, la r\u00e9daction du Lyon Bondy Blog s'applique \u00e0 proposer une information locale diff\u00e9rente et compl\u00e9mentaire des m\u00e9dias traditionnels.","sameAs":["https:\/\/www.facebook.com\/lyonbondyblog","https:\/\/x.com\/BondyBlogLyon"],"url":"https:\/\/lyonbondyblog.fr\/LBB\/author\/admin\/"}]}},"_links":{"self":[{"href":"https:\/\/lyonbondyblog.fr\/LBB\/wp-json\/wp\/v2\/posts\/33301","targetHints":{"allow":["GET"]}}],"collection":[{"href":"https:\/\/lyonbondyblog.fr\/LBB\/wp-json\/wp\/v2\/posts"}],"about":[{"href":"https:\/\/lyonbondyblog.fr\/LBB\/wp-json\/wp\/v2\/types\/post"}],"author":[{"embeddable":true,"href":"https:\/\/lyonbondyblog.fr\/LBB\/wp-json\/wp\/v2\/users\/1"}],"replies":[{"embeddable":true,"href":"https:\/\/lyonbondyblog.fr\/LBB\/wp-json\/wp\/v2\/comments?post=33301"}],"version-history":[{"count":1,"href":"https:\/\/lyonbondyblog.fr\/LBB\/wp-json\/wp\/v2\/posts\/33301\/revisions"}],"predecessor-version":[{"id":33304,"href":"https:\/\/lyonbondyblog.fr\/LBB\/wp-json\/wp\/v2\/posts\/33301\/revisions\/33304"}],"wp:featuredmedia":[{"embeddable":true,"href":"https:\/\/lyonbondyblog.fr\/LBB\/wp-json\/wp\/v2\/media\/33302"}],"wp:attachment":[{"href":"https:\/\/lyonbondyblog.fr\/LBB\/wp-json\/wp\/v2\/media?parent=33301"}],"wp:term":[{"taxonomy":"category","embeddable":true,"href":"https:\/\/lyonbondyblog.fr\/LBB\/wp-json\/wp\/v2\/categories?post=33301"},{"taxonomy":"post_tag","embeddable":true,"href":"https:\/\/lyonbondyblog.fr\/LBB\/wp-json\/wp\/v2\/tags?post=33301"}],"curies":[{"name":"wp","href":"https:\/\/api.w.org\/{rel}","templated":true}]}}