{"id":3326,"date":"2009-09-07T13:49:23","date_gmt":"2009-09-07T11:49:23","guid":{"rendered":"http:\/\/lyonbondyblog.fr\/LBB\/?p=3326"},"modified":"2013-08-02T13:53:52","modified_gmt":"2013-08-02T11:53:52","slug":"larrivee-des-nouveaux-cerveaux-africains","status":"publish","type":"post","link":"https:\/\/lyonbondyblog.fr\/LBB\/larrivee-des-nouveaux-cerveaux-africains\/","title":{"rendered":"L&rsquo;arriv\u00e9e des \u00ab\u00a0nouveaux cerveaux africains\u00a0\u00bb"},"content":{"rendered":"<p><strong>En cette rentr\u00e9e universitaire, Ka\u00efswaria, travaillant \u00e0 la chaine d&rsquo;inscription de l&rsquo;universit\u00e9 Lyon 3 nous explique comment sont admis les nouveaux \u00e9tudiants \u00e9trangers.<\/strong><\/p>\n<p>En cette p\u00e9riode estivale d\u2019inscription \u00e0 l\u2019universit\u00e9, de nouvelles directives font irruption chaque ann\u00e9e pour l\u2019admission des candidats \u00e9trangers. Et ironiquement, le minist\u00e8re de l\u2019immigration et de l\u2019identit\u00e9 nationale n\u2019entrave pas cette vague migratoire. Au contraire, les\u00a0 \u00ab\u00a0agents de la Gaule\u00a0\u00bb souhaitent retenir \u00e0 tout prix les visiteurs de l\u2019hexagone. Car, de nos jours les \u00e9tudiants \u00e9trangers utilisent\u00a0 la France comme transit vers un eldorado appel\u00e9 Angleterre, Canada ou Etats Unis. Cette tendance internationale ravive de vielles tensions entre deux mondes en perp\u00e9tuelle comp\u00e9tition\u00a0que sont l\u2019anglophonie et la francophonie. Le rayonnement culturel fran\u00e7ais mis en danger par l\u2019habituel ras de mar\u00e9e anglais, subit le revers d\u2019une politique d\u2019immigration limitative.<\/p>\n<p>Travaillant \u00e0 la cha\u00eene d\u2019inscription de Lyon 3 et remarquant l\u2019int\u00e9r\u00eat des \u00e9tudiants \u00e9trangers sur cette question, j\u2019ai men\u00e9 mon enqu\u00eate et d\u00e9couvert que depuis 2005, la France veut attirer et retenir les \u00e9tudiants \u00e9trangers. Une politique d\u2019immigration s\u00e9lective s\u2019est mise en place, bien qu\u2019elle soit de plus en plus contest\u00e9e. Elle reste \u00a0en \u00e9volution continue, gr\u00e2ce \u00e0 l\u2019application graduelle de nouvelles r\u00e8gles. A Lyon, la loi <i>\u00ab\u00a0carte, comp\u00e9tences et talents\u00a0\u00bb,<\/i> propos\u00e9e le 17 avril 2007 et op\u00e9rationnelle depuis le 30 septembre 2008, est appliqu\u00e9e par la pr\u00e9fecture du Rh\u00f4ne depuis cette ann\u00e9e.<\/p>\n<p align=\"center\">\n<p>&nbsp;<\/p>\n<p>Elle est plus connue sous le nom de la loi <i>\u00ab\u00a0en charge de voler les cerveaux africains\u00a0\u00bb<\/i>, comme le souligne Hamadou Masso (\u00e9tudiant Malien \u00a0en gestion \u00e0 l\u2019IDRAC) Selon lui, elle vise\u00a0 \u00e0 soutenir la mobilit\u00e9 des \u00e9tudiants \u00e9trangers vers la France \u00ab\u00a0<i>et \u00e0 les inciter implicitement \u00e0 participer \u00e0 l\u2019activit\u00e9 \u00e9conomique de la France au d\u00e9triment de leurs pays d\u2019origine\u00a0\u00ab\u00a0.<\/i> Officiellement, cette loi entre dans le prolongement d\u2019une coop\u00e9ration p\u00e9dagogique entre la France et une quinzaine de pays partenaires o\u00f9 sont implant\u00e9s depuis 2005 des Centres pour les Etudes en France (CEF). Ces CEF d\u00e9livrent le <i>\u00ab\u00a0fameux dossier blanc\u00a0\u00bb,<\/i> permettant l\u2019admission pr\u00e9alable d\u2019un \u00e9tudiant \u00e9tranger en demande de visa pour un s\u00e9jour en France. Whoang Xuang (\u00e9tudiant Chinois en sciences politiques \u00e0\u00a0lyon\u00a03 pr\u00e9cise l\u2019aspect pratique de ces CEF, <i>\u00ab\u00a0limitant les barri\u00e8res lourdes et administratives de l\u2019ambassade fran\u00e7aise en Chine\u00a0\u00bb.<\/i><\/p>\n<p>Un agent administratif en charge des \u00e9tudiants \u00e9trangers \u00e0 l\u2019universit\u00e9\u00a0Lyon 3, explique que \u00a0l\u2019objectif de cette loi est <i>\u00ab\u00a0principalement de faciliter les formalit\u00e9s d\u2019accueil des \u00e9tudiants \u00e9trangers\u00a0\u00bb<\/i>. D\u2019ailleurs, une convention de partenariat lie la pr\u00e9fecture du Rh\u00f4ne et les principaux \u00e9tablissements de la r\u00e9gion lyonnaise. Cette convention permet aux \u00e9tudiants \u00e9trangers de d\u00e9poser une demande de s\u00e9jour directement au pr\u00e8s de l\u2019\u00e9tablissement o\u00f9 ils ont \u00e9t\u00e9 pr\u00e9alablement admis. Lors de cette demande, l\u2019inscription r\u00e9alis\u00e9e donne droit \u00e0 la d\u00e9livrance d\u2019un r\u00e9c\u00e9piss\u00e9, \u00e0 \u00e9changer d\u00e8s expiration contre un titre de s\u00e9jour \u00e0 la pr\u00e9fecture.<\/p>\n<p>Amel Ben-Ahmed (\u00e9tudiante Alg\u00e9rienne en langues \u00e9trang\u00e8res appliqu\u00e9es \u00e0 LYON 2) se r\u00e9jouit de ce proc\u00e9d\u00e9 simplifi\u00e9, elle d\u00e9clare\u00a0\u00ab\u00a0<i>Je suis tr\u00e8s satisfaite de cette loi, car elle permet de s\u2019installer en France, si on trouve un emploi dans les six mois suivant la fin de nos \u00e9tudes. D\u2019ailleurs, j\u2019esp\u00e8re faire ma vie en France gr\u00e2ce \u00e0 cette loi, car le niveau des salaires en Alg\u00e9rie n\u2019est pas aussi attrayant qu\u2019en France. Je pense que beaucoup d\u2019\u00e9tudiants \u00e9trangers et notamment du continent africain partagent mon opinion\u00a0\u00ab\u00a0<\/i>.<br \/>\nEn effet, Amel repr\u00e9sente bien un \u00e9chantillon de la masse des \u00e9tudiants \u00e9trangers qui r\u00eavent de vivre dans un Etat anglophone, mais qui se contentent de l\u2019Etat francophone,\u00a0 pour ne pas repartir dans leurs pays d\u2019origine, o\u00f9 les perspectives \u00e9conomiques sont loin d\u2019\u00eatre\u00a0 attractives.<\/p>\n<p>&nbsp;<\/p>\n<p>Cette loi a suscit\u00e9 bien des r\u00e9actions depuis sa mise en place, notamment au sein de l\u2019Union M\u00e9diterran\u00e9enne, o\u00f9 la th\u00e9matique de d\u00e9livrance de visas des pays du Maghreb \u00e0 ceux d\u2019Europe demeure compliqu\u00e9e. D\u2019ailleurs, certains politiques comme le pr\u00e9sident alg\u00e9rien A. Bouteflika durcissent l\u2019obtention de visa pour s\u00e9journer dans leur pays, en r\u00e9ponse \u00e0 l\u2019ambassade de France o\u00f9 ne sont visiblement octroy\u00e9s que <i>\u00ab\u00a0les s\u00e9jours d\u2019\u00e9tudiants alg\u00e9riens\u00a0\u00bb.<\/i><\/p>\n<p>Certains condamnent ce\u00a0\u00ab\u00a0<i>\u00a0proc\u00e9d\u00e9 ralentissant l\u2019essor des pays en voie de d\u00e9veloppement au service d\u2019une francophonie \u00e0 l\u2019agonie, o\u00f9 l\u2019immigration choisie est clairement effective\u00bb.<\/i> D\u2019autres relativisent cette <i>\u00abforme de diplomatie p\u00e9dagogique et \u00e9conomiquement b\u00e9n\u00e9fique pour les deux pays\u00a0\u00bb.<\/i> Les \u00e9tudiants concern\u00e9s par cette loi, r\u00e9pliquent en majorit\u00e9 une volont\u00e9 de tirer avantage de ce syst\u00e8me pour justement \u00eatre un moteur du d\u00e9veloppement de leurs pays d\u2019origine.<\/p>\n<p>&nbsp;<\/p>\n<p>Les avis restent donc partag\u00e9s,\u00a0 en attendant la France pr\u00e9voit d\u2019accueillir cette ann\u00e9e au moins 266\u00a0448 \u00e9tudiants \u00e9trangers\u2026<br \/>\n<span style=\"text-decoration: underline;\">Auteur : Ka\u00efswaria Issa<\/span><\/p>\n<!-- AddThis Advanced Settings generic via filter on the_content --><!-- AddThis Share Buttons generic via filter on the_content -->","protected":false},"excerpt":{"rendered":"<p>En cette rentr\u00e9e universitaire, Ka\u00efswaria, travaillant \u00e0 la chaine d&rsquo;inscription de l&rsquo;universit\u00e9 Lyon 3 nous explique comment sont admis les nouveaux \u00e9tudiants \u00e9trangers. En cette &hellip; <!-- AddThis Advanced Settings generic via filter on wp_trim_excerpt --><!-- AddThis Share Buttons generic via filter on wp_trim_excerpt --><\/p>\n","protected":false},"author":1,"featured_media":0,"comment_status":"open","ping_status":"open","sticky":false,"template":"","format":"standard","meta":{"_FSMCFIC_featured_image_caption":"","_FSMCFIC_featured_image_nocaption":"","_FSMCFIC_featured_image_hide":"","footnotes":""},"categories":[4],"tags":[],"class_list":["post-3326","post","type-post","status-publish","format-standard","hentry","category-lyon"],"yoast_head":"<!-- This site is optimized with the Yoast SEO plugin v22.8 - https:\/\/yoast.com\/wordpress\/plugins\/seo\/ -->\n<title>L&#039;arriv\u00e9e des &quot;nouveaux cerveaux africains&quot;  - Lyon Bondy Blog<\/title>\n<meta name=\"robots\" content=\"index, follow, max-snippet:-1, max-image-preview:large, max-video-preview:-1\" \/>\n<link rel=\"canonical\" href=\"https:\/\/lyonbondyblog.fr\/LBB\/larrivee-des-nouveaux-cerveaux-africains\/\" \/>\n<meta property=\"og:locale\" content=\"fr_FR\" \/>\n<meta property=\"og:type\" content=\"article\" \/>\n<meta property=\"og:title\" content=\"L&#039;arriv\u00e9e des &quot;nouveaux cerveaux africains&quot;  - Lyon Bondy Blog\" \/>\n<meta property=\"og:description\" content=\"En cette rentr\u00e9e universitaire, Ka\u00efswaria, travaillant \u00e0 la chaine d&rsquo;inscription de l&rsquo;universit\u00e9 Lyon 3 nous explique comment sont admis les nouveaux \u00e9tudiants \u00e9trangers. En cette &hellip;\" \/>\n<meta property=\"og:url\" content=\"https:\/\/lyonbondyblog.fr\/LBB\/larrivee-des-nouveaux-cerveaux-africains\/\" \/>\n<meta property=\"og:site_name\" content=\"Lyon Bondy Blog\" \/>\n<meta property=\"article:publisher\" content=\"https:\/\/www.facebook.com\/lyonbondyblog\" \/>\n<meta property=\"article:author\" content=\"https:\/\/www.facebook.com\/lyonbondyblog\" \/>\n<meta property=\"article:published_time\" content=\"2009-09-07T11:49:23+00:00\" \/>\n<meta property=\"article:modified_time\" content=\"2013-08-02T11:53:52+00:00\" \/>\n<meta property=\"og:image\" content=\"https:\/\/lyonbondyblog.fr\/LBB\/wp-content\/uploads\/2014\/10\/Bandeau-Site-V2-011-2.jpg\" \/>\n\t<meta property=\"og:image:width\" content=\"851\" \/>\n\t<meta property=\"og:image:height\" content=\"200\" \/>\n\t<meta property=\"og:image:type\" content=\"image\/jpeg\" \/>\n<meta name=\"author\" content=\"La r\u00e9daction\" \/>\n<meta name=\"twitter:card\" content=\"summary_large_image\" \/>\n<meta name=\"twitter:creator\" content=\"@BondyBlogLyon\" \/>\n<meta name=\"twitter:site\" content=\"@bondybloglyon\" \/>\n<script type=\"application\/ld+json\" class=\"yoast-schema-graph\">{\"@context\":\"https:\/\/schema.org\",\"@graph\":[{\"@type\":\"Article\",\"@id\":\"https:\/\/lyonbondyblog.fr\/LBB\/larrivee-des-nouveaux-cerveaux-africains\/#article\",\"isPartOf\":{\"@id\":\"https:\/\/lyonbondyblog.fr\/LBB\/larrivee-des-nouveaux-cerveaux-africains\/\"},\"author\":{\"name\":\"La r\u00e9daction\",\"@id\":\"https:\/\/lyonbondyblog.fr\/LBB\/#\/schema\/person\/e45f8d27baac75072daa0be50c409b25\"},\"headline\":\"L&rsquo;arriv\u00e9e des \u00ab\u00a0nouveaux cerveaux africains\u00a0\u00bb\",\"datePublished\":\"2009-09-07T11:49:23+00:00\",\"dateModified\":\"2013-08-02T11:53:52+00:00\",\"mainEntityOfPage\":{\"@id\":\"https:\/\/lyonbondyblog.fr\/LBB\/larrivee-des-nouveaux-cerveaux-africains\/\"},\"wordCount\":868,\"commentCount\":0,\"publisher\":{\"@id\":\"https:\/\/lyonbondyblog.fr\/LBB\/#organization\"},\"articleSection\":[\"Lyon\"],\"inLanguage\":\"fr-FR\",\"potentialAction\":[{\"@type\":\"CommentAction\",\"name\":\"Comment\",\"target\":[\"https:\/\/lyonbondyblog.fr\/LBB\/larrivee-des-nouveaux-cerveaux-africains\/#respond\"]}]},{\"@type\":\"WebPage\",\"@id\":\"https:\/\/lyonbondyblog.fr\/LBB\/larrivee-des-nouveaux-cerveaux-africains\/\",\"url\":\"https:\/\/lyonbondyblog.fr\/LBB\/larrivee-des-nouveaux-cerveaux-africains\/\",\"name\":\"L'arriv\u00e9e des \\\"nouveaux cerveaux africains\\\" - Lyon Bondy Blog\",\"isPartOf\":{\"@id\":\"https:\/\/lyonbondyblog.fr\/LBB\/#website\"},\"datePublished\":\"2009-09-07T11:49:23+00:00\",\"dateModified\":\"2013-08-02T11:53:52+00:00\",\"inLanguage\":\"fr-FR\",\"potentialAction\":[{\"@type\":\"ReadAction\",\"target\":[\"https:\/\/lyonbondyblog.fr\/LBB\/larrivee-des-nouveaux-cerveaux-africains\/\"]}]},{\"@type\":\"WebSite\",\"@id\":\"https:\/\/lyonbondyblog.fr\/LBB\/#website\",\"url\":\"https:\/\/lyonbondyblog.fr\/LBB\/\",\"name\":\"Lyon Bondy Blog\",\"description\":\"\",\"publisher\":{\"@id\":\"https:\/\/lyonbondyblog.fr\/LBB\/#organization\"},\"potentialAction\":[{\"@type\":\"SearchAction\",\"target\":{\"@type\":\"EntryPoint\",\"urlTemplate\":\"https:\/\/lyonbondyblog.fr\/LBB\/?s={search_term_string}\"},\"query-input\":\"required name=search_term_string\"}],\"inLanguage\":\"fr-FR\"},{\"@type\":\"Organization\",\"@id\":\"https:\/\/lyonbondyblog.fr\/LBB\/#organization\",\"name\":\"LYON BONDY BLOG\",\"url\":\"https:\/\/lyonbondyblog.fr\/LBB\/\",\"logo\":{\"@type\":\"ImageObject\",\"inLanguage\":\"fr-FR\",\"@id\":\"https:\/\/lyonbondyblog.fr\/LBB\/#\/schema\/logo\/image\/\",\"url\":\"http:\/\/lyonbondyblog.fr\/LBB\/wp-content\/uploads\/2014\/10\/logo-portable-144.png\",\"contentUrl\":\"http:\/\/lyonbondyblog.fr\/LBB\/wp-content\/uploads\/2014\/10\/logo-portable-144.png\",\"width\":144,\"height\":123,\"caption\":\"LYON BONDY BLOG\"},\"image\":{\"@id\":\"https:\/\/lyonbondyblog.fr\/LBB\/#\/schema\/logo\/image\/\"},\"sameAs\":[\"https:\/\/www.facebook.com\/lyonbondyblog\",\"https:\/\/x.com\/bondybloglyon\"]},{\"@type\":\"Person\",\"@id\":\"https:\/\/lyonbondyblog.fr\/LBB\/#\/schema\/person\/e45f8d27baac75072daa0be50c409b25\",\"name\":\"La r\u00e9daction\",\"description\":\"Cr\u00e9e en 2008, la r\u00e9daction du Lyon Bondy Blog s'applique \u00e0 proposer une information locale diff\u00e9rente et compl\u00e9mentaire des m\u00e9dias traditionnels.\",\"sameAs\":[\"https:\/\/www.facebook.com\/lyonbondyblog\",\"https:\/\/x.com\/BondyBlogLyon\"],\"url\":\"https:\/\/lyonbondyblog.fr\/LBB\/author\/admin\/\"}]}<\/script>\n<!-- \/ Yoast SEO plugin. -->","yoast_head_json":{"title":"L'arriv\u00e9e des \"nouveaux cerveaux africains\"  - Lyon Bondy Blog","robots":{"index":"index","follow":"follow","max-snippet":"max-snippet:-1","max-image-preview":"max-image-preview:large","max-video-preview":"max-video-preview:-1"},"canonical":"https:\/\/lyonbondyblog.fr\/LBB\/larrivee-des-nouveaux-cerveaux-africains\/","og_locale":"fr_FR","og_type":"article","og_title":"L'arriv\u00e9e des \"nouveaux cerveaux africains\"  - Lyon Bondy Blog","og_description":"En cette rentr\u00e9e universitaire, Ka\u00efswaria, travaillant \u00e0 la chaine d&rsquo;inscription de l&rsquo;universit\u00e9 Lyon 3 nous explique comment sont admis les nouveaux \u00e9tudiants \u00e9trangers. En cette &hellip;","og_url":"https:\/\/lyonbondyblog.fr\/LBB\/larrivee-des-nouveaux-cerveaux-africains\/","og_site_name":"Lyon Bondy Blog","article_publisher":"https:\/\/www.facebook.com\/lyonbondyblog","article_author":"https:\/\/www.facebook.com\/lyonbondyblog","article_published_time":"2009-09-07T11:49:23+00:00","article_modified_time":"2013-08-02T11:53:52+00:00","og_image":[{"width":851,"height":200,"url":"https:\/\/lyonbondyblog.fr\/LBB\/wp-content\/uploads\/2014\/10\/Bandeau-Site-V2-011-2.jpg","type":"image\/jpeg"}],"author":"La r\u00e9daction","twitter_card":"summary_large_image","twitter_creator":"@BondyBlogLyon","twitter_site":"@bondybloglyon","schema":{"@context":"https:\/\/schema.org","@graph":[{"@type":"Article","@id":"https:\/\/lyonbondyblog.fr\/LBB\/larrivee-des-nouveaux-cerveaux-africains\/#article","isPartOf":{"@id":"https:\/\/lyonbondyblog.fr\/LBB\/larrivee-des-nouveaux-cerveaux-africains\/"},"author":{"name":"La r\u00e9daction","@id":"https:\/\/lyonbondyblog.fr\/LBB\/#\/schema\/person\/e45f8d27baac75072daa0be50c409b25"},"headline":"L&rsquo;arriv\u00e9e des \u00ab\u00a0nouveaux cerveaux africains\u00a0\u00bb","datePublished":"2009-09-07T11:49:23+00:00","dateModified":"2013-08-02T11:53:52+00:00","mainEntityOfPage":{"@id":"https:\/\/lyonbondyblog.fr\/LBB\/larrivee-des-nouveaux-cerveaux-africains\/"},"wordCount":868,"commentCount":0,"publisher":{"@id":"https:\/\/lyonbondyblog.fr\/LBB\/#organization"},"articleSection":["Lyon"],"inLanguage":"fr-FR","potentialAction":[{"@type":"CommentAction","name":"Comment","target":["https:\/\/lyonbondyblog.fr\/LBB\/larrivee-des-nouveaux-cerveaux-africains\/#respond"]}]},{"@type":"WebPage","@id":"https:\/\/lyonbondyblog.fr\/LBB\/larrivee-des-nouveaux-cerveaux-africains\/","url":"https:\/\/lyonbondyblog.fr\/LBB\/larrivee-des-nouveaux-cerveaux-africains\/","name":"L'arriv\u00e9e des \"nouveaux cerveaux africains\" - Lyon Bondy Blog","isPartOf":{"@id":"https:\/\/lyonbondyblog.fr\/LBB\/#website"},"datePublished":"2009-09-07T11:49:23+00:00","dateModified":"2013-08-02T11:53:52+00:00","inLanguage":"fr-FR","potentialAction":[{"@type":"ReadAction","target":["https:\/\/lyonbondyblog.fr\/LBB\/larrivee-des-nouveaux-cerveaux-africains\/"]}]},{"@type":"WebSite","@id":"https:\/\/lyonbondyblog.fr\/LBB\/#website","url":"https:\/\/lyonbondyblog.fr\/LBB\/","name":"Lyon Bondy Blog","description":"","publisher":{"@id":"https:\/\/lyonbondyblog.fr\/LBB\/#organization"},"potentialAction":[{"@type":"SearchAction","target":{"@type":"EntryPoint","urlTemplate":"https:\/\/lyonbondyblog.fr\/LBB\/?s={search_term_string}"},"query-input":"required name=search_term_string"}],"inLanguage":"fr-FR"},{"@type":"Organization","@id":"https:\/\/lyonbondyblog.fr\/LBB\/#organization","name":"LYON BONDY BLOG","url":"https:\/\/lyonbondyblog.fr\/LBB\/","logo":{"@type":"ImageObject","inLanguage":"fr-FR","@id":"https:\/\/lyonbondyblog.fr\/LBB\/#\/schema\/logo\/image\/","url":"http:\/\/lyonbondyblog.fr\/LBB\/wp-content\/uploads\/2014\/10\/logo-portable-144.png","contentUrl":"http:\/\/lyonbondyblog.fr\/LBB\/wp-content\/uploads\/2014\/10\/logo-portable-144.png","width":144,"height":123,"caption":"LYON BONDY BLOG"},"image":{"@id":"https:\/\/lyonbondyblog.fr\/LBB\/#\/schema\/logo\/image\/"},"sameAs":["https:\/\/www.facebook.com\/lyonbondyblog","https:\/\/x.com\/bondybloglyon"]},{"@type":"Person","@id":"https:\/\/lyonbondyblog.fr\/LBB\/#\/schema\/person\/e45f8d27baac75072daa0be50c409b25","name":"La r\u00e9daction","description":"Cr\u00e9e en 2008, la r\u00e9daction du Lyon Bondy Blog s'applique \u00e0 proposer une information locale diff\u00e9rente et compl\u00e9mentaire des m\u00e9dias traditionnels.","sameAs":["https:\/\/www.facebook.com\/lyonbondyblog","https:\/\/x.com\/BondyBlogLyon"],"url":"https:\/\/lyonbondyblog.fr\/LBB\/author\/admin\/"}]}},"_links":{"self":[{"href":"https:\/\/lyonbondyblog.fr\/LBB\/wp-json\/wp\/v2\/posts\/3326","targetHints":{"allow":["GET"]}}],"collection":[{"href":"https:\/\/lyonbondyblog.fr\/LBB\/wp-json\/wp\/v2\/posts"}],"about":[{"href":"https:\/\/lyonbondyblog.fr\/LBB\/wp-json\/wp\/v2\/types\/post"}],"author":[{"embeddable":true,"href":"https:\/\/lyonbondyblog.fr\/LBB\/wp-json\/wp\/v2\/users\/1"}],"replies":[{"embeddable":true,"href":"https:\/\/lyonbondyblog.fr\/LBB\/wp-json\/wp\/v2\/comments?post=3326"}],"version-history":[{"count":0,"href":"https:\/\/lyonbondyblog.fr\/LBB\/wp-json\/wp\/v2\/posts\/3326\/revisions"}],"wp:attachment":[{"href":"https:\/\/lyonbondyblog.fr\/LBB\/wp-json\/wp\/v2\/media?parent=3326"}],"wp:term":[{"taxonomy":"category","embeddable":true,"href":"https:\/\/lyonbondyblog.fr\/LBB\/wp-json\/wp\/v2\/categories?post=3326"},{"taxonomy":"post_tag","embeddable":true,"href":"https:\/\/lyonbondyblog.fr\/LBB\/wp-json\/wp\/v2\/tags?post=3326"}],"curies":[{"name":"wp","href":"https:\/\/api.w.org\/{rel}","templated":true}]}}