{"id":33254,"date":"2024-03-08T18:32:00","date_gmt":"2024-03-08T17:32:00","guid":{"rendered":"https:\/\/lyonbondyblog.fr\/LBB\/?p=33254"},"modified":"2024-03-08T18:32:02","modified_gmt":"2024-03-08T17:32:02","slug":"la-journee-internationale-des-droits-des-femmes-progres-et-stagnation","status":"publish","type":"post","link":"https:\/\/lyonbondyblog.fr\/LBB\/la-journee-internationale-des-droits-des-femmes-progres-et-stagnation\/","title":{"rendered":"La journ\u00e9e internationale des droits des femmes\u00a0: progr\u00e8s et stagnation"},"content":{"rendered":"\n<h4 class=\"wp-block-heading\">Le 8 mars marque comme chaque ann\u00e9e, la journ\u00e9e internationale des droits des femmes. Ce vendredi, Lyon n&rsquo;a pas d\u00e9rog\u00e9 \u00e0 la r\u00e8gle, et une manifestation a \u00e9t\u00e9 organis\u00e9e pour l&rsquo;occasion par le Collectif Droits des Femmes 69. Le cort\u00e8ge a d\u00e9but\u00e9 place Jean Mac\u00e9 et s\u2019est termin\u00e9 place Bellecour.<\/h4>\n\n\n\n<p>La manifestation a commenc\u00e9 \u00e0 12h30 avec un atelier pancarte o\u00f9 les manifestants et manifestantes pouvaient confectionner la leur pour ensuite l&rsquo;arborer lors de la manifestation. La manifestation a commenc\u00e9 \u00e0 14h00. En plus du <a href=\"https:\/\/www.facebook.com\/Collectifdroitsdesfemmes69\/\">Collectif Droits des Femmes 69<\/a>, l&rsquo;association \u00e0 l&rsquo;initiative de cet \u00e9v\u00e9nement, d&rsquo;autres associations \u00e9taient pr\u00e9sentes pour soutenir le mouvement : <a href=\"https:\/\/www.noustoutes.org\/\">Nous Toutes Rh\u00f4ne<\/a>, <a href=\"https:\/\/www.facebook.com\/arpenteusesurbaines\/\">les Arpenteuses Urbaines<\/a> ou encore <a href=\"https:\/\/www.viffil.com\/\">Vifil<\/a>.<\/p>\n\n\n\n<h4 class=\"wp-block-heading\">Encore du chemin \u00e0 parcourir<\/h4>\n\n\n\n<p>Cette manifestation revendiquait :<\/p>\n\n\n\n<ul class=\"wp-block-list\">\n<li>Une \u00e9galit\u00e9 des salaires<\/li>\n\n\n\n<li>Un d\u00e9veloppement d\u2019une \u00e9ducation plus \u00e9galitaire<\/li>\n\n\n\n<li>L&rsquo;acc\u00e8s \u00e0 la PMA pour toutes et tous<\/li>\n\n\n\n<li>Une diplomatie et une politique \u00e9trang\u00e8re f\u00e9ministe<\/li>\n\n\n\n<li>La mise en place de moyens efficaces contre les violences sexistes et sexuelles.<\/li>\n<\/ul>\n\n\n\n<figure class=\"wp-block-image size-large\"><img loading=\"lazy\" decoding=\"async\" width=\"1920\" height=\"1081\" src=\"https:\/\/lyonbondyblog.fr\/LBB\/wp-content\/uploads\/2024\/03\/20240308_143547-1920x1081.jpg\" alt=\"\" class=\"wp-image-33256\" srcset=\"https:\/\/lyonbondyblog.fr\/LBB\/wp-content\/uploads\/2024\/03\/20240308_143547-1920x1081.jpg 1920w, https:\/\/lyonbondyblog.fr\/LBB\/wp-content\/uploads\/2024\/03\/20240308_143547-1200x676.jpg 1200w, https:\/\/lyonbondyblog.fr\/LBB\/wp-content\/uploads\/2024\/03\/20240308_143547-768x432.jpg 768w, https:\/\/lyonbondyblog.fr\/LBB\/wp-content\/uploads\/2024\/03\/20240308_143547-1536x865.jpg 1536w, https:\/\/lyonbondyblog.fr\/LBB\/wp-content\/uploads\/2024\/03\/20240308_143547-2048x1153.jpg 2048w\" sizes=\"auto, (max-width: 1920px) 100vw, 1920px\" \/><\/figure>\n\n\n\n<p>Cette manifestation, qui revendique la lutte pour le droit des femmes et des minorit\u00e9s de genre, a \u00e9t\u00e9 galvanis\u00e9e par <a href=\"https:\/\/ivg.gouv.fr\/le-droit-lavortement\">la r\u00e9cente inscription du droit \u00e0 l&rsquo;IVG dans la constitution fran\u00e7aise<\/a>, m\u00eame si pour certaines manifestantes ce n&rsquo;est pas assez comme l&rsquo;a d\u00e9clar\u00e9 Tasnime, manifestante\u00a0: \u00ab <em>C\u2019est un petit pas, mais ce n&rsquo;est pas assez\u00a0! L\u2019\u00c9tat ne s\u2019est pas pleinement engag\u00e9<\/em>\u00a0\u00bb.<\/p>\n\n\n\n<p>Le but de cette journ\u00e9e est \u00e9galement de revendiquer le 8 mars comme un jour de gr\u00e8ve, afin de montrer une fiert\u00e9 de leur solidarit\u00e9 entre femmes et minorit\u00e9s de genre.<\/p>\n\n\n\n<p>Comme beaucoup de mouvements sociaux, plusieurs syndicats et partis politiques \u00e9taient pr\u00e9sents pour montrer leur soutien dans la lutte pour le droit des femmes. On a pu noter la pr\u00e9sence de la CGT et de la CFDT mais aussi du nouveau parti anticapitaliste des \u00e9cologistes et de divers mouvements lyc\u00e9ens.<\/p>\n\n\n\n<p>Julien Ch\u00e2tre-Dias<\/p>\n<!-- AddThis Advanced Settings generic via filter on the_content --><!-- AddThis Share Buttons generic via filter on the_content -->","protected":false},"excerpt":{"rendered":"<p>Le 8 mars marque comme chaque ann\u00e9e, la journ\u00e9e internationale des droits des femmes. Ce vendredi, Lyon n&rsquo;a pas d\u00e9rog\u00e9 \u00e0 la r\u00e8gle, et une &hellip; <!-- AddThis Advanced Settings generic via filter on wp_trim_excerpt --><!-- AddThis Share Buttons generic via filter on wp_trim_excerpt --><\/p>\n","protected":false},"author":1,"featured_media":33255,"comment_status":"open","ping_status":"open","sticky":true,"template":"","format":"standard","meta":{"_FSMCFIC_featured_image_caption":"","_FSMCFIC_featured_image_nocaption":"","_FSMCFIC_featured_image_hide":"","footnotes":""},"categories":[28359,22680,4,27833],"tags":[1432,1178,847],"class_list":["post-33254","post","type-post","status-publish","format-standard","has-post-thumbnail","hentry","category-droits-des-femmes","category-feminisme","category-lyon","category-manifestation","tag-droits-des-femmes","tag-feminisme","tag-manifestation"],"yoast_head":"<!-- This site is optimized with the Yoast SEO plugin v22.8 - https:\/\/yoast.com\/wordpress\/plugins\/seo\/ -->\n<title>La journ\u00e9e internationale des droits des femmes\u00a0: progr\u00e8s et stagnation - Lyon Bondy Blog<\/title>\n<meta name=\"description\" content=\"Le 8 mars marque comme chaque ann\u00e9e, la journ\u00e9e internationale des droits des femmes. Ce vendredi, Lyon n&#039;a pas d\u00e9rog\u00e9 \u00e0 la r\u00e8gle et une manifestation a \u00e9t\u00e9 organis\u00e9e pour l&#039;occasion.\" \/>\n<meta name=\"robots\" content=\"index, follow, max-snippet:-1, max-image-preview:large, max-video-preview:-1\" \/>\n<link rel=\"canonical\" href=\"https:\/\/lyonbondyblog.fr\/LBB\/la-journee-internationale-des-droits-des-femmes-progres-et-stagnation\/\" \/>\n<meta property=\"og:locale\" content=\"fr_FR\" \/>\n<meta property=\"og:type\" content=\"article\" \/>\n<meta property=\"og:title\" content=\"La journ\u00e9e internationale des droits des femmes\u00a0: progr\u00e8s et stagnation - Lyon Bondy Blog\" \/>\n<meta property=\"og:description\" content=\"Le 8 mars marque comme chaque ann\u00e9e, la journ\u00e9e internationale des droits des femmes. Ce vendredi, Lyon n&#039;a pas d\u00e9rog\u00e9 \u00e0 la r\u00e8gle et une manifestation a \u00e9t\u00e9 organis\u00e9e pour l&#039;occasion.\" \/>\n<meta property=\"og:url\" content=\"https:\/\/lyonbondyblog.fr\/LBB\/la-journee-internationale-des-droits-des-femmes-progres-et-stagnation\/\" \/>\n<meta property=\"og:site_name\" content=\"Lyon Bondy Blog\" \/>\n<meta property=\"article:publisher\" content=\"https:\/\/www.facebook.com\/lyonbondyblog\" \/>\n<meta property=\"article:author\" content=\"https:\/\/www.facebook.com\/lyonbondyblog\" \/>\n<meta property=\"article:published_time\" content=\"2024-03-08T17:32:00+00:00\" \/>\n<meta property=\"article:modified_time\" content=\"2024-03-08T17:32:02+00:00\" \/>\n<meta property=\"og:image\" content=\"https:\/\/lyonbondyblog.fr\/LBB\/wp-content\/uploads\/2024\/03\/20240308_143757-scaled.jpg\" \/>\n\t<meta property=\"og:image:width\" content=\"2560\" \/>\n\t<meta property=\"og:image:height\" content=\"1442\" \/>\n\t<meta property=\"og:image:type\" content=\"image\/jpeg\" \/>\n<meta name=\"author\" content=\"La r\u00e9daction\" \/>\n<meta name=\"twitter:card\" content=\"summary_large_image\" \/>\n<meta name=\"twitter:creator\" content=\"@BondyBlogLyon\" \/>\n<meta name=\"twitter:site\" content=\"@bondybloglyon\" \/>\n<script type=\"application\/ld+json\" class=\"yoast-schema-graph\">{\"@context\":\"https:\/\/schema.org\",\"@graph\":[{\"@type\":\"Article\",\"@id\":\"https:\/\/lyonbondyblog.fr\/LBB\/la-journee-internationale-des-droits-des-femmes-progres-et-stagnation\/#article\",\"isPartOf\":{\"@id\":\"https:\/\/lyonbondyblog.fr\/LBB\/la-journee-internationale-des-droits-des-femmes-progres-et-stagnation\/\"},\"author\":{\"name\":\"La r\u00e9daction\",\"@id\":\"https:\/\/lyonbondyblog.fr\/LBB\/#\/schema\/person\/e45f8d27baac75072daa0be50c409b25\"},\"headline\":\"La journ\u00e9e internationale des droits des femmes\u00a0: progr\u00e8s et stagnation\",\"datePublished\":\"2024-03-08T17:32:00+00:00\",\"dateModified\":\"2024-03-08T17:32:02+00:00\",\"mainEntityOfPage\":{\"@id\":\"https:\/\/lyonbondyblog.fr\/LBB\/la-journee-internationale-des-droits-des-femmes-progres-et-stagnation\/\"},\"wordCount\":335,\"commentCount\":0,\"publisher\":{\"@id\":\"https:\/\/lyonbondyblog.fr\/LBB\/#organization\"},\"image\":{\"@id\":\"https:\/\/lyonbondyblog.fr\/LBB\/la-journee-internationale-des-droits-des-femmes-progres-et-stagnation\/#primaryimage\"},\"thumbnailUrl\":\"https:\/\/lyonbondyblog.fr\/LBB\/wp-content\/uploads\/2024\/03\/20240308_143757-scaled.jpg\",\"keywords\":[\"Droits des femmes\",\"f\u00e9minisme\",\"manifestation\"],\"articleSection\":[\"Droits des femmes\",\"F\u00e9minisme\",\"Lyon\",\"Manifestations\"],\"inLanguage\":\"fr-FR\",\"potentialAction\":[{\"@type\":\"CommentAction\",\"name\":\"Comment\",\"target\":[\"https:\/\/lyonbondyblog.fr\/LBB\/la-journee-internationale-des-droits-des-femmes-progres-et-stagnation\/#respond\"]}]},{\"@type\":\"WebPage\",\"@id\":\"https:\/\/lyonbondyblog.fr\/LBB\/la-journee-internationale-des-droits-des-femmes-progres-et-stagnation\/\",\"url\":\"https:\/\/lyonbondyblog.fr\/LBB\/la-journee-internationale-des-droits-des-femmes-progres-et-stagnation\/\",\"name\":\"La journ\u00e9e internationale des droits des femmes\u00a0: progr\u00e8s et stagnation - Lyon Bondy Blog\",\"isPartOf\":{\"@id\":\"https:\/\/lyonbondyblog.fr\/LBB\/#website\"},\"primaryImageOfPage\":{\"@id\":\"https:\/\/lyonbondyblog.fr\/LBB\/la-journee-internationale-des-droits-des-femmes-progres-et-stagnation\/#primaryimage\"},\"image\":{\"@id\":\"https:\/\/lyonbondyblog.fr\/LBB\/la-journee-internationale-des-droits-des-femmes-progres-et-stagnation\/#primaryimage\"},\"thumbnailUrl\":\"https:\/\/lyonbondyblog.fr\/LBB\/wp-content\/uploads\/2024\/03\/20240308_143757-scaled.jpg\",\"datePublished\":\"2024-03-08T17:32:00+00:00\",\"dateModified\":\"2024-03-08T17:32:02+00:00\",\"description\":\"Le 8 mars marque comme chaque ann\u00e9e, la journ\u00e9e internationale des droits des femmes. Ce vendredi, Lyon n'a pas d\u00e9rog\u00e9 \u00e0 la r\u00e8gle et une manifestation a \u00e9t\u00e9 organis\u00e9e pour l'occasion.\",\"inLanguage\":\"fr-FR\",\"potentialAction\":[{\"@type\":\"ReadAction\",\"target\":[\"https:\/\/lyonbondyblog.fr\/LBB\/la-journee-internationale-des-droits-des-femmes-progres-et-stagnation\/\"]}]},{\"@type\":\"ImageObject\",\"inLanguage\":\"fr-FR\",\"@id\":\"https:\/\/lyonbondyblog.fr\/LBB\/la-journee-internationale-des-droits-des-femmes-progres-et-stagnation\/#primaryimage\",\"url\":\"https:\/\/lyonbondyblog.fr\/LBB\/wp-content\/uploads\/2024\/03\/20240308_143757-scaled.jpg\",\"contentUrl\":\"https:\/\/lyonbondyblog.fr\/LBB\/wp-content\/uploads\/2024\/03\/20240308_143757-scaled.jpg\",\"width\":2560,\"height\":1442},{\"@type\":\"WebSite\",\"@id\":\"https:\/\/lyonbondyblog.fr\/LBB\/#website\",\"url\":\"https:\/\/lyonbondyblog.fr\/LBB\/\",\"name\":\"Lyon Bondy Blog\",\"description\":\"\",\"publisher\":{\"@id\":\"https:\/\/lyonbondyblog.fr\/LBB\/#organization\"},\"potentialAction\":[{\"@type\":\"SearchAction\",\"target\":{\"@type\":\"EntryPoint\",\"urlTemplate\":\"https:\/\/lyonbondyblog.fr\/LBB\/?s={search_term_string}\"},\"query-input\":\"required name=search_term_string\"}],\"inLanguage\":\"fr-FR\"},{\"@type\":\"Organization\",\"@id\":\"https:\/\/lyonbondyblog.fr\/LBB\/#organization\",\"name\":\"LYON BONDY BLOG\",\"url\":\"https:\/\/lyonbondyblog.fr\/LBB\/\",\"logo\":{\"@type\":\"ImageObject\",\"inLanguage\":\"fr-FR\",\"@id\":\"https:\/\/lyonbondyblog.fr\/LBB\/#\/schema\/logo\/image\/\",\"url\":\"http:\/\/lyonbondyblog.fr\/LBB\/wp-content\/uploads\/2014\/10\/logo-portable-144.png\",\"contentUrl\":\"http:\/\/lyonbondyblog.fr\/LBB\/wp-content\/uploads\/2014\/10\/logo-portable-144.png\",\"width\":144,\"height\":123,\"caption\":\"LYON BONDY BLOG\"},\"image\":{\"@id\":\"https:\/\/lyonbondyblog.fr\/LBB\/#\/schema\/logo\/image\/\"},\"sameAs\":[\"https:\/\/www.facebook.com\/lyonbondyblog\",\"https:\/\/x.com\/bondybloglyon\"]},{\"@type\":\"Person\",\"@id\":\"https:\/\/lyonbondyblog.fr\/LBB\/#\/schema\/person\/e45f8d27baac75072daa0be50c409b25\",\"name\":\"La r\u00e9daction\",\"description\":\"Cr\u00e9e en 2008, la r\u00e9daction du Lyon Bondy Blog s'applique \u00e0 proposer une information locale diff\u00e9rente et compl\u00e9mentaire des m\u00e9dias traditionnels.\",\"sameAs\":[\"https:\/\/www.facebook.com\/lyonbondyblog\",\"https:\/\/x.com\/BondyBlogLyon\"],\"url\":\"https:\/\/lyonbondyblog.fr\/LBB\/author\/admin\/\"}]}<\/script>\n<!-- \/ Yoast SEO plugin. -->","yoast_head_json":{"title":"La journ\u00e9e internationale des droits des femmes\u00a0: progr\u00e8s et stagnation - Lyon Bondy Blog","description":"Le 8 mars marque comme chaque ann\u00e9e, la journ\u00e9e internationale des droits des femmes. Ce vendredi, Lyon n'a pas d\u00e9rog\u00e9 \u00e0 la r\u00e8gle et une manifestation a \u00e9t\u00e9 organis\u00e9e pour l'occasion.","robots":{"index":"index","follow":"follow","max-snippet":"max-snippet:-1","max-image-preview":"max-image-preview:large","max-video-preview":"max-video-preview:-1"},"canonical":"https:\/\/lyonbondyblog.fr\/LBB\/la-journee-internationale-des-droits-des-femmes-progres-et-stagnation\/","og_locale":"fr_FR","og_type":"article","og_title":"La journ\u00e9e internationale des droits des femmes\u00a0: progr\u00e8s et stagnation - Lyon Bondy Blog","og_description":"Le 8 mars marque comme chaque ann\u00e9e, la journ\u00e9e internationale des droits des femmes. Ce vendredi, Lyon n'a pas d\u00e9rog\u00e9 \u00e0 la r\u00e8gle et une manifestation a \u00e9t\u00e9 organis\u00e9e pour l'occasion.","og_url":"https:\/\/lyonbondyblog.fr\/LBB\/la-journee-internationale-des-droits-des-femmes-progres-et-stagnation\/","og_site_name":"Lyon Bondy Blog","article_publisher":"https:\/\/www.facebook.com\/lyonbondyblog","article_author":"https:\/\/www.facebook.com\/lyonbondyblog","article_published_time":"2024-03-08T17:32:00+00:00","article_modified_time":"2024-03-08T17:32:02+00:00","og_image":[{"width":2560,"height":1442,"url":"https:\/\/lyonbondyblog.fr\/LBB\/wp-content\/uploads\/2024\/03\/20240308_143757-scaled.jpg","type":"image\/jpeg"}],"author":"La r\u00e9daction","twitter_card":"summary_large_image","twitter_creator":"@BondyBlogLyon","twitter_site":"@bondybloglyon","schema":{"@context":"https:\/\/schema.org","@graph":[{"@type":"Article","@id":"https:\/\/lyonbondyblog.fr\/LBB\/la-journee-internationale-des-droits-des-femmes-progres-et-stagnation\/#article","isPartOf":{"@id":"https:\/\/lyonbondyblog.fr\/LBB\/la-journee-internationale-des-droits-des-femmes-progres-et-stagnation\/"},"author":{"name":"La r\u00e9daction","@id":"https:\/\/lyonbondyblog.fr\/LBB\/#\/schema\/person\/e45f8d27baac75072daa0be50c409b25"},"headline":"La journ\u00e9e internationale des droits des femmes\u00a0: progr\u00e8s et stagnation","datePublished":"2024-03-08T17:32:00+00:00","dateModified":"2024-03-08T17:32:02+00:00","mainEntityOfPage":{"@id":"https:\/\/lyonbondyblog.fr\/LBB\/la-journee-internationale-des-droits-des-femmes-progres-et-stagnation\/"},"wordCount":335,"commentCount":0,"publisher":{"@id":"https:\/\/lyonbondyblog.fr\/LBB\/#organization"},"image":{"@id":"https:\/\/lyonbondyblog.fr\/LBB\/la-journee-internationale-des-droits-des-femmes-progres-et-stagnation\/#primaryimage"},"thumbnailUrl":"https:\/\/lyonbondyblog.fr\/LBB\/wp-content\/uploads\/2024\/03\/20240308_143757-scaled.jpg","keywords":["Droits des femmes","f\u00e9minisme","manifestation"],"articleSection":["Droits des femmes","F\u00e9minisme","Lyon","Manifestations"],"inLanguage":"fr-FR","potentialAction":[{"@type":"CommentAction","name":"Comment","target":["https:\/\/lyonbondyblog.fr\/LBB\/la-journee-internationale-des-droits-des-femmes-progres-et-stagnation\/#respond"]}]},{"@type":"WebPage","@id":"https:\/\/lyonbondyblog.fr\/LBB\/la-journee-internationale-des-droits-des-femmes-progres-et-stagnation\/","url":"https:\/\/lyonbondyblog.fr\/LBB\/la-journee-internationale-des-droits-des-femmes-progres-et-stagnation\/","name":"La journ\u00e9e internationale des droits des femmes\u00a0: progr\u00e8s et stagnation - Lyon Bondy Blog","isPartOf":{"@id":"https:\/\/lyonbondyblog.fr\/LBB\/#website"},"primaryImageOfPage":{"@id":"https:\/\/lyonbondyblog.fr\/LBB\/la-journee-internationale-des-droits-des-femmes-progres-et-stagnation\/#primaryimage"},"image":{"@id":"https:\/\/lyonbondyblog.fr\/LBB\/la-journee-internationale-des-droits-des-femmes-progres-et-stagnation\/#primaryimage"},"thumbnailUrl":"https:\/\/lyonbondyblog.fr\/LBB\/wp-content\/uploads\/2024\/03\/20240308_143757-scaled.jpg","datePublished":"2024-03-08T17:32:00+00:00","dateModified":"2024-03-08T17:32:02+00:00","description":"Le 8 mars marque comme chaque ann\u00e9e, la journ\u00e9e internationale des droits des femmes. Ce vendredi, Lyon n'a pas d\u00e9rog\u00e9 \u00e0 la r\u00e8gle et une manifestation a \u00e9t\u00e9 organis\u00e9e pour l'occasion.","inLanguage":"fr-FR","potentialAction":[{"@type":"ReadAction","target":["https:\/\/lyonbondyblog.fr\/LBB\/la-journee-internationale-des-droits-des-femmes-progres-et-stagnation\/"]}]},{"@type":"ImageObject","inLanguage":"fr-FR","@id":"https:\/\/lyonbondyblog.fr\/LBB\/la-journee-internationale-des-droits-des-femmes-progres-et-stagnation\/#primaryimage","url":"https:\/\/lyonbondyblog.fr\/LBB\/wp-content\/uploads\/2024\/03\/20240308_143757-scaled.jpg","contentUrl":"https:\/\/lyonbondyblog.fr\/LBB\/wp-content\/uploads\/2024\/03\/20240308_143757-scaled.jpg","width":2560,"height":1442},{"@type":"WebSite","@id":"https:\/\/lyonbondyblog.fr\/LBB\/#website","url":"https:\/\/lyonbondyblog.fr\/LBB\/","name":"Lyon Bondy Blog","description":"","publisher":{"@id":"https:\/\/lyonbondyblog.fr\/LBB\/#organization"},"potentialAction":[{"@type":"SearchAction","target":{"@type":"EntryPoint","urlTemplate":"https:\/\/lyonbondyblog.fr\/LBB\/?s={search_term_string}"},"query-input":"required name=search_term_string"}],"inLanguage":"fr-FR"},{"@type":"Organization","@id":"https:\/\/lyonbondyblog.fr\/LBB\/#organization","name":"LYON BONDY BLOG","url":"https:\/\/lyonbondyblog.fr\/LBB\/","logo":{"@type":"ImageObject","inLanguage":"fr-FR","@id":"https:\/\/lyonbondyblog.fr\/LBB\/#\/schema\/logo\/image\/","url":"http:\/\/lyonbondyblog.fr\/LBB\/wp-content\/uploads\/2014\/10\/logo-portable-144.png","contentUrl":"http:\/\/lyonbondyblog.fr\/LBB\/wp-content\/uploads\/2014\/10\/logo-portable-144.png","width":144,"height":123,"caption":"LYON BONDY BLOG"},"image":{"@id":"https:\/\/lyonbondyblog.fr\/LBB\/#\/schema\/logo\/image\/"},"sameAs":["https:\/\/www.facebook.com\/lyonbondyblog","https:\/\/x.com\/bondybloglyon"]},{"@type":"Person","@id":"https:\/\/lyonbondyblog.fr\/LBB\/#\/schema\/person\/e45f8d27baac75072daa0be50c409b25","name":"La r\u00e9daction","description":"Cr\u00e9e en 2008, la r\u00e9daction du Lyon Bondy Blog s'applique \u00e0 proposer une information locale diff\u00e9rente et compl\u00e9mentaire des m\u00e9dias traditionnels.","sameAs":["https:\/\/www.facebook.com\/lyonbondyblog","https:\/\/x.com\/BondyBlogLyon"],"url":"https:\/\/lyonbondyblog.fr\/LBB\/author\/admin\/"}]}},"_links":{"self":[{"href":"https:\/\/lyonbondyblog.fr\/LBB\/wp-json\/wp\/v2\/posts\/33254","targetHints":{"allow":["GET"]}}],"collection":[{"href":"https:\/\/lyonbondyblog.fr\/LBB\/wp-json\/wp\/v2\/posts"}],"about":[{"href":"https:\/\/lyonbondyblog.fr\/LBB\/wp-json\/wp\/v2\/types\/post"}],"author":[{"embeddable":true,"href":"https:\/\/lyonbondyblog.fr\/LBB\/wp-json\/wp\/v2\/users\/1"}],"replies":[{"embeddable":true,"href":"https:\/\/lyonbondyblog.fr\/LBB\/wp-json\/wp\/v2\/comments?post=33254"}],"version-history":[{"count":1,"href":"https:\/\/lyonbondyblog.fr\/LBB\/wp-json\/wp\/v2\/posts\/33254\/revisions"}],"predecessor-version":[{"id":33257,"href":"https:\/\/lyonbondyblog.fr\/LBB\/wp-json\/wp\/v2\/posts\/33254\/revisions\/33257"}],"wp:featuredmedia":[{"embeddable":true,"href":"https:\/\/lyonbondyblog.fr\/LBB\/wp-json\/wp\/v2\/media\/33255"}],"wp:attachment":[{"href":"https:\/\/lyonbondyblog.fr\/LBB\/wp-json\/wp\/v2\/media?parent=33254"}],"wp:term":[{"taxonomy":"category","embeddable":true,"href":"https:\/\/lyonbondyblog.fr\/LBB\/wp-json\/wp\/v2\/categories?post=33254"},{"taxonomy":"post_tag","embeddable":true,"href":"https:\/\/lyonbondyblog.fr\/LBB\/wp-json\/wp\/v2\/tags?post=33254"}],"curies":[{"name":"wp","href":"https:\/\/api.w.org\/{rel}","templated":true}]}}