{"id":33161,"date":"2024-02-21T16:38:47","date_gmt":"2024-02-21T15:38:47","guid":{"rendered":"https:\/\/lyonbondyblog.fr\/LBB\/?p=33161"},"modified":"2024-02-22T11:36:59","modified_gmt":"2024-02-22T10:36:59","slug":"toi-toi-le-zinc-un-lieu-culturel-et-solidaire","status":"publish","type":"post","link":"https:\/\/lyonbondyblog.fr\/LBB\/toi-toi-le-zinc-un-lieu-culturel-et-solidaire\/","title":{"rendered":"To\u00ef To\u00ef le Zinc, un lieu culturel et solidaire"},"content":{"rendered":"\n<h4 class=\"wp-block-heading\">To\u00ef To\u00ef, une fa\u00e7on de se dire \u00ab bonne chance \u00bb dans la culture russe. Zinc pour d\u00e9signer un comptoir de bar, un endroit convivial pour faciliter les rencontres. Ces deux expressions d\u00e9signent le restaurant, le bar, la salle de spectacles et de concerts, connus sous le nom de To\u00ef To\u00ef le Zinc.&nbsp;<\/h4>\n\n\n\n<p>Localis\u00e9 dans le quartier de Croix-Luizet \u00e0 Villeurbanne, ce lieu culturel \u00e9tait au d\u00e9part un garage. R\u00e9habilit\u00e9 en salle de spectacles, de concerts, en restaurant et en bar, <a href=\"https:\/\/www.toitoilezinc.fr\/\">To\u00ef To\u00ef le Zinc<\/a> s\u2019est affirm\u00e9 comme le lieu incontournable du quartier.&nbsp;<\/p>\n\n\n\n<p>Une semaine typique chez To\u00ef To\u00ef : le mardi c\u2019est stand-up avec les humoristes de <a href=\"https:\/\/www.instagram.com\/forninecomedie\/\">Fornine Comedie<\/a>. Jeudi c\u2019est DJ Set, suivi de concert le vendredi et samedi. Une programmation vari\u00e9e pour d\u00e9couvrir tous types de musiques. Rock, punk, \u00e9l\u00e9ctro, musiques latinos, africaines, etc.&nbsp;<\/p>\n\n\n\n<h4 class=\"wp-block-heading\">Venir se restaurer&nbsp;<\/h4>\n\n\n\n<p>To\u00ef To\u00ef le Zinc propose une restauration pour le d\u00e9jeuner. De 12h \u00e0 14h, les cuisines sont ouvertes pour servir une <em>\u00ab cuisine g\u00e9n\u00e9reuse, faite le jour m\u00eame avec des produits de saison \u00bb<\/em>, explique Camille Gouth\u00e9raut, charg\u00e9e de relation avec le public. L\u2019\u00e9tablissement se veut solidaire en mettant en avant le caf\u00e9 et le cookie suspendus. Le concept est simple : <em>\u00ab Les client-es peuvent acheter un caf\u00e9 ou un cookie suppl\u00e9mentaire et le mettre \u00e0 disposition d&rsquo;autres personnes. Une d\u00e9marche solidaire pour que tout le monde puisse se faire plaisir. \u00bb <\/em>Ce geste solidaire est aussi pr\u00e9sent pour la billetterie. L\u2019\u00e9tablissement a mis en place cinq formats de prix. Il y a un budget minimum (qui change en fonction des artistes), les clients peuvent ensuite donner un peu plus en fonction de leur budget : 6\u20ac50, 8\u20ac, 10\u20ac, \u2026 Le tarif \u00e9tudiant, lui, est en dessous du prix minimum.\u00a0<\/p>\n\n\n\n<p>La partie bar ouvre \u00e0 partir de 17h jusqu\u2019\u00e0 1h. Le concept de boissons suspendues est aussi mis en place. Comme pour la restauration, les produits proviennent du coin et \u00e0 prix abordables (cocktails \u00e0 8\u20ac, pinte \u00e0 7\u20ac). L&rsquo;\u00e9tablissement met \u00e0 disposition des jeux de soci\u00e9t\u00e9 et m\u00eame un barbecue pour l\u2019\u00e9t\u00e9.&nbsp;<\/p>\n\n\n\n<figure class=\"wp-block-gallery has-nested-images columns-default is-cropped wp-block-gallery-1 is-layout-flex wp-block-gallery-is-layout-flex\">\n<figure class=\"wp-block-image size-large\"><img loading=\"lazy\" decoding=\"async\" width=\"1920\" height=\"1280\" data-id=\"33163\" src=\"https:\/\/lyonbondyblog.fr\/LBB\/wp-content\/uploads\/2024\/02\/interieur-toitoilezinc-hiver-avec-AMAP-alter-Conso-@camillegoutheraut-1920x1280.jpg\" alt=\"\" class=\"wp-image-33163\" srcset=\"https:\/\/lyonbondyblog.fr\/LBB\/wp-content\/uploads\/2024\/02\/interieur-toitoilezinc-hiver-avec-AMAP-alter-Conso-@camillegoutheraut-1920x1280.jpg 1920w, https:\/\/lyonbondyblog.fr\/LBB\/wp-content\/uploads\/2024\/02\/interieur-toitoilezinc-hiver-avec-AMAP-alter-Conso-@camillegoutheraut-1200x800.jpg 1200w, https:\/\/lyonbondyblog.fr\/LBB\/wp-content\/uploads\/2024\/02\/interieur-toitoilezinc-hiver-avec-AMAP-alter-Conso-@camillegoutheraut-768x512.jpg 768w, https:\/\/lyonbondyblog.fr\/LBB\/wp-content\/uploads\/2024\/02\/interieur-toitoilezinc-hiver-avec-AMAP-alter-Conso-@camillegoutheraut-1536x1024.jpg 1536w, https:\/\/lyonbondyblog.fr\/LBB\/wp-content\/uploads\/2024\/02\/interieur-toitoilezinc-hiver-avec-AMAP-alter-Conso-@camillegoutheraut-2048x1365.jpg 2048w, https:\/\/lyonbondyblog.fr\/LBB\/wp-content\/uploads\/2024\/02\/interieur-toitoilezinc-hiver-avec-AMAP-alter-Conso-@camillegoutheraut-272x182.jpg 272w\" sizes=\"auto, (max-width: 1920px) 100vw, 1920px\" \/><\/figure>\n\n\n\n<figure class=\"wp-block-image size-large\"><img loading=\"lazy\" decoding=\"async\" width=\"1920\" height=\"1440\" data-id=\"33164\" src=\"https:\/\/lyonbondyblog.fr\/LBB\/wp-content\/uploads\/2024\/02\/Terrasse-toitoilezinc-1920x1440.jpg\" alt=\"\" class=\"wp-image-33164\" srcset=\"https:\/\/lyonbondyblog.fr\/LBB\/wp-content\/uploads\/2024\/02\/Terrasse-toitoilezinc-1920x1440.jpg 1920w, https:\/\/lyonbondyblog.fr\/LBB\/wp-content\/uploads\/2024\/02\/Terrasse-toitoilezinc-1200x900.jpg 1200w, https:\/\/lyonbondyblog.fr\/LBB\/wp-content\/uploads\/2024\/02\/Terrasse-toitoilezinc-768x576.jpg 768w, https:\/\/lyonbondyblog.fr\/LBB\/wp-content\/uploads\/2024\/02\/Terrasse-toitoilezinc-1536x1152.jpg 1536w, https:\/\/lyonbondyblog.fr\/LBB\/wp-content\/uploads\/2024\/02\/Terrasse-toitoilezinc-2048x1536.jpg 2048w\" sizes=\"auto, (max-width: 1920px) 100vw, 1920px\" \/><\/figure>\n<\/figure>\n\n\n\n<h4 class=\"wp-block-heading\">Une programmation locale et solidaire&nbsp;&nbsp;<\/h4>\n\n\n\n<p>Avec deux concerts par semaine, To\u00ef To\u00ef le Zinc propose une programmation tr\u00e8s vari\u00e9e. Pr\u00e8s de 100 concerts sont organis\u00e9s chaque ann\u00e9e. La salle de concert peut accueillir jusqu\u2019\u00e0 200 personnes.<em> \u00ab On a \u00e9norm\u00e9ment de demandes d\u2019artistes pour venir performer \u00bb<\/em>, annonce Camille Gouth\u00e9raut. Le programmateur favorise tout de m\u00eame les groupes locaux, de la r\u00e9gion lyonnaise. Tous les styles de musique se m\u00e9langent. Les clients peuvent venir d\u00e9couvrir un style diff\u00e9rent chaque semaine.&nbsp;<\/p>\n\n\n\n<p>To\u00ef To\u00ef fait \u00e9galement partie du r\u00e9seau de l\u2019association <a href=\"https:\/\/www.lacloche.org\/le-carillon\">Le Carillon<\/a>, mis en place par l&rsquo;association La Cloche AURA, qui \u0153uvre pour les personnes en situation de pr\u00e9carit\u00e9 et propose un annuaire de lieux solidaires. <em>\u00ab Il y a les caf\u00e9s suspendus, du mat\u00e9riel pour chauffer la nourriture, l&rsquo;acc\u00e8s aux toilettes, des protections hygi\u00e9niques gratuites \u00bb<\/em>, \u00e9nonce Camille.\u00a0<\/p>\n\n\n\n<p>La programmation est ax\u00e9e de plus en plus sur le c\u00f4t\u00e9 solidaire, en soutenant des projets \u00e9tudiants, des luttes, en organisant des conf\u00e9rences, des d\u00e9bats, des projections <em>\u00ab qui vont dans le sens de l\u2019\u00e9cologie, de la solidarit\u00e9, des probl\u00e8mes de pr\u00e9carit\u00e9. \u00bb<\/em> To\u00ef To\u00ef le Zinc s\u2019affirme comme un lieu solidaire, culturel et de d\u00e9couverte. <em>\u00ab C\u2019est un lieu joyeux et un peu bord\u00e9lique \u00bb<\/em>, conclut Camille Gouth\u00e9raut.\u00a0<\/p>\n\n\n\n<h5 class=\"wp-block-heading\">Les rendez-vous \u00e0 ne pas louper :&nbsp;<\/h5>\n\n\n\n<ul class=\"wp-block-list\">\n<li><strong>Jeudi 7 mars<\/strong>, 20h30, gratuit : Concert Finale Tremplin Reperkusound\u00a0<\/li>\n\n\n\n<li><strong>Vendredi 8 mars<\/strong>, 20h30, \u00e0 partir de 8\u20ac50 : Concert, soir\u00e9e Turcosmique, Folie spontan\u00e9e entre Orient et Occident<\/li>\n\n\n\n<li><strong>Vendredi 15 mars<\/strong>, 20h, prix libre : Concert Finale Vibrasons<\/li>\n\n\n\n<li><strong>Mercredi 20 mars<\/strong>, 19h30, gratuit : Cin\u00e9 Quizz<\/li>\n\n\n\n<li><strong>Samedi 23 mars<\/strong>, 20h30, \u00e0 partir de 6\u20ac50 : Concert Release Party EP Satchok + HZR + l\u2019Officier Zen<\/li>\n\n\n\n<li><strong>Mercredi 27 mars<\/strong>, 20h30, \u00e0 partir de 8\u20ac50 : Th\u00e9\u00e2tre, <em>Robuste <\/em>par le Cie Vilaines.<\/li>\n<\/ul>\n\n\n\n<blockquote class=\"wp-block-quote is-layout-flow wp-block-quote-is-layout-flow\">\n<p><strong>To\u00ef To\u00ef le Zinc<\/strong><\/p>\n\n\n\n<p>17-19 rue Marcel Dutartre, Villeurbanne.&nbsp;<\/p>\n\n\n\n<p>Du lundi au vendredi de 12h \u00e0 14h et du mardi au samedi de 17h \u00e0 1h.<\/p>\n<\/blockquote>\n\n\n\n<p>Carmen Buecher<\/p>\n<!-- AddThis Advanced Settings generic via filter on the_content --><!-- AddThis Share Buttons generic via filter on the_content -->","protected":false},"excerpt":{"rendered":"<p>To\u00ef To\u00ef, une fa\u00e7on de se dire \u00ab bonne chance \u00bb dans la culture russe. Zinc pour d\u00e9signer un comptoir de bar, un endroit convivial &hellip; <!-- AddThis Advanced Settings generic via filter on wp_trim_excerpt --><!-- AddThis Share Buttons generic via filter on wp_trim_excerpt --><\/p>\n","protected":false},"author":1,"featured_media":33162,"comment_status":"open","ping_status":"open","sticky":true,"template":"","format":"standard","meta":{"_FSMCFIC_featured_image_caption":"","_FSMCFIC_featured_image_nocaption":"","_FSMCFIC_featured_image_hide":"","footnotes":""},"categories":[3,28342,6506,10388],"tags":[564,1952,373],"class_list":["post-33161","post","type-post","status-publish","format-standard","has-post-thumbnail","hentry","category-culture","category-restaurant","category-solidarite","category-villeurbanne","tag-concert","tag-culture","tag-solidarite"],"yoast_head":"<!-- This site is optimized with the Yoast SEO plugin v22.8 - https:\/\/yoast.com\/wordpress\/plugins\/seo\/ -->\n<title>To\u00ef To\u00ef le Zinc, un lieu culturel et solidaire - Lyon Bondy Blog<\/title>\n<meta name=\"description\" content=\"To\u00ef To\u00ef le Zinc s&#039;est affirm\u00e9 comme le lieu culturel et solidaire \u00e0 Villeurbanne. Restauration, bar, concert, un projet vari\u00e9 et local.\" \/>\n<meta name=\"robots\" content=\"index, follow, max-snippet:-1, max-image-preview:large, max-video-preview:-1\" \/>\n<link rel=\"canonical\" href=\"https:\/\/lyonbondyblog.fr\/LBB\/toi-toi-le-zinc-un-lieu-culturel-et-solidaire\/\" \/>\n<meta property=\"og:locale\" content=\"fr_FR\" \/>\n<meta property=\"og:type\" content=\"article\" \/>\n<meta property=\"og:title\" content=\"To\u00ef To\u00ef le Zinc, un lieu culturel et solidaire - Lyon Bondy Blog\" \/>\n<meta property=\"og:description\" content=\"To\u00ef To\u00ef le Zinc s&#039;est affirm\u00e9 comme le lieu culturel et solidaire \u00e0 Villeurbanne. Restauration, bar, concert, un projet vari\u00e9 et local.\" \/>\n<meta property=\"og:url\" content=\"https:\/\/lyonbondyblog.fr\/LBB\/toi-toi-le-zinc-un-lieu-culturel-et-solidaire\/\" \/>\n<meta property=\"og:site_name\" content=\"Lyon Bondy Blog\" \/>\n<meta property=\"article:publisher\" content=\"https:\/\/www.facebook.com\/lyonbondyblog\" \/>\n<meta property=\"article:author\" content=\"https:\/\/www.facebook.com\/lyonbondyblog\" \/>\n<meta property=\"article:published_time\" content=\"2024-02-21T15:38:47+00:00\" \/>\n<meta property=\"article:modified_time\" content=\"2024-02-22T10:36:59+00:00\" \/>\n<meta property=\"og:image\" content=\"https:\/\/lyonbondyblog.fr\/LBB\/wp-content\/uploads\/2024\/02\/Bandikoot-in-Dub-\u00a9-Guillaume-Plantamura-scaled.jpg\" \/>\n\t<meta property=\"og:image:width\" content=\"2560\" \/>\n\t<meta property=\"og:image:height\" content=\"1707\" \/>\n\t<meta property=\"og:image:type\" content=\"image\/jpeg\" \/>\n<meta name=\"author\" content=\"La r\u00e9daction\" \/>\n<meta name=\"twitter:card\" content=\"summary_large_image\" \/>\n<meta name=\"twitter:creator\" content=\"@BondyBlogLyon\" \/>\n<meta name=\"twitter:site\" content=\"@bondybloglyon\" \/>\n<script type=\"application\/ld+json\" class=\"yoast-schema-graph\">{\"@context\":\"https:\/\/schema.org\",\"@graph\":[{\"@type\":\"Article\",\"@id\":\"https:\/\/lyonbondyblog.fr\/LBB\/toi-toi-le-zinc-un-lieu-culturel-et-solidaire\/#article\",\"isPartOf\":{\"@id\":\"https:\/\/lyonbondyblog.fr\/LBB\/toi-toi-le-zinc-un-lieu-culturel-et-solidaire\/\"},\"author\":{\"name\":\"La r\u00e9daction\",\"@id\":\"https:\/\/lyonbondyblog.fr\/LBB\/#\/schema\/person\/e45f8d27baac75072daa0be50c409b25\"},\"headline\":\"To\u00ef To\u00ef le Zinc, un lieu culturel et solidaire\",\"datePublished\":\"2024-02-21T15:38:47+00:00\",\"dateModified\":\"2024-02-22T10:36:59+00:00\",\"mainEntityOfPage\":{\"@id\":\"https:\/\/lyonbondyblog.fr\/LBB\/toi-toi-le-zinc-un-lieu-culturel-et-solidaire\/\"},\"wordCount\":690,\"commentCount\":0,\"publisher\":{\"@id\":\"https:\/\/lyonbondyblog.fr\/LBB\/#organization\"},\"image\":{\"@id\":\"https:\/\/lyonbondyblog.fr\/LBB\/toi-toi-le-zinc-un-lieu-culturel-et-solidaire\/#primaryimage\"},\"thumbnailUrl\":\"https:\/\/lyonbondyblog.fr\/LBB\/wp-content\/uploads\/2024\/02\/Bandikoot-in-Dub-\u00a9-Guillaume-Plantamura-scaled.jpg\",\"keywords\":[\"Concert\",\"Culture\",\"solidarit\u00e9\"],\"articleSection\":[\"Culture\",\"Restaurant\",\"Solidarit\u00e9\",\"Villeurbanne\"],\"inLanguage\":\"fr-FR\",\"potentialAction\":[{\"@type\":\"CommentAction\",\"name\":\"Comment\",\"target\":[\"https:\/\/lyonbondyblog.fr\/LBB\/toi-toi-le-zinc-un-lieu-culturel-et-solidaire\/#respond\"]}]},{\"@type\":\"WebPage\",\"@id\":\"https:\/\/lyonbondyblog.fr\/LBB\/toi-toi-le-zinc-un-lieu-culturel-et-solidaire\/\",\"url\":\"https:\/\/lyonbondyblog.fr\/LBB\/toi-toi-le-zinc-un-lieu-culturel-et-solidaire\/\",\"name\":\"To\u00ef To\u00ef le Zinc, un lieu culturel et solidaire - Lyon Bondy Blog\",\"isPartOf\":{\"@id\":\"https:\/\/lyonbondyblog.fr\/LBB\/#website\"},\"primaryImageOfPage\":{\"@id\":\"https:\/\/lyonbondyblog.fr\/LBB\/toi-toi-le-zinc-un-lieu-culturel-et-solidaire\/#primaryimage\"},\"image\":{\"@id\":\"https:\/\/lyonbondyblog.fr\/LBB\/toi-toi-le-zinc-un-lieu-culturel-et-solidaire\/#primaryimage\"},\"thumbnailUrl\":\"https:\/\/lyonbondyblog.fr\/LBB\/wp-content\/uploads\/2024\/02\/Bandikoot-in-Dub-\u00a9-Guillaume-Plantamura-scaled.jpg\",\"datePublished\":\"2024-02-21T15:38:47+00:00\",\"dateModified\":\"2024-02-22T10:36:59+00:00\",\"description\":\"To\u00ef To\u00ef le Zinc s'est affirm\u00e9 comme le lieu culturel et solidaire \u00e0 Villeurbanne. Restauration, bar, concert, un projet vari\u00e9 et local.\",\"inLanguage\":\"fr-FR\",\"potentialAction\":[{\"@type\":\"ReadAction\",\"target\":[\"https:\/\/lyonbondyblog.fr\/LBB\/toi-toi-le-zinc-un-lieu-culturel-et-solidaire\/\"]}]},{\"@type\":\"ImageObject\",\"inLanguage\":\"fr-FR\",\"@id\":\"https:\/\/lyonbondyblog.fr\/LBB\/toi-toi-le-zinc-un-lieu-culturel-et-solidaire\/#primaryimage\",\"url\":\"https:\/\/lyonbondyblog.fr\/LBB\/wp-content\/uploads\/2024\/02\/Bandikoot-in-Dub-\u00a9-Guillaume-Plantamura-scaled.jpg\",\"contentUrl\":\"https:\/\/lyonbondyblog.fr\/LBB\/wp-content\/uploads\/2024\/02\/Bandikoot-in-Dub-\u00a9-Guillaume-Plantamura-scaled.jpg\",\"width\":2560,\"height\":1707,\"caption\":\"\u00a9 Guillaume Plantamura\"},{\"@type\":\"WebSite\",\"@id\":\"https:\/\/lyonbondyblog.fr\/LBB\/#website\",\"url\":\"https:\/\/lyonbondyblog.fr\/LBB\/\",\"name\":\"Lyon Bondy Blog\",\"description\":\"\",\"publisher\":{\"@id\":\"https:\/\/lyonbondyblog.fr\/LBB\/#organization\"},\"potentialAction\":[{\"@type\":\"SearchAction\",\"target\":{\"@type\":\"EntryPoint\",\"urlTemplate\":\"https:\/\/lyonbondyblog.fr\/LBB\/?s={search_term_string}\"},\"query-input\":\"required name=search_term_string\"}],\"inLanguage\":\"fr-FR\"},{\"@type\":\"Organization\",\"@id\":\"https:\/\/lyonbondyblog.fr\/LBB\/#organization\",\"name\":\"LYON BONDY BLOG\",\"url\":\"https:\/\/lyonbondyblog.fr\/LBB\/\",\"logo\":{\"@type\":\"ImageObject\",\"inLanguage\":\"fr-FR\",\"@id\":\"https:\/\/lyonbondyblog.fr\/LBB\/#\/schema\/logo\/image\/\",\"url\":\"http:\/\/lyonbondyblog.fr\/LBB\/wp-content\/uploads\/2014\/10\/logo-portable-144.png\",\"contentUrl\":\"http:\/\/lyonbondyblog.fr\/LBB\/wp-content\/uploads\/2014\/10\/logo-portable-144.png\",\"width\":144,\"height\":123,\"caption\":\"LYON BONDY BLOG\"},\"image\":{\"@id\":\"https:\/\/lyonbondyblog.fr\/LBB\/#\/schema\/logo\/image\/\"},\"sameAs\":[\"https:\/\/www.facebook.com\/lyonbondyblog\",\"https:\/\/x.com\/bondybloglyon\"]},{\"@type\":\"Person\",\"@id\":\"https:\/\/lyonbondyblog.fr\/LBB\/#\/schema\/person\/e45f8d27baac75072daa0be50c409b25\",\"name\":\"La r\u00e9daction\",\"description\":\"Cr\u00e9e en 2008, la r\u00e9daction du Lyon Bondy Blog s'applique \u00e0 proposer une information locale diff\u00e9rente et compl\u00e9mentaire des m\u00e9dias traditionnels.\",\"sameAs\":[\"https:\/\/www.facebook.com\/lyonbondyblog\",\"https:\/\/x.com\/BondyBlogLyon\"],\"url\":\"https:\/\/lyonbondyblog.fr\/LBB\/author\/admin\/\"}]}<\/script>\n<!-- \/ Yoast SEO plugin. -->","yoast_head_json":{"title":"To\u00ef To\u00ef le Zinc, un lieu culturel et solidaire - Lyon Bondy Blog","description":"To\u00ef To\u00ef le Zinc s'est affirm\u00e9 comme le lieu culturel et solidaire \u00e0 Villeurbanne. Restauration, bar, concert, un projet vari\u00e9 et local.","robots":{"index":"index","follow":"follow","max-snippet":"max-snippet:-1","max-image-preview":"max-image-preview:large","max-video-preview":"max-video-preview:-1"},"canonical":"https:\/\/lyonbondyblog.fr\/LBB\/toi-toi-le-zinc-un-lieu-culturel-et-solidaire\/","og_locale":"fr_FR","og_type":"article","og_title":"To\u00ef To\u00ef le Zinc, un lieu culturel et solidaire - Lyon Bondy Blog","og_description":"To\u00ef To\u00ef le Zinc s'est affirm\u00e9 comme le lieu culturel et solidaire \u00e0 Villeurbanne. Restauration, bar, concert, un projet vari\u00e9 et local.","og_url":"https:\/\/lyonbondyblog.fr\/LBB\/toi-toi-le-zinc-un-lieu-culturel-et-solidaire\/","og_site_name":"Lyon Bondy Blog","article_publisher":"https:\/\/www.facebook.com\/lyonbondyblog","article_author":"https:\/\/www.facebook.com\/lyonbondyblog","article_published_time":"2024-02-21T15:38:47+00:00","article_modified_time":"2024-02-22T10:36:59+00:00","og_image":[{"width":2560,"height":1707,"url":"https:\/\/lyonbondyblog.fr\/LBB\/wp-content\/uploads\/2024\/02\/Bandikoot-in-Dub-\u00a9-Guillaume-Plantamura-scaled.jpg","type":"image\/jpeg"}],"author":"La r\u00e9daction","twitter_card":"summary_large_image","twitter_creator":"@BondyBlogLyon","twitter_site":"@bondybloglyon","schema":{"@context":"https:\/\/schema.org","@graph":[{"@type":"Article","@id":"https:\/\/lyonbondyblog.fr\/LBB\/toi-toi-le-zinc-un-lieu-culturel-et-solidaire\/#article","isPartOf":{"@id":"https:\/\/lyonbondyblog.fr\/LBB\/toi-toi-le-zinc-un-lieu-culturel-et-solidaire\/"},"author":{"name":"La r\u00e9daction","@id":"https:\/\/lyonbondyblog.fr\/LBB\/#\/schema\/person\/e45f8d27baac75072daa0be50c409b25"},"headline":"To\u00ef To\u00ef le Zinc, un lieu culturel et solidaire","datePublished":"2024-02-21T15:38:47+00:00","dateModified":"2024-02-22T10:36:59+00:00","mainEntityOfPage":{"@id":"https:\/\/lyonbondyblog.fr\/LBB\/toi-toi-le-zinc-un-lieu-culturel-et-solidaire\/"},"wordCount":690,"commentCount":0,"publisher":{"@id":"https:\/\/lyonbondyblog.fr\/LBB\/#organization"},"image":{"@id":"https:\/\/lyonbondyblog.fr\/LBB\/toi-toi-le-zinc-un-lieu-culturel-et-solidaire\/#primaryimage"},"thumbnailUrl":"https:\/\/lyonbondyblog.fr\/LBB\/wp-content\/uploads\/2024\/02\/Bandikoot-in-Dub-\u00a9-Guillaume-Plantamura-scaled.jpg","keywords":["Concert","Culture","solidarit\u00e9"],"articleSection":["Culture","Restaurant","Solidarit\u00e9","Villeurbanne"],"inLanguage":"fr-FR","potentialAction":[{"@type":"CommentAction","name":"Comment","target":["https:\/\/lyonbondyblog.fr\/LBB\/toi-toi-le-zinc-un-lieu-culturel-et-solidaire\/#respond"]}]},{"@type":"WebPage","@id":"https:\/\/lyonbondyblog.fr\/LBB\/toi-toi-le-zinc-un-lieu-culturel-et-solidaire\/","url":"https:\/\/lyonbondyblog.fr\/LBB\/toi-toi-le-zinc-un-lieu-culturel-et-solidaire\/","name":"To\u00ef To\u00ef le Zinc, un lieu culturel et solidaire - Lyon Bondy Blog","isPartOf":{"@id":"https:\/\/lyonbondyblog.fr\/LBB\/#website"},"primaryImageOfPage":{"@id":"https:\/\/lyonbondyblog.fr\/LBB\/toi-toi-le-zinc-un-lieu-culturel-et-solidaire\/#primaryimage"},"image":{"@id":"https:\/\/lyonbondyblog.fr\/LBB\/toi-toi-le-zinc-un-lieu-culturel-et-solidaire\/#primaryimage"},"thumbnailUrl":"https:\/\/lyonbondyblog.fr\/LBB\/wp-content\/uploads\/2024\/02\/Bandikoot-in-Dub-\u00a9-Guillaume-Plantamura-scaled.jpg","datePublished":"2024-02-21T15:38:47+00:00","dateModified":"2024-02-22T10:36:59+00:00","description":"To\u00ef To\u00ef le Zinc s'est affirm\u00e9 comme le lieu culturel et solidaire \u00e0 Villeurbanne. Restauration, bar, concert, un projet vari\u00e9 et local.","inLanguage":"fr-FR","potentialAction":[{"@type":"ReadAction","target":["https:\/\/lyonbondyblog.fr\/LBB\/toi-toi-le-zinc-un-lieu-culturel-et-solidaire\/"]}]},{"@type":"ImageObject","inLanguage":"fr-FR","@id":"https:\/\/lyonbondyblog.fr\/LBB\/toi-toi-le-zinc-un-lieu-culturel-et-solidaire\/#primaryimage","url":"https:\/\/lyonbondyblog.fr\/LBB\/wp-content\/uploads\/2024\/02\/Bandikoot-in-Dub-\u00a9-Guillaume-Plantamura-scaled.jpg","contentUrl":"https:\/\/lyonbondyblog.fr\/LBB\/wp-content\/uploads\/2024\/02\/Bandikoot-in-Dub-\u00a9-Guillaume-Plantamura-scaled.jpg","width":2560,"height":1707,"caption":"\u00a9 Guillaume Plantamura"},{"@type":"WebSite","@id":"https:\/\/lyonbondyblog.fr\/LBB\/#website","url":"https:\/\/lyonbondyblog.fr\/LBB\/","name":"Lyon Bondy Blog","description":"","publisher":{"@id":"https:\/\/lyonbondyblog.fr\/LBB\/#organization"},"potentialAction":[{"@type":"SearchAction","target":{"@type":"EntryPoint","urlTemplate":"https:\/\/lyonbondyblog.fr\/LBB\/?s={search_term_string}"},"query-input":"required name=search_term_string"}],"inLanguage":"fr-FR"},{"@type":"Organization","@id":"https:\/\/lyonbondyblog.fr\/LBB\/#organization","name":"LYON BONDY BLOG","url":"https:\/\/lyonbondyblog.fr\/LBB\/","logo":{"@type":"ImageObject","inLanguage":"fr-FR","@id":"https:\/\/lyonbondyblog.fr\/LBB\/#\/schema\/logo\/image\/","url":"http:\/\/lyonbondyblog.fr\/LBB\/wp-content\/uploads\/2014\/10\/logo-portable-144.png","contentUrl":"http:\/\/lyonbondyblog.fr\/LBB\/wp-content\/uploads\/2014\/10\/logo-portable-144.png","width":144,"height":123,"caption":"LYON BONDY BLOG"},"image":{"@id":"https:\/\/lyonbondyblog.fr\/LBB\/#\/schema\/logo\/image\/"},"sameAs":["https:\/\/www.facebook.com\/lyonbondyblog","https:\/\/x.com\/bondybloglyon"]},{"@type":"Person","@id":"https:\/\/lyonbondyblog.fr\/LBB\/#\/schema\/person\/e45f8d27baac75072daa0be50c409b25","name":"La r\u00e9daction","description":"Cr\u00e9e en 2008, la r\u00e9daction du Lyon Bondy Blog s'applique \u00e0 proposer une information locale diff\u00e9rente et compl\u00e9mentaire des m\u00e9dias traditionnels.","sameAs":["https:\/\/www.facebook.com\/lyonbondyblog","https:\/\/x.com\/BondyBlogLyon"],"url":"https:\/\/lyonbondyblog.fr\/LBB\/author\/admin\/"}]}},"_links":{"self":[{"href":"https:\/\/lyonbondyblog.fr\/LBB\/wp-json\/wp\/v2\/posts\/33161","targetHints":{"allow":["GET"]}}],"collection":[{"href":"https:\/\/lyonbondyblog.fr\/LBB\/wp-json\/wp\/v2\/posts"}],"about":[{"href":"https:\/\/lyonbondyblog.fr\/LBB\/wp-json\/wp\/v2\/types\/post"}],"author":[{"embeddable":true,"href":"https:\/\/lyonbondyblog.fr\/LBB\/wp-json\/wp\/v2\/users\/1"}],"replies":[{"embeddable":true,"href":"https:\/\/lyonbondyblog.fr\/LBB\/wp-json\/wp\/v2\/comments?post=33161"}],"version-history":[{"count":5,"href":"https:\/\/lyonbondyblog.fr\/LBB\/wp-json\/wp\/v2\/posts\/33161\/revisions"}],"predecessor-version":[{"id":33175,"href":"https:\/\/lyonbondyblog.fr\/LBB\/wp-json\/wp\/v2\/posts\/33161\/revisions\/33175"}],"wp:featuredmedia":[{"embeddable":true,"href":"https:\/\/lyonbondyblog.fr\/LBB\/wp-json\/wp\/v2\/media\/33162"}],"wp:attachment":[{"href":"https:\/\/lyonbondyblog.fr\/LBB\/wp-json\/wp\/v2\/media?parent=33161"}],"wp:term":[{"taxonomy":"category","embeddable":true,"href":"https:\/\/lyonbondyblog.fr\/LBB\/wp-json\/wp\/v2\/categories?post=33161"},{"taxonomy":"post_tag","embeddable":true,"href":"https:\/\/lyonbondyblog.fr\/LBB\/wp-json\/wp\/v2\/tags?post=33161"}],"curies":[{"name":"wp","href":"https:\/\/api.w.org\/{rel}","templated":true}]}}