{"id":33138,"date":"2024-02-14T16:47:43","date_gmt":"2024-02-14T15:47:43","guid":{"rendered":"https:\/\/lyonbondyblog.fr\/LBB\/?p=33138"},"modified":"2025-05-20T11:56:32","modified_gmt":"2025-05-20T09:56:32","slug":"la-chorale-pirate-de-villeurbanne","status":"publish","type":"post","link":"https:\/\/lyonbondyblog.fr\/LBB\/la-chorale-pirate-de-villeurbanne\/","title":{"rendered":"La chorale pirate de Villeurbanne&nbsp;"},"content":{"rendered":"\n<h4 class=\"wp-block-heading\">La chorale pirate offre une repr\u00e9sentation demain soir au bar \u00ab le Taille crayon \u00bb \u00e0 Villeurbanne. Cette chorale est issue du collectif inter-disciplinaire (CID). Rencontre avec Tamara Dannreuther, responsable de cette structure.<\/h4>\n\n\n\n<p>Le <a href=\"https:\/\/collectifinterdisciplinaire.com\/\">CID <\/a>regroupe plusieurs activit\u00e9s notamment dans le domaine musical ou dans le th\u00e9\u00e2tre. Bas\u00e9 \u00e0 Villeurbanne, le collectif propose des cours de chants tout au long de l&rsquo;ann\u00e9e. Le but est de cr\u00e9er une chorale avec de multiples repr\u00e9sentations notamment dans les bars, les parcs ou dans le m\u00e9tro (dans le cadre de la f\u00eate de la musique, par exemple). Le concept de cette chorale est de r\u00e9aliser des happenings et de faire chanter les spectateurs dans des endroits divers et vari\u00e9s depuis 2017.\u00a0<\/p>\n\n\n\n<p><a href=\"https:\/\/tamara.live\/\">Tamara Dannreuther<\/a>, nous pr\u00e9sente la chorale pirate et le CID<\/p>\n\n\n\n<figure class=\"wp-block-audio\"><audio controls src=\"https:\/\/lyonbondyblog.fr\/LBB\/wp-content\/uploads\/2024\/02\/recording13.wav\"><\/audio><\/figure>\n\n\n\n<blockquote class=\"wp-block-quote is-layout-flow wp-block-quote-is-layout-flow\">\n<p><strong>Chorale Pirate<\/strong><\/p>\n\n\n\n<p><a href=\"https:\/\/www.le-taille-crayon.fr\/\">Le Taille Crayon<\/a>, 21 rue Flachet, Villeurbanne<\/p>\n\n\n\n<p>Le 15 f\u00e9vrier \u00e0 20h<\/p>\n<\/blockquote>\n<!-- AddThis Advanced Settings generic via filter on the_content --><!-- AddThis Share Buttons generic via filter on the_content -->","protected":false},"excerpt":{"rendered":"<p>La chorale pirate offre une repr\u00e9sentation demain soir au bar \u00ab le Taille crayon \u00bb \u00e0 Villeurbanne. Cette chorale est issue du collectif inter-disciplinaire (CID). &hellip; <!-- AddThis Advanced Settings generic via filter on wp_trim_excerpt --><!-- AddThis Share Buttons generic via filter on wp_trim_excerpt --><\/p>\n","protected":false},"author":1,"featured_media":33141,"comment_status":"open","ping_status":"open","sticky":true,"template":"","format":"standard","meta":{"_FSMCFIC_featured_image_caption":"","_FSMCFIC_featured_image_nocaption":"","_FSMCFIC_featured_image_hide":"","footnotes":""},"categories":[6440,13697,10388],"tags":[],"class_list":["post-33138","post","type-post","status-publish","format-standard","has-post-thumbnail","hentry","category-musique","category-spectacle","category-villeurbanne"],"yoast_head":"<!-- This site is optimized with the Yoast SEO plugin v22.8 - https:\/\/yoast.com\/wordpress\/plugins\/seo\/ -->\n<title>La chorale pirate de Villeurbanne&nbsp; - Lyon Bondy Blog<\/title>\n<meta name=\"description\" content=\"La chorale pirate offre une repr\u00e9sentation demain soir au bar \u00ab le Taille crayon \u00bb \u00e0 Villeurbanne.\" \/>\n<meta name=\"robots\" content=\"index, follow, max-snippet:-1, max-image-preview:large, max-video-preview:-1\" \/>\n<link rel=\"canonical\" href=\"https:\/\/lyonbondyblog.fr\/LBB\/la-chorale-pirate-de-villeurbanne\/\" \/>\n<meta property=\"og:locale\" content=\"fr_FR\" \/>\n<meta property=\"og:type\" content=\"article\" \/>\n<meta property=\"og:title\" content=\"La chorale pirate de Villeurbanne&nbsp; - Lyon Bondy Blog\" \/>\n<meta property=\"og:description\" content=\"La chorale pirate offre une repr\u00e9sentation demain soir au bar \u00ab le Taille crayon \u00bb \u00e0 Villeurbanne.\" \/>\n<meta property=\"og:url\" content=\"https:\/\/lyonbondyblog.fr\/LBB\/la-chorale-pirate-de-villeurbanne\/\" \/>\n<meta property=\"og:site_name\" content=\"Lyon Bondy Blog\" \/>\n<meta property=\"article:publisher\" content=\"https:\/\/www.facebook.com\/lyonbondyblog\" \/>\n<meta property=\"article:author\" content=\"https:\/\/www.facebook.com\/lyonbondyblog\" \/>\n<meta property=\"article:published_time\" content=\"2024-02-14T15:47:43+00:00\" \/>\n<meta property=\"article:modified_time\" content=\"2025-05-20T09:56:32+00:00\" \/>\n<meta property=\"og:image\" content=\"https:\/\/lyonbondyblog.fr\/LBB\/wp-content\/uploads\/2024\/02\/unnamed.png\" \/>\n\t<meta property=\"og:image:width\" content=\"1000\" \/>\n\t<meta property=\"og:image:height\" content=\"458\" \/>\n\t<meta property=\"og:image:type\" content=\"image\/png\" \/>\n<meta name=\"author\" content=\"La r\u00e9daction\" \/>\n<meta name=\"twitter:card\" content=\"summary_large_image\" \/>\n<meta name=\"twitter:creator\" content=\"@BondyBlogLyon\" \/>\n<meta name=\"twitter:site\" content=\"@bondybloglyon\" \/>\n<script type=\"application\/ld+json\" class=\"yoast-schema-graph\">{\"@context\":\"https:\/\/schema.org\",\"@graph\":[{\"@type\":\"Article\",\"@id\":\"https:\/\/lyonbondyblog.fr\/LBB\/la-chorale-pirate-de-villeurbanne\/#article\",\"isPartOf\":{\"@id\":\"https:\/\/lyonbondyblog.fr\/LBB\/la-chorale-pirate-de-villeurbanne\/\"},\"author\":{\"name\":\"La r\u00e9daction\",\"@id\":\"https:\/\/lyonbondyblog.fr\/LBB\/#\/schema\/person\/e45f8d27baac75072daa0be50c409b25\"},\"headline\":\"La chorale pirate de Villeurbanne&nbsp;\",\"datePublished\":\"2024-02-14T15:47:43+00:00\",\"dateModified\":\"2025-05-20T09:56:32+00:00\",\"mainEntityOfPage\":{\"@id\":\"https:\/\/lyonbondyblog.fr\/LBB\/la-chorale-pirate-de-villeurbanne\/\"},\"wordCount\":152,\"commentCount\":0,\"publisher\":{\"@id\":\"https:\/\/lyonbondyblog.fr\/LBB\/#organization\"},\"image\":{\"@id\":\"https:\/\/lyonbondyblog.fr\/LBB\/la-chorale-pirate-de-villeurbanne\/#primaryimage\"},\"thumbnailUrl\":\"https:\/\/lyonbondyblog.fr\/LBB\/wp-content\/uploads\/2024\/02\/unnamed.png\",\"articleSection\":[\"Musique\",\"Spectacle\",\"Villeurbanne\"],\"inLanguage\":\"fr-FR\",\"potentialAction\":[{\"@type\":\"CommentAction\",\"name\":\"Comment\",\"target\":[\"https:\/\/lyonbondyblog.fr\/LBB\/la-chorale-pirate-de-villeurbanne\/#respond\"]}]},{\"@type\":\"WebPage\",\"@id\":\"https:\/\/lyonbondyblog.fr\/LBB\/la-chorale-pirate-de-villeurbanne\/\",\"url\":\"https:\/\/lyonbondyblog.fr\/LBB\/la-chorale-pirate-de-villeurbanne\/\",\"name\":\"La chorale pirate de Villeurbanne&nbsp; - Lyon Bondy Blog\",\"isPartOf\":{\"@id\":\"https:\/\/lyonbondyblog.fr\/LBB\/#website\"},\"primaryImageOfPage\":{\"@id\":\"https:\/\/lyonbondyblog.fr\/LBB\/la-chorale-pirate-de-villeurbanne\/#primaryimage\"},\"image\":{\"@id\":\"https:\/\/lyonbondyblog.fr\/LBB\/la-chorale-pirate-de-villeurbanne\/#primaryimage\"},\"thumbnailUrl\":\"https:\/\/lyonbondyblog.fr\/LBB\/wp-content\/uploads\/2024\/02\/unnamed.png\",\"datePublished\":\"2024-02-14T15:47:43+00:00\",\"dateModified\":\"2025-05-20T09:56:32+00:00\",\"description\":\"La chorale pirate offre une repr\u00e9sentation demain soir au bar \u00ab le Taille crayon \u00bb \u00e0 Villeurbanne.\",\"inLanguage\":\"fr-FR\",\"potentialAction\":[{\"@type\":\"ReadAction\",\"target\":[\"https:\/\/lyonbondyblog.fr\/LBB\/la-chorale-pirate-de-villeurbanne\/\"]}]},{\"@type\":\"ImageObject\",\"inLanguage\":\"fr-FR\",\"@id\":\"https:\/\/lyonbondyblog.fr\/LBB\/la-chorale-pirate-de-villeurbanne\/#primaryimage\",\"url\":\"https:\/\/lyonbondyblog.fr\/LBB\/wp-content\/uploads\/2024\/02\/unnamed.png\",\"contentUrl\":\"https:\/\/lyonbondyblog.fr\/LBB\/wp-content\/uploads\/2024\/02\/unnamed.png\",\"width\":1000,\"height\":458},{\"@type\":\"WebSite\",\"@id\":\"https:\/\/lyonbondyblog.fr\/LBB\/#website\",\"url\":\"https:\/\/lyonbondyblog.fr\/LBB\/\",\"name\":\"Lyon Bondy Blog\",\"description\":\"\",\"publisher\":{\"@id\":\"https:\/\/lyonbondyblog.fr\/LBB\/#organization\"},\"potentialAction\":[{\"@type\":\"SearchAction\",\"target\":{\"@type\":\"EntryPoint\",\"urlTemplate\":\"https:\/\/lyonbondyblog.fr\/LBB\/?s={search_term_string}\"},\"query-input\":\"required name=search_term_string\"}],\"inLanguage\":\"fr-FR\"},{\"@type\":\"Organization\",\"@id\":\"https:\/\/lyonbondyblog.fr\/LBB\/#organization\",\"name\":\"LYON BONDY BLOG\",\"url\":\"https:\/\/lyonbondyblog.fr\/LBB\/\",\"logo\":{\"@type\":\"ImageObject\",\"inLanguage\":\"fr-FR\",\"@id\":\"https:\/\/lyonbondyblog.fr\/LBB\/#\/schema\/logo\/image\/\",\"url\":\"http:\/\/lyonbondyblog.fr\/LBB\/wp-content\/uploads\/2014\/10\/logo-portable-144.png\",\"contentUrl\":\"http:\/\/lyonbondyblog.fr\/LBB\/wp-content\/uploads\/2014\/10\/logo-portable-144.png\",\"width\":144,\"height\":123,\"caption\":\"LYON BONDY BLOG\"},\"image\":{\"@id\":\"https:\/\/lyonbondyblog.fr\/LBB\/#\/schema\/logo\/image\/\"},\"sameAs\":[\"https:\/\/www.facebook.com\/lyonbondyblog\",\"https:\/\/x.com\/bondybloglyon\"]},{\"@type\":\"Person\",\"@id\":\"https:\/\/lyonbondyblog.fr\/LBB\/#\/schema\/person\/e45f8d27baac75072daa0be50c409b25\",\"name\":\"La r\u00e9daction\",\"description\":\"Cr\u00e9e en 2008, la r\u00e9daction du Lyon Bondy Blog s'applique \u00e0 proposer une information locale diff\u00e9rente et compl\u00e9mentaire des m\u00e9dias traditionnels.\",\"sameAs\":[\"https:\/\/www.facebook.com\/lyonbondyblog\",\"https:\/\/x.com\/BondyBlogLyon\"],\"url\":\"https:\/\/lyonbondyblog.fr\/LBB\/author\/admin\/\"}]}<\/script>\n<!-- \/ Yoast SEO plugin. -->","yoast_head_json":{"title":"La chorale pirate de Villeurbanne&nbsp; - Lyon Bondy Blog","description":"La chorale pirate offre une repr\u00e9sentation demain soir au bar \u00ab le Taille crayon \u00bb \u00e0 Villeurbanne.","robots":{"index":"index","follow":"follow","max-snippet":"max-snippet:-1","max-image-preview":"max-image-preview:large","max-video-preview":"max-video-preview:-1"},"canonical":"https:\/\/lyonbondyblog.fr\/LBB\/la-chorale-pirate-de-villeurbanne\/","og_locale":"fr_FR","og_type":"article","og_title":"La chorale pirate de Villeurbanne&nbsp; - Lyon Bondy Blog","og_description":"La chorale pirate offre une repr\u00e9sentation demain soir au bar \u00ab le Taille crayon \u00bb \u00e0 Villeurbanne.","og_url":"https:\/\/lyonbondyblog.fr\/LBB\/la-chorale-pirate-de-villeurbanne\/","og_site_name":"Lyon Bondy Blog","article_publisher":"https:\/\/www.facebook.com\/lyonbondyblog","article_author":"https:\/\/www.facebook.com\/lyonbondyblog","article_published_time":"2024-02-14T15:47:43+00:00","article_modified_time":"2025-05-20T09:56:32+00:00","og_image":[{"width":1000,"height":458,"url":"https:\/\/lyonbondyblog.fr\/LBB\/wp-content\/uploads\/2024\/02\/unnamed.png","type":"image\/png"}],"author":"La r\u00e9daction","twitter_card":"summary_large_image","twitter_creator":"@BondyBlogLyon","twitter_site":"@bondybloglyon","schema":{"@context":"https:\/\/schema.org","@graph":[{"@type":"Article","@id":"https:\/\/lyonbondyblog.fr\/LBB\/la-chorale-pirate-de-villeurbanne\/#article","isPartOf":{"@id":"https:\/\/lyonbondyblog.fr\/LBB\/la-chorale-pirate-de-villeurbanne\/"},"author":{"name":"La r\u00e9daction","@id":"https:\/\/lyonbondyblog.fr\/LBB\/#\/schema\/person\/e45f8d27baac75072daa0be50c409b25"},"headline":"La chorale pirate de Villeurbanne&nbsp;","datePublished":"2024-02-14T15:47:43+00:00","dateModified":"2025-05-20T09:56:32+00:00","mainEntityOfPage":{"@id":"https:\/\/lyonbondyblog.fr\/LBB\/la-chorale-pirate-de-villeurbanne\/"},"wordCount":152,"commentCount":0,"publisher":{"@id":"https:\/\/lyonbondyblog.fr\/LBB\/#organization"},"image":{"@id":"https:\/\/lyonbondyblog.fr\/LBB\/la-chorale-pirate-de-villeurbanne\/#primaryimage"},"thumbnailUrl":"https:\/\/lyonbondyblog.fr\/LBB\/wp-content\/uploads\/2024\/02\/unnamed.png","articleSection":["Musique","Spectacle","Villeurbanne"],"inLanguage":"fr-FR","potentialAction":[{"@type":"CommentAction","name":"Comment","target":["https:\/\/lyonbondyblog.fr\/LBB\/la-chorale-pirate-de-villeurbanne\/#respond"]}]},{"@type":"WebPage","@id":"https:\/\/lyonbondyblog.fr\/LBB\/la-chorale-pirate-de-villeurbanne\/","url":"https:\/\/lyonbondyblog.fr\/LBB\/la-chorale-pirate-de-villeurbanne\/","name":"La chorale pirate de Villeurbanne&nbsp; - Lyon Bondy Blog","isPartOf":{"@id":"https:\/\/lyonbondyblog.fr\/LBB\/#website"},"primaryImageOfPage":{"@id":"https:\/\/lyonbondyblog.fr\/LBB\/la-chorale-pirate-de-villeurbanne\/#primaryimage"},"image":{"@id":"https:\/\/lyonbondyblog.fr\/LBB\/la-chorale-pirate-de-villeurbanne\/#primaryimage"},"thumbnailUrl":"https:\/\/lyonbondyblog.fr\/LBB\/wp-content\/uploads\/2024\/02\/unnamed.png","datePublished":"2024-02-14T15:47:43+00:00","dateModified":"2025-05-20T09:56:32+00:00","description":"La chorale pirate offre une repr\u00e9sentation demain soir au bar \u00ab le Taille crayon \u00bb \u00e0 Villeurbanne.","inLanguage":"fr-FR","potentialAction":[{"@type":"ReadAction","target":["https:\/\/lyonbondyblog.fr\/LBB\/la-chorale-pirate-de-villeurbanne\/"]}]},{"@type":"ImageObject","inLanguage":"fr-FR","@id":"https:\/\/lyonbondyblog.fr\/LBB\/la-chorale-pirate-de-villeurbanne\/#primaryimage","url":"https:\/\/lyonbondyblog.fr\/LBB\/wp-content\/uploads\/2024\/02\/unnamed.png","contentUrl":"https:\/\/lyonbondyblog.fr\/LBB\/wp-content\/uploads\/2024\/02\/unnamed.png","width":1000,"height":458},{"@type":"WebSite","@id":"https:\/\/lyonbondyblog.fr\/LBB\/#website","url":"https:\/\/lyonbondyblog.fr\/LBB\/","name":"Lyon Bondy Blog","description":"","publisher":{"@id":"https:\/\/lyonbondyblog.fr\/LBB\/#organization"},"potentialAction":[{"@type":"SearchAction","target":{"@type":"EntryPoint","urlTemplate":"https:\/\/lyonbondyblog.fr\/LBB\/?s={search_term_string}"},"query-input":"required name=search_term_string"}],"inLanguage":"fr-FR"},{"@type":"Organization","@id":"https:\/\/lyonbondyblog.fr\/LBB\/#organization","name":"LYON BONDY BLOG","url":"https:\/\/lyonbondyblog.fr\/LBB\/","logo":{"@type":"ImageObject","inLanguage":"fr-FR","@id":"https:\/\/lyonbondyblog.fr\/LBB\/#\/schema\/logo\/image\/","url":"http:\/\/lyonbondyblog.fr\/LBB\/wp-content\/uploads\/2014\/10\/logo-portable-144.png","contentUrl":"http:\/\/lyonbondyblog.fr\/LBB\/wp-content\/uploads\/2014\/10\/logo-portable-144.png","width":144,"height":123,"caption":"LYON BONDY BLOG"},"image":{"@id":"https:\/\/lyonbondyblog.fr\/LBB\/#\/schema\/logo\/image\/"},"sameAs":["https:\/\/www.facebook.com\/lyonbondyblog","https:\/\/x.com\/bondybloglyon"]},{"@type":"Person","@id":"https:\/\/lyonbondyblog.fr\/LBB\/#\/schema\/person\/e45f8d27baac75072daa0be50c409b25","name":"La r\u00e9daction","description":"Cr\u00e9e en 2008, la r\u00e9daction du Lyon Bondy Blog s'applique \u00e0 proposer une information locale diff\u00e9rente et compl\u00e9mentaire des m\u00e9dias traditionnels.","sameAs":["https:\/\/www.facebook.com\/lyonbondyblog","https:\/\/x.com\/BondyBlogLyon"],"url":"https:\/\/lyonbondyblog.fr\/LBB\/author\/admin\/"}]}},"_links":{"self":[{"href":"https:\/\/lyonbondyblog.fr\/LBB\/wp-json\/wp\/v2\/posts\/33138","targetHints":{"allow":["GET"]}}],"collection":[{"href":"https:\/\/lyonbondyblog.fr\/LBB\/wp-json\/wp\/v2\/posts"}],"about":[{"href":"https:\/\/lyonbondyblog.fr\/LBB\/wp-json\/wp\/v2\/types\/post"}],"author":[{"embeddable":true,"href":"https:\/\/lyonbondyblog.fr\/LBB\/wp-json\/wp\/v2\/users\/1"}],"replies":[{"embeddable":true,"href":"https:\/\/lyonbondyblog.fr\/LBB\/wp-json\/wp\/v2\/comments?post=33138"}],"version-history":[{"count":2,"href":"https:\/\/lyonbondyblog.fr\/LBB\/wp-json\/wp\/v2\/posts\/33138\/revisions"}],"predecessor-version":[{"id":33144,"href":"https:\/\/lyonbondyblog.fr\/LBB\/wp-json\/wp\/v2\/posts\/33138\/revisions\/33144"}],"wp:featuredmedia":[{"embeddable":true,"href":"https:\/\/lyonbondyblog.fr\/LBB\/wp-json\/wp\/v2\/media\/33141"}],"wp:attachment":[{"href":"https:\/\/lyonbondyblog.fr\/LBB\/wp-json\/wp\/v2\/media?parent=33138"}],"wp:term":[{"taxonomy":"category","embeddable":true,"href":"https:\/\/lyonbondyblog.fr\/LBB\/wp-json\/wp\/v2\/categories?post=33138"},{"taxonomy":"post_tag","embeddable":true,"href":"https:\/\/lyonbondyblog.fr\/LBB\/wp-json\/wp\/v2\/tags?post=33138"}],"curies":[{"name":"wp","href":"https:\/\/api.w.org\/{rel}","templated":true}]}}