{"id":3310,"date":"2009-09-16T13:40:43","date_gmt":"2009-09-16T11:40:43","guid":{"rendered":"http:\/\/lyonbondyblog.fr\/LBB\/?p=3310"},"modified":"2013-08-02T13:42:02","modified_gmt":"2013-08-02T11:42:02","slug":"3310","status":"publish","type":"post","link":"https:\/\/lyonbondyblog.fr\/LBB\/3310\/","title":{"rendered":""},"content":{"rendered":"<p><strong>Le ramadan n&rsquo;est pas encore termin\u00e9. Sofia a pu le vivre \u00e0 son commencement et en Turquie s&rsquo;il vous pla\u00eet..Voici quelques souvenirs qui reviennent \u00e0 sa m\u00e9moire&#8230; <\/strong><\/p>\n<p><span style=\"font-family: Times New Roman; font-size: medium;\">Le Ramadan, dit \u2018Ramazan\u2019 en turc\u00a0\u00e9tant un\u00a0\u00e9v\u00e8nement qui lie toute une culture \u00e0 travers le monde,\u00a0ma famille a d\u00e9cid\u00e9 de\u00a0prolonger notre s\u00e9jour \u00e0 Istanbul afin de vivre cette aventure.<\/span><\/p>\n<p><span style=\"font-family: Times New Roman; font-size: medium;\">Dans les rues de la ville, on pouvait voir affich\u00e9 partout \u00ab\u00a0Merhaba Ramazan\u00bb (Bienvenue Ramadan) toujours accompagn\u00e9 du portrait du maire, Mustafa Demir, qui est l\u2018\u00e9lu ayant tout organis\u00e9 pour ce mois sacr\u00e9. Tout le monde se pr\u00e9pare pour le soir\u00a0: des grandes pancartes\u00a0\u00e9noncent une liste d\u2019artistes qui se produiront, les restaurants affichent des prix comp\u00e9titifs pour le repas du Maghrib (moment de la journ\u00e9e o\u00f9 le je\u00fbne est rompu), les caf\u00e9s commencent \u00e0 dresser leurs tables et les artistes s\u2019entra\u00eenent pour leur grande repr\u00e9sentation&#8230;<\/span><\/p>\n<p><span style=\"font-family: Times New Roman; font-size: medium;\">A Istanbul, nous avons deux options pour la rupture du je\u00fbne. La premi\u00e8re, ce sont\u00a0\u00a0ces innombrables restaurants qui proposent des menus remplisseurs de ventre pour seulement 5\u20ac. Avec une \u00e7orbasi (soupe), un grand plat avec du bulgur<\/span><span style=\"font-family: Times New Roman; font-size: medium;\">, un baklava, des karpuz (past\u00e8ques) et un petit verre de \u00e7ay (th\u00e9) pour d\u00eener.\u00a0Nous nous rassemblons\u00a0autour d\u2019une grande table peupl\u00e9e d\u2019hommes seuls qui ne se connaissent pas et qui discutent en attendant le \u2018affiyet olsun \u2019 ( bon app\u00e9tit) du serveur pour marquer le d\u00e9part du repas. Et c\u2019est parti, les serveurs\u00a0!\u2026Pardon\u2026Les TGV\u00a0\u00a0font la correspondance cuisine-clients \u00e0 tr\u00e8s grande vitesse face au nombre de demandes des rois\u2026pardon\u2026du consommateurs. Ces serveurs peuvent \u00eatre \u00e2g\u00e9s de 50 \u00e0 \u202610 ans. D\u2019ailleurs ce dernier nous a parl\u00e9 dans un\u00a0 anglais parfait! Leur fonction \u00e9tant de nous attirer dans la gueule du kebap, ils nous abordent en usant de\u00a0toutes les langues\u00a0qu\u2019ils connaissent afin de nous mettre \u00e0 l\u2019aise et de capter l\u2019attention de notre estomac. Ainsi, notre h\u00f4te, qui \u00a0nous parlait arabe,\u00a0passe sans aucune sorte de transition\u00a0\u00a0\u00e0 un \u00a0espagnol culinaire destin\u00e9 \u00e0 \u00a0nos voisins.<\/span><\/p>\n<p><span style=\"font-family: Times New Roman; font-size: medium;\">Le 2<sup>\u00e8me<\/sup> choix\u00a0offert consiste en de \u00a0grands banquets offerts par la Ville o\u00f9 des plateaux repas sont distribu\u00e9s gratuitement \u00e0\u00a0des centaines de ventres\u00a0affam\u00e9s qui patientent. On peut voir tous ces hommes seuls\u00a0qui font la queue pour en b\u00e9n\u00e9ficier apr\u00e8s les familles\u00a0prioritaires et\u00a0d\u00e9j\u00e0 toutes\u00a0install\u00e9es sous\u00a0de gigantesques tentes.<\/span><\/p>\n<p><span style=\"font-family: Times New Roman; font-size: medium;\">\u00a0<\/span><\/p>\n<p><strong><span style=\"font-family: Times New Roman; font-size: medium;\">Apr\u00e8s les restaurants, on sort\u00a0!<\/span><\/strong><\/p>\n<p><span style=\"font-family: Times New Roman; font-size: medium;\">Allez,\u00a0nous nous remplissons de nouveau\u00a0la panse avec d\u2019autres g\u00e2teaux qui n&rsquo;ont s\u00fbrement pas \u00e9t\u00e9 \u00e9pargn\u00e9s par la sucri\u00e8re\u00a0puis nous observons\u00a0de jeunes hommes au gilet bariol\u00e9 d\u2019or faire, danser la glace \u00e0 la vanille et, des pirouettes\u00a0aux\u00a0cornets. Nous nous asseyons\u00a0sur des petits fauteuils tapiss\u00e9s autour d\u2019une bonne shisha et d\u2019un verre de th\u00e9 turc juste pour profiter de cette ambiance color\u00e9e et savourer le temps oubli\u00e9.<\/span><\/p>\n<p><span style=\"font-family: Times New Roman; font-size: medium;\">Afin de terminer notre soir\u00e9e halal,\u00a0nous nous rendons\u00a0\u00e0 Sultan Ahmet devant la Mosqu\u00e9e Bleue o\u00f9\u00a0de nombreuses\u00a0femmes voil\u00e9es et leurs ch\u00e9rubins circoncis ont \u00e9lu domicile sur un 3m\u00b2 de tapis\u00a0 de pique-nique et font ainsi connaissance avec les coll\u00e8gues de la paroisse&#8230;<\/span><\/p>\n<p><span style=\"font-size: medium;\"><span style=\"font-family: Times New Roman;\">Non loin de l\u00e0, une sc\u00e8ne est install\u00e9e, avec des gradins , des sonos&#8230;\u00a0Nous entrons\u00a0dans une autre ambiance. Le spectacle commence. Des comiques d\u00e9guis\u00e9s font rire les enfants \u00e0 gorge d\u00e9ploy\u00e9e avec leur manifestation guignolesque, des magiciens nous font r\u00eaver en appelant un jeune membre du public au hasard, des derviches tourneurs nous transportent lentement dans leurs bras ouverts au son d\u2019une lente musique soufi, et des grandes stars\u00a0de la chanson\u00a0turque viennent nous jouer quelques airs tels Tuluyhan U\u011furlu ou Ahmet \u00d6zhan, obligeant nos mains \u00e0 se frapper l\u2019une contre l\u2019autre et \u00e0 faire bouger les fesses du public sur ces rythmes \u00e0\u00a0deux temps.<\/span><\/span><\/p>\n<p><span style=\"font-family: Times New Roman; font-size: medium;\">\u00a0<\/span><\/p>\n<p><span style=\"font-family: Times New Roman; font-size: medium;\">C\u2019est avec un certain pincement au c\u0153ur que je quitte cet endroit culte qui m\u2019aurait offert mon premier ramadan\u00a0sur une terre musulmane, entour\u00e9e de personnes ayant les m\u00eames pratiques et les m\u00eames traditions.<\/span><\/p>\n<!-- AddThis Advanced Settings generic via filter on the_content --><!-- AddThis Share Buttons generic via filter on the_content -->","protected":false},"excerpt":{"rendered":"<p>Le ramadan n&rsquo;est pas encore termin\u00e9. Sofia a pu le vivre \u00e0 son commencement et en Turquie s&rsquo;il vous pla\u00eet..Voici quelques souvenirs qui reviennent \u00e0 &hellip; <!-- AddThis Advanced Settings generic via filter on wp_trim_excerpt --><!-- AddThis Share Buttons generic via filter on wp_trim_excerpt --><\/p>\n","protected":false},"author":7,"featured_media":0,"comment_status":"open","ping_status":"open","sticky":false,"template":"","format":"standard","meta":{"_FSMCFIC_featured_image_caption":"","_FSMCFIC_featured_image_nocaption":"","_FSMCFIC_featured_image_hide":"","footnotes":""},"categories":[4],"tags":[112,783],"class_list":["post-3310","post","type-post","status-publish","format-standard","hentry","category-lyon","tag-lyon-bondy-blog","tag-ramadan"],"yoast_head":"<!-- This site is optimized with the Yoast SEO plugin v22.8 - https:\/\/yoast.com\/wordpress\/plugins\/seo\/ -->\n<title>- Lyon Bondy Blog<\/title>\n<meta name=\"robots\" content=\"index, follow, max-snippet:-1, max-image-preview:large, max-video-preview:-1\" \/>\n<link rel=\"canonical\" href=\"https:\/\/lyonbondyblog.fr\/LBB\/3310\/\" \/>\n<meta property=\"og:locale\" content=\"fr_FR\" \/>\n<meta property=\"og:type\" content=\"article\" \/>\n<meta property=\"og:title\" content=\"- Lyon Bondy Blog\" \/>\n<meta property=\"og:description\" content=\"Le ramadan n&rsquo;est pas encore termin\u00e9. Sofia a pu le vivre \u00e0 son commencement et en Turquie s&rsquo;il vous pla\u00eet..Voici quelques souvenirs qui reviennent \u00e0 &hellip;\" \/>\n<meta property=\"og:url\" content=\"https:\/\/lyonbondyblog.fr\/LBB\/3310\/\" \/>\n<meta property=\"og:site_name\" content=\"Lyon Bondy Blog\" \/>\n<meta property=\"article:publisher\" content=\"https:\/\/www.facebook.com\/lyonbondyblog\" \/>\n<meta property=\"article:published_time\" content=\"2009-09-16T11:40:43+00:00\" \/>\n<meta property=\"article:modified_time\" content=\"2013-08-02T11:42:02+00:00\" \/>\n<meta property=\"og:image\" content=\"https:\/\/lyonbondyblog.fr\/LBB\/wp-content\/uploads\/2014\/10\/Bandeau-Site-V2-011-2.jpg\" \/>\n\t<meta property=\"og:image:width\" content=\"851\" \/>\n\t<meta property=\"og:image:height\" content=\"200\" \/>\n\t<meta property=\"og:image:type\" content=\"image\/jpeg\" \/>\n<meta name=\"author\" content=\"Sofia Azzedine\" \/>\n<meta name=\"twitter:card\" content=\"summary_large_image\" \/>\n<meta name=\"twitter:creator\" content=\"@bondybloglyon\" \/>\n<meta name=\"twitter:site\" content=\"@bondybloglyon\" \/>\n<script type=\"application\/ld+json\" class=\"yoast-schema-graph\">{\"@context\":\"https:\/\/schema.org\",\"@graph\":[{\"@type\":\"Article\",\"@id\":\"https:\/\/lyonbondyblog.fr\/LBB\/3310\/#article\",\"isPartOf\":{\"@id\":\"https:\/\/lyonbondyblog.fr\/LBB\/3310\/\"},\"author\":{\"name\":\"Sofia Azzedine\",\"@id\":\"https:\/\/lyonbondyblog.fr\/LBB\/#\/schema\/person\/b0602285b18dbff27c95620f60751bf9\"},\"headline\":\"Aucun titre\",\"datePublished\":\"2009-09-16T11:40:43+00:00\",\"dateModified\":\"2013-08-02T11:42:02+00:00\",\"mainEntityOfPage\":{\"@id\":\"https:\/\/lyonbondyblog.fr\/LBB\/3310\/\"},\"wordCount\":704,\"commentCount\":0,\"publisher\":{\"@id\":\"https:\/\/lyonbondyblog.fr\/LBB\/#organization\"},\"keywords\":[\"Lyon Bondy Blog\",\"ramadan\"],\"articleSection\":[\"Lyon\"],\"inLanguage\":\"fr-FR\",\"potentialAction\":[{\"@type\":\"CommentAction\",\"name\":\"Comment\",\"target\":[\"https:\/\/lyonbondyblog.fr\/LBB\/3310\/#respond\"]}]},{\"@type\":\"WebPage\",\"@id\":\"https:\/\/lyonbondyblog.fr\/LBB\/3310\/\",\"url\":\"https:\/\/lyonbondyblog.fr\/LBB\/3310\/\",\"name\":\"- Lyon Bondy Blog\",\"isPartOf\":{\"@id\":\"https:\/\/lyonbondyblog.fr\/LBB\/#website\"},\"datePublished\":\"2009-09-16T11:40:43+00:00\",\"dateModified\":\"2013-08-02T11:42:02+00:00\",\"breadcrumb\":{\"@id\":\"https:\/\/lyonbondyblog.fr\/LBB\/3310\/#breadcrumb\"},\"inLanguage\":\"fr-FR\",\"potentialAction\":[{\"@type\":\"ReadAction\",\"target\":[\"https:\/\/lyonbondyblog.fr\/LBB\/3310\/\"]}]},{\"@type\":\"BreadcrumbList\",\"@id\":\"https:\/\/lyonbondyblog.fr\/LBB\/3310\/#breadcrumb\",\"itemListElement\":[]},{\"@type\":\"WebSite\",\"@id\":\"https:\/\/lyonbondyblog.fr\/LBB\/#website\",\"url\":\"https:\/\/lyonbondyblog.fr\/LBB\/\",\"name\":\"Lyon Bondy Blog\",\"description\":\"\",\"publisher\":{\"@id\":\"https:\/\/lyonbondyblog.fr\/LBB\/#organization\"},\"potentialAction\":[{\"@type\":\"SearchAction\",\"target\":{\"@type\":\"EntryPoint\",\"urlTemplate\":\"https:\/\/lyonbondyblog.fr\/LBB\/?s={search_term_string}\"},\"query-input\":\"required name=search_term_string\"}],\"inLanguage\":\"fr-FR\"},{\"@type\":\"Organization\",\"@id\":\"https:\/\/lyonbondyblog.fr\/LBB\/#organization\",\"name\":\"LYON BONDY BLOG\",\"url\":\"https:\/\/lyonbondyblog.fr\/LBB\/\",\"logo\":{\"@type\":\"ImageObject\",\"inLanguage\":\"fr-FR\",\"@id\":\"https:\/\/lyonbondyblog.fr\/LBB\/#\/schema\/logo\/image\/\",\"url\":\"http:\/\/lyonbondyblog.fr\/LBB\/wp-content\/uploads\/2014\/10\/logo-portable-144.png\",\"contentUrl\":\"http:\/\/lyonbondyblog.fr\/LBB\/wp-content\/uploads\/2014\/10\/logo-portable-144.png\",\"width\":144,\"height\":123,\"caption\":\"LYON BONDY BLOG\"},\"image\":{\"@id\":\"https:\/\/lyonbondyblog.fr\/LBB\/#\/schema\/logo\/image\/\"},\"sameAs\":[\"https:\/\/www.facebook.com\/lyonbondyblog\",\"https:\/\/x.com\/bondybloglyon\"]},{\"@type\":\"Person\",\"@id\":\"https:\/\/lyonbondyblog.fr\/LBB\/#\/schema\/person\/b0602285b18dbff27c95620f60751bf9\",\"name\":\"Sofia Azzedine\",\"description\":\"Etudiante \u00e0 l'Institut d'Etude du D\u00e9veloppement apr\u00e8s un parcours du combattant pass\u00e9 dans les m\u00e9andres de la Science Politique, entre la Sociologie et le Journalisme et les Langues Etrang\u00e8res. Je souhaite toujours explorer ces banlieues plurielles m\u00e9connues et mal trait\u00e9es pour jeter au sol ces pr\u00e9jug\u00e9s. Tout cela, pour \u00e9luder toute l'humanit\u00e9 vivace qui existe dans ces r\u00e9gions de la diff\u00e9rence et de l'indiff\u00e9rence et faire parler cette jeunesse silencieusement bavarde.\",\"url\":\"https:\/\/lyonbondyblog.fr\/LBB\/author\/sofia\/\"}]}<\/script>\n<!-- \/ Yoast SEO plugin. -->","yoast_head_json":{"title":"- Lyon Bondy Blog","robots":{"index":"index","follow":"follow","max-snippet":"max-snippet:-1","max-image-preview":"max-image-preview:large","max-video-preview":"max-video-preview:-1"},"canonical":"https:\/\/lyonbondyblog.fr\/LBB\/3310\/","og_locale":"fr_FR","og_type":"article","og_title":"- Lyon Bondy Blog","og_description":"Le ramadan n&rsquo;est pas encore termin\u00e9. Sofia a pu le vivre \u00e0 son commencement et en Turquie s&rsquo;il vous pla\u00eet..Voici quelques souvenirs qui reviennent \u00e0 &hellip;","og_url":"https:\/\/lyonbondyblog.fr\/LBB\/3310\/","og_site_name":"Lyon Bondy Blog","article_publisher":"https:\/\/www.facebook.com\/lyonbondyblog","article_published_time":"2009-09-16T11:40:43+00:00","article_modified_time":"2013-08-02T11:42:02+00:00","og_image":[{"width":851,"height":200,"url":"https:\/\/lyonbondyblog.fr\/LBB\/wp-content\/uploads\/2014\/10\/Bandeau-Site-V2-011-2.jpg","type":"image\/jpeg"}],"author":"Sofia Azzedine","twitter_card":"summary_large_image","twitter_creator":"@bondybloglyon","twitter_site":"@bondybloglyon","schema":{"@context":"https:\/\/schema.org","@graph":[{"@type":"Article","@id":"https:\/\/lyonbondyblog.fr\/LBB\/3310\/#article","isPartOf":{"@id":"https:\/\/lyonbondyblog.fr\/LBB\/3310\/"},"author":{"name":"Sofia Azzedine","@id":"https:\/\/lyonbondyblog.fr\/LBB\/#\/schema\/person\/b0602285b18dbff27c95620f60751bf9"},"headline":"Aucun titre","datePublished":"2009-09-16T11:40:43+00:00","dateModified":"2013-08-02T11:42:02+00:00","mainEntityOfPage":{"@id":"https:\/\/lyonbondyblog.fr\/LBB\/3310\/"},"wordCount":704,"commentCount":0,"publisher":{"@id":"https:\/\/lyonbondyblog.fr\/LBB\/#organization"},"keywords":["Lyon Bondy Blog","ramadan"],"articleSection":["Lyon"],"inLanguage":"fr-FR","potentialAction":[{"@type":"CommentAction","name":"Comment","target":["https:\/\/lyonbondyblog.fr\/LBB\/3310\/#respond"]}]},{"@type":"WebPage","@id":"https:\/\/lyonbondyblog.fr\/LBB\/3310\/","url":"https:\/\/lyonbondyblog.fr\/LBB\/3310\/","name":"- Lyon Bondy Blog","isPartOf":{"@id":"https:\/\/lyonbondyblog.fr\/LBB\/#website"},"datePublished":"2009-09-16T11:40:43+00:00","dateModified":"2013-08-02T11:42:02+00:00","breadcrumb":{"@id":"https:\/\/lyonbondyblog.fr\/LBB\/3310\/#breadcrumb"},"inLanguage":"fr-FR","potentialAction":[{"@type":"ReadAction","target":["https:\/\/lyonbondyblog.fr\/LBB\/3310\/"]}]},{"@type":"BreadcrumbList","@id":"https:\/\/lyonbondyblog.fr\/LBB\/3310\/#breadcrumb","itemListElement":[]},{"@type":"WebSite","@id":"https:\/\/lyonbondyblog.fr\/LBB\/#website","url":"https:\/\/lyonbondyblog.fr\/LBB\/","name":"Lyon Bondy Blog","description":"","publisher":{"@id":"https:\/\/lyonbondyblog.fr\/LBB\/#organization"},"potentialAction":[{"@type":"SearchAction","target":{"@type":"EntryPoint","urlTemplate":"https:\/\/lyonbondyblog.fr\/LBB\/?s={search_term_string}"},"query-input":"required name=search_term_string"}],"inLanguage":"fr-FR"},{"@type":"Organization","@id":"https:\/\/lyonbondyblog.fr\/LBB\/#organization","name":"LYON BONDY BLOG","url":"https:\/\/lyonbondyblog.fr\/LBB\/","logo":{"@type":"ImageObject","inLanguage":"fr-FR","@id":"https:\/\/lyonbondyblog.fr\/LBB\/#\/schema\/logo\/image\/","url":"http:\/\/lyonbondyblog.fr\/LBB\/wp-content\/uploads\/2014\/10\/logo-portable-144.png","contentUrl":"http:\/\/lyonbondyblog.fr\/LBB\/wp-content\/uploads\/2014\/10\/logo-portable-144.png","width":144,"height":123,"caption":"LYON BONDY BLOG"},"image":{"@id":"https:\/\/lyonbondyblog.fr\/LBB\/#\/schema\/logo\/image\/"},"sameAs":["https:\/\/www.facebook.com\/lyonbondyblog","https:\/\/x.com\/bondybloglyon"]},{"@type":"Person","@id":"https:\/\/lyonbondyblog.fr\/LBB\/#\/schema\/person\/b0602285b18dbff27c95620f60751bf9","name":"Sofia Azzedine","description":"Etudiante \u00e0 l'Institut d'Etude du D\u00e9veloppement apr\u00e8s un parcours du combattant pass\u00e9 dans les m\u00e9andres de la Science Politique, entre la Sociologie et le Journalisme et les Langues Etrang\u00e8res. Je souhaite toujours explorer ces banlieues plurielles m\u00e9connues et mal trait\u00e9es pour jeter au sol ces pr\u00e9jug\u00e9s. Tout cela, pour \u00e9luder toute l'humanit\u00e9 vivace qui existe dans ces r\u00e9gions de la diff\u00e9rence et de l'indiff\u00e9rence et faire parler cette jeunesse silencieusement bavarde.","url":"https:\/\/lyonbondyblog.fr\/LBB\/author\/sofia\/"}]}},"_links":{"self":[{"href":"https:\/\/lyonbondyblog.fr\/LBB\/wp-json\/wp\/v2\/posts\/3310","targetHints":{"allow":["GET"]}}],"collection":[{"href":"https:\/\/lyonbondyblog.fr\/LBB\/wp-json\/wp\/v2\/posts"}],"about":[{"href":"https:\/\/lyonbondyblog.fr\/LBB\/wp-json\/wp\/v2\/types\/post"}],"author":[{"embeddable":true,"href":"https:\/\/lyonbondyblog.fr\/LBB\/wp-json\/wp\/v2\/users\/7"}],"replies":[{"embeddable":true,"href":"https:\/\/lyonbondyblog.fr\/LBB\/wp-json\/wp\/v2\/comments?post=3310"}],"version-history":[{"count":0,"href":"https:\/\/lyonbondyblog.fr\/LBB\/wp-json\/wp\/v2\/posts\/3310\/revisions"}],"wp:attachment":[{"href":"https:\/\/lyonbondyblog.fr\/LBB\/wp-json\/wp\/v2\/media?parent=3310"}],"wp:term":[{"taxonomy":"category","embeddable":true,"href":"https:\/\/lyonbondyblog.fr\/LBB\/wp-json\/wp\/v2\/categories?post=3310"},{"taxonomy":"post_tag","embeddable":true,"href":"https:\/\/lyonbondyblog.fr\/LBB\/wp-json\/wp\/v2\/tags?post=3310"}],"curies":[{"name":"wp","href":"https:\/\/api.w.org\/{rel}","templated":true}]}}