{"id":33054,"date":"2024-01-22T21:13:46","date_gmt":"2024-01-22T20:13:46","guid":{"rendered":"https:\/\/lyonbondyblog.fr\/LBB\/?p=33054"},"modified":"2024-01-23T15:50:58","modified_gmt":"2024-01-23T14:50:58","slug":"d2-hand-feminin-une-bouffee-doxygene-pour-lasulvv","status":"publish","type":"post","link":"https:\/\/lyonbondyblog.fr\/LBB\/d2-hand-feminin-une-bouffee-doxygene-pour-lasulvv\/","title":{"rendered":"D2 Hand F\u00e9minin: Une bouff\u00e9e d&rsquo;oxyg\u00e8ne pour l&rsquo;AsulVV"},"content":{"rendered":"\n<p><strong>Pour le compte de la 12\u00e8me journ\u00e9e de D2 hand f\u00e9minin, L&rsquo;AsulVV handball a re\u00e7u ce dimanche 21 janvier Noisy le Grand au palais des sports Jean Capievic.<\/strong><\/p>\n\n\n\n<p>Apr\u00e8s une d\u00e9convenue vendredi dernier en terre lilloise, les Vaudaises devaient remettre le bleu de chauffe pour faire un exploit contre les joueuses de Noisy-le- Grand actuellement, troisi\u00e8me au classement. Les spectateurs sont venus en nombre hier apr\u00e8s-midi pour soutenir leur \u00e9quipe favorite. Les deux tribunes de Capievic sont pleines \u00e0 craquer.<\/p>\n\n\n\n<p><strong>Un avant-match pleins d&rsquo;\u00e9motions<\/strong><\/p>\n\n\n\n<p>Pour commencer l&rsquo;avant-match, il est le temps pour l&rsquo;\u00e9quipe dirigeante de rendre hommage \u00e0 leur \u00e9quipe de 1973 qui a gagn\u00e9 l&rsquo; unique titre de champion de France du Club. Tour \u00e0 tour, les anciennes joueuses sont appel\u00e9es au centre du terrain une \u00e0 une , par le speaker et l&rsquo;actuel pr\u00e9sident Pascal Jacquet. Il leur remet une rose et une \u00e9charpe&nbsp;du club confectionn\u00e9 pour l&rsquo;occasion. Les handballeuses de 73 sont \u00e9galement invit\u00e9es \u00e0 partager le moment protocolaire avec les joueuses actuelles.<\/p>\n\n\n\n<figure class=\"wp-block-image size-full\"><img loading=\"lazy\" decoding=\"async\" width=\"1170\" height=\"781\" src=\"https:\/\/lyonbondyblog.fr\/LBB\/wp-content\/uploads\/2024\/01\/IMG_0633.jpg\" alt=\"\" class=\"wp-image-33056\" srcset=\"https:\/\/lyonbondyblog.fr\/LBB\/wp-content\/uploads\/2024\/01\/IMG_0633.jpg 1170w, https:\/\/lyonbondyblog.fr\/LBB\/wp-content\/uploads\/2024\/01\/IMG_0633-768x513.jpg 768w, https:\/\/lyonbondyblog.fr\/LBB\/wp-content\/uploads\/2024\/01\/IMG_0633-272x182.jpg 272w\" sizes=\"auto, (max-width: 1170px) 100vw, 1170px\" \/><\/figure>\n\n\n\n<p><strong>Une premi\u00e8re mi-temps compliqu\u00e9e pour les asuliennes<\/strong><\/p>\n\n\n\n<p>Le d\u00e9but de match est poussif des deux c\u00f4t\u00e9s. Il faut attendre la 2\u00e8me minute pour l&rsquo;ouverture du score par l&rsquo;interm\u00e9diaire d&rsquo;Irina Perrot, joueuse de Noisy le Grand. Tour\u00e9 r\u00e9plique et \u00e9galise pour les lionnes. Au bout de 5 minutes, les deux \u00e9quipes se tiennent en respect: 4 partout. Les Rhodaniennes dans cette premi\u00e8re partie font jouer de malchance entre un poteau r\u00e9calcitrant et une gardienne de Noisy qui est \u00ab\u00a0on fire\u00a0\u00bb. Le public commence \u00e0 se chauffer pour accompagner les vaudaises. A la dixi\u00e8me minutes, les joueuses du 93 comme \u00e0 imposer leur rythme&nbsp;et les lionnes d\u00e9raillent et cela jusqu&rsquo;\u00e0 la 25\u00e8me minute : 10-16 pour les nois\u00e9ennes.&nbsp; Moment choisi par Charl\u00e8ne&nbsp;Servant d&rsquo;effectuer un arr\u00eat qui permet \u00e0 l&rsquo;AsulVV de se remobiliser&nbsp;juste avant la mi-temps: 13-16. <\/p>\n\n\n\n<p><strong>Une deuxi\u00e8me mi-temps irrespirable<\/strong><\/p>\n\n\n\n<p>C&rsquo;est pied au plancher que les vaudaises commencent la deuxi\u00e8me mi-temps en revenant au score: 15-17 mais leur d\u00e9fense reste friable. Apr\u00e8s cinq minutes de jeu, les nois\u00e9ennes\u00a0reprennent le large et les lionnes recommencent avec leur malchance: 15-19. Le public continue \u00e0 apporter son soutien \u00e0 son \u00e9quipe favorite. Les lionnes ont d\u00fb mal \u00e0 s&rsquo;exprimer\u00a0mais le facteur X du match va \u00eatre Charl\u00e8ne Servant. La gardienne rhodanienne va se chauffer et commence \u00e0 rentrer dans la t\u00eate des joueuses du 93 qui vont commencer \u00e0 perdre le fil du match. On se profile vers une fin de match haletante:20-21. Tout n&rsquo;est pas acquis pour les joueuses de Noisy-le-grand. C&rsquo;est \u00e0 trois minutes de la fin du match que le match va devenir fou, Bidanne Kont\u00e9 va remettre les deux \u00e9quipes dos \u00e0 dos: 27-27. Pendant cette fin de match irrespirable, le match ressemble \u00e0 un mano \u00e0 mano d\u00e9fensif, pas de buts. A trente secondes, Kenza Bourguerch recrue estivale crucifie l&rsquo;\u00e9quipe de Noisy-le-grand: 28-27. Le match est fini, victoire des vaudaises.<\/p>\n\n\n\n<p><a href=\"https:\/\/media-ffhb-fdm.ffhandball.fr\/fdm\/T\/A\/E\/U\/TAEUTHK.pdf\">Feuille de match<\/a><\/p>\n\n\n\n<figure class=\"wp-block-image size-full\"><img loading=\"lazy\" decoding=\"async\" width=\"1170\" height=\"783\" src=\"https:\/\/lyonbondyblog.fr\/LBB\/wp-content\/uploads\/2024\/01\/IMG_0631.jpg\" alt=\"\" class=\"wp-image-33057\" srcset=\"https:\/\/lyonbondyblog.fr\/LBB\/wp-content\/uploads\/2024\/01\/IMG_0631.jpg 1170w, https:\/\/lyonbondyblog.fr\/LBB\/wp-content\/uploads\/2024\/01\/IMG_0631-768x514.jpg 768w, https:\/\/lyonbondyblog.fr\/LBB\/wp-content\/uploads\/2024\/01\/IMG_0631-272x182.jpg 272w\" sizes=\"auto, (max-width: 1170px) 100vw, 1170px\" \/><\/figure>\n\n\n\n<p>Les joueuses&nbsp;vaudaises explosent ainsi que le&nbsp;public. \u00c7a faisait longtemps que l&rsquo;on n&rsquo;avait&nbsp;pas vu pareille ambiance \u00e0 Capievic. Avec cette victoire, elles rendent un brillant hommage aux joueuses&nbsp;de 73.&nbsp;<\/p>\n\n\n\n<p>Prochain rendez-vous pour les vaudaises, un d\u00e9placement \u00e0 Clermont-Ferrand, peut-\u00eatre une deuxi\u00e8me victoire cons\u00e9cutive qui leur permettrait en vue du maintien.<\/p>\n\n\n\n<p><em>Interview Bidanne Konte:<\/em><\/p>\n\n\n\n<figure class=\"wp-block-image size-full\"><img loading=\"lazy\" decoding=\"async\" width=\"490\" height=\"490\" src=\"https:\/\/lyonbondyblog.fr\/LBB\/wp-content\/uploads\/2024\/01\/Image-empty-state-6.webp\" alt=\"\" class=\"wp-image-33059\" srcset=\"https:\/\/lyonbondyblog.fr\/LBB\/wp-content\/uploads\/2024\/01\/Image-empty-state-6.webp 490w, https:\/\/lyonbondyblog.fr\/LBB\/wp-content\/uploads\/2024\/01\/Image-empty-state-6-150x150.webp 150w\" sizes=\"auto, (max-width: 490px) 100vw, 490px\" \/><\/figure>\n\n\n\n<figure class=\"wp-block-audio\"><audio controls src=\"https:\/\/lyonbondyblog.fr\/LBB\/wp-content\/uploads\/2024\/01\/Nouvel-enregistrement-111.m4a\"><\/audio><\/figure>\n\n\n\n<p>Interview S\u00e9bastien Modenel coach Asulvv hand<\/p>\n\n\n\n<figure class=\"wp-block-audio\"><audio controls src=\"https:\/\/lyonbondyblog.fr\/LBB\/wp-content\/uploads\/2024\/01\/Nouvel-enregistrement-113.m4a\"><\/audio><\/figure>\n\n\n\n<figure class=\"wp-block-gallery has-nested-images columns-default is-cropped wp-block-gallery-1 is-layout-flex wp-block-gallery-is-layout-flex\">\n<figure class=\"wp-block-image size-large\"><img loading=\"lazy\" decoding=\"async\" width=\"349\" height=\"356\" data-id=\"32794\" src=\"https:\/\/lyonbondyblog.fr\/LBB\/wp-content\/uploads\/2023\/10\/Image-empty-state-5.webp\" alt=\"\" class=\"wp-image-32794\"\/><figcaption class=\"wp-element-caption\">Sebastien Modenel <\/figcaption><\/figure>\n<\/figure>\n\n\n\n<p>Interview Farid Gherram coach Noisy le Grand:<\/p>\n\n\n\n<figure class=\"wp-block-audio\"><audio controls src=\"https:\/\/lyonbondyblog.fr\/LBB\/wp-content\/uploads\/2024\/01\/Nouvel-enregistrement-112.m4a\"><\/audio><\/figure>\n\n\n\n<figure class=\"wp-block-gallery has-nested-images columns-default is-cropped wp-block-gallery-2 is-layout-flex wp-block-gallery-is-layout-flex\">\n<figure class=\"wp-block-image size-large\"><img loading=\"lazy\" decoding=\"async\" width=\"1920\" height=\"1920\" data-id=\"33062\" src=\"https:\/\/lyonbondyblog.fr\/LBB\/wp-content\/uploads\/2024\/01\/Farid-GHERRAM-entraineur-et-manager-du-club-scaled-1-1920x1920.jpg\" alt=\"\" class=\"wp-image-33062\" srcset=\"https:\/\/lyonbondyblog.fr\/LBB\/wp-content\/uploads\/2024\/01\/Farid-GHERRAM-entraineur-et-manager-du-club-scaled-1-1920x1920.jpg 1920w, https:\/\/lyonbondyblog.fr\/LBB\/wp-content\/uploads\/2024\/01\/Farid-GHERRAM-entraineur-et-manager-du-club-scaled-1-1200x1200.jpg 1200w, https:\/\/lyonbondyblog.fr\/LBB\/wp-content\/uploads\/2024\/01\/Farid-GHERRAM-entraineur-et-manager-du-club-scaled-1-150x150.jpg 150w, https:\/\/lyonbondyblog.fr\/LBB\/wp-content\/uploads\/2024\/01\/Farid-GHERRAM-entraineur-et-manager-du-club-scaled-1-768x768.jpg 768w, https:\/\/lyonbondyblog.fr\/LBB\/wp-content\/uploads\/2024\/01\/Farid-GHERRAM-entraineur-et-manager-du-club-scaled-1-1536x1536.jpg 1536w, https:\/\/lyonbondyblog.fr\/LBB\/wp-content\/uploads\/2024\/01\/Farid-GHERRAM-entraineur-et-manager-du-club-scaled-1-2048x2048.jpg 2048w\" sizes=\"auto, (max-width: 1920px) 100vw, 1920px\" \/><\/figure>\n<\/figure>\n<!-- AddThis Advanced Settings generic via filter on the_content --><!-- AddThis Share Buttons generic via filter on the_content -->","protected":false},"excerpt":{"rendered":"<p>Pour le compte de la 12\u00e8me journ\u00e9e de D2 hand f\u00e9minin, L&rsquo;AsulVV handball a re\u00e7u ce dimanche 21 janvier Noisy le Grand au palais des &hellip; <!-- AddThis Advanced Settings generic via filter on wp_trim_excerpt --><!-- AddThis Share Buttons generic via filter on wp_trim_excerpt --><\/p>\n","protected":false},"author":1,"featured_media":33055,"comment_status":"open","ping_status":"open","sticky":true,"template":"","format":"standard","meta":{"_FSMCFIC_featured_image_caption":"","_FSMCFIC_featured_image_nocaption":"","_FSMCFIC_featured_image_hide":"","footnotes":""},"categories":[3890,4],"tags":[2569,2705],"class_list":["post-33054","post","type-post","status-publish","format-standard","has-post-thumbnail","hentry","category-handball","category-lyon","tag-asul-vaulx-en-velin","tag-handball-feminin"],"yoast_head":"<!-- This site is optimized with the Yoast SEO plugin v22.8 - https:\/\/yoast.com\/wordpress\/plugins\/seo\/ -->\n<title>D2 Hand F\u00e9minin: Une bouff\u00e9e d&#039;oxyg\u00e8ne pour l&#039;AsulVV -<\/title>\n<meta name=\"description\" content=\"L&#039;AsulVV handball a re\u00e7u ce dimanche 21 janvier Noisy le Grand au palais des sports Jean Capievic.\" \/>\n<meta name=\"robots\" content=\"index, follow, max-snippet:-1, max-image-preview:large, max-video-preview:-1\" \/>\n<link rel=\"canonical\" href=\"https:\/\/lyonbondyblog.fr\/LBB\/d2-hand-feminin-une-bouffee-doxygene-pour-lasulvv\/\" \/>\n<meta property=\"og:locale\" content=\"fr_FR\" \/>\n<meta property=\"og:type\" content=\"article\" \/>\n<meta property=\"og:title\" content=\"D2 Hand F\u00e9minin: Une bouff\u00e9e d&#039;oxyg\u00e8ne pour l&#039;AsulVV -\" \/>\n<meta property=\"og:description\" content=\"L&#039;AsulVV handball a re\u00e7u ce dimanche 21 janvier Noisy le Grand au palais des sports Jean Capievic.\" \/>\n<meta property=\"og:url\" content=\"https:\/\/lyonbondyblog.fr\/LBB\/d2-hand-feminin-une-bouffee-doxygene-pour-lasulvv\/\" \/>\n<meta property=\"og:site_name\" content=\"Lyon Bondy Blog\" \/>\n<meta property=\"article:publisher\" content=\"https:\/\/www.facebook.com\/lyonbondyblog\" \/>\n<meta property=\"article:author\" content=\"https:\/\/www.facebook.com\/lyonbondyblog\" \/>\n<meta property=\"article:published_time\" content=\"2024-01-22T20:13:46+00:00\" \/>\n<meta property=\"article:modified_time\" content=\"2024-01-23T14:50:58+00:00\" \/>\n<meta property=\"og:image\" content=\"https:\/\/lyonbondyblog.fr\/LBB\/wp-content\/uploads\/2024\/01\/IMG_0632.jpg\" \/>\n\t<meta property=\"og:image:width\" content=\"1170\" \/>\n\t<meta property=\"og:image:height\" content=\"782\" \/>\n\t<meta property=\"og:image:type\" content=\"image\/jpeg\" \/>\n<meta name=\"author\" content=\"La r\u00e9daction\" \/>\n<meta name=\"twitter:card\" content=\"summary_large_image\" \/>\n<meta name=\"twitter:creator\" content=\"@BondyBlogLyon\" \/>\n<meta name=\"twitter:site\" content=\"@bondybloglyon\" \/>\n<script type=\"application\/ld+json\" class=\"yoast-schema-graph\">{\"@context\":\"https:\/\/schema.org\",\"@graph\":[{\"@type\":\"Article\",\"@id\":\"https:\/\/lyonbondyblog.fr\/LBB\/d2-hand-feminin-une-bouffee-doxygene-pour-lasulvv\/#article\",\"isPartOf\":{\"@id\":\"https:\/\/lyonbondyblog.fr\/LBB\/d2-hand-feminin-une-bouffee-doxygene-pour-lasulvv\/\"},\"author\":{\"name\":\"La r\u00e9daction\",\"@id\":\"https:\/\/lyonbondyblog.fr\/LBB\/#\/schema\/person\/e45f8d27baac75072daa0be50c409b25\"},\"headline\":\"D2 Hand F\u00e9minin: Une bouff\u00e9e d&rsquo;oxyg\u00e8ne pour l&rsquo;AsulVV\",\"datePublished\":\"2024-01-22T20:13:46+00:00\",\"dateModified\":\"2024-01-23T14:50:58+00:00\",\"mainEntityOfPage\":{\"@id\":\"https:\/\/lyonbondyblog.fr\/LBB\/d2-hand-feminin-une-bouffee-doxygene-pour-lasulvv\/\"},\"wordCount\":589,\"commentCount\":0,\"publisher\":{\"@id\":\"https:\/\/lyonbondyblog.fr\/LBB\/#organization\"},\"image\":{\"@id\":\"https:\/\/lyonbondyblog.fr\/LBB\/d2-hand-feminin-une-bouffee-doxygene-pour-lasulvv\/#primaryimage\"},\"thumbnailUrl\":\"https:\/\/lyonbondyblog.fr\/LBB\/wp-content\/uploads\/2024\/01\/IMG_0632.jpg\",\"keywords\":[\"ASUL Vaulx-en-Velin\",\"handball feminin\"],\"articleSection\":[\"Handball\",\"Lyon\"],\"inLanguage\":\"fr-FR\",\"potentialAction\":[{\"@type\":\"CommentAction\",\"name\":\"Comment\",\"target\":[\"https:\/\/lyonbondyblog.fr\/LBB\/d2-hand-feminin-une-bouffee-doxygene-pour-lasulvv\/#respond\"]}]},{\"@type\":\"WebPage\",\"@id\":\"https:\/\/lyonbondyblog.fr\/LBB\/d2-hand-feminin-une-bouffee-doxygene-pour-lasulvv\/\",\"url\":\"https:\/\/lyonbondyblog.fr\/LBB\/d2-hand-feminin-une-bouffee-doxygene-pour-lasulvv\/\",\"name\":\"D2 Hand F\u00e9minin: Une bouff\u00e9e d'oxyg\u00e8ne pour l'AsulVV -\",\"isPartOf\":{\"@id\":\"https:\/\/lyonbondyblog.fr\/LBB\/#website\"},\"primaryImageOfPage\":{\"@id\":\"https:\/\/lyonbondyblog.fr\/LBB\/d2-hand-feminin-une-bouffee-doxygene-pour-lasulvv\/#primaryimage\"},\"image\":{\"@id\":\"https:\/\/lyonbondyblog.fr\/LBB\/d2-hand-feminin-une-bouffee-doxygene-pour-lasulvv\/#primaryimage\"},\"thumbnailUrl\":\"https:\/\/lyonbondyblog.fr\/LBB\/wp-content\/uploads\/2024\/01\/IMG_0632.jpg\",\"datePublished\":\"2024-01-22T20:13:46+00:00\",\"dateModified\":\"2024-01-23T14:50:58+00:00\",\"description\":\"L'AsulVV handball a re\u00e7u ce dimanche 21 janvier Noisy le Grand au palais des sports Jean Capievic.\",\"inLanguage\":\"fr-FR\",\"potentialAction\":[{\"@type\":\"ReadAction\",\"target\":[\"https:\/\/lyonbondyblog.fr\/LBB\/d2-hand-feminin-une-bouffee-doxygene-pour-lasulvv\/\"]}]},{\"@type\":\"ImageObject\",\"inLanguage\":\"fr-FR\",\"@id\":\"https:\/\/lyonbondyblog.fr\/LBB\/d2-hand-feminin-une-bouffee-doxygene-pour-lasulvv\/#primaryimage\",\"url\":\"https:\/\/lyonbondyblog.fr\/LBB\/wp-content\/uploads\/2024\/01\/IMG_0632.jpg\",\"contentUrl\":\"https:\/\/lyonbondyblog.fr\/LBB\/wp-content\/uploads\/2024\/01\/IMG_0632.jpg\",\"width\":1170,\"height\":782},{\"@type\":\"WebSite\",\"@id\":\"https:\/\/lyonbondyblog.fr\/LBB\/#website\",\"url\":\"https:\/\/lyonbondyblog.fr\/LBB\/\",\"name\":\"Lyon Bondy Blog\",\"description\":\"\",\"publisher\":{\"@id\":\"https:\/\/lyonbondyblog.fr\/LBB\/#organization\"},\"potentialAction\":[{\"@type\":\"SearchAction\",\"target\":{\"@type\":\"EntryPoint\",\"urlTemplate\":\"https:\/\/lyonbondyblog.fr\/LBB\/?s={search_term_string}\"},\"query-input\":\"required name=search_term_string\"}],\"inLanguage\":\"fr-FR\"},{\"@type\":\"Organization\",\"@id\":\"https:\/\/lyonbondyblog.fr\/LBB\/#organization\",\"name\":\"LYON BONDY BLOG\",\"url\":\"https:\/\/lyonbondyblog.fr\/LBB\/\",\"logo\":{\"@type\":\"ImageObject\",\"inLanguage\":\"fr-FR\",\"@id\":\"https:\/\/lyonbondyblog.fr\/LBB\/#\/schema\/logo\/image\/\",\"url\":\"http:\/\/lyonbondyblog.fr\/LBB\/wp-content\/uploads\/2014\/10\/logo-portable-144.png\",\"contentUrl\":\"http:\/\/lyonbondyblog.fr\/LBB\/wp-content\/uploads\/2014\/10\/logo-portable-144.png\",\"width\":144,\"height\":123,\"caption\":\"LYON BONDY BLOG\"},\"image\":{\"@id\":\"https:\/\/lyonbondyblog.fr\/LBB\/#\/schema\/logo\/image\/\"},\"sameAs\":[\"https:\/\/www.facebook.com\/lyonbondyblog\",\"https:\/\/x.com\/bondybloglyon\"]},{\"@type\":\"Person\",\"@id\":\"https:\/\/lyonbondyblog.fr\/LBB\/#\/schema\/person\/e45f8d27baac75072daa0be50c409b25\",\"name\":\"La r\u00e9daction\",\"description\":\"Cr\u00e9e en 2008, la r\u00e9daction du Lyon Bondy Blog s'applique \u00e0 proposer une information locale diff\u00e9rente et compl\u00e9mentaire des m\u00e9dias traditionnels.\",\"sameAs\":[\"https:\/\/www.facebook.com\/lyonbondyblog\",\"https:\/\/x.com\/BondyBlogLyon\"],\"url\":\"https:\/\/lyonbondyblog.fr\/LBB\/author\/admin\/\"}]}<\/script>\n<!-- \/ Yoast SEO plugin. -->","yoast_head_json":{"title":"D2 Hand F\u00e9minin: Une bouff\u00e9e d'oxyg\u00e8ne pour l'AsulVV -","description":"L'AsulVV handball a re\u00e7u ce dimanche 21 janvier Noisy le Grand au palais des sports Jean Capievic.","robots":{"index":"index","follow":"follow","max-snippet":"max-snippet:-1","max-image-preview":"max-image-preview:large","max-video-preview":"max-video-preview:-1"},"canonical":"https:\/\/lyonbondyblog.fr\/LBB\/d2-hand-feminin-une-bouffee-doxygene-pour-lasulvv\/","og_locale":"fr_FR","og_type":"article","og_title":"D2 Hand F\u00e9minin: Une bouff\u00e9e d'oxyg\u00e8ne pour l'AsulVV -","og_description":"L'AsulVV handball a re\u00e7u ce dimanche 21 janvier Noisy le Grand au palais des sports Jean Capievic.","og_url":"https:\/\/lyonbondyblog.fr\/LBB\/d2-hand-feminin-une-bouffee-doxygene-pour-lasulvv\/","og_site_name":"Lyon Bondy Blog","article_publisher":"https:\/\/www.facebook.com\/lyonbondyblog","article_author":"https:\/\/www.facebook.com\/lyonbondyblog","article_published_time":"2024-01-22T20:13:46+00:00","article_modified_time":"2024-01-23T14:50:58+00:00","og_image":[{"width":1170,"height":782,"url":"https:\/\/lyonbondyblog.fr\/LBB\/wp-content\/uploads\/2024\/01\/IMG_0632.jpg","type":"image\/jpeg"}],"author":"La r\u00e9daction","twitter_card":"summary_large_image","twitter_creator":"@BondyBlogLyon","twitter_site":"@bondybloglyon","schema":{"@context":"https:\/\/schema.org","@graph":[{"@type":"Article","@id":"https:\/\/lyonbondyblog.fr\/LBB\/d2-hand-feminin-une-bouffee-doxygene-pour-lasulvv\/#article","isPartOf":{"@id":"https:\/\/lyonbondyblog.fr\/LBB\/d2-hand-feminin-une-bouffee-doxygene-pour-lasulvv\/"},"author":{"name":"La r\u00e9daction","@id":"https:\/\/lyonbondyblog.fr\/LBB\/#\/schema\/person\/e45f8d27baac75072daa0be50c409b25"},"headline":"D2 Hand F\u00e9minin: Une bouff\u00e9e d&rsquo;oxyg\u00e8ne pour l&rsquo;AsulVV","datePublished":"2024-01-22T20:13:46+00:00","dateModified":"2024-01-23T14:50:58+00:00","mainEntityOfPage":{"@id":"https:\/\/lyonbondyblog.fr\/LBB\/d2-hand-feminin-une-bouffee-doxygene-pour-lasulvv\/"},"wordCount":589,"commentCount":0,"publisher":{"@id":"https:\/\/lyonbondyblog.fr\/LBB\/#organization"},"image":{"@id":"https:\/\/lyonbondyblog.fr\/LBB\/d2-hand-feminin-une-bouffee-doxygene-pour-lasulvv\/#primaryimage"},"thumbnailUrl":"https:\/\/lyonbondyblog.fr\/LBB\/wp-content\/uploads\/2024\/01\/IMG_0632.jpg","keywords":["ASUL Vaulx-en-Velin","handball feminin"],"articleSection":["Handball","Lyon"],"inLanguage":"fr-FR","potentialAction":[{"@type":"CommentAction","name":"Comment","target":["https:\/\/lyonbondyblog.fr\/LBB\/d2-hand-feminin-une-bouffee-doxygene-pour-lasulvv\/#respond"]}]},{"@type":"WebPage","@id":"https:\/\/lyonbondyblog.fr\/LBB\/d2-hand-feminin-une-bouffee-doxygene-pour-lasulvv\/","url":"https:\/\/lyonbondyblog.fr\/LBB\/d2-hand-feminin-une-bouffee-doxygene-pour-lasulvv\/","name":"D2 Hand F\u00e9minin: Une bouff\u00e9e d'oxyg\u00e8ne pour l'AsulVV -","isPartOf":{"@id":"https:\/\/lyonbondyblog.fr\/LBB\/#website"},"primaryImageOfPage":{"@id":"https:\/\/lyonbondyblog.fr\/LBB\/d2-hand-feminin-une-bouffee-doxygene-pour-lasulvv\/#primaryimage"},"image":{"@id":"https:\/\/lyonbondyblog.fr\/LBB\/d2-hand-feminin-une-bouffee-doxygene-pour-lasulvv\/#primaryimage"},"thumbnailUrl":"https:\/\/lyonbondyblog.fr\/LBB\/wp-content\/uploads\/2024\/01\/IMG_0632.jpg","datePublished":"2024-01-22T20:13:46+00:00","dateModified":"2024-01-23T14:50:58+00:00","description":"L'AsulVV handball a re\u00e7u ce dimanche 21 janvier Noisy le Grand au palais des sports Jean Capievic.","inLanguage":"fr-FR","potentialAction":[{"@type":"ReadAction","target":["https:\/\/lyonbondyblog.fr\/LBB\/d2-hand-feminin-une-bouffee-doxygene-pour-lasulvv\/"]}]},{"@type":"ImageObject","inLanguage":"fr-FR","@id":"https:\/\/lyonbondyblog.fr\/LBB\/d2-hand-feminin-une-bouffee-doxygene-pour-lasulvv\/#primaryimage","url":"https:\/\/lyonbondyblog.fr\/LBB\/wp-content\/uploads\/2024\/01\/IMG_0632.jpg","contentUrl":"https:\/\/lyonbondyblog.fr\/LBB\/wp-content\/uploads\/2024\/01\/IMG_0632.jpg","width":1170,"height":782},{"@type":"WebSite","@id":"https:\/\/lyonbondyblog.fr\/LBB\/#website","url":"https:\/\/lyonbondyblog.fr\/LBB\/","name":"Lyon Bondy Blog","description":"","publisher":{"@id":"https:\/\/lyonbondyblog.fr\/LBB\/#organization"},"potentialAction":[{"@type":"SearchAction","target":{"@type":"EntryPoint","urlTemplate":"https:\/\/lyonbondyblog.fr\/LBB\/?s={search_term_string}"},"query-input":"required name=search_term_string"}],"inLanguage":"fr-FR"},{"@type":"Organization","@id":"https:\/\/lyonbondyblog.fr\/LBB\/#organization","name":"LYON BONDY BLOG","url":"https:\/\/lyonbondyblog.fr\/LBB\/","logo":{"@type":"ImageObject","inLanguage":"fr-FR","@id":"https:\/\/lyonbondyblog.fr\/LBB\/#\/schema\/logo\/image\/","url":"http:\/\/lyonbondyblog.fr\/LBB\/wp-content\/uploads\/2014\/10\/logo-portable-144.png","contentUrl":"http:\/\/lyonbondyblog.fr\/LBB\/wp-content\/uploads\/2014\/10\/logo-portable-144.png","width":144,"height":123,"caption":"LYON BONDY BLOG"},"image":{"@id":"https:\/\/lyonbondyblog.fr\/LBB\/#\/schema\/logo\/image\/"},"sameAs":["https:\/\/www.facebook.com\/lyonbondyblog","https:\/\/x.com\/bondybloglyon"]},{"@type":"Person","@id":"https:\/\/lyonbondyblog.fr\/LBB\/#\/schema\/person\/e45f8d27baac75072daa0be50c409b25","name":"La r\u00e9daction","description":"Cr\u00e9e en 2008, la r\u00e9daction du Lyon Bondy Blog s'applique \u00e0 proposer une information locale diff\u00e9rente et compl\u00e9mentaire des m\u00e9dias traditionnels.","sameAs":["https:\/\/www.facebook.com\/lyonbondyblog","https:\/\/x.com\/BondyBlogLyon"],"url":"https:\/\/lyonbondyblog.fr\/LBB\/author\/admin\/"}]}},"_links":{"self":[{"href":"https:\/\/lyonbondyblog.fr\/LBB\/wp-json\/wp\/v2\/posts\/33054","targetHints":{"allow":["GET"]}}],"collection":[{"href":"https:\/\/lyonbondyblog.fr\/LBB\/wp-json\/wp\/v2\/posts"}],"about":[{"href":"https:\/\/lyonbondyblog.fr\/LBB\/wp-json\/wp\/v2\/types\/post"}],"author":[{"embeddable":true,"href":"https:\/\/lyonbondyblog.fr\/LBB\/wp-json\/wp\/v2\/users\/1"}],"replies":[{"embeddable":true,"href":"https:\/\/lyonbondyblog.fr\/LBB\/wp-json\/wp\/v2\/comments?post=33054"}],"version-history":[{"count":4,"href":"https:\/\/lyonbondyblog.fr\/LBB\/wp-json\/wp\/v2\/posts\/33054\/revisions"}],"predecessor-version":[{"id":33067,"href":"https:\/\/lyonbondyblog.fr\/LBB\/wp-json\/wp\/v2\/posts\/33054\/revisions\/33067"}],"wp:featuredmedia":[{"embeddable":true,"href":"https:\/\/lyonbondyblog.fr\/LBB\/wp-json\/wp\/v2\/media\/33055"}],"wp:attachment":[{"href":"https:\/\/lyonbondyblog.fr\/LBB\/wp-json\/wp\/v2\/media?parent=33054"}],"wp:term":[{"taxonomy":"category","embeddable":true,"href":"https:\/\/lyonbondyblog.fr\/LBB\/wp-json\/wp\/v2\/categories?post=33054"},{"taxonomy":"post_tag","embeddable":true,"href":"https:\/\/lyonbondyblog.fr\/LBB\/wp-json\/wp\/v2\/tags?post=33054"}],"curies":[{"name":"wp","href":"https:\/\/api.w.org\/{rel}","templated":true}]}}