{"id":32984,"date":"2024-01-12T17:00:04","date_gmt":"2024-01-12T16:00:04","guid":{"rendered":"https:\/\/lyonbondyblog.fr\/LBB\/?p=32984"},"modified":"2024-01-12T17:00:06","modified_gmt":"2024-01-12T16:00:06","slug":"mohamed-metoui-la-gambardella-reste-un-objectif-pour-le-club-et-pour-la-formation","status":"publish","type":"post","link":"https:\/\/lyonbondyblog.fr\/LBB\/mohamed-metoui-la-gambardella-reste-un-objectif-pour-le-club-et-pour-la-formation\/","title":{"rendered":"Mohamed Metoui : \u00ab La Gambardella reste un objectif pour le club et pour la formation \u00bb"},"content":{"rendered":"\n<h4 class=\"wp-block-heading\">Les 32es de finale de la coupe Gambardella auront lieu ce dimanche \u00e0 14h30. Les clubs, Lyon-La Duch\u00e8re et l&rsquo;Olympique Lyonnais font partie de la comp\u00e9tition. Mohamed Metoui, directeur technique du club, revient sur le travail de formation du club duch\u00e9rois.<\/h4>\n\n\n\n<p><strong>Lyon Bondy Blog : Est-ce que la coupe Gambardella est un moyen de visibilit\u00e9 pour le centre de formation de <a href=\"https:\/\/www.lyonladuchere.fr\/\">Lyon-La Duch\u00e8re ?<\/a><\/strong><\/p>\n\n\n\n<p><a href=\"https:\/\/www.linkedin.com\/in\/mohamed-metoui-4877a7170\/?originalSubdomain=fr\"><strong>Mohamed Metoui<\/strong> <\/a>: On n&rsquo;est pas encore reconnu comme centre de formation. C&rsquo;est une belle r\u00e9compense pour tous les formateurs du club et pour les jeunes. Cela permet de savoir s&rsquo;il y a une progression ou pas. Aujourd&rsquo;hui, on est en 32es de finale, j&rsquo;ai l&rsquo;impression qu&rsquo;il n\u2019y a que deux pr\u00e9sents \u00e0 ce stade de cette coupe : l&rsquo;Olympique Lyonnais et nous.&nbsp;<\/p>\n\n\n\n<p><strong>LBB : Le LBB vous suit depuis 2016. Vous avez plusieurs exploits notamment <a href=\"https:\/\/lyonbondyblog.fr\/LBB\/victoire-inattendue-de-lyon-duchere-contre-lasse-gambardella\/\">l\u2019\u00e9limination de l&rsquo;ASSE<\/a> dans votre antre de la Sauvegarde. Vous avez notamment fait de bons parcours en Gambardella. Comment voyez-vous le match contre Troyes en 32es de finale ?&nbsp;<\/strong><\/p>\n\n\n\n<p><strong>M.M<\/strong> : Je ne vois pas cela comme une r\u00e9compense. On veut aller le plus loin possible. Il y a 2-3 ans en arri\u00e8re, avec la g\u00e9n\u00e9ration 2004, l&rsquo;\u00e9quipe est arriv\u00e9e en 1\/4 de finale contre le Havre et on s&rsquo;\u00e9tait fait \u00e9liminer par Caen qui \u00e9tait arriv\u00e9 en finale contre l&rsquo;OL. Apr\u00e8s, ce sont des parcours importants pour nous, et aussi, la r\u00e9compense du travail effectu\u00e9 depuis toutes ces ann\u00e9es. La Gambardella reste un objectif pour le club et pour la formation. Cela permet aussi \u00e0 nos joueurs de s&rsquo;exprimer \u00e0 haut-niveau.&nbsp;<\/p>\n\n\n\n<p><strong>LBB : Il y a une vraie tradition au club duch\u00e9rois concernant les coupes autant chez les seniors que chez les jeunes. Comment vos jeunes joueurs appr\u00e9hendent ces moments ?&nbsp;<\/strong><\/p>\n\n\n\n<p><strong>M.M<\/strong> : Vous vous confrontez \u00e0 des clubs professionnels que vous voyez \u00e0 la t\u00e9l\u00e9. Nos jeunes ont besoin de ces confrontations pour voir o\u00f9 ils en sont au niveau footballistique et aussi le travail \u00e0 accomplir pour atteindre le haut niveau. Cela fait partie de la formation de la derni\u00e8re g\u00e9n\u00e9ration comme je vous le rappelais un peu plus haut. Dans l&rsquo;\u00e9quipe de la g\u00e9n\u00e9ration 2004, cinq joueurs de ce cru avaient sign\u00e9 dans des clubs professionnels.&nbsp;<\/p>\n\n\n\n<p><strong>LBB : Est-il important de valoriser le travail des \u00e9ducateurs, notamment dans un quartier comme la Duch\u00e8re et est-ce que des jeunes issus des -18ans montent en \u00e9quipe premi\u00e8re ?<\/strong><\/p>\n\n\n\n<p><strong>M.M<\/strong> : Les meilleurs partent en clubs pros, apr\u00e8s on aurait pr\u00e9f\u00e9r\u00e9 les garder pour notre \u00e9quipe premi\u00e8re, mais malheureusement cela fait partie du jeu et tant mieux pour eux et pour le club. Cela montre qu&rsquo;on fait du bon travail. Maintenant, ceux qui restent sont un ton en dessous, mais quelques-uns r\u00e9ussissent \u00e0 finir en \u00e9quipe premi\u00e8re. Sur le dernier match de coupe de France, l&rsquo;avant-centre titulaire, un jeune issu de la g\u00e9n\u00e9ration 2004, a marqu\u00e9 le but contre le Puy-en -Velay.&nbsp;<\/p>\n\n\n\n<p><strong>LBB : Comment votre club peut devenir un vrai centre de formation ?&nbsp;<\/strong><\/p>\n\n\n\n<p><strong>M.M<\/strong> : Tout simplement, il faut que notre \u00e9quipe premi\u00e8re \u00e9volue en Ligue 2. Aujourd&rsquo;hui, pour ouvrir un centre de formation, il faut avoir le statut professionnel que vous atteignez seulement quand vous arrivez en Ligue 2.&nbsp;<\/p>\n\n\n\n<p><strong>LBB : Le mot de la fin ?<\/strong><\/p>\n\n\n\n<p>Je tiens \u00e0 f\u00e9liciter le staff et les joueurs pour leur travail quotidien et j&rsquo;esp\u00e8re que l&rsquo;aventure continuera. Je remercie la direction qui nous donne les moyens pour avancer dans le bon sens.&nbsp;&nbsp;<\/p>\n\n\n\n<p>Etienne Aazzab<\/p>\n<!-- AddThis Advanced Settings generic via filter on the_content --><!-- AddThis Share Buttons generic via filter on the_content -->","protected":false},"excerpt":{"rendered":"<p>Les 32es de finale de la coupe Gambardella auront lieu ce dimanche \u00e0 14h30. Les clubs, Lyon-La Duch\u00e8re et l&rsquo;Olympique Lyonnais font partie de la &hellip; <!-- AddThis Advanced Settings generic via filter on wp_trim_excerpt --><!-- AddThis Share Buttons generic via filter on wp_trim_excerpt --><\/p>\n","protected":false},"author":1,"featured_media":32985,"comment_status":"open","ping_status":"open","sticky":true,"template":"","format":"standard","meta":{"_FSMCFIC_featured_image_caption":"","_FSMCFIC_featured_image_nocaption":"","_FSMCFIC_featured_image_hide":"","footnotes":""},"categories":[3888,3533,14155,2862],"tags":[2106,665,624],"class_list":["post-32984","post","type-post","status-publish","format-standard","has-post-thumbnail","hentry","category-football","category-gambardella","category-la-duchere","category-sport","tag-coupe-gambardella","tag-duchere","tag-football"],"yoast_head":"<!-- This site is optimized with the Yoast SEO plugin v22.8 - https:\/\/yoast.com\/wordpress\/plugins\/seo\/ -->\n<title>Mohamed Metoui : \u00ab La Gambardella reste un objectif pour le club et pour la formation \u00bb - Lyon Bondy Blog<\/title>\n<meta name=\"description\" content=\"Les 32es de finale de la coupe Gambardella ont lieu ce dimanche. Mohamed Metoui, directeur technique, revient sur le travail de formation du club duch\u00e9rois.\" \/>\n<meta name=\"robots\" content=\"index, follow, max-snippet:-1, max-image-preview:large, max-video-preview:-1\" \/>\n<link rel=\"canonical\" href=\"https:\/\/lyonbondyblog.fr\/LBB\/mohamed-metoui-la-gambardella-reste-un-objectif-pour-le-club-et-pour-la-formation\/\" \/>\n<meta property=\"og:locale\" content=\"fr_FR\" \/>\n<meta property=\"og:type\" content=\"article\" \/>\n<meta property=\"og:title\" content=\"Mohamed Metoui : \u00ab La Gambardella reste un objectif pour le club et pour la formation \u00bb - Lyon Bondy Blog\" \/>\n<meta property=\"og:description\" content=\"Les 32es de finale de la coupe Gambardella ont lieu ce dimanche. Mohamed Metoui, directeur technique, revient sur le travail de formation du club duch\u00e9rois.\" \/>\n<meta property=\"og:url\" content=\"https:\/\/lyonbondyblog.fr\/LBB\/mohamed-metoui-la-gambardella-reste-un-objectif-pour-le-club-et-pour-la-formation\/\" \/>\n<meta property=\"og:site_name\" content=\"Lyon Bondy Blog\" \/>\n<meta property=\"article:publisher\" content=\"https:\/\/www.facebook.com\/lyonbondyblog\" \/>\n<meta property=\"article:author\" content=\"https:\/\/www.facebook.com\/lyonbondyblog\" \/>\n<meta property=\"article:published_time\" content=\"2024-01-12T16:00:04+00:00\" \/>\n<meta property=\"article:modified_time\" content=\"2024-01-12T16:00:06+00:00\" \/>\n<meta property=\"og:image\" content=\"https:\/\/lyonbondyblog.fr\/LBB\/wp-content\/uploads\/2024\/01\/thumbnail_IMG_4674.jpg\" \/>\n\t<meta property=\"og:image:width\" content=\"1920\" \/>\n\t<meta property=\"og:image:height\" content=\"1280\" \/>\n\t<meta property=\"og:image:type\" content=\"image\/jpeg\" \/>\n<meta name=\"author\" content=\"La r\u00e9daction\" \/>\n<meta name=\"twitter:card\" content=\"summary_large_image\" \/>\n<meta name=\"twitter:creator\" content=\"@BondyBlogLyon\" \/>\n<meta name=\"twitter:site\" content=\"@bondybloglyon\" \/>\n<script type=\"application\/ld+json\" class=\"yoast-schema-graph\">{\"@context\":\"https:\/\/schema.org\",\"@graph\":[{\"@type\":\"Article\",\"@id\":\"https:\/\/lyonbondyblog.fr\/LBB\/mohamed-metoui-la-gambardella-reste-un-objectif-pour-le-club-et-pour-la-formation\/#article\",\"isPartOf\":{\"@id\":\"https:\/\/lyonbondyblog.fr\/LBB\/mohamed-metoui-la-gambardella-reste-un-objectif-pour-le-club-et-pour-la-formation\/\"},\"author\":{\"name\":\"La r\u00e9daction\",\"@id\":\"https:\/\/lyonbondyblog.fr\/LBB\/#\/schema\/person\/e45f8d27baac75072daa0be50c409b25\"},\"headline\":\"Mohamed Metoui : \u00ab La Gambardella reste un objectif pour le club et pour la formation \u00bb\",\"datePublished\":\"2024-01-12T16:00:04+00:00\",\"dateModified\":\"2024-01-12T16:00:06+00:00\",\"mainEntityOfPage\":{\"@id\":\"https:\/\/lyonbondyblog.fr\/LBB\/mohamed-metoui-la-gambardella-reste-un-objectif-pour-le-club-et-pour-la-formation\/\"},\"wordCount\":611,\"commentCount\":0,\"publisher\":{\"@id\":\"https:\/\/lyonbondyblog.fr\/LBB\/#organization\"},\"image\":{\"@id\":\"https:\/\/lyonbondyblog.fr\/LBB\/mohamed-metoui-la-gambardella-reste-un-objectif-pour-le-club-et-pour-la-formation\/#primaryimage\"},\"thumbnailUrl\":\"https:\/\/lyonbondyblog.fr\/LBB\/wp-content\/uploads\/2024\/01\/thumbnail_IMG_4674.jpg\",\"keywords\":[\"Coupe Gambardella\",\"Duch\u00e8re\",\"Football\"],\"articleSection\":[\"Football\",\"Gambardella\",\"La Duch\u00e8re\",\"Sport\"],\"inLanguage\":\"fr-FR\",\"potentialAction\":[{\"@type\":\"CommentAction\",\"name\":\"Comment\",\"target\":[\"https:\/\/lyonbondyblog.fr\/LBB\/mohamed-metoui-la-gambardella-reste-un-objectif-pour-le-club-et-pour-la-formation\/#respond\"]}]},{\"@type\":\"WebPage\",\"@id\":\"https:\/\/lyonbondyblog.fr\/LBB\/mohamed-metoui-la-gambardella-reste-un-objectif-pour-le-club-et-pour-la-formation\/\",\"url\":\"https:\/\/lyonbondyblog.fr\/LBB\/mohamed-metoui-la-gambardella-reste-un-objectif-pour-le-club-et-pour-la-formation\/\",\"name\":\"Mohamed Metoui : \u00ab La Gambardella reste un objectif pour le club et pour la formation \u00bb - Lyon Bondy Blog\",\"isPartOf\":{\"@id\":\"https:\/\/lyonbondyblog.fr\/LBB\/#website\"},\"primaryImageOfPage\":{\"@id\":\"https:\/\/lyonbondyblog.fr\/LBB\/mohamed-metoui-la-gambardella-reste-un-objectif-pour-le-club-et-pour-la-formation\/#primaryimage\"},\"image\":{\"@id\":\"https:\/\/lyonbondyblog.fr\/LBB\/mohamed-metoui-la-gambardella-reste-un-objectif-pour-le-club-et-pour-la-formation\/#primaryimage\"},\"thumbnailUrl\":\"https:\/\/lyonbondyblog.fr\/LBB\/wp-content\/uploads\/2024\/01\/thumbnail_IMG_4674.jpg\",\"datePublished\":\"2024-01-12T16:00:04+00:00\",\"dateModified\":\"2024-01-12T16:00:06+00:00\",\"description\":\"Les 32es de finale de la coupe Gambardella ont lieu ce dimanche. Mohamed Metoui, directeur technique, revient sur le travail de formation du club duch\u00e9rois.\",\"inLanguage\":\"fr-FR\",\"potentialAction\":[{\"@type\":\"ReadAction\",\"target\":[\"https:\/\/lyonbondyblog.fr\/LBB\/mohamed-metoui-la-gambardella-reste-un-objectif-pour-le-club-et-pour-la-formation\/\"]}]},{\"@type\":\"ImageObject\",\"inLanguage\":\"fr-FR\",\"@id\":\"https:\/\/lyonbondyblog.fr\/LBB\/mohamed-metoui-la-gambardella-reste-un-objectif-pour-le-club-et-pour-la-formation\/#primaryimage\",\"url\":\"https:\/\/lyonbondyblog.fr\/LBB\/wp-content\/uploads\/2024\/01\/thumbnail_IMG_4674.jpg\",\"contentUrl\":\"https:\/\/lyonbondyblog.fr\/LBB\/wp-content\/uploads\/2024\/01\/thumbnail_IMG_4674.jpg\",\"width\":1920,\"height\":1280},{\"@type\":\"WebSite\",\"@id\":\"https:\/\/lyonbondyblog.fr\/LBB\/#website\",\"url\":\"https:\/\/lyonbondyblog.fr\/LBB\/\",\"name\":\"Lyon Bondy Blog\",\"description\":\"\",\"publisher\":{\"@id\":\"https:\/\/lyonbondyblog.fr\/LBB\/#organization\"},\"potentialAction\":[{\"@type\":\"SearchAction\",\"target\":{\"@type\":\"EntryPoint\",\"urlTemplate\":\"https:\/\/lyonbondyblog.fr\/LBB\/?s={search_term_string}\"},\"query-input\":\"required name=search_term_string\"}],\"inLanguage\":\"fr-FR\"},{\"@type\":\"Organization\",\"@id\":\"https:\/\/lyonbondyblog.fr\/LBB\/#organization\",\"name\":\"LYON BONDY BLOG\",\"url\":\"https:\/\/lyonbondyblog.fr\/LBB\/\",\"logo\":{\"@type\":\"ImageObject\",\"inLanguage\":\"fr-FR\",\"@id\":\"https:\/\/lyonbondyblog.fr\/LBB\/#\/schema\/logo\/image\/\",\"url\":\"http:\/\/lyonbondyblog.fr\/LBB\/wp-content\/uploads\/2014\/10\/logo-portable-144.png\",\"contentUrl\":\"http:\/\/lyonbondyblog.fr\/LBB\/wp-content\/uploads\/2014\/10\/logo-portable-144.png\",\"width\":144,\"height\":123,\"caption\":\"LYON BONDY BLOG\"},\"image\":{\"@id\":\"https:\/\/lyonbondyblog.fr\/LBB\/#\/schema\/logo\/image\/\"},\"sameAs\":[\"https:\/\/www.facebook.com\/lyonbondyblog\",\"https:\/\/x.com\/bondybloglyon\"]},{\"@type\":\"Person\",\"@id\":\"https:\/\/lyonbondyblog.fr\/LBB\/#\/schema\/person\/e45f8d27baac75072daa0be50c409b25\",\"name\":\"La r\u00e9daction\",\"description\":\"Cr\u00e9e en 2008, la r\u00e9daction du Lyon Bondy Blog s'applique \u00e0 proposer une information locale diff\u00e9rente et compl\u00e9mentaire des m\u00e9dias traditionnels.\",\"sameAs\":[\"https:\/\/www.facebook.com\/lyonbondyblog\",\"https:\/\/x.com\/BondyBlogLyon\"],\"url\":\"https:\/\/lyonbondyblog.fr\/LBB\/author\/admin\/\"}]}<\/script>\n<!-- \/ Yoast SEO plugin. -->","yoast_head_json":{"title":"Mohamed Metoui : \u00ab La Gambardella reste un objectif pour le club et pour la formation \u00bb - Lyon Bondy Blog","description":"Les 32es de finale de la coupe Gambardella ont lieu ce dimanche. Mohamed Metoui, directeur technique, revient sur le travail de formation du club duch\u00e9rois.","robots":{"index":"index","follow":"follow","max-snippet":"max-snippet:-1","max-image-preview":"max-image-preview:large","max-video-preview":"max-video-preview:-1"},"canonical":"https:\/\/lyonbondyblog.fr\/LBB\/mohamed-metoui-la-gambardella-reste-un-objectif-pour-le-club-et-pour-la-formation\/","og_locale":"fr_FR","og_type":"article","og_title":"Mohamed Metoui : \u00ab La Gambardella reste un objectif pour le club et pour la formation \u00bb - Lyon Bondy Blog","og_description":"Les 32es de finale de la coupe Gambardella ont lieu ce dimanche. Mohamed Metoui, directeur technique, revient sur le travail de formation du club duch\u00e9rois.","og_url":"https:\/\/lyonbondyblog.fr\/LBB\/mohamed-metoui-la-gambardella-reste-un-objectif-pour-le-club-et-pour-la-formation\/","og_site_name":"Lyon Bondy Blog","article_publisher":"https:\/\/www.facebook.com\/lyonbondyblog","article_author":"https:\/\/www.facebook.com\/lyonbondyblog","article_published_time":"2024-01-12T16:00:04+00:00","article_modified_time":"2024-01-12T16:00:06+00:00","og_image":[{"width":1920,"height":1280,"url":"https:\/\/lyonbondyblog.fr\/LBB\/wp-content\/uploads\/2024\/01\/thumbnail_IMG_4674.jpg","type":"image\/jpeg"}],"author":"La r\u00e9daction","twitter_card":"summary_large_image","twitter_creator":"@BondyBlogLyon","twitter_site":"@bondybloglyon","schema":{"@context":"https:\/\/schema.org","@graph":[{"@type":"Article","@id":"https:\/\/lyonbondyblog.fr\/LBB\/mohamed-metoui-la-gambardella-reste-un-objectif-pour-le-club-et-pour-la-formation\/#article","isPartOf":{"@id":"https:\/\/lyonbondyblog.fr\/LBB\/mohamed-metoui-la-gambardella-reste-un-objectif-pour-le-club-et-pour-la-formation\/"},"author":{"name":"La r\u00e9daction","@id":"https:\/\/lyonbondyblog.fr\/LBB\/#\/schema\/person\/e45f8d27baac75072daa0be50c409b25"},"headline":"Mohamed Metoui : \u00ab La Gambardella reste un objectif pour le club et pour la formation \u00bb","datePublished":"2024-01-12T16:00:04+00:00","dateModified":"2024-01-12T16:00:06+00:00","mainEntityOfPage":{"@id":"https:\/\/lyonbondyblog.fr\/LBB\/mohamed-metoui-la-gambardella-reste-un-objectif-pour-le-club-et-pour-la-formation\/"},"wordCount":611,"commentCount":0,"publisher":{"@id":"https:\/\/lyonbondyblog.fr\/LBB\/#organization"},"image":{"@id":"https:\/\/lyonbondyblog.fr\/LBB\/mohamed-metoui-la-gambardella-reste-un-objectif-pour-le-club-et-pour-la-formation\/#primaryimage"},"thumbnailUrl":"https:\/\/lyonbondyblog.fr\/LBB\/wp-content\/uploads\/2024\/01\/thumbnail_IMG_4674.jpg","keywords":["Coupe Gambardella","Duch\u00e8re","Football"],"articleSection":["Football","Gambardella","La Duch\u00e8re","Sport"],"inLanguage":"fr-FR","potentialAction":[{"@type":"CommentAction","name":"Comment","target":["https:\/\/lyonbondyblog.fr\/LBB\/mohamed-metoui-la-gambardella-reste-un-objectif-pour-le-club-et-pour-la-formation\/#respond"]}]},{"@type":"WebPage","@id":"https:\/\/lyonbondyblog.fr\/LBB\/mohamed-metoui-la-gambardella-reste-un-objectif-pour-le-club-et-pour-la-formation\/","url":"https:\/\/lyonbondyblog.fr\/LBB\/mohamed-metoui-la-gambardella-reste-un-objectif-pour-le-club-et-pour-la-formation\/","name":"Mohamed Metoui : \u00ab La Gambardella reste un objectif pour le club et pour la formation \u00bb - Lyon Bondy Blog","isPartOf":{"@id":"https:\/\/lyonbondyblog.fr\/LBB\/#website"},"primaryImageOfPage":{"@id":"https:\/\/lyonbondyblog.fr\/LBB\/mohamed-metoui-la-gambardella-reste-un-objectif-pour-le-club-et-pour-la-formation\/#primaryimage"},"image":{"@id":"https:\/\/lyonbondyblog.fr\/LBB\/mohamed-metoui-la-gambardella-reste-un-objectif-pour-le-club-et-pour-la-formation\/#primaryimage"},"thumbnailUrl":"https:\/\/lyonbondyblog.fr\/LBB\/wp-content\/uploads\/2024\/01\/thumbnail_IMG_4674.jpg","datePublished":"2024-01-12T16:00:04+00:00","dateModified":"2024-01-12T16:00:06+00:00","description":"Les 32es de finale de la coupe Gambardella ont lieu ce dimanche. Mohamed Metoui, directeur technique, revient sur le travail de formation du club duch\u00e9rois.","inLanguage":"fr-FR","potentialAction":[{"@type":"ReadAction","target":["https:\/\/lyonbondyblog.fr\/LBB\/mohamed-metoui-la-gambardella-reste-un-objectif-pour-le-club-et-pour-la-formation\/"]}]},{"@type":"ImageObject","inLanguage":"fr-FR","@id":"https:\/\/lyonbondyblog.fr\/LBB\/mohamed-metoui-la-gambardella-reste-un-objectif-pour-le-club-et-pour-la-formation\/#primaryimage","url":"https:\/\/lyonbondyblog.fr\/LBB\/wp-content\/uploads\/2024\/01\/thumbnail_IMG_4674.jpg","contentUrl":"https:\/\/lyonbondyblog.fr\/LBB\/wp-content\/uploads\/2024\/01\/thumbnail_IMG_4674.jpg","width":1920,"height":1280},{"@type":"WebSite","@id":"https:\/\/lyonbondyblog.fr\/LBB\/#website","url":"https:\/\/lyonbondyblog.fr\/LBB\/","name":"Lyon Bondy Blog","description":"","publisher":{"@id":"https:\/\/lyonbondyblog.fr\/LBB\/#organization"},"potentialAction":[{"@type":"SearchAction","target":{"@type":"EntryPoint","urlTemplate":"https:\/\/lyonbondyblog.fr\/LBB\/?s={search_term_string}"},"query-input":"required name=search_term_string"}],"inLanguage":"fr-FR"},{"@type":"Organization","@id":"https:\/\/lyonbondyblog.fr\/LBB\/#organization","name":"LYON BONDY BLOG","url":"https:\/\/lyonbondyblog.fr\/LBB\/","logo":{"@type":"ImageObject","inLanguage":"fr-FR","@id":"https:\/\/lyonbondyblog.fr\/LBB\/#\/schema\/logo\/image\/","url":"http:\/\/lyonbondyblog.fr\/LBB\/wp-content\/uploads\/2014\/10\/logo-portable-144.png","contentUrl":"http:\/\/lyonbondyblog.fr\/LBB\/wp-content\/uploads\/2014\/10\/logo-portable-144.png","width":144,"height":123,"caption":"LYON BONDY BLOG"},"image":{"@id":"https:\/\/lyonbondyblog.fr\/LBB\/#\/schema\/logo\/image\/"},"sameAs":["https:\/\/www.facebook.com\/lyonbondyblog","https:\/\/x.com\/bondybloglyon"]},{"@type":"Person","@id":"https:\/\/lyonbondyblog.fr\/LBB\/#\/schema\/person\/e45f8d27baac75072daa0be50c409b25","name":"La r\u00e9daction","description":"Cr\u00e9e en 2008, la r\u00e9daction du Lyon Bondy Blog s'applique \u00e0 proposer une information locale diff\u00e9rente et compl\u00e9mentaire des m\u00e9dias traditionnels.","sameAs":["https:\/\/www.facebook.com\/lyonbondyblog","https:\/\/x.com\/BondyBlogLyon"],"url":"https:\/\/lyonbondyblog.fr\/LBB\/author\/admin\/"}]}},"_links":{"self":[{"href":"https:\/\/lyonbondyblog.fr\/LBB\/wp-json\/wp\/v2\/posts\/32984","targetHints":{"allow":["GET"]}}],"collection":[{"href":"https:\/\/lyonbondyblog.fr\/LBB\/wp-json\/wp\/v2\/posts"}],"about":[{"href":"https:\/\/lyonbondyblog.fr\/LBB\/wp-json\/wp\/v2\/types\/post"}],"author":[{"embeddable":true,"href":"https:\/\/lyonbondyblog.fr\/LBB\/wp-json\/wp\/v2\/users\/1"}],"replies":[{"embeddable":true,"href":"https:\/\/lyonbondyblog.fr\/LBB\/wp-json\/wp\/v2\/comments?post=32984"}],"version-history":[{"count":3,"href":"https:\/\/lyonbondyblog.fr\/LBB\/wp-json\/wp\/v2\/posts\/32984\/revisions"}],"predecessor-version":[{"id":32988,"href":"https:\/\/lyonbondyblog.fr\/LBB\/wp-json\/wp\/v2\/posts\/32984\/revisions\/32988"}],"wp:featuredmedia":[{"embeddable":true,"href":"https:\/\/lyonbondyblog.fr\/LBB\/wp-json\/wp\/v2\/media\/32985"}],"wp:attachment":[{"href":"https:\/\/lyonbondyblog.fr\/LBB\/wp-json\/wp\/v2\/media?parent=32984"}],"wp:term":[{"taxonomy":"category","embeddable":true,"href":"https:\/\/lyonbondyblog.fr\/LBB\/wp-json\/wp\/v2\/categories?post=32984"},{"taxonomy":"post_tag","embeddable":true,"href":"https:\/\/lyonbondyblog.fr\/LBB\/wp-json\/wp\/v2\/tags?post=32984"}],"curies":[{"name":"wp","href":"https:\/\/api.w.org\/{rel}","templated":true}]}}