{"id":32848,"date":"2023-11-01T21:13:33","date_gmt":"2023-11-01T20:13:33","guid":{"rendered":"http:\/\/lyonbondyblog.fr\/LBB\/?p=32848"},"modified":"2023-11-01T22:03:31","modified_gmt":"2023-11-01T21:03:31","slug":"graines-de-dialogues","status":"publish","type":"post","link":"https:\/\/lyonbondyblog.fr\/LBB\/graines-de-dialogues\/","title":{"rendered":"Graines de dialogues&nbsp;"},"content":{"rendered":"\n<p><strong><a href=\"https:\/\/grainesdefrance.net\">Graines de France<\/a> est une association cr\u00e9\u00e9e en 2009 en r\u00e9gion parisienne. La grande th\u00e9matique que met en place cette structure, c&rsquo;est la relation entre les policiers et les jeunes issus des banlieues au niveau national. Pr\u00e9sentation de la structure avec <a href=\"https:\/\/www.jean-jaures.org\/expert\/reda-didi\/\">Reda Didi<\/a>, entretien.<\/strong><\/p>\n\n\n\n<p><strong>Pouvez-vous pr\u00e9senter le programme \u201cGraines de France\u201d&nbsp;?<\/strong><\/p>\n\n\n\n<p>Graines de France est une association qui a 2 objectifs:&nbsp;premi\u00e8rement r\u00e9tablir une relation institution-population&nbsp;, et en particulier la relation <a href=\"https:\/\/www.gard.gouv.fr\/Actualites\/Operation-Graines-de-France-un-rapprochement-entre-les-publics-et-les-services-de-securite\">police-population<\/a>.<\/p>\n\n\n\n<p>Et deuxi\u00e8mement d\u00e9velopper les questions&nbsp;d&#8217;empowerment , ce qui veut dire renforcer le pouvoir d&rsquo;agir des quartiers populaires,  notamment par le biais des \u00ab\u00a0rencontres du possible\u00a0\u00bb, qui permettent \u00e0 des jeunes de rencontrer des professionnels issus de leur territoire et de leur quartier pour casser les \u201cplafonds de verre\u201d.<\/p>\n\n\n\n<p><strong>Comment se passe la relation entre les jeunes et les policiers qui interviennent dans ce programme ? Quels sont les ateliers que vous mettez en place, notamment avec les jeunes dans les banlieues&nbsp;?<\/strong><\/p>\n\n\n\n<figure class=\"wp-block-image size-full is-resized\"><img loading=\"lazy\" decoding=\"async\" src=\"https:\/\/lyonbondyblog.fr\/LBB\/wp-content\/uploads\/2023\/11\/telecharge-6.jpg\" alt=\"\" class=\"wp-image-32850\" width=\"958\" height=\"718\"\/><\/figure>\n\n\n\n<p><br>On met en place diff\u00e9rents ateliers pour permettre le dialogue entre la police et les habitants, notamment les jeunes. L&rsquo;id\u00e9e, c&rsquo;est de passer par des ateliers d&rsquo;\u00e9criture avec des \u00e9crivains, des ateliers de th\u00e9\u00e2tre avec des com\u00e9diens, des ateliers de lib\u00e9ration de la parole avec des journalistes ou des \u00e9ducateurs sp\u00e9cialis\u00e9s, et puis des ateliers de sport avec des sportifs de haut niveau, des champions du monde, d&rsquo;Europe, de France en g\u00e9n\u00e9ral pour appr\u00e9hender la probl\u00e9matique.<br>On prend des groupes allant jusqu&rsquo;\u00e0 60, 70 jeunes&nbsp;qu&rsquo;on repartit par petits groupes de 12 en diff\u00e9rents ateliers tout au long de la journ\u00e9e. On a ainsi&nbsp;4 ateliers th\u00e9\u00e2tre, 4 ateliers de lib\u00e9ration de la parole, 4 ateliers d&rsquo;\u00e9criture et 4 ateliers de sports.&nbsp;En fin de journ\u00e9e, on conclut avec une s\u00e9ance d&rsquo;\u00e9change notamment des questions avec les policiers nationaux ou municipaux<\/p>\n\n\n\n<p>On veille au respect entre les interlocuteurs&nbsp;en d\u00e9veloppant des \u00e9changes sous forme&nbsp;de questions-r\u00e9ponses. On am\u00e8ne les jeunes \u00e0 s&rsquo;interroger sur la place de la police dans notre soci\u00e9t\u00e9 et la place des r\u00e8gles et du cadre. C&rsquo;est l&rsquo;id\u00e9e de se mettre \u00e0 la place des policiers.<br>On confronte \u00e9galement les jeunes avec leur repr\u00e9sentation des forces de l\u2019ordre dans des situations bien pr\u00e9cises, notamment sur la lib\u00e9ration de la parole, \u00e7a leur permet de \u201cvider leur sac\u201d sur la question de la relation entre jeunes et forces de l&rsquo;ordre.<br>Sur le sport de haut niveau,&nbsp;on explique que dans le sport comme dans la soci\u00e9t\u00e9, pour que \u00e7a marche un peu, il faut un cadre et un arbitrage, car encadrer sans arbitre, c&rsquo;est un peu bord\u00e9lique.<\/p>\n\n\n\n<figure class=\"wp-block-image size-full is-resized\"><img loading=\"lazy\" decoding=\"async\" src=\"https:\/\/lyonbondyblog.fr\/LBB\/wp-content\/uploads\/2023\/11\/telecharge-7.jpg\" alt=\"\" class=\"wp-image-32853\" width=\"965\" height=\"965\" srcset=\"https:\/\/lyonbondyblog.fr\/LBB\/wp-content\/uploads\/2023\/11\/telecharge-7.jpg 224w, https:\/\/lyonbondyblog.fr\/LBB\/wp-content\/uploads\/2023\/11\/telecharge-7-150x150.jpg 150w\" sizes=\"auto, (max-width: 965px) 100vw, 965px\" \/><\/figure>\n\n\n\n<p><strong>Concr\u00e8tement avec quel budget financez-vous toutes ces actions&nbsp;?<\/strong><\/p>\n\n\n\n<p><br>On a des financements qui viennent du priv\u00e9 comme du public, notamment l&rsquo;\u00c9tat, les d\u00e9partements et les villes. Pour le priv\u00e9, nous demandons aux fondations.<br><strong><br>Vous travaillez essentiellement en r\u00e9gion parisienne ou vous travaillez sur toute la France&nbsp;?<\/strong><\/p>\n\n\n\n<p><br>On travaille dans toute la France,\u00a0on est r\u00e9parti \u00e9quitablement entre des sites en Ile de France et sur le reste du territoire fran\u00e7ais. En Ile de France, on travaille beaucoup, dans le 95 ,le 78, le 93, le 77. En r\u00e9gion, on travaille beaucoup \u00e0 Lille et le Grand Lille, \u00e0 Roubaix, Maubeuge, Wazemme, Wattignies,  Fourmies. On est \u00e9galement sur Amiens, Limes, Avignon et Montpellier. Sur la r\u00e9gion lyonnaise on met en place des ateliers sur \u00e0 Lyon, Rillieux-La-Pape, Lyon 9, la Duch\u00e8re.<\/p>\n<!-- AddThis Advanced Settings generic via filter on the_content --><!-- AddThis Share Buttons generic via filter on the_content -->","protected":false},"excerpt":{"rendered":"<p>Graines de France est une association cr\u00e9\u00e9e en 2009 en r\u00e9gion parisienne. La grande th\u00e9matique que met en place cette structure, c&rsquo;est la relation entre &hellip; <!-- AddThis Advanced Settings generic via filter on wp_trim_excerpt --><!-- AddThis Share Buttons generic via filter on wp_trim_excerpt --><\/p>\n","protected":false},"author":1,"featured_media":32849,"comment_status":"open","ping_status":"open","sticky":false,"template":"","format":"standard","meta":{"_FSMCFIC_featured_image_caption":"","_FSMCFIC_featured_image_nocaption":"","_FSMCFIC_featured_image_hide":"","footnotes":""},"categories":[22233,14155,23077,18153,2],"tags":[],"class_list":["post-32848","post","type-post","status-publish","format-standard","has-post-thumbnail","hentry","category-duchere","category-la-duchere","category-police","category-social","category-societe"],"yoast_head":"<!-- This site is optimized with the Yoast SEO plugin v22.8 - https:\/\/yoast.com\/wordpress\/plugins\/seo\/ -->\n<title>Graines de dialogues&nbsp; - Lyon Bondy Blog<\/title>\n<meta name=\"robots\" content=\"index, follow, max-snippet:-1, max-image-preview:large, max-video-preview:-1\" \/>\n<link rel=\"canonical\" href=\"https:\/\/lyonbondyblog.fr\/LBB\/graines-de-dialogues\/\" \/>\n<meta property=\"og:locale\" content=\"fr_FR\" \/>\n<meta property=\"og:type\" content=\"article\" \/>\n<meta property=\"og:title\" content=\"Graines de dialogues&nbsp; - Lyon Bondy Blog\" \/>\n<meta property=\"og:description\" content=\"Graines de France est une association cr\u00e9\u00e9e en 2009 en r\u00e9gion parisienne. La grande th\u00e9matique que met en place cette structure, c&rsquo;est la relation entre &hellip;\" \/>\n<meta property=\"og:url\" content=\"https:\/\/lyonbondyblog.fr\/LBB\/graines-de-dialogues\/\" \/>\n<meta property=\"og:site_name\" content=\"Lyon Bondy Blog\" \/>\n<meta property=\"article:publisher\" content=\"https:\/\/www.facebook.com\/lyonbondyblog\" \/>\n<meta property=\"article:author\" content=\"https:\/\/www.facebook.com\/lyonbondyblog\" \/>\n<meta property=\"article:published_time\" content=\"2023-11-01T20:13:33+00:00\" \/>\n<meta property=\"article:modified_time\" content=\"2023-11-01T21:03:31+00:00\" \/>\n<meta property=\"og:image\" content=\"https:\/\/lyonbondyblog.fr\/LBB\/wp-content\/uploads\/2023\/11\/telecharge-1.png\" \/>\n\t<meta property=\"og:image:width\" content=\"300\" \/>\n\t<meta property=\"og:image:height\" content=\"168\" \/>\n\t<meta property=\"og:image:type\" content=\"image\/png\" \/>\n<meta name=\"author\" content=\"La r\u00e9daction\" \/>\n<meta name=\"twitter:card\" content=\"summary_large_image\" \/>\n<meta name=\"twitter:creator\" content=\"@BondyBlogLyon\" \/>\n<meta name=\"twitter:site\" content=\"@bondybloglyon\" \/>\n<script type=\"application\/ld+json\" class=\"yoast-schema-graph\">{\"@context\":\"https:\/\/schema.org\",\"@graph\":[{\"@type\":\"Article\",\"@id\":\"https:\/\/lyonbondyblog.fr\/LBB\/graines-de-dialogues\/#article\",\"isPartOf\":{\"@id\":\"https:\/\/lyonbondyblog.fr\/LBB\/graines-de-dialogues\/\"},\"author\":{\"name\":\"La r\u00e9daction\",\"@id\":\"https:\/\/lyonbondyblog.fr\/LBB\/#\/schema\/person\/e45f8d27baac75072daa0be50c409b25\"},\"headline\":\"Graines de dialogues&nbsp;\",\"datePublished\":\"2023-11-01T20:13:33+00:00\",\"dateModified\":\"2023-11-01T21:03:31+00:00\",\"mainEntityOfPage\":{\"@id\":\"https:\/\/lyonbondyblog.fr\/LBB\/graines-de-dialogues\/\"},\"wordCount\":598,\"commentCount\":0,\"publisher\":{\"@id\":\"https:\/\/lyonbondyblog.fr\/LBB\/#organization\"},\"image\":{\"@id\":\"https:\/\/lyonbondyblog.fr\/LBB\/graines-de-dialogues\/#primaryimage\"},\"thumbnailUrl\":\"https:\/\/lyonbondyblog.fr\/LBB\/wp-content\/uploads\/2023\/11\/telecharge-1.png\",\"articleSection\":[\"Duch\u00e8re\",\"La Duch\u00e8re\",\"Police\",\"Social\",\"Soci\u00e9t\u00e9\"],\"inLanguage\":\"fr-FR\",\"potentialAction\":[{\"@type\":\"CommentAction\",\"name\":\"Comment\",\"target\":[\"https:\/\/lyonbondyblog.fr\/LBB\/graines-de-dialogues\/#respond\"]}]},{\"@type\":\"WebPage\",\"@id\":\"https:\/\/lyonbondyblog.fr\/LBB\/graines-de-dialogues\/\",\"url\":\"https:\/\/lyonbondyblog.fr\/LBB\/graines-de-dialogues\/\",\"name\":\"Graines de dialogues&nbsp; - Lyon Bondy Blog\",\"isPartOf\":{\"@id\":\"https:\/\/lyonbondyblog.fr\/LBB\/#website\"},\"primaryImageOfPage\":{\"@id\":\"https:\/\/lyonbondyblog.fr\/LBB\/graines-de-dialogues\/#primaryimage\"},\"image\":{\"@id\":\"https:\/\/lyonbondyblog.fr\/LBB\/graines-de-dialogues\/#primaryimage\"},\"thumbnailUrl\":\"https:\/\/lyonbondyblog.fr\/LBB\/wp-content\/uploads\/2023\/11\/telecharge-1.png\",\"datePublished\":\"2023-11-01T20:13:33+00:00\",\"dateModified\":\"2023-11-01T21:03:31+00:00\",\"inLanguage\":\"fr-FR\",\"potentialAction\":[{\"@type\":\"ReadAction\",\"target\":[\"https:\/\/lyonbondyblog.fr\/LBB\/graines-de-dialogues\/\"]}]},{\"@type\":\"ImageObject\",\"inLanguage\":\"fr-FR\",\"@id\":\"https:\/\/lyonbondyblog.fr\/LBB\/graines-de-dialogues\/#primaryimage\",\"url\":\"https:\/\/lyonbondyblog.fr\/LBB\/wp-content\/uploads\/2023\/11\/telecharge-1.png\",\"contentUrl\":\"https:\/\/lyonbondyblog.fr\/LBB\/wp-content\/uploads\/2023\/11\/telecharge-1.png\",\"width\":300,\"height\":168},{\"@type\":\"WebSite\",\"@id\":\"https:\/\/lyonbondyblog.fr\/LBB\/#website\",\"url\":\"https:\/\/lyonbondyblog.fr\/LBB\/\",\"name\":\"Lyon Bondy Blog\",\"description\":\"\",\"publisher\":{\"@id\":\"https:\/\/lyonbondyblog.fr\/LBB\/#organization\"},\"potentialAction\":[{\"@type\":\"SearchAction\",\"target\":{\"@type\":\"EntryPoint\",\"urlTemplate\":\"https:\/\/lyonbondyblog.fr\/LBB\/?s={search_term_string}\"},\"query-input\":\"required name=search_term_string\"}],\"inLanguage\":\"fr-FR\"},{\"@type\":\"Organization\",\"@id\":\"https:\/\/lyonbondyblog.fr\/LBB\/#organization\",\"name\":\"LYON BONDY BLOG\",\"url\":\"https:\/\/lyonbondyblog.fr\/LBB\/\",\"logo\":{\"@type\":\"ImageObject\",\"inLanguage\":\"fr-FR\",\"@id\":\"https:\/\/lyonbondyblog.fr\/LBB\/#\/schema\/logo\/image\/\",\"url\":\"http:\/\/lyonbondyblog.fr\/LBB\/wp-content\/uploads\/2014\/10\/logo-portable-144.png\",\"contentUrl\":\"http:\/\/lyonbondyblog.fr\/LBB\/wp-content\/uploads\/2014\/10\/logo-portable-144.png\",\"width\":144,\"height\":123,\"caption\":\"LYON BONDY BLOG\"},\"image\":{\"@id\":\"https:\/\/lyonbondyblog.fr\/LBB\/#\/schema\/logo\/image\/\"},\"sameAs\":[\"https:\/\/www.facebook.com\/lyonbondyblog\",\"https:\/\/x.com\/bondybloglyon\"]},{\"@type\":\"Person\",\"@id\":\"https:\/\/lyonbondyblog.fr\/LBB\/#\/schema\/person\/e45f8d27baac75072daa0be50c409b25\",\"name\":\"La r\u00e9daction\",\"description\":\"Cr\u00e9e en 2008, la r\u00e9daction du Lyon Bondy Blog s'applique \u00e0 proposer une information locale diff\u00e9rente et compl\u00e9mentaire des m\u00e9dias traditionnels.\",\"sameAs\":[\"https:\/\/www.facebook.com\/lyonbondyblog\",\"https:\/\/x.com\/BondyBlogLyon\"],\"url\":\"https:\/\/lyonbondyblog.fr\/LBB\/author\/admin\/\"}]}<\/script>\n<!-- \/ Yoast SEO plugin. -->","yoast_head_json":{"title":"Graines de dialogues&nbsp; - Lyon Bondy Blog","robots":{"index":"index","follow":"follow","max-snippet":"max-snippet:-1","max-image-preview":"max-image-preview:large","max-video-preview":"max-video-preview:-1"},"canonical":"https:\/\/lyonbondyblog.fr\/LBB\/graines-de-dialogues\/","og_locale":"fr_FR","og_type":"article","og_title":"Graines de dialogues&nbsp; - Lyon Bondy Blog","og_description":"Graines de France est une association cr\u00e9\u00e9e en 2009 en r\u00e9gion parisienne. La grande th\u00e9matique que met en place cette structure, c&rsquo;est la relation entre &hellip;","og_url":"https:\/\/lyonbondyblog.fr\/LBB\/graines-de-dialogues\/","og_site_name":"Lyon Bondy Blog","article_publisher":"https:\/\/www.facebook.com\/lyonbondyblog","article_author":"https:\/\/www.facebook.com\/lyonbondyblog","article_published_time":"2023-11-01T20:13:33+00:00","article_modified_time":"2023-11-01T21:03:31+00:00","og_image":[{"width":300,"height":168,"url":"https:\/\/lyonbondyblog.fr\/LBB\/wp-content\/uploads\/2023\/11\/telecharge-1.png","type":"image\/png"}],"author":"La r\u00e9daction","twitter_card":"summary_large_image","twitter_creator":"@BondyBlogLyon","twitter_site":"@bondybloglyon","schema":{"@context":"https:\/\/schema.org","@graph":[{"@type":"Article","@id":"https:\/\/lyonbondyblog.fr\/LBB\/graines-de-dialogues\/#article","isPartOf":{"@id":"https:\/\/lyonbondyblog.fr\/LBB\/graines-de-dialogues\/"},"author":{"name":"La r\u00e9daction","@id":"https:\/\/lyonbondyblog.fr\/LBB\/#\/schema\/person\/e45f8d27baac75072daa0be50c409b25"},"headline":"Graines de dialogues&nbsp;","datePublished":"2023-11-01T20:13:33+00:00","dateModified":"2023-11-01T21:03:31+00:00","mainEntityOfPage":{"@id":"https:\/\/lyonbondyblog.fr\/LBB\/graines-de-dialogues\/"},"wordCount":598,"commentCount":0,"publisher":{"@id":"https:\/\/lyonbondyblog.fr\/LBB\/#organization"},"image":{"@id":"https:\/\/lyonbondyblog.fr\/LBB\/graines-de-dialogues\/#primaryimage"},"thumbnailUrl":"https:\/\/lyonbondyblog.fr\/LBB\/wp-content\/uploads\/2023\/11\/telecharge-1.png","articleSection":["Duch\u00e8re","La Duch\u00e8re","Police","Social","Soci\u00e9t\u00e9"],"inLanguage":"fr-FR","potentialAction":[{"@type":"CommentAction","name":"Comment","target":["https:\/\/lyonbondyblog.fr\/LBB\/graines-de-dialogues\/#respond"]}]},{"@type":"WebPage","@id":"https:\/\/lyonbondyblog.fr\/LBB\/graines-de-dialogues\/","url":"https:\/\/lyonbondyblog.fr\/LBB\/graines-de-dialogues\/","name":"Graines de dialogues&nbsp; - Lyon Bondy Blog","isPartOf":{"@id":"https:\/\/lyonbondyblog.fr\/LBB\/#website"},"primaryImageOfPage":{"@id":"https:\/\/lyonbondyblog.fr\/LBB\/graines-de-dialogues\/#primaryimage"},"image":{"@id":"https:\/\/lyonbondyblog.fr\/LBB\/graines-de-dialogues\/#primaryimage"},"thumbnailUrl":"https:\/\/lyonbondyblog.fr\/LBB\/wp-content\/uploads\/2023\/11\/telecharge-1.png","datePublished":"2023-11-01T20:13:33+00:00","dateModified":"2023-11-01T21:03:31+00:00","inLanguage":"fr-FR","potentialAction":[{"@type":"ReadAction","target":["https:\/\/lyonbondyblog.fr\/LBB\/graines-de-dialogues\/"]}]},{"@type":"ImageObject","inLanguage":"fr-FR","@id":"https:\/\/lyonbondyblog.fr\/LBB\/graines-de-dialogues\/#primaryimage","url":"https:\/\/lyonbondyblog.fr\/LBB\/wp-content\/uploads\/2023\/11\/telecharge-1.png","contentUrl":"https:\/\/lyonbondyblog.fr\/LBB\/wp-content\/uploads\/2023\/11\/telecharge-1.png","width":300,"height":168},{"@type":"WebSite","@id":"https:\/\/lyonbondyblog.fr\/LBB\/#website","url":"https:\/\/lyonbondyblog.fr\/LBB\/","name":"Lyon Bondy Blog","description":"","publisher":{"@id":"https:\/\/lyonbondyblog.fr\/LBB\/#organization"},"potentialAction":[{"@type":"SearchAction","target":{"@type":"EntryPoint","urlTemplate":"https:\/\/lyonbondyblog.fr\/LBB\/?s={search_term_string}"},"query-input":"required name=search_term_string"}],"inLanguage":"fr-FR"},{"@type":"Organization","@id":"https:\/\/lyonbondyblog.fr\/LBB\/#organization","name":"LYON BONDY BLOG","url":"https:\/\/lyonbondyblog.fr\/LBB\/","logo":{"@type":"ImageObject","inLanguage":"fr-FR","@id":"https:\/\/lyonbondyblog.fr\/LBB\/#\/schema\/logo\/image\/","url":"http:\/\/lyonbondyblog.fr\/LBB\/wp-content\/uploads\/2014\/10\/logo-portable-144.png","contentUrl":"http:\/\/lyonbondyblog.fr\/LBB\/wp-content\/uploads\/2014\/10\/logo-portable-144.png","width":144,"height":123,"caption":"LYON BONDY BLOG"},"image":{"@id":"https:\/\/lyonbondyblog.fr\/LBB\/#\/schema\/logo\/image\/"},"sameAs":["https:\/\/www.facebook.com\/lyonbondyblog","https:\/\/x.com\/bondybloglyon"]},{"@type":"Person","@id":"https:\/\/lyonbondyblog.fr\/LBB\/#\/schema\/person\/e45f8d27baac75072daa0be50c409b25","name":"La r\u00e9daction","description":"Cr\u00e9e en 2008, la r\u00e9daction du Lyon Bondy Blog s'applique \u00e0 proposer une information locale diff\u00e9rente et compl\u00e9mentaire des m\u00e9dias traditionnels.","sameAs":["https:\/\/www.facebook.com\/lyonbondyblog","https:\/\/x.com\/BondyBlogLyon"],"url":"https:\/\/lyonbondyblog.fr\/LBB\/author\/admin\/"}]}},"_links":{"self":[{"href":"https:\/\/lyonbondyblog.fr\/LBB\/wp-json\/wp\/v2\/posts\/32848","targetHints":{"allow":["GET"]}}],"collection":[{"href":"https:\/\/lyonbondyblog.fr\/LBB\/wp-json\/wp\/v2\/posts"}],"about":[{"href":"https:\/\/lyonbondyblog.fr\/LBB\/wp-json\/wp\/v2\/types\/post"}],"author":[{"embeddable":true,"href":"https:\/\/lyonbondyblog.fr\/LBB\/wp-json\/wp\/v2\/users\/1"}],"replies":[{"embeddable":true,"href":"https:\/\/lyonbondyblog.fr\/LBB\/wp-json\/wp\/v2\/comments?post=32848"}],"version-history":[{"count":3,"href":"https:\/\/lyonbondyblog.fr\/LBB\/wp-json\/wp\/v2\/posts\/32848\/revisions"}],"predecessor-version":[{"id":32858,"href":"https:\/\/lyonbondyblog.fr\/LBB\/wp-json\/wp\/v2\/posts\/32848\/revisions\/32858"}],"wp:featuredmedia":[{"embeddable":true,"href":"https:\/\/lyonbondyblog.fr\/LBB\/wp-json\/wp\/v2\/media\/32849"}],"wp:attachment":[{"href":"https:\/\/lyonbondyblog.fr\/LBB\/wp-json\/wp\/v2\/media?parent=32848"}],"wp:term":[{"taxonomy":"category","embeddable":true,"href":"https:\/\/lyonbondyblog.fr\/LBB\/wp-json\/wp\/v2\/categories?post=32848"},{"taxonomy":"post_tag","embeddable":true,"href":"https:\/\/lyonbondyblog.fr\/LBB\/wp-json\/wp\/v2\/tags?post=32848"}],"curies":[{"name":"wp","href":"https:\/\/api.w.org\/{rel}","templated":true}]}}