{"id":3283,"date":"2009-10-14T13:28:32","date_gmt":"2009-10-14T11:28:32","guid":{"rendered":"http:\/\/lyonbondyblog.fr\/LBB\/?p=3283"},"modified":"2013-08-02T13:30:51","modified_gmt":"2013-08-02T11:30:51","slug":"comment-jai-ete-parquee","status":"publish","type":"post","link":"https:\/\/lyonbondyblog.fr\/LBB\/comment-jai-ete-parquee\/","title":{"rendered":"\u00ab\u00a0Comment j\u2019ai \u00e9t\u00e9 parqu\u00e9e\u00a0\u00bb"},"content":{"rendered":"<p><strong>Comment j\u2019ai \u00e9t\u00e9 parqu\u00e9e est l\u2019histoire r\u00e9p\u00e9t\u00e9e des attributions de logement social produisant des ghettos sociaux et \u00ab\u00a0ethniques\u00a0\u00bb. L&rsquo;histoire de Tina* en t\u00e9moigne.<\/strong><\/p>\n<p>L\u2019histoire de Tina ressemble \u00e0 celle de nombreux habitants des quartiers populaires\u00a0: \u00ab\u00a0le parquage\u00a0\u00bb. En somme le lieu o\u00f9 l\u2019on souhaiterait habiter rel\u00e8ve du r\u00eave, de l\u2019utopie pour certains citoyens, surtout quand il s\u2019agit de vouloir vivre\u00a0en centre ville par exemple.<\/p>\n<p>En effet comme vous le savez certainement d\u00e9j\u00e0, patte blanche doit \u00eatre montr\u00e9e\u00a0: revenus, situation professionnelle, composition familiale, \u00e2ge\u2026Seule avec ses 3 enfants, noire, jeune, percevant le RSA, c\u2019est s\u00fbr la patte de Tina n\u2019est pas bien blanche. Pourtant avant la naissance de ses deux autres enfants et son divorce, Tina \u00e9tait une jeune femme \u00ab\u00a0respectable\u00a0\u00bb, en occupant un poste de comptable et en\u00a0 habitant un quartier \u00ab\u00a0sympa\u00a0\u00bb de Villeurbanne.<\/p>\n<p>La vie en a d\u00e9cid\u00e9 autrement, s\u00e9paration conjugale avec son lot de bouleversements, elle quitte ce cocon pour demander de l\u2019aide \u00e0 une association, elle qui n\u2019avait jamais eu \u00e0 faire \u00e0 de tels organismes. Celle-ci lui attribue un logement temporaire lui permettant de quitter l\u2019h\u00e9bergement chez sa m\u00e8re devenu probl\u00e9matique, et poursuivre sereinement sa recherche de logement dans le parc public.<\/p>\n<p>Depuis elle est enferm\u00e9e dans le regard des bailleurs sociaux, et d\u2019autres, comme \u00a0une jeune m\u00e8re pauvre et \u00ab\u00a0\u00e9trang\u00e8re\u00a0\u00bb.Il est vrai que les trois premiers qualificatifs suffisaient \u00e0 la p\u00e9naliser mais ajouter en plus un nom \u00e0 consonance \u00e9trang\u00e8re, \u00e7a devient too much.<\/p>\n<p>Ce n\u2019est qu\u2019au bout de cinq ans et en \u00e9tant appuy\u00e9e par\u00a0 l\u2019association qu\u2019une proposition de logement tombe enfin\u00a0: T4\u00a0! super\u00a0! o\u00f9\u00a0? Mas du taureau Vaulx en Velin. Mais Tina est contente\u00a0:\u00a0\u00ab\u00a0<i>Vaulx en Velin je connais, et je serai enfin dans mon logement\u00a0\u00ab\u00a0.<\/i><\/p>\n<p>Au bout d\u2019un mois d\u2019installation la jeune femme d\u00e9chante\u00a0\u00ab\u00a0<i> mon all\u00e9e est squatt\u00e9e par des dealers, je n\u2019aime pas cet environnement pour mes enfants, et\u00a0 il y habite beaucoup de m\u00e8res seules, mais qu\u2019a fait le bailleur\u00a0?\u00a0\u00ab\u00a0<\/i><\/p>\n<p>Bonne question Tina, car le bailleur estime avoir r\u00e9pondu \u00e0 la demande qui lui \u00e9t\u00e9 faite sans se soucier d\u2019invoquer comme il aurait pu le faire dans d\u2019autres situations la mixit\u00e9 sociale. Cette notion est, dans certaines situations brandie, par les offices HLM pour\u00a0l\u00e9gitimer\u00a0\u00a0des pratiques discriminatoires. Or inscrite dans la loi ( loi Besson 1990) elle avait pour but de lutter contre la cr\u00e9ation de ghettos sociaux. Des \u00e9tudes** et la r\u00e9alit\u00e9 nous le d\u00e9montrent, la mixit\u00e9 sociale, notion pernicieuse, serait davantage un crit\u00e8re d\u2019exclusion de certaines populations et notamment \u00e9trang\u00e8res ou d&rsquo;origine \u00e9trang\u00e8re.En effet des attributions ont \u00e9t\u00e9 refus\u00e9es\u00a0\u00e0 des personnes au\u00a0nom \u00e9tranger sur ce crit\u00e8re avec le souci de la \u00ab\u00a0juste r\u00e9partition\u00a0\u00bb des populations. Notre ministre\u00a0a exprim\u00e9 tout haut ce qui se pratique dans les commissions \u00a0\u00bb c&rsquo;est quand y en a plusieurs &#8230;\u00a0\u00bb.<\/p>\n<p>Dans le cas de Tina nul besoin de l&rsquo;invoquer,\u00a0le Mas du taureau est un secteur peu demand\u00e9 et la crise du logement aidant, peu importe si on maintient les ghettos.<\/p>\n<p>*pr\u00e9nom d&#8217;emprunt<\/p>\n<p>**<a href=\"http:\/\/www.gisti.org\/doc\/plein-droit\/68\/douce.html\">www.gisti.org\/doc\/plein-droit\/68\/douce.html<\/a><\/p>\n<p><span style=\"text-decoration: underline;\">Auteur : Fouzia othman<\/span><\/p>\n<!-- AddThis Advanced Settings generic via filter on the_content --><!-- AddThis Share Buttons generic via filter on the_content -->","protected":false},"excerpt":{"rendered":"<p>Comment j\u2019ai \u00e9t\u00e9 parqu\u00e9e est l\u2019histoire r\u00e9p\u00e9t\u00e9e des attributions de logement social produisant des ghettos sociaux et \u00ab\u00a0ethniques\u00a0\u00bb. L&rsquo;histoire de Tina* en t\u00e9moigne. L\u2019histoire de &hellip; <!-- AddThis Advanced Settings generic via filter on wp_trim_excerpt --><!-- AddThis Share Buttons generic via filter on wp_trim_excerpt --><\/p>\n","protected":false},"author":1,"featured_media":0,"comment_status":"open","ping_status":"open","sticky":false,"template":"","format":"standard","meta":{"_FSMCFIC_featured_image_caption":"","_FSMCFIC_featured_image_nocaption":"","_FSMCFIC_featured_image_hide":"","footnotes":""},"categories":[4],"tags":[395,135,112,774],"class_list":["post-3283","post","type-post","status-publish","format-standard","hentry","category-lyon","tag-justice","tag-lbb","tag-lyon-bondy-blog","tag-parquet"],"yoast_head":"<!-- This site is optimized with the Yoast SEO plugin v22.8 - https:\/\/yoast.com\/wordpress\/plugins\/seo\/ -->\n<title>&quot;Comment j\u2019ai \u00e9t\u00e9 parqu\u00e9e&quot; - Lyon Bondy Blog<\/title>\n<meta name=\"robots\" content=\"index, follow, max-snippet:-1, max-image-preview:large, max-video-preview:-1\" \/>\n<link rel=\"canonical\" href=\"https:\/\/lyonbondyblog.fr\/LBB\/comment-jai-ete-parquee\/\" \/>\n<meta property=\"og:locale\" content=\"fr_FR\" \/>\n<meta property=\"og:type\" content=\"article\" \/>\n<meta property=\"og:title\" content=\"&quot;Comment j\u2019ai \u00e9t\u00e9 parqu\u00e9e&quot; - Lyon Bondy Blog\" \/>\n<meta property=\"og:description\" content=\"Comment j\u2019ai \u00e9t\u00e9 parqu\u00e9e est l\u2019histoire r\u00e9p\u00e9t\u00e9e des attributions de logement social produisant des ghettos sociaux et \u00ab\u00a0ethniques\u00a0\u00bb. L&rsquo;histoire de Tina* en t\u00e9moigne. L\u2019histoire de &hellip;\" \/>\n<meta property=\"og:url\" content=\"https:\/\/lyonbondyblog.fr\/LBB\/comment-jai-ete-parquee\/\" \/>\n<meta property=\"og:site_name\" content=\"Lyon Bondy Blog\" \/>\n<meta property=\"article:publisher\" content=\"https:\/\/www.facebook.com\/lyonbondyblog\" \/>\n<meta property=\"article:author\" content=\"https:\/\/www.facebook.com\/lyonbondyblog\" \/>\n<meta property=\"article:published_time\" content=\"2009-10-14T11:28:32+00:00\" \/>\n<meta property=\"article:modified_time\" content=\"2013-08-02T11:30:51+00:00\" \/>\n<meta property=\"og:image\" content=\"https:\/\/lyonbondyblog.fr\/LBB\/wp-content\/uploads\/2014\/10\/Bandeau-Site-V2-011-2.jpg\" \/>\n\t<meta property=\"og:image:width\" content=\"851\" \/>\n\t<meta property=\"og:image:height\" content=\"200\" \/>\n\t<meta property=\"og:image:type\" content=\"image\/jpeg\" \/>\n<meta name=\"author\" content=\"La r\u00e9daction\" \/>\n<meta name=\"twitter:card\" content=\"summary_large_image\" \/>\n<meta name=\"twitter:creator\" content=\"@BondyBlogLyon\" \/>\n<meta name=\"twitter:site\" content=\"@bondybloglyon\" \/>\n<script type=\"application\/ld+json\" class=\"yoast-schema-graph\">{\"@context\":\"https:\/\/schema.org\",\"@graph\":[{\"@type\":\"Article\",\"@id\":\"https:\/\/lyonbondyblog.fr\/LBB\/comment-jai-ete-parquee\/#article\",\"isPartOf\":{\"@id\":\"https:\/\/lyonbondyblog.fr\/LBB\/comment-jai-ete-parquee\/\"},\"author\":{\"name\":\"La r\u00e9daction\",\"@id\":\"https:\/\/lyonbondyblog.fr\/LBB\/#\/schema\/person\/e45f8d27baac75072daa0be50c409b25\"},\"headline\":\"\u00ab\u00a0Comment j\u2019ai \u00e9t\u00e9 parqu\u00e9e\u00a0\u00bb\",\"datePublished\":\"2009-10-14T11:28:32+00:00\",\"dateModified\":\"2013-08-02T11:30:51+00:00\",\"mainEntityOfPage\":{\"@id\":\"https:\/\/lyonbondyblog.fr\/LBB\/comment-jai-ete-parquee\/\"},\"wordCount\":561,\"commentCount\":0,\"publisher\":{\"@id\":\"https:\/\/lyonbondyblog.fr\/LBB\/#organization\"},\"keywords\":[\"justice\",\"LBB\",\"Lyon Bondy Blog\",\"parquet\"],\"articleSection\":[\"Lyon\"],\"inLanguage\":\"fr-FR\",\"potentialAction\":[{\"@type\":\"CommentAction\",\"name\":\"Comment\",\"target\":[\"https:\/\/lyonbondyblog.fr\/LBB\/comment-jai-ete-parquee\/#respond\"]}]},{\"@type\":\"WebPage\",\"@id\":\"https:\/\/lyonbondyblog.fr\/LBB\/comment-jai-ete-parquee\/\",\"url\":\"https:\/\/lyonbondyblog.fr\/LBB\/comment-jai-ete-parquee\/\",\"name\":\"\\\"Comment j\u2019ai \u00e9t\u00e9 parqu\u00e9e\\\" - Lyon Bondy Blog\",\"isPartOf\":{\"@id\":\"https:\/\/lyonbondyblog.fr\/LBB\/#website\"},\"datePublished\":\"2009-10-14T11:28:32+00:00\",\"dateModified\":\"2013-08-02T11:30:51+00:00\",\"inLanguage\":\"fr-FR\",\"potentialAction\":[{\"@type\":\"ReadAction\",\"target\":[\"https:\/\/lyonbondyblog.fr\/LBB\/comment-jai-ete-parquee\/\"]}]},{\"@type\":\"WebSite\",\"@id\":\"https:\/\/lyonbondyblog.fr\/LBB\/#website\",\"url\":\"https:\/\/lyonbondyblog.fr\/LBB\/\",\"name\":\"Lyon Bondy Blog\",\"description\":\"\",\"publisher\":{\"@id\":\"https:\/\/lyonbondyblog.fr\/LBB\/#organization\"},\"potentialAction\":[{\"@type\":\"SearchAction\",\"target\":{\"@type\":\"EntryPoint\",\"urlTemplate\":\"https:\/\/lyonbondyblog.fr\/LBB\/?s={search_term_string}\"},\"query-input\":\"required name=search_term_string\"}],\"inLanguage\":\"fr-FR\"},{\"@type\":\"Organization\",\"@id\":\"https:\/\/lyonbondyblog.fr\/LBB\/#organization\",\"name\":\"LYON BONDY BLOG\",\"url\":\"https:\/\/lyonbondyblog.fr\/LBB\/\",\"logo\":{\"@type\":\"ImageObject\",\"inLanguage\":\"fr-FR\",\"@id\":\"https:\/\/lyonbondyblog.fr\/LBB\/#\/schema\/logo\/image\/\",\"url\":\"http:\/\/lyonbondyblog.fr\/LBB\/wp-content\/uploads\/2014\/10\/logo-portable-144.png\",\"contentUrl\":\"http:\/\/lyonbondyblog.fr\/LBB\/wp-content\/uploads\/2014\/10\/logo-portable-144.png\",\"width\":144,\"height\":123,\"caption\":\"LYON BONDY BLOG\"},\"image\":{\"@id\":\"https:\/\/lyonbondyblog.fr\/LBB\/#\/schema\/logo\/image\/\"},\"sameAs\":[\"https:\/\/www.facebook.com\/lyonbondyblog\",\"https:\/\/x.com\/bondybloglyon\"]},{\"@type\":\"Person\",\"@id\":\"https:\/\/lyonbondyblog.fr\/LBB\/#\/schema\/person\/e45f8d27baac75072daa0be50c409b25\",\"name\":\"La r\u00e9daction\",\"description\":\"Cr\u00e9e en 2008, la r\u00e9daction du Lyon Bondy Blog s'applique \u00e0 proposer une information locale diff\u00e9rente et compl\u00e9mentaire des m\u00e9dias traditionnels.\",\"sameAs\":[\"https:\/\/www.facebook.com\/lyonbondyblog\",\"https:\/\/x.com\/BondyBlogLyon\"],\"url\":\"https:\/\/lyonbondyblog.fr\/LBB\/author\/admin\/\"}]}<\/script>\n<!-- \/ Yoast SEO plugin. -->","yoast_head_json":{"title":"\"Comment j\u2019ai \u00e9t\u00e9 parqu\u00e9e\" - Lyon Bondy Blog","robots":{"index":"index","follow":"follow","max-snippet":"max-snippet:-1","max-image-preview":"max-image-preview:large","max-video-preview":"max-video-preview:-1"},"canonical":"https:\/\/lyonbondyblog.fr\/LBB\/comment-jai-ete-parquee\/","og_locale":"fr_FR","og_type":"article","og_title":"\"Comment j\u2019ai \u00e9t\u00e9 parqu\u00e9e\" - Lyon Bondy Blog","og_description":"Comment j\u2019ai \u00e9t\u00e9 parqu\u00e9e est l\u2019histoire r\u00e9p\u00e9t\u00e9e des attributions de logement social produisant des ghettos sociaux et \u00ab\u00a0ethniques\u00a0\u00bb. L&rsquo;histoire de Tina* en t\u00e9moigne. L\u2019histoire de &hellip;","og_url":"https:\/\/lyonbondyblog.fr\/LBB\/comment-jai-ete-parquee\/","og_site_name":"Lyon Bondy Blog","article_publisher":"https:\/\/www.facebook.com\/lyonbondyblog","article_author":"https:\/\/www.facebook.com\/lyonbondyblog","article_published_time":"2009-10-14T11:28:32+00:00","article_modified_time":"2013-08-02T11:30:51+00:00","og_image":[{"width":851,"height":200,"url":"https:\/\/lyonbondyblog.fr\/LBB\/wp-content\/uploads\/2014\/10\/Bandeau-Site-V2-011-2.jpg","type":"image\/jpeg"}],"author":"La r\u00e9daction","twitter_card":"summary_large_image","twitter_creator":"@BondyBlogLyon","twitter_site":"@bondybloglyon","schema":{"@context":"https:\/\/schema.org","@graph":[{"@type":"Article","@id":"https:\/\/lyonbondyblog.fr\/LBB\/comment-jai-ete-parquee\/#article","isPartOf":{"@id":"https:\/\/lyonbondyblog.fr\/LBB\/comment-jai-ete-parquee\/"},"author":{"name":"La r\u00e9daction","@id":"https:\/\/lyonbondyblog.fr\/LBB\/#\/schema\/person\/e45f8d27baac75072daa0be50c409b25"},"headline":"\u00ab\u00a0Comment j\u2019ai \u00e9t\u00e9 parqu\u00e9e\u00a0\u00bb","datePublished":"2009-10-14T11:28:32+00:00","dateModified":"2013-08-02T11:30:51+00:00","mainEntityOfPage":{"@id":"https:\/\/lyonbondyblog.fr\/LBB\/comment-jai-ete-parquee\/"},"wordCount":561,"commentCount":0,"publisher":{"@id":"https:\/\/lyonbondyblog.fr\/LBB\/#organization"},"keywords":["justice","LBB","Lyon Bondy Blog","parquet"],"articleSection":["Lyon"],"inLanguage":"fr-FR","potentialAction":[{"@type":"CommentAction","name":"Comment","target":["https:\/\/lyonbondyblog.fr\/LBB\/comment-jai-ete-parquee\/#respond"]}]},{"@type":"WebPage","@id":"https:\/\/lyonbondyblog.fr\/LBB\/comment-jai-ete-parquee\/","url":"https:\/\/lyonbondyblog.fr\/LBB\/comment-jai-ete-parquee\/","name":"\"Comment j\u2019ai \u00e9t\u00e9 parqu\u00e9e\" - Lyon Bondy Blog","isPartOf":{"@id":"https:\/\/lyonbondyblog.fr\/LBB\/#website"},"datePublished":"2009-10-14T11:28:32+00:00","dateModified":"2013-08-02T11:30:51+00:00","inLanguage":"fr-FR","potentialAction":[{"@type":"ReadAction","target":["https:\/\/lyonbondyblog.fr\/LBB\/comment-jai-ete-parquee\/"]}]},{"@type":"WebSite","@id":"https:\/\/lyonbondyblog.fr\/LBB\/#website","url":"https:\/\/lyonbondyblog.fr\/LBB\/","name":"Lyon Bondy Blog","description":"","publisher":{"@id":"https:\/\/lyonbondyblog.fr\/LBB\/#organization"},"potentialAction":[{"@type":"SearchAction","target":{"@type":"EntryPoint","urlTemplate":"https:\/\/lyonbondyblog.fr\/LBB\/?s={search_term_string}"},"query-input":"required name=search_term_string"}],"inLanguage":"fr-FR"},{"@type":"Organization","@id":"https:\/\/lyonbondyblog.fr\/LBB\/#organization","name":"LYON BONDY BLOG","url":"https:\/\/lyonbondyblog.fr\/LBB\/","logo":{"@type":"ImageObject","inLanguage":"fr-FR","@id":"https:\/\/lyonbondyblog.fr\/LBB\/#\/schema\/logo\/image\/","url":"http:\/\/lyonbondyblog.fr\/LBB\/wp-content\/uploads\/2014\/10\/logo-portable-144.png","contentUrl":"http:\/\/lyonbondyblog.fr\/LBB\/wp-content\/uploads\/2014\/10\/logo-portable-144.png","width":144,"height":123,"caption":"LYON BONDY BLOG"},"image":{"@id":"https:\/\/lyonbondyblog.fr\/LBB\/#\/schema\/logo\/image\/"},"sameAs":["https:\/\/www.facebook.com\/lyonbondyblog","https:\/\/x.com\/bondybloglyon"]},{"@type":"Person","@id":"https:\/\/lyonbondyblog.fr\/LBB\/#\/schema\/person\/e45f8d27baac75072daa0be50c409b25","name":"La r\u00e9daction","description":"Cr\u00e9e en 2008, la r\u00e9daction du Lyon Bondy Blog s'applique \u00e0 proposer une information locale diff\u00e9rente et compl\u00e9mentaire des m\u00e9dias traditionnels.","sameAs":["https:\/\/www.facebook.com\/lyonbondyblog","https:\/\/x.com\/BondyBlogLyon"],"url":"https:\/\/lyonbondyblog.fr\/LBB\/author\/admin\/"}]}},"_links":{"self":[{"href":"https:\/\/lyonbondyblog.fr\/LBB\/wp-json\/wp\/v2\/posts\/3283","targetHints":{"allow":["GET"]}}],"collection":[{"href":"https:\/\/lyonbondyblog.fr\/LBB\/wp-json\/wp\/v2\/posts"}],"about":[{"href":"https:\/\/lyonbondyblog.fr\/LBB\/wp-json\/wp\/v2\/types\/post"}],"author":[{"embeddable":true,"href":"https:\/\/lyonbondyblog.fr\/LBB\/wp-json\/wp\/v2\/users\/1"}],"replies":[{"embeddable":true,"href":"https:\/\/lyonbondyblog.fr\/LBB\/wp-json\/wp\/v2\/comments?post=3283"}],"version-history":[{"count":0,"href":"https:\/\/lyonbondyblog.fr\/LBB\/wp-json\/wp\/v2\/posts\/3283\/revisions"}],"wp:attachment":[{"href":"https:\/\/lyonbondyblog.fr\/LBB\/wp-json\/wp\/v2\/media?parent=3283"}],"wp:term":[{"taxonomy":"category","embeddable":true,"href":"https:\/\/lyonbondyblog.fr\/LBB\/wp-json\/wp\/v2\/categories?post=3283"},{"taxonomy":"post_tag","embeddable":true,"href":"https:\/\/lyonbondyblog.fr\/LBB\/wp-json\/wp\/v2\/tags?post=3283"}],"curies":[{"name":"wp","href":"https:\/\/api.w.org\/{rel}","templated":true}]}}