{"id":32812,"date":"2023-10-18T19:07:31","date_gmt":"2023-10-18T17:07:31","guid":{"rendered":"https:\/\/lyonbondyblog.fr\/LBB\/?p=32812"},"modified":"2023-10-18T19:07:33","modified_gmt":"2023-10-18T17:07:33","slug":"objectif-2026","status":"publish","type":"post","link":"https:\/\/lyonbondyblog.fr\/LBB\/objectif-2026\/","title":{"rendered":"Objectif 2026"},"content":{"rendered":"\n<p><strong><a href=\"https:\/\/www.lyon.fr\/elu\/gregory-doucet\">\u00a0Gr\u00e9gory Douce<\/a>t arrive \u00e0 la moiti\u00e9 de son mandat car les \u00e9lections\u00a0municipales sont en\u00a0 2026. Le temps est venu pour les \u00e9cologistes de renouer le contact avec les lyonnais sur le positif et le n\u00e9gatif en faisant le bilan.<\/strong><\/p>\n\n\n\n<p>Tout le mois d&rsquo;octobre est consacr\u00e9 par la <a href=\"https:\/\/www.lyon.fr\">Mairie centrale<\/a> \u00e0 un \u00e9change avec les lyonnais de tout bord. Les \u00e9lus \u00e9cologistes lyonnais sont mis \u00e0 contribution pour mettre en place des discussions avec les citoyens.<\/p>\n\n\n\n<p>Cela a commenc\u00e9 le <a href=\"https:\/\/www.lyon.fr\/actualite\/democratie-locale\/democratie-locale-faites-entendre-votre-voix\">10 octobre notamment \u00e0 la mont\u00e9e St S\u00e9bastien et se finira le 22 octobre<\/a> au March\u00e9 Belleville (Lyon 8\u00e8me). A partir de ce constat,\u00a0 des d\u00e9bats seront mis place avec le maire de Lyon au mois de novembre 2023, afin d&rsquo;avoir la meilleur concertation possible entre politique et habitants<\/p>\n\n\n\n<p>Aujourd&rsquo;hui , vous pouvez retrouver l&rsquo;ensemble des <a href=\"https:\/\/mairie3.lyon.fr\/conseil_arrondissement\">\u00e9lus du 3\u00e8me arrondissement<\/a> avec notamment <a href=\"https:\/\/mairie3.lyon.fr\/elu\/veronique-dubois-bertrand\">Madame la Maire V\u00e9ronique Dubois-Bertrand<\/a> devant la MJC Sans-souci pour disserter sur les projets en cours et ceux \u00e0 venir. Bien entendu, et c&rsquo;est le jeu, l&rsquo;opposition donc les <a href=\"https:\/\/lr69.fr\">LR<\/a> et <a href=\"https:\/\/parti-renaissance.fr\">Renaissance<\/a> ne sont pas tr\u00e8s fair-play et laissent les Verts mettre\u00a0les mains dans le cambouis, sans mauvais jeu de mots.<\/p>\n\n\n\n<p>Vous pouvez retrouver les infos sur le site de la ville de Lyon.&nbsp;<\/p>\n\n\n\n<p>La d\u00e9mocratie participative avait \u00e9t\u00e9 un&nbsp; des points forts des \u00e9colos sous le mandat de G\u00e9rard Collomb, l&rsquo;est-il encore? Peut-\u00eatre pas .Le chemin parcouru \u00e0 v\u00e9lo ou en trottinette servira-t-il aux Verts&nbsp;pour garder la ville? R\u00e9ponse en mars 2026.<\/p>\n<!-- AddThis Advanced Settings generic via filter on the_content --><!-- AddThis Share Buttons generic via filter on the_content -->","protected":false},"excerpt":{"rendered":"<p>\u00a0Gr\u00e9gory Doucet arrive \u00e0 la moiti\u00e9 de son mandat car les \u00e9lections\u00a0municipales sont en\u00a0 2026. Le temps est venu pour les \u00e9cologistes de renouer le &hellip; <!-- AddThis Advanced Settings generic via filter on wp_trim_excerpt --><!-- AddThis Share Buttons generic via filter on wp_trim_excerpt --><\/p>\n","protected":false},"author":1,"featured_media":32813,"comment_status":"open","ping_status":"open","sticky":false,"template":"","format":"standard","meta":{"_FSMCFIC_featured_image_caption":"","_FSMCFIC_featured_image_nocaption":"","_FSMCFIC_featured_image_hide":"","footnotes":""},"categories":[27830,22685,6446,4],"tags":[],"class_list":["post-32812","post","type-post","status-publish","format-standard","has-post-thumbnail","hentry","category-democratie","category-doucet","category-ecologie","category-lyon"],"yoast_head":"<!-- This site is optimized with the Yoast SEO plugin v22.8 - https:\/\/yoast.com\/wordpress\/plugins\/seo\/ -->\n<title>Objectif 2026 - Lyon Bondy Blog<\/title>\n<meta name=\"robots\" content=\"index, follow, max-snippet:-1, max-image-preview:large, max-video-preview:-1\" \/>\n<link rel=\"canonical\" href=\"https:\/\/lyonbondyblog.fr\/LBB\/objectif-2026\/\" \/>\n<meta property=\"og:locale\" content=\"fr_FR\" \/>\n<meta property=\"og:type\" content=\"article\" \/>\n<meta property=\"og:title\" content=\"Objectif 2026 - Lyon Bondy Blog\" \/>\n<meta property=\"og:description\" content=\"\u00a0Gr\u00e9gory Doucet arrive \u00e0 la moiti\u00e9 de son mandat car les \u00e9lections\u00a0municipales sont en\u00a0 2026. Le temps est venu pour les \u00e9cologistes de renouer le &hellip;\" \/>\n<meta property=\"og:url\" content=\"https:\/\/lyonbondyblog.fr\/LBB\/objectif-2026\/\" \/>\n<meta property=\"og:site_name\" content=\"Lyon Bondy Blog\" \/>\n<meta property=\"article:publisher\" content=\"https:\/\/www.facebook.com\/lyonbondyblog\" \/>\n<meta property=\"article:author\" content=\"https:\/\/www.facebook.com\/lyonbondyblog\" \/>\n<meta property=\"article:published_time\" content=\"2023-10-18T17:07:31+00:00\" \/>\n<meta property=\"article:modified_time\" content=\"2023-10-18T17:07:33+00:00\" \/>\n<meta property=\"og:image\" content=\"https:\/\/lyonbondyblog.fr\/LBB\/wp-content\/uploads\/2023\/10\/IMG_0322.jpg\" \/>\n\t<meta property=\"og:image:width\" content=\"750\" \/>\n\t<meta property=\"og:image:height\" content=\"375\" \/>\n\t<meta property=\"og:image:type\" content=\"image\/jpeg\" \/>\n<meta name=\"author\" content=\"La r\u00e9daction\" \/>\n<meta name=\"twitter:card\" content=\"summary_large_image\" \/>\n<meta name=\"twitter:creator\" content=\"@BondyBlogLyon\" \/>\n<meta name=\"twitter:site\" content=\"@bondybloglyon\" \/>\n<script type=\"application\/ld+json\" class=\"yoast-schema-graph\">{\"@context\":\"https:\/\/schema.org\",\"@graph\":[{\"@type\":\"Article\",\"@id\":\"https:\/\/lyonbondyblog.fr\/LBB\/objectif-2026\/#article\",\"isPartOf\":{\"@id\":\"https:\/\/lyonbondyblog.fr\/LBB\/objectif-2026\/\"},\"author\":{\"name\":\"La r\u00e9daction\",\"@id\":\"https:\/\/lyonbondyblog.fr\/LBB\/#\/schema\/person\/e45f8d27baac75072daa0be50c409b25\"},\"headline\":\"Objectif 2026\",\"datePublished\":\"2023-10-18T17:07:31+00:00\",\"dateModified\":\"2023-10-18T17:07:33+00:00\",\"mainEntityOfPage\":{\"@id\":\"https:\/\/lyonbondyblog.fr\/LBB\/objectif-2026\/\"},\"wordCount\":251,\"commentCount\":0,\"publisher\":{\"@id\":\"https:\/\/lyonbondyblog.fr\/LBB\/#organization\"},\"image\":{\"@id\":\"https:\/\/lyonbondyblog.fr\/LBB\/objectif-2026\/#primaryimage\"},\"thumbnailUrl\":\"https:\/\/lyonbondyblog.fr\/LBB\/wp-content\/uploads\/2023\/10\/IMG_0322.jpg\",\"articleSection\":[\"D\u00e9mocratie\",\"Doucet\",\"\u00c9cologie\",\"Lyon\"],\"inLanguage\":\"fr-FR\",\"potentialAction\":[{\"@type\":\"CommentAction\",\"name\":\"Comment\",\"target\":[\"https:\/\/lyonbondyblog.fr\/LBB\/objectif-2026\/#respond\"]}]},{\"@type\":\"WebPage\",\"@id\":\"https:\/\/lyonbondyblog.fr\/LBB\/objectif-2026\/\",\"url\":\"https:\/\/lyonbondyblog.fr\/LBB\/objectif-2026\/\",\"name\":\"Objectif 2026 - Lyon Bondy Blog\",\"isPartOf\":{\"@id\":\"https:\/\/lyonbondyblog.fr\/LBB\/#website\"},\"primaryImageOfPage\":{\"@id\":\"https:\/\/lyonbondyblog.fr\/LBB\/objectif-2026\/#primaryimage\"},\"image\":{\"@id\":\"https:\/\/lyonbondyblog.fr\/LBB\/objectif-2026\/#primaryimage\"},\"thumbnailUrl\":\"https:\/\/lyonbondyblog.fr\/LBB\/wp-content\/uploads\/2023\/10\/IMG_0322.jpg\",\"datePublished\":\"2023-10-18T17:07:31+00:00\",\"dateModified\":\"2023-10-18T17:07:33+00:00\",\"inLanguage\":\"fr-FR\",\"potentialAction\":[{\"@type\":\"ReadAction\",\"target\":[\"https:\/\/lyonbondyblog.fr\/LBB\/objectif-2026\/\"]}]},{\"@type\":\"ImageObject\",\"inLanguage\":\"fr-FR\",\"@id\":\"https:\/\/lyonbondyblog.fr\/LBB\/objectif-2026\/#primaryimage\",\"url\":\"https:\/\/lyonbondyblog.fr\/LBB\/wp-content\/uploads\/2023\/10\/IMG_0322.jpg\",\"contentUrl\":\"https:\/\/lyonbondyblog.fr\/LBB\/wp-content\/uploads\/2023\/10\/IMG_0322.jpg\",\"width\":750,\"height\":375},{\"@type\":\"WebSite\",\"@id\":\"https:\/\/lyonbondyblog.fr\/LBB\/#website\",\"url\":\"https:\/\/lyonbondyblog.fr\/LBB\/\",\"name\":\"Lyon Bondy Blog\",\"description\":\"\",\"publisher\":{\"@id\":\"https:\/\/lyonbondyblog.fr\/LBB\/#organization\"},\"potentialAction\":[{\"@type\":\"SearchAction\",\"target\":{\"@type\":\"EntryPoint\",\"urlTemplate\":\"https:\/\/lyonbondyblog.fr\/LBB\/?s={search_term_string}\"},\"query-input\":\"required name=search_term_string\"}],\"inLanguage\":\"fr-FR\"},{\"@type\":\"Organization\",\"@id\":\"https:\/\/lyonbondyblog.fr\/LBB\/#organization\",\"name\":\"LYON BONDY BLOG\",\"url\":\"https:\/\/lyonbondyblog.fr\/LBB\/\",\"logo\":{\"@type\":\"ImageObject\",\"inLanguage\":\"fr-FR\",\"@id\":\"https:\/\/lyonbondyblog.fr\/LBB\/#\/schema\/logo\/image\/\",\"url\":\"http:\/\/lyonbondyblog.fr\/LBB\/wp-content\/uploads\/2014\/10\/logo-portable-144.png\",\"contentUrl\":\"http:\/\/lyonbondyblog.fr\/LBB\/wp-content\/uploads\/2014\/10\/logo-portable-144.png\",\"width\":144,\"height\":123,\"caption\":\"LYON BONDY BLOG\"},\"image\":{\"@id\":\"https:\/\/lyonbondyblog.fr\/LBB\/#\/schema\/logo\/image\/\"},\"sameAs\":[\"https:\/\/www.facebook.com\/lyonbondyblog\",\"https:\/\/x.com\/bondybloglyon\"]},{\"@type\":\"Person\",\"@id\":\"https:\/\/lyonbondyblog.fr\/LBB\/#\/schema\/person\/e45f8d27baac75072daa0be50c409b25\",\"name\":\"La r\u00e9daction\",\"description\":\"Cr\u00e9e en 2008, la r\u00e9daction du Lyon Bondy Blog s'applique \u00e0 proposer une information locale diff\u00e9rente et compl\u00e9mentaire des m\u00e9dias traditionnels.\",\"sameAs\":[\"https:\/\/www.facebook.com\/lyonbondyblog\",\"https:\/\/x.com\/BondyBlogLyon\"],\"url\":\"https:\/\/lyonbondyblog.fr\/LBB\/author\/admin\/\"}]}<\/script>\n<!-- \/ Yoast SEO plugin. -->","yoast_head_json":{"title":"Objectif 2026 - Lyon Bondy Blog","robots":{"index":"index","follow":"follow","max-snippet":"max-snippet:-1","max-image-preview":"max-image-preview:large","max-video-preview":"max-video-preview:-1"},"canonical":"https:\/\/lyonbondyblog.fr\/LBB\/objectif-2026\/","og_locale":"fr_FR","og_type":"article","og_title":"Objectif 2026 - Lyon Bondy Blog","og_description":"\u00a0Gr\u00e9gory Doucet arrive \u00e0 la moiti\u00e9 de son mandat car les \u00e9lections\u00a0municipales sont en\u00a0 2026. Le temps est venu pour les \u00e9cologistes de renouer le &hellip;","og_url":"https:\/\/lyonbondyblog.fr\/LBB\/objectif-2026\/","og_site_name":"Lyon Bondy Blog","article_publisher":"https:\/\/www.facebook.com\/lyonbondyblog","article_author":"https:\/\/www.facebook.com\/lyonbondyblog","article_published_time":"2023-10-18T17:07:31+00:00","article_modified_time":"2023-10-18T17:07:33+00:00","og_image":[{"width":750,"height":375,"url":"https:\/\/lyonbondyblog.fr\/LBB\/wp-content\/uploads\/2023\/10\/IMG_0322.jpg","type":"image\/jpeg"}],"author":"La r\u00e9daction","twitter_card":"summary_large_image","twitter_creator":"@BondyBlogLyon","twitter_site":"@bondybloglyon","schema":{"@context":"https:\/\/schema.org","@graph":[{"@type":"Article","@id":"https:\/\/lyonbondyblog.fr\/LBB\/objectif-2026\/#article","isPartOf":{"@id":"https:\/\/lyonbondyblog.fr\/LBB\/objectif-2026\/"},"author":{"name":"La r\u00e9daction","@id":"https:\/\/lyonbondyblog.fr\/LBB\/#\/schema\/person\/e45f8d27baac75072daa0be50c409b25"},"headline":"Objectif 2026","datePublished":"2023-10-18T17:07:31+00:00","dateModified":"2023-10-18T17:07:33+00:00","mainEntityOfPage":{"@id":"https:\/\/lyonbondyblog.fr\/LBB\/objectif-2026\/"},"wordCount":251,"commentCount":0,"publisher":{"@id":"https:\/\/lyonbondyblog.fr\/LBB\/#organization"},"image":{"@id":"https:\/\/lyonbondyblog.fr\/LBB\/objectif-2026\/#primaryimage"},"thumbnailUrl":"https:\/\/lyonbondyblog.fr\/LBB\/wp-content\/uploads\/2023\/10\/IMG_0322.jpg","articleSection":["D\u00e9mocratie","Doucet","\u00c9cologie","Lyon"],"inLanguage":"fr-FR","potentialAction":[{"@type":"CommentAction","name":"Comment","target":["https:\/\/lyonbondyblog.fr\/LBB\/objectif-2026\/#respond"]}]},{"@type":"WebPage","@id":"https:\/\/lyonbondyblog.fr\/LBB\/objectif-2026\/","url":"https:\/\/lyonbondyblog.fr\/LBB\/objectif-2026\/","name":"Objectif 2026 - Lyon Bondy Blog","isPartOf":{"@id":"https:\/\/lyonbondyblog.fr\/LBB\/#website"},"primaryImageOfPage":{"@id":"https:\/\/lyonbondyblog.fr\/LBB\/objectif-2026\/#primaryimage"},"image":{"@id":"https:\/\/lyonbondyblog.fr\/LBB\/objectif-2026\/#primaryimage"},"thumbnailUrl":"https:\/\/lyonbondyblog.fr\/LBB\/wp-content\/uploads\/2023\/10\/IMG_0322.jpg","datePublished":"2023-10-18T17:07:31+00:00","dateModified":"2023-10-18T17:07:33+00:00","inLanguage":"fr-FR","potentialAction":[{"@type":"ReadAction","target":["https:\/\/lyonbondyblog.fr\/LBB\/objectif-2026\/"]}]},{"@type":"ImageObject","inLanguage":"fr-FR","@id":"https:\/\/lyonbondyblog.fr\/LBB\/objectif-2026\/#primaryimage","url":"https:\/\/lyonbondyblog.fr\/LBB\/wp-content\/uploads\/2023\/10\/IMG_0322.jpg","contentUrl":"https:\/\/lyonbondyblog.fr\/LBB\/wp-content\/uploads\/2023\/10\/IMG_0322.jpg","width":750,"height":375},{"@type":"WebSite","@id":"https:\/\/lyonbondyblog.fr\/LBB\/#website","url":"https:\/\/lyonbondyblog.fr\/LBB\/","name":"Lyon Bondy Blog","description":"","publisher":{"@id":"https:\/\/lyonbondyblog.fr\/LBB\/#organization"},"potentialAction":[{"@type":"SearchAction","target":{"@type":"EntryPoint","urlTemplate":"https:\/\/lyonbondyblog.fr\/LBB\/?s={search_term_string}"},"query-input":"required name=search_term_string"}],"inLanguage":"fr-FR"},{"@type":"Organization","@id":"https:\/\/lyonbondyblog.fr\/LBB\/#organization","name":"LYON BONDY BLOG","url":"https:\/\/lyonbondyblog.fr\/LBB\/","logo":{"@type":"ImageObject","inLanguage":"fr-FR","@id":"https:\/\/lyonbondyblog.fr\/LBB\/#\/schema\/logo\/image\/","url":"http:\/\/lyonbondyblog.fr\/LBB\/wp-content\/uploads\/2014\/10\/logo-portable-144.png","contentUrl":"http:\/\/lyonbondyblog.fr\/LBB\/wp-content\/uploads\/2014\/10\/logo-portable-144.png","width":144,"height":123,"caption":"LYON BONDY BLOG"},"image":{"@id":"https:\/\/lyonbondyblog.fr\/LBB\/#\/schema\/logo\/image\/"},"sameAs":["https:\/\/www.facebook.com\/lyonbondyblog","https:\/\/x.com\/bondybloglyon"]},{"@type":"Person","@id":"https:\/\/lyonbondyblog.fr\/LBB\/#\/schema\/person\/e45f8d27baac75072daa0be50c409b25","name":"La r\u00e9daction","description":"Cr\u00e9e en 2008, la r\u00e9daction du Lyon Bondy Blog s'applique \u00e0 proposer une information locale diff\u00e9rente et compl\u00e9mentaire des m\u00e9dias traditionnels.","sameAs":["https:\/\/www.facebook.com\/lyonbondyblog","https:\/\/x.com\/BondyBlogLyon"],"url":"https:\/\/lyonbondyblog.fr\/LBB\/author\/admin\/"}]}},"_links":{"self":[{"href":"https:\/\/lyonbondyblog.fr\/LBB\/wp-json\/wp\/v2\/posts\/32812","targetHints":{"allow":["GET"]}}],"collection":[{"href":"https:\/\/lyonbondyblog.fr\/LBB\/wp-json\/wp\/v2\/posts"}],"about":[{"href":"https:\/\/lyonbondyblog.fr\/LBB\/wp-json\/wp\/v2\/types\/post"}],"author":[{"embeddable":true,"href":"https:\/\/lyonbondyblog.fr\/LBB\/wp-json\/wp\/v2\/users\/1"}],"replies":[{"embeddable":true,"href":"https:\/\/lyonbondyblog.fr\/LBB\/wp-json\/wp\/v2\/comments?post=32812"}],"version-history":[{"count":1,"href":"https:\/\/lyonbondyblog.fr\/LBB\/wp-json\/wp\/v2\/posts\/32812\/revisions"}],"predecessor-version":[{"id":32814,"href":"https:\/\/lyonbondyblog.fr\/LBB\/wp-json\/wp\/v2\/posts\/32812\/revisions\/32814"}],"wp:featuredmedia":[{"embeddable":true,"href":"https:\/\/lyonbondyblog.fr\/LBB\/wp-json\/wp\/v2\/media\/32813"}],"wp:attachment":[{"href":"https:\/\/lyonbondyblog.fr\/LBB\/wp-json\/wp\/v2\/media?parent=32812"}],"wp:term":[{"taxonomy":"category","embeddable":true,"href":"https:\/\/lyonbondyblog.fr\/LBB\/wp-json\/wp\/v2\/categories?post=32812"},{"taxonomy":"post_tag","embeddable":true,"href":"https:\/\/lyonbondyblog.fr\/LBB\/wp-json\/wp\/v2\/tags?post=32812"}],"curies":[{"name":"wp","href":"https:\/\/api.w.org\/{rel}","templated":true}]}}