{"id":32754,"date":"2023-09-25T19:40:44","date_gmt":"2023-09-25T17:40:44","guid":{"rendered":"https:\/\/lyonbondyblog.fr\/LBB\/?p=32754"},"modified":"2023-09-25T19:48:04","modified_gmt":"2023-09-25T17:48:04","slug":"nathalie-arthaud-les-travailleurs-sont-la-clef-de-voute-de-notre-societe","status":"publish","type":"post","link":"https:\/\/lyonbondyblog.fr\/LBB\/nathalie-arthaud-les-travailleurs-sont-la-clef-de-voute-de-notre-societe\/","title":{"rendered":"Nathalie Arthaud : \u00ab\u00a0Les travailleurs sont la clef de vo\u00fbte de notre soci\u00e9t\u00e9\u00a0\u00bb"},"content":{"rendered":"<div class=\"wp-block-image\">\n<figure class=\"aligncenter size-large\"><img loading=\"lazy\" decoding=\"async\" width=\"768\" height=\"1024\" src=\"https:\/\/lyonbondyblog.fr\/LBB\/wp-content\/uploads\/2016\/10\/S1360062-1-768x1024.jpg\" alt=\"\" class=\"wp-image-10384\" srcset=\"https:\/\/lyonbondyblog.fr\/LBB\/wp-content\/uploads\/2016\/10\/S1360062-1-768x1024.jpg 768w, https:\/\/lyonbondyblog.fr\/LBB\/wp-content\/uploads\/2016\/10\/S1360062-1-225x300.jpg 225w, https:\/\/lyonbondyblog.fr\/LBB\/wp-content\/uploads\/2016\/10\/S1360062-1-600x800.jpg 600w\" sizes=\"auto, (max-width: 768px) 100vw, 768px\" \/><figcaption class=\"wp-element-caption\">Nathalie Arthaud, candidate du parti Lutte Ouvri\u00e8re (LO) pour l&rsquo;\u00e9lection pr\u00e9sidentielle de 2017.<\/figcaption><\/figure><\/div>\n\n\n<p>Lutte ouvri\u00e8re \u00e0 organis\u00e9 sa f\u00eate ce week-end \u00e0 l&rsquo;espace Mosa\u00efque \u00e0 St-Priest. Le Lyon Bondy Blog en a profit\u00e9 pour poser quelques questions \u00e0 Nathalie Arthaud. Entretien.<\/p>\n\n\n\n<p><strong>Nous sommes \u00e0 l&rsquo;espace mosa\u00efque avec Nathalie Arthaud, une premi\u00e8re question : une rentr\u00e9e plut\u00f4t compliqu\u00e9e ?<\/strong><\/p>\n\n\n\n<p>La situation ne fait que se compliquer depuis pas mal de temps. On conna\u00eet une \u00e9volution catastrophique au sein de toute la soci\u00e9t\u00e9. A la fois, le creusement des in\u00e9galit\u00e9s, la mis\u00e8re, cette flamb\u00e9e des prix et la pr\u00e9carit\u00e9. On ne voit pas le bout du tunnel quand on appartient au monde du travail. On a eu une belle d\u00e9monstration cette semaine avec <a href=\"https:\/\/www.francebleu.fr\/infos\/international\/le-roi-charles-iii-et-la-reine-camilla-attendus-mercredi-en-france-le-programme-de-leur-visite-d-etat-4022518\">la venue de Charles III en France<\/a>, notamment pour une petite frange de la soci\u00e9t\u00e9, tout va bien Madame la Marquise ! J&rsquo;insiste sur ce fait. On a \u00e9galement eu une \u00e9volution catastrophique concernant la crise climatique. Pour nous<a href=\"https:\/\/www.gouvernement.fr\/risques\/canicule-et-vagues-de-chaleur\">, c&rsquo;est la canicule<\/a>, la s\u00e9cheresse, cette esp\u00e8ce de confinement auquel on est confront\u00e9 quand il fait trop chaud et cela a \u00e9t\u00e9 une bonne partie de l&rsquo;\u00e9t\u00e9 pour plein de gens.<\/p>\n\n\n\n<p>Dans le reste du monde, c&rsquo;est une catastrophe tout court. Des r\u00e9gions enti\u00e8res qui sont devenues inhabitables avec des dizaines de femmes et d&rsquo;hommes qui sont jet\u00e9es sur les routes. Il n&rsquo;y a jamais eu autant de d\u00e9plac\u00e9s et d&rsquo;exil\u00e9s dans le monde. Le nombre s\u2019accro\u00eet ! Plus de cent millions d&rsquo;apr\u00e8s <a href=\"https:\/\/news.un.org\/fr\/story\/2022\/06\/1121872#:~:text=En%202021%2C%207%20millions%20de,pour%20atteindre%2027%2C1%20millions.\">les chiffres du HCR<\/a> et cette instabilit\u00e9 politique qui \u00e9clate de tous les c\u00f4t\u00e9s. Je ne dirais pas le retour de la guerre, mais qu&rsquo;elle a \u00e9t\u00e9 permanente dans pleins de r\u00e9gions du monde, \u00e0 commencer par l&rsquo;Afrique et le Moyen-Orient. Notamment avec<a href=\"https:\/\/www.francetvinfo.fr\/monde\/europe\/manifestations-en-ukraine\/\"> l&rsquo;exemple du conflit en Ukraine<\/a>, cette guerre se rapproche de nous. Pour nous, c&rsquo;est clairement un affrontement entre un petit pays et son puissant voisin. C&rsquo;est une guerre imp\u00e9rialiste ! Ce que je vois, c&rsquo;est que toutes les rivalit\u00e9s, elles s&rsquo;exacerbent \u00e0 l&rsquo;\u00e9chelle du monde. Recevoir des bombes sur la t\u00eate, c&rsquo;est peut-\u00eatre le sort qui nous attend. Ce n\u2019est pas r\u00e9serv\u00e9 aux soudanais, aux rwandais, ce n\u2019est pas r\u00e9serv\u00e9 aux africains et aux ukrainiens. Oui, il y a une \u00e9volution catastrophique. L\u00e0-dessus, on a un gouvernement qui gesticule et qui ne peut rien faire d&rsquo;autre que de gesticuler.<\/p>\n\n\n\n<p><strong>Que pensez-vous de l\u2019\u00e9tat du syst\u00e8me de sant\u00e9 fran\u00e7ais ?<\/strong><\/p>\n\n\n\n<p>C\u2019est le capitalisme qui rend malade la France et le monde entier<a href=\"https:\/\/www.imf.org\/external\/pubs\/ft\/fandd\/fre\/2015\/06\/pdf\/basics.pdf\">. C&rsquo;est le capitalisme<\/a> ! Le reste, c&rsquo;est de l&rsquo;habillage. Les institutions sont toutes diff\u00e9rentes d&rsquo;un pays \u00e0 un autre, mais ce qu&rsquo;on observe dans absolument tous les pays, c&rsquo;est une soci\u00e9t\u00e9 de classe sociale ou la classe dominante est la classe bourgeoise. Elle renforce son exploitation, elle engendre de plus en plus de mis\u00e8re, elle aggrave et fait reculer les conditions de vie de l&rsquo;ensemble des classes populaires et cela est vrai dans tous les pays.<\/p>\n\n\n\n<p>Pour moi, ce n&rsquo;est pas une question d&rsquo;institutions, ni qui occupe l&rsquo;Elys\u00e9e. C&rsquo;est vraiment une question de syst\u00e8me \u00e9conomique. Je pense que la catastrophe qui se d\u00e9roule sous nos yeux, c&rsquo;est \u00e0 cause de la grande bourgeoisie qui en porte la responsabilit\u00e9, et attention \u00e0 ne pas prendre ceux qui s&rsquo;agitent devant la sc\u00e8ne. Les \u00ab\u00a0les pantins\u00a0\u00bb de ceux qui tirent les ficelles ! Il n\u2019y a qu\u2019eux qui tirent les ficelles et qui se font plein de fric, qui encore une fois vont tellement bien dans cette crise \u00e9conomique et qui ne sont pas pr\u00e8s de se jeter du hublot de leur jet. Pour rappel, <a href=\"https:\/\/www.economie.gouv.fr\/facileco\/crise-1929-et-grande-depression\">en 1929<\/a>, il y avait eu quelques capitalistes qui s\u2019\u00e9taient jet\u00e9s des buildings de Wall-Street. Mais aujourd&rsquo;hui, <a href=\"https:\/\/www.lvmh.fr\/groupe\/identite\/gouvernance\/comite-executif\/bernard-arnault\/\">Bernard Arnault<\/a> n&rsquo;a pas envie de se jeter de son hublot !<\/p>\n\n\n\n<figure class=\"wp-block-image size-full\"><img loading=\"lazy\" decoding=\"async\" width=\"1600\" height=\"1200\" src=\"https:\/\/lyonbondyblog.fr\/LBB\/wp-content\/uploads\/2023\/09\/Fetelutteouvriere.jpg\" alt=\"\" class=\"wp-image-32755\" srcset=\"https:\/\/lyonbondyblog.fr\/LBB\/wp-content\/uploads\/2023\/09\/Fetelutteouvriere.jpg 1600w, https:\/\/lyonbondyblog.fr\/LBB\/wp-content\/uploads\/2023\/09\/Fetelutteouvriere-1200x900.jpg 1200w, https:\/\/lyonbondyblog.fr\/LBB\/wp-content\/uploads\/2023\/09\/Fetelutteouvriere-768x576.jpg 768w, https:\/\/lyonbondyblog.fr\/LBB\/wp-content\/uploads\/2023\/09\/Fetelutteouvriere-1536x1152.jpg 1536w\" sizes=\"auto, (max-width: 1600px) 100vw, 1600px\" \/><\/figure>\n\n\n\n<p><strong><a href=\"https:\/\/elections.europa.eu\/fr\/\">En 2024, il y aura les \u00e9lections europ\u00e9ennes<\/a>, <a href=\"https:\/\/www.nathalie-arthaud.info\/\">quelle sera la strat\u00e9gie de LO <\/a>pour cette \u00e9lection ?<\/strong><\/p>\n\n\n\n<p>Notre perspective n&rsquo;est clairement pas les \u00e9ch\u00e9ances \u00e9lectorales. Je vois bien qu&rsquo;aujourd&rsquo;hui,<a href=\"https:\/\/www.francetvinfo.fr\/politique\/nupes\/\"> la NUPES<\/a> est en train de se d\u00e9chirer sur la question de la strat\u00e9gie \u00e9lectorale pour les europ\u00e9ennes et la pr\u00e9sidentielle. Ils font une petite \u00e9tude de march\u00e9 de leurs \u00e9lecteurs et les bons mots d&rsquo;ordre qu&rsquo;ils doivent mettre en place. Nous, ce n\u2019est pas du tout \u00e7a. Ce qu&rsquo;on pense, c&rsquo;est que l&rsquo;\u00e9volution catastrophique va provoquer des r\u00e9voltes et aussi des r\u00e9actions dans notre classe et dans le monde.<\/p>\n\n\n\n<p>La question qu&rsquo;il faut se poser : est-ce que les travailleurs en r\u00e9volte auront la volont\u00e9 de se battre et de prendre conscience qu&rsquo;il faut aller jusqu&rsquo;\u00e0 renverser le syst\u00e8me capitaliste ? Est-ce qu\u2019ils auront conscience qu&rsquo;ils peuvent viser le pouvoir ? Ce qu&rsquo;on pense, avec de nouvelles perspectives, c&rsquo;est que les travailleurs prennent le pouvoir et qu&rsquo;ils dirigent eux-m\u00eames cette soci\u00e9t\u00e9 qu&rsquo;ils font fonctionner tous les jours. Ils savent la faire fonctionner. Si \u00e7a fonctionne mal, notamment les h\u00f4pitaux, les \u00e9coles et les transports, c&rsquo;est parce qu\u2019on n\u2019\u00e9coute pas les travailleurs qui savent le faire et qui ont les mains dans le cambouis.<\/p>\n\n\n\n<p><strong>Comment il faudrait le faire ?<\/strong><\/p>\n\n\n\n<p>La meilleure chose serait d&rsquo;avoir une oreille attentive envers eux. Moi, je suis prof d&rsquo;\u00e9conomie, on fait gr\u00e8ve contre cette stupidit\u00e9 de <a href=\"https:\/\/www.lemonde.fr\/societe\/article\/2023\/08\/27\/disparition-des-epreuves-de-mars-la-fin-d-un-pilier-du-bac-blanquer-qui-peine-encore-a-trouver-son-sens_6186752_3224.html\">\u00ab\u00a0Bac Blanquer\u00a0\u00bb<\/a>. Le gouvernement s&rsquo;est rendu compte que \u00e7a ne marchait pas. Finalement il l&rsquo;a remis au mois de juin. C&rsquo;est pareil pour <a href=\"https:\/\/www.francetvinfo.fr\/economie\/greve\/greve-aux-urgences\/\">les h\u00f4pitaux<\/a>, combien de gr\u00e8ves il y a eu contre toutes ces fermetures de lit ?<\/p>\n\n\n\n<p>Nos convictions et notre perspective, c&rsquo;est que les travailleurs r\u00e9alisent qu\u2019ils sont une force sp\u00e9ciale et agissante. Ils sont la clef de voute de la soci\u00e9t\u00e9. Aujourd&rsquo;hui, le pouvoir, il faut qu\u2019ils le conqui\u00e8rent. Notre politique, c&rsquo;est de propager cette conscience de classes, de classes \u00e9l\u00e9mentaires qu&rsquo;on d\u00e9fend au jour le jour contre les attaques patronales. Cette conscience politique, que les travailleurs doivent exproprier la grande bourgeoisie et doivent chercher \u00e0 prendre le pouvoir politique. Il doit \u00eatre entre leurs mains. Il faut qu&rsquo;ils comprennent qu&rsquo;ils peuvent faire une autre soci\u00e9t\u00e9 communiste, socialiste dans le sens entier du terme. Je suis toujours g\u00ean\u00e9e de reprendre ce terme \u00e0 cause du PS qui l\u2019a transform\u00e9 en son contraire. Il faut que ce soit une soci\u00e9t\u00e9 collective sans exploitation de l&rsquo;homme par l&rsquo;homme, sans classe sociale.<\/p>\n\n\n\n<p><strong>Un dernier mot \u00e0 rajouter ?<\/strong><\/p>\n\n\n\n<p>Vive la r\u00e9volution !<\/p>\n<!-- AddThis Advanced Settings generic via filter on the_content --><!-- AddThis Share Buttons generic via filter on the_content -->","protected":false},"excerpt":{"rendered":"<p>Lutte ouvri\u00e8re \u00e0 organis\u00e9 sa f\u00eate ce week-end \u00e0 l&rsquo;espace Mosa\u00efque \u00e0 St-Priest. Le Lyon Bondy Blog en a profit\u00e9 pour poser quelques questions \u00e0 &hellip; <!-- AddThis Advanced Settings generic via filter on wp_trim_excerpt --><!-- AddThis Share Buttons generic via filter on wp_trim_excerpt --><\/p>\n","protected":false},"author":1,"featured_media":10384,"comment_status":"open","ping_status":"open","sticky":true,"template":"","format":"standard","meta":{"_FSMCFIC_featured_image_caption":"","_FSMCFIC_featured_image_nocaption":"","_FSMCFIC_featured_image_hide":"","footnotes":""},"categories":[6188,4,6,3889],"tags":[],"class_list":["post-32754","post","type-post","status-publish","format-standard","has-post-thumbnail","hentry","category-canicule","category-lyon","category-politique","category-sante"],"yoast_head":"<!-- This site is optimized with the Yoast SEO plugin v22.8 - https:\/\/yoast.com\/wordpress\/plugins\/seo\/ -->\n<title>Nathalie Arthaud : &quot;Les travailleurs sont la clef de vo\u00fbte de notre soci\u00e9t\u00e9&quot; - Lyon Bondy Blog<\/title>\n<meta name=\"robots\" content=\"index, follow, max-snippet:-1, max-image-preview:large, max-video-preview:-1\" \/>\n<link rel=\"canonical\" href=\"https:\/\/lyonbondyblog.fr\/LBB\/nathalie-arthaud-les-travailleurs-sont-la-clef-de-voute-de-notre-societe\/\" \/>\n<meta property=\"og:locale\" content=\"fr_FR\" \/>\n<meta property=\"og:type\" content=\"article\" \/>\n<meta property=\"og:title\" content=\"Nathalie Arthaud : &quot;Les travailleurs sont la clef de vo\u00fbte de notre soci\u00e9t\u00e9&quot; - Lyon Bondy Blog\" \/>\n<meta property=\"og:description\" content=\"Lutte ouvri\u00e8re \u00e0 organis\u00e9 sa f\u00eate ce week-end \u00e0 l&rsquo;espace Mosa\u00efque \u00e0 St-Priest. Le Lyon Bondy Blog en a profit\u00e9 pour poser quelques questions \u00e0 &hellip;\" \/>\n<meta property=\"og:url\" content=\"https:\/\/lyonbondyblog.fr\/LBB\/nathalie-arthaud-les-travailleurs-sont-la-clef-de-voute-de-notre-societe\/\" \/>\n<meta property=\"og:site_name\" content=\"Lyon Bondy Blog\" \/>\n<meta property=\"article:publisher\" content=\"https:\/\/www.facebook.com\/lyonbondyblog\" \/>\n<meta property=\"article:author\" content=\"https:\/\/www.facebook.com\/lyonbondyblog\" \/>\n<meta property=\"article:published_time\" content=\"2023-09-25T17:40:44+00:00\" \/>\n<meta property=\"article:modified_time\" content=\"2023-09-25T17:48:04+00:00\" \/>\n<meta property=\"og:image\" content=\"https:\/\/lyonbondyblog.fr\/LBB\/wp-content\/uploads\/2016\/10\/S1360062-1-768x1024.jpg\" \/>\n\t<meta property=\"og:image:width\" content=\"768\" \/>\n\t<meta property=\"og:image:height\" content=\"1024\" \/>\n\t<meta property=\"og:image:type\" content=\"image\/jpeg\" \/>\n<meta name=\"author\" content=\"La r\u00e9daction\" \/>\n<meta name=\"twitter:card\" content=\"summary_large_image\" \/>\n<meta name=\"twitter:creator\" content=\"@BondyBlogLyon\" \/>\n<meta name=\"twitter:site\" content=\"@bondybloglyon\" \/>\n<script type=\"application\/ld+json\" class=\"yoast-schema-graph\">{\"@context\":\"https:\/\/schema.org\",\"@graph\":[{\"@type\":\"Article\",\"@id\":\"https:\/\/lyonbondyblog.fr\/LBB\/nathalie-arthaud-les-travailleurs-sont-la-clef-de-voute-de-notre-societe\/#article\",\"isPartOf\":{\"@id\":\"https:\/\/lyonbondyblog.fr\/LBB\/nathalie-arthaud-les-travailleurs-sont-la-clef-de-voute-de-notre-societe\/\"},\"author\":{\"name\":\"La r\u00e9daction\",\"@id\":\"https:\/\/lyonbondyblog.fr\/LBB\/#\/schema\/person\/e45f8d27baac75072daa0be50c409b25\"},\"headline\":\"Nathalie Arthaud : \u00ab\u00a0Les travailleurs sont la clef de vo\u00fbte de notre soci\u00e9t\u00e9\u00a0\u00bb\",\"datePublished\":\"2023-09-25T17:40:44+00:00\",\"dateModified\":\"2023-09-25T17:48:04+00:00\",\"mainEntityOfPage\":{\"@id\":\"https:\/\/lyonbondyblog.fr\/LBB\/nathalie-arthaud-les-travailleurs-sont-la-clef-de-voute-de-notre-societe\/\"},\"wordCount\":1112,\"commentCount\":0,\"publisher\":{\"@id\":\"https:\/\/lyonbondyblog.fr\/LBB\/#organization\"},\"image\":{\"@id\":\"https:\/\/lyonbondyblog.fr\/LBB\/nathalie-arthaud-les-travailleurs-sont-la-clef-de-voute-de-notre-societe\/#primaryimage\"},\"thumbnailUrl\":\"https:\/\/lyonbondyblog.fr\/LBB\/wp-content\/uploads\/2016\/10\/S1360062-1.jpg\",\"articleSection\":[\"Canicule\",\"Lyon\",\"Politique\",\"Sant\u00e9\"],\"inLanguage\":\"fr-FR\",\"potentialAction\":[{\"@type\":\"CommentAction\",\"name\":\"Comment\",\"target\":[\"https:\/\/lyonbondyblog.fr\/LBB\/nathalie-arthaud-les-travailleurs-sont-la-clef-de-voute-de-notre-societe\/#respond\"]}]},{\"@type\":\"WebPage\",\"@id\":\"https:\/\/lyonbondyblog.fr\/LBB\/nathalie-arthaud-les-travailleurs-sont-la-clef-de-voute-de-notre-societe\/\",\"url\":\"https:\/\/lyonbondyblog.fr\/LBB\/nathalie-arthaud-les-travailleurs-sont-la-clef-de-voute-de-notre-societe\/\",\"name\":\"Nathalie Arthaud : \\\"Les travailleurs sont la clef de vo\u00fbte de notre soci\u00e9t\u00e9\\\" - Lyon Bondy Blog\",\"isPartOf\":{\"@id\":\"https:\/\/lyonbondyblog.fr\/LBB\/#website\"},\"primaryImageOfPage\":{\"@id\":\"https:\/\/lyonbondyblog.fr\/LBB\/nathalie-arthaud-les-travailleurs-sont-la-clef-de-voute-de-notre-societe\/#primaryimage\"},\"image\":{\"@id\":\"https:\/\/lyonbondyblog.fr\/LBB\/nathalie-arthaud-les-travailleurs-sont-la-clef-de-voute-de-notre-societe\/#primaryimage\"},\"thumbnailUrl\":\"https:\/\/lyonbondyblog.fr\/LBB\/wp-content\/uploads\/2016\/10\/S1360062-1.jpg\",\"datePublished\":\"2023-09-25T17:40:44+00:00\",\"dateModified\":\"2023-09-25T17:48:04+00:00\",\"inLanguage\":\"fr-FR\",\"potentialAction\":[{\"@type\":\"ReadAction\",\"target\":[\"https:\/\/lyonbondyblog.fr\/LBB\/nathalie-arthaud-les-travailleurs-sont-la-clef-de-voute-de-notre-societe\/\"]}]},{\"@type\":\"ImageObject\",\"inLanguage\":\"fr-FR\",\"@id\":\"https:\/\/lyonbondyblog.fr\/LBB\/nathalie-arthaud-les-travailleurs-sont-la-clef-de-voute-de-notre-societe\/#primaryimage\",\"url\":\"https:\/\/lyonbondyblog.fr\/LBB\/wp-content\/uploads\/2016\/10\/S1360062-1.jpg\",\"contentUrl\":\"https:\/\/lyonbondyblog.fr\/LBB\/wp-content\/uploads\/2016\/10\/S1360062-1.jpg\",\"width\":2136,\"height\":2848,\"caption\":\"Nathalie Arthaud, candidate du parti Lutte Ouvri\u00e8re (LO) pour l'\u00e9lection pr\u00e9sidentielle de 2017.\"},{\"@type\":\"WebSite\",\"@id\":\"https:\/\/lyonbondyblog.fr\/LBB\/#website\",\"url\":\"https:\/\/lyonbondyblog.fr\/LBB\/\",\"name\":\"Lyon Bondy Blog\",\"description\":\"\",\"publisher\":{\"@id\":\"https:\/\/lyonbondyblog.fr\/LBB\/#organization\"},\"potentialAction\":[{\"@type\":\"SearchAction\",\"target\":{\"@type\":\"EntryPoint\",\"urlTemplate\":\"https:\/\/lyonbondyblog.fr\/LBB\/?s={search_term_string}\"},\"query-input\":\"required name=search_term_string\"}],\"inLanguage\":\"fr-FR\"},{\"@type\":\"Organization\",\"@id\":\"https:\/\/lyonbondyblog.fr\/LBB\/#organization\",\"name\":\"LYON BONDY BLOG\",\"url\":\"https:\/\/lyonbondyblog.fr\/LBB\/\",\"logo\":{\"@type\":\"ImageObject\",\"inLanguage\":\"fr-FR\",\"@id\":\"https:\/\/lyonbondyblog.fr\/LBB\/#\/schema\/logo\/image\/\",\"url\":\"http:\/\/lyonbondyblog.fr\/LBB\/wp-content\/uploads\/2014\/10\/logo-portable-144.png\",\"contentUrl\":\"http:\/\/lyonbondyblog.fr\/LBB\/wp-content\/uploads\/2014\/10\/logo-portable-144.png\",\"width\":144,\"height\":123,\"caption\":\"LYON BONDY BLOG\"},\"image\":{\"@id\":\"https:\/\/lyonbondyblog.fr\/LBB\/#\/schema\/logo\/image\/\"},\"sameAs\":[\"https:\/\/www.facebook.com\/lyonbondyblog\",\"https:\/\/x.com\/bondybloglyon\"]},{\"@type\":\"Person\",\"@id\":\"https:\/\/lyonbondyblog.fr\/LBB\/#\/schema\/person\/e45f8d27baac75072daa0be50c409b25\",\"name\":\"La r\u00e9daction\",\"description\":\"Cr\u00e9e en 2008, la r\u00e9daction du Lyon Bondy Blog s'applique \u00e0 proposer une information locale diff\u00e9rente et compl\u00e9mentaire des m\u00e9dias traditionnels.\",\"sameAs\":[\"https:\/\/www.facebook.com\/lyonbondyblog\",\"https:\/\/x.com\/BondyBlogLyon\"],\"url\":\"https:\/\/lyonbondyblog.fr\/LBB\/author\/admin\/\"}]}<\/script>\n<!-- \/ Yoast SEO plugin. -->","yoast_head_json":{"title":"Nathalie Arthaud : \"Les travailleurs sont la clef de vo\u00fbte de notre soci\u00e9t\u00e9\" - Lyon Bondy Blog","robots":{"index":"index","follow":"follow","max-snippet":"max-snippet:-1","max-image-preview":"max-image-preview:large","max-video-preview":"max-video-preview:-1"},"canonical":"https:\/\/lyonbondyblog.fr\/LBB\/nathalie-arthaud-les-travailleurs-sont-la-clef-de-voute-de-notre-societe\/","og_locale":"fr_FR","og_type":"article","og_title":"Nathalie Arthaud : \"Les travailleurs sont la clef de vo\u00fbte de notre soci\u00e9t\u00e9\" - Lyon Bondy Blog","og_description":"Lutte ouvri\u00e8re \u00e0 organis\u00e9 sa f\u00eate ce week-end \u00e0 l&rsquo;espace Mosa\u00efque \u00e0 St-Priest. Le Lyon Bondy Blog en a profit\u00e9 pour poser quelques questions \u00e0 &hellip;","og_url":"https:\/\/lyonbondyblog.fr\/LBB\/nathalie-arthaud-les-travailleurs-sont-la-clef-de-voute-de-notre-societe\/","og_site_name":"Lyon Bondy Blog","article_publisher":"https:\/\/www.facebook.com\/lyonbondyblog","article_author":"https:\/\/www.facebook.com\/lyonbondyblog","article_published_time":"2023-09-25T17:40:44+00:00","article_modified_time":"2023-09-25T17:48:04+00:00","og_image":[{"width":768,"height":1024,"url":"https:\/\/lyonbondyblog.fr\/LBB\/wp-content\/uploads\/2016\/10\/S1360062-1-768x1024.jpg","type":"image\/jpeg"}],"author":"La r\u00e9daction","twitter_card":"summary_large_image","twitter_creator":"@BondyBlogLyon","twitter_site":"@bondybloglyon","schema":{"@context":"https:\/\/schema.org","@graph":[{"@type":"Article","@id":"https:\/\/lyonbondyblog.fr\/LBB\/nathalie-arthaud-les-travailleurs-sont-la-clef-de-voute-de-notre-societe\/#article","isPartOf":{"@id":"https:\/\/lyonbondyblog.fr\/LBB\/nathalie-arthaud-les-travailleurs-sont-la-clef-de-voute-de-notre-societe\/"},"author":{"name":"La r\u00e9daction","@id":"https:\/\/lyonbondyblog.fr\/LBB\/#\/schema\/person\/e45f8d27baac75072daa0be50c409b25"},"headline":"Nathalie Arthaud : \u00ab\u00a0Les travailleurs sont la clef de vo\u00fbte de notre soci\u00e9t\u00e9\u00a0\u00bb","datePublished":"2023-09-25T17:40:44+00:00","dateModified":"2023-09-25T17:48:04+00:00","mainEntityOfPage":{"@id":"https:\/\/lyonbondyblog.fr\/LBB\/nathalie-arthaud-les-travailleurs-sont-la-clef-de-voute-de-notre-societe\/"},"wordCount":1112,"commentCount":0,"publisher":{"@id":"https:\/\/lyonbondyblog.fr\/LBB\/#organization"},"image":{"@id":"https:\/\/lyonbondyblog.fr\/LBB\/nathalie-arthaud-les-travailleurs-sont-la-clef-de-voute-de-notre-societe\/#primaryimage"},"thumbnailUrl":"https:\/\/lyonbondyblog.fr\/LBB\/wp-content\/uploads\/2016\/10\/S1360062-1.jpg","articleSection":["Canicule","Lyon","Politique","Sant\u00e9"],"inLanguage":"fr-FR","potentialAction":[{"@type":"CommentAction","name":"Comment","target":["https:\/\/lyonbondyblog.fr\/LBB\/nathalie-arthaud-les-travailleurs-sont-la-clef-de-voute-de-notre-societe\/#respond"]}]},{"@type":"WebPage","@id":"https:\/\/lyonbondyblog.fr\/LBB\/nathalie-arthaud-les-travailleurs-sont-la-clef-de-voute-de-notre-societe\/","url":"https:\/\/lyonbondyblog.fr\/LBB\/nathalie-arthaud-les-travailleurs-sont-la-clef-de-voute-de-notre-societe\/","name":"Nathalie Arthaud : \"Les travailleurs sont la clef de vo\u00fbte de notre soci\u00e9t\u00e9\" - Lyon Bondy Blog","isPartOf":{"@id":"https:\/\/lyonbondyblog.fr\/LBB\/#website"},"primaryImageOfPage":{"@id":"https:\/\/lyonbondyblog.fr\/LBB\/nathalie-arthaud-les-travailleurs-sont-la-clef-de-voute-de-notre-societe\/#primaryimage"},"image":{"@id":"https:\/\/lyonbondyblog.fr\/LBB\/nathalie-arthaud-les-travailleurs-sont-la-clef-de-voute-de-notre-societe\/#primaryimage"},"thumbnailUrl":"https:\/\/lyonbondyblog.fr\/LBB\/wp-content\/uploads\/2016\/10\/S1360062-1.jpg","datePublished":"2023-09-25T17:40:44+00:00","dateModified":"2023-09-25T17:48:04+00:00","inLanguage":"fr-FR","potentialAction":[{"@type":"ReadAction","target":["https:\/\/lyonbondyblog.fr\/LBB\/nathalie-arthaud-les-travailleurs-sont-la-clef-de-voute-de-notre-societe\/"]}]},{"@type":"ImageObject","inLanguage":"fr-FR","@id":"https:\/\/lyonbondyblog.fr\/LBB\/nathalie-arthaud-les-travailleurs-sont-la-clef-de-voute-de-notre-societe\/#primaryimage","url":"https:\/\/lyonbondyblog.fr\/LBB\/wp-content\/uploads\/2016\/10\/S1360062-1.jpg","contentUrl":"https:\/\/lyonbondyblog.fr\/LBB\/wp-content\/uploads\/2016\/10\/S1360062-1.jpg","width":2136,"height":2848,"caption":"Nathalie Arthaud, candidate du parti Lutte Ouvri\u00e8re (LO) pour l'\u00e9lection pr\u00e9sidentielle de 2017."},{"@type":"WebSite","@id":"https:\/\/lyonbondyblog.fr\/LBB\/#website","url":"https:\/\/lyonbondyblog.fr\/LBB\/","name":"Lyon Bondy Blog","description":"","publisher":{"@id":"https:\/\/lyonbondyblog.fr\/LBB\/#organization"},"potentialAction":[{"@type":"SearchAction","target":{"@type":"EntryPoint","urlTemplate":"https:\/\/lyonbondyblog.fr\/LBB\/?s={search_term_string}"},"query-input":"required name=search_term_string"}],"inLanguage":"fr-FR"},{"@type":"Organization","@id":"https:\/\/lyonbondyblog.fr\/LBB\/#organization","name":"LYON BONDY BLOG","url":"https:\/\/lyonbondyblog.fr\/LBB\/","logo":{"@type":"ImageObject","inLanguage":"fr-FR","@id":"https:\/\/lyonbondyblog.fr\/LBB\/#\/schema\/logo\/image\/","url":"http:\/\/lyonbondyblog.fr\/LBB\/wp-content\/uploads\/2014\/10\/logo-portable-144.png","contentUrl":"http:\/\/lyonbondyblog.fr\/LBB\/wp-content\/uploads\/2014\/10\/logo-portable-144.png","width":144,"height":123,"caption":"LYON BONDY BLOG"},"image":{"@id":"https:\/\/lyonbondyblog.fr\/LBB\/#\/schema\/logo\/image\/"},"sameAs":["https:\/\/www.facebook.com\/lyonbondyblog","https:\/\/x.com\/bondybloglyon"]},{"@type":"Person","@id":"https:\/\/lyonbondyblog.fr\/LBB\/#\/schema\/person\/e45f8d27baac75072daa0be50c409b25","name":"La r\u00e9daction","description":"Cr\u00e9e en 2008, la r\u00e9daction du Lyon Bondy Blog s'applique \u00e0 proposer une information locale diff\u00e9rente et compl\u00e9mentaire des m\u00e9dias traditionnels.","sameAs":["https:\/\/www.facebook.com\/lyonbondyblog","https:\/\/x.com\/BondyBlogLyon"],"url":"https:\/\/lyonbondyblog.fr\/LBB\/author\/admin\/"}]}},"_links":{"self":[{"href":"https:\/\/lyonbondyblog.fr\/LBB\/wp-json\/wp\/v2\/posts\/32754","targetHints":{"allow":["GET"]}}],"collection":[{"href":"https:\/\/lyonbondyblog.fr\/LBB\/wp-json\/wp\/v2\/posts"}],"about":[{"href":"https:\/\/lyonbondyblog.fr\/LBB\/wp-json\/wp\/v2\/types\/post"}],"author":[{"embeddable":true,"href":"https:\/\/lyonbondyblog.fr\/LBB\/wp-json\/wp\/v2\/users\/1"}],"replies":[{"embeddable":true,"href":"https:\/\/lyonbondyblog.fr\/LBB\/wp-json\/wp\/v2\/comments?post=32754"}],"version-history":[{"count":1,"href":"https:\/\/lyonbondyblog.fr\/LBB\/wp-json\/wp\/v2\/posts\/32754\/revisions"}],"predecessor-version":[{"id":32756,"href":"https:\/\/lyonbondyblog.fr\/LBB\/wp-json\/wp\/v2\/posts\/32754\/revisions\/32756"}],"wp:featuredmedia":[{"embeddable":true,"href":"https:\/\/lyonbondyblog.fr\/LBB\/wp-json\/wp\/v2\/media\/10384"}],"wp:attachment":[{"href":"https:\/\/lyonbondyblog.fr\/LBB\/wp-json\/wp\/v2\/media?parent=32754"}],"wp:term":[{"taxonomy":"category","embeddable":true,"href":"https:\/\/lyonbondyblog.fr\/LBB\/wp-json\/wp\/v2\/categories?post=32754"},{"taxonomy":"post_tag","embeddable":true,"href":"https:\/\/lyonbondyblog.fr\/LBB\/wp-json\/wp\/v2\/tags?post=32754"}],"curies":[{"name":"wp","href":"https:\/\/api.w.org\/{rel}","templated":true}]}}