{"id":32731,"date":"2023-09-10T15:13:33","date_gmt":"2023-09-10T13:13:33","guid":{"rendered":"http:\/\/lyonbondyblog.fr\/LBB\/?p=32731"},"modified":"2023-09-10T15:13:35","modified_gmt":"2023-09-10T13:13:35","slug":"d2f-hold-up-reussi-par-celles-sur-belle","status":"publish","type":"post","link":"https:\/\/lyonbondyblog.fr\/LBB\/d2f-hold-up-reussi-par-celles-sur-belle\/","title":{"rendered":"D2F\u00a0:\u00a0Hold-up\u00a0r\u00e9ussi par\u00a0Celles-sur-Belle"},"content":{"rendered":"\n<p><strong>Dans le cadre de la\u00a02eme\u00a0journ\u00e9e de championnat de\u00a0<a href=\"https:\/\/ligue-feminine-handball.fr\/en-live\/?competition=d2f&amp;journee=2\" target=\"_blank\" rel=\"noreferrer noopener\">D2F<\/a>, <a href=\"https:\/\/www.asulvvhandball.com\/\" target=\"_blank\" rel=\"noreferrer noopener\">les Vaudaises<\/a> ont re\u00e7u ce samedi soir, dans leur salle, le club de <a href=\"https:\/\/ligue-feminine-handball.fr\/clubs\/handball-clubcelles-sur-belle\/\" target=\"_blank\" rel=\"noreferrer noopener\">Celles-sur-Belle<\/a>.<\/strong><\/p>\n\n\n\n<p>Apr\u00e8s leur d\u00e9but compliqu\u00e9 lors de la premi\u00e8re journ\u00e9e face \u00e0&nbsp;B\u00e8gles&nbsp;(35-21), les lionnes devaient r\u00e9agir ce samedi soir face aux joueuses des Deux-S\u00e8vres.<\/p>\n\n\n\n<p>Une chaleur \u00e9touffante s\u00e9vit dans la salle vaudaise.\u00a0Le public est pr\u00e9sent pour soutenir ses handballeuses favorites ainsi que des supporteurs de Celles-sur-Belle.\u00a0L&rsquo;adjoint aux sports Michel Rocher est pr\u00e9sent pour la premi\u00e8re des lionnes \u00e0 domicile ainsi que Nacer\u00a0Denfir\u00a0pr\u00e9sident de<a href=\"https:\/\/www.omsvaulxenvelin.com\/\" target=\"_blank\" rel=\"noreferrer noopener\"> l&rsquo;OMS<\/a>.<\/p>\n\n\n\n<h2 class=\"wp-block-heading\">Une premi\u00e8re mi-temps plac\u00e9e sous le signe des barbel\u00e9s<\/h2>\n\n\n\n<p>Le match commence dans une chaleur \u00e9touffante,\u00a0ce sont\u00a0les joueuses du Poitou qui ouvrent le bal par l&rsquo;interm\u00e9diaire de Paola\u00a0Ebanga\u00a0et les Vaudaises r\u00e9pliquent\u00a01-1.\u00a0Les deux \u00e9quipes se rendent coup pour coup et les lionnes restent agressives en d\u00e9fense.\u00a0Les nouvelles recrues vaudaises font le job face \u00e0 une \u00e9quipe qui \u00e9tait l&rsquo;ann\u00e9e derni\u00e8re en\u00a0<a href=\"https:\/\/ligue-feminine-handball.fr\/\" target=\"_blank\" rel=\"noreferrer noopener\">LFH<\/a>.\u00a0Les supporters donnent de la voix pour soutenir leur \u00e9quipe favorite.\u00a0Apr\u00e8s quinze minutes de jeu, les deux \u00e9quipes se tiennent au coude-\u00e0-coude, mais les joueuses du Poitou sont en t\u00eate :\u00a06-5.\u00a0La gardienne T\u00e9a\u00a0Marinovic\u00a0veille au grain et commence \u00e0 rentrer dans la t\u00eate des joueuses adverses.\u00a0La nouvelle recrue Kenza\u00a0Bouguerche\u00a0impose son style et sa d\u00e9termination en attaque comme Fatwa\u00a0Aouij\u00a0qui prend le leadership de l&rsquo;\u00e9quipe.\u00a0Les joueuses de Celles-sur-Belle se cassent les dents sur une d\u00e9fense agressive des lionnes.\u00a0Apr\u00e8s une premi\u00e8re mi-temps intense de chaque c\u00f4t\u00e9, les deux \u00e9quipes rentrent aux vestiaires \u00e0 \u00e9galit\u00e9 :\u00a010-10.<\/p>\n\n\n\n<figure class=\"wp-block-image size-full\"><img loading=\"lazy\" decoding=\"async\" width=\"1170\" height=\"781\" src=\"https:\/\/lyonbondyblog.fr\/LBB\/wp-content\/uploads\/2023\/09\/asul-photo-2.jpg\" alt=\"\" class=\"wp-image-32732\" srcset=\"https:\/\/lyonbondyblog.fr\/LBB\/wp-content\/uploads\/2023\/09\/asul-photo-2.jpg 1170w, https:\/\/lyonbondyblog.fr\/LBB\/wp-content\/uploads\/2023\/09\/asul-photo-2-768x513.jpg 768w, https:\/\/lyonbondyblog.fr\/LBB\/wp-content\/uploads\/2023\/09\/asul-photo-2-272x182.jpg 272w\" sizes=\"auto, (max-width: 1170px) 100vw, 1170px\" \/><figcaption class=\"wp-element-caption\">Celles-sur-Belles en phase offensive<\/figcaption><\/figure>\n\n\n\n<h2 class=\"wp-block-heading\">Une deuxi\u00e8me mi-temps avec des regrets<\/h2>\n\n\n\n<p>La seconde partie commence\u00a0pied\u00a0au plancher de la part des deux\u00a0\u00e9quipes, mais\u00a0les joueuses du Poitou commencent \u00e0 prendre le\u00a0lead\u00a0au bout de cinq minutes :\u00a014-12.\u00a0Les lionnes passent leur temps \u00e0 courir apr\u00e8s le\u00a0score, mais\u00a0leur d\u00e9fense reste agressive.\u00a0Le public est chaud ce soir comme la temp\u00e9rature \u00e0 l&rsquo;int\u00e9rieur de la salle.\u00a0Les supporteurs vaudais ont \u00e9teint les supporteurs de Celles-sur-Belle, ce qui redonne du poil de la b\u00eate aux lionnes :\u00a022-22.\u00a0Cela va-t-il suffire pour les Rhodaniennes pour gagner le\u00a0match ?\u00a0On arrive dans le\u00a0money-time\u00a0et les\u00a0Vaudaises\u00a0vont craquer face \u00e0 Celles-sur-Belle.\u00a0En trois minutes et deux ballons perdus, les joueuses du Poitou ont scell\u00e9 le match 26-24.<\/p>\n\n\n\n<p>Une rentr\u00e9e plut\u00f4t studieuse de la part des lionnes apr\u00e8s la claque re\u00e7ue \u00e0\u00a0B\u00e8gles.\u00a0Prochain d\u00e9placement pour les Vaudaises au Havre.\u00a0Affaire \u00e0 suivre.<\/p>\n\n\n\n<figure class=\"wp-block-audio\"><audio controls src=\"https:\/\/lyonbondyblog.fr\/LBB\/wp-content\/uploads\/2023\/09\/romane-depuiset.wav\"><\/audio><figcaption class=\"wp-element-caption\">R\u00e9action de Romane Depuiset (ASUL VV)<\/figcaption><\/figure>\n\n\n\n<figure class=\"wp-block-audio\"><audio controls src=\"https:\/\/lyonbondyblog.fr\/LBB\/wp-content\/uploads\/2023\/09\/modenel.wav\"><\/audio><figcaption class=\"wp-element-caption\">R\u00e9action du coach vaudais, S\u00e9bastien Modenel<\/figcaption><\/figure>\n\n\n\n<figure class=\"wp-block-audio\"><audio controls src=\"https:\/\/lyonbondyblog.fr\/LBB\/wp-content\/uploads\/2023\/09\/clea-delaume.wav\"><\/audio><figcaption class=\"wp-element-caption\">R\u00e9action de la n\u00b029 celloise, Cl\u00e9a Delaume<\/figcaption><\/figure>\n\n\n\n<figure class=\"wp-block-audio\"><audio controls src=\"https:\/\/lyonbondyblog.fr\/LBB\/wp-content\/uploads\/2023\/09\/thierry-vincent.wav\"><\/audio><figcaption class=\"wp-element-caption\">R\u00e9action de Thierry Vincent (coach Celles-sur Belles<\/figcaption><\/figure>\n\n\n\n<p>La feuille de match : <a href=\"https:\/\/ligue-feminine-handball.fr\/en-live\/?competition=d2f&amp;journee=2\" target=\"_blank\" rel=\"noreferrer noopener\">https:\/\/ligue-feminine-handball.fr\/en-live\/?competition=d2f&amp;journee=2<\/a><\/p>\n<!-- AddThis Advanced Settings generic via filter on the_content --><!-- AddThis Share Buttons generic via filter on the_content -->","protected":false},"excerpt":{"rendered":"<p>Dans le cadre de la\u00a02eme\u00a0journ\u00e9e de championnat de\u00a0D2F, les Vaudaises ont re\u00e7u ce samedi soir, dans leur salle, le club de Celles-sur-Belle. Apr\u00e8s leur d\u00e9but &hellip; <!-- AddThis Advanced Settings generic via filter on wp_trim_excerpt --><!-- AddThis Share Buttons generic via filter on wp_trim_excerpt --><\/p>\n","protected":false},"author":33,"featured_media":32737,"comment_status":"open","ping_status":"open","sticky":true,"template":"","format":"standard","meta":{"_FSMCFIC_featured_image_caption":"","_FSMCFIC_featured_image_nocaption":"","_FSMCFIC_featured_image_hide":"","footnotes":""},"categories":[3890,4,3891],"tags":[2569,28237,28196,654,2705],"class_list":["post-32731","post","type-post","status-publish","format-standard","has-post-thumbnail","hentry","category-handball","category-lyon","category-vaulx-en-velin","tag-asul-vaulx-en-velin","tag-asul-vv","tag-d2f","tag-handball","tag-handball-feminin"],"yoast_head":"<!-- This site is optimized with the Yoast SEO plugin v22.8 - https:\/\/yoast.com\/wordpress\/plugins\/seo\/ -->\n<title>D2F\u00a0:\u00a0Hold-up\u00a0r\u00e9ussi par\u00a0Celles-sur-Belle - Lyon Bondy Blog<\/title>\n<meta name=\"robots\" content=\"index, follow, max-snippet:-1, max-image-preview:large, max-video-preview:-1\" \/>\n<link rel=\"canonical\" href=\"https:\/\/lyonbondyblog.fr\/LBB\/d2f-hold-up-reussi-par-celles-sur-belle\/\" \/>\n<meta property=\"og:locale\" content=\"fr_FR\" \/>\n<meta property=\"og:type\" content=\"article\" \/>\n<meta property=\"og:title\" content=\"D2F\u00a0:\u00a0Hold-up\u00a0r\u00e9ussi par\u00a0Celles-sur-Belle - Lyon Bondy Blog\" \/>\n<meta property=\"og:description\" content=\"Dans le cadre de la\u00a02eme\u00a0journ\u00e9e de championnat de\u00a0D2F, les Vaudaises ont re\u00e7u ce samedi soir, dans leur salle, le club de Celles-sur-Belle. Apr\u00e8s leur d\u00e9but &hellip;\" \/>\n<meta property=\"og:url\" content=\"https:\/\/lyonbondyblog.fr\/LBB\/d2f-hold-up-reussi-par-celles-sur-belle\/\" \/>\n<meta property=\"og:site_name\" content=\"Lyon Bondy Blog\" \/>\n<meta property=\"article:publisher\" content=\"https:\/\/www.facebook.com\/lyonbondyblog\" \/>\n<meta property=\"article:published_time\" content=\"2023-09-10T13:13:33+00:00\" \/>\n<meta property=\"article:modified_time\" content=\"2023-09-10T13:13:35+00:00\" \/>\n<meta property=\"og:image\" content=\"https:\/\/lyonbondyblog.fr\/LBB\/wp-content\/uploads\/2023\/09\/asul-photo-une.jpg\" \/>\n\t<meta property=\"og:image:width\" content=\"1170\" \/>\n\t<meta property=\"og:image:height\" content=\"782\" \/>\n\t<meta property=\"og:image:type\" content=\"image\/jpeg\" \/>\n<meta name=\"author\" content=\"Etienne Aazzab\" \/>\n<meta name=\"twitter:card\" content=\"summary_large_image\" \/>\n<meta name=\"twitter:creator\" content=\"@AazzabEtienne\" \/>\n<meta name=\"twitter:site\" content=\"@bondybloglyon\" \/>\n<script type=\"application\/ld+json\" class=\"yoast-schema-graph\">{\"@context\":\"https:\/\/schema.org\",\"@graph\":[{\"@type\":\"Article\",\"@id\":\"https:\/\/lyonbondyblog.fr\/LBB\/d2f-hold-up-reussi-par-celles-sur-belle\/#article\",\"isPartOf\":{\"@id\":\"https:\/\/lyonbondyblog.fr\/LBB\/d2f-hold-up-reussi-par-celles-sur-belle\/\"},\"author\":{\"name\":\"Etienne Aazzab\",\"@id\":\"https:\/\/lyonbondyblog.fr\/LBB\/#\/schema\/person\/5e9904261c1f613c8e6ea22045b1353d\"},\"headline\":\"D2F\u00a0:\u00a0Hold-up\u00a0r\u00e9ussi par\u00a0Celles-sur-Belle\",\"datePublished\":\"2023-09-10T13:13:33+00:00\",\"dateModified\":\"2023-09-10T13:13:35+00:00\",\"mainEntityOfPage\":{\"@id\":\"https:\/\/lyonbondyblog.fr\/LBB\/d2f-hold-up-reussi-par-celles-sur-belle\/\"},\"wordCount\":505,\"commentCount\":0,\"publisher\":{\"@id\":\"https:\/\/lyonbondyblog.fr\/LBB\/#organization\"},\"image\":{\"@id\":\"https:\/\/lyonbondyblog.fr\/LBB\/d2f-hold-up-reussi-par-celles-sur-belle\/#primaryimage\"},\"thumbnailUrl\":\"https:\/\/lyonbondyblog.fr\/LBB\/wp-content\/uploads\/2023\/09\/asul-photo-une.jpg\",\"keywords\":[\"ASUL Vaulx-en-Velin\",\"ASUL VV\",\"D2F\",\"handball\",\"handball feminin\"],\"articleSection\":[\"Handball\",\"Lyon\",\"Vaulx-en-Velin\"],\"inLanguage\":\"fr-FR\",\"potentialAction\":[{\"@type\":\"CommentAction\",\"name\":\"Comment\",\"target\":[\"https:\/\/lyonbondyblog.fr\/LBB\/d2f-hold-up-reussi-par-celles-sur-belle\/#respond\"]}]},{\"@type\":\"WebPage\",\"@id\":\"https:\/\/lyonbondyblog.fr\/LBB\/d2f-hold-up-reussi-par-celles-sur-belle\/\",\"url\":\"https:\/\/lyonbondyblog.fr\/LBB\/d2f-hold-up-reussi-par-celles-sur-belle\/\",\"name\":\"D2F\u00a0:\u00a0Hold-up\u00a0r\u00e9ussi par\u00a0Celles-sur-Belle - Lyon Bondy Blog\",\"isPartOf\":{\"@id\":\"https:\/\/lyonbondyblog.fr\/LBB\/#website\"},\"primaryImageOfPage\":{\"@id\":\"https:\/\/lyonbondyblog.fr\/LBB\/d2f-hold-up-reussi-par-celles-sur-belle\/#primaryimage\"},\"image\":{\"@id\":\"https:\/\/lyonbondyblog.fr\/LBB\/d2f-hold-up-reussi-par-celles-sur-belle\/#primaryimage\"},\"thumbnailUrl\":\"https:\/\/lyonbondyblog.fr\/LBB\/wp-content\/uploads\/2023\/09\/asul-photo-une.jpg\",\"datePublished\":\"2023-09-10T13:13:33+00:00\",\"dateModified\":\"2023-09-10T13:13:35+00:00\",\"inLanguage\":\"fr-FR\",\"potentialAction\":[{\"@type\":\"ReadAction\",\"target\":[\"https:\/\/lyonbondyblog.fr\/LBB\/d2f-hold-up-reussi-par-celles-sur-belle\/\"]}]},{\"@type\":\"ImageObject\",\"inLanguage\":\"fr-FR\",\"@id\":\"https:\/\/lyonbondyblog.fr\/LBB\/d2f-hold-up-reussi-par-celles-sur-belle\/#primaryimage\",\"url\":\"https:\/\/lyonbondyblog.fr\/LBB\/wp-content\/uploads\/2023\/09\/asul-photo-une.jpg\",\"contentUrl\":\"https:\/\/lyonbondyblog.fr\/LBB\/wp-content\/uploads\/2023\/09\/asul-photo-une.jpg\",\"width\":1170,\"height\":782},{\"@type\":\"WebSite\",\"@id\":\"https:\/\/lyonbondyblog.fr\/LBB\/#website\",\"url\":\"https:\/\/lyonbondyblog.fr\/LBB\/\",\"name\":\"Lyon Bondy Blog\",\"description\":\"\",\"publisher\":{\"@id\":\"https:\/\/lyonbondyblog.fr\/LBB\/#organization\"},\"potentialAction\":[{\"@type\":\"SearchAction\",\"target\":{\"@type\":\"EntryPoint\",\"urlTemplate\":\"https:\/\/lyonbondyblog.fr\/LBB\/?s={search_term_string}\"},\"query-input\":\"required name=search_term_string\"}],\"inLanguage\":\"fr-FR\"},{\"@type\":\"Organization\",\"@id\":\"https:\/\/lyonbondyblog.fr\/LBB\/#organization\",\"name\":\"LYON BONDY BLOG\",\"url\":\"https:\/\/lyonbondyblog.fr\/LBB\/\",\"logo\":{\"@type\":\"ImageObject\",\"inLanguage\":\"fr-FR\",\"@id\":\"https:\/\/lyonbondyblog.fr\/LBB\/#\/schema\/logo\/image\/\",\"url\":\"http:\/\/lyonbondyblog.fr\/LBB\/wp-content\/uploads\/2014\/10\/logo-portable-144.png\",\"contentUrl\":\"http:\/\/lyonbondyblog.fr\/LBB\/wp-content\/uploads\/2014\/10\/logo-portable-144.png\",\"width\":144,\"height\":123,\"caption\":\"LYON BONDY BLOG\"},\"image\":{\"@id\":\"https:\/\/lyonbondyblog.fr\/LBB\/#\/schema\/logo\/image\/\"},\"sameAs\":[\"https:\/\/www.facebook.com\/lyonbondyblog\",\"https:\/\/x.com\/bondybloglyon\"]},{\"@type\":\"Person\",\"@id\":\"https:\/\/lyonbondyblog.fr\/LBB\/#\/schema\/person\/5e9904261c1f613c8e6ea22045b1353d\",\"name\":\"Etienne Aazzab\",\"description\":\"Etienne a contribu\u00e9 depuis 2 ans dans le journal satirique FOUTOU\u2019ART. Il a int\u00e9gr\u00e9 l\u2019\u00e9quipe du \u00ab clic 2014 \u00bb : Collectif local d\u2019informations citoyennes \u00e0 partir de novembre 2013. Il rejoint le Lyon Bondy Blog \u00e0 partir de janvier 2014. Twitter : @AazzabEtienne Ses sujets de pr\u00e9dilection : #Politique #Soci\u00e9t\u00e9 #Sport\",\"sameAs\":[\"https:\/\/x.com\/AazzabEtienne\"],\"url\":\"https:\/\/lyonbondyblog.fr\/LBB\/author\/etienne\/\"}]}<\/script>\n<!-- \/ Yoast SEO plugin. -->","yoast_head_json":{"title":"D2F\u00a0:\u00a0Hold-up\u00a0r\u00e9ussi par\u00a0Celles-sur-Belle - Lyon Bondy Blog","robots":{"index":"index","follow":"follow","max-snippet":"max-snippet:-1","max-image-preview":"max-image-preview:large","max-video-preview":"max-video-preview:-1"},"canonical":"https:\/\/lyonbondyblog.fr\/LBB\/d2f-hold-up-reussi-par-celles-sur-belle\/","og_locale":"fr_FR","og_type":"article","og_title":"D2F\u00a0:\u00a0Hold-up\u00a0r\u00e9ussi par\u00a0Celles-sur-Belle - Lyon Bondy Blog","og_description":"Dans le cadre de la\u00a02eme\u00a0journ\u00e9e de championnat de\u00a0D2F, les Vaudaises ont re\u00e7u ce samedi soir, dans leur salle, le club de Celles-sur-Belle. Apr\u00e8s leur d\u00e9but &hellip;","og_url":"https:\/\/lyonbondyblog.fr\/LBB\/d2f-hold-up-reussi-par-celles-sur-belle\/","og_site_name":"Lyon Bondy Blog","article_publisher":"https:\/\/www.facebook.com\/lyonbondyblog","article_published_time":"2023-09-10T13:13:33+00:00","article_modified_time":"2023-09-10T13:13:35+00:00","og_image":[{"width":1170,"height":782,"url":"https:\/\/lyonbondyblog.fr\/LBB\/wp-content\/uploads\/2023\/09\/asul-photo-une.jpg","type":"image\/jpeg"}],"author":"Etienne Aazzab","twitter_card":"summary_large_image","twitter_creator":"@AazzabEtienne","twitter_site":"@bondybloglyon","schema":{"@context":"https:\/\/schema.org","@graph":[{"@type":"Article","@id":"https:\/\/lyonbondyblog.fr\/LBB\/d2f-hold-up-reussi-par-celles-sur-belle\/#article","isPartOf":{"@id":"https:\/\/lyonbondyblog.fr\/LBB\/d2f-hold-up-reussi-par-celles-sur-belle\/"},"author":{"name":"Etienne Aazzab","@id":"https:\/\/lyonbondyblog.fr\/LBB\/#\/schema\/person\/5e9904261c1f613c8e6ea22045b1353d"},"headline":"D2F\u00a0:\u00a0Hold-up\u00a0r\u00e9ussi par\u00a0Celles-sur-Belle","datePublished":"2023-09-10T13:13:33+00:00","dateModified":"2023-09-10T13:13:35+00:00","mainEntityOfPage":{"@id":"https:\/\/lyonbondyblog.fr\/LBB\/d2f-hold-up-reussi-par-celles-sur-belle\/"},"wordCount":505,"commentCount":0,"publisher":{"@id":"https:\/\/lyonbondyblog.fr\/LBB\/#organization"},"image":{"@id":"https:\/\/lyonbondyblog.fr\/LBB\/d2f-hold-up-reussi-par-celles-sur-belle\/#primaryimage"},"thumbnailUrl":"https:\/\/lyonbondyblog.fr\/LBB\/wp-content\/uploads\/2023\/09\/asul-photo-une.jpg","keywords":["ASUL Vaulx-en-Velin","ASUL VV","D2F","handball","handball feminin"],"articleSection":["Handball","Lyon","Vaulx-en-Velin"],"inLanguage":"fr-FR","potentialAction":[{"@type":"CommentAction","name":"Comment","target":["https:\/\/lyonbondyblog.fr\/LBB\/d2f-hold-up-reussi-par-celles-sur-belle\/#respond"]}]},{"@type":"WebPage","@id":"https:\/\/lyonbondyblog.fr\/LBB\/d2f-hold-up-reussi-par-celles-sur-belle\/","url":"https:\/\/lyonbondyblog.fr\/LBB\/d2f-hold-up-reussi-par-celles-sur-belle\/","name":"D2F\u00a0:\u00a0Hold-up\u00a0r\u00e9ussi par\u00a0Celles-sur-Belle - Lyon Bondy Blog","isPartOf":{"@id":"https:\/\/lyonbondyblog.fr\/LBB\/#website"},"primaryImageOfPage":{"@id":"https:\/\/lyonbondyblog.fr\/LBB\/d2f-hold-up-reussi-par-celles-sur-belle\/#primaryimage"},"image":{"@id":"https:\/\/lyonbondyblog.fr\/LBB\/d2f-hold-up-reussi-par-celles-sur-belle\/#primaryimage"},"thumbnailUrl":"https:\/\/lyonbondyblog.fr\/LBB\/wp-content\/uploads\/2023\/09\/asul-photo-une.jpg","datePublished":"2023-09-10T13:13:33+00:00","dateModified":"2023-09-10T13:13:35+00:00","inLanguage":"fr-FR","potentialAction":[{"@type":"ReadAction","target":["https:\/\/lyonbondyblog.fr\/LBB\/d2f-hold-up-reussi-par-celles-sur-belle\/"]}]},{"@type":"ImageObject","inLanguage":"fr-FR","@id":"https:\/\/lyonbondyblog.fr\/LBB\/d2f-hold-up-reussi-par-celles-sur-belle\/#primaryimage","url":"https:\/\/lyonbondyblog.fr\/LBB\/wp-content\/uploads\/2023\/09\/asul-photo-une.jpg","contentUrl":"https:\/\/lyonbondyblog.fr\/LBB\/wp-content\/uploads\/2023\/09\/asul-photo-une.jpg","width":1170,"height":782},{"@type":"WebSite","@id":"https:\/\/lyonbondyblog.fr\/LBB\/#website","url":"https:\/\/lyonbondyblog.fr\/LBB\/","name":"Lyon Bondy Blog","description":"","publisher":{"@id":"https:\/\/lyonbondyblog.fr\/LBB\/#organization"},"potentialAction":[{"@type":"SearchAction","target":{"@type":"EntryPoint","urlTemplate":"https:\/\/lyonbondyblog.fr\/LBB\/?s={search_term_string}"},"query-input":"required name=search_term_string"}],"inLanguage":"fr-FR"},{"@type":"Organization","@id":"https:\/\/lyonbondyblog.fr\/LBB\/#organization","name":"LYON BONDY BLOG","url":"https:\/\/lyonbondyblog.fr\/LBB\/","logo":{"@type":"ImageObject","inLanguage":"fr-FR","@id":"https:\/\/lyonbondyblog.fr\/LBB\/#\/schema\/logo\/image\/","url":"http:\/\/lyonbondyblog.fr\/LBB\/wp-content\/uploads\/2014\/10\/logo-portable-144.png","contentUrl":"http:\/\/lyonbondyblog.fr\/LBB\/wp-content\/uploads\/2014\/10\/logo-portable-144.png","width":144,"height":123,"caption":"LYON BONDY BLOG"},"image":{"@id":"https:\/\/lyonbondyblog.fr\/LBB\/#\/schema\/logo\/image\/"},"sameAs":["https:\/\/www.facebook.com\/lyonbondyblog","https:\/\/x.com\/bondybloglyon"]},{"@type":"Person","@id":"https:\/\/lyonbondyblog.fr\/LBB\/#\/schema\/person\/5e9904261c1f613c8e6ea22045b1353d","name":"Etienne Aazzab","description":"Etienne a contribu\u00e9 depuis 2 ans dans le journal satirique FOUTOU\u2019ART. Il a int\u00e9gr\u00e9 l\u2019\u00e9quipe du \u00ab clic 2014 \u00bb : Collectif local d\u2019informations citoyennes \u00e0 partir de novembre 2013. Il rejoint le Lyon Bondy Blog \u00e0 partir de janvier 2014. Twitter : @AazzabEtienne Ses sujets de pr\u00e9dilection : #Politique #Soci\u00e9t\u00e9 #Sport","sameAs":["https:\/\/x.com\/AazzabEtienne"],"url":"https:\/\/lyonbondyblog.fr\/LBB\/author\/etienne\/"}]}},"_links":{"self":[{"href":"https:\/\/lyonbondyblog.fr\/LBB\/wp-json\/wp\/v2\/posts\/32731","targetHints":{"allow":["GET"]}}],"collection":[{"href":"https:\/\/lyonbondyblog.fr\/LBB\/wp-json\/wp\/v2\/posts"}],"about":[{"href":"https:\/\/lyonbondyblog.fr\/LBB\/wp-json\/wp\/v2\/types\/post"}],"author":[{"embeddable":true,"href":"https:\/\/lyonbondyblog.fr\/LBB\/wp-json\/wp\/v2\/users\/33"}],"replies":[{"embeddable":true,"href":"https:\/\/lyonbondyblog.fr\/LBB\/wp-json\/wp\/v2\/comments?post=32731"}],"version-history":[{"count":1,"href":"https:\/\/lyonbondyblog.fr\/LBB\/wp-json\/wp\/v2\/posts\/32731\/revisions"}],"predecessor-version":[{"id":32738,"href":"https:\/\/lyonbondyblog.fr\/LBB\/wp-json\/wp\/v2\/posts\/32731\/revisions\/32738"}],"wp:featuredmedia":[{"embeddable":true,"href":"https:\/\/lyonbondyblog.fr\/LBB\/wp-json\/wp\/v2\/media\/32737"}],"wp:attachment":[{"href":"https:\/\/lyonbondyblog.fr\/LBB\/wp-json\/wp\/v2\/media?parent=32731"}],"wp:term":[{"taxonomy":"category","embeddable":true,"href":"https:\/\/lyonbondyblog.fr\/LBB\/wp-json\/wp\/v2\/categories?post=32731"},{"taxonomy":"post_tag","embeddable":true,"href":"https:\/\/lyonbondyblog.fr\/LBB\/wp-json\/wp\/v2\/tags?post=32731"}],"curies":[{"name":"wp","href":"https:\/\/api.w.org\/{rel}","templated":true}]}}