{"id":32707,"date":"2023-08-02T18:57:11","date_gmt":"2023-08-02T16:57:11","guid":{"rendered":"http:\/\/lyonbondyblog.fr\/LBB\/?p=32707"},"modified":"2023-08-02T18:57:14","modified_gmt":"2023-08-02T16:57:14","slug":"un-ete-culturel-a-villeurbanne","status":"publish","type":"post","link":"https:\/\/lyonbondyblog.fr\/LBB\/un-ete-culturel-a-villeurbanne\/","title":{"rendered":"Un \u00e9t\u00e9 culturel \u00e0 Villeurbanne"},"content":{"rendered":"\n<p><strong>Pendant le mois d&rsquo;ao\u00fbt, la ville de Villeurbanne pense \u00e0 ceux qui malheureusement ne peuvent pas partir en vacances. Ainsi, apr\u00e8s avoir \u00e9t\u00e9 Capitale culturelle, elle offre tout l&rsquo;\u00e9t\u00e9, un panel d&rsquo;activit\u00e9s culturelles r\u00e9parti sur l&rsquo;ensemble de l\u2019agglom\u00e9ration sur la th\u00e9matique de \u00ab\u00a0Vivez l&rsquo;\u00e9t\u00e9\u00a0\u00bb.<\/strong><\/p>\n\n\n\n<p>Le th\u00e9\u00e2tre fait partie des activit\u00e9s, cet art m\u00e9connu du jeune public mais si important pour d\u00e9velopper&nbsp;un art oratoire et \u00e9galement un esprit cr\u00e9atif qui peut aider \u00e0 avoir un d\u00e9veloppement&nbsp;personnel pour les jeunes et les moins jeunes.<\/p>\n\n\n\n<p>Il y a \u00e9galement le cin\u00e9ma&nbsp;en plein air mise en place par le cin\u00e9ma \u00ab\u00a0Le Zola\u00a0\u00bb pour permettre aux familles de passer un bon moment \u00e0 moindre frais, et de permettre \u00e0 tous de red\u00e9couvrir des films oubli\u00e9s comme \u00a0\u00bb Billy Elliot\u00a0\u00bb ou \u00ab\u00a0Dumbo\u00a0\u00bb.<\/p>\n\n\n\n<p>Pour ceux qui pr\u00e9f\u00e8rent lire des ateliers lecture sont propos\u00e9s \u00e0 travers les quartiers de Villeurbanne et notamment au Rize.<\/p>\n\n\n\n<figure class=\"wp-block-image size-large\"><img loading=\"lazy\" decoding=\"async\" width=\"1920\" height=\"1280\" src=\"https:\/\/lyonbondyblog.fr\/LBB\/wp-content\/uploads\/2023\/08\/3W2A7478-\u00a9Gilles-Michallet-Ville-de-Villeurbanne-1-1920x1280.jpg\" alt=\"\" class=\"wp-image-32711\" srcset=\"https:\/\/lyonbondyblog.fr\/LBB\/wp-content\/uploads\/2023\/08\/3W2A7478-\u00a9Gilles-Michallet-Ville-de-Villeurbanne-1-1920x1280.jpg 1920w, https:\/\/lyonbondyblog.fr\/LBB\/wp-content\/uploads\/2023\/08\/3W2A7478-\u00a9Gilles-Michallet-Ville-de-Villeurbanne-1-1200x800.jpg 1200w, https:\/\/lyonbondyblog.fr\/LBB\/wp-content\/uploads\/2023\/08\/3W2A7478-\u00a9Gilles-Michallet-Ville-de-Villeurbanne-1-768x512.jpg 768w, https:\/\/lyonbondyblog.fr\/LBB\/wp-content\/uploads\/2023\/08\/3W2A7478-\u00a9Gilles-Michallet-Ville-de-Villeurbanne-1-1536x1024.jpg 1536w, https:\/\/lyonbondyblog.fr\/LBB\/wp-content\/uploads\/2023\/08\/3W2A7478-\u00a9Gilles-Michallet-Ville-de-Villeurbanne-1-2048x1365.jpg 2048w, https:\/\/lyonbondyblog.fr\/LBB\/wp-content\/uploads\/2023\/08\/3W2A7478-\u00a9Gilles-Michallet-Ville-de-Villeurbanne-1-272x182.jpg 272w\" sizes=\"auto, (max-width: 1920px) 100vw, 1920px\" \/><figcaption class=\"wp-element-caption\">Cr\u00e9dit : Gilles Michallet \/ Ville de Villeurbanne<\/figcaption><\/figure>\n\n\n\n<p>Mais les activit\u00e9s physiques ne sont pas oubli\u00e9es, des activit\u00e9s sportives sont au programme&nbsp; au centre nautique Etienne Gagnaire comme l&rsquo;aquagym&nbsp;pour ne pas rester inactif et se changer les id\u00e9es. Des initiations au C\u00e9ci-foot&nbsp;sont \u00e9galement mises en place afin de d\u00e9couvrir le handicap visuel et de se mettre \u00e0 la place&nbsp;d&rsquo;un non-voyant.<\/p>\n\n\n\n<p>Chacun peut trouver une activit\u00e9 suivant ses centres d&rsquo;int\u00e9r\u00eats et s&rsquo;initier \u00e0 de nouvelles pratique.<\/p>\n\n\n\n<p><\/p>\n\n\n\n<p><em>Cr\u00e9dit photos : Gilles Michallet \/ Ville de Villeurbanne<\/em><\/p>\n<!-- AddThis Advanced Settings generic via filter on the_content --><!-- AddThis Share Buttons generic via filter on the_content -->","protected":false},"excerpt":{"rendered":"<p>Pendant le mois d&rsquo;ao\u00fbt, la ville de Villeurbanne pense \u00e0 ceux qui malheureusement ne peuvent pas partir en vacances. Ainsi, apr\u00e8s avoir \u00e9t\u00e9 Capitale culturelle, &hellip; <!-- AddThis Advanced Settings generic via filter on wp_trim_excerpt --><!-- AddThis Share Buttons generic via filter on wp_trim_excerpt --><\/p>\n","protected":false},"author":33,"featured_media":32709,"comment_status":"open","ping_status":"open","sticky":true,"template":"","format":"standard","meta":{"_FSMCFIC_featured_image_caption":"","_FSMCFIC_featured_image_nocaption":"","_FSMCFIC_featured_image_hide":"","footnotes":""},"categories":[2,10388],"tags":[28180,27040,408,627,2160,10,112,76,128],"class_list":["post-32707","post","type-post","status-publish","format-standard","has-post-thumbnail","hentry","category-societe","category-villeurbanne","tag-activites","tag-cinema-en-plein-air","tag-ete","tag-foot","tag-lecture","tag-lyon-2","tag-lyon-bondy-blog","tag-theatre","tag-villeurbanne"],"yoast_head":"<!-- This site is optimized with the Yoast SEO plugin v22.8 - https:\/\/yoast.com\/wordpress\/plugins\/seo\/ -->\n<title>Un \u00e9t\u00e9 culturel \u00e0 Villeurbanne - Lyon Bondy Blog<\/title>\n<meta name=\"robots\" content=\"index, follow, max-snippet:-1, max-image-preview:large, max-video-preview:-1\" \/>\n<link rel=\"canonical\" href=\"https:\/\/lyonbondyblog.fr\/LBB\/un-ete-culturel-a-villeurbanne\/\" \/>\n<meta property=\"og:locale\" content=\"fr_FR\" \/>\n<meta property=\"og:type\" content=\"article\" \/>\n<meta property=\"og:title\" content=\"Un \u00e9t\u00e9 culturel \u00e0 Villeurbanne - Lyon Bondy Blog\" \/>\n<meta property=\"og:description\" content=\"Pendant le mois d&rsquo;ao\u00fbt, la ville de Villeurbanne pense \u00e0 ceux qui malheureusement ne peuvent pas partir en vacances. Ainsi, apr\u00e8s avoir \u00e9t\u00e9 Capitale culturelle, &hellip;\" \/>\n<meta property=\"og:url\" content=\"https:\/\/lyonbondyblog.fr\/LBB\/un-ete-culturel-a-villeurbanne\/\" \/>\n<meta property=\"og:site_name\" content=\"Lyon Bondy Blog\" \/>\n<meta property=\"article:publisher\" content=\"https:\/\/www.facebook.com\/lyonbondyblog\" \/>\n<meta property=\"article:published_time\" content=\"2023-08-02T16:57:11+00:00\" \/>\n<meta property=\"article:modified_time\" content=\"2023-08-02T16:57:14+00:00\" \/>\n<meta property=\"og:image\" content=\"https:\/\/lyonbondyblog.fr\/LBB\/wp-content\/uploads\/2023\/08\/Seance-de-lecture-en-plein-air-avec-animation-Saint-Jean-\u00a9Gilles-Michallet-Ville-de-Villeurbanne-scaled.jpg\" \/>\n\t<meta property=\"og:image:width\" content=\"2560\" \/>\n\t<meta property=\"og:image:height\" content=\"1707\" \/>\n\t<meta property=\"og:image:type\" content=\"image\/jpeg\" \/>\n<meta name=\"author\" content=\"Etienne Aazzab\" \/>\n<meta name=\"twitter:card\" content=\"summary_large_image\" \/>\n<meta name=\"twitter:creator\" content=\"@AazzabEtienne\" \/>\n<meta name=\"twitter:site\" content=\"@bondybloglyon\" \/>\n<script type=\"application\/ld+json\" class=\"yoast-schema-graph\">{\"@context\":\"https:\/\/schema.org\",\"@graph\":[{\"@type\":\"Article\",\"@id\":\"https:\/\/lyonbondyblog.fr\/LBB\/un-ete-culturel-a-villeurbanne\/#article\",\"isPartOf\":{\"@id\":\"https:\/\/lyonbondyblog.fr\/LBB\/un-ete-culturel-a-villeurbanne\/\"},\"author\":{\"name\":\"Etienne Aazzab\",\"@id\":\"https:\/\/lyonbondyblog.fr\/LBB\/#\/schema\/person\/5e9904261c1f613c8e6ea22045b1353d\"},\"headline\":\"Un \u00e9t\u00e9 culturel \u00e0 Villeurbanne\",\"datePublished\":\"2023-08-02T16:57:11+00:00\",\"dateModified\":\"2023-08-02T16:57:14+00:00\",\"mainEntityOfPage\":{\"@id\":\"https:\/\/lyonbondyblog.fr\/LBB\/un-ete-culturel-a-villeurbanne\/\"},\"wordCount\":267,\"commentCount\":0,\"publisher\":{\"@id\":\"https:\/\/lyonbondyblog.fr\/LBB\/#organization\"},\"image\":{\"@id\":\"https:\/\/lyonbondyblog.fr\/LBB\/un-ete-culturel-a-villeurbanne\/#primaryimage\"},\"thumbnailUrl\":\"https:\/\/lyonbondyblog.fr\/LBB\/wp-content\/uploads\/2023\/08\/Seance-de-lecture-en-plein-air-avec-animation-Saint-Jean-\u00a9Gilles-Michallet-Ville-de-Villeurbanne-scaled.jpg\",\"keywords\":[\"activit\u00e9s\",\"cin\u00e9ma en plein air\",\"\u00e9t\u00e9\",\"Foot\",\"Lecture\",\"lyon\",\"Lyon Bondy Blog\",\"theatre\",\"Villeurbanne\"],\"articleSection\":[\"Soci\u00e9t\u00e9\",\"Villeurbanne\"],\"inLanguage\":\"fr-FR\",\"potentialAction\":[{\"@type\":\"CommentAction\",\"name\":\"Comment\",\"target\":[\"https:\/\/lyonbondyblog.fr\/LBB\/un-ete-culturel-a-villeurbanne\/#respond\"]}]},{\"@type\":\"WebPage\",\"@id\":\"https:\/\/lyonbondyblog.fr\/LBB\/un-ete-culturel-a-villeurbanne\/\",\"url\":\"https:\/\/lyonbondyblog.fr\/LBB\/un-ete-culturel-a-villeurbanne\/\",\"name\":\"Un \u00e9t\u00e9 culturel \u00e0 Villeurbanne - Lyon Bondy Blog\",\"isPartOf\":{\"@id\":\"https:\/\/lyonbondyblog.fr\/LBB\/#website\"},\"primaryImageOfPage\":{\"@id\":\"https:\/\/lyonbondyblog.fr\/LBB\/un-ete-culturel-a-villeurbanne\/#primaryimage\"},\"image\":{\"@id\":\"https:\/\/lyonbondyblog.fr\/LBB\/un-ete-culturel-a-villeurbanne\/#primaryimage\"},\"thumbnailUrl\":\"https:\/\/lyonbondyblog.fr\/LBB\/wp-content\/uploads\/2023\/08\/Seance-de-lecture-en-plein-air-avec-animation-Saint-Jean-\u00a9Gilles-Michallet-Ville-de-Villeurbanne-scaled.jpg\",\"datePublished\":\"2023-08-02T16:57:11+00:00\",\"dateModified\":\"2023-08-02T16:57:14+00:00\",\"inLanguage\":\"fr-FR\",\"potentialAction\":[{\"@type\":\"ReadAction\",\"target\":[\"https:\/\/lyonbondyblog.fr\/LBB\/un-ete-culturel-a-villeurbanne\/\"]}]},{\"@type\":\"ImageObject\",\"inLanguage\":\"fr-FR\",\"@id\":\"https:\/\/lyonbondyblog.fr\/LBB\/un-ete-culturel-a-villeurbanne\/#primaryimage\",\"url\":\"https:\/\/lyonbondyblog.fr\/LBB\/wp-content\/uploads\/2023\/08\/Seance-de-lecture-en-plein-air-avec-animation-Saint-Jean-\u00a9Gilles-Michallet-Ville-de-Villeurbanne-scaled.jpg\",\"contentUrl\":\"https:\/\/lyonbondyblog.fr\/LBB\/wp-content\/uploads\/2023\/08\/Seance-de-lecture-en-plein-air-avec-animation-Saint-Jean-\u00a9Gilles-Michallet-Ville-de-Villeurbanne-scaled.jpg\",\"width\":2560,\"height\":1707},{\"@type\":\"WebSite\",\"@id\":\"https:\/\/lyonbondyblog.fr\/LBB\/#website\",\"url\":\"https:\/\/lyonbondyblog.fr\/LBB\/\",\"name\":\"Lyon Bondy Blog\",\"description\":\"\",\"publisher\":{\"@id\":\"https:\/\/lyonbondyblog.fr\/LBB\/#organization\"},\"potentialAction\":[{\"@type\":\"SearchAction\",\"target\":{\"@type\":\"EntryPoint\",\"urlTemplate\":\"https:\/\/lyonbondyblog.fr\/LBB\/?s={search_term_string}\"},\"query-input\":\"required name=search_term_string\"}],\"inLanguage\":\"fr-FR\"},{\"@type\":\"Organization\",\"@id\":\"https:\/\/lyonbondyblog.fr\/LBB\/#organization\",\"name\":\"LYON BONDY BLOG\",\"url\":\"https:\/\/lyonbondyblog.fr\/LBB\/\",\"logo\":{\"@type\":\"ImageObject\",\"inLanguage\":\"fr-FR\",\"@id\":\"https:\/\/lyonbondyblog.fr\/LBB\/#\/schema\/logo\/image\/\",\"url\":\"http:\/\/lyonbondyblog.fr\/LBB\/wp-content\/uploads\/2014\/10\/logo-portable-144.png\",\"contentUrl\":\"http:\/\/lyonbondyblog.fr\/LBB\/wp-content\/uploads\/2014\/10\/logo-portable-144.png\",\"width\":144,\"height\":123,\"caption\":\"LYON BONDY BLOG\"},\"image\":{\"@id\":\"https:\/\/lyonbondyblog.fr\/LBB\/#\/schema\/logo\/image\/\"},\"sameAs\":[\"https:\/\/www.facebook.com\/lyonbondyblog\",\"https:\/\/x.com\/bondybloglyon\"]},{\"@type\":\"Person\",\"@id\":\"https:\/\/lyonbondyblog.fr\/LBB\/#\/schema\/person\/5e9904261c1f613c8e6ea22045b1353d\",\"name\":\"Etienne Aazzab\",\"description\":\"Etienne a contribu\u00e9 depuis 2 ans dans le journal satirique FOUTOU\u2019ART. Il a int\u00e9gr\u00e9 l\u2019\u00e9quipe du \u00ab clic 2014 \u00bb : Collectif local d\u2019informations citoyennes \u00e0 partir de novembre 2013. Il rejoint le Lyon Bondy Blog \u00e0 partir de janvier 2014. Twitter : @AazzabEtienne Ses sujets de pr\u00e9dilection : #Politique #Soci\u00e9t\u00e9 #Sport\",\"sameAs\":[\"https:\/\/x.com\/AazzabEtienne\"],\"url\":\"https:\/\/lyonbondyblog.fr\/LBB\/author\/etienne\/\"}]}<\/script>\n<!-- \/ Yoast SEO plugin. -->","yoast_head_json":{"title":"Un \u00e9t\u00e9 culturel \u00e0 Villeurbanne - Lyon Bondy Blog","robots":{"index":"index","follow":"follow","max-snippet":"max-snippet:-1","max-image-preview":"max-image-preview:large","max-video-preview":"max-video-preview:-1"},"canonical":"https:\/\/lyonbondyblog.fr\/LBB\/un-ete-culturel-a-villeurbanne\/","og_locale":"fr_FR","og_type":"article","og_title":"Un \u00e9t\u00e9 culturel \u00e0 Villeurbanne - Lyon Bondy Blog","og_description":"Pendant le mois d&rsquo;ao\u00fbt, la ville de Villeurbanne pense \u00e0 ceux qui malheureusement ne peuvent pas partir en vacances. Ainsi, apr\u00e8s avoir \u00e9t\u00e9 Capitale culturelle, &hellip;","og_url":"https:\/\/lyonbondyblog.fr\/LBB\/un-ete-culturel-a-villeurbanne\/","og_site_name":"Lyon Bondy Blog","article_publisher":"https:\/\/www.facebook.com\/lyonbondyblog","article_published_time":"2023-08-02T16:57:11+00:00","article_modified_time":"2023-08-02T16:57:14+00:00","og_image":[{"width":2560,"height":1707,"url":"https:\/\/lyonbondyblog.fr\/LBB\/wp-content\/uploads\/2023\/08\/Seance-de-lecture-en-plein-air-avec-animation-Saint-Jean-\u00a9Gilles-Michallet-Ville-de-Villeurbanne-scaled.jpg","type":"image\/jpeg"}],"author":"Etienne Aazzab","twitter_card":"summary_large_image","twitter_creator":"@AazzabEtienne","twitter_site":"@bondybloglyon","schema":{"@context":"https:\/\/schema.org","@graph":[{"@type":"Article","@id":"https:\/\/lyonbondyblog.fr\/LBB\/un-ete-culturel-a-villeurbanne\/#article","isPartOf":{"@id":"https:\/\/lyonbondyblog.fr\/LBB\/un-ete-culturel-a-villeurbanne\/"},"author":{"name":"Etienne Aazzab","@id":"https:\/\/lyonbondyblog.fr\/LBB\/#\/schema\/person\/5e9904261c1f613c8e6ea22045b1353d"},"headline":"Un \u00e9t\u00e9 culturel \u00e0 Villeurbanne","datePublished":"2023-08-02T16:57:11+00:00","dateModified":"2023-08-02T16:57:14+00:00","mainEntityOfPage":{"@id":"https:\/\/lyonbondyblog.fr\/LBB\/un-ete-culturel-a-villeurbanne\/"},"wordCount":267,"commentCount":0,"publisher":{"@id":"https:\/\/lyonbondyblog.fr\/LBB\/#organization"},"image":{"@id":"https:\/\/lyonbondyblog.fr\/LBB\/un-ete-culturel-a-villeurbanne\/#primaryimage"},"thumbnailUrl":"https:\/\/lyonbondyblog.fr\/LBB\/wp-content\/uploads\/2023\/08\/Seance-de-lecture-en-plein-air-avec-animation-Saint-Jean-\u00a9Gilles-Michallet-Ville-de-Villeurbanne-scaled.jpg","keywords":["activit\u00e9s","cin\u00e9ma en plein air","\u00e9t\u00e9","Foot","Lecture","lyon","Lyon Bondy Blog","theatre","Villeurbanne"],"articleSection":["Soci\u00e9t\u00e9","Villeurbanne"],"inLanguage":"fr-FR","potentialAction":[{"@type":"CommentAction","name":"Comment","target":["https:\/\/lyonbondyblog.fr\/LBB\/un-ete-culturel-a-villeurbanne\/#respond"]}]},{"@type":"WebPage","@id":"https:\/\/lyonbondyblog.fr\/LBB\/un-ete-culturel-a-villeurbanne\/","url":"https:\/\/lyonbondyblog.fr\/LBB\/un-ete-culturel-a-villeurbanne\/","name":"Un \u00e9t\u00e9 culturel \u00e0 Villeurbanne - Lyon Bondy Blog","isPartOf":{"@id":"https:\/\/lyonbondyblog.fr\/LBB\/#website"},"primaryImageOfPage":{"@id":"https:\/\/lyonbondyblog.fr\/LBB\/un-ete-culturel-a-villeurbanne\/#primaryimage"},"image":{"@id":"https:\/\/lyonbondyblog.fr\/LBB\/un-ete-culturel-a-villeurbanne\/#primaryimage"},"thumbnailUrl":"https:\/\/lyonbondyblog.fr\/LBB\/wp-content\/uploads\/2023\/08\/Seance-de-lecture-en-plein-air-avec-animation-Saint-Jean-\u00a9Gilles-Michallet-Ville-de-Villeurbanne-scaled.jpg","datePublished":"2023-08-02T16:57:11+00:00","dateModified":"2023-08-02T16:57:14+00:00","inLanguage":"fr-FR","potentialAction":[{"@type":"ReadAction","target":["https:\/\/lyonbondyblog.fr\/LBB\/un-ete-culturel-a-villeurbanne\/"]}]},{"@type":"ImageObject","inLanguage":"fr-FR","@id":"https:\/\/lyonbondyblog.fr\/LBB\/un-ete-culturel-a-villeurbanne\/#primaryimage","url":"https:\/\/lyonbondyblog.fr\/LBB\/wp-content\/uploads\/2023\/08\/Seance-de-lecture-en-plein-air-avec-animation-Saint-Jean-\u00a9Gilles-Michallet-Ville-de-Villeurbanne-scaled.jpg","contentUrl":"https:\/\/lyonbondyblog.fr\/LBB\/wp-content\/uploads\/2023\/08\/Seance-de-lecture-en-plein-air-avec-animation-Saint-Jean-\u00a9Gilles-Michallet-Ville-de-Villeurbanne-scaled.jpg","width":2560,"height":1707},{"@type":"WebSite","@id":"https:\/\/lyonbondyblog.fr\/LBB\/#website","url":"https:\/\/lyonbondyblog.fr\/LBB\/","name":"Lyon Bondy Blog","description":"","publisher":{"@id":"https:\/\/lyonbondyblog.fr\/LBB\/#organization"},"potentialAction":[{"@type":"SearchAction","target":{"@type":"EntryPoint","urlTemplate":"https:\/\/lyonbondyblog.fr\/LBB\/?s={search_term_string}"},"query-input":"required name=search_term_string"}],"inLanguage":"fr-FR"},{"@type":"Organization","@id":"https:\/\/lyonbondyblog.fr\/LBB\/#organization","name":"LYON BONDY BLOG","url":"https:\/\/lyonbondyblog.fr\/LBB\/","logo":{"@type":"ImageObject","inLanguage":"fr-FR","@id":"https:\/\/lyonbondyblog.fr\/LBB\/#\/schema\/logo\/image\/","url":"http:\/\/lyonbondyblog.fr\/LBB\/wp-content\/uploads\/2014\/10\/logo-portable-144.png","contentUrl":"http:\/\/lyonbondyblog.fr\/LBB\/wp-content\/uploads\/2014\/10\/logo-portable-144.png","width":144,"height":123,"caption":"LYON BONDY BLOG"},"image":{"@id":"https:\/\/lyonbondyblog.fr\/LBB\/#\/schema\/logo\/image\/"},"sameAs":["https:\/\/www.facebook.com\/lyonbondyblog","https:\/\/x.com\/bondybloglyon"]},{"@type":"Person","@id":"https:\/\/lyonbondyblog.fr\/LBB\/#\/schema\/person\/5e9904261c1f613c8e6ea22045b1353d","name":"Etienne Aazzab","description":"Etienne a contribu\u00e9 depuis 2 ans dans le journal satirique FOUTOU\u2019ART. Il a int\u00e9gr\u00e9 l\u2019\u00e9quipe du \u00ab clic 2014 \u00bb : Collectif local d\u2019informations citoyennes \u00e0 partir de novembre 2013. Il rejoint le Lyon Bondy Blog \u00e0 partir de janvier 2014. Twitter : @AazzabEtienne Ses sujets de pr\u00e9dilection : #Politique #Soci\u00e9t\u00e9 #Sport","sameAs":["https:\/\/x.com\/AazzabEtienne"],"url":"https:\/\/lyonbondyblog.fr\/LBB\/author\/etienne\/"}]}},"_links":{"self":[{"href":"https:\/\/lyonbondyblog.fr\/LBB\/wp-json\/wp\/v2\/posts\/32707","targetHints":{"allow":["GET"]}}],"collection":[{"href":"https:\/\/lyonbondyblog.fr\/LBB\/wp-json\/wp\/v2\/posts"}],"about":[{"href":"https:\/\/lyonbondyblog.fr\/LBB\/wp-json\/wp\/v2\/types\/post"}],"author":[{"embeddable":true,"href":"https:\/\/lyonbondyblog.fr\/LBB\/wp-json\/wp\/v2\/users\/33"}],"replies":[{"embeddable":true,"href":"https:\/\/lyonbondyblog.fr\/LBB\/wp-json\/wp\/v2\/comments?post=32707"}],"version-history":[{"count":1,"href":"https:\/\/lyonbondyblog.fr\/LBB\/wp-json\/wp\/v2\/posts\/32707\/revisions"}],"predecessor-version":[{"id":32712,"href":"https:\/\/lyonbondyblog.fr\/LBB\/wp-json\/wp\/v2\/posts\/32707\/revisions\/32712"}],"wp:featuredmedia":[{"embeddable":true,"href":"https:\/\/lyonbondyblog.fr\/LBB\/wp-json\/wp\/v2\/media\/32709"}],"wp:attachment":[{"href":"https:\/\/lyonbondyblog.fr\/LBB\/wp-json\/wp\/v2\/media?parent=32707"}],"wp:term":[{"taxonomy":"category","embeddable":true,"href":"https:\/\/lyonbondyblog.fr\/LBB\/wp-json\/wp\/v2\/categories?post=32707"},{"taxonomy":"post_tag","embeddable":true,"href":"https:\/\/lyonbondyblog.fr\/LBB\/wp-json\/wp\/v2\/tags?post=32707"}],"curies":[{"name":"wp","href":"https:\/\/api.w.org\/{rel}","templated":true}]}}