{"id":32704,"date":"2023-07-31T17:00:00","date_gmt":"2023-07-31T15:00:00","guid":{"rendered":"http:\/\/lyonbondyblog.fr\/LBB\/?p=32704"},"modified":"2023-08-01T10:43:23","modified_gmt":"2023-08-01T08:43:23","slug":"festival-off-avignon-derniere-cuvee-pour-le-festival","status":"publish","type":"post","link":"https:\/\/lyonbondyblog.fr\/LBB\/festival-off-avignon-derniere-cuvee-pour-le-festival\/","title":{"rendered":"Festival off\u00a0Avignon:\u00a0Derni\u00e8re\u00a0cuv\u00e9e pour le festival"},"content":{"rendered":"\n<p><strong>Pendant trois semaines, Avignon devient la place incontournable du&nbsp;th\u00e9atre&nbsp;fran\u00e7ais.&nbsp;Le Lyon&nbsp;Bondy&nbsp;Blog en&nbsp;a&nbsp;profit\u00e9&nbsp;pour aller voir trois&nbsp;pi\u00e8ces:&nbsp;La pleurante des rues de Prague,&nbsp;Au&nbsp;c\u0153ur&nbsp;du temps et&nbsp;Very&nbsp;Maths&nbsp;trips.&nbsp;Retour.<\/strong><\/p>\n\n\n\n<p>Ce festival propose \u00e0 toutes les bourses et \u00e0 tous public des pi\u00e8ces de&nbsp;toutes horizons.&nbsp;Toute la journ\u00e9e, vous pouvez tomber sur les troupes qui font leur propre communication afin d&rsquo;attirer le plus de monde possible.&nbsp;Malgr\u00e9 la chaleur, le public est au rendez-vous, les salles sont combles d\u00e8s&nbsp;11h&nbsp;comme chaque ann\u00e9e.<\/p>\n\n\n\n<p>Lundi matin, nous avons eu le plaisir d&rsquo;assister \u00e0 la repr\u00e9sentation de \u00ab\u00a0La pleurante des rues de Prague\u00a0\u00bb au th\u00e9\u00e2tre des Vents, dans l&rsquo;apr\u00e8s-midi nous avons pu voir \u00ab\u00a0Au&nbsp;c\u0153ur&nbsp;du temps\u00a0\u00bb et mardi soir \u00e0 \u00ab\u00a0Very&nbsp;MATHS trip\u00a0\u00bb.<\/p>\n\n\n\n<h2 class=\"wp-block-heading\">Seule sur sc\u00e8ne, Claire Ruppli impose sa pr\u00e9sence au Th\u00e9\u00e2tre des Vents<\/h2>\n\n\n\n<p>D&rsquo;apr\u00e8s le roman de Sylvie Germain, Claire Ruppli seule&nbsp;sur&nbsp;sc\u00e8ne et pendant une heure et quart, nous a&nbsp;\u00e9bloui&nbsp;par sa pr\u00e9sence et son jeu d&rsquo;actrice.<\/p>\n\n\n\n<h2 class=\"wp-block-heading\">Au c\u0153ur du temps, voyage \u00e0 travers le temps et les arts<\/h2>\n\n\n\n<p>Les quatre acteurs nous proposent un voyage \u00e0 travers les \u00e9poques, les genres et les disciplines artistiques.&nbsp;Chaque acteur ou actrice jouant plusieurs r\u00f4les apporte de la fra\u00eecheur \u00e0 la pi\u00e8ce et se d\u00e9marque par leur fra\u00eecheur.&nbsp;C&rsquo;est&nbsp;bien volontiers que le spectateur se laisse guider dans ce voyage iconoclaste.<\/p>\n\n\n\n<h2 class=\"wp-block-heading\">Very&nbsp;Maths&nbsp;trips, les maths en s&rsquo;amusant<\/h2>\n\n\n\n<p>Enfin un professeur qui donne envie de revenir \u00e0 ses cours d&rsquo;enfance.\u00a0Au cours du spectacle, Manu\u00a0Houdart\u00a0tout au long fait vivre une symbiose entre lui et le public.\u00a0On se surprend \u00e0 la fin du spectacle, \u00e0 aimer les maths et regretter que nos anciens professeurs ne soient pas de la m\u00eame veine.<\/p>\n\n\n\n<p>Trois spectacles qui donnent envie de revenir l&rsquo;ann\u00e9e prochaine en Avignon.&nbsp;L&rsquo;ann\u00e9e restera un bon cru pour la cit\u00e9 des&nbsp;Papes<\/p>\n<!-- AddThis Advanced Settings generic via filter on the_content --><!-- AddThis Share Buttons generic via filter on the_content -->","protected":false},"excerpt":{"rendered":"<p>Pendant trois semaines, Avignon devient la place incontournable du&nbsp;th\u00e9atre&nbsp;fran\u00e7ais.&nbsp;Le Lyon&nbsp;Bondy&nbsp;Blog en&nbsp;a&nbsp;profit\u00e9&nbsp;pour aller voir trois&nbsp;pi\u00e8ces:&nbsp;La pleurante des rues de Prague,&nbsp;Au&nbsp;c\u0153ur&nbsp;du temps et&nbsp;Very&nbsp;Maths&nbsp;trips.&nbsp;Retour. Ce festival propose \u00e0 &hellip; <!-- AddThis Advanced Settings generic via filter on wp_trim_excerpt --><!-- AddThis Share Buttons generic via filter on wp_trim_excerpt --><\/p>\n","protected":false},"author":33,"featured_media":32698,"comment_status":"open","ping_status":"open","sticky":true,"template":"","format":"standard","meta":{"_FSMCFIC_featured_image_caption":"","_FSMCFIC_featured_image_nocaption":"","_FSMCFIC_featured_image_hide":"","footnotes":""},"categories":[3792],"tags":[28340,1998,112,76],"class_list":["post-32704","post","type-post","status-publish","format-standard","has-post-thumbnail","hentry","category-festival","tag-avignon","tag-festival-davignon","tag-lyon-bondy-blog","tag-theatre"],"yoast_head":"<!-- This site is optimized with the Yoast SEO plugin v22.8 - https:\/\/yoast.com\/wordpress\/plugins\/seo\/ -->\n<title>Festival off\u00a0Avignon:\u00a0Derni\u00e8re\u00a0cuv\u00e9e pour le festival - Lyon Bondy Blog<\/title>\n<meta name=\"robots\" content=\"index, follow, max-snippet:-1, max-image-preview:large, max-video-preview:-1\" \/>\n<link rel=\"canonical\" href=\"https:\/\/lyonbondyblog.fr\/LBB\/festival-off-avignon-derniere-cuvee-pour-le-festival\/\" \/>\n<meta property=\"og:locale\" content=\"fr_FR\" \/>\n<meta property=\"og:type\" content=\"article\" \/>\n<meta property=\"og:title\" content=\"Festival off\u00a0Avignon:\u00a0Derni\u00e8re\u00a0cuv\u00e9e pour le festival - Lyon Bondy Blog\" \/>\n<meta property=\"og:description\" content=\"Pendant trois semaines, Avignon devient la place incontournable du&nbsp;th\u00e9atre&nbsp;fran\u00e7ais.&nbsp;Le Lyon&nbsp;Bondy&nbsp;Blog en&nbsp;a&nbsp;profit\u00e9&nbsp;pour aller voir trois&nbsp;pi\u00e8ces:&nbsp;La pleurante des rues de Prague,&nbsp;Au&nbsp;c\u0153ur&nbsp;du temps et&nbsp;Very&nbsp;Maths&nbsp;trips.&nbsp;Retour. Ce festival propose \u00e0 &hellip;\" \/>\n<meta property=\"og:url\" content=\"https:\/\/lyonbondyblog.fr\/LBB\/festival-off-avignon-derniere-cuvee-pour-le-festival\/\" \/>\n<meta property=\"og:site_name\" content=\"Lyon Bondy Blog\" \/>\n<meta property=\"article:publisher\" content=\"https:\/\/www.facebook.com\/lyonbondyblog\" \/>\n<meta property=\"article:published_time\" content=\"2023-07-31T15:00:00+00:00\" \/>\n<meta property=\"article:modified_time\" content=\"2023-08-01T08:43:23+00:00\" \/>\n<meta property=\"og:image\" content=\"https:\/\/lyonbondyblog.fr\/LBB\/wp-content\/uploads\/2023\/07\/IMG_20230725_152412.jpg\" \/>\n\t<meta property=\"og:image:width\" content=\"480\" \/>\n\t<meta property=\"og:image:height\" content=\"360\" \/>\n\t<meta property=\"og:image:type\" content=\"image\/jpeg\" \/>\n<meta name=\"author\" content=\"Etienne Aazzab\" \/>\n<meta name=\"twitter:card\" content=\"summary_large_image\" \/>\n<meta name=\"twitter:creator\" content=\"@AazzabEtienne\" \/>\n<meta name=\"twitter:site\" content=\"@bondybloglyon\" \/>\n<script type=\"application\/ld+json\" class=\"yoast-schema-graph\">{\"@context\":\"https:\/\/schema.org\",\"@graph\":[{\"@type\":\"Article\",\"@id\":\"https:\/\/lyonbondyblog.fr\/LBB\/festival-off-avignon-derniere-cuvee-pour-le-festival\/#article\",\"isPartOf\":{\"@id\":\"https:\/\/lyonbondyblog.fr\/LBB\/festival-off-avignon-derniere-cuvee-pour-le-festival\/\"},\"author\":{\"name\":\"Etienne Aazzab\",\"@id\":\"https:\/\/lyonbondyblog.fr\/LBB\/#\/schema\/person\/5e9904261c1f613c8e6ea22045b1353d\"},\"headline\":\"Festival off\u00a0Avignon:\u00a0Derni\u00e8re\u00a0cuv\u00e9e pour le festival\",\"datePublished\":\"2023-07-31T15:00:00+00:00\",\"dateModified\":\"2023-08-01T08:43:23+00:00\",\"mainEntityOfPage\":{\"@id\":\"https:\/\/lyonbondyblog.fr\/LBB\/festival-off-avignon-derniere-cuvee-pour-le-festival\/\"},\"wordCount\":378,\"commentCount\":0,\"publisher\":{\"@id\":\"https:\/\/lyonbondyblog.fr\/LBB\/#organization\"},\"image\":{\"@id\":\"https:\/\/lyonbondyblog.fr\/LBB\/festival-off-avignon-derniere-cuvee-pour-le-festival\/#primaryimage\"},\"thumbnailUrl\":\"https:\/\/lyonbondyblog.fr\/LBB\/wp-content\/uploads\/2023\/07\/IMG_20230725_152412.jpg\",\"keywords\":[\"avignon\",\"Festival d'Avignon\",\"Lyon Bondy Blog\",\"theatre\"],\"articleSection\":[\"Festival\"],\"inLanguage\":\"fr-FR\",\"potentialAction\":[{\"@type\":\"CommentAction\",\"name\":\"Comment\",\"target\":[\"https:\/\/lyonbondyblog.fr\/LBB\/festival-off-avignon-derniere-cuvee-pour-le-festival\/#respond\"]}]},{\"@type\":\"WebPage\",\"@id\":\"https:\/\/lyonbondyblog.fr\/LBB\/festival-off-avignon-derniere-cuvee-pour-le-festival\/\",\"url\":\"https:\/\/lyonbondyblog.fr\/LBB\/festival-off-avignon-derniere-cuvee-pour-le-festival\/\",\"name\":\"Festival off\u00a0Avignon:\u00a0Derni\u00e8re\u00a0cuv\u00e9e pour le festival - Lyon Bondy Blog\",\"isPartOf\":{\"@id\":\"https:\/\/lyonbondyblog.fr\/LBB\/#website\"},\"primaryImageOfPage\":{\"@id\":\"https:\/\/lyonbondyblog.fr\/LBB\/festival-off-avignon-derniere-cuvee-pour-le-festival\/#primaryimage\"},\"image\":{\"@id\":\"https:\/\/lyonbondyblog.fr\/LBB\/festival-off-avignon-derniere-cuvee-pour-le-festival\/#primaryimage\"},\"thumbnailUrl\":\"https:\/\/lyonbondyblog.fr\/LBB\/wp-content\/uploads\/2023\/07\/IMG_20230725_152412.jpg\",\"datePublished\":\"2023-07-31T15:00:00+00:00\",\"dateModified\":\"2023-08-01T08:43:23+00:00\",\"inLanguage\":\"fr-FR\",\"potentialAction\":[{\"@type\":\"ReadAction\",\"target\":[\"https:\/\/lyonbondyblog.fr\/LBB\/festival-off-avignon-derniere-cuvee-pour-le-festival\/\"]}]},{\"@type\":\"ImageObject\",\"inLanguage\":\"fr-FR\",\"@id\":\"https:\/\/lyonbondyblog.fr\/LBB\/festival-off-avignon-derniere-cuvee-pour-le-festival\/#primaryimage\",\"url\":\"https:\/\/lyonbondyblog.fr\/LBB\/wp-content\/uploads\/2023\/07\/IMG_20230725_152412.jpg\",\"contentUrl\":\"https:\/\/lyonbondyblog.fr\/LBB\/wp-content\/uploads\/2023\/07\/IMG_20230725_152412.jpg\",\"width\":480,\"height\":360},{\"@type\":\"WebSite\",\"@id\":\"https:\/\/lyonbondyblog.fr\/LBB\/#website\",\"url\":\"https:\/\/lyonbondyblog.fr\/LBB\/\",\"name\":\"Lyon Bondy Blog\",\"description\":\"\",\"publisher\":{\"@id\":\"https:\/\/lyonbondyblog.fr\/LBB\/#organization\"},\"potentialAction\":[{\"@type\":\"SearchAction\",\"target\":{\"@type\":\"EntryPoint\",\"urlTemplate\":\"https:\/\/lyonbondyblog.fr\/LBB\/?s={search_term_string}\"},\"query-input\":\"required name=search_term_string\"}],\"inLanguage\":\"fr-FR\"},{\"@type\":\"Organization\",\"@id\":\"https:\/\/lyonbondyblog.fr\/LBB\/#organization\",\"name\":\"LYON BONDY BLOG\",\"url\":\"https:\/\/lyonbondyblog.fr\/LBB\/\",\"logo\":{\"@type\":\"ImageObject\",\"inLanguage\":\"fr-FR\",\"@id\":\"https:\/\/lyonbondyblog.fr\/LBB\/#\/schema\/logo\/image\/\",\"url\":\"http:\/\/lyonbondyblog.fr\/LBB\/wp-content\/uploads\/2014\/10\/logo-portable-144.png\",\"contentUrl\":\"http:\/\/lyonbondyblog.fr\/LBB\/wp-content\/uploads\/2014\/10\/logo-portable-144.png\",\"width\":144,\"height\":123,\"caption\":\"LYON BONDY BLOG\"},\"image\":{\"@id\":\"https:\/\/lyonbondyblog.fr\/LBB\/#\/schema\/logo\/image\/\"},\"sameAs\":[\"https:\/\/www.facebook.com\/lyonbondyblog\",\"https:\/\/x.com\/bondybloglyon\"]},{\"@type\":\"Person\",\"@id\":\"https:\/\/lyonbondyblog.fr\/LBB\/#\/schema\/person\/5e9904261c1f613c8e6ea22045b1353d\",\"name\":\"Etienne Aazzab\",\"description\":\"Etienne a contribu\u00e9 depuis 2 ans dans le journal satirique FOUTOU\u2019ART. Il a int\u00e9gr\u00e9 l\u2019\u00e9quipe du \u00ab clic 2014 \u00bb : Collectif local d\u2019informations citoyennes \u00e0 partir de novembre 2013. Il rejoint le Lyon Bondy Blog \u00e0 partir de janvier 2014. Twitter : @AazzabEtienne Ses sujets de pr\u00e9dilection : #Politique #Soci\u00e9t\u00e9 #Sport\",\"sameAs\":[\"https:\/\/x.com\/AazzabEtienne\"],\"url\":\"https:\/\/lyonbondyblog.fr\/LBB\/author\/etienne\/\"}]}<\/script>\n<!-- \/ Yoast SEO plugin. -->","yoast_head_json":{"title":"Festival off\u00a0Avignon:\u00a0Derni\u00e8re\u00a0cuv\u00e9e pour le festival - Lyon Bondy Blog","robots":{"index":"index","follow":"follow","max-snippet":"max-snippet:-1","max-image-preview":"max-image-preview:large","max-video-preview":"max-video-preview:-1"},"canonical":"https:\/\/lyonbondyblog.fr\/LBB\/festival-off-avignon-derniere-cuvee-pour-le-festival\/","og_locale":"fr_FR","og_type":"article","og_title":"Festival off\u00a0Avignon:\u00a0Derni\u00e8re\u00a0cuv\u00e9e pour le festival - Lyon Bondy Blog","og_description":"Pendant trois semaines, Avignon devient la place incontournable du&nbsp;th\u00e9atre&nbsp;fran\u00e7ais.&nbsp;Le Lyon&nbsp;Bondy&nbsp;Blog en&nbsp;a&nbsp;profit\u00e9&nbsp;pour aller voir trois&nbsp;pi\u00e8ces:&nbsp;La pleurante des rues de Prague,&nbsp;Au&nbsp;c\u0153ur&nbsp;du temps et&nbsp;Very&nbsp;Maths&nbsp;trips.&nbsp;Retour. Ce festival propose \u00e0 &hellip;","og_url":"https:\/\/lyonbondyblog.fr\/LBB\/festival-off-avignon-derniere-cuvee-pour-le-festival\/","og_site_name":"Lyon Bondy Blog","article_publisher":"https:\/\/www.facebook.com\/lyonbondyblog","article_published_time":"2023-07-31T15:00:00+00:00","article_modified_time":"2023-08-01T08:43:23+00:00","og_image":[{"width":480,"height":360,"url":"https:\/\/lyonbondyblog.fr\/LBB\/wp-content\/uploads\/2023\/07\/IMG_20230725_152412.jpg","type":"image\/jpeg"}],"author":"Etienne Aazzab","twitter_card":"summary_large_image","twitter_creator":"@AazzabEtienne","twitter_site":"@bondybloglyon","schema":{"@context":"https:\/\/schema.org","@graph":[{"@type":"Article","@id":"https:\/\/lyonbondyblog.fr\/LBB\/festival-off-avignon-derniere-cuvee-pour-le-festival\/#article","isPartOf":{"@id":"https:\/\/lyonbondyblog.fr\/LBB\/festival-off-avignon-derniere-cuvee-pour-le-festival\/"},"author":{"name":"Etienne Aazzab","@id":"https:\/\/lyonbondyblog.fr\/LBB\/#\/schema\/person\/5e9904261c1f613c8e6ea22045b1353d"},"headline":"Festival off\u00a0Avignon:\u00a0Derni\u00e8re\u00a0cuv\u00e9e pour le festival","datePublished":"2023-07-31T15:00:00+00:00","dateModified":"2023-08-01T08:43:23+00:00","mainEntityOfPage":{"@id":"https:\/\/lyonbondyblog.fr\/LBB\/festival-off-avignon-derniere-cuvee-pour-le-festival\/"},"wordCount":378,"commentCount":0,"publisher":{"@id":"https:\/\/lyonbondyblog.fr\/LBB\/#organization"},"image":{"@id":"https:\/\/lyonbondyblog.fr\/LBB\/festival-off-avignon-derniere-cuvee-pour-le-festival\/#primaryimage"},"thumbnailUrl":"https:\/\/lyonbondyblog.fr\/LBB\/wp-content\/uploads\/2023\/07\/IMG_20230725_152412.jpg","keywords":["avignon","Festival d'Avignon","Lyon Bondy Blog","theatre"],"articleSection":["Festival"],"inLanguage":"fr-FR","potentialAction":[{"@type":"CommentAction","name":"Comment","target":["https:\/\/lyonbondyblog.fr\/LBB\/festival-off-avignon-derniere-cuvee-pour-le-festival\/#respond"]}]},{"@type":"WebPage","@id":"https:\/\/lyonbondyblog.fr\/LBB\/festival-off-avignon-derniere-cuvee-pour-le-festival\/","url":"https:\/\/lyonbondyblog.fr\/LBB\/festival-off-avignon-derniere-cuvee-pour-le-festival\/","name":"Festival off\u00a0Avignon:\u00a0Derni\u00e8re\u00a0cuv\u00e9e pour le festival - Lyon Bondy Blog","isPartOf":{"@id":"https:\/\/lyonbondyblog.fr\/LBB\/#website"},"primaryImageOfPage":{"@id":"https:\/\/lyonbondyblog.fr\/LBB\/festival-off-avignon-derniere-cuvee-pour-le-festival\/#primaryimage"},"image":{"@id":"https:\/\/lyonbondyblog.fr\/LBB\/festival-off-avignon-derniere-cuvee-pour-le-festival\/#primaryimage"},"thumbnailUrl":"https:\/\/lyonbondyblog.fr\/LBB\/wp-content\/uploads\/2023\/07\/IMG_20230725_152412.jpg","datePublished":"2023-07-31T15:00:00+00:00","dateModified":"2023-08-01T08:43:23+00:00","inLanguage":"fr-FR","potentialAction":[{"@type":"ReadAction","target":["https:\/\/lyonbondyblog.fr\/LBB\/festival-off-avignon-derniere-cuvee-pour-le-festival\/"]}]},{"@type":"ImageObject","inLanguage":"fr-FR","@id":"https:\/\/lyonbondyblog.fr\/LBB\/festival-off-avignon-derniere-cuvee-pour-le-festival\/#primaryimage","url":"https:\/\/lyonbondyblog.fr\/LBB\/wp-content\/uploads\/2023\/07\/IMG_20230725_152412.jpg","contentUrl":"https:\/\/lyonbondyblog.fr\/LBB\/wp-content\/uploads\/2023\/07\/IMG_20230725_152412.jpg","width":480,"height":360},{"@type":"WebSite","@id":"https:\/\/lyonbondyblog.fr\/LBB\/#website","url":"https:\/\/lyonbondyblog.fr\/LBB\/","name":"Lyon Bondy Blog","description":"","publisher":{"@id":"https:\/\/lyonbondyblog.fr\/LBB\/#organization"},"potentialAction":[{"@type":"SearchAction","target":{"@type":"EntryPoint","urlTemplate":"https:\/\/lyonbondyblog.fr\/LBB\/?s={search_term_string}"},"query-input":"required name=search_term_string"}],"inLanguage":"fr-FR"},{"@type":"Organization","@id":"https:\/\/lyonbondyblog.fr\/LBB\/#organization","name":"LYON BONDY BLOG","url":"https:\/\/lyonbondyblog.fr\/LBB\/","logo":{"@type":"ImageObject","inLanguage":"fr-FR","@id":"https:\/\/lyonbondyblog.fr\/LBB\/#\/schema\/logo\/image\/","url":"http:\/\/lyonbondyblog.fr\/LBB\/wp-content\/uploads\/2014\/10\/logo-portable-144.png","contentUrl":"http:\/\/lyonbondyblog.fr\/LBB\/wp-content\/uploads\/2014\/10\/logo-portable-144.png","width":144,"height":123,"caption":"LYON BONDY BLOG"},"image":{"@id":"https:\/\/lyonbondyblog.fr\/LBB\/#\/schema\/logo\/image\/"},"sameAs":["https:\/\/www.facebook.com\/lyonbondyblog","https:\/\/x.com\/bondybloglyon"]},{"@type":"Person","@id":"https:\/\/lyonbondyblog.fr\/LBB\/#\/schema\/person\/5e9904261c1f613c8e6ea22045b1353d","name":"Etienne Aazzab","description":"Etienne a contribu\u00e9 depuis 2 ans dans le journal satirique FOUTOU\u2019ART. Il a int\u00e9gr\u00e9 l\u2019\u00e9quipe du \u00ab clic 2014 \u00bb : Collectif local d\u2019informations citoyennes \u00e0 partir de novembre 2013. Il rejoint le Lyon Bondy Blog \u00e0 partir de janvier 2014. Twitter : @AazzabEtienne Ses sujets de pr\u00e9dilection : #Politique #Soci\u00e9t\u00e9 #Sport","sameAs":["https:\/\/x.com\/AazzabEtienne"],"url":"https:\/\/lyonbondyblog.fr\/LBB\/author\/etienne\/"}]}},"_links":{"self":[{"href":"https:\/\/lyonbondyblog.fr\/LBB\/wp-json\/wp\/v2\/posts\/32704","targetHints":{"allow":["GET"]}}],"collection":[{"href":"https:\/\/lyonbondyblog.fr\/LBB\/wp-json\/wp\/v2\/posts"}],"about":[{"href":"https:\/\/lyonbondyblog.fr\/LBB\/wp-json\/wp\/v2\/types\/post"}],"author":[{"embeddable":true,"href":"https:\/\/lyonbondyblog.fr\/LBB\/wp-json\/wp\/v2\/users\/33"}],"replies":[{"embeddable":true,"href":"https:\/\/lyonbondyblog.fr\/LBB\/wp-json\/wp\/v2\/comments?post=32704"}],"version-history":[{"count":2,"href":"https:\/\/lyonbondyblog.fr\/LBB\/wp-json\/wp\/v2\/posts\/32704\/revisions"}],"predecessor-version":[{"id":32706,"href":"https:\/\/lyonbondyblog.fr\/LBB\/wp-json\/wp\/v2\/posts\/32704\/revisions\/32706"}],"wp:featuredmedia":[{"embeddable":true,"href":"https:\/\/lyonbondyblog.fr\/LBB\/wp-json\/wp\/v2\/media\/32698"}],"wp:attachment":[{"href":"https:\/\/lyonbondyblog.fr\/LBB\/wp-json\/wp\/v2\/media?parent=32704"}],"wp:term":[{"taxonomy":"category","embeddable":true,"href":"https:\/\/lyonbondyblog.fr\/LBB\/wp-json\/wp\/v2\/categories?post=32704"},{"taxonomy":"post_tag","embeddable":true,"href":"https:\/\/lyonbondyblog.fr\/LBB\/wp-json\/wp\/v2\/tags?post=32704"}],"curies":[{"name":"wp","href":"https:\/\/api.w.org\/{rel}","templated":true}]}}