{"id":3269,"date":"2009-11-09T12:42:09","date_gmt":"2009-11-09T11:42:09","guid":{"rendered":"http:\/\/lyonbondyblog.fr\/LBB\/?p=3269"},"modified":"2013-08-02T12:45:55","modified_gmt":"2013-08-02T10:45:55","slug":"la-marche-de-gaza-sorganise-aux-quatre-coins-du-monde","status":"publish","type":"post","link":"https:\/\/lyonbondyblog.fr\/LBB\/la-marche-de-gaza-sorganise-aux-quatre-coins-du-monde\/","title":{"rendered":"La marche de Gaza s&rsquo;organise aux quatre coins du monde"},"content":{"rendered":"<p><strong>Des marcheurs du monde entier vont tenter de passer \u00e0 Gaza pour apporter leur soutien \u00e0 la population sur place. Pr\u00e9lude de cette \u00ab\u00a0Gaza freedom march\u00a0\u00bb.<\/strong><\/p>\n<div><a title=\" -- Cliquez pour voir l'image en entier\" href=\"http:\/\/yahoo.lyon.bondyblog.fr\/images\/gaza027.jpg\" target=\"_blank\"> <img loading=\"lazy\" decoding=\"async\" class=\"alignleft\" style=\"border: 0px none;\" alt=\" -- Cliquez pour voir l'image en entier\" src=\"http:\/\/yahoo.lyon.bondyblog.fr\/images\/gaza027_t.jpg\" width=\"194\" height=\"141\" border=\"0\" \/> <\/a><\/div>\n<div>\u00a0Cela fera bient\u00f4t un an que la bande de Gaza a \u00e9t\u00e9 bombarb\u00e9e par l&rsquo;arm\u00e9e israelienne, avec l&rsquo;op\u00e9ration\u00a0Plomb Durci (d\u00e9cembre 2008-janvier 2009). De nombreux d\u00e9gats humains et mat\u00e9riels venus s&rsquo;ajouter au blocus que connaissait d\u00e9j\u00e0 le territoire.\u00a0Depuis lors, et malgr\u00e9 les besoins \u00e9normes pour la reconstruction mais aussi les besoins humanitaires en eau, aliment, carburant, \u00e9lectricit\u00e9, les restrictions isra\u00e9liennes sont de plus en plus dures et emp\u00eachent les organisations humanitaires d\u2019effectuer correctement leur travail. Malgr\u00e9 le cri d\u2019alarme de nombreuses ONG et autres organisations internationales, Isra\u00ebl et l\u2019Egypte refusent d\u2018all\u00e9ger le blocus ou de recevoir des bless\u00e9s ou des malades pour \u00eatre hospitalis\u00e9s dans des conditions normales.<\/div>\n<p>C\u2019est pourquoi une marche internationale, la \u00ab\u00a0Gaza Freedom March\u00a0\u00bb, se pr\u00e9pare depuis cet \u00e9t\u00e9, \u00e0 l\u2019appel d\u2019associations am\u00e9ricaines de d\u00e9fense des droits de l\u2019homme. Des associations fran\u00e7aises, am\u00e9ricaines, canadiennes, japonaises, philippines, belges, britanniques ou encore scandinaves ont r\u00e9pondu \u00e0 cet appel.<\/p>\n<p>En France, EuroPalestine, qui existe depuis huit ans, s\u2019engage dans le projet. L\u2019association attendait une centaine de personnes, mais ce sont pr\u00e8s de deux cents cinquante personnes qui les ont rejoints, dont trente Lyonnais.\u00a0\u00ab\u00a0<i>Nous ne sommes pas aussi impuissants qu\u2019on<\/i><em> <\/em><i>veut nous le faire croire. Chacun a la possibilit\u00e9, \u00e0 tous les niveaux, d\u2019agir face \u00e0 l\u2019urgence de la crise humanitaire qui se d\u00e9roule sous nos yeux<\/i>\u00a0\u00a0\u00bb raconte Lila Mami, membre d\u2019EuroPalestine.<\/p>\n<p>Le groupe de Lyonnais doit partir le 26 d\u00e9cembre pour rejoindre le Caire en avion. Le 27 au soir, (date anniversaire du d\u00e9but des bombardements) les marcheurs relieront le Caire\/Rafah en car. L\u2019enjeu, alors, est de passer la fronti\u00e8re de Rafah\u00a0\u00a0pour rejoindre Gaza qui se trouve de l\u2019autre c\u00f4t\u00e9.\u00a0\u00a0\u00ab\u00a0<i>Fermer les yeux c\u2019est \u00eatre complice des massacres et de l\u2019injustice subie. En tant que citoyen, en tant qu\u2019\u00eatre humain, notre devoir est d\u2019agir en dehors de toute consid\u00e9ration politique ou religieuse, mais tout simplement humaine\u00a0\u00bb <\/i>\u00a0indique Loubna Amar, membre d\u2019EuroPalestine.<\/p>\n<p>Au niveau local, le collectif villeurbannais CLAP (Citoyennet\u00e9 locale d\u2019action plurielle) s\u2019investit \u00e9galement dans la marche. CLAP asso\u00a0 organise une soir\u00e9e d\u00e9bat le 5 d\u00e9cembre au LCR Jacques Monod \u00e0 18h30.\u00a0Le conflit isra\u00e9lo-palestinien sera abord\u00e9 \u00e0 travers le livre de Liana Levi \u00ab\u00a0L\u2019histoire de l\u2019autre\u00a0\u00bb. Les marches de Gandhi et Martin Luther King seront \u00e9voqu\u00e9es par Toumi Djaidja, l\u2019un des initiateurs de la Marche pour l\u2019\u00e9galit\u00e9 et contre le racisme de 1983. Enfin la Gaza Freedom March sera pr\u00e9sent\u00e9e avec une possibilit\u00e9 de faire des dons (argent, m\u00e9dicaments, produits d\u2019hygi\u00e8ne\u2026) qui seront remis aux Gazaouis si le blocus est forc\u00e9.<\/p>\n<p><b>La bande de Gaza\u00a0: un pass\u00e9 charg\u00e9<\/b><\/p>\n<p>Depuis juin 2007, la Bande de Gaza subit un blocus de la part des autorit\u00e9s isra\u00e9liennes et \u00e9gyptiennes. Petit territoire de 362 km\u00b2 sur lequel vivent 1,5 millions de palestiniens condamn\u00e9s \u00e0 rester entre la mer et la barri\u00e8re isra\u00e9lienne, la bande de Gaza apr\u00e8s avoir \u00e9t\u00e9 occup\u00e9e et colonis\u00e9e de 1967 \u00e0 2005 est depuis retourn\u00e9e \u00e0 l\u2019Autorit\u00e9 Palestinienne bien que celle-ci n\u2019aie aucun contr\u00f4le de ses fronti\u00e8res terrestres, maritimes et a\u00e9riennes. Avec l\u2019\u00e9lection du Hamas en janvier 2006, la communaut\u00e9 internationale d\u00e9cide le boycott de ces r\u00e9sultats et met en place certaines restrictions pour forcer le parti islamique \u00e0 adopter une position plus \u00ab\u00a0souple\u00a0\u00bb vis-vis-\u00e0-vis d\u2019Isra\u00ebl jusqu\u2019\u00e0 la mise en place du blocus en juin 2007.<\/p>\n<p><span style=\"text-decoration: underline;\">\u00a0Auteurs : Maeva Breau et Rafika Bendermel<\/span><\/p>\n<p>&nbsp;<\/p>\n<p><b><span style=\"text-decoration: underline;\">+ d&rsquo;infos :<\/span> <\/b><\/p>\n<p>R\u00e9servation des places pour la conf\u00e9rence .\u00a0Par sms au 06 12 29 09 46 .\u00a0Par mail contact@marche-egalit\u00e9.com<\/p>\n<p>LCR Jacques Monod<br \/>\n42 rue F\u00e92d\u00e9ric et Ir\u00e8ne Joliot-Curie (m\u00e9tro Cusset)<br \/>\n69100 Villeurbanne<br \/>\nwww.europalestine.com<\/p>\n<p><span style=\"text-decoration: underline;\">\u00a0<\/span><\/p>\n<!-- AddThis Advanced Settings generic via filter on the_content --><!-- AddThis Share Buttons generic via filter on the_content -->","protected":false},"excerpt":{"rendered":"<p>Des marcheurs du monde entier vont tenter de passer \u00e0 Gaza pour apporter leur soutien \u00e0 la population sur place. Pr\u00e9lude de cette \u00ab\u00a0Gaza freedom &hellip; <!-- AddThis Advanced Settings generic via filter on wp_trim_excerpt --><!-- AddThis Share Buttons generic via filter on wp_trim_excerpt --><\/p>\n","protected":false},"author":1,"featured_media":3274,"comment_status":"open","ping_status":"open","sticky":false,"template":"","format":"standard","meta":{"_FSMCFIC_featured_image_caption":"","_FSMCFIC_featured_image_nocaption":"","_FSMCFIC_featured_image_hide":"","footnotes":""},"categories":[9],"tags":[705,135,112],"class_list":["post-3269","post","type-post","status-publish","format-standard","has-post-thumbnail","hentry","category-international","tag-gaza","tag-lbb","tag-lyon-bondy-blog"],"yoast_head":"<!-- This site is optimized with the Yoast SEO plugin v22.8 - https:\/\/yoast.com\/wordpress\/plugins\/seo\/ -->\n<title>La marche de Gaza s&#039;organise aux quatre coins du monde - Lyon Bondy Blog<\/title>\n<meta name=\"robots\" content=\"index, follow, max-snippet:-1, max-image-preview:large, max-video-preview:-1\" \/>\n<link rel=\"canonical\" href=\"https:\/\/lyonbondyblog.fr\/LBB\/la-marche-de-gaza-sorganise-aux-quatre-coins-du-monde\/\" \/>\n<meta property=\"og:locale\" content=\"fr_FR\" \/>\n<meta property=\"og:type\" content=\"article\" \/>\n<meta property=\"og:title\" content=\"La marche de Gaza s&#039;organise aux quatre coins du monde - Lyon Bondy Blog\" \/>\n<meta property=\"og:description\" content=\"Des marcheurs du monde entier vont tenter de passer \u00e0 Gaza pour apporter leur soutien \u00e0 la population sur place. Pr\u00e9lude de cette \u00ab\u00a0Gaza freedom &hellip;\" \/>\n<meta property=\"og:url\" content=\"https:\/\/lyonbondyblog.fr\/LBB\/la-marche-de-gaza-sorganise-aux-quatre-coins-du-monde\/\" \/>\n<meta property=\"og:site_name\" content=\"Lyon Bondy Blog\" \/>\n<meta property=\"article:publisher\" content=\"https:\/\/www.facebook.com\/lyonbondyblog\" \/>\n<meta property=\"article:author\" content=\"https:\/\/www.facebook.com\/lyonbondyblog\" \/>\n<meta property=\"article:published_time\" content=\"2009-11-09T11:42:09+00:00\" \/>\n<meta property=\"article:modified_time\" content=\"2013-08-02T10:45:55+00:00\" \/>\n<meta property=\"og:image\" content=\"https:\/\/lyonbondyblog.fr\/LBB\/wp-content\/uploads\/2013\/08\/gaza027_t.jpg\" \/>\n\t<meta property=\"og:image:width\" content=\"194\" \/>\n\t<meta property=\"og:image:height\" content=\"141\" \/>\n\t<meta property=\"og:image:type\" content=\"image\/jpeg\" \/>\n<meta name=\"author\" content=\"La r\u00e9daction\" \/>\n<meta name=\"twitter:card\" content=\"summary_large_image\" \/>\n<meta name=\"twitter:creator\" content=\"@BondyBlogLyon\" \/>\n<meta name=\"twitter:site\" content=\"@bondybloglyon\" \/>\n<script type=\"application\/ld+json\" class=\"yoast-schema-graph\">{\"@context\":\"https:\/\/schema.org\",\"@graph\":[{\"@type\":\"Article\",\"@id\":\"https:\/\/lyonbondyblog.fr\/LBB\/la-marche-de-gaza-sorganise-aux-quatre-coins-du-monde\/#article\",\"isPartOf\":{\"@id\":\"https:\/\/lyonbondyblog.fr\/LBB\/la-marche-de-gaza-sorganise-aux-quatre-coins-du-monde\/\"},\"author\":{\"name\":\"La r\u00e9daction\",\"@id\":\"https:\/\/lyonbondyblog.fr\/LBB\/#\/schema\/person\/e45f8d27baac75072daa0be50c409b25\"},\"headline\":\"La marche de Gaza s&rsquo;organise aux quatre coins du monde\",\"datePublished\":\"2009-11-09T11:42:09+00:00\",\"dateModified\":\"2013-08-02T10:45:55+00:00\",\"mainEntityOfPage\":{\"@id\":\"https:\/\/lyonbondyblog.fr\/LBB\/la-marche-de-gaza-sorganise-aux-quatre-coins-du-monde\/\"},\"wordCount\":680,\"commentCount\":0,\"publisher\":{\"@id\":\"https:\/\/lyonbondyblog.fr\/LBB\/#organization\"},\"image\":{\"@id\":\"https:\/\/lyonbondyblog.fr\/LBB\/la-marche-de-gaza-sorganise-aux-quatre-coins-du-monde\/#primaryimage\"},\"thumbnailUrl\":\"https:\/\/lyonbondyblog.fr\/LBB\/wp-content\/uploads\/2013\/08\/gaza027_t.jpg\",\"keywords\":[\"Gaza\",\"LBB\",\"Lyon Bondy Blog\"],\"articleSection\":[\"International\"],\"inLanguage\":\"fr-FR\",\"potentialAction\":[{\"@type\":\"CommentAction\",\"name\":\"Comment\",\"target\":[\"https:\/\/lyonbondyblog.fr\/LBB\/la-marche-de-gaza-sorganise-aux-quatre-coins-du-monde\/#respond\"]}]},{\"@type\":\"WebPage\",\"@id\":\"https:\/\/lyonbondyblog.fr\/LBB\/la-marche-de-gaza-sorganise-aux-quatre-coins-du-monde\/\",\"url\":\"https:\/\/lyonbondyblog.fr\/LBB\/la-marche-de-gaza-sorganise-aux-quatre-coins-du-monde\/\",\"name\":\"La marche de Gaza s'organise aux quatre coins du monde - Lyon Bondy Blog\",\"isPartOf\":{\"@id\":\"https:\/\/lyonbondyblog.fr\/LBB\/#website\"},\"primaryImageOfPage\":{\"@id\":\"https:\/\/lyonbondyblog.fr\/LBB\/la-marche-de-gaza-sorganise-aux-quatre-coins-du-monde\/#primaryimage\"},\"image\":{\"@id\":\"https:\/\/lyonbondyblog.fr\/LBB\/la-marche-de-gaza-sorganise-aux-quatre-coins-du-monde\/#primaryimage\"},\"thumbnailUrl\":\"https:\/\/lyonbondyblog.fr\/LBB\/wp-content\/uploads\/2013\/08\/gaza027_t.jpg\",\"datePublished\":\"2009-11-09T11:42:09+00:00\",\"dateModified\":\"2013-08-02T10:45:55+00:00\",\"inLanguage\":\"fr-FR\",\"potentialAction\":[{\"@type\":\"ReadAction\",\"target\":[\"https:\/\/lyonbondyblog.fr\/LBB\/la-marche-de-gaza-sorganise-aux-quatre-coins-du-monde\/\"]}]},{\"@type\":\"ImageObject\",\"inLanguage\":\"fr-FR\",\"@id\":\"https:\/\/lyonbondyblog.fr\/LBB\/la-marche-de-gaza-sorganise-aux-quatre-coins-du-monde\/#primaryimage\",\"url\":\"https:\/\/lyonbondyblog.fr\/LBB\/wp-content\/uploads\/2013\/08\/gaza027_t.jpg\",\"contentUrl\":\"https:\/\/lyonbondyblog.fr\/LBB\/wp-content\/uploads\/2013\/08\/gaza027_t.jpg\",\"width\":194,\"height\":141},{\"@type\":\"WebSite\",\"@id\":\"https:\/\/lyonbondyblog.fr\/LBB\/#website\",\"url\":\"https:\/\/lyonbondyblog.fr\/LBB\/\",\"name\":\"Lyon Bondy Blog\",\"description\":\"\",\"publisher\":{\"@id\":\"https:\/\/lyonbondyblog.fr\/LBB\/#organization\"},\"potentialAction\":[{\"@type\":\"SearchAction\",\"target\":{\"@type\":\"EntryPoint\",\"urlTemplate\":\"https:\/\/lyonbondyblog.fr\/LBB\/?s={search_term_string}\"},\"query-input\":\"required name=search_term_string\"}],\"inLanguage\":\"fr-FR\"},{\"@type\":\"Organization\",\"@id\":\"https:\/\/lyonbondyblog.fr\/LBB\/#organization\",\"name\":\"LYON BONDY BLOG\",\"url\":\"https:\/\/lyonbondyblog.fr\/LBB\/\",\"logo\":{\"@type\":\"ImageObject\",\"inLanguage\":\"fr-FR\",\"@id\":\"https:\/\/lyonbondyblog.fr\/LBB\/#\/schema\/logo\/image\/\",\"url\":\"http:\/\/lyonbondyblog.fr\/LBB\/wp-content\/uploads\/2014\/10\/logo-portable-144.png\",\"contentUrl\":\"http:\/\/lyonbondyblog.fr\/LBB\/wp-content\/uploads\/2014\/10\/logo-portable-144.png\",\"width\":144,\"height\":123,\"caption\":\"LYON BONDY BLOG\"},\"image\":{\"@id\":\"https:\/\/lyonbondyblog.fr\/LBB\/#\/schema\/logo\/image\/\"},\"sameAs\":[\"https:\/\/www.facebook.com\/lyonbondyblog\",\"https:\/\/x.com\/bondybloglyon\"]},{\"@type\":\"Person\",\"@id\":\"https:\/\/lyonbondyblog.fr\/LBB\/#\/schema\/person\/e45f8d27baac75072daa0be50c409b25\",\"name\":\"La r\u00e9daction\",\"description\":\"Cr\u00e9e en 2008, la r\u00e9daction du Lyon Bondy Blog s'applique \u00e0 proposer une information locale diff\u00e9rente et compl\u00e9mentaire des m\u00e9dias traditionnels.\",\"sameAs\":[\"https:\/\/www.facebook.com\/lyonbondyblog\",\"https:\/\/x.com\/BondyBlogLyon\"],\"url\":\"https:\/\/lyonbondyblog.fr\/LBB\/author\/admin\/\"}]}<\/script>\n<!-- \/ Yoast SEO plugin. -->","yoast_head_json":{"title":"La marche de Gaza s'organise aux quatre coins du monde - Lyon Bondy Blog","robots":{"index":"index","follow":"follow","max-snippet":"max-snippet:-1","max-image-preview":"max-image-preview:large","max-video-preview":"max-video-preview:-1"},"canonical":"https:\/\/lyonbondyblog.fr\/LBB\/la-marche-de-gaza-sorganise-aux-quatre-coins-du-monde\/","og_locale":"fr_FR","og_type":"article","og_title":"La marche de Gaza s'organise aux quatre coins du monde - Lyon Bondy Blog","og_description":"Des marcheurs du monde entier vont tenter de passer \u00e0 Gaza pour apporter leur soutien \u00e0 la population sur place. Pr\u00e9lude de cette \u00ab\u00a0Gaza freedom &hellip;","og_url":"https:\/\/lyonbondyblog.fr\/LBB\/la-marche-de-gaza-sorganise-aux-quatre-coins-du-monde\/","og_site_name":"Lyon Bondy Blog","article_publisher":"https:\/\/www.facebook.com\/lyonbondyblog","article_author":"https:\/\/www.facebook.com\/lyonbondyblog","article_published_time":"2009-11-09T11:42:09+00:00","article_modified_time":"2013-08-02T10:45:55+00:00","og_image":[{"width":194,"height":141,"url":"https:\/\/lyonbondyblog.fr\/LBB\/wp-content\/uploads\/2013\/08\/gaza027_t.jpg","type":"image\/jpeg"}],"author":"La r\u00e9daction","twitter_card":"summary_large_image","twitter_creator":"@BondyBlogLyon","twitter_site":"@bondybloglyon","schema":{"@context":"https:\/\/schema.org","@graph":[{"@type":"Article","@id":"https:\/\/lyonbondyblog.fr\/LBB\/la-marche-de-gaza-sorganise-aux-quatre-coins-du-monde\/#article","isPartOf":{"@id":"https:\/\/lyonbondyblog.fr\/LBB\/la-marche-de-gaza-sorganise-aux-quatre-coins-du-monde\/"},"author":{"name":"La r\u00e9daction","@id":"https:\/\/lyonbondyblog.fr\/LBB\/#\/schema\/person\/e45f8d27baac75072daa0be50c409b25"},"headline":"La marche de Gaza s&rsquo;organise aux quatre coins du monde","datePublished":"2009-11-09T11:42:09+00:00","dateModified":"2013-08-02T10:45:55+00:00","mainEntityOfPage":{"@id":"https:\/\/lyonbondyblog.fr\/LBB\/la-marche-de-gaza-sorganise-aux-quatre-coins-du-monde\/"},"wordCount":680,"commentCount":0,"publisher":{"@id":"https:\/\/lyonbondyblog.fr\/LBB\/#organization"},"image":{"@id":"https:\/\/lyonbondyblog.fr\/LBB\/la-marche-de-gaza-sorganise-aux-quatre-coins-du-monde\/#primaryimage"},"thumbnailUrl":"https:\/\/lyonbondyblog.fr\/LBB\/wp-content\/uploads\/2013\/08\/gaza027_t.jpg","keywords":["Gaza","LBB","Lyon Bondy Blog"],"articleSection":["International"],"inLanguage":"fr-FR","potentialAction":[{"@type":"CommentAction","name":"Comment","target":["https:\/\/lyonbondyblog.fr\/LBB\/la-marche-de-gaza-sorganise-aux-quatre-coins-du-monde\/#respond"]}]},{"@type":"WebPage","@id":"https:\/\/lyonbondyblog.fr\/LBB\/la-marche-de-gaza-sorganise-aux-quatre-coins-du-monde\/","url":"https:\/\/lyonbondyblog.fr\/LBB\/la-marche-de-gaza-sorganise-aux-quatre-coins-du-monde\/","name":"La marche de Gaza s'organise aux quatre coins du monde - Lyon Bondy Blog","isPartOf":{"@id":"https:\/\/lyonbondyblog.fr\/LBB\/#website"},"primaryImageOfPage":{"@id":"https:\/\/lyonbondyblog.fr\/LBB\/la-marche-de-gaza-sorganise-aux-quatre-coins-du-monde\/#primaryimage"},"image":{"@id":"https:\/\/lyonbondyblog.fr\/LBB\/la-marche-de-gaza-sorganise-aux-quatre-coins-du-monde\/#primaryimage"},"thumbnailUrl":"https:\/\/lyonbondyblog.fr\/LBB\/wp-content\/uploads\/2013\/08\/gaza027_t.jpg","datePublished":"2009-11-09T11:42:09+00:00","dateModified":"2013-08-02T10:45:55+00:00","inLanguage":"fr-FR","potentialAction":[{"@type":"ReadAction","target":["https:\/\/lyonbondyblog.fr\/LBB\/la-marche-de-gaza-sorganise-aux-quatre-coins-du-monde\/"]}]},{"@type":"ImageObject","inLanguage":"fr-FR","@id":"https:\/\/lyonbondyblog.fr\/LBB\/la-marche-de-gaza-sorganise-aux-quatre-coins-du-monde\/#primaryimage","url":"https:\/\/lyonbondyblog.fr\/LBB\/wp-content\/uploads\/2013\/08\/gaza027_t.jpg","contentUrl":"https:\/\/lyonbondyblog.fr\/LBB\/wp-content\/uploads\/2013\/08\/gaza027_t.jpg","width":194,"height":141},{"@type":"WebSite","@id":"https:\/\/lyonbondyblog.fr\/LBB\/#website","url":"https:\/\/lyonbondyblog.fr\/LBB\/","name":"Lyon Bondy Blog","description":"","publisher":{"@id":"https:\/\/lyonbondyblog.fr\/LBB\/#organization"},"potentialAction":[{"@type":"SearchAction","target":{"@type":"EntryPoint","urlTemplate":"https:\/\/lyonbondyblog.fr\/LBB\/?s={search_term_string}"},"query-input":"required name=search_term_string"}],"inLanguage":"fr-FR"},{"@type":"Organization","@id":"https:\/\/lyonbondyblog.fr\/LBB\/#organization","name":"LYON BONDY BLOG","url":"https:\/\/lyonbondyblog.fr\/LBB\/","logo":{"@type":"ImageObject","inLanguage":"fr-FR","@id":"https:\/\/lyonbondyblog.fr\/LBB\/#\/schema\/logo\/image\/","url":"http:\/\/lyonbondyblog.fr\/LBB\/wp-content\/uploads\/2014\/10\/logo-portable-144.png","contentUrl":"http:\/\/lyonbondyblog.fr\/LBB\/wp-content\/uploads\/2014\/10\/logo-portable-144.png","width":144,"height":123,"caption":"LYON BONDY BLOG"},"image":{"@id":"https:\/\/lyonbondyblog.fr\/LBB\/#\/schema\/logo\/image\/"},"sameAs":["https:\/\/www.facebook.com\/lyonbondyblog","https:\/\/x.com\/bondybloglyon"]},{"@type":"Person","@id":"https:\/\/lyonbondyblog.fr\/LBB\/#\/schema\/person\/e45f8d27baac75072daa0be50c409b25","name":"La r\u00e9daction","description":"Cr\u00e9e en 2008, la r\u00e9daction du Lyon Bondy Blog s'applique \u00e0 proposer une information locale diff\u00e9rente et compl\u00e9mentaire des m\u00e9dias traditionnels.","sameAs":["https:\/\/www.facebook.com\/lyonbondyblog","https:\/\/x.com\/BondyBlogLyon"],"url":"https:\/\/lyonbondyblog.fr\/LBB\/author\/admin\/"}]}},"_links":{"self":[{"href":"https:\/\/lyonbondyblog.fr\/LBB\/wp-json\/wp\/v2\/posts\/3269","targetHints":{"allow":["GET"]}}],"collection":[{"href":"https:\/\/lyonbondyblog.fr\/LBB\/wp-json\/wp\/v2\/posts"}],"about":[{"href":"https:\/\/lyonbondyblog.fr\/LBB\/wp-json\/wp\/v2\/types\/post"}],"author":[{"embeddable":true,"href":"https:\/\/lyonbondyblog.fr\/LBB\/wp-json\/wp\/v2\/users\/1"}],"replies":[{"embeddable":true,"href":"https:\/\/lyonbondyblog.fr\/LBB\/wp-json\/wp\/v2\/comments?post=3269"}],"version-history":[{"count":0,"href":"https:\/\/lyonbondyblog.fr\/LBB\/wp-json\/wp\/v2\/posts\/3269\/revisions"}],"wp:featuredmedia":[{"embeddable":true,"href":"https:\/\/lyonbondyblog.fr\/LBB\/wp-json\/wp\/v2\/media\/3274"}],"wp:attachment":[{"href":"https:\/\/lyonbondyblog.fr\/LBB\/wp-json\/wp\/v2\/media?parent=3269"}],"wp:term":[{"taxonomy":"category","embeddable":true,"href":"https:\/\/lyonbondyblog.fr\/LBB\/wp-json\/wp\/v2\/categories?post=3269"},{"taxonomy":"post_tag","embeddable":true,"href":"https:\/\/lyonbondyblog.fr\/LBB\/wp-json\/wp\/v2\/tags?post=3269"}],"curies":[{"name":"wp","href":"https:\/\/api.w.org\/{rel}","templated":true}]}}