{"id":32668,"date":"2023-07-19T15:10:08","date_gmt":"2023-07-19T13:10:08","guid":{"rendered":"http:\/\/lyonbondyblog.fr\/LBB\/?p=32668"},"modified":"2023-07-19T15:10:11","modified_gmt":"2023-07-19T13:10:11","slug":"et-si-vous-profitiez-de-vos-vacances-pour-sauver-des-vies","status":"publish","type":"post","link":"https:\/\/lyonbondyblog.fr\/LBB\/et-si-vous-profitiez-de-vos-vacances-pour-sauver-des-vies\/","title":{"rendered":"Et si vous profitiez de vos vacances\u2026 Pour sauver des vies ?"},"content":{"rendered":"\n<p><strong>En cette p\u00e9riode estivale, la fr\u00e9quentation des \u00e9tablissements d\u00e9di\u00e9s au don du sang est, comme chaque ann\u00e9e, en baisse. \u00c0 la <\/strong><a href=\"https:\/\/dondesang.efs.sante.fr\/auvergne-rhone-alpes\/maison-du-don-de-lyon-confluence\" target=\"_blank\" rel=\"noreferrer noopener\"><strong>Maison du don de Lyon Confluence<\/strong><\/a><strong>, qui est ouverte du lundi au vendredi entre 8h et 19h, et les samedis de 9h \u00e0 13h, quelles sont les constatations ? Le Lyon Bondy Blog s\u2019est rendu sur place.<\/strong><\/p>\n\n\n\n<p>En plein juillet, sous un soleil de plomb, les gens se d\u00e9placent pour venir donner leur sang. Assez r\u00e9guli\u00e8rement, les donneurs arrivent et franchissent les portes de la <a href=\"https:\/\/dondesang.efs.sante.fr\/auvergne-rhone-alpes\/maison-du-don-de-lyon-confluence\" target=\"_blank\" rel=\"noreferrer noopener\">Maison du don de Lyon Confluence<\/a>. C\u2019est notamment le cas d\u2019Isabelle et de Manon. La premi\u00e8re estime que ce geste peut \u201c<em>aider les gens \u00e0 mieux vivre<\/em>\u201d, et la seconde ajoute que \u201c<em>\u00e7a ne co\u00fbte rien. Mon corps est en parfaite sant\u00e9, \u00e7a se r\u00e9g\u00e9n\u00e8re tout seul, donc autant donner son sang<\/em>\u201d. Pour Isabelle, c\u2019est d\u00e9j\u00e0 \u201c<em>la troisi\u00e8me fois cette ann\u00e9e<\/em>\u201d qu\u2019elle vient. Manon, de son c\u00f4t\u00e9, est elle aussi une habitu\u00e9e du don de sang : \u201c<em>d\u00e8s que j\u2019ai du temps, je donne. Je viens environ tous les deux mois<\/em>\u201d. Et d\u2019apr\u00e8s les chiffres de St\u00e9phanie Rivi\u00e8re, m\u00e9decin de pr\u00e9l\u00e8vement, \u201c<em>aujourd\u2019hui, on est pas trop mal. \u00c0 15h30, on est d\u00e9j\u00e0 \u00e0 80 personnes<\/em>\u201d. Mais elle le souligne : \u201c<em>on n\u2019est pas encore sur l\u2019heure de grosse affluence, c\u2019est \u00e0 partir de 17h qu\u2019on a notre pic<\/em>\u201d. Et si en cette p\u00e9riode d\u2019\u00e9t\u00e9, ils attendent entre 100 et 120 donneurs par jour, \u201c<em>d\u2019habitude, on en a entre 120 et 180<\/em>\u201d, explique-t-elle.<\/p>\n\n\n\n<figure class=\"wp-block-image size-large\"><img loading=\"lazy\" decoding=\"async\" width=\"1920\" height=\"913\" src=\"https:\/\/lyonbondyblog.fr\/LBB\/wp-content\/uploads\/2023\/07\/20230718_154938-1-1920x913.jpg\" alt=\"\" class=\"wp-image-32670\" srcset=\"https:\/\/lyonbondyblog.fr\/LBB\/wp-content\/uploads\/2023\/07\/20230718_154938-1-1920x913.jpg 1920w, https:\/\/lyonbondyblog.fr\/LBB\/wp-content\/uploads\/2023\/07\/20230718_154938-1-1200x571.jpg 1200w, https:\/\/lyonbondyblog.fr\/LBB\/wp-content\/uploads\/2023\/07\/20230718_154938-1-768x365.jpg 768w, https:\/\/lyonbondyblog.fr\/LBB\/wp-content\/uploads\/2023\/07\/20230718_154938-1-1536x730.jpg 1536w, https:\/\/lyonbondyblog.fr\/LBB\/wp-content\/uploads\/2023\/07\/20230718_154938-1-2048x974.jpg 2048w\" sizes=\"auto, (max-width: 1920px) 100vw, 1920px\" \/><figcaption class=\"wp-element-caption\">Salle d\u00e9di\u00e9e au pr\u00e9l\u00e8vement sanguin.<\/figcaption><\/figure>\n\n\n\n<h2 class=\"wp-block-heading\">\u201cPlus de 10 000 dons n\u00e9cessaires chaque jour en France\u201d<\/h2>\n\n\n\n<p>En gros, c\u2019est une journ\u00e9e normale dans la vie estivale de cet \u00e9tablissement. Une p\u00e9riode o\u00f9 il y a g\u00e9n\u00e9ralement une baisse de la fr\u00e9quentation, et ici, elle est de \u201c<em>moins 20%<\/em>\u201d, indique St\u00e9phanie Rivi\u00e8re. Toutefois, la m\u00e9decin de pr\u00e9l\u00e8vement relativise : \u201c<em>la baiss\u00e9 est moins \u00e9lev\u00e9e par rapport \u00e0 ce qu\u2019on imaginait. Donc on n\u2019est pas en p\u00e9riode d\u2019appel, les r\u00e9serves sont bonnes, sans \u00eatre extraordinaires<\/em>\u201d. Alors que l\u2019<a href=\"https:\/\/www.efs.sante.fr\" target=\"_blank\" rel=\"noreferrer noopener\">Etablissement fran\u00e7ais du sang<\/a> (EFS) annonce dans un communiqu\u00e9 que \u201c<em>plus de<\/em> <em>10 000 dons sont n\u00e9cessaires chaque jour en France<\/em>\u201d, dont 1 400 dans la r\u00e9gion Auvergne Rh\u00f4ne-Alpes, l\u2019\u00e9t\u00e9 est un frein. \u201c<em>C\u2019est donc une p\u00e9riode o\u00f9 on met l\u2019accent sur la communication<\/em>\u201d, souligne St\u00e9phanie Rivi\u00e8re. \u201c<em>On veut qu\u2019ils continuent \u00e0 donner, pas forc\u00e9ment qu\u2019ils viennent plus, mais qu\u2019ils n\u2019oublient pas cette p\u00e9riode estivale<\/em>\u201d. Vous l\u2019aurez donc compris, pendant vos vacances, vous avez la possibilit\u00e9 de partir en voyage, de vous d\u00e9tendre, de bronzer, mais aussi, de donner votre sang.<\/p>\n\n\n\n<h2 class=\"wp-block-heading\">Comment \u00e7a marche ?\u00a0<\/h2>\n\n\n\n<p>C\u2019est assez simple. Apr\u00e8s avoir pris <a href=\"https:\/\/bit.ly\/villedelyon\" target=\"_blank\" rel=\"noreferrer noopener\">rendez-vous sur internet<\/a>, il n\u2019y a plus qu\u2019\u00e0 se rendre \u00e0 l\u2019\u00e9tablissement. Pr\u00e9paratifs puis pr\u00e9l\u00e8vement dans la salle d\u00e9di\u00e9e, pour finir, une collation, et le tour est jou\u00e9. Pour rappel, la Maison du don de Lyon Confluence, ouvre ses portes du lundi au vendredi de 8h \u00e0 19h, et les samedis de 9h \u00e0 13h.<\/p>\n\n\n\n<figure class=\"wp-block-image size-large\"><img loading=\"lazy\" decoding=\"async\" width=\"1920\" height=\"864\" src=\"https:\/\/lyonbondyblog.fr\/LBB\/wp-content\/uploads\/2023\/07\/20230718_155135-1920x864.jpg\" alt=\"\" class=\"wp-image-32671\" srcset=\"https:\/\/lyonbondyblog.fr\/LBB\/wp-content\/uploads\/2023\/07\/20230718_155135-1920x864.jpg 1920w, https:\/\/lyonbondyblog.fr\/LBB\/wp-content\/uploads\/2023\/07\/20230718_155135-1200x540.jpg 1200w, https:\/\/lyonbondyblog.fr\/LBB\/wp-content\/uploads\/2023\/07\/20230718_155135-768x346.jpg 768w, https:\/\/lyonbondyblog.fr\/LBB\/wp-content\/uploads\/2023\/07\/20230718_155135-1536x691.jpg 1536w, https:\/\/lyonbondyblog.fr\/LBB\/wp-content\/uploads\/2023\/07\/20230718_155135-2048x922.jpg 2048w\" sizes=\"auto, (max-width: 1920px) 100vw, 1920px\" \/><figcaption class=\"wp-element-caption\">Espace d\u00e9di\u00e9  \u00e0 la collation, suite au pr\u00e9l\u00e8vement.<\/figcaption><\/figure>\n<!-- AddThis Advanced Settings generic via filter on the_content --><!-- AddThis Share Buttons generic via filter on the_content -->","protected":false},"excerpt":{"rendered":"<p>En cette p\u00e9riode estivale, la fr\u00e9quentation des \u00e9tablissements d\u00e9di\u00e9s au don du sang est, comme chaque ann\u00e9e, en baisse. \u00c0 la Maison du don de &hellip; <!-- AddThis Advanced Settings generic via filter on wp_trim_excerpt --><!-- AddThis Share Buttons generic via filter on wp_trim_excerpt --><\/p>\n","protected":false},"author":31878,"featured_media":32672,"comment_status":"open","ping_status":"open","sticky":true,"template":"","format":"standard","meta":{"_FSMCFIC_featured_image_caption":"","_FSMCFIC_featured_image_nocaption":"","_FSMCFIC_featured_image_hide":"","footnotes":""},"categories":[4,3889],"tags":[28243,28230,10,112,834],"class_list":["post-32668","post","type-post","status-publish","format-standard","has-post-thumbnail","hentry","category-lyon","category-sante","tag-don-de-plasma","tag-don-du-sang","tag-lyon-2","tag-lyon-bondy-blog","tag-sante"],"yoast_head":"<!-- This site is optimized with the Yoast SEO plugin v22.8 - https:\/\/yoast.com\/wordpress\/plugins\/seo\/ -->\n<title>Et si vous profitiez de vos vacances\u2026 Pour sauver des vies ? - Lyon Bondy Blog<\/title>\n<meta name=\"robots\" content=\"index, follow, max-snippet:-1, max-image-preview:large, max-video-preview:-1\" \/>\n<link rel=\"canonical\" href=\"https:\/\/lyonbondyblog.fr\/LBB\/et-si-vous-profitiez-de-vos-vacances-pour-sauver-des-vies\/\" \/>\n<meta property=\"og:locale\" content=\"fr_FR\" \/>\n<meta property=\"og:type\" content=\"article\" \/>\n<meta property=\"og:title\" content=\"Et si vous profitiez de vos vacances\u2026 Pour sauver des vies ? - Lyon Bondy Blog\" \/>\n<meta property=\"og:description\" content=\"En cette p\u00e9riode estivale, la fr\u00e9quentation des \u00e9tablissements d\u00e9di\u00e9s au don du sang est, comme chaque ann\u00e9e, en baisse. \u00c0 la Maison du don de &hellip;\" \/>\n<meta property=\"og:url\" content=\"https:\/\/lyonbondyblog.fr\/LBB\/et-si-vous-profitiez-de-vos-vacances-pour-sauver-des-vies\/\" \/>\n<meta property=\"og:site_name\" content=\"Lyon Bondy Blog\" \/>\n<meta property=\"article:publisher\" content=\"https:\/\/www.facebook.com\/lyonbondyblog\" \/>\n<meta property=\"article:published_time\" content=\"2023-07-19T13:10:08+00:00\" \/>\n<meta property=\"article:modified_time\" content=\"2023-07-19T13:10:11+00:00\" \/>\n<meta property=\"og:image\" content=\"https:\/\/lyonbondyblog.fr\/LBB\/wp-content\/uploads\/2023\/07\/20230718_145209-scaled.jpg\" \/>\n\t<meta property=\"og:image:width\" content=\"2560\" \/>\n\t<meta property=\"og:image:height\" content=\"1152\" \/>\n\t<meta property=\"og:image:type\" content=\"image\/jpeg\" \/>\n<meta name=\"author\" content=\"Adrien Viricel\" \/>\n<meta name=\"twitter:card\" content=\"summary_large_image\" \/>\n<meta name=\"twitter:creator\" content=\"@bondybloglyon\" \/>\n<meta name=\"twitter:site\" content=\"@bondybloglyon\" \/>\n<script type=\"application\/ld+json\" class=\"yoast-schema-graph\">{\"@context\":\"https:\/\/schema.org\",\"@graph\":[{\"@type\":\"Article\",\"@id\":\"https:\/\/lyonbondyblog.fr\/LBB\/et-si-vous-profitiez-de-vos-vacances-pour-sauver-des-vies\/#article\",\"isPartOf\":{\"@id\":\"https:\/\/lyonbondyblog.fr\/LBB\/et-si-vous-profitiez-de-vos-vacances-pour-sauver-des-vies\/\"},\"author\":{\"name\":\"Adrien Viricel\",\"@id\":\"https:\/\/lyonbondyblog.fr\/LBB\/#\/schema\/person\/9753a8e0c0601a378d1c3428eb2235f2\"},\"headline\":\"Et si vous profitiez de vos vacances\u2026 Pour sauver des vies ?\",\"datePublished\":\"2023-07-19T13:10:08+00:00\",\"dateModified\":\"2023-07-19T13:10:11+00:00\",\"mainEntityOfPage\":{\"@id\":\"https:\/\/lyonbondyblog.fr\/LBB\/et-si-vous-profitiez-de-vos-vacances-pour-sauver-des-vies\/\"},\"wordCount\":572,\"commentCount\":0,\"publisher\":{\"@id\":\"https:\/\/lyonbondyblog.fr\/LBB\/#organization\"},\"image\":{\"@id\":\"https:\/\/lyonbondyblog.fr\/LBB\/et-si-vous-profitiez-de-vos-vacances-pour-sauver-des-vies\/#primaryimage\"},\"thumbnailUrl\":\"https:\/\/lyonbondyblog.fr\/LBB\/wp-content\/uploads\/2023\/07\/20230718_145209-scaled.jpg\",\"keywords\":[\"Don de plasma\",\"don du sang\",\"lyon\",\"Lyon Bondy Blog\",\"Sant\u00e9\"],\"articleSection\":[\"Lyon\",\"Sant\u00e9\"],\"inLanguage\":\"fr-FR\",\"potentialAction\":[{\"@type\":\"CommentAction\",\"name\":\"Comment\",\"target\":[\"https:\/\/lyonbondyblog.fr\/LBB\/et-si-vous-profitiez-de-vos-vacances-pour-sauver-des-vies\/#respond\"]}]},{\"@type\":\"WebPage\",\"@id\":\"https:\/\/lyonbondyblog.fr\/LBB\/et-si-vous-profitiez-de-vos-vacances-pour-sauver-des-vies\/\",\"url\":\"https:\/\/lyonbondyblog.fr\/LBB\/et-si-vous-profitiez-de-vos-vacances-pour-sauver-des-vies\/\",\"name\":\"Et si vous profitiez de vos vacances\u2026 Pour sauver des vies ? - Lyon Bondy Blog\",\"isPartOf\":{\"@id\":\"https:\/\/lyonbondyblog.fr\/LBB\/#website\"},\"primaryImageOfPage\":{\"@id\":\"https:\/\/lyonbondyblog.fr\/LBB\/et-si-vous-profitiez-de-vos-vacances-pour-sauver-des-vies\/#primaryimage\"},\"image\":{\"@id\":\"https:\/\/lyonbondyblog.fr\/LBB\/et-si-vous-profitiez-de-vos-vacances-pour-sauver-des-vies\/#primaryimage\"},\"thumbnailUrl\":\"https:\/\/lyonbondyblog.fr\/LBB\/wp-content\/uploads\/2023\/07\/20230718_145209-scaled.jpg\",\"datePublished\":\"2023-07-19T13:10:08+00:00\",\"dateModified\":\"2023-07-19T13:10:11+00:00\",\"inLanguage\":\"fr-FR\",\"potentialAction\":[{\"@type\":\"ReadAction\",\"target\":[\"https:\/\/lyonbondyblog.fr\/LBB\/et-si-vous-profitiez-de-vos-vacances-pour-sauver-des-vies\/\"]}]},{\"@type\":\"ImageObject\",\"inLanguage\":\"fr-FR\",\"@id\":\"https:\/\/lyonbondyblog.fr\/LBB\/et-si-vous-profitiez-de-vos-vacances-pour-sauver-des-vies\/#primaryimage\",\"url\":\"https:\/\/lyonbondyblog.fr\/LBB\/wp-content\/uploads\/2023\/07\/20230718_145209-scaled.jpg\",\"contentUrl\":\"https:\/\/lyonbondyblog.fr\/LBB\/wp-content\/uploads\/2023\/07\/20230718_145209-scaled.jpg\",\"width\":2560,\"height\":1152},{\"@type\":\"WebSite\",\"@id\":\"https:\/\/lyonbondyblog.fr\/LBB\/#website\",\"url\":\"https:\/\/lyonbondyblog.fr\/LBB\/\",\"name\":\"Lyon Bondy Blog\",\"description\":\"\",\"publisher\":{\"@id\":\"https:\/\/lyonbondyblog.fr\/LBB\/#organization\"},\"potentialAction\":[{\"@type\":\"SearchAction\",\"target\":{\"@type\":\"EntryPoint\",\"urlTemplate\":\"https:\/\/lyonbondyblog.fr\/LBB\/?s={search_term_string}\"},\"query-input\":\"required name=search_term_string\"}],\"inLanguage\":\"fr-FR\"},{\"@type\":\"Organization\",\"@id\":\"https:\/\/lyonbondyblog.fr\/LBB\/#organization\",\"name\":\"LYON BONDY BLOG\",\"url\":\"https:\/\/lyonbondyblog.fr\/LBB\/\",\"logo\":{\"@type\":\"ImageObject\",\"inLanguage\":\"fr-FR\",\"@id\":\"https:\/\/lyonbondyblog.fr\/LBB\/#\/schema\/logo\/image\/\",\"url\":\"http:\/\/lyonbondyblog.fr\/LBB\/wp-content\/uploads\/2014\/10\/logo-portable-144.png\",\"contentUrl\":\"http:\/\/lyonbondyblog.fr\/LBB\/wp-content\/uploads\/2014\/10\/logo-portable-144.png\",\"width\":144,\"height\":123,\"caption\":\"LYON BONDY BLOG\"},\"image\":{\"@id\":\"https:\/\/lyonbondyblog.fr\/LBB\/#\/schema\/logo\/image\/\"},\"sameAs\":[\"https:\/\/www.facebook.com\/lyonbondyblog\",\"https:\/\/x.com\/bondybloglyon\"]},{\"@type\":\"Person\",\"@id\":\"https:\/\/lyonbondyblog.fr\/LBB\/#\/schema\/person\/9753a8e0c0601a378d1c3428eb2235f2\",\"name\":\"Adrien Viricel\",\"url\":\"https:\/\/lyonbondyblog.fr\/LBB\/author\/adrienv\/\"}]}<\/script>\n<!-- \/ Yoast SEO plugin. -->","yoast_head_json":{"title":"Et si vous profitiez de vos vacances\u2026 Pour sauver des vies ? - Lyon Bondy Blog","robots":{"index":"index","follow":"follow","max-snippet":"max-snippet:-1","max-image-preview":"max-image-preview:large","max-video-preview":"max-video-preview:-1"},"canonical":"https:\/\/lyonbondyblog.fr\/LBB\/et-si-vous-profitiez-de-vos-vacances-pour-sauver-des-vies\/","og_locale":"fr_FR","og_type":"article","og_title":"Et si vous profitiez de vos vacances\u2026 Pour sauver des vies ? - Lyon Bondy Blog","og_description":"En cette p\u00e9riode estivale, la fr\u00e9quentation des \u00e9tablissements d\u00e9di\u00e9s au don du sang est, comme chaque ann\u00e9e, en baisse. \u00c0 la Maison du don de &hellip;","og_url":"https:\/\/lyonbondyblog.fr\/LBB\/et-si-vous-profitiez-de-vos-vacances-pour-sauver-des-vies\/","og_site_name":"Lyon Bondy Blog","article_publisher":"https:\/\/www.facebook.com\/lyonbondyblog","article_published_time":"2023-07-19T13:10:08+00:00","article_modified_time":"2023-07-19T13:10:11+00:00","og_image":[{"width":2560,"height":1152,"url":"https:\/\/lyonbondyblog.fr\/LBB\/wp-content\/uploads\/2023\/07\/20230718_145209-scaled.jpg","type":"image\/jpeg"}],"author":"Adrien Viricel","twitter_card":"summary_large_image","twitter_creator":"@bondybloglyon","twitter_site":"@bondybloglyon","schema":{"@context":"https:\/\/schema.org","@graph":[{"@type":"Article","@id":"https:\/\/lyonbondyblog.fr\/LBB\/et-si-vous-profitiez-de-vos-vacances-pour-sauver-des-vies\/#article","isPartOf":{"@id":"https:\/\/lyonbondyblog.fr\/LBB\/et-si-vous-profitiez-de-vos-vacances-pour-sauver-des-vies\/"},"author":{"name":"Adrien Viricel","@id":"https:\/\/lyonbondyblog.fr\/LBB\/#\/schema\/person\/9753a8e0c0601a378d1c3428eb2235f2"},"headline":"Et si vous profitiez de vos vacances\u2026 Pour sauver des vies ?","datePublished":"2023-07-19T13:10:08+00:00","dateModified":"2023-07-19T13:10:11+00:00","mainEntityOfPage":{"@id":"https:\/\/lyonbondyblog.fr\/LBB\/et-si-vous-profitiez-de-vos-vacances-pour-sauver-des-vies\/"},"wordCount":572,"commentCount":0,"publisher":{"@id":"https:\/\/lyonbondyblog.fr\/LBB\/#organization"},"image":{"@id":"https:\/\/lyonbondyblog.fr\/LBB\/et-si-vous-profitiez-de-vos-vacances-pour-sauver-des-vies\/#primaryimage"},"thumbnailUrl":"https:\/\/lyonbondyblog.fr\/LBB\/wp-content\/uploads\/2023\/07\/20230718_145209-scaled.jpg","keywords":["Don de plasma","don du sang","lyon","Lyon Bondy Blog","Sant\u00e9"],"articleSection":["Lyon","Sant\u00e9"],"inLanguage":"fr-FR","potentialAction":[{"@type":"CommentAction","name":"Comment","target":["https:\/\/lyonbondyblog.fr\/LBB\/et-si-vous-profitiez-de-vos-vacances-pour-sauver-des-vies\/#respond"]}]},{"@type":"WebPage","@id":"https:\/\/lyonbondyblog.fr\/LBB\/et-si-vous-profitiez-de-vos-vacances-pour-sauver-des-vies\/","url":"https:\/\/lyonbondyblog.fr\/LBB\/et-si-vous-profitiez-de-vos-vacances-pour-sauver-des-vies\/","name":"Et si vous profitiez de vos vacances\u2026 Pour sauver des vies ? - Lyon Bondy Blog","isPartOf":{"@id":"https:\/\/lyonbondyblog.fr\/LBB\/#website"},"primaryImageOfPage":{"@id":"https:\/\/lyonbondyblog.fr\/LBB\/et-si-vous-profitiez-de-vos-vacances-pour-sauver-des-vies\/#primaryimage"},"image":{"@id":"https:\/\/lyonbondyblog.fr\/LBB\/et-si-vous-profitiez-de-vos-vacances-pour-sauver-des-vies\/#primaryimage"},"thumbnailUrl":"https:\/\/lyonbondyblog.fr\/LBB\/wp-content\/uploads\/2023\/07\/20230718_145209-scaled.jpg","datePublished":"2023-07-19T13:10:08+00:00","dateModified":"2023-07-19T13:10:11+00:00","inLanguage":"fr-FR","potentialAction":[{"@type":"ReadAction","target":["https:\/\/lyonbondyblog.fr\/LBB\/et-si-vous-profitiez-de-vos-vacances-pour-sauver-des-vies\/"]}]},{"@type":"ImageObject","inLanguage":"fr-FR","@id":"https:\/\/lyonbondyblog.fr\/LBB\/et-si-vous-profitiez-de-vos-vacances-pour-sauver-des-vies\/#primaryimage","url":"https:\/\/lyonbondyblog.fr\/LBB\/wp-content\/uploads\/2023\/07\/20230718_145209-scaled.jpg","contentUrl":"https:\/\/lyonbondyblog.fr\/LBB\/wp-content\/uploads\/2023\/07\/20230718_145209-scaled.jpg","width":2560,"height":1152},{"@type":"WebSite","@id":"https:\/\/lyonbondyblog.fr\/LBB\/#website","url":"https:\/\/lyonbondyblog.fr\/LBB\/","name":"Lyon Bondy Blog","description":"","publisher":{"@id":"https:\/\/lyonbondyblog.fr\/LBB\/#organization"},"potentialAction":[{"@type":"SearchAction","target":{"@type":"EntryPoint","urlTemplate":"https:\/\/lyonbondyblog.fr\/LBB\/?s={search_term_string}"},"query-input":"required name=search_term_string"}],"inLanguage":"fr-FR"},{"@type":"Organization","@id":"https:\/\/lyonbondyblog.fr\/LBB\/#organization","name":"LYON BONDY BLOG","url":"https:\/\/lyonbondyblog.fr\/LBB\/","logo":{"@type":"ImageObject","inLanguage":"fr-FR","@id":"https:\/\/lyonbondyblog.fr\/LBB\/#\/schema\/logo\/image\/","url":"http:\/\/lyonbondyblog.fr\/LBB\/wp-content\/uploads\/2014\/10\/logo-portable-144.png","contentUrl":"http:\/\/lyonbondyblog.fr\/LBB\/wp-content\/uploads\/2014\/10\/logo-portable-144.png","width":144,"height":123,"caption":"LYON BONDY BLOG"},"image":{"@id":"https:\/\/lyonbondyblog.fr\/LBB\/#\/schema\/logo\/image\/"},"sameAs":["https:\/\/www.facebook.com\/lyonbondyblog","https:\/\/x.com\/bondybloglyon"]},{"@type":"Person","@id":"https:\/\/lyonbondyblog.fr\/LBB\/#\/schema\/person\/9753a8e0c0601a378d1c3428eb2235f2","name":"Adrien Viricel","url":"https:\/\/lyonbondyblog.fr\/LBB\/author\/adrienv\/"}]}},"_links":{"self":[{"href":"https:\/\/lyonbondyblog.fr\/LBB\/wp-json\/wp\/v2\/posts\/32668","targetHints":{"allow":["GET"]}}],"collection":[{"href":"https:\/\/lyonbondyblog.fr\/LBB\/wp-json\/wp\/v2\/posts"}],"about":[{"href":"https:\/\/lyonbondyblog.fr\/LBB\/wp-json\/wp\/v2\/types\/post"}],"author":[{"embeddable":true,"href":"https:\/\/lyonbondyblog.fr\/LBB\/wp-json\/wp\/v2\/users\/31878"}],"replies":[{"embeddable":true,"href":"https:\/\/lyonbondyblog.fr\/LBB\/wp-json\/wp\/v2\/comments?post=32668"}],"version-history":[{"count":1,"href":"https:\/\/lyonbondyblog.fr\/LBB\/wp-json\/wp\/v2\/posts\/32668\/revisions"}],"predecessor-version":[{"id":32673,"href":"https:\/\/lyonbondyblog.fr\/LBB\/wp-json\/wp\/v2\/posts\/32668\/revisions\/32673"}],"wp:featuredmedia":[{"embeddable":true,"href":"https:\/\/lyonbondyblog.fr\/LBB\/wp-json\/wp\/v2\/media\/32672"}],"wp:attachment":[{"href":"https:\/\/lyonbondyblog.fr\/LBB\/wp-json\/wp\/v2\/media?parent=32668"}],"wp:term":[{"taxonomy":"category","embeddable":true,"href":"https:\/\/lyonbondyblog.fr\/LBB\/wp-json\/wp\/v2\/categories?post=32668"},{"taxonomy":"post_tag","embeddable":true,"href":"https:\/\/lyonbondyblog.fr\/LBB\/wp-json\/wp\/v2\/tags?post=32668"}],"curies":[{"name":"wp","href":"https:\/\/api.w.org\/{rel}","templated":true}]}}