{"id":32619,"date":"2023-06-29T19:53:56","date_gmt":"2023-06-29T17:53:56","guid":{"rendered":"http:\/\/lyonbondyblog.fr\/LBB\/?p=32619"},"modified":"2023-06-29T19:53:57","modified_gmt":"2023-06-29T17:53:57","slug":"too-good-to-go-quen-pensent-les-lyonnais","status":"publish","type":"post","link":"https:\/\/lyonbondyblog.fr\/LBB\/too-good-to-go-quen-pensent-les-lyonnais\/","title":{"rendered":"\u201cToo Good To Go\u201d : qu\u2019en pensent les Lyonnais ?"},"content":{"rendered":"\n<p>Face au probl\u00e8me du gaspillage alimentaire ou m\u00eame de la pr\u00e9carit\u00e9, l\u2019application \u201cToo Good To Go\u201d peut \u00eatre parfois un ami incontournable. Mais qu\u2019en pensent les utilisateurs et les non-utilisateurs ? Ce jeudi 29 juin, Lyonnaises et Lyonnais ont livr\u00e9 leur avis.<\/p>\n\n\n\n<p>Certains la connaissent, d\u2019autres non. Arriv\u00e9e entre Rh\u00f4ne et Sa\u00f4ne depuis presque sept ans maintenant (octobre 2016), l\u2019application danoise \u201cToo Good To go\u201d (\u201cTrop bon pour \u00eatre jet\u00e9\u00a0\u00bb, en fran\u00e7ais) permet aux commer\u00e7ants de se s\u00e9parer des invendus arrivants \u00e0 leur date limite, en les proposant sous forme de panier, \u00e0 moindre co\u00fbt. En plus de r\u00e9duire le gaspillage, elle peut donc se montrer utile lorsqu\u2019il s\u2019agit d\u2019\u00e9conomiser sur la nourriture, une aubaine pour les personnes aux revenus pr\u00e9caires. Deux causes qui concernent parfois les jeunes. \u00c0 Lyon, ils donnent leur opinion.<\/p>\n\n\n\n<figure class=\"wp-block-audio\"><audio controls src=\"https:\/\/lyonbondyblog.fr\/LBB\/wp-content\/uploads\/2023\/06\/tgtg-p1-jeunes.mp3\"><\/audio><\/figure>\n\n\n\n<figure class=\"wp-block-image size-large\"><img loading=\"lazy\" decoding=\"async\" width=\"1920\" height=\"864\" src=\"https:\/\/lyonbondyblog.fr\/LBB\/wp-content\/uploads\/2023\/06\/20230629_111958-1920x864.jpg\" alt=\"\" class=\"wp-image-32621\" srcset=\"https:\/\/lyonbondyblog.fr\/LBB\/wp-content\/uploads\/2023\/06\/20230629_111958-1920x864.jpg 1920w, https:\/\/lyonbondyblog.fr\/LBB\/wp-content\/uploads\/2023\/06\/20230629_111958-1200x540.jpg 1200w, https:\/\/lyonbondyblog.fr\/LBB\/wp-content\/uploads\/2023\/06\/20230629_111958-768x346.jpg 768w, https:\/\/lyonbondyblog.fr\/LBB\/wp-content\/uploads\/2023\/06\/20230629_111958-1536x691.jpg 1536w, https:\/\/lyonbondyblog.fr\/LBB\/wp-content\/uploads\/2023\/06\/20230629_111958-2048x922.jpg 2048w\" sizes=\"auto, (max-width: 1920px) 100vw, 1920px\" \/><figcaption class=\"wp-element-caption\">\u00c0 Grange Blanche et ses alentours, entre autres, les passants ont exprim\u00e9 leur avis. <\/figcaption><\/figure>\n\n\n\n<h2 class=\"wp-block-heading\">\u00ab\u00a0C&rsquo;est une tr\u00e8s bonne initiative\u00a0\u00bb<\/h2>\n\n\n\n<p>En r\u00e9alit\u00e9, il n&rsquo;y a pas que les jeunes qui peuvent faire un geste contre le gaspillage, et trouver leur bonheur avec cette application. Du c\u00f4t\u00e9 des plus anciens \u00e9galement, s\u00e9duits par le concept, certains se montrent r\u00e9ceptifs et enclins \u00e0 son utilisation, alors qu&rsquo;ils n&rsquo;en ont parfois jamais entendu parler. Dans d&rsquo;autres cas, certains ne comptent pas chambouler leurs habitudes. Sans \u00ab\u00a0Too Good To Go\u00a0\u00bb, ils comptent bien \u00e9viter tout gaspillage.<\/p>\n\n\n\n<figure class=\"wp-block-audio\"><audio controls src=\"https:\/\/lyonbondyblog.fr\/LBB\/wp-content\/uploads\/2023\/06\/tgtg-p2-anciens.mp3\"><\/audio><\/figure>\n\n\n\n<h2 class=\"wp-block-heading\">Quelles alternatives \u00e0 l&rsquo;application ?<\/h2>\n\n\n\n<p>S&rsquo;il n&rsquo;y avait que l&rsquo;application danoise pour lutter contre les probl\u00e8mes \u00e9voqu\u00e9s pr\u00e9c\u00e9demment, ce serait probablement bien compliqu\u00e9. Heureusement, des alternatives existent, et certains les partagent. <\/p>\n\n\n\n<figure class=\"wp-block-audio\"><audio controls src=\"https:\/\/lyonbondyblog.fr\/LBB\/wp-content\/uploads\/2023\/06\/tgtg-solutions-p3.mp3\"><\/audio><\/figure>\n\n\n\n<p>Une chose est s\u00fbre,  l&rsquo;utilit\u00e9 et la r\u00e9putation de \u00ab\u00a0Too Good To Go\u00a0\u00bb n&rsquo;est plus \u00e0 d\u00e9montrer. Un moyen qui permet r\u00e9ellement de lutter contre le gaspillage alimentaire, et de se procurer des paniers de denr\u00e9es, lorsque les fin de mois sont compliqu\u00e9es. L&rsquo;application est entre autres disponible sur le Play Store et l&rsquo;App Store pour le t\u00e9l\u00e9chargement.<\/p>\n<!-- AddThis Advanced Settings generic via filter on the_content --><!-- AddThis Share Buttons generic via filter on the_content -->","protected":false},"excerpt":{"rendered":"<p>Face au probl\u00e8me du gaspillage alimentaire ou m\u00eame de la pr\u00e9carit\u00e9, l\u2019application \u201cToo Good To Go\u201d peut \u00eatre parfois un ami incontournable. Mais qu\u2019en pensent &hellip; <!-- AddThis Advanced Settings generic via filter on wp_trim_excerpt --><!-- AddThis Share Buttons generic via filter on wp_trim_excerpt --><\/p>\n","protected":false},"author":31878,"featured_media":32624,"comment_status":"open","ping_status":"open","sticky":true,"template":"","format":"standard","meta":{"_FSMCFIC_featured_image_caption":"","_FSMCFIC_featured_image_nocaption":"","_FSMCFIC_featured_image_hide":"","footnotes":""},"categories":[4],"tags":[10,112,6804,28294],"class_list":["post-32619","post","type-post","status-publish","format-standard","has-post-thumbnail","hentry","category-lyon","tag-lyon-2","tag-lyon-bondy-blog","tag-micro-trottoir","tag-precarite-alimentaire"],"yoast_head":"<!-- This site is optimized with the Yoast SEO plugin v22.8 - https:\/\/yoast.com\/wordpress\/plugins\/seo\/ -->\n<title>\u201cToo Good To Go\u201d : qu\u2019en pensent les Lyonnais ? - Lyon Bondy Blog<\/title>\n<meta name=\"robots\" content=\"index, follow, max-snippet:-1, max-image-preview:large, max-video-preview:-1\" \/>\n<link rel=\"canonical\" href=\"https:\/\/lyonbondyblog.fr\/LBB\/too-good-to-go-quen-pensent-les-lyonnais\/\" \/>\n<meta property=\"og:locale\" content=\"fr_FR\" \/>\n<meta property=\"og:type\" content=\"article\" \/>\n<meta property=\"og:title\" content=\"\u201cToo Good To Go\u201d : qu\u2019en pensent les Lyonnais ? - Lyon Bondy Blog\" \/>\n<meta property=\"og:description\" content=\"Face au probl\u00e8me du gaspillage alimentaire ou m\u00eame de la pr\u00e9carit\u00e9, l\u2019application \u201cToo Good To Go\u201d peut \u00eatre parfois un ami incontournable. Mais qu\u2019en pensent &hellip;\" \/>\n<meta property=\"og:url\" content=\"https:\/\/lyonbondyblog.fr\/LBB\/too-good-to-go-quen-pensent-les-lyonnais\/\" \/>\n<meta property=\"og:site_name\" content=\"Lyon Bondy Blog\" \/>\n<meta property=\"article:publisher\" content=\"https:\/\/www.facebook.com\/lyonbondyblog\" \/>\n<meta property=\"article:published_time\" content=\"2023-06-29T17:53:56+00:00\" \/>\n<meta property=\"article:modified_time\" content=\"2023-06-29T17:53:57+00:00\" \/>\n<meta property=\"og:image\" content=\"https:\/\/lyonbondyblog.fr\/LBB\/wp-content\/uploads\/2023\/06\/tgtg.jpg\" \/>\n\t<meta property=\"og:image:width\" content=\"1767\" \/>\n\t<meta property=\"og:image:height\" content=\"827\" \/>\n\t<meta property=\"og:image:type\" content=\"image\/jpeg\" \/>\n<meta name=\"author\" content=\"Adrien Viricel\" \/>\n<meta name=\"twitter:card\" content=\"summary_large_image\" \/>\n<meta name=\"twitter:creator\" content=\"@bondybloglyon\" \/>\n<meta name=\"twitter:site\" content=\"@bondybloglyon\" \/>\n<script type=\"application\/ld+json\" class=\"yoast-schema-graph\">{\"@context\":\"https:\/\/schema.org\",\"@graph\":[{\"@type\":\"Article\",\"@id\":\"https:\/\/lyonbondyblog.fr\/LBB\/too-good-to-go-quen-pensent-les-lyonnais\/#article\",\"isPartOf\":{\"@id\":\"https:\/\/lyonbondyblog.fr\/LBB\/too-good-to-go-quen-pensent-les-lyonnais\/\"},\"author\":{\"name\":\"Adrien Viricel\",\"@id\":\"https:\/\/lyonbondyblog.fr\/LBB\/#\/schema\/person\/9753a8e0c0601a378d1c3428eb2235f2\"},\"headline\":\"\u201cToo Good To Go\u201d : qu\u2019en pensent les Lyonnais ?\",\"datePublished\":\"2023-06-29T17:53:56+00:00\",\"dateModified\":\"2023-06-29T17:53:57+00:00\",\"mainEntityOfPage\":{\"@id\":\"https:\/\/lyonbondyblog.fr\/LBB\/too-good-to-go-quen-pensent-les-lyonnais\/\"},\"wordCount\":348,\"commentCount\":0,\"publisher\":{\"@id\":\"https:\/\/lyonbondyblog.fr\/LBB\/#organization\"},\"image\":{\"@id\":\"https:\/\/lyonbondyblog.fr\/LBB\/too-good-to-go-quen-pensent-les-lyonnais\/#primaryimage\"},\"thumbnailUrl\":\"https:\/\/lyonbondyblog.fr\/LBB\/wp-content\/uploads\/2023\/06\/tgtg.jpg\",\"keywords\":[\"lyon\",\"Lyon Bondy Blog\",\"micro-trottoir\",\"pr\u00e9carit\u00e9 alimentaire\"],\"articleSection\":[\"Lyon\"],\"inLanguage\":\"fr-FR\",\"potentialAction\":[{\"@type\":\"CommentAction\",\"name\":\"Comment\",\"target\":[\"https:\/\/lyonbondyblog.fr\/LBB\/too-good-to-go-quen-pensent-les-lyonnais\/#respond\"]}]},{\"@type\":\"WebPage\",\"@id\":\"https:\/\/lyonbondyblog.fr\/LBB\/too-good-to-go-quen-pensent-les-lyonnais\/\",\"url\":\"https:\/\/lyonbondyblog.fr\/LBB\/too-good-to-go-quen-pensent-les-lyonnais\/\",\"name\":\"\u201cToo Good To Go\u201d : qu\u2019en pensent les Lyonnais ? - Lyon Bondy Blog\",\"isPartOf\":{\"@id\":\"https:\/\/lyonbondyblog.fr\/LBB\/#website\"},\"primaryImageOfPage\":{\"@id\":\"https:\/\/lyonbondyblog.fr\/LBB\/too-good-to-go-quen-pensent-les-lyonnais\/#primaryimage\"},\"image\":{\"@id\":\"https:\/\/lyonbondyblog.fr\/LBB\/too-good-to-go-quen-pensent-les-lyonnais\/#primaryimage\"},\"thumbnailUrl\":\"https:\/\/lyonbondyblog.fr\/LBB\/wp-content\/uploads\/2023\/06\/tgtg.jpg\",\"datePublished\":\"2023-06-29T17:53:56+00:00\",\"dateModified\":\"2023-06-29T17:53:57+00:00\",\"inLanguage\":\"fr-FR\",\"potentialAction\":[{\"@type\":\"ReadAction\",\"target\":[\"https:\/\/lyonbondyblog.fr\/LBB\/too-good-to-go-quen-pensent-les-lyonnais\/\"]}]},{\"@type\":\"ImageObject\",\"inLanguage\":\"fr-FR\",\"@id\":\"https:\/\/lyonbondyblog.fr\/LBB\/too-good-to-go-quen-pensent-les-lyonnais\/#primaryimage\",\"url\":\"https:\/\/lyonbondyblog.fr\/LBB\/wp-content\/uploads\/2023\/06\/tgtg.jpg\",\"contentUrl\":\"https:\/\/lyonbondyblog.fr\/LBB\/wp-content\/uploads\/2023\/06\/tgtg.jpg\",\"width\":1767,\"height\":827},{\"@type\":\"WebSite\",\"@id\":\"https:\/\/lyonbondyblog.fr\/LBB\/#website\",\"url\":\"https:\/\/lyonbondyblog.fr\/LBB\/\",\"name\":\"Lyon Bondy Blog\",\"description\":\"\",\"publisher\":{\"@id\":\"https:\/\/lyonbondyblog.fr\/LBB\/#organization\"},\"potentialAction\":[{\"@type\":\"SearchAction\",\"target\":{\"@type\":\"EntryPoint\",\"urlTemplate\":\"https:\/\/lyonbondyblog.fr\/LBB\/?s={search_term_string}\"},\"query-input\":\"required name=search_term_string\"}],\"inLanguage\":\"fr-FR\"},{\"@type\":\"Organization\",\"@id\":\"https:\/\/lyonbondyblog.fr\/LBB\/#organization\",\"name\":\"LYON BONDY BLOG\",\"url\":\"https:\/\/lyonbondyblog.fr\/LBB\/\",\"logo\":{\"@type\":\"ImageObject\",\"inLanguage\":\"fr-FR\",\"@id\":\"https:\/\/lyonbondyblog.fr\/LBB\/#\/schema\/logo\/image\/\",\"url\":\"http:\/\/lyonbondyblog.fr\/LBB\/wp-content\/uploads\/2014\/10\/logo-portable-144.png\",\"contentUrl\":\"http:\/\/lyonbondyblog.fr\/LBB\/wp-content\/uploads\/2014\/10\/logo-portable-144.png\",\"width\":144,\"height\":123,\"caption\":\"LYON BONDY BLOG\"},\"image\":{\"@id\":\"https:\/\/lyonbondyblog.fr\/LBB\/#\/schema\/logo\/image\/\"},\"sameAs\":[\"https:\/\/www.facebook.com\/lyonbondyblog\",\"https:\/\/x.com\/bondybloglyon\"]},{\"@type\":\"Person\",\"@id\":\"https:\/\/lyonbondyblog.fr\/LBB\/#\/schema\/person\/9753a8e0c0601a378d1c3428eb2235f2\",\"name\":\"Adrien Viricel\",\"url\":\"https:\/\/lyonbondyblog.fr\/LBB\/author\/adrienv\/\"}]}<\/script>\n<!-- \/ Yoast SEO plugin. -->","yoast_head_json":{"title":"\u201cToo Good To Go\u201d : qu\u2019en pensent les Lyonnais ? - Lyon Bondy Blog","robots":{"index":"index","follow":"follow","max-snippet":"max-snippet:-1","max-image-preview":"max-image-preview:large","max-video-preview":"max-video-preview:-1"},"canonical":"https:\/\/lyonbondyblog.fr\/LBB\/too-good-to-go-quen-pensent-les-lyonnais\/","og_locale":"fr_FR","og_type":"article","og_title":"\u201cToo Good To Go\u201d : qu\u2019en pensent les Lyonnais ? - Lyon Bondy Blog","og_description":"Face au probl\u00e8me du gaspillage alimentaire ou m\u00eame de la pr\u00e9carit\u00e9, l\u2019application \u201cToo Good To Go\u201d peut \u00eatre parfois un ami incontournable. Mais qu\u2019en pensent &hellip;","og_url":"https:\/\/lyonbondyblog.fr\/LBB\/too-good-to-go-quen-pensent-les-lyonnais\/","og_site_name":"Lyon Bondy Blog","article_publisher":"https:\/\/www.facebook.com\/lyonbondyblog","article_published_time":"2023-06-29T17:53:56+00:00","article_modified_time":"2023-06-29T17:53:57+00:00","og_image":[{"width":1767,"height":827,"url":"https:\/\/lyonbondyblog.fr\/LBB\/wp-content\/uploads\/2023\/06\/tgtg.jpg","type":"image\/jpeg"}],"author":"Adrien Viricel","twitter_card":"summary_large_image","twitter_creator":"@bondybloglyon","twitter_site":"@bondybloglyon","schema":{"@context":"https:\/\/schema.org","@graph":[{"@type":"Article","@id":"https:\/\/lyonbondyblog.fr\/LBB\/too-good-to-go-quen-pensent-les-lyonnais\/#article","isPartOf":{"@id":"https:\/\/lyonbondyblog.fr\/LBB\/too-good-to-go-quen-pensent-les-lyonnais\/"},"author":{"name":"Adrien Viricel","@id":"https:\/\/lyonbondyblog.fr\/LBB\/#\/schema\/person\/9753a8e0c0601a378d1c3428eb2235f2"},"headline":"\u201cToo Good To Go\u201d : qu\u2019en pensent les Lyonnais ?","datePublished":"2023-06-29T17:53:56+00:00","dateModified":"2023-06-29T17:53:57+00:00","mainEntityOfPage":{"@id":"https:\/\/lyonbondyblog.fr\/LBB\/too-good-to-go-quen-pensent-les-lyonnais\/"},"wordCount":348,"commentCount":0,"publisher":{"@id":"https:\/\/lyonbondyblog.fr\/LBB\/#organization"},"image":{"@id":"https:\/\/lyonbondyblog.fr\/LBB\/too-good-to-go-quen-pensent-les-lyonnais\/#primaryimage"},"thumbnailUrl":"https:\/\/lyonbondyblog.fr\/LBB\/wp-content\/uploads\/2023\/06\/tgtg.jpg","keywords":["lyon","Lyon Bondy Blog","micro-trottoir","pr\u00e9carit\u00e9 alimentaire"],"articleSection":["Lyon"],"inLanguage":"fr-FR","potentialAction":[{"@type":"CommentAction","name":"Comment","target":["https:\/\/lyonbondyblog.fr\/LBB\/too-good-to-go-quen-pensent-les-lyonnais\/#respond"]}]},{"@type":"WebPage","@id":"https:\/\/lyonbondyblog.fr\/LBB\/too-good-to-go-quen-pensent-les-lyonnais\/","url":"https:\/\/lyonbondyblog.fr\/LBB\/too-good-to-go-quen-pensent-les-lyonnais\/","name":"\u201cToo Good To Go\u201d : qu\u2019en pensent les Lyonnais ? - Lyon Bondy Blog","isPartOf":{"@id":"https:\/\/lyonbondyblog.fr\/LBB\/#website"},"primaryImageOfPage":{"@id":"https:\/\/lyonbondyblog.fr\/LBB\/too-good-to-go-quen-pensent-les-lyonnais\/#primaryimage"},"image":{"@id":"https:\/\/lyonbondyblog.fr\/LBB\/too-good-to-go-quen-pensent-les-lyonnais\/#primaryimage"},"thumbnailUrl":"https:\/\/lyonbondyblog.fr\/LBB\/wp-content\/uploads\/2023\/06\/tgtg.jpg","datePublished":"2023-06-29T17:53:56+00:00","dateModified":"2023-06-29T17:53:57+00:00","inLanguage":"fr-FR","potentialAction":[{"@type":"ReadAction","target":["https:\/\/lyonbondyblog.fr\/LBB\/too-good-to-go-quen-pensent-les-lyonnais\/"]}]},{"@type":"ImageObject","inLanguage":"fr-FR","@id":"https:\/\/lyonbondyblog.fr\/LBB\/too-good-to-go-quen-pensent-les-lyonnais\/#primaryimage","url":"https:\/\/lyonbondyblog.fr\/LBB\/wp-content\/uploads\/2023\/06\/tgtg.jpg","contentUrl":"https:\/\/lyonbondyblog.fr\/LBB\/wp-content\/uploads\/2023\/06\/tgtg.jpg","width":1767,"height":827},{"@type":"WebSite","@id":"https:\/\/lyonbondyblog.fr\/LBB\/#website","url":"https:\/\/lyonbondyblog.fr\/LBB\/","name":"Lyon Bondy Blog","description":"","publisher":{"@id":"https:\/\/lyonbondyblog.fr\/LBB\/#organization"},"potentialAction":[{"@type":"SearchAction","target":{"@type":"EntryPoint","urlTemplate":"https:\/\/lyonbondyblog.fr\/LBB\/?s={search_term_string}"},"query-input":"required name=search_term_string"}],"inLanguage":"fr-FR"},{"@type":"Organization","@id":"https:\/\/lyonbondyblog.fr\/LBB\/#organization","name":"LYON BONDY BLOG","url":"https:\/\/lyonbondyblog.fr\/LBB\/","logo":{"@type":"ImageObject","inLanguage":"fr-FR","@id":"https:\/\/lyonbondyblog.fr\/LBB\/#\/schema\/logo\/image\/","url":"http:\/\/lyonbondyblog.fr\/LBB\/wp-content\/uploads\/2014\/10\/logo-portable-144.png","contentUrl":"http:\/\/lyonbondyblog.fr\/LBB\/wp-content\/uploads\/2014\/10\/logo-portable-144.png","width":144,"height":123,"caption":"LYON BONDY BLOG"},"image":{"@id":"https:\/\/lyonbondyblog.fr\/LBB\/#\/schema\/logo\/image\/"},"sameAs":["https:\/\/www.facebook.com\/lyonbondyblog","https:\/\/x.com\/bondybloglyon"]},{"@type":"Person","@id":"https:\/\/lyonbondyblog.fr\/LBB\/#\/schema\/person\/9753a8e0c0601a378d1c3428eb2235f2","name":"Adrien Viricel","url":"https:\/\/lyonbondyblog.fr\/LBB\/author\/adrienv\/"}]}},"_links":{"self":[{"href":"https:\/\/lyonbondyblog.fr\/LBB\/wp-json\/wp\/v2\/posts\/32619","targetHints":{"allow":["GET"]}}],"collection":[{"href":"https:\/\/lyonbondyblog.fr\/LBB\/wp-json\/wp\/v2\/posts"}],"about":[{"href":"https:\/\/lyonbondyblog.fr\/LBB\/wp-json\/wp\/v2\/types\/post"}],"author":[{"embeddable":true,"href":"https:\/\/lyonbondyblog.fr\/LBB\/wp-json\/wp\/v2\/users\/31878"}],"replies":[{"embeddable":true,"href":"https:\/\/lyonbondyblog.fr\/LBB\/wp-json\/wp\/v2\/comments?post=32619"}],"version-history":[{"count":1,"href":"https:\/\/lyonbondyblog.fr\/LBB\/wp-json\/wp\/v2\/posts\/32619\/revisions"}],"predecessor-version":[{"id":32625,"href":"https:\/\/lyonbondyblog.fr\/LBB\/wp-json\/wp\/v2\/posts\/32619\/revisions\/32625"}],"wp:featuredmedia":[{"embeddable":true,"href":"https:\/\/lyonbondyblog.fr\/LBB\/wp-json\/wp\/v2\/media\/32624"}],"wp:attachment":[{"href":"https:\/\/lyonbondyblog.fr\/LBB\/wp-json\/wp\/v2\/media?parent=32619"}],"wp:term":[{"taxonomy":"category","embeddable":true,"href":"https:\/\/lyonbondyblog.fr\/LBB\/wp-json\/wp\/v2\/categories?post=32619"},{"taxonomy":"post_tag","embeddable":true,"href":"https:\/\/lyonbondyblog.fr\/LBB\/wp-json\/wp\/v2\/tags?post=32619"}],"curies":[{"name":"wp","href":"https:\/\/api.w.org\/{rel}","templated":true}]}}