{"id":32594,"date":"2023-06-12T18:35:57","date_gmt":"2023-06-12T16:35:57","guid":{"rendered":"http:\/\/lyonbondyblog.fr\/LBB\/?p=32594"},"modified":"2023-06-12T18:35:59","modified_gmt":"2023-06-12T16:35:59","slug":"avignon-moliere-en-aurait-fait-sa-capitale","status":"publish","type":"post","link":"https:\/\/lyonbondyblog.fr\/LBB\/avignon-moliere-en-aurait-fait-sa-capitale\/","title":{"rendered":"Avignon: Moli\u00e8re\u00a0en aurait fait sa capitale"},"content":{"rendered":"\n<h2 class=\"wp-block-heading\">Le Lyon Bondy Blog est parti en voyage ce week-end \u00e0 Avignon. Dans deux semaines, le 7 juillet, d\u00e9butera le <a href=\"https:\/\/www.festivaloffavignon.com\">F<\/a><a href=\"https:\/\/www.festivaloffavignon.com\" target=\"_blank\" rel=\"noreferrer noopener\">estival off<\/a><a href=\"https:\/\/www.festivaloffavignon.com\"> <\/a>que nous allons vous faire d\u00e9couvrir. <\/h2>\n\n\n\n<p>Avant d&rsquo;\u00eatre&nbsp;connue pour son festival qui dure tout l&rsquo;\u00e9t\u00e9, Avignon \u00e9tait une cit\u00e9 papale pendant environ 400 ans, d&rsquo;o\u00f9 son&nbsp;surnom \u00ab\u00a0la cit\u00e9 des papes\u00a0\u00bb. Ses remparts et son palais nous rappellent son illustre pass\u00e9. A partir de 1791, la ville s&rsquo;est servie de son glorieux pass\u00e9 pour pouvoir se d\u00e9velopper et rester attractive. Justement, la cit\u00e9 du Vaucluse va se servir de ses monuments anciens pour accueillir le monde de la culture et d\u00e9velopper&nbsp;le tourisme \u00e0 partir&nbsp;de 1947.&nbsp;<\/p>\n\n\n\n<h3 class=\"wp-block-heading\">Qui dit th\u00e9\u00e2tre, dit Avignon!<\/h3>\n\n\n\n<p>La ville d&rsquo;Avignon est organis\u00e9 en labyrinthe, ce qui permet l&rsquo;\u00e9closion de pleins th\u00e9\u00e2tres (124) de proximit\u00e9 comme le th\u00e9\u00e2tre du <a href=\"https:\/\/www.chenenoir.fr\" target=\"_blank\" rel=\"noreferrer noopener\">\u00ab\u00a0Ch\u00eane\u00a0noir\u00a0\u00bb<\/a> ou \u00ab\u00a0L&rsquo;oriflamme\u00a0\u00bb. Vous pouvez trouver des th\u00e9\u00e2tres en pagaille qui permettent un d\u00e9veloppement\u00a0significatif de la vie culturelle et associative de la \u00ab\u00a0cit\u00e9 des papes\u00a0\u00bb. Tous les acteurs sont friands de cette ville du Vaucluse afin de montrer leur production fra\u00eechement\u00a0arriv\u00e9e. Le public peut d\u00e9couvrir\u00a0des acteurs connus comme Francis Perrin, ce qui permet une proximit\u00e9 entre les spectateurs et les acteurs. La cit\u00e9 du Vaucluse, avec son urbanisme, permet un d\u00e9veloppement rapide de cet art\u00a0m\u00e9connu\u00a0par les jeunes g\u00e9n\u00e9rations.<\/p>\n\n\n\n<div class=\"wp-block-group\"><div class=\"wp-block-group__inner-container is-layout-constrained wp-block-group-is-layout-constrained\">\n<div class=\"wp-block-columns is-layout-flex wp-container-core-columns-is-layout-9d6595d7 wp-block-columns-is-layout-flex\">\n<div class=\"wp-block-column is-layout-flow wp-block-column-is-layout-flow\" style=\"flex-basis:100%\">\n<div class=\"wp-block-group\"><div class=\"wp-block-group__inner-container is-layout-constrained wp-block-group-is-layout-constrained\">\n<div class=\"wp-block-columns is-layout-flex wp-container-core-columns-is-layout-9d6595d7 wp-block-columns-is-layout-flex\">\n<div class=\"wp-block-column is-layout-flow wp-block-column-is-layout-flow\" style=\"flex-basis:100%\">\n<h3 class=\"wp-block-heading\">Le th\u00e9\u00e2tre de rue, une sp\u00e9cialit\u00e9&nbsp;d&rsquo;Avignon<\/h3>\n<\/div>\n<\/div>\n<\/div><\/div>\n<\/div>\n<\/div>\n\n\n\n<div class=\"wp-block-columns is-layout-flex wp-container-core-columns-is-layout-9d6595d7 wp-block-columns-is-layout-flex\">\n<div class=\"wp-block-column is-layout-flow wp-block-column-is-layout-flow\" style=\"flex-basis:66.66%\">\n<p>Cet art sera amen\u00e9 \u00e0 dispara\u00eetre\u00a0un jour ou pas. Les coll\u00e8ges et les lyc\u00e9es devraient plus travailler avec les th\u00e9\u00e2tres de proximit\u00e9 afin de mettre en avant un travail de longue haleine. Le but serait de d\u00e9mocratiser la pratique pour les jeunes de la r\u00e9gion du Vaucluse et de permettre un acc\u00e8s\u00a0\u00e0 la culture de rue. Par exemple, le partenariat entre le festival off et le coll\u00e8ge de la Salle qui rend accessible le th\u00e9\u00e2tre aux adolescents. Ce lien entre de ses deux entit\u00e9s, une initiative qu&rsquo;il serait b\u00e9n\u00e9fique de d\u00e9velopper\u00a0au sein de la p\u00e9riph\u00e9rie avignonnaise.<\/p>\n\n\n\n<p>L&rsquo;art oratoire permet de l&rsquo;\u00e9mancipation\u00a0intellectuelle et le d\u00e9veloppement d&rsquo;une personne et la prise de confiance en soi. Cela peut aider pour l&rsquo;\u00e9panouissement dans le monde scolaire et professionnel, c&rsquo;est une ouverture vers une nouvelle culture. Tant le th\u00e9\u00e2tre est ludique et permet\u00a0l&rsquo;affirmation de soi.<\/p>\n<\/div>\n\n\n\n<div class=\"wp-block-column is-layout-flow wp-block-column-is-layout-flow\" style=\"flex-basis:33.33%\">\n<figure class=\"wp-block-image size-large is-resized\"><img loading=\"lazy\" decoding=\"async\" src=\"https:\/\/lyonbondyblog.fr\/LBB\/wp-content\/uploads\/2023\/06\/PHOTO-2023-06-12-18-21-03-3-1440x1920.jpg\" alt=\"\" class=\"wp-image-32595\" width=\"313\" height=\"417\" srcset=\"https:\/\/lyonbondyblog.fr\/LBB\/wp-content\/uploads\/2023\/06\/PHOTO-2023-06-12-18-21-03-3-1440x1920.jpg 1440w, https:\/\/lyonbondyblog.fr\/LBB\/wp-content\/uploads\/2023\/06\/PHOTO-2023-06-12-18-21-03-3-900x1200.jpg 900w, https:\/\/lyonbondyblog.fr\/LBB\/wp-content\/uploads\/2023\/06\/PHOTO-2023-06-12-18-21-03-3-768x1024.jpg 768w, https:\/\/lyonbondyblog.fr\/LBB\/wp-content\/uploads\/2023\/06\/PHOTO-2023-06-12-18-21-03-3-1152x1536.jpg 1152w, https:\/\/lyonbondyblog.fr\/LBB\/wp-content\/uploads\/2023\/06\/PHOTO-2023-06-12-18-21-03-3.jpg 1536w\" sizes=\"auto, (max-width: 313px) 100vw, 313px\" \/><figcaption class=\"wp-element-caption\">\u00c0 la sortie du th\u00e9\u00e2tre du <a href=\"https:\/\/lecabestan.org\" target=\"_blank\" rel=\"noreferrer noopener\">Cabestan<\/a> <strong>\u00a9<\/strong>\u00c9tienneAazzab<\/figcaption><\/figure>\n\n\n\n<p><\/p>\n<\/div>\n<\/div>\n<\/div><\/div>\n\n\n\n<p><em><strong>Article \u00e9crit par \u00c9tienne Aazzab<\/strong><\/em><\/p>\n<!-- AddThis Advanced Settings generic via filter on the_content --><!-- AddThis Share Buttons generic via filter on the_content -->","protected":false},"excerpt":{"rendered":"<p>Le Lyon Bondy Blog est parti en voyage ce week-end \u00e0 Avignon. Dans deux semaines, le 7 juillet, d\u00e9butera le Festival off que nous allons &hellip; <!-- AddThis Advanced Settings generic via filter on wp_trim_excerpt --><!-- AddThis Share Buttons generic via filter on wp_trim_excerpt --><\/p>\n","protected":false},"author":31871,"featured_media":32596,"comment_status":"open","ping_status":"open","sticky":true,"template":"","format":"standard","meta":{"_FSMCFIC_featured_image_caption":"","_FSMCFIC_featured_image_nocaption":"","_FSMCFIC_featured_image_hide":"","footnotes":""},"categories":[11249,3],"tags":[1016,28340,1952,112,28011],"class_list":["post-32594","post","type-post","status-publish","format-standard","has-post-thumbnail","hentry","category-art","category-culture","tag-art","tag-avignon","tag-culture","tag-lyon-bondy-blog","tag-theatre-2"],"yoast_head":"<!-- This site is optimized with the Yoast SEO plugin v22.8 - https:\/\/yoast.com\/wordpress\/plugins\/seo\/ -->\n<title>Avignon: Moli\u00e8re\u00a0en aurait fait sa capitale - Lyon Bondy Blog<\/title>\n<meta name=\"description\" content=\"Dans deux semaines, le 7 juillet, d\u00e9butera le Festival off, grand festival de l&#039;art th\u00e9\u00e2tral \u00e0 Avignon. Venez le d\u00e9couvrir !\" \/>\n<meta name=\"robots\" content=\"index, follow, max-snippet:-1, max-image-preview:large, max-video-preview:-1\" \/>\n<link rel=\"canonical\" href=\"https:\/\/lyonbondyblog.fr\/LBB\/avignon-moliere-en-aurait-fait-sa-capitale\/\" \/>\n<meta property=\"og:locale\" content=\"fr_FR\" \/>\n<meta property=\"og:type\" content=\"article\" \/>\n<meta property=\"og:title\" content=\"Avignon: Moli\u00e8re\u00a0en aurait fait sa capitale - Lyon Bondy Blog\" \/>\n<meta property=\"og:description\" content=\"Dans deux semaines, le 7 juillet, d\u00e9butera le Festival off, grand festival de l&#039;art th\u00e9\u00e2tral \u00e0 Avignon. Venez le d\u00e9couvrir !\" \/>\n<meta property=\"og:url\" content=\"https:\/\/lyonbondyblog.fr\/LBB\/avignon-moliere-en-aurait-fait-sa-capitale\/\" \/>\n<meta property=\"og:site_name\" content=\"Lyon Bondy Blog\" \/>\n<meta property=\"article:publisher\" content=\"https:\/\/www.facebook.com\/lyonbondyblog\" \/>\n<meta property=\"article:published_time\" content=\"2023-06-12T16:35:57+00:00\" \/>\n<meta property=\"article:modified_time\" content=\"2023-06-12T16:35:59+00:00\" \/>\n<meta property=\"og:image\" content=\"https:\/\/lyonbondyblog.fr\/LBB\/wp-content\/uploads\/2023\/06\/PHOTO-2023-06-12-18-19-50.jpg\" \/>\n\t<meta property=\"og:image:width\" content=\"1200\" \/>\n\t<meta property=\"og:image:height\" content=\"1600\" \/>\n\t<meta property=\"og:image:type\" content=\"image\/jpeg\" \/>\n<meta name=\"author\" content=\"Matilda Passot\" \/>\n<meta name=\"twitter:card\" content=\"summary_large_image\" \/>\n<meta name=\"twitter:creator\" content=\"@bondybloglyon\" \/>\n<meta name=\"twitter:site\" content=\"@bondybloglyon\" \/>\n<script type=\"application\/ld+json\" class=\"yoast-schema-graph\">{\"@context\":\"https:\/\/schema.org\",\"@graph\":[{\"@type\":\"Article\",\"@id\":\"https:\/\/lyonbondyblog.fr\/LBB\/avignon-moliere-en-aurait-fait-sa-capitale\/#article\",\"isPartOf\":{\"@id\":\"https:\/\/lyonbondyblog.fr\/LBB\/avignon-moliere-en-aurait-fait-sa-capitale\/\"},\"author\":{\"name\":\"Matilda Passot\",\"@id\":\"https:\/\/lyonbondyblog.fr\/LBB\/#\/schema\/person\/821670c9ea2a73ee8fa6917c83cf6241\"},\"headline\":\"Avignon: Moli\u00e8re\u00a0en aurait fait sa capitale\",\"datePublished\":\"2023-06-12T16:35:57+00:00\",\"dateModified\":\"2023-06-12T16:35:59+00:00\",\"mainEntityOfPage\":{\"@id\":\"https:\/\/lyonbondyblog.fr\/LBB\/avignon-moliere-en-aurait-fait-sa-capitale\/\"},\"wordCount\":432,\"commentCount\":0,\"publisher\":{\"@id\":\"https:\/\/lyonbondyblog.fr\/LBB\/#organization\"},\"image\":{\"@id\":\"https:\/\/lyonbondyblog.fr\/LBB\/avignon-moliere-en-aurait-fait-sa-capitale\/#primaryimage\"},\"thumbnailUrl\":\"https:\/\/lyonbondyblog.fr\/LBB\/wp-content\/uploads\/2023\/06\/PHOTO-2023-06-12-18-19-50.jpg\",\"keywords\":[\"Art\",\"avignon\",\"Culture\",\"Lyon Bondy Blog\",\"th\u00e9\u00e2tre\"],\"articleSection\":[\"Art\",\"Culture\"],\"inLanguage\":\"fr-FR\",\"potentialAction\":[{\"@type\":\"CommentAction\",\"name\":\"Comment\",\"target\":[\"https:\/\/lyonbondyblog.fr\/LBB\/avignon-moliere-en-aurait-fait-sa-capitale\/#respond\"]}]},{\"@type\":\"WebPage\",\"@id\":\"https:\/\/lyonbondyblog.fr\/LBB\/avignon-moliere-en-aurait-fait-sa-capitale\/\",\"url\":\"https:\/\/lyonbondyblog.fr\/LBB\/avignon-moliere-en-aurait-fait-sa-capitale\/\",\"name\":\"Avignon: Moli\u00e8re\u00a0en aurait fait sa capitale - Lyon Bondy Blog\",\"isPartOf\":{\"@id\":\"https:\/\/lyonbondyblog.fr\/LBB\/#website\"},\"primaryImageOfPage\":{\"@id\":\"https:\/\/lyonbondyblog.fr\/LBB\/avignon-moliere-en-aurait-fait-sa-capitale\/#primaryimage\"},\"image\":{\"@id\":\"https:\/\/lyonbondyblog.fr\/LBB\/avignon-moliere-en-aurait-fait-sa-capitale\/#primaryimage\"},\"thumbnailUrl\":\"https:\/\/lyonbondyblog.fr\/LBB\/wp-content\/uploads\/2023\/06\/PHOTO-2023-06-12-18-19-50.jpg\",\"datePublished\":\"2023-06-12T16:35:57+00:00\",\"dateModified\":\"2023-06-12T16:35:59+00:00\",\"description\":\"Dans deux semaines, le 7 juillet, d\u00e9butera le Festival off, grand festival de l'art th\u00e9\u00e2tral \u00e0 Avignon. Venez le d\u00e9couvrir !\",\"inLanguage\":\"fr-FR\",\"potentialAction\":[{\"@type\":\"ReadAction\",\"target\":[\"https:\/\/lyonbondyblog.fr\/LBB\/avignon-moliere-en-aurait-fait-sa-capitale\/\"]}]},{\"@type\":\"ImageObject\",\"inLanguage\":\"fr-FR\",\"@id\":\"https:\/\/lyonbondyblog.fr\/LBB\/avignon-moliere-en-aurait-fait-sa-capitale\/#primaryimage\",\"url\":\"https:\/\/lyonbondyblog.fr\/LBB\/wp-content\/uploads\/2023\/06\/PHOTO-2023-06-12-18-19-50.jpg\",\"contentUrl\":\"https:\/\/lyonbondyblog.fr\/LBB\/wp-content\/uploads\/2023\/06\/PHOTO-2023-06-12-18-19-50.jpg\",\"width\":1200,\"height\":1600},{\"@type\":\"WebSite\",\"@id\":\"https:\/\/lyonbondyblog.fr\/LBB\/#website\",\"url\":\"https:\/\/lyonbondyblog.fr\/LBB\/\",\"name\":\"Lyon Bondy Blog\",\"description\":\"\",\"publisher\":{\"@id\":\"https:\/\/lyonbondyblog.fr\/LBB\/#organization\"},\"potentialAction\":[{\"@type\":\"SearchAction\",\"target\":{\"@type\":\"EntryPoint\",\"urlTemplate\":\"https:\/\/lyonbondyblog.fr\/LBB\/?s={search_term_string}\"},\"query-input\":\"required name=search_term_string\"}],\"inLanguage\":\"fr-FR\"},{\"@type\":\"Organization\",\"@id\":\"https:\/\/lyonbondyblog.fr\/LBB\/#organization\",\"name\":\"LYON BONDY BLOG\",\"url\":\"https:\/\/lyonbondyblog.fr\/LBB\/\",\"logo\":{\"@type\":\"ImageObject\",\"inLanguage\":\"fr-FR\",\"@id\":\"https:\/\/lyonbondyblog.fr\/LBB\/#\/schema\/logo\/image\/\",\"url\":\"http:\/\/lyonbondyblog.fr\/LBB\/wp-content\/uploads\/2014\/10\/logo-portable-144.png\",\"contentUrl\":\"http:\/\/lyonbondyblog.fr\/LBB\/wp-content\/uploads\/2014\/10\/logo-portable-144.png\",\"width\":144,\"height\":123,\"caption\":\"LYON BONDY BLOG\"},\"image\":{\"@id\":\"https:\/\/lyonbondyblog.fr\/LBB\/#\/schema\/logo\/image\/\"},\"sameAs\":[\"https:\/\/www.facebook.com\/lyonbondyblog\",\"https:\/\/x.com\/bondybloglyon\"]},{\"@type\":\"Person\",\"@id\":\"https:\/\/lyonbondyblog.fr\/LBB\/#\/schema\/person\/821670c9ea2a73ee8fa6917c83cf6241\",\"name\":\"Matilda Passot\",\"url\":\"https:\/\/lyonbondyblog.fr\/LBB\/author\/matildap\/\"}]}<\/script>\n<!-- \/ Yoast SEO plugin. -->","yoast_head_json":{"title":"Avignon: Moli\u00e8re\u00a0en aurait fait sa capitale - Lyon Bondy Blog","description":"Dans deux semaines, le 7 juillet, d\u00e9butera le Festival off, grand festival de l'art th\u00e9\u00e2tral \u00e0 Avignon. Venez le d\u00e9couvrir !","robots":{"index":"index","follow":"follow","max-snippet":"max-snippet:-1","max-image-preview":"max-image-preview:large","max-video-preview":"max-video-preview:-1"},"canonical":"https:\/\/lyonbondyblog.fr\/LBB\/avignon-moliere-en-aurait-fait-sa-capitale\/","og_locale":"fr_FR","og_type":"article","og_title":"Avignon: Moli\u00e8re\u00a0en aurait fait sa capitale - Lyon Bondy Blog","og_description":"Dans deux semaines, le 7 juillet, d\u00e9butera le Festival off, grand festival de l'art th\u00e9\u00e2tral \u00e0 Avignon. Venez le d\u00e9couvrir !","og_url":"https:\/\/lyonbondyblog.fr\/LBB\/avignon-moliere-en-aurait-fait-sa-capitale\/","og_site_name":"Lyon Bondy Blog","article_publisher":"https:\/\/www.facebook.com\/lyonbondyblog","article_published_time":"2023-06-12T16:35:57+00:00","article_modified_time":"2023-06-12T16:35:59+00:00","og_image":[{"width":1200,"height":1600,"url":"https:\/\/lyonbondyblog.fr\/LBB\/wp-content\/uploads\/2023\/06\/PHOTO-2023-06-12-18-19-50.jpg","type":"image\/jpeg"}],"author":"Matilda Passot","twitter_card":"summary_large_image","twitter_creator":"@bondybloglyon","twitter_site":"@bondybloglyon","schema":{"@context":"https:\/\/schema.org","@graph":[{"@type":"Article","@id":"https:\/\/lyonbondyblog.fr\/LBB\/avignon-moliere-en-aurait-fait-sa-capitale\/#article","isPartOf":{"@id":"https:\/\/lyonbondyblog.fr\/LBB\/avignon-moliere-en-aurait-fait-sa-capitale\/"},"author":{"name":"Matilda Passot","@id":"https:\/\/lyonbondyblog.fr\/LBB\/#\/schema\/person\/821670c9ea2a73ee8fa6917c83cf6241"},"headline":"Avignon: Moli\u00e8re\u00a0en aurait fait sa capitale","datePublished":"2023-06-12T16:35:57+00:00","dateModified":"2023-06-12T16:35:59+00:00","mainEntityOfPage":{"@id":"https:\/\/lyonbondyblog.fr\/LBB\/avignon-moliere-en-aurait-fait-sa-capitale\/"},"wordCount":432,"commentCount":0,"publisher":{"@id":"https:\/\/lyonbondyblog.fr\/LBB\/#organization"},"image":{"@id":"https:\/\/lyonbondyblog.fr\/LBB\/avignon-moliere-en-aurait-fait-sa-capitale\/#primaryimage"},"thumbnailUrl":"https:\/\/lyonbondyblog.fr\/LBB\/wp-content\/uploads\/2023\/06\/PHOTO-2023-06-12-18-19-50.jpg","keywords":["Art","avignon","Culture","Lyon Bondy Blog","th\u00e9\u00e2tre"],"articleSection":["Art","Culture"],"inLanguage":"fr-FR","potentialAction":[{"@type":"CommentAction","name":"Comment","target":["https:\/\/lyonbondyblog.fr\/LBB\/avignon-moliere-en-aurait-fait-sa-capitale\/#respond"]}]},{"@type":"WebPage","@id":"https:\/\/lyonbondyblog.fr\/LBB\/avignon-moliere-en-aurait-fait-sa-capitale\/","url":"https:\/\/lyonbondyblog.fr\/LBB\/avignon-moliere-en-aurait-fait-sa-capitale\/","name":"Avignon: Moli\u00e8re\u00a0en aurait fait sa capitale - Lyon Bondy Blog","isPartOf":{"@id":"https:\/\/lyonbondyblog.fr\/LBB\/#website"},"primaryImageOfPage":{"@id":"https:\/\/lyonbondyblog.fr\/LBB\/avignon-moliere-en-aurait-fait-sa-capitale\/#primaryimage"},"image":{"@id":"https:\/\/lyonbondyblog.fr\/LBB\/avignon-moliere-en-aurait-fait-sa-capitale\/#primaryimage"},"thumbnailUrl":"https:\/\/lyonbondyblog.fr\/LBB\/wp-content\/uploads\/2023\/06\/PHOTO-2023-06-12-18-19-50.jpg","datePublished":"2023-06-12T16:35:57+00:00","dateModified":"2023-06-12T16:35:59+00:00","description":"Dans deux semaines, le 7 juillet, d\u00e9butera le Festival off, grand festival de l'art th\u00e9\u00e2tral \u00e0 Avignon. Venez le d\u00e9couvrir !","inLanguage":"fr-FR","potentialAction":[{"@type":"ReadAction","target":["https:\/\/lyonbondyblog.fr\/LBB\/avignon-moliere-en-aurait-fait-sa-capitale\/"]}]},{"@type":"ImageObject","inLanguage":"fr-FR","@id":"https:\/\/lyonbondyblog.fr\/LBB\/avignon-moliere-en-aurait-fait-sa-capitale\/#primaryimage","url":"https:\/\/lyonbondyblog.fr\/LBB\/wp-content\/uploads\/2023\/06\/PHOTO-2023-06-12-18-19-50.jpg","contentUrl":"https:\/\/lyonbondyblog.fr\/LBB\/wp-content\/uploads\/2023\/06\/PHOTO-2023-06-12-18-19-50.jpg","width":1200,"height":1600},{"@type":"WebSite","@id":"https:\/\/lyonbondyblog.fr\/LBB\/#website","url":"https:\/\/lyonbondyblog.fr\/LBB\/","name":"Lyon Bondy Blog","description":"","publisher":{"@id":"https:\/\/lyonbondyblog.fr\/LBB\/#organization"},"potentialAction":[{"@type":"SearchAction","target":{"@type":"EntryPoint","urlTemplate":"https:\/\/lyonbondyblog.fr\/LBB\/?s={search_term_string}"},"query-input":"required name=search_term_string"}],"inLanguage":"fr-FR"},{"@type":"Organization","@id":"https:\/\/lyonbondyblog.fr\/LBB\/#organization","name":"LYON BONDY BLOG","url":"https:\/\/lyonbondyblog.fr\/LBB\/","logo":{"@type":"ImageObject","inLanguage":"fr-FR","@id":"https:\/\/lyonbondyblog.fr\/LBB\/#\/schema\/logo\/image\/","url":"http:\/\/lyonbondyblog.fr\/LBB\/wp-content\/uploads\/2014\/10\/logo-portable-144.png","contentUrl":"http:\/\/lyonbondyblog.fr\/LBB\/wp-content\/uploads\/2014\/10\/logo-portable-144.png","width":144,"height":123,"caption":"LYON BONDY BLOG"},"image":{"@id":"https:\/\/lyonbondyblog.fr\/LBB\/#\/schema\/logo\/image\/"},"sameAs":["https:\/\/www.facebook.com\/lyonbondyblog","https:\/\/x.com\/bondybloglyon"]},{"@type":"Person","@id":"https:\/\/lyonbondyblog.fr\/LBB\/#\/schema\/person\/821670c9ea2a73ee8fa6917c83cf6241","name":"Matilda Passot","url":"https:\/\/lyonbondyblog.fr\/LBB\/author\/matildap\/"}]}},"_links":{"self":[{"href":"https:\/\/lyonbondyblog.fr\/LBB\/wp-json\/wp\/v2\/posts\/32594","targetHints":{"allow":["GET"]}}],"collection":[{"href":"https:\/\/lyonbondyblog.fr\/LBB\/wp-json\/wp\/v2\/posts"}],"about":[{"href":"https:\/\/lyonbondyblog.fr\/LBB\/wp-json\/wp\/v2\/types\/post"}],"author":[{"embeddable":true,"href":"https:\/\/lyonbondyblog.fr\/LBB\/wp-json\/wp\/v2\/users\/31871"}],"replies":[{"embeddable":true,"href":"https:\/\/lyonbondyblog.fr\/LBB\/wp-json\/wp\/v2\/comments?post=32594"}],"version-history":[{"count":1,"href":"https:\/\/lyonbondyblog.fr\/LBB\/wp-json\/wp\/v2\/posts\/32594\/revisions"}],"predecessor-version":[{"id":32597,"href":"https:\/\/lyonbondyblog.fr\/LBB\/wp-json\/wp\/v2\/posts\/32594\/revisions\/32597"}],"wp:featuredmedia":[{"embeddable":true,"href":"https:\/\/lyonbondyblog.fr\/LBB\/wp-json\/wp\/v2\/media\/32596"}],"wp:attachment":[{"href":"https:\/\/lyonbondyblog.fr\/LBB\/wp-json\/wp\/v2\/media?parent=32594"}],"wp:term":[{"taxonomy":"category","embeddable":true,"href":"https:\/\/lyonbondyblog.fr\/LBB\/wp-json\/wp\/v2\/categories?post=32594"},{"taxonomy":"post_tag","embeddable":true,"href":"https:\/\/lyonbondyblog.fr\/LBB\/wp-json\/wp\/v2\/tags?post=32594"}],"curies":[{"name":"wp","href":"https:\/\/api.w.org\/{rel}","templated":true}]}}