{"id":3257,"date":"2009-11-21T12:34:36","date_gmt":"2009-11-21T11:34:36","guid":{"rendered":"http:\/\/lyonbondyblog.fr\/LBB\/?p=3257"},"modified":"2013-08-02T12:36:43","modified_gmt":"2013-08-02T10:36:43","slug":"si-la-loi-sur-la-burka-passe-je-ne-sortirai-plus","status":"publish","type":"post","link":"https:\/\/lyonbondyblog.fr\/LBB\/si-la-loi-sur-la-burka-passe-je-ne-sortirai-plus\/","title":{"rendered":"\u00ab Si la loi sur la burka passe, je ne sortirai plus ! \u00bb"},"content":{"rendered":"<p><strong>Le d\u00e9bat sur le voile int\u00e9gral suscite toujours beaucoup de pol\u00e9mique et de r\u00e9actions. Rencontre, \u00e0 Villefranche sur Sa\u00f4ne, avec ces femmes qui portent la burka.<\/strong><\/p>\n<div><img loading=\"lazy\" decoding=\"async\" class=\"alignleft\" alt=\"\" src=\"http:\/\/yahoo.lyon.bondyblog.fr\/images\/bur.jpg\" width=\"194\" height=\"194\" \/><\/div>\n<div>\u00a0Dans un quartier populaire de Villefranche sur Sa\u00f4ne, je suis all\u00e9e \u00e0 la rencontre de ces femmes qui font parfois la Une mais que l\u2019on n\u2019entend pas souvent. Villefranche sur Sa\u00f4ne, commune de 40 000 habitants situ\u00e9s \u00e0 30km au nord de Lyon, compte une importante communaut\u00e9 salafiste, adepte d\u2019un islam originel.<\/div>\n<p>Le lieu de rendez-vous se situe dans l\u2019appartement de Nabila. D\u00e8s mon arriv\u00e9e, l\u2019une d\u2019entre elles me pose la question\u00a0: \u00ab\u00a0Tu crois que la loi va passer\u00a0? \u00bb Je lui r\u00e9ponds que \u00ab\u00a0le caract\u00e8re sacr\u00e9e d\u2019une loi r\u00e9side dans le fait qu\u2019elle a une port\u00e9e g\u00e9n\u00e9rale, qu\u2019elle ne cr\u00e9\u00e9e pas de distinction entre les citoyens\u00a0\u00bb. Mais l\u00e0, j\u2019ai des doutes.<\/p>\n<p>Les six femmes pr\u00e9sentes semblent tr\u00e8s inqui\u00e8tes sur le sujet. Elles s\u2019informent, contrairement \u00e0 ce que beaucoup pensent. On me parle du discours de Nicolas Sarkozy disant que la \u00ab\u00a0burka\u00a0\u00bb n\u2019a pas de place sur le territoire national, qu\u2019elle est contraire aux valeurs de la r\u00e9publique. Elles ont l\u2019impression d\u2019\u00eatre les laiss\u00e9es pour compte. Sofia me sert une tasse de caf\u00e9 accompagn\u00e9 d\u2019un assortiment de g\u00e2teau. Je les laisse parler. Je sens qu\u2019elles en ont gros sur le c\u0153ur.<\/p>\n<p>L\u2019une d\u2019elles, Samira, me dit qu\u2019elle a peur de sortir parfois car il arrive que certaines femmes portant le voile int\u00e9gral soient victimes d\u2019agression.<\/p>\n<p>\u00a0\u00bb\u00a0<i>Une fois, je me baladais en ville, pour faire des courses. Je portais un long voile qui ne cachait pas mon visage. Deux hommes en voiture s\u2019arr\u00eatent \u00e0 ma hauteur. Ils me lancent un \u00ab\u00a0rentre dans ton pays \u00ab\u00a0. J\u2019ai senti la haine chez ces personnes \u00e0 qui je n\u2019avais caus\u00e9 aucun tord. Je leur r\u00e9ponds\u00a0\u00a0\u00bb c\u2019est ici mon pays \u00ab\u00a0. Ma r\u00e9ponse n\u2019a pas d\u00fb leur plaire car l\u2019un des deux me crache dessus\u00a0\u00ab\u00a0<\/i> confie Samira, caladoise \u00e2g\u00e9e de 25 ans.<\/p>\n<p>\u00a0\u00bb\u00a0<i>Je faisais des courses dans un supermarch\u00e9 avec mon mari et mes enfants. C\u2019\u00e9tait au d\u00e9but de la pol\u00e9mique sur le voile int\u00e9grale. Tous les yeux \u00e9taient pos\u00e9s sur moi. Je ne comprenais, j\u2019ai toujours fait mes courses dans ce supermarch\u00e9, v\u00eatue d\u2019un sitar (voile qui cache le visage) je n\u2019ai jamais eu de probl\u00e8me. J\u2019ai commenc\u00e9 \u00e0 me sentir oppress\u00e9e, j\u2019\u00e9touffais. J\u2019ai dit \u00e0 mon mari que je voulais m\u2019en aller. Il m\u2019a rassur\u00e9e en me disant je ne devais pas me soucier des autres, que je ne faisais rien de mal. Une dame assez \u00e2g\u00e9e me d\u00e9visageait tellement que je lui ai demand\u00e9 s\u2019il y avait quelque chose qui cloche. Elle m\u2019a r\u00e9pondu sur un ton sec\u00a0:\u00a0\u00a0\u00bb Ne m\u2019adressez pas la parole. Je ne parle pas \u00e0 des gens comme vous \u00ab\u00a0. J\u2019ai craqu\u00e9 et suis partie laissant mon chariot. Depuis, je sors le moins possible, c\u2019est mon mari qui fais les courses le plus souvent<\/i>\u00a0\u00a0\u00bb t\u00e9moigne Malika, 26 ans, caladoise \u00e9galement.<\/p>\n<p>\u00a0\u00bb\u00a0<i>Si cette loi passe, je ne sortirai plus, c\u2019est s\u00fbr\u00a0!\u00a0\u00ab\u00a0<\/i> annonce Samira. Les autres femmes hochent la t\u00eate en signe d\u2019approbation.<\/p>\n<p><span style=\"text-decoration: underline;\">Auteur : Rafika Bendermel<\/span><\/p>\n<!-- AddThis Advanced Settings generic via filter on the_content --><!-- AddThis Share Buttons generic via filter on the_content -->","protected":false},"excerpt":{"rendered":"<p>Le d\u00e9bat sur le voile int\u00e9gral suscite toujours beaucoup de pol\u00e9mique et de r\u00e9actions. Rencontre, \u00e0 Villefranche sur Sa\u00f4ne, avec ces femmes qui portent la &hellip; <!-- AddThis Advanced Settings generic via filter on wp_trim_excerpt --><!-- AddThis Share Buttons generic via filter on wp_trim_excerpt --><\/p>\n","protected":false},"author":1,"featured_media":3258,"comment_status":"open","ping_status":"open","sticky":false,"template":"","format":"standard","meta":{"_FSMCFIC_featured_image_caption":"","_FSMCFIC_featured_image_nocaption":"","_FSMCFIC_featured_image_hide":"","footnotes":""},"categories":[4],"tags":[762,135,112,763,726],"class_list":["post-3257","post","type-post","status-publish","format-standard","has-post-thumbnail","hentry","category-lyon","tag-burka","tag-lbb","tag-lyon-bondy-blog","tag-niqab","tag-villefranche-sur-saone"],"yoast_head":"<!-- This site is optimized with the Yoast SEO plugin v22.8 - https:\/\/yoast.com\/wordpress\/plugins\/seo\/ -->\n<title>\u00ab Si la loi sur la burka passe, je ne sortirai plus ! \u00bb - Lyon Bondy Blog<\/title>\n<meta name=\"robots\" content=\"index, follow, max-snippet:-1, max-image-preview:large, max-video-preview:-1\" \/>\n<link rel=\"canonical\" href=\"https:\/\/lyonbondyblog.fr\/LBB\/si-la-loi-sur-la-burka-passe-je-ne-sortirai-plus\/\" \/>\n<meta property=\"og:locale\" content=\"fr_FR\" \/>\n<meta property=\"og:type\" content=\"article\" \/>\n<meta property=\"og:title\" content=\"\u00ab Si la loi sur la burka passe, je ne sortirai plus ! \u00bb - Lyon Bondy Blog\" \/>\n<meta property=\"og:description\" content=\"Le d\u00e9bat sur le voile int\u00e9gral suscite toujours beaucoup de pol\u00e9mique et de r\u00e9actions. Rencontre, \u00e0 Villefranche sur Sa\u00f4ne, avec ces femmes qui portent la &hellip;\" \/>\n<meta property=\"og:url\" content=\"https:\/\/lyonbondyblog.fr\/LBB\/si-la-loi-sur-la-burka-passe-je-ne-sortirai-plus\/\" \/>\n<meta property=\"og:site_name\" content=\"Lyon Bondy Blog\" \/>\n<meta property=\"article:publisher\" content=\"https:\/\/www.facebook.com\/lyonbondyblog\" \/>\n<meta property=\"article:author\" content=\"https:\/\/www.facebook.com\/lyonbondyblog\" \/>\n<meta property=\"article:published_time\" content=\"2009-11-21T11:34:36+00:00\" \/>\n<meta property=\"article:modified_time\" content=\"2013-08-02T10:36:43+00:00\" \/>\n<meta property=\"og:image\" content=\"https:\/\/lyonbondyblog.fr\/LBB\/wp-content\/uploads\/2013\/08\/bur.jpg\" \/>\n\t<meta property=\"og:image:width\" content=\"194\" \/>\n\t<meta property=\"og:image:height\" content=\"194\" \/>\n\t<meta property=\"og:image:type\" content=\"image\/jpeg\" \/>\n<meta name=\"author\" content=\"La r\u00e9daction\" \/>\n<meta name=\"twitter:card\" content=\"summary_large_image\" \/>\n<meta name=\"twitter:creator\" content=\"@BondyBlogLyon\" \/>\n<meta name=\"twitter:site\" content=\"@bondybloglyon\" \/>\n<script type=\"application\/ld+json\" class=\"yoast-schema-graph\">{\"@context\":\"https:\/\/schema.org\",\"@graph\":[{\"@type\":\"Article\",\"@id\":\"https:\/\/lyonbondyblog.fr\/LBB\/si-la-loi-sur-la-burka-passe-je-ne-sortirai-plus\/#article\",\"isPartOf\":{\"@id\":\"https:\/\/lyonbondyblog.fr\/LBB\/si-la-loi-sur-la-burka-passe-je-ne-sortirai-plus\/\"},\"author\":{\"name\":\"La r\u00e9daction\",\"@id\":\"https:\/\/lyonbondyblog.fr\/LBB\/#\/schema\/person\/e45f8d27baac75072daa0be50c409b25\"},\"headline\":\"\u00ab Si la loi sur la burka passe, je ne sortirai plus ! \u00bb\",\"datePublished\":\"2009-11-21T11:34:36+00:00\",\"dateModified\":\"2013-08-02T10:36:43+00:00\",\"mainEntityOfPage\":{\"@id\":\"https:\/\/lyonbondyblog.fr\/LBB\/si-la-loi-sur-la-burka-passe-je-ne-sortirai-plus\/\"},\"wordCount\":593,\"commentCount\":0,\"publisher\":{\"@id\":\"https:\/\/lyonbondyblog.fr\/LBB\/#organization\"},\"image\":{\"@id\":\"https:\/\/lyonbondyblog.fr\/LBB\/si-la-loi-sur-la-burka-passe-je-ne-sortirai-plus\/#primaryimage\"},\"thumbnailUrl\":\"https:\/\/lyonbondyblog.fr\/LBB\/wp-content\/uploads\/2013\/08\/bur.jpg\",\"keywords\":[\"burka\",\"LBB\",\"Lyon Bondy Blog\",\"niqab\",\"Villefranche-sur-Sa\u00f4ne\"],\"articleSection\":[\"Lyon\"],\"inLanguage\":\"fr-FR\",\"potentialAction\":[{\"@type\":\"CommentAction\",\"name\":\"Comment\",\"target\":[\"https:\/\/lyonbondyblog.fr\/LBB\/si-la-loi-sur-la-burka-passe-je-ne-sortirai-plus\/#respond\"]}]},{\"@type\":\"WebPage\",\"@id\":\"https:\/\/lyonbondyblog.fr\/LBB\/si-la-loi-sur-la-burka-passe-je-ne-sortirai-plus\/\",\"url\":\"https:\/\/lyonbondyblog.fr\/LBB\/si-la-loi-sur-la-burka-passe-je-ne-sortirai-plus\/\",\"name\":\"\u00ab Si la loi sur la burka passe, je ne sortirai plus ! \u00bb - Lyon Bondy Blog\",\"isPartOf\":{\"@id\":\"https:\/\/lyonbondyblog.fr\/LBB\/#website\"},\"primaryImageOfPage\":{\"@id\":\"https:\/\/lyonbondyblog.fr\/LBB\/si-la-loi-sur-la-burka-passe-je-ne-sortirai-plus\/#primaryimage\"},\"image\":{\"@id\":\"https:\/\/lyonbondyblog.fr\/LBB\/si-la-loi-sur-la-burka-passe-je-ne-sortirai-plus\/#primaryimage\"},\"thumbnailUrl\":\"https:\/\/lyonbondyblog.fr\/LBB\/wp-content\/uploads\/2013\/08\/bur.jpg\",\"datePublished\":\"2009-11-21T11:34:36+00:00\",\"dateModified\":\"2013-08-02T10:36:43+00:00\",\"inLanguage\":\"fr-FR\",\"potentialAction\":[{\"@type\":\"ReadAction\",\"target\":[\"https:\/\/lyonbondyblog.fr\/LBB\/si-la-loi-sur-la-burka-passe-je-ne-sortirai-plus\/\"]}]},{\"@type\":\"ImageObject\",\"inLanguage\":\"fr-FR\",\"@id\":\"https:\/\/lyonbondyblog.fr\/LBB\/si-la-loi-sur-la-burka-passe-je-ne-sortirai-plus\/#primaryimage\",\"url\":\"https:\/\/lyonbondyblog.fr\/LBB\/wp-content\/uploads\/2013\/08\/bur.jpg\",\"contentUrl\":\"https:\/\/lyonbondyblog.fr\/LBB\/wp-content\/uploads\/2013\/08\/bur.jpg\",\"width\":194,\"height\":194},{\"@type\":\"WebSite\",\"@id\":\"https:\/\/lyonbondyblog.fr\/LBB\/#website\",\"url\":\"https:\/\/lyonbondyblog.fr\/LBB\/\",\"name\":\"Lyon Bondy Blog\",\"description\":\"\",\"publisher\":{\"@id\":\"https:\/\/lyonbondyblog.fr\/LBB\/#organization\"},\"potentialAction\":[{\"@type\":\"SearchAction\",\"target\":{\"@type\":\"EntryPoint\",\"urlTemplate\":\"https:\/\/lyonbondyblog.fr\/LBB\/?s={search_term_string}\"},\"query-input\":\"required name=search_term_string\"}],\"inLanguage\":\"fr-FR\"},{\"@type\":\"Organization\",\"@id\":\"https:\/\/lyonbondyblog.fr\/LBB\/#organization\",\"name\":\"LYON BONDY BLOG\",\"url\":\"https:\/\/lyonbondyblog.fr\/LBB\/\",\"logo\":{\"@type\":\"ImageObject\",\"inLanguage\":\"fr-FR\",\"@id\":\"https:\/\/lyonbondyblog.fr\/LBB\/#\/schema\/logo\/image\/\",\"url\":\"http:\/\/lyonbondyblog.fr\/LBB\/wp-content\/uploads\/2014\/10\/logo-portable-144.png\",\"contentUrl\":\"http:\/\/lyonbondyblog.fr\/LBB\/wp-content\/uploads\/2014\/10\/logo-portable-144.png\",\"width\":144,\"height\":123,\"caption\":\"LYON BONDY BLOG\"},\"image\":{\"@id\":\"https:\/\/lyonbondyblog.fr\/LBB\/#\/schema\/logo\/image\/\"},\"sameAs\":[\"https:\/\/www.facebook.com\/lyonbondyblog\",\"https:\/\/x.com\/bondybloglyon\"]},{\"@type\":\"Person\",\"@id\":\"https:\/\/lyonbondyblog.fr\/LBB\/#\/schema\/person\/e45f8d27baac75072daa0be50c409b25\",\"name\":\"La r\u00e9daction\",\"description\":\"Cr\u00e9e en 2008, la r\u00e9daction du Lyon Bondy Blog s'applique \u00e0 proposer une information locale diff\u00e9rente et compl\u00e9mentaire des m\u00e9dias traditionnels.\",\"sameAs\":[\"https:\/\/www.facebook.com\/lyonbondyblog\",\"https:\/\/x.com\/BondyBlogLyon\"],\"url\":\"https:\/\/lyonbondyblog.fr\/LBB\/author\/admin\/\"}]}<\/script>\n<!-- \/ Yoast SEO plugin. -->","yoast_head_json":{"title":"\u00ab Si la loi sur la burka passe, je ne sortirai plus ! \u00bb - Lyon Bondy Blog","robots":{"index":"index","follow":"follow","max-snippet":"max-snippet:-1","max-image-preview":"max-image-preview:large","max-video-preview":"max-video-preview:-1"},"canonical":"https:\/\/lyonbondyblog.fr\/LBB\/si-la-loi-sur-la-burka-passe-je-ne-sortirai-plus\/","og_locale":"fr_FR","og_type":"article","og_title":"\u00ab Si la loi sur la burka passe, je ne sortirai plus ! \u00bb - Lyon Bondy Blog","og_description":"Le d\u00e9bat sur le voile int\u00e9gral suscite toujours beaucoup de pol\u00e9mique et de r\u00e9actions. Rencontre, \u00e0 Villefranche sur Sa\u00f4ne, avec ces femmes qui portent la &hellip;","og_url":"https:\/\/lyonbondyblog.fr\/LBB\/si-la-loi-sur-la-burka-passe-je-ne-sortirai-plus\/","og_site_name":"Lyon Bondy Blog","article_publisher":"https:\/\/www.facebook.com\/lyonbondyblog","article_author":"https:\/\/www.facebook.com\/lyonbondyblog","article_published_time":"2009-11-21T11:34:36+00:00","article_modified_time":"2013-08-02T10:36:43+00:00","og_image":[{"width":194,"height":194,"url":"https:\/\/lyonbondyblog.fr\/LBB\/wp-content\/uploads\/2013\/08\/bur.jpg","type":"image\/jpeg"}],"author":"La r\u00e9daction","twitter_card":"summary_large_image","twitter_creator":"@BondyBlogLyon","twitter_site":"@bondybloglyon","schema":{"@context":"https:\/\/schema.org","@graph":[{"@type":"Article","@id":"https:\/\/lyonbondyblog.fr\/LBB\/si-la-loi-sur-la-burka-passe-je-ne-sortirai-plus\/#article","isPartOf":{"@id":"https:\/\/lyonbondyblog.fr\/LBB\/si-la-loi-sur-la-burka-passe-je-ne-sortirai-plus\/"},"author":{"name":"La r\u00e9daction","@id":"https:\/\/lyonbondyblog.fr\/LBB\/#\/schema\/person\/e45f8d27baac75072daa0be50c409b25"},"headline":"\u00ab Si la loi sur la burka passe, je ne sortirai plus ! \u00bb","datePublished":"2009-11-21T11:34:36+00:00","dateModified":"2013-08-02T10:36:43+00:00","mainEntityOfPage":{"@id":"https:\/\/lyonbondyblog.fr\/LBB\/si-la-loi-sur-la-burka-passe-je-ne-sortirai-plus\/"},"wordCount":593,"commentCount":0,"publisher":{"@id":"https:\/\/lyonbondyblog.fr\/LBB\/#organization"},"image":{"@id":"https:\/\/lyonbondyblog.fr\/LBB\/si-la-loi-sur-la-burka-passe-je-ne-sortirai-plus\/#primaryimage"},"thumbnailUrl":"https:\/\/lyonbondyblog.fr\/LBB\/wp-content\/uploads\/2013\/08\/bur.jpg","keywords":["burka","LBB","Lyon Bondy Blog","niqab","Villefranche-sur-Sa\u00f4ne"],"articleSection":["Lyon"],"inLanguage":"fr-FR","potentialAction":[{"@type":"CommentAction","name":"Comment","target":["https:\/\/lyonbondyblog.fr\/LBB\/si-la-loi-sur-la-burka-passe-je-ne-sortirai-plus\/#respond"]}]},{"@type":"WebPage","@id":"https:\/\/lyonbondyblog.fr\/LBB\/si-la-loi-sur-la-burka-passe-je-ne-sortirai-plus\/","url":"https:\/\/lyonbondyblog.fr\/LBB\/si-la-loi-sur-la-burka-passe-je-ne-sortirai-plus\/","name":"\u00ab Si la loi sur la burka passe, je ne sortirai plus ! \u00bb - Lyon Bondy Blog","isPartOf":{"@id":"https:\/\/lyonbondyblog.fr\/LBB\/#website"},"primaryImageOfPage":{"@id":"https:\/\/lyonbondyblog.fr\/LBB\/si-la-loi-sur-la-burka-passe-je-ne-sortirai-plus\/#primaryimage"},"image":{"@id":"https:\/\/lyonbondyblog.fr\/LBB\/si-la-loi-sur-la-burka-passe-je-ne-sortirai-plus\/#primaryimage"},"thumbnailUrl":"https:\/\/lyonbondyblog.fr\/LBB\/wp-content\/uploads\/2013\/08\/bur.jpg","datePublished":"2009-11-21T11:34:36+00:00","dateModified":"2013-08-02T10:36:43+00:00","inLanguage":"fr-FR","potentialAction":[{"@type":"ReadAction","target":["https:\/\/lyonbondyblog.fr\/LBB\/si-la-loi-sur-la-burka-passe-je-ne-sortirai-plus\/"]}]},{"@type":"ImageObject","inLanguage":"fr-FR","@id":"https:\/\/lyonbondyblog.fr\/LBB\/si-la-loi-sur-la-burka-passe-je-ne-sortirai-plus\/#primaryimage","url":"https:\/\/lyonbondyblog.fr\/LBB\/wp-content\/uploads\/2013\/08\/bur.jpg","contentUrl":"https:\/\/lyonbondyblog.fr\/LBB\/wp-content\/uploads\/2013\/08\/bur.jpg","width":194,"height":194},{"@type":"WebSite","@id":"https:\/\/lyonbondyblog.fr\/LBB\/#website","url":"https:\/\/lyonbondyblog.fr\/LBB\/","name":"Lyon Bondy Blog","description":"","publisher":{"@id":"https:\/\/lyonbondyblog.fr\/LBB\/#organization"},"potentialAction":[{"@type":"SearchAction","target":{"@type":"EntryPoint","urlTemplate":"https:\/\/lyonbondyblog.fr\/LBB\/?s={search_term_string}"},"query-input":"required name=search_term_string"}],"inLanguage":"fr-FR"},{"@type":"Organization","@id":"https:\/\/lyonbondyblog.fr\/LBB\/#organization","name":"LYON BONDY BLOG","url":"https:\/\/lyonbondyblog.fr\/LBB\/","logo":{"@type":"ImageObject","inLanguage":"fr-FR","@id":"https:\/\/lyonbondyblog.fr\/LBB\/#\/schema\/logo\/image\/","url":"http:\/\/lyonbondyblog.fr\/LBB\/wp-content\/uploads\/2014\/10\/logo-portable-144.png","contentUrl":"http:\/\/lyonbondyblog.fr\/LBB\/wp-content\/uploads\/2014\/10\/logo-portable-144.png","width":144,"height":123,"caption":"LYON BONDY BLOG"},"image":{"@id":"https:\/\/lyonbondyblog.fr\/LBB\/#\/schema\/logo\/image\/"},"sameAs":["https:\/\/www.facebook.com\/lyonbondyblog","https:\/\/x.com\/bondybloglyon"]},{"@type":"Person","@id":"https:\/\/lyonbondyblog.fr\/LBB\/#\/schema\/person\/e45f8d27baac75072daa0be50c409b25","name":"La r\u00e9daction","description":"Cr\u00e9e en 2008, la r\u00e9daction du Lyon Bondy Blog s'applique \u00e0 proposer une information locale diff\u00e9rente et compl\u00e9mentaire des m\u00e9dias traditionnels.","sameAs":["https:\/\/www.facebook.com\/lyonbondyblog","https:\/\/x.com\/BondyBlogLyon"],"url":"https:\/\/lyonbondyblog.fr\/LBB\/author\/admin\/"}]}},"_links":{"self":[{"href":"https:\/\/lyonbondyblog.fr\/LBB\/wp-json\/wp\/v2\/posts\/3257","targetHints":{"allow":["GET"]}}],"collection":[{"href":"https:\/\/lyonbondyblog.fr\/LBB\/wp-json\/wp\/v2\/posts"}],"about":[{"href":"https:\/\/lyonbondyblog.fr\/LBB\/wp-json\/wp\/v2\/types\/post"}],"author":[{"embeddable":true,"href":"https:\/\/lyonbondyblog.fr\/LBB\/wp-json\/wp\/v2\/users\/1"}],"replies":[{"embeddable":true,"href":"https:\/\/lyonbondyblog.fr\/LBB\/wp-json\/wp\/v2\/comments?post=3257"}],"version-history":[{"count":0,"href":"https:\/\/lyonbondyblog.fr\/LBB\/wp-json\/wp\/v2\/posts\/3257\/revisions"}],"wp:featuredmedia":[{"embeddable":true,"href":"https:\/\/lyonbondyblog.fr\/LBB\/wp-json\/wp\/v2\/media\/3258"}],"wp:attachment":[{"href":"https:\/\/lyonbondyblog.fr\/LBB\/wp-json\/wp\/v2\/media?parent=3257"}],"wp:term":[{"taxonomy":"category","embeddable":true,"href":"https:\/\/lyonbondyblog.fr\/LBB\/wp-json\/wp\/v2\/categories?post=3257"},{"taxonomy":"post_tag","embeddable":true,"href":"https:\/\/lyonbondyblog.fr\/LBB\/wp-json\/wp\/v2\/tags?post=3257"}],"curies":[{"name":"wp","href":"https:\/\/api.w.org\/{rel}","templated":true}]}}