{"id":32495,"date":"2023-05-16T17:09:26","date_gmt":"2023-05-16T15:09:26","guid":{"rendered":"http:\/\/lyonbondyblog.fr\/LBB\/?p=32495"},"modified":"2023-05-16T17:15:14","modified_gmt":"2023-05-16T15:15:14","slug":"quand-seoul-et-shibuya-sinvitent-a-lyon","status":"publish","type":"post","link":"https:\/\/lyonbondyblog.fr\/LBB\/quand-seoul-et-shibuya-sinvitent-a-lyon\/","title":{"rendered":"<strong>Quand S\u00e9oul et Shibuya s\u2019invitent \u00e0 Lyon\u2026<\/strong>"},"content":{"rendered":"\n<p>Le 13 et 14 mai dernier au parc des expositions <a href=\"https:\/\/www.eurexpo.com\/\">Lyon Eurexpo<\/a> a eu lieu pour la 8<sup>e<\/sup> fois, les salons de la <a href=\"https:\/\/www.japan-touch.com\/haru\/\">Japan Touch Haru &amp; Geek Touch<\/a>. Cette \u00e9dition 2023 \u00e9tait, tout comme les pr\u00e9c\u00e9dentes, riche en couleurs et en originalit\u00e9&nbsp;!<\/p>\n\n\n\n<p>Un \u00e9v\u00e8nement o\u00f9 jeux vid\u00e9o, v\u00eatements traditionnels, mangas, divertissements, cosplays, objets d\u2019art, univers fantastiques, animations et bien d\u2019autres&nbsp;\u00e9taient au rendez-vous. C\u2019\u00e9tait \u00e7a la Japan Touch Haru &amp; Geek Touch 2023. Le rendez-vous par excellence de tous les passionn\u00e9s, amateurs et curieux de la culture japonaise et cor\u00e9enne. <\/p>\n\n\n\n<h2 class=\"wp-block-heading\"><strong>De la cr\u00e9ativit\u00e9 encore et encore&nbsp;!<\/strong><\/h2>\n\n\n\n<figure class=\"wp-block-image size-large\"><img loading=\"lazy\" decoding=\"async\" width=\"1741\" height=\"1920\" src=\"https:\/\/lyonbondyblog.fr\/LBB\/wp-content\/uploads\/2023\/05\/IMG_6173-1-1741x1920.jpg\" alt=\"\" class=\"wp-image-32505\" srcset=\"https:\/\/lyonbondyblog.fr\/LBB\/wp-content\/uploads\/2023\/05\/IMG_6173-1-1741x1920.jpg 1741w, https:\/\/lyonbondyblog.fr\/LBB\/wp-content\/uploads\/2023\/05\/IMG_6173-1-1088x1200.jpg 1088w, https:\/\/lyonbondyblog.fr\/LBB\/wp-content\/uploads\/2023\/05\/IMG_6173-1-768x847.jpg 768w, https:\/\/lyonbondyblog.fr\/LBB\/wp-content\/uploads\/2023\/05\/IMG_6173-1-1393x1536.jpg 1393w, https:\/\/lyonbondyblog.fr\/LBB\/wp-content\/uploads\/2023\/05\/IMG_6173-1-1858x2048.jpg 1858w\" sizes=\"auto, (max-width: 1741px) 100vw, 1741px\" \/><figcaption class=\"wp-element-caption\">Un des festivaliers de la Japan Touch d\u00e9guis\u00e9 en  Tanjiro, personnage de <em>Demon Slayer<\/em><\/figcaption><\/figure>\n\n\n\n<p>Comme \u00e0 chaque \u00e9dition, les visiteurs et participants du festival ont fait fort avec leurs cosplays. Le temps d\u2019un week-end, on se serait cru \u00e0 l\u2019int\u00e9rieur de <em><a href=\"https:\/\/fr.wikipedia.org\/wiki\/One_Piece\">One piece<\/a><\/em>, de <em><a href=\"https:\/\/fr.wikipedia.org\/wiki\/Demon_Slayer\">Demon Slayer<\/a><\/em>, ou encore<em> <a href=\"https:\/\/fr.wikipedia.org\/wiki\/L%27Attaque_des_Titans\">L\u2019attaque des Titans<\/a>, <\/em>tous \u00e9tant de c\u00e9l\u00e8bres anim\u00e9s japonais qui ne sont plus \u00e0 pr\u00e9senter. En analysant certains cosplays, on voyait clairement qu\u2019un v\u00e9ritable travail de customisation avait \u00e9t\u00e9 r\u00e9alis\u00e9 en amont par les personnes qui les arboraient fi\u00e8rement. &nbsp;Chaussures, coiffures, couleurs de cheveux, v\u00eatements, maquillage, accessoires, rien n\u2019a \u00e9t\u00e9 laiss\u00e9 \u00e0 part par nos \u00ab\u00a0cosplayeurs\u00a0\u00bb.<\/p>\n\n\n\n<p>Pour la plupart, leurs costumes \u00e9taient identiques \u00e0 ceux de leurs personnages pr\u00e9f\u00e9r\u00e9s. Parce que le cosplay c\u2019est avant tout cela, \u00ab&nbsp;<em>L\u2019art de repr\u00e9senter un personnage sp\u00e9cifique \u00e0 travers des costumes<\/em>&nbsp;\u00bb. D\u2019ailleurs ce week-end, <a href=\"https:\/\/en.wikipedia.org\/wiki\/Tanjiro_Kamado\">Kamado Tanjiro<\/a>, <a href=\"https:\/\/fr.wikipedia.org\/wiki\/Eren_J%C3%A4ger\">Eren Jager<\/a> et <a href=\"https:\/\/www.pokepedia.fr\/Pikachu\">Pikachu<\/a> \u00e9taient les vedettes de cet \u00e9v\u00e8nement. On apercevait la cape carrel\u00e9e du jeune Tanjiro, la queue de notre ami Pikachu ou encore la cape du bataillon d\u2019exploration du vaillant Eren Jagger \u00e0 chaque coin du site&nbsp;! D\u2019autres avec leurs stands comme <a href=\"https:\/\/www.instagram.com\/artorus_craft_maker\/\">Artorus Craft Maker<\/a><strong>,<\/strong> n\u2019ont pas h\u00e9sit\u00e9 \u00e0 repousser les limites de leur imagination en nous proposant des cartonnades&nbsp;: des personnages fabriqu\u00e9s en carton. Une id\u00e9e ing\u00e9nieuse qui n\u2019a laiss\u00e9 personne indiff\u00e9rent. Parmi ces cr\u00e9ations on retrouvait des robots ainsi que d\u2019autres cr\u00e9atures du m\u00eame type. <\/p>\n\n\n\n<h2 class=\"wp-block-heading\"><strong>Un \u00e9v\u00e8nement pour les petits et les grands&nbsp;<\/strong><\/h2>\n\n\n\n<p>Cet \u00e9v\u00e8nement est aussi connu pour sa capacit\u00e9 \u00e0 rassembler plusieurs g\u00e9n\u00e9rations. Que ce soit les groupes d\u2019adolescents ou de personnes \u00e2g\u00e9es, les parents qui accompagnaient leurs enfants, ou les familles enti\u00e8res (grands parents, parents et enfants r\u00e9unis), on y retrouvait toutes tranches d\u2019\u00e2ges. Et c\u2019est ce qui chaque ann\u00e9e, fait la beaut\u00e9 de cet \u00e9v\u00e8nement. D\u2019ailleurs, il n\u2019\u00e9tait pas rare d\u2019apercevoir des parents qui s\u2019empressaient de se diriger vers les stands o\u00f9 se trouvaient des objets \u00e0 l&rsquo;effigie de  leurs personnages favoris. Vous l\u2019aurez donc bien compris, cet \u00e9v\u00e8nement par la vari\u00e9t\u00e9 des produits qu\u2019il propose, a le don de faire perdre la t\u00eate \u00e0 toutes les personnes qui s&rsquo;y rendent&nbsp;!<\/p>\n\n\n\n<h2 class=\"wp-block-heading\"><strong>La Japan Touch&nbsp;: un march\u00e9 made in Japan XXL<\/strong><\/h2>\n\n\n\n<figure class=\"wp-block-image size-large\"><img loading=\"lazy\" decoding=\"async\" width=\"1920\" height=\"1917\" src=\"https:\/\/lyonbondyblog.fr\/LBB\/wp-content\/uploads\/2023\/05\/IMG_5995-1-1920x1917.jpg\" alt=\"\" class=\"wp-image-32506\" srcset=\"https:\/\/lyonbondyblog.fr\/LBB\/wp-content\/uploads\/2023\/05\/IMG_5995-1-1920x1917.jpg 1920w, https:\/\/lyonbondyblog.fr\/LBB\/wp-content\/uploads\/2023\/05\/IMG_5995-1-1200x1198.jpg 1200w, https:\/\/lyonbondyblog.fr\/LBB\/wp-content\/uploads\/2023\/05\/IMG_5995-1-150x150.jpg 150w, https:\/\/lyonbondyblog.fr\/LBB\/wp-content\/uploads\/2023\/05\/IMG_5995-1-768x767.jpg 768w, https:\/\/lyonbondyblog.fr\/LBB\/wp-content\/uploads\/2023\/05\/IMG_5995-1-1536x1533.jpg 1536w, https:\/\/lyonbondyblog.fr\/LBB\/wp-content\/uploads\/2023\/05\/IMG_5995-1-2048x2045.jpg 2048w\" sizes=\"auto, (max-width: 1920px) 100vw, 1920px\" \/><figcaption class=\"wp-element-caption\">Japan Touch Haru &amp; Geek Touch 2023<\/figcaption><\/figure>\n\n\n\n<p>Sur le site tout le monde pouvait trouver son compte. On se serait cru dans un de ces march\u00e9s situ\u00e9s en plein centre de Tokyo. L\u2019organisation du site a \u00e9t\u00e9 faite de telle sorte \u00e0 ce qu\u2019en se baladant, on puisse tomber sur diff\u00e9rents types de produits. Tout le long du parcours on retrouvait des stands avec des kimonos, des tableaux et des posters, de la vaisselle  \u00e0 l\u2019effigie des personnages de mangas, des perruques color\u00e9es, de la lingerie pour femmes, des amuses bouches, des th\u00e9s et bien d\u2019autres, tout droit venus du Japon et de la Cor\u00e9e. Un peu plus loin sur le site, on retrouvait \u00e9galement des stands qui proposaient de quoi se rafraichir et se remplir un peu la panse apr\u00e8s ce long parcours fait.<\/p>\n\n\n\n<p>Vu la qualit\u00e9 des programmations des \u00e9ditions ant\u00e9rieures et notamment celle de cette ann\u00e9e, tous les amateurs de la pop culture japonaise sont d\u00e9j\u00e0 pr\u00eats pour le prochain rendez-vous de la Japan Touch 2024.En attendant cette prochaine \u00e9dition, nous vous laissons revivre en images l\u2019\u00e9dition 2023&nbsp;!<\/p>\n\n\n\n<figure class=\"wp-block-video\"><video controls src=\"https:\/\/lyonbondyblog.fr\/LBB\/wp-content\/uploads\/2023\/05\/4FF0B6A1-C469-4163-9BB6-E25459017B6C-1.mov\"><\/video><\/figure>\n<!-- AddThis Advanced Settings generic via filter on the_content --><!-- AddThis Share Buttons generic via filter on the_content -->","protected":false},"excerpt":{"rendered":"<p>Le 13 et 14 mai dernier au parc des expositions Lyon Eurexpo a eu lieu pour la 8e fois, les salons de la Japan Touch &hellip; <!-- AddThis Advanced Settings generic via filter on wp_trim_excerpt --><!-- AddThis Share Buttons generic via filter on wp_trim_excerpt --><\/p>\n","protected":false},"author":31877,"featured_media":32508,"comment_status":"open","ping_status":"open","sticky":true,"template":"","format":"standard","meta":{"_FSMCFIC_featured_image_caption":"","_FSMCFIC_featured_image_nocaption":"","_FSMCFIC_featured_image_hide":"","footnotes":""},"categories":[3792,28333,4],"tags":[28332],"class_list":["post-32495","post","type-post","status-publish","format-standard","has-post-thumbnail","hentry","category-festival","category-japan-touch-2023","category-lyon","tag-japan-touch-2023"],"yoast_head":"<!-- This site is optimized with the Yoast SEO plugin v22.8 - https:\/\/yoast.com\/wordpress\/plugins\/seo\/ -->\n<title>Quand S\u00e9oul et Shibuya s&#039;invitent \u00e0 Lyon...<\/title>\n<meta name=\"description\" content=\"Le 14 et 15 mai dernier a eu lieu la Japan Touch Haru &amp; Geek Touch. Une \u00e9dition 2023 riche en couleurs et en originalit\u00e9!\" \/>\n<meta name=\"robots\" content=\"index, follow, max-snippet:-1, max-image-preview:large, max-video-preview:-1\" \/>\n<link rel=\"canonical\" href=\"https:\/\/lyonbondyblog.fr\/LBB\/quand-seoul-et-shibuya-sinvitent-a-lyon\/\" \/>\n<meta property=\"og:locale\" content=\"fr_FR\" \/>\n<meta property=\"og:type\" content=\"article\" \/>\n<meta property=\"og:title\" content=\"Quand S\u00e9oul et Shibuya s&#039;invitent \u00e0 Lyon...\" \/>\n<meta property=\"og:description\" content=\"Le 14 et 15 mai dernier a eu lieu la Japan Touch Haru &amp; Geek Touch. Une \u00e9dition 2023 riche en couleurs et en originalit\u00e9!\" \/>\n<meta property=\"og:url\" content=\"https:\/\/lyonbondyblog.fr\/LBB\/quand-seoul-et-shibuya-sinvitent-a-lyon\/\" \/>\n<meta property=\"og:site_name\" content=\"Lyon Bondy Blog\" \/>\n<meta property=\"article:publisher\" content=\"https:\/\/www.facebook.com\/lyonbondyblog\" \/>\n<meta property=\"article:published_time\" content=\"2023-05-16T15:09:26+00:00\" \/>\n<meta property=\"article:modified_time\" content=\"2023-05-16T15:15:14+00:00\" \/>\n<meta property=\"og:image\" content=\"https:\/\/lyonbondyblog.fr\/LBB\/wp-content\/uploads\/2023\/05\/IMG_5974-1.jpg\" \/>\n\t<meta property=\"og:image:width\" content=\"1512\" \/>\n\t<meta property=\"og:image:height\" content=\"1152\" \/>\n\t<meta property=\"og:image:type\" content=\"image\/jpeg\" \/>\n<meta name=\"author\" content=\"Claude Mouguiama Daouda\" \/>\n<meta name=\"twitter:card\" content=\"summary_large_image\" \/>\n<meta name=\"twitter:creator\" content=\"@bondybloglyon\" \/>\n<meta name=\"twitter:site\" content=\"@bondybloglyon\" \/>\n<script type=\"application\/ld+json\" class=\"yoast-schema-graph\">{\"@context\":\"https:\/\/schema.org\",\"@graph\":[{\"@type\":\"Article\",\"@id\":\"https:\/\/lyonbondyblog.fr\/LBB\/quand-seoul-et-shibuya-sinvitent-a-lyon\/#article\",\"isPartOf\":{\"@id\":\"https:\/\/lyonbondyblog.fr\/LBB\/quand-seoul-et-shibuya-sinvitent-a-lyon\/\"},\"author\":{\"name\":\"Claude Mouguiama Daouda\",\"@id\":\"https:\/\/lyonbondyblog.fr\/LBB\/#\/schema\/person\/d8f98fa0aa44da4a03ddf345d3e8eab9\"},\"headline\":\"Quand S\u00e9oul et Shibuya s\u2019invitent \u00e0 Lyon\u2026\",\"datePublished\":\"2023-05-16T15:09:26+00:00\",\"dateModified\":\"2023-05-16T15:15:14+00:00\",\"mainEntityOfPage\":{\"@id\":\"https:\/\/lyonbondyblog.fr\/LBB\/quand-seoul-et-shibuya-sinvitent-a-lyon\/\"},\"wordCount\":724,\"commentCount\":0,\"publisher\":{\"@id\":\"https:\/\/lyonbondyblog.fr\/LBB\/#organization\"},\"image\":{\"@id\":\"https:\/\/lyonbondyblog.fr\/LBB\/quand-seoul-et-shibuya-sinvitent-a-lyon\/#primaryimage\"},\"thumbnailUrl\":\"https:\/\/lyonbondyblog.fr\/LBB\/wp-content\/uploads\/2023\/05\/IMG_5974-1.jpg\",\"keywords\":[\"Japan Touch 2023\"],\"articleSection\":[\"Festival\",\"Japan Touch 2023\",\"Lyon\"],\"inLanguage\":\"fr-FR\",\"potentialAction\":[{\"@type\":\"CommentAction\",\"name\":\"Comment\",\"target\":[\"https:\/\/lyonbondyblog.fr\/LBB\/quand-seoul-et-shibuya-sinvitent-a-lyon\/#respond\"]}]},{\"@type\":\"WebPage\",\"@id\":\"https:\/\/lyonbondyblog.fr\/LBB\/quand-seoul-et-shibuya-sinvitent-a-lyon\/\",\"url\":\"https:\/\/lyonbondyblog.fr\/LBB\/quand-seoul-et-shibuya-sinvitent-a-lyon\/\",\"name\":\"Quand S\u00e9oul et Shibuya s'invitent \u00e0 Lyon...\",\"isPartOf\":{\"@id\":\"https:\/\/lyonbondyblog.fr\/LBB\/#website\"},\"primaryImageOfPage\":{\"@id\":\"https:\/\/lyonbondyblog.fr\/LBB\/quand-seoul-et-shibuya-sinvitent-a-lyon\/#primaryimage\"},\"image\":{\"@id\":\"https:\/\/lyonbondyblog.fr\/LBB\/quand-seoul-et-shibuya-sinvitent-a-lyon\/#primaryimage\"},\"thumbnailUrl\":\"https:\/\/lyonbondyblog.fr\/LBB\/wp-content\/uploads\/2023\/05\/IMG_5974-1.jpg\",\"datePublished\":\"2023-05-16T15:09:26+00:00\",\"dateModified\":\"2023-05-16T15:15:14+00:00\",\"description\":\"Le 14 et 15 mai dernier a eu lieu la Japan Touch Haru & Geek Touch. Une \u00e9dition 2023 riche en couleurs et en originalit\u00e9!\",\"inLanguage\":\"fr-FR\",\"potentialAction\":[{\"@type\":\"ReadAction\",\"target\":[\"https:\/\/lyonbondyblog.fr\/LBB\/quand-seoul-et-shibuya-sinvitent-a-lyon\/\"]}]},{\"@type\":\"ImageObject\",\"inLanguage\":\"fr-FR\",\"@id\":\"https:\/\/lyonbondyblog.fr\/LBB\/quand-seoul-et-shibuya-sinvitent-a-lyon\/#primaryimage\",\"url\":\"https:\/\/lyonbondyblog.fr\/LBB\/wp-content\/uploads\/2023\/05\/IMG_5974-1.jpg\",\"contentUrl\":\"https:\/\/lyonbondyblog.fr\/LBB\/wp-content\/uploads\/2023\/05\/IMG_5974-1.jpg\",\"width\":1512,\"height\":1152,\"caption\":\"Japan Touch 2023\"},{\"@type\":\"WebSite\",\"@id\":\"https:\/\/lyonbondyblog.fr\/LBB\/#website\",\"url\":\"https:\/\/lyonbondyblog.fr\/LBB\/\",\"name\":\"Lyon Bondy Blog\",\"description\":\"\",\"publisher\":{\"@id\":\"https:\/\/lyonbondyblog.fr\/LBB\/#organization\"},\"potentialAction\":[{\"@type\":\"SearchAction\",\"target\":{\"@type\":\"EntryPoint\",\"urlTemplate\":\"https:\/\/lyonbondyblog.fr\/LBB\/?s={search_term_string}\"},\"query-input\":\"required name=search_term_string\"}],\"inLanguage\":\"fr-FR\"},{\"@type\":\"Organization\",\"@id\":\"https:\/\/lyonbondyblog.fr\/LBB\/#organization\",\"name\":\"LYON BONDY BLOG\",\"url\":\"https:\/\/lyonbondyblog.fr\/LBB\/\",\"logo\":{\"@type\":\"ImageObject\",\"inLanguage\":\"fr-FR\",\"@id\":\"https:\/\/lyonbondyblog.fr\/LBB\/#\/schema\/logo\/image\/\",\"url\":\"http:\/\/lyonbondyblog.fr\/LBB\/wp-content\/uploads\/2014\/10\/logo-portable-144.png\",\"contentUrl\":\"http:\/\/lyonbondyblog.fr\/LBB\/wp-content\/uploads\/2014\/10\/logo-portable-144.png\",\"width\":144,\"height\":123,\"caption\":\"LYON BONDY BLOG\"},\"image\":{\"@id\":\"https:\/\/lyonbondyblog.fr\/LBB\/#\/schema\/logo\/image\/\"},\"sameAs\":[\"https:\/\/www.facebook.com\/lyonbondyblog\",\"https:\/\/x.com\/bondybloglyon\"]},{\"@type\":\"Person\",\"@id\":\"https:\/\/lyonbondyblog.fr\/LBB\/#\/schema\/person\/d8f98fa0aa44da4a03ddf345d3e8eab9\",\"name\":\"Claude Mouguiama Daouda\",\"url\":\"https:\/\/lyonbondyblog.fr\/LBB\/author\/claudem\/\"}]}<\/script>\n<!-- \/ Yoast SEO plugin. -->","yoast_head_json":{"title":"Quand S\u00e9oul et Shibuya s'invitent \u00e0 Lyon...","description":"Le 14 et 15 mai dernier a eu lieu la Japan Touch Haru & Geek Touch. Une \u00e9dition 2023 riche en couleurs et en originalit\u00e9!","robots":{"index":"index","follow":"follow","max-snippet":"max-snippet:-1","max-image-preview":"max-image-preview:large","max-video-preview":"max-video-preview:-1"},"canonical":"https:\/\/lyonbondyblog.fr\/LBB\/quand-seoul-et-shibuya-sinvitent-a-lyon\/","og_locale":"fr_FR","og_type":"article","og_title":"Quand S\u00e9oul et Shibuya s'invitent \u00e0 Lyon...","og_description":"Le 14 et 15 mai dernier a eu lieu la Japan Touch Haru & Geek Touch. Une \u00e9dition 2023 riche en couleurs et en originalit\u00e9!","og_url":"https:\/\/lyonbondyblog.fr\/LBB\/quand-seoul-et-shibuya-sinvitent-a-lyon\/","og_site_name":"Lyon Bondy Blog","article_publisher":"https:\/\/www.facebook.com\/lyonbondyblog","article_published_time":"2023-05-16T15:09:26+00:00","article_modified_time":"2023-05-16T15:15:14+00:00","og_image":[{"width":1512,"height":1152,"url":"https:\/\/lyonbondyblog.fr\/LBB\/wp-content\/uploads\/2023\/05\/IMG_5974-1.jpg","type":"image\/jpeg"}],"author":"Claude Mouguiama Daouda","twitter_card":"summary_large_image","twitter_creator":"@bondybloglyon","twitter_site":"@bondybloglyon","schema":{"@context":"https:\/\/schema.org","@graph":[{"@type":"Article","@id":"https:\/\/lyonbondyblog.fr\/LBB\/quand-seoul-et-shibuya-sinvitent-a-lyon\/#article","isPartOf":{"@id":"https:\/\/lyonbondyblog.fr\/LBB\/quand-seoul-et-shibuya-sinvitent-a-lyon\/"},"author":{"name":"Claude Mouguiama Daouda","@id":"https:\/\/lyonbondyblog.fr\/LBB\/#\/schema\/person\/d8f98fa0aa44da4a03ddf345d3e8eab9"},"headline":"Quand S\u00e9oul et Shibuya s\u2019invitent \u00e0 Lyon\u2026","datePublished":"2023-05-16T15:09:26+00:00","dateModified":"2023-05-16T15:15:14+00:00","mainEntityOfPage":{"@id":"https:\/\/lyonbondyblog.fr\/LBB\/quand-seoul-et-shibuya-sinvitent-a-lyon\/"},"wordCount":724,"commentCount":0,"publisher":{"@id":"https:\/\/lyonbondyblog.fr\/LBB\/#organization"},"image":{"@id":"https:\/\/lyonbondyblog.fr\/LBB\/quand-seoul-et-shibuya-sinvitent-a-lyon\/#primaryimage"},"thumbnailUrl":"https:\/\/lyonbondyblog.fr\/LBB\/wp-content\/uploads\/2023\/05\/IMG_5974-1.jpg","keywords":["Japan Touch 2023"],"articleSection":["Festival","Japan Touch 2023","Lyon"],"inLanguage":"fr-FR","potentialAction":[{"@type":"CommentAction","name":"Comment","target":["https:\/\/lyonbondyblog.fr\/LBB\/quand-seoul-et-shibuya-sinvitent-a-lyon\/#respond"]}]},{"@type":"WebPage","@id":"https:\/\/lyonbondyblog.fr\/LBB\/quand-seoul-et-shibuya-sinvitent-a-lyon\/","url":"https:\/\/lyonbondyblog.fr\/LBB\/quand-seoul-et-shibuya-sinvitent-a-lyon\/","name":"Quand S\u00e9oul et Shibuya s'invitent \u00e0 Lyon...","isPartOf":{"@id":"https:\/\/lyonbondyblog.fr\/LBB\/#website"},"primaryImageOfPage":{"@id":"https:\/\/lyonbondyblog.fr\/LBB\/quand-seoul-et-shibuya-sinvitent-a-lyon\/#primaryimage"},"image":{"@id":"https:\/\/lyonbondyblog.fr\/LBB\/quand-seoul-et-shibuya-sinvitent-a-lyon\/#primaryimage"},"thumbnailUrl":"https:\/\/lyonbondyblog.fr\/LBB\/wp-content\/uploads\/2023\/05\/IMG_5974-1.jpg","datePublished":"2023-05-16T15:09:26+00:00","dateModified":"2023-05-16T15:15:14+00:00","description":"Le 14 et 15 mai dernier a eu lieu la Japan Touch Haru & Geek Touch. Une \u00e9dition 2023 riche en couleurs et en originalit\u00e9!","inLanguage":"fr-FR","potentialAction":[{"@type":"ReadAction","target":["https:\/\/lyonbondyblog.fr\/LBB\/quand-seoul-et-shibuya-sinvitent-a-lyon\/"]}]},{"@type":"ImageObject","inLanguage":"fr-FR","@id":"https:\/\/lyonbondyblog.fr\/LBB\/quand-seoul-et-shibuya-sinvitent-a-lyon\/#primaryimage","url":"https:\/\/lyonbondyblog.fr\/LBB\/wp-content\/uploads\/2023\/05\/IMG_5974-1.jpg","contentUrl":"https:\/\/lyonbondyblog.fr\/LBB\/wp-content\/uploads\/2023\/05\/IMG_5974-1.jpg","width":1512,"height":1152,"caption":"Japan Touch 2023"},{"@type":"WebSite","@id":"https:\/\/lyonbondyblog.fr\/LBB\/#website","url":"https:\/\/lyonbondyblog.fr\/LBB\/","name":"Lyon Bondy Blog","description":"","publisher":{"@id":"https:\/\/lyonbondyblog.fr\/LBB\/#organization"},"potentialAction":[{"@type":"SearchAction","target":{"@type":"EntryPoint","urlTemplate":"https:\/\/lyonbondyblog.fr\/LBB\/?s={search_term_string}"},"query-input":"required name=search_term_string"}],"inLanguage":"fr-FR"},{"@type":"Organization","@id":"https:\/\/lyonbondyblog.fr\/LBB\/#organization","name":"LYON BONDY BLOG","url":"https:\/\/lyonbondyblog.fr\/LBB\/","logo":{"@type":"ImageObject","inLanguage":"fr-FR","@id":"https:\/\/lyonbondyblog.fr\/LBB\/#\/schema\/logo\/image\/","url":"http:\/\/lyonbondyblog.fr\/LBB\/wp-content\/uploads\/2014\/10\/logo-portable-144.png","contentUrl":"http:\/\/lyonbondyblog.fr\/LBB\/wp-content\/uploads\/2014\/10\/logo-portable-144.png","width":144,"height":123,"caption":"LYON BONDY BLOG"},"image":{"@id":"https:\/\/lyonbondyblog.fr\/LBB\/#\/schema\/logo\/image\/"},"sameAs":["https:\/\/www.facebook.com\/lyonbondyblog","https:\/\/x.com\/bondybloglyon"]},{"@type":"Person","@id":"https:\/\/lyonbondyblog.fr\/LBB\/#\/schema\/person\/d8f98fa0aa44da4a03ddf345d3e8eab9","name":"Claude Mouguiama Daouda","url":"https:\/\/lyonbondyblog.fr\/LBB\/author\/claudem\/"}]}},"_links":{"self":[{"href":"https:\/\/lyonbondyblog.fr\/LBB\/wp-json\/wp\/v2\/posts\/32495","targetHints":{"allow":["GET"]}}],"collection":[{"href":"https:\/\/lyonbondyblog.fr\/LBB\/wp-json\/wp\/v2\/posts"}],"about":[{"href":"https:\/\/lyonbondyblog.fr\/LBB\/wp-json\/wp\/v2\/types\/post"}],"author":[{"embeddable":true,"href":"https:\/\/lyonbondyblog.fr\/LBB\/wp-json\/wp\/v2\/users\/31877"}],"replies":[{"embeddable":true,"href":"https:\/\/lyonbondyblog.fr\/LBB\/wp-json\/wp\/v2\/comments?post=32495"}],"version-history":[{"count":16,"href":"https:\/\/lyonbondyblog.fr\/LBB\/wp-json\/wp\/v2\/posts\/32495\/revisions"}],"predecessor-version":[{"id":32522,"href":"https:\/\/lyonbondyblog.fr\/LBB\/wp-json\/wp\/v2\/posts\/32495\/revisions\/32522"}],"wp:featuredmedia":[{"embeddable":true,"href":"https:\/\/lyonbondyblog.fr\/LBB\/wp-json\/wp\/v2\/media\/32508"}],"wp:attachment":[{"href":"https:\/\/lyonbondyblog.fr\/LBB\/wp-json\/wp\/v2\/media?parent=32495"}],"wp:term":[{"taxonomy":"category","embeddable":true,"href":"https:\/\/lyonbondyblog.fr\/LBB\/wp-json\/wp\/v2\/categories?post=32495"},{"taxonomy":"post_tag","embeddable":true,"href":"https:\/\/lyonbondyblog.fr\/LBB\/wp-json\/wp\/v2\/tags?post=32495"}],"curies":[{"name":"wp","href":"https:\/\/api.w.org\/{rel}","templated":true}]}}