{"id":32482,"date":"2023-05-15T13:04:31","date_gmt":"2023-05-15T11:04:31","guid":{"rendered":"http:\/\/lyonbondyblog.fr\/LBB\/?p=32482"},"modified":"2023-05-15T13:20:22","modified_gmt":"2023-05-15T11:20:22","slug":"d2f-stella-saint-maur-championne-de-france","status":"publish","type":"post","link":"https:\/\/lyonbondyblog.fr\/LBB\/d2f-stella-saint-maur-championne-de-france\/","title":{"rendered":"<strong>D2F: Stella Saint-Maur, championne de France<\/strong>"},"content":{"rendered":"\n<p><strong>Pour le compte de la 24\u00e9me journ\u00e9e 2DF l\u2019<a href=\"https:\/\/www.asulvvhandball.com\/\" target=\"_blank\" rel=\"noreferrer noopener\">Asul vv<\/a> a re\u00e7u ce samedi les joueuses de <a href=\"https:\/\/www.stellahandball.fr\/\" target=\"_blank\" rel=\"noreferrer noopener\">Stella Saint-Maur <\/a>au palais des sports jean capievic .<\/strong><\/p>\n\n\n\n<p>Le public \u00e9tait au rendez-vous pour assister au match, m\u00eame l\u2019adjoint au sport de la ville de vaulx en velin a fait le d\u00e9placement. Les Vaudaises ont deux titulaires bless\u00e9es, Romane Depuiset et Audrey Radenac. La premi\u00e8re surprise sur la titularisation a \u00e9t\u00e9 avec Mirunna-Mihaela Muraru, titulaire dans les cages vaudaises.<\/p>\n\n\n\n<h2 class=\"wp-block-heading\"><strong>Premi\u00e8re mi-temps : les deux \u00e9quipes sur un pied d&rsquo;\u00e9galit\u00e9<\/strong><\/h2>\n\n\n\n<p>D\u00e9but de match plut\u00f4t \u00e9quilibr\u00e9 entre les Franciliennes et les Rhodaniennes, au bout de 5 min de jeu les joueuses du 77 m\u00e8nent 1 \u00e0 2. Les supporteurs de <a href=\"https:\/\/www.stellahandball.fr\/stella-d2f\/\" target=\"_blank\" rel=\"noreferrer noopener\">Stella Saint-Maur<\/a> sont venus en nombre pour soutenir leur \u00e9quipe favorite. Au bout de 10 minutes de jeu, les Vaudaises ont un peu de mal 4 \u00e0 6. Apr\u00e8s 15 min de jeu Tandjan , la petite \u201cmarsupilamie\u201d francilienne enflamme le palais des sports, mais les Vaudaises r\u00e9pliquent avec Aouij 6 &#8211; 7 pour les joueuses de<a href=\"https:\/\/www.stellahandball.fr\/stella-d2f\/\" target=\"_blank\" rel=\"noreferrer noopener\"> Stella Saint-Maur<\/a>.<\/p>\n\n\n\n<p>Les lionnes tombent sur une gardienne \u201con-fire\u201d mais les deux \u00e9quipes se rendent coup pour coup. Le rouleau compresseur de <a href=\"https:\/\/www.stellahandball.fr\/stella-d2f\/\" target=\"_blank\" rel=\"noreferrer noopener\">Stella Saint-Maur<\/a> se met en route. Un \u00e9cart de 3 buts \u00e0 la 22e minute pour les Franciliennes. Il reste 5 min avant la mi-temps les Vaudaises vont-elles \u00e9galiser(score 11-14) ?<\/p>\n\n\n\n<h2 class=\"wp-block-heading\"><strong>Stella Saint-Maur termine le travail<\/strong><\/h2>\n\n\n\n<figure class=\"wp-block-image size-full\"><img loading=\"lazy\" decoding=\"async\" width=\"1917\" height=\"1280\" src=\"https:\/\/lyonbondyblog.fr\/LBB\/wp-content\/uploads\/2023\/05\/ASUL-VV-Stella-Sanit-Maur-13-05-2023-06-2.jpg\" alt=\"\" class=\"wp-image-32484\" srcset=\"https:\/\/lyonbondyblog.fr\/LBB\/wp-content\/uploads\/2023\/05\/ASUL-VV-Stella-Sanit-Maur-13-05-2023-06-2.jpg 1917w, https:\/\/lyonbondyblog.fr\/LBB\/wp-content\/uploads\/2023\/05\/ASUL-VV-Stella-Sanit-Maur-13-05-2023-06-2-1200x801.jpg 1200w, https:\/\/lyonbondyblog.fr\/LBB\/wp-content\/uploads\/2023\/05\/ASUL-VV-Stella-Sanit-Maur-13-05-2023-06-2-768x513.jpg 768w, https:\/\/lyonbondyblog.fr\/LBB\/wp-content\/uploads\/2023\/05\/ASUL-VV-Stella-Sanit-Maur-13-05-2023-06-2-1536x1026.jpg 1536w, https:\/\/lyonbondyblog.fr\/LBB\/wp-content\/uploads\/2023\/05\/ASUL-VV-Stella-Sanit-Maur-13-05-2023-06-2-272x182.jpg 272w\" sizes=\"auto, (max-width: 1917px) 100vw, 1917px\" \/><figcaption class=\"wp-element-caption\">credit@Roger capra<\/figcaption><\/figure>\n\n\n\n<p>Les lionnes commencent plut\u00f4t bien la premi\u00e8re mi-temps 16-14. Les Vaudaises sortent les barbel\u00e9s en d\u00e9fense, les Franciliennes ont un peu de mal.<\/p>\n\n\n\n<p>5 minutes de jeu en 2e mi-temps le match est serr\u00e9 16-17. Les Rhodaniennes se retrouvent \u00e0 5 joueuses apr\u00e8s l&rsquo;expulsion de Lucile Roche. Vont-elles renverser la montagne Francilienne ?Apr\u00e8s 10 minutes de jeu, en deuxi\u00e8me mi-temps, Marinovic Tea enflamme le palais des sports. Moment choisi par l&rsquo;entra\u00eeneur vaudais pour faire tourner son effectif , afin d\u2019avoir plus de fra\u00eecheurs pour la fin du match.  A la mi-temps de la deuxi\u00e8me mi-temps, le suspens est de mise 20-21, les Franciliennes prennent du poil de la b\u00eate. Avec les s\u0153urs Plotton, <a href=\"https:\/\/www.stellahandball.fr\/stella-d2f\/\" target=\"_blank\" rel=\"noreferrer noopener\">Stella Saint-Maur<\/a> assure la d\u00e9fense. L\u2019<a href=\"https:\/\/www.asulvvhandball.com\/\" target=\"_blank\" rel=\"noreferrer noopener\">Asul <\/a>n\u2019a pas de r\u00e9ussite. Il reste 12 minutes de jeu et le score est de 22-22.<\/p>\n\n\n\n<p>Stella Saint-Maur termine le travail . Les joueuses Franciliennes, un peu stress\u00e9es par l&rsquo;enjeu, gagnent le match 27-30.<\/p>\n\n\n\n<h2 class=\"wp-block-heading\">R\u00e9actions d&rsquo;apr\u00e8s-match<\/h2>\n\n\n\n<figure class=\"wp-block-audio\"><audio controls src=\"https:\/\/lyonbondyblog.fr\/LBB\/wp-content\/uploads\/2023\/05\/itw-tandjan.wav\"><\/audio><figcaption class=\"wp-element-caption\">interview <a href=\"https:\/\/www.stellahandball.fr\/stella-d2f\/\" target=\"_blank\" rel=\"noreferrer noopener\">Dj\u00e9n\u00e9ba Tandjan<\/a>, joueuse Stella Saint-Maur<\/figcaption><\/figure>\n\n\n\n<figure class=\"wp-block-audio\"><audio controls src=\"https:\/\/lyonbondyblog.fr\/LBB\/wp-content\/uploads\/2023\/05\/sebastien-modenel.wav\"><\/audio><figcaption class=\"wp-element-caption\">interview S\u00e9bastien Modenel , entra\u00eeneur D2F <a href=\"https:\/\/www.asulvvhandball.com\/\" target=\"_blank\" rel=\"noreferrer noopener\">Asul vv<\/a><\/figcaption><\/figure>\n\n\n\n<figure class=\"wp-block-audio\"><audio controls src=\"https:\/\/lyonbondyblog.fr\/LBB\/wp-content\/uploads\/2023\/05\/entraineur-saint-maure.wav\"><\/audio><figcaption class=\"wp-element-caption\">interview Samson R\u00e9mi, entra\u00eeneur D2F <a href=\"https:\/\/www.stellahandball.fr\/stella-d2f\/\" target=\"_blank\" rel=\"noreferrer noopener\">Stella Saint-Maur<\/a><\/figcaption><\/figure>\n\n\n\n<figure class=\"wp-block-audio\"><audio controls src=\"https:\/\/lyonbondyblog.fr\/LBB\/wp-content\/uploads\/2023\/05\/itw-gladysse.wav\"><\/audio><figcaption class=\"wp-element-caption\">interview <a href=\"https:\/\/www.asulvvhandball.com\/\" target=\"_blank\" rel=\"noreferrer noopener\">Gladys Finck<\/a>, joueuse Asul vv<\/figcaption><\/figure>\n\n\n\n<h2 class=\"wp-block-heading\">Feuille de match<\/h2>\n\n\n\n<div data-wp-interactive=\"core\/file\" class=\"wp-block-file\"><object data-wp-bind--hidden=\"!state.hasPdfPreview\" hidden class=\"wp-block-file__embed\" data=\"https:\/\/lyonbondyblog.fr\/LBB\/wp-content\/uploads\/2023\/05\/feuille-de-match.pdf\" type=\"application\/pdf\" style=\"width:100%;height:1740px\" aria-label=\"Contenu embarqu\u00e9 feuille-de-match.\"><\/object><a id=\"wp-block-file--media-56023304-2a13-47a4-927f-0f47eb17a670\" href=\"https:\/\/lyonbondyblog.fr\/LBB\/wp-content\/uploads\/2023\/05\/feuille-de-match.pdf\">feuille-de-match<\/a><a href=\"https:\/\/lyonbondyblog.fr\/LBB\/wp-content\/uploads\/2023\/05\/feuille-de-match.pdf\" class=\"wp-block-file__button wp-element-button\" download aria-describedby=\"wp-block-file--media-56023304-2a13-47a4-927f-0f47eb17a670\">T\u00e9l\u00e9charger<\/a><\/div>\n<!-- AddThis Advanced Settings generic via filter on the_content --><!-- AddThis Share Buttons generic via filter on the_content -->","protected":false},"excerpt":{"rendered":"<p>Pour le compte de la 24\u00e9me journ\u00e9e 2DF l\u2019Asul vv a re\u00e7u ce samedi les joueuses de Stella Saint-Maur au palais des sports jean capievic &hellip; <!-- AddThis Advanced Settings generic via filter on wp_trim_excerpt --><!-- AddThis Share Buttons generic via filter on wp_trim_excerpt --><\/p>\n","protected":false},"author":31876,"featured_media":32483,"comment_status":"open","ping_status":"open","sticky":true,"template":"","format":"standard","meta":{"_FSMCFIC_featured_image_caption":"","_FSMCFIC_featured_image_nocaption":"","_FSMCFIC_featured_image_hide":"","footnotes":""},"categories":[4],"tags":[28331,654,1424],"class_list":["post-32482","post","type-post","status-publish","format-standard","has-post-thumbnail","hentry","category-lyon","tag-championne-de-france","tag-handball","tag-sport-feminin"],"yoast_head":"<!-- This site is optimized with the Yoast SEO plugin v22.8 - https:\/\/yoast.com\/wordpress\/plugins\/seo\/ -->\n<title>D2F: Stella Saint-Maur, championne de France - Lyon Bondy Blog<\/title>\n<meta name=\"description\" content=\"Pour le compte de la 24\u00e9me journ\u00e9e 2DF l\u2019Asul vv a re\u00e7u ce samedi les joueuses de Stella Saint-Maur au palais des sports jean capievic .\" \/>\n<meta name=\"robots\" content=\"index, follow, max-snippet:-1, max-image-preview:large, max-video-preview:-1\" \/>\n<link rel=\"canonical\" href=\"https:\/\/lyonbondyblog.fr\/LBB\/d2f-stella-saint-maur-championne-de-france\/\" \/>\n<meta property=\"og:locale\" content=\"fr_FR\" \/>\n<meta property=\"og:type\" content=\"article\" \/>\n<meta property=\"og:title\" content=\"D2F: Stella Saint-Maur, championne de France - Lyon Bondy Blog\" \/>\n<meta property=\"og:description\" content=\"Pour le compte de la 24\u00e9me journ\u00e9e 2DF l\u2019Asul vv a re\u00e7u ce samedi les joueuses de Stella Saint-Maur au palais des sports jean capievic .\" \/>\n<meta property=\"og:url\" content=\"https:\/\/lyonbondyblog.fr\/LBB\/d2f-stella-saint-maur-championne-de-france\/\" \/>\n<meta property=\"og:site_name\" content=\"Lyon Bondy Blog\" \/>\n<meta property=\"article:publisher\" content=\"https:\/\/www.facebook.com\/lyonbondyblog\" \/>\n<meta property=\"article:published_time\" content=\"2023-05-15T11:04:31+00:00\" \/>\n<meta property=\"article:modified_time\" content=\"2023-05-15T11:20:22+00:00\" \/>\n<meta property=\"og:image\" content=\"https:\/\/lyonbondyblog.fr\/LBB\/wp-content\/uploads\/2023\/05\/ASUL-VV-Stella-Sanit-Maur-13-05-2023-2.jpg\" \/>\n\t<meta property=\"og:image:width\" content=\"1916\" \/>\n\t<meta property=\"og:image:height\" content=\"1280\" \/>\n\t<meta property=\"og:image:type\" content=\"image\/jpeg\" \/>\n<meta name=\"author\" content=\"Camara Kadiatou\" \/>\n<meta name=\"twitter:card\" content=\"summary_large_image\" \/>\n<meta name=\"twitter:creator\" content=\"@bondybloglyon\" \/>\n<meta name=\"twitter:site\" content=\"@bondybloglyon\" \/>\n<script type=\"application\/ld+json\" class=\"yoast-schema-graph\">{\"@context\":\"https:\/\/schema.org\",\"@graph\":[{\"@type\":\"Article\",\"@id\":\"https:\/\/lyonbondyblog.fr\/LBB\/d2f-stella-saint-maur-championne-de-france\/#article\",\"isPartOf\":{\"@id\":\"https:\/\/lyonbondyblog.fr\/LBB\/d2f-stella-saint-maur-championne-de-france\/\"},\"author\":{\"name\":\"Camara Kadiatou\",\"@id\":\"https:\/\/lyonbondyblog.fr\/LBB\/#\/schema\/person\/084ca45e837a34c7c2dc6532692a262c\"},\"headline\":\"D2F: Stella Saint-Maur, championne de France\",\"datePublished\":\"2023-05-15T11:04:31+00:00\",\"dateModified\":\"2023-05-15T11:20:22+00:00\",\"mainEntityOfPage\":{\"@id\":\"https:\/\/lyonbondyblog.fr\/LBB\/d2f-stella-saint-maur-championne-de-france\/\"},\"wordCount\":447,\"commentCount\":0,\"publisher\":{\"@id\":\"https:\/\/lyonbondyblog.fr\/LBB\/#organization\"},\"image\":{\"@id\":\"https:\/\/lyonbondyblog.fr\/LBB\/d2f-stella-saint-maur-championne-de-france\/#primaryimage\"},\"thumbnailUrl\":\"https:\/\/lyonbondyblog.fr\/LBB\/wp-content\/uploads\/2023\/05\/ASUL-VV-Stella-Sanit-Maur-13-05-2023-2.jpg\",\"keywords\":[\"championne de france\",\"handball\",\"Sport f\u00e9minin\"],\"articleSection\":[\"Lyon\"],\"inLanguage\":\"fr-FR\",\"potentialAction\":[{\"@type\":\"CommentAction\",\"name\":\"Comment\",\"target\":[\"https:\/\/lyonbondyblog.fr\/LBB\/d2f-stella-saint-maur-championne-de-france\/#respond\"]}]},{\"@type\":\"WebPage\",\"@id\":\"https:\/\/lyonbondyblog.fr\/LBB\/d2f-stella-saint-maur-championne-de-france\/\",\"url\":\"https:\/\/lyonbondyblog.fr\/LBB\/d2f-stella-saint-maur-championne-de-france\/\",\"name\":\"D2F: Stella Saint-Maur, championne de France - Lyon Bondy Blog\",\"isPartOf\":{\"@id\":\"https:\/\/lyonbondyblog.fr\/LBB\/#website\"},\"primaryImageOfPage\":{\"@id\":\"https:\/\/lyonbondyblog.fr\/LBB\/d2f-stella-saint-maur-championne-de-france\/#primaryimage\"},\"image\":{\"@id\":\"https:\/\/lyonbondyblog.fr\/LBB\/d2f-stella-saint-maur-championne-de-france\/#primaryimage\"},\"thumbnailUrl\":\"https:\/\/lyonbondyblog.fr\/LBB\/wp-content\/uploads\/2023\/05\/ASUL-VV-Stella-Sanit-Maur-13-05-2023-2.jpg\",\"datePublished\":\"2023-05-15T11:04:31+00:00\",\"dateModified\":\"2023-05-15T11:20:22+00:00\",\"description\":\"Pour le compte de la 24\u00e9me journ\u00e9e 2DF l\u2019Asul vv a re\u00e7u ce samedi les joueuses de Stella Saint-Maur au palais des sports jean capievic .\",\"inLanguage\":\"fr-FR\",\"potentialAction\":[{\"@type\":\"ReadAction\",\"target\":[\"https:\/\/lyonbondyblog.fr\/LBB\/d2f-stella-saint-maur-championne-de-france\/\"]}]},{\"@type\":\"ImageObject\",\"inLanguage\":\"fr-FR\",\"@id\":\"https:\/\/lyonbondyblog.fr\/LBB\/d2f-stella-saint-maur-championne-de-france\/#primaryimage\",\"url\":\"https:\/\/lyonbondyblog.fr\/LBB\/wp-content\/uploads\/2023\/05\/ASUL-VV-Stella-Sanit-Maur-13-05-2023-2.jpg\",\"contentUrl\":\"https:\/\/lyonbondyblog.fr\/LBB\/wp-content\/uploads\/2023\/05\/ASUL-VV-Stella-Sanit-Maur-13-05-2023-2.jpg\",\"width\":1916,\"height\":1280,\"caption\":\"credit@Roger capra\"},{\"@type\":\"WebSite\",\"@id\":\"https:\/\/lyonbondyblog.fr\/LBB\/#website\",\"url\":\"https:\/\/lyonbondyblog.fr\/LBB\/\",\"name\":\"Lyon Bondy Blog\",\"description\":\"\",\"publisher\":{\"@id\":\"https:\/\/lyonbondyblog.fr\/LBB\/#organization\"},\"potentialAction\":[{\"@type\":\"SearchAction\",\"target\":{\"@type\":\"EntryPoint\",\"urlTemplate\":\"https:\/\/lyonbondyblog.fr\/LBB\/?s={search_term_string}\"},\"query-input\":\"required name=search_term_string\"}],\"inLanguage\":\"fr-FR\"},{\"@type\":\"Organization\",\"@id\":\"https:\/\/lyonbondyblog.fr\/LBB\/#organization\",\"name\":\"LYON BONDY BLOG\",\"url\":\"https:\/\/lyonbondyblog.fr\/LBB\/\",\"logo\":{\"@type\":\"ImageObject\",\"inLanguage\":\"fr-FR\",\"@id\":\"https:\/\/lyonbondyblog.fr\/LBB\/#\/schema\/logo\/image\/\",\"url\":\"http:\/\/lyonbondyblog.fr\/LBB\/wp-content\/uploads\/2014\/10\/logo-portable-144.png\",\"contentUrl\":\"http:\/\/lyonbondyblog.fr\/LBB\/wp-content\/uploads\/2014\/10\/logo-portable-144.png\",\"width\":144,\"height\":123,\"caption\":\"LYON BONDY BLOG\"},\"image\":{\"@id\":\"https:\/\/lyonbondyblog.fr\/LBB\/#\/schema\/logo\/image\/\"},\"sameAs\":[\"https:\/\/www.facebook.com\/lyonbondyblog\",\"https:\/\/x.com\/bondybloglyon\"]},{\"@type\":\"Person\",\"@id\":\"https:\/\/lyonbondyblog.fr\/LBB\/#\/schema\/person\/084ca45e837a34c7c2dc6532692a262c\",\"name\":\"Camara Kadiatou\",\"url\":\"https:\/\/lyonbondyblog.fr\/LBB\/author\/camarak\/\"}]}<\/script>\n<!-- \/ Yoast SEO plugin. -->","yoast_head_json":{"title":"D2F: Stella Saint-Maur, championne de France - Lyon Bondy Blog","description":"Pour le compte de la 24\u00e9me journ\u00e9e 2DF l\u2019Asul vv a re\u00e7u ce samedi les joueuses de Stella Saint-Maur au palais des sports jean capievic .","robots":{"index":"index","follow":"follow","max-snippet":"max-snippet:-1","max-image-preview":"max-image-preview:large","max-video-preview":"max-video-preview:-1"},"canonical":"https:\/\/lyonbondyblog.fr\/LBB\/d2f-stella-saint-maur-championne-de-france\/","og_locale":"fr_FR","og_type":"article","og_title":"D2F: Stella Saint-Maur, championne de France - Lyon Bondy Blog","og_description":"Pour le compte de la 24\u00e9me journ\u00e9e 2DF l\u2019Asul vv a re\u00e7u ce samedi les joueuses de Stella Saint-Maur au palais des sports jean capievic .","og_url":"https:\/\/lyonbondyblog.fr\/LBB\/d2f-stella-saint-maur-championne-de-france\/","og_site_name":"Lyon Bondy Blog","article_publisher":"https:\/\/www.facebook.com\/lyonbondyblog","article_published_time":"2023-05-15T11:04:31+00:00","article_modified_time":"2023-05-15T11:20:22+00:00","og_image":[{"width":1916,"height":1280,"url":"https:\/\/lyonbondyblog.fr\/LBB\/wp-content\/uploads\/2023\/05\/ASUL-VV-Stella-Sanit-Maur-13-05-2023-2.jpg","type":"image\/jpeg"}],"author":"Camara Kadiatou","twitter_card":"summary_large_image","twitter_creator":"@bondybloglyon","twitter_site":"@bondybloglyon","schema":{"@context":"https:\/\/schema.org","@graph":[{"@type":"Article","@id":"https:\/\/lyonbondyblog.fr\/LBB\/d2f-stella-saint-maur-championne-de-france\/#article","isPartOf":{"@id":"https:\/\/lyonbondyblog.fr\/LBB\/d2f-stella-saint-maur-championne-de-france\/"},"author":{"name":"Camara Kadiatou","@id":"https:\/\/lyonbondyblog.fr\/LBB\/#\/schema\/person\/084ca45e837a34c7c2dc6532692a262c"},"headline":"D2F: Stella Saint-Maur, championne de France","datePublished":"2023-05-15T11:04:31+00:00","dateModified":"2023-05-15T11:20:22+00:00","mainEntityOfPage":{"@id":"https:\/\/lyonbondyblog.fr\/LBB\/d2f-stella-saint-maur-championne-de-france\/"},"wordCount":447,"commentCount":0,"publisher":{"@id":"https:\/\/lyonbondyblog.fr\/LBB\/#organization"},"image":{"@id":"https:\/\/lyonbondyblog.fr\/LBB\/d2f-stella-saint-maur-championne-de-france\/#primaryimage"},"thumbnailUrl":"https:\/\/lyonbondyblog.fr\/LBB\/wp-content\/uploads\/2023\/05\/ASUL-VV-Stella-Sanit-Maur-13-05-2023-2.jpg","keywords":["championne de france","handball","Sport f\u00e9minin"],"articleSection":["Lyon"],"inLanguage":"fr-FR","potentialAction":[{"@type":"CommentAction","name":"Comment","target":["https:\/\/lyonbondyblog.fr\/LBB\/d2f-stella-saint-maur-championne-de-france\/#respond"]}]},{"@type":"WebPage","@id":"https:\/\/lyonbondyblog.fr\/LBB\/d2f-stella-saint-maur-championne-de-france\/","url":"https:\/\/lyonbondyblog.fr\/LBB\/d2f-stella-saint-maur-championne-de-france\/","name":"D2F: Stella Saint-Maur, championne de France - Lyon Bondy Blog","isPartOf":{"@id":"https:\/\/lyonbondyblog.fr\/LBB\/#website"},"primaryImageOfPage":{"@id":"https:\/\/lyonbondyblog.fr\/LBB\/d2f-stella-saint-maur-championne-de-france\/#primaryimage"},"image":{"@id":"https:\/\/lyonbondyblog.fr\/LBB\/d2f-stella-saint-maur-championne-de-france\/#primaryimage"},"thumbnailUrl":"https:\/\/lyonbondyblog.fr\/LBB\/wp-content\/uploads\/2023\/05\/ASUL-VV-Stella-Sanit-Maur-13-05-2023-2.jpg","datePublished":"2023-05-15T11:04:31+00:00","dateModified":"2023-05-15T11:20:22+00:00","description":"Pour le compte de la 24\u00e9me journ\u00e9e 2DF l\u2019Asul vv a re\u00e7u ce samedi les joueuses de Stella Saint-Maur au palais des sports jean capievic .","inLanguage":"fr-FR","potentialAction":[{"@type":"ReadAction","target":["https:\/\/lyonbondyblog.fr\/LBB\/d2f-stella-saint-maur-championne-de-france\/"]}]},{"@type":"ImageObject","inLanguage":"fr-FR","@id":"https:\/\/lyonbondyblog.fr\/LBB\/d2f-stella-saint-maur-championne-de-france\/#primaryimage","url":"https:\/\/lyonbondyblog.fr\/LBB\/wp-content\/uploads\/2023\/05\/ASUL-VV-Stella-Sanit-Maur-13-05-2023-2.jpg","contentUrl":"https:\/\/lyonbondyblog.fr\/LBB\/wp-content\/uploads\/2023\/05\/ASUL-VV-Stella-Sanit-Maur-13-05-2023-2.jpg","width":1916,"height":1280,"caption":"credit@Roger capra"},{"@type":"WebSite","@id":"https:\/\/lyonbondyblog.fr\/LBB\/#website","url":"https:\/\/lyonbondyblog.fr\/LBB\/","name":"Lyon Bondy Blog","description":"","publisher":{"@id":"https:\/\/lyonbondyblog.fr\/LBB\/#organization"},"potentialAction":[{"@type":"SearchAction","target":{"@type":"EntryPoint","urlTemplate":"https:\/\/lyonbondyblog.fr\/LBB\/?s={search_term_string}"},"query-input":"required name=search_term_string"}],"inLanguage":"fr-FR"},{"@type":"Organization","@id":"https:\/\/lyonbondyblog.fr\/LBB\/#organization","name":"LYON BONDY BLOG","url":"https:\/\/lyonbondyblog.fr\/LBB\/","logo":{"@type":"ImageObject","inLanguage":"fr-FR","@id":"https:\/\/lyonbondyblog.fr\/LBB\/#\/schema\/logo\/image\/","url":"http:\/\/lyonbondyblog.fr\/LBB\/wp-content\/uploads\/2014\/10\/logo-portable-144.png","contentUrl":"http:\/\/lyonbondyblog.fr\/LBB\/wp-content\/uploads\/2014\/10\/logo-portable-144.png","width":144,"height":123,"caption":"LYON BONDY BLOG"},"image":{"@id":"https:\/\/lyonbondyblog.fr\/LBB\/#\/schema\/logo\/image\/"},"sameAs":["https:\/\/www.facebook.com\/lyonbondyblog","https:\/\/x.com\/bondybloglyon"]},{"@type":"Person","@id":"https:\/\/lyonbondyblog.fr\/LBB\/#\/schema\/person\/084ca45e837a34c7c2dc6532692a262c","name":"Camara Kadiatou","url":"https:\/\/lyonbondyblog.fr\/LBB\/author\/camarak\/"}]}},"_links":{"self":[{"href":"https:\/\/lyonbondyblog.fr\/LBB\/wp-json\/wp\/v2\/posts\/32482","targetHints":{"allow":["GET"]}}],"collection":[{"href":"https:\/\/lyonbondyblog.fr\/LBB\/wp-json\/wp\/v2\/posts"}],"about":[{"href":"https:\/\/lyonbondyblog.fr\/LBB\/wp-json\/wp\/v2\/types\/post"}],"author":[{"embeddable":true,"href":"https:\/\/lyonbondyblog.fr\/LBB\/wp-json\/wp\/v2\/users\/31876"}],"replies":[{"embeddable":true,"href":"https:\/\/lyonbondyblog.fr\/LBB\/wp-json\/wp\/v2\/comments?post=32482"}],"version-history":[{"count":3,"href":"https:\/\/lyonbondyblog.fr\/LBB\/wp-json\/wp\/v2\/posts\/32482\/revisions"}],"predecessor-version":[{"id":32493,"href":"https:\/\/lyonbondyblog.fr\/LBB\/wp-json\/wp\/v2\/posts\/32482\/revisions\/32493"}],"wp:featuredmedia":[{"embeddable":true,"href":"https:\/\/lyonbondyblog.fr\/LBB\/wp-json\/wp\/v2\/media\/32483"}],"wp:attachment":[{"href":"https:\/\/lyonbondyblog.fr\/LBB\/wp-json\/wp\/v2\/media?parent=32482"}],"wp:term":[{"taxonomy":"category","embeddable":true,"href":"https:\/\/lyonbondyblog.fr\/LBB\/wp-json\/wp\/v2\/categories?post=32482"},{"taxonomy":"post_tag","embeddable":true,"href":"https:\/\/lyonbondyblog.fr\/LBB\/wp-json\/wp\/v2\/tags?post=32482"}],"curies":[{"name":"wp","href":"https:\/\/api.w.org\/{rel}","templated":true}]}}