{"id":32427,"date":"2023-05-09T17:00:00","date_gmt":"2023-05-09T15:00:00","guid":{"rendered":"https:\/\/lyonbondyblog.fr\/LBB\/?p=32427"},"modified":"2023-05-10T10:10:02","modified_gmt":"2023-05-10T08:10:02","slug":"un-cine-debat-sur-les-jeunes-et-le-sport","status":"publish","type":"post","link":"https:\/\/lyonbondyblog.fr\/LBB\/un-cine-debat-sur-les-jeunes-et-le-sport\/","title":{"rendered":"<strong>Un cin\u00e9 d\u00e9bat sur les jeunes et le sport organis\u00e9 par l\u2019UFOLEP<\/strong>"},"content":{"rendered":"\n<p><strong>L\u2019<a href=\"https:\/\/www.ufolep.org\/?mode=actualites&amp;id=158340&amp;gclid=CjwKCAjw3ueiBhBmEiwA4BhspKzbH6JhAGwgHPxA_JCATXmO9BXVKtsH6b0E4RWmjgGbjDUTzKKJEhoCFLcQAvD_BwE\" target=\"_blank\" rel=\"noreferrer noopener\">UFOLEP<\/a> \u00e9tait pr\u00e9sente jeudi 04 mai 2023 pour un cin\u00e9 d\u00e9bat \u201chip\u00a0hop\u00a0altitude\u201d au cin\u00e9ma de\u00a0Rillieux-la-Pape\u00a0pour la projection de 3 films afin d\u2019aborder\u00a0leur accompagnement\u00a0des jeunes en service civique.<\/strong><\/p>\n\n\n\n<p>Jeudi \u00e0 18 h se tenaient dans le <a href=\"http:\/\/www.cine-rillieux.fr\/\" target=\"_blank\" rel=\"noreferrer noopener\">cin\u00e9ma&nbsp;Rillieux<\/a>, une s\u00e9rie de projection de films sur les jeunes suivis par l\u2019Union fran\u00e7aise des \u0153uvres la\u00efques d&rsquo;\u00e9ducation physique&nbsp;(UFOLEP)&nbsp;ainsi que l\u2019association&nbsp;Or&nbsp;du Temps.<br>Cr\u00e9\u00e9e en 1928 au sein de la Ligue de l\u2019enseignement, l\u2019<a href=\"https:\/\/www.ufolep.org\/?mode=actualites&amp;id=158340&amp;gclid=CjwKCAjw3ueiBhBmEiwA4BhspKzbH6JhAGwgHPxA_JCATXmO9BXVKtsH6b0E4RWmjgGbjDUTzKKJEhoCFLcQAvD_BwE\" target=\"_blank\" rel=\"noreferrer noopener\">UFOLEP<\/a>&nbsp;est une association qui propose une diversit\u00e9 de pratiques sportives allant du loisir comp\u00e9titif \u00e0 l\u2019insertion sociale et professionnelle.&nbsp;L\u2019association tente de rendre accessible le sport \u00e0 tous les publics tout en d\u00e9fendant des principes de solidarit\u00e9, de fair-play, de citoyennet\u00e9 et de la\u00efcit\u00e9.<\/p>\n\n\n\n<h2 class=\"wp-block-heading\"><strong>Un projet d\u2019avenir&nbsp;<\/strong><\/h2>\n\n\n\n<p>Dans le 1er film \u00ab Danse cit\u00e9 \u00bb r\u00e9alis\u00e9 par Yassin&nbsp;Nefzaoui, ils sont 11 jeunes en service civique au sein de l&rsquo;<a href=\"https:\/\/www.ufolep.org\/?mode=actualites&amp;id=158340&amp;gclid=CjwKCAjw3ueiBhBmEiwA4BhspKzbH6JhAGwgHPxA_JCATXmO9BXVKtsH6b0E4RWmjgGbjDUTzKKJEhoCFLcQAvD_BwE\" target=\"_blank\" rel=\"noreferrer noopener\">UFOLEP<\/a>&nbsp;Auvergne-Rh\u00f4ne-Alpes.&nbsp;En collaboration avec<a href=\"https:\/\/www.paris2024.org\/fr\/\" target=\"_blank\" rel=\"noreferrer noopener\"> Paris 2024<\/a>, le&nbsp;<a href=\"https:\/\/olympics.com\/cio\/comites-d-organisation-des-jeux-olympiques\" target=\"_blank\" rel=\"noreferrer noopener\">COJO&nbsp;<\/a>(comit\u00e9 d\u2019organisation des Jeux olympiques et paralympiques), ces jeunes sont les ambassadeurs des Jeux olympiques de<a href=\"https:\/\/www.paris2024.org\/fr\/\" target=\"_blank\" rel=\"noreferrer noopener\"> Paris 2024<\/a>.<br>Le film retrace leurs parcours au sein de l\u2019association.<br>Les jeunes sont recrut\u00e9s via diff\u00e9rents biais, C\u00e9dric&nbsp;Godderidge, directeur de l\u2019UFOLEP&nbsp;Auvergne-Rh\u00f4ne-Alpes nous confie qu\u2019il n\u2019y a pas vraiment de mode sp\u00e9cifique de recrutement.<br>L\u2019id\u00e9e, c\u2019\u00e9tait aussi de valoriser les danses urbaines notamment le Breakdance, premi\u00e8re fois que cette discipline sera visible aux Jeux olympiques.<br>Les jeunes sont pratiquants de diff\u00e9rentes disciplines notamment la danse, la musique ou encore le basketball.&nbsp;Ils sont suivis par des coordinateurs tout au long de leur service civique.<br>Les jeunes dans \u00ab&nbsp;Danse cit\u00e9&nbsp;\u00bb sont la premi\u00e8re g\u00e9n\u00e9ration (2020-2021) d\u2019un projet qui perdure.<br><\/p>\n\n\n\n<figure class=\"wp-block-audio\"><audio controls src=\"https:\/\/lyonbondyblog.fr\/LBB\/wp-content\/uploads\/2023\/05\/cedric-godderidge.wav\"><\/audio><figcaption class=\"wp-element-caption\">cedric Godderidge, directeur r\u00e9gional UFOLEP AURA<\/figcaption><\/figure>\n\n\n\n<p><br><br>Aussi, les jeunes ont pu faire partager leurs arts avec d\u2019autres personnes.&nbsp;Ainsi, ils ont pu faire des interventions au sein de diverses structures vari\u00e9es comme des maisons de retraite, des \u00e9coles ou encore dans des prisons.<br>Le cin\u00e9 d\u00e9bat \u00e9tait financ\u00e9 par le&nbsp;<a href=\"https:\/\/olympics.com\/cio\/comites-d-organisation-des-jeux-olympiques\" target=\"_blank\" rel=\"noreferrer noopener\">COJO<\/a>&nbsp;(comit\u00e9 d\u2019organisation des Jeux olympiques et paralympiques)&nbsp;ainsi que l\u2019UFOLEP&nbsp;national.&nbsp;Le but, c\u2019\u00e9tait aussi de remercier les jeunes qui ont particip\u00e9 au projet .<br><br>Les ambassadeurs font divers activit\u00e9s.&nbsp;Ils ont pu rencontrer la ministre des Sports \u00e0 Paris par exemple.<br>Dans le but de favoriser leurs int\u00e9grations, L\u2019association&nbsp;Or&nbsp;du temps intervient au d\u00e9but de la formation et propose des s\u00e9jours de 3 \u00e0 5 jours dans le but de cr\u00e9er une coh\u00e9sion, un lien qu\u2019ils pourront capitaliser suivant leurs parcours et \u00e9voluer ensemble.&nbsp;Selon Steven&nbsp;Freedom, fondateur de l\u2019association, ce s\u00e9jour permet de \u00ab retrouver les valeurs humaines qui les rassemblent \u00bb.&nbsp;C\u2019est d\u2019ailleurs sur cela qu\u2019est centr\u00e9 le deuxi\u00e8me film du cin\u00e9 d\u00e9bat \u00ab Crois\u00e9e des chemins \u00bb r\u00e9aliser par l<a href=\"https:\/\/www.stevenfreedom.com\/association-or-du-temps\/\" target=\"_blank\" rel=\"noreferrer noopener\">\u2019association&nbsp;Or&nbsp;du temps<\/a>.&nbsp;<\/p>\n\n\n\n<h2 class=\"wp-block-heading\"><strong>Redonner espoir<\/strong><\/h2>\n\n\n\n<figure class=\"wp-block-gallery has-nested-images columns-default is-cropped wp-block-gallery-1 is-layout-flex wp-block-gallery-is-layout-flex\">\n<figure class=\"wp-block-image size-full is-style-default\"><img loading=\"lazy\" decoding=\"async\" width=\"1024\" height=\"640\" data-id=\"32433\" src=\"https:\/\/lyonbondyblog.fr\/LBB\/wp-content\/uploads\/2023\/05\/WhatsApp-Image-2023-05-09-at-14.59.42-edited.jpeg\" alt=\"\u00e9cran cin\u00e9ma\" class=\"wp-image-32433\" srcset=\"https:\/\/lyonbondyblog.fr\/LBB\/wp-content\/uploads\/2023\/05\/WhatsApp-Image-2023-05-09-at-14.59.42-edited.jpeg 1024w, https:\/\/lyonbondyblog.fr\/LBB\/wp-content\/uploads\/2023\/05\/WhatsApp-Image-2023-05-09-at-14.59.42-edited-768x480.jpeg 768w\" sizes=\"auto, (max-width: 1024px) 100vw, 1024px\" \/><figcaption class=\"wp-element-caption\">image cin\u00e9 d\u00e9bat<\/figcaption><\/figure>\n<\/figure>\n\n\n\n<p>L\u2019UFOLEP&nbsp;tente de toucher un maximum de public, l\u2019id\u00e9e, c\u2019est aussi de rendre le sport accessible \u00e0 tout le monde.&nbsp;Dans ce cadre, il travaille avec&nbsp;de nombreuses&nbsp;MJC&nbsp;et d\u2019autres structures comme des antennes afin de toucher un maximum de personnes.<br><br>Fort de leurs diff\u00e9rents collaborateurs, l\u2019UFOLEP&nbsp;a fait d\u00e9couvrir aux ambassadeurs d\u2019autres formes de danses et de sports en g\u00e9n\u00e9ral.&nbsp;Il leur a fait rencontrer des publics diversifi\u00e9s afin de partager leurs connaissances.<br>Dans les deux films, on voit notamment l&rsquo;\u00e9volution des jeunes, leurs coh\u00e9sions ainsi que leurs esprits d&rsquo;\u00e9quipe.<\/p>\n\n\n\n<h2 class=\"wp-block-heading\"><strong>Et ensuite ?<\/strong><\/h2>\n\n\n\n<p>\u00a0L\u2019UFOLEP\u00a0suit les jeunes sur la dur\u00e9e. Apr\u00e8s le service civique\u00a0, le parcours professionnel des jeunes est suivi et il peut m\u00eame arriver que la structure elle-m\u00eame embauche le jeune.\u00a0Ce fut le cas de\u00a0Leidjy\u00a0de la promotion 2020-2021.<br><br>Il est pass\u00e9 d\u2019ambassadeur \u00e0 coordinateur.<br><\/p>\n\n\n\n<figure class=\"wp-block-audio\"><audio controls src=\"https:\/\/lyonbondyblog.fr\/LBB\/wp-content\/uploads\/2023\/05\/leidjy.wav\"><\/audio><figcaption class=\"wp-element-caption\">leidjy, coordinateur<\/figcaption><\/figure>\n\n\n\n<p><br>Il y a un double objectif de l\u2019UFOLEP&nbsp;d\u2019inclusion social des jeunes jusqu\u2019\u00e0 l\u2019insertion&nbsp;professionnel.&nbsp;Les jeunes peuvent suivre des formations vari\u00e9es comme le&nbsp;PSC1&nbsp;(la pr\u00e9vention sant\u00e9 et au secourisme), le&nbsp;CQP&nbsp;(Certificat de qualification professionnelle)&nbsp;et bien d\u2019autres.<br><br>La soir\u00e9e, c\u2019est cl\u00f4turer aux alentours de 21 h par un teaser du nouveau projet \u00ab A chacun son sommet \u00bb une&nbsp;s\u00e9rie documentaire&nbsp;par l\u2019<a href=\"https:\/\/www.stevenfreedom.com\/association-or-du-temps\/\" target=\"_blank\" rel=\"noreferrer noopener\">association&nbsp;Or&nbsp;du temps<\/a>.&nbsp;Ce projet consiste \u00e0 gravir le Mont&nbsp;Viso&nbsp;(3 841 m)&nbsp;en Italie par deux jeunes et deux \u00e9ducateurs.<br><\/p>\n<!-- AddThis Advanced Settings generic via filter on the_content --><!-- AddThis Share Buttons generic via filter on the_content -->","protected":false},"excerpt":{"rendered":"<p>L\u2019UFOLEP \u00e9tait pr\u00e9sente jeudi 04 mai 2023 pour un cin\u00e9 d\u00e9bat \u201chip\u00a0hop\u00a0altitude\u201d au cin\u00e9ma de\u00a0Rillieux-la-Pape\u00a0pour la projection de 3 films afin d\u2019aborder\u00a0leur accompagnement\u00a0des jeunes en &hellip; <!-- AddThis Advanced Settings generic via filter on wp_trim_excerpt --><!-- AddThis Share Buttons generic via filter on wp_trim_excerpt --><\/p>\n","protected":false},"author":31876,"featured_media":32431,"comment_status":"open","ping_status":"open","sticky":true,"template":"","format":"standard","meta":{"_FSMCFIC_featured_image_caption":"","_FSMCFIC_featured_image_nocaption":"","_FSMCFIC_featured_image_hide":"","footnotes":""},"categories":[4],"tags":[435,97,603,216,29],"class_list":["post-32427","post","type-post","status-publish","format-standard","has-post-thumbnail","hentry","category-lyon","tag-association","tag-cinema","tag-debat","tag-jeunes","tag-sport"],"yoast_head":"<!-- This site is optimized with the Yoast SEO plugin v22.8 - https:\/\/yoast.com\/wordpress\/plugins\/seo\/ -->\n<title>Un cin\u00e9 d\u00e9bat sur les jeunes et le sport organis\u00e9 par l\u2019UFOLEP - Lyon Bondy Blog<\/title>\n<meta name=\"description\" content=\"L\u2019UFOLEP \u00e9tait pr\u00e9sente jeudi 04 mai 2022 pour un cin\u00e9 d\u00e9bat \u201chip\u00a0hop\u00a0altitude\u201d au cin\u00e9ma de\u00a0Rillieux-la-Pape\u00a0pour la projection de 3 films afin d\u2019aborder\u00a0leur accompagnement\u00a0des jeunes en service civique.\" \/>\n<meta name=\"robots\" content=\"index, follow, max-snippet:-1, max-image-preview:large, max-video-preview:-1\" \/>\n<link rel=\"canonical\" href=\"https:\/\/lyonbondyblog.fr\/LBB\/un-cine-debat-sur-les-jeunes-et-le-sport\/\" \/>\n<meta property=\"og:locale\" content=\"fr_FR\" \/>\n<meta property=\"og:type\" content=\"article\" \/>\n<meta property=\"og:title\" content=\"Un cin\u00e9 d\u00e9bat sur les jeunes et le sport organis\u00e9 par l\u2019UFOLEP - Lyon Bondy Blog\" \/>\n<meta property=\"og:description\" content=\"L\u2019UFOLEP \u00e9tait pr\u00e9sente jeudi 04 mai 2022 pour un cin\u00e9 d\u00e9bat \u201chip\u00a0hop\u00a0altitude\u201d au cin\u00e9ma de\u00a0Rillieux-la-Pape\u00a0pour la projection de 3 films afin d\u2019aborder\u00a0leur accompagnement\u00a0des jeunes en service civique.\" \/>\n<meta property=\"og:url\" content=\"https:\/\/lyonbondyblog.fr\/LBB\/un-cine-debat-sur-les-jeunes-et-le-sport\/\" \/>\n<meta property=\"og:site_name\" content=\"Lyon Bondy Blog\" \/>\n<meta property=\"article:publisher\" content=\"https:\/\/www.facebook.com\/lyonbondyblog\" \/>\n<meta property=\"article:published_time\" content=\"2023-05-09T15:00:00+00:00\" \/>\n<meta property=\"article:modified_time\" content=\"2023-05-10T08:10:02+00:00\" \/>\n<meta property=\"og:image\" content=\"https:\/\/lyonbondyblog.fr\/LBB\/wp-content\/uploads\/2023\/05\/WhatsApp-Image-2023-05-09-at-14.59.46.jpeg\" \/>\n\t<meta property=\"og:image:width\" content=\"566\" \/>\n\t<meta property=\"og:image:height\" content=\"800\" \/>\n\t<meta property=\"og:image:type\" content=\"image\/jpeg\" \/>\n<meta name=\"author\" content=\"Camara Kadiatou\" \/>\n<meta name=\"twitter:card\" content=\"summary_large_image\" \/>\n<meta name=\"twitter:creator\" content=\"@bondybloglyon\" \/>\n<meta name=\"twitter:site\" content=\"@bondybloglyon\" \/>\n<script type=\"application\/ld+json\" class=\"yoast-schema-graph\">{\"@context\":\"https:\/\/schema.org\",\"@graph\":[{\"@type\":\"Article\",\"@id\":\"https:\/\/lyonbondyblog.fr\/LBB\/un-cine-debat-sur-les-jeunes-et-le-sport\/#article\",\"isPartOf\":{\"@id\":\"https:\/\/lyonbondyblog.fr\/LBB\/un-cine-debat-sur-les-jeunes-et-le-sport\/\"},\"author\":{\"name\":\"Camara Kadiatou\",\"@id\":\"https:\/\/lyonbondyblog.fr\/LBB\/#\/schema\/person\/084ca45e837a34c7c2dc6532692a262c\"},\"headline\":\"Un cin\u00e9 d\u00e9bat sur les jeunes et le sport organis\u00e9 par l\u2019UFOLEP\",\"datePublished\":\"2023-05-09T15:00:00+00:00\",\"dateModified\":\"2023-05-10T08:10:02+00:00\",\"mainEntityOfPage\":{\"@id\":\"https:\/\/lyonbondyblog.fr\/LBB\/un-cine-debat-sur-les-jeunes-et-le-sport\/\"},\"wordCount\":827,\"commentCount\":0,\"publisher\":{\"@id\":\"https:\/\/lyonbondyblog.fr\/LBB\/#organization\"},\"image\":{\"@id\":\"https:\/\/lyonbondyblog.fr\/LBB\/un-cine-debat-sur-les-jeunes-et-le-sport\/#primaryimage\"},\"thumbnailUrl\":\"https:\/\/lyonbondyblog.fr\/LBB\/wp-content\/uploads\/2023\/05\/WhatsApp-Image-2023-05-09-at-14.59.46.jpeg\",\"keywords\":[\"association\",\"Cin\u00e9ma\",\"d\u00e9bat\",\"jeunes\",\"sport\"],\"articleSection\":[\"Lyon\"],\"inLanguage\":\"fr-FR\",\"potentialAction\":[{\"@type\":\"CommentAction\",\"name\":\"Comment\",\"target\":[\"https:\/\/lyonbondyblog.fr\/LBB\/un-cine-debat-sur-les-jeunes-et-le-sport\/#respond\"]}]},{\"@type\":\"WebPage\",\"@id\":\"https:\/\/lyonbondyblog.fr\/LBB\/un-cine-debat-sur-les-jeunes-et-le-sport\/\",\"url\":\"https:\/\/lyonbondyblog.fr\/LBB\/un-cine-debat-sur-les-jeunes-et-le-sport\/\",\"name\":\"Un cin\u00e9 d\u00e9bat sur les jeunes et le sport organis\u00e9 par l\u2019UFOLEP - Lyon Bondy Blog\",\"isPartOf\":{\"@id\":\"https:\/\/lyonbondyblog.fr\/LBB\/#website\"},\"primaryImageOfPage\":{\"@id\":\"https:\/\/lyonbondyblog.fr\/LBB\/un-cine-debat-sur-les-jeunes-et-le-sport\/#primaryimage\"},\"image\":{\"@id\":\"https:\/\/lyonbondyblog.fr\/LBB\/un-cine-debat-sur-les-jeunes-et-le-sport\/#primaryimage\"},\"thumbnailUrl\":\"https:\/\/lyonbondyblog.fr\/LBB\/wp-content\/uploads\/2023\/05\/WhatsApp-Image-2023-05-09-at-14.59.46.jpeg\",\"datePublished\":\"2023-05-09T15:00:00+00:00\",\"dateModified\":\"2023-05-10T08:10:02+00:00\",\"description\":\"L\u2019UFOLEP \u00e9tait pr\u00e9sente jeudi 04 mai 2022 pour un cin\u00e9 d\u00e9bat \u201chip\u00a0hop\u00a0altitude\u201d au cin\u00e9ma de\u00a0Rillieux-la-Pape\u00a0pour la projection de 3 films afin d\u2019aborder\u00a0leur accompagnement\u00a0des jeunes en service civique.\",\"inLanguage\":\"fr-FR\",\"potentialAction\":[{\"@type\":\"ReadAction\",\"target\":[\"https:\/\/lyonbondyblog.fr\/LBB\/un-cine-debat-sur-les-jeunes-et-le-sport\/\"]}]},{\"@type\":\"ImageObject\",\"inLanguage\":\"fr-FR\",\"@id\":\"https:\/\/lyonbondyblog.fr\/LBB\/un-cine-debat-sur-les-jeunes-et-le-sport\/#primaryimage\",\"url\":\"https:\/\/lyonbondyblog.fr\/LBB\/wp-content\/uploads\/2023\/05\/WhatsApp-Image-2023-05-09-at-14.59.46.jpeg\",\"contentUrl\":\"https:\/\/lyonbondyblog.fr\/LBB\/wp-content\/uploads\/2023\/05\/WhatsApp-Image-2023-05-09-at-14.59.46.jpeg\",\"width\":566,\"height\":800,\"caption\":\"affiche cin\u00e9 d\u00e9bat\"},{\"@type\":\"WebSite\",\"@id\":\"https:\/\/lyonbondyblog.fr\/LBB\/#website\",\"url\":\"https:\/\/lyonbondyblog.fr\/LBB\/\",\"name\":\"Lyon Bondy Blog\",\"description\":\"\",\"publisher\":{\"@id\":\"https:\/\/lyonbondyblog.fr\/LBB\/#organization\"},\"potentialAction\":[{\"@type\":\"SearchAction\",\"target\":{\"@type\":\"EntryPoint\",\"urlTemplate\":\"https:\/\/lyonbondyblog.fr\/LBB\/?s={search_term_string}\"},\"query-input\":\"required name=search_term_string\"}],\"inLanguage\":\"fr-FR\"},{\"@type\":\"Organization\",\"@id\":\"https:\/\/lyonbondyblog.fr\/LBB\/#organization\",\"name\":\"LYON BONDY BLOG\",\"url\":\"https:\/\/lyonbondyblog.fr\/LBB\/\",\"logo\":{\"@type\":\"ImageObject\",\"inLanguage\":\"fr-FR\",\"@id\":\"https:\/\/lyonbondyblog.fr\/LBB\/#\/schema\/logo\/image\/\",\"url\":\"http:\/\/lyonbondyblog.fr\/LBB\/wp-content\/uploads\/2014\/10\/logo-portable-144.png\",\"contentUrl\":\"http:\/\/lyonbondyblog.fr\/LBB\/wp-content\/uploads\/2014\/10\/logo-portable-144.png\",\"width\":144,\"height\":123,\"caption\":\"LYON BONDY BLOG\"},\"image\":{\"@id\":\"https:\/\/lyonbondyblog.fr\/LBB\/#\/schema\/logo\/image\/\"},\"sameAs\":[\"https:\/\/www.facebook.com\/lyonbondyblog\",\"https:\/\/x.com\/bondybloglyon\"]},{\"@type\":\"Person\",\"@id\":\"https:\/\/lyonbondyblog.fr\/LBB\/#\/schema\/person\/084ca45e837a34c7c2dc6532692a262c\",\"name\":\"Camara Kadiatou\",\"url\":\"https:\/\/lyonbondyblog.fr\/LBB\/author\/camarak\/\"}]}<\/script>\n<!-- \/ Yoast SEO plugin. -->","yoast_head_json":{"title":"Un cin\u00e9 d\u00e9bat sur les jeunes et le sport organis\u00e9 par l\u2019UFOLEP - Lyon Bondy Blog","description":"L\u2019UFOLEP \u00e9tait pr\u00e9sente jeudi 04 mai 2022 pour un cin\u00e9 d\u00e9bat \u201chip\u00a0hop\u00a0altitude\u201d au cin\u00e9ma de\u00a0Rillieux-la-Pape\u00a0pour la projection de 3 films afin d\u2019aborder\u00a0leur accompagnement\u00a0des jeunes en service civique.","robots":{"index":"index","follow":"follow","max-snippet":"max-snippet:-1","max-image-preview":"max-image-preview:large","max-video-preview":"max-video-preview:-1"},"canonical":"https:\/\/lyonbondyblog.fr\/LBB\/un-cine-debat-sur-les-jeunes-et-le-sport\/","og_locale":"fr_FR","og_type":"article","og_title":"Un cin\u00e9 d\u00e9bat sur les jeunes et le sport organis\u00e9 par l\u2019UFOLEP - Lyon Bondy Blog","og_description":"L\u2019UFOLEP \u00e9tait pr\u00e9sente jeudi 04 mai 2022 pour un cin\u00e9 d\u00e9bat \u201chip\u00a0hop\u00a0altitude\u201d au cin\u00e9ma de\u00a0Rillieux-la-Pape\u00a0pour la projection de 3 films afin d\u2019aborder\u00a0leur accompagnement\u00a0des jeunes en service civique.","og_url":"https:\/\/lyonbondyblog.fr\/LBB\/un-cine-debat-sur-les-jeunes-et-le-sport\/","og_site_name":"Lyon Bondy Blog","article_publisher":"https:\/\/www.facebook.com\/lyonbondyblog","article_published_time":"2023-05-09T15:00:00+00:00","article_modified_time":"2023-05-10T08:10:02+00:00","og_image":[{"width":566,"height":800,"url":"https:\/\/lyonbondyblog.fr\/LBB\/wp-content\/uploads\/2023\/05\/WhatsApp-Image-2023-05-09-at-14.59.46.jpeg","type":"image\/jpeg"}],"author":"Camara Kadiatou","twitter_card":"summary_large_image","twitter_creator":"@bondybloglyon","twitter_site":"@bondybloglyon","schema":{"@context":"https:\/\/schema.org","@graph":[{"@type":"Article","@id":"https:\/\/lyonbondyblog.fr\/LBB\/un-cine-debat-sur-les-jeunes-et-le-sport\/#article","isPartOf":{"@id":"https:\/\/lyonbondyblog.fr\/LBB\/un-cine-debat-sur-les-jeunes-et-le-sport\/"},"author":{"name":"Camara Kadiatou","@id":"https:\/\/lyonbondyblog.fr\/LBB\/#\/schema\/person\/084ca45e837a34c7c2dc6532692a262c"},"headline":"Un cin\u00e9 d\u00e9bat sur les jeunes et le sport organis\u00e9 par l\u2019UFOLEP","datePublished":"2023-05-09T15:00:00+00:00","dateModified":"2023-05-10T08:10:02+00:00","mainEntityOfPage":{"@id":"https:\/\/lyonbondyblog.fr\/LBB\/un-cine-debat-sur-les-jeunes-et-le-sport\/"},"wordCount":827,"commentCount":0,"publisher":{"@id":"https:\/\/lyonbondyblog.fr\/LBB\/#organization"},"image":{"@id":"https:\/\/lyonbondyblog.fr\/LBB\/un-cine-debat-sur-les-jeunes-et-le-sport\/#primaryimage"},"thumbnailUrl":"https:\/\/lyonbondyblog.fr\/LBB\/wp-content\/uploads\/2023\/05\/WhatsApp-Image-2023-05-09-at-14.59.46.jpeg","keywords":["association","Cin\u00e9ma","d\u00e9bat","jeunes","sport"],"articleSection":["Lyon"],"inLanguage":"fr-FR","potentialAction":[{"@type":"CommentAction","name":"Comment","target":["https:\/\/lyonbondyblog.fr\/LBB\/un-cine-debat-sur-les-jeunes-et-le-sport\/#respond"]}]},{"@type":"WebPage","@id":"https:\/\/lyonbondyblog.fr\/LBB\/un-cine-debat-sur-les-jeunes-et-le-sport\/","url":"https:\/\/lyonbondyblog.fr\/LBB\/un-cine-debat-sur-les-jeunes-et-le-sport\/","name":"Un cin\u00e9 d\u00e9bat sur les jeunes et le sport organis\u00e9 par l\u2019UFOLEP - Lyon Bondy Blog","isPartOf":{"@id":"https:\/\/lyonbondyblog.fr\/LBB\/#website"},"primaryImageOfPage":{"@id":"https:\/\/lyonbondyblog.fr\/LBB\/un-cine-debat-sur-les-jeunes-et-le-sport\/#primaryimage"},"image":{"@id":"https:\/\/lyonbondyblog.fr\/LBB\/un-cine-debat-sur-les-jeunes-et-le-sport\/#primaryimage"},"thumbnailUrl":"https:\/\/lyonbondyblog.fr\/LBB\/wp-content\/uploads\/2023\/05\/WhatsApp-Image-2023-05-09-at-14.59.46.jpeg","datePublished":"2023-05-09T15:00:00+00:00","dateModified":"2023-05-10T08:10:02+00:00","description":"L\u2019UFOLEP \u00e9tait pr\u00e9sente jeudi 04 mai 2022 pour un cin\u00e9 d\u00e9bat \u201chip\u00a0hop\u00a0altitude\u201d au cin\u00e9ma de\u00a0Rillieux-la-Pape\u00a0pour la projection de 3 films afin d\u2019aborder\u00a0leur accompagnement\u00a0des jeunes en service civique.","inLanguage":"fr-FR","potentialAction":[{"@type":"ReadAction","target":["https:\/\/lyonbondyblog.fr\/LBB\/un-cine-debat-sur-les-jeunes-et-le-sport\/"]}]},{"@type":"ImageObject","inLanguage":"fr-FR","@id":"https:\/\/lyonbondyblog.fr\/LBB\/un-cine-debat-sur-les-jeunes-et-le-sport\/#primaryimage","url":"https:\/\/lyonbondyblog.fr\/LBB\/wp-content\/uploads\/2023\/05\/WhatsApp-Image-2023-05-09-at-14.59.46.jpeg","contentUrl":"https:\/\/lyonbondyblog.fr\/LBB\/wp-content\/uploads\/2023\/05\/WhatsApp-Image-2023-05-09-at-14.59.46.jpeg","width":566,"height":800,"caption":"affiche cin\u00e9 d\u00e9bat"},{"@type":"WebSite","@id":"https:\/\/lyonbondyblog.fr\/LBB\/#website","url":"https:\/\/lyonbondyblog.fr\/LBB\/","name":"Lyon Bondy Blog","description":"","publisher":{"@id":"https:\/\/lyonbondyblog.fr\/LBB\/#organization"},"potentialAction":[{"@type":"SearchAction","target":{"@type":"EntryPoint","urlTemplate":"https:\/\/lyonbondyblog.fr\/LBB\/?s={search_term_string}"},"query-input":"required name=search_term_string"}],"inLanguage":"fr-FR"},{"@type":"Organization","@id":"https:\/\/lyonbondyblog.fr\/LBB\/#organization","name":"LYON BONDY BLOG","url":"https:\/\/lyonbondyblog.fr\/LBB\/","logo":{"@type":"ImageObject","inLanguage":"fr-FR","@id":"https:\/\/lyonbondyblog.fr\/LBB\/#\/schema\/logo\/image\/","url":"http:\/\/lyonbondyblog.fr\/LBB\/wp-content\/uploads\/2014\/10\/logo-portable-144.png","contentUrl":"http:\/\/lyonbondyblog.fr\/LBB\/wp-content\/uploads\/2014\/10\/logo-portable-144.png","width":144,"height":123,"caption":"LYON BONDY BLOG"},"image":{"@id":"https:\/\/lyonbondyblog.fr\/LBB\/#\/schema\/logo\/image\/"},"sameAs":["https:\/\/www.facebook.com\/lyonbondyblog","https:\/\/x.com\/bondybloglyon"]},{"@type":"Person","@id":"https:\/\/lyonbondyblog.fr\/LBB\/#\/schema\/person\/084ca45e837a34c7c2dc6532692a262c","name":"Camara Kadiatou","url":"https:\/\/lyonbondyblog.fr\/LBB\/author\/camarak\/"}]}},"_links":{"self":[{"href":"https:\/\/lyonbondyblog.fr\/LBB\/wp-json\/wp\/v2\/posts\/32427","targetHints":{"allow":["GET"]}}],"collection":[{"href":"https:\/\/lyonbondyblog.fr\/LBB\/wp-json\/wp\/v2\/posts"}],"about":[{"href":"https:\/\/lyonbondyblog.fr\/LBB\/wp-json\/wp\/v2\/types\/post"}],"author":[{"embeddable":true,"href":"https:\/\/lyonbondyblog.fr\/LBB\/wp-json\/wp\/v2\/users\/31876"}],"replies":[{"embeddable":true,"href":"https:\/\/lyonbondyblog.fr\/LBB\/wp-json\/wp\/v2\/comments?post=32427"}],"version-history":[{"count":2,"href":"https:\/\/lyonbondyblog.fr\/LBB\/wp-json\/wp\/v2\/posts\/32427\/revisions"}],"predecessor-version":[{"id":32436,"href":"https:\/\/lyonbondyblog.fr\/LBB\/wp-json\/wp\/v2\/posts\/32427\/revisions\/32436"}],"wp:featuredmedia":[{"embeddable":true,"href":"https:\/\/lyonbondyblog.fr\/LBB\/wp-json\/wp\/v2\/media\/32431"}],"wp:attachment":[{"href":"https:\/\/lyonbondyblog.fr\/LBB\/wp-json\/wp\/v2\/media?parent=32427"}],"wp:term":[{"taxonomy":"category","embeddable":true,"href":"https:\/\/lyonbondyblog.fr\/LBB\/wp-json\/wp\/v2\/categories?post=32427"},{"taxonomy":"post_tag","embeddable":true,"href":"https:\/\/lyonbondyblog.fr\/LBB\/wp-json\/wp\/v2\/tags?post=32427"}],"curies":[{"name":"wp","href":"https:\/\/api.w.org\/{rel}","templated":true}]}}