{"id":32360,"date":"2023-05-03T17:00:00","date_gmt":"2023-05-03T15:00:00","guid":{"rendered":"https:\/\/lyonbondyblog.fr\/LBB\/?p=32360"},"modified":"2023-05-03T17:00:17","modified_gmt":"2023-05-03T15:00:17","slug":"raid-aventure-une-journee-pour-rapprocher-les-jeunes-de-la-police","status":"publish","type":"post","link":"https:\/\/lyonbondyblog.fr\/LBB\/raid-aventure-une-journee-pour-rapprocher-les-jeunes-de-la-police\/","title":{"rendered":"<strong>Raid Aventure Organisation \u00e0 Bron : une journ\u00e9e pour rapprocher les jeunes de la police<\/strong>"},"content":{"rendered":"\n<p><strong>L&rsquo;association Raid Aventure Organisation a organis\u00e9 un \u00e9v\u00e9nement \u00e0 Bron le mercredi 26 avril, dans le but de rapprocher les jeunes de la police. Au programme : des activit\u00e9s ludiques, des pr\u00e9sentations des m\u00e9tiers de la police, ainsi que la pr\u00e9sence du champion d\u2019Europe de Karat\u00e9, Medhi Filali et le champion d\u2019Europe police Judo, Reda Seddouki. Retour sur cette journ\u00e9e qui a permis de renforcer les liens entre les jeunes et les forces de l&rsquo;ordre.<\/strong><\/p>\n\n\n\n<p>Depuis plus de trente ans, l&rsquo;association Raid Aventure Organisation s&rsquo;efforce de rapprocher la police de la population, notamment des jeunes. Les membres des forces de s\u00e9curit\u00e9 int\u00e9rieure, tels que la police et les pompiers, assurent l&rsquo;encadrement de ces rencontres pour expliquer leur profession, leurs gestes et leurs techniques d&rsquo;interpellation, et ainsi apaiser les tensions. Cette initiative appel\u00e9e \u00ab Prox \u00bb est destin\u00e9e \u00e0 promouvoir la citoyennet\u00e9 et les valeurs de la R\u00e9publique gr\u00e2ce au dialogue.<\/p>\n\n\n\n<p>En plus des \u00e9changes, des activit\u00e9s ludiques et sportives sont propos\u00e9es aux jeunes, telles que l&rsquo;escalade, le football, le rugby, la boxe, un parcours d&rsquo;obstacles en tenue de maintien de l&rsquo;ordre et une initiation aux gestes de premiers secours. Sur place, des ateliers permettent \u00e9galement d&rsquo;expliquer les gestes et les techniques professionnels utilis\u00e9s lors d&rsquo;une intervention pour \u00e9viter les mauvaises interpr\u00e9tations.<\/p>\n\n\n\n<h3 class=\"wp-block-heading\"><strong>Une relation qui se d\u00e9grade<\/strong><\/h3>\n\n\n\n<p>Smail Aklit, coordinateur de l&rsquo;association Raid Aventure Organisation, s&rsquo;inqui\u00e8te de la d\u00e9gradation de la relation entre les jeunes et la police. Selon lui, les jeunes prennent souvent exemple sur les grands du quartier, qui ont eux-m\u00eames une mauvaise image des forces de l&rsquo;ordre. De plus, les vid\u00e9os sur internet, qui ne montrent que la fin de l&rsquo;intervention polici\u00e8re et non le d\u00e9but, renforcent cette perception n\u00e9gative. C\u2019est aussi pour cette raison que l\u2019association est pr\u00e9sente dans les quartiers, elle sensibilise les jeunes sur le r\u00f4le de la police et leur montre que les forces de l&rsquo;ordre sont l\u00e0 pour les prot\u00e9ger.<\/p>\n\n\n\n<figure class=\"wp-block-audio\"><audio controls src=\"https:\/\/lyonbondyblog.fr\/LBB\/wp-content\/uploads\/2023\/05\/luan-1.wav\"><\/audio><figcaption class=\"wp-element-caption\"><strong><em>Smail Aklit<\/em><\/strong><\/figcaption><\/figure>\n\n\n\n<h3 class=\"wp-block-heading\"><strong>La d\u00e9monstration de chiens policiers fait sensation aupr\u00e8s des enfants<\/strong><\/h3>\n\n\n\n<p>Les enfants ont eu l&rsquo;opportunit\u00e9 d&rsquo;assister pendant un court instant \u00e0 une d\u00e9monstration d&rsquo;interpellation, avec la participation de deux malinois sp\u00e9cialement dress\u00e9s. Les chiens, qui font partie de l&rsquo;unit\u00e9 canine de la police, ont montr\u00e9 leur talent en attrapant des \u00ab\u00a0suspects\u00a0\u00bb.<\/p>\n\n\n\n<p>Les enfants ont regard\u00e9 avec fascination alors que les chiens ob\u00e9issaient aux ordres de leurs entra\u00eeneurs et ex\u00e9cutaient des man\u0153uvres impressionnantes. Les agents de police ont pris le temps de r\u00e9pondre aux questions des enfants et de discuter de leur travail quotidien.<\/p>\n\n\n\n<figure class=\"wp-block-image size-full is-resized\"><img loading=\"lazy\" decoding=\"async\" src=\"https:\/\/lyonbondyblog.fr\/LBB\/wp-content\/uploads\/2023\/05\/WhatsApp-Image-2023-05-03-at-16.39.52.jpeg\" alt=\"un policier tenant un chien policier.\" class=\"wp-image-32363\" width=\"960\" height=\"720\" srcset=\"https:\/\/lyonbondyblog.fr\/LBB\/wp-content\/uploads\/2023\/05\/WhatsApp-Image-2023-05-03-at-16.39.52.jpeg 1920w, https:\/\/lyonbondyblog.fr\/LBB\/wp-content\/uploads\/2023\/05\/WhatsApp-Image-2023-05-03-at-16.39.52-1200x900.jpeg 1200w, https:\/\/lyonbondyblog.fr\/LBB\/wp-content\/uploads\/2023\/05\/WhatsApp-Image-2023-05-03-at-16.39.52-768x576.jpeg 768w, https:\/\/lyonbondyblog.fr\/LBB\/wp-content\/uploads\/2023\/05\/WhatsApp-Image-2023-05-03-at-16.39.52-1536x1152.jpeg 1536w\" sizes=\"auto, (max-width: 960px) 100vw, 960px\" \/><figcaption class=\"wp-element-caption\">activit\u00e9 chien policier<\/figcaption><\/figure>\n\n\n\n<p>Pr\u00e9sent \u00e0 cet \u00e9v\u00e9nement, Samuel Dechoux, directeur de la tranquillit\u00e9 publique de la ville de Bron, a montr\u00e9 son engagement et sa passion pour la s\u00e9curit\u00e9 ainsi que pour le rapprochement entre les jeunes et la police. Depuis plusieurs ann\u00e9es, il fait appel \u00e0 l&rsquo;association pour organiser un espace d&rsquo;\u00e9change.<\/p>\n\n\n\n<figure class=\"wp-block-audio\"><audio controls src=\"https:\/\/lyonbondyblog.fr\/LBB\/wp-content\/uploads\/2023\/05\/luan-2.wav\"><\/audio><figcaption class=\"wp-element-caption\">Samuel Dechoux<\/figcaption><\/figure>\n\n\n\n<p class=\"has-text-align-right\"><em>Ecrit par Luan Gerber <\/em><\/p>\n<!-- AddThis Advanced Settings generic via filter on the_content --><!-- AddThis Share Buttons generic via filter on the_content -->","protected":false},"excerpt":{"rendered":"<p>L&rsquo;association Raid Aventure Organisation a organis\u00e9 un \u00e9v\u00e9nement \u00e0 Bron le mercredi 26 avril, dans le but de rapprocher les jeunes de la police. Au &hellip; <!-- AddThis Advanced Settings generic via filter on wp_trim_excerpt --><!-- AddThis Share Buttons generic via filter on wp_trim_excerpt --><\/p>\n","protected":false},"author":31876,"featured_media":32364,"comment_status":"open","ping_status":"open","sticky":true,"template":"","format":"standard","meta":{"_FSMCFIC_featured_image_caption":"","_FSMCFIC_featured_image_nocaption":"","_FSMCFIC_featured_image_hide":"","footnotes":""},"categories":[4],"tags":[657,216,10,2568,549],"class_list":["post-32360","post","type-post","status-publish","format-standard","has-post-thumbnail","hentry","category-lyon","tag-bron","tag-jeunes","tag-lyon-2","tag-metropole-de-lyon","tag-police"],"yoast_head":"<!-- This site is optimized with the Yoast SEO plugin v22.8 - https:\/\/yoast.com\/wordpress\/plugins\/seo\/ -->\n<title>Raid Aventure Organisation \u00e0 Bron : une journ\u00e9e pour rapprocher les jeunes de la police - Lyon Bondy Blog<\/title>\n<meta name=\"description\" content=\"L&#039;association Raid Aventure Organisation a organis\u00e9 un \u00e9v\u00e9nement \u00e0 Bron le mercredi 26 avril, dans le but de rapprocher les jeunes de la police.\" \/>\n<meta name=\"robots\" content=\"index, follow, max-snippet:-1, max-image-preview:large, max-video-preview:-1\" \/>\n<link rel=\"canonical\" href=\"https:\/\/lyonbondyblog.fr\/LBB\/raid-aventure-une-journee-pour-rapprocher-les-jeunes-de-la-police\/\" \/>\n<meta property=\"og:locale\" content=\"fr_FR\" \/>\n<meta property=\"og:type\" content=\"article\" \/>\n<meta property=\"og:title\" content=\"Raid Aventure Organisation \u00e0 Bron : une journ\u00e9e pour rapprocher les jeunes de la police - Lyon Bondy Blog\" \/>\n<meta property=\"og:description\" content=\"L&#039;association Raid Aventure Organisation a organis\u00e9 un \u00e9v\u00e9nement \u00e0 Bron le mercredi 26 avril, dans le but de rapprocher les jeunes de la police.\" \/>\n<meta property=\"og:url\" content=\"https:\/\/lyonbondyblog.fr\/LBB\/raid-aventure-une-journee-pour-rapprocher-les-jeunes-de-la-police\/\" \/>\n<meta property=\"og:site_name\" content=\"Lyon Bondy Blog\" \/>\n<meta property=\"article:publisher\" content=\"https:\/\/www.facebook.com\/lyonbondyblog\" \/>\n<meta property=\"article:published_time\" content=\"2023-05-03T15:00:00+00:00\" \/>\n<meta property=\"article:modified_time\" content=\"2023-05-03T15:00:17+00:00\" \/>\n<meta property=\"og:image\" content=\"https:\/\/lyonbondyblog.fr\/LBB\/wp-content\/uploads\/2023\/05\/WhatsApp-Image-2023-05-03-at-16.41.39.jpeg\" \/>\n\t<meta property=\"og:image:width\" content=\"1920\" \/>\n\t<meta property=\"og:image:height\" content=\"1440\" \/>\n\t<meta property=\"og:image:type\" content=\"image\/jpeg\" \/>\n<meta name=\"author\" content=\"Camara Kadiatou\" \/>\n<meta name=\"twitter:card\" content=\"summary_large_image\" \/>\n<meta name=\"twitter:creator\" content=\"@bondybloglyon\" \/>\n<meta name=\"twitter:site\" content=\"@bondybloglyon\" \/>\n<script type=\"application\/ld+json\" class=\"yoast-schema-graph\">{\"@context\":\"https:\/\/schema.org\",\"@graph\":[{\"@type\":\"Article\",\"@id\":\"https:\/\/lyonbondyblog.fr\/LBB\/raid-aventure-une-journee-pour-rapprocher-les-jeunes-de-la-police\/#article\",\"isPartOf\":{\"@id\":\"https:\/\/lyonbondyblog.fr\/LBB\/raid-aventure-une-journee-pour-rapprocher-les-jeunes-de-la-police\/\"},\"author\":{\"name\":\"Camara Kadiatou\",\"@id\":\"https:\/\/lyonbondyblog.fr\/LBB\/#\/schema\/person\/084ca45e837a34c7c2dc6532692a262c\"},\"headline\":\"Raid Aventure Organisation \u00e0 Bron : une journ\u00e9e pour rapprocher les jeunes de la police\",\"datePublished\":\"2023-05-03T15:00:00+00:00\",\"dateModified\":\"2023-05-03T15:00:17+00:00\",\"mainEntityOfPage\":{\"@id\":\"https:\/\/lyonbondyblog.fr\/LBB\/raid-aventure-une-journee-pour-rapprocher-les-jeunes-de-la-police\/\"},\"wordCount\":522,\"commentCount\":0,\"publisher\":{\"@id\":\"https:\/\/lyonbondyblog.fr\/LBB\/#organization\"},\"image\":{\"@id\":\"https:\/\/lyonbondyblog.fr\/LBB\/raid-aventure-une-journee-pour-rapprocher-les-jeunes-de-la-police\/#primaryimage\"},\"thumbnailUrl\":\"https:\/\/lyonbondyblog.fr\/LBB\/wp-content\/uploads\/2023\/05\/WhatsApp-Image-2023-05-03-at-16.41.39.jpeg\",\"keywords\":[\"Bron\",\"jeunes\",\"lyon\",\"M\u00e9tropole de Lyon\",\"police\"],\"articleSection\":[\"Lyon\"],\"inLanguage\":\"fr-FR\",\"potentialAction\":[{\"@type\":\"CommentAction\",\"name\":\"Comment\",\"target\":[\"https:\/\/lyonbondyblog.fr\/LBB\/raid-aventure-une-journee-pour-rapprocher-les-jeunes-de-la-police\/#respond\"]}]},{\"@type\":\"WebPage\",\"@id\":\"https:\/\/lyonbondyblog.fr\/LBB\/raid-aventure-une-journee-pour-rapprocher-les-jeunes-de-la-police\/\",\"url\":\"https:\/\/lyonbondyblog.fr\/LBB\/raid-aventure-une-journee-pour-rapprocher-les-jeunes-de-la-police\/\",\"name\":\"Raid Aventure Organisation \u00e0 Bron : une journ\u00e9e pour rapprocher les jeunes de la police - Lyon Bondy Blog\",\"isPartOf\":{\"@id\":\"https:\/\/lyonbondyblog.fr\/LBB\/#website\"},\"primaryImageOfPage\":{\"@id\":\"https:\/\/lyonbondyblog.fr\/LBB\/raid-aventure-une-journee-pour-rapprocher-les-jeunes-de-la-police\/#primaryimage\"},\"image\":{\"@id\":\"https:\/\/lyonbondyblog.fr\/LBB\/raid-aventure-une-journee-pour-rapprocher-les-jeunes-de-la-police\/#primaryimage\"},\"thumbnailUrl\":\"https:\/\/lyonbondyblog.fr\/LBB\/wp-content\/uploads\/2023\/05\/WhatsApp-Image-2023-05-03-at-16.41.39.jpeg\",\"datePublished\":\"2023-05-03T15:00:00+00:00\",\"dateModified\":\"2023-05-03T15:00:17+00:00\",\"description\":\"L'association Raid Aventure Organisation a organis\u00e9 un \u00e9v\u00e9nement \u00e0 Bron le mercredi 26 avril, dans le but de rapprocher les jeunes de la police.\",\"inLanguage\":\"fr-FR\",\"potentialAction\":[{\"@type\":\"ReadAction\",\"target\":[\"https:\/\/lyonbondyblog.fr\/LBB\/raid-aventure-une-journee-pour-rapprocher-les-jeunes-de-la-police\/\"]}]},{\"@type\":\"ImageObject\",\"inLanguage\":\"fr-FR\",\"@id\":\"https:\/\/lyonbondyblog.fr\/LBB\/raid-aventure-une-journee-pour-rapprocher-les-jeunes-de-la-police\/#primaryimage\",\"url\":\"https:\/\/lyonbondyblog.fr\/LBB\/wp-content\/uploads\/2023\/05\/WhatsApp-Image-2023-05-03-at-16.41.39.jpeg\",\"contentUrl\":\"https:\/\/lyonbondyblog.fr\/LBB\/wp-content\/uploads\/2023\/05\/WhatsApp-Image-2023-05-03-at-16.41.39.jpeg\",\"width\":1920,\"height\":1440,\"caption\":\"image stand\\\"ville de Bron\\\"\"},{\"@type\":\"WebSite\",\"@id\":\"https:\/\/lyonbondyblog.fr\/LBB\/#website\",\"url\":\"https:\/\/lyonbondyblog.fr\/LBB\/\",\"name\":\"Lyon Bondy Blog\",\"description\":\"\",\"publisher\":{\"@id\":\"https:\/\/lyonbondyblog.fr\/LBB\/#organization\"},\"potentialAction\":[{\"@type\":\"SearchAction\",\"target\":{\"@type\":\"EntryPoint\",\"urlTemplate\":\"https:\/\/lyonbondyblog.fr\/LBB\/?s={search_term_string}\"},\"query-input\":\"required name=search_term_string\"}],\"inLanguage\":\"fr-FR\"},{\"@type\":\"Organization\",\"@id\":\"https:\/\/lyonbondyblog.fr\/LBB\/#organization\",\"name\":\"LYON BONDY BLOG\",\"url\":\"https:\/\/lyonbondyblog.fr\/LBB\/\",\"logo\":{\"@type\":\"ImageObject\",\"inLanguage\":\"fr-FR\",\"@id\":\"https:\/\/lyonbondyblog.fr\/LBB\/#\/schema\/logo\/image\/\",\"url\":\"http:\/\/lyonbondyblog.fr\/LBB\/wp-content\/uploads\/2014\/10\/logo-portable-144.png\",\"contentUrl\":\"http:\/\/lyonbondyblog.fr\/LBB\/wp-content\/uploads\/2014\/10\/logo-portable-144.png\",\"width\":144,\"height\":123,\"caption\":\"LYON BONDY BLOG\"},\"image\":{\"@id\":\"https:\/\/lyonbondyblog.fr\/LBB\/#\/schema\/logo\/image\/\"},\"sameAs\":[\"https:\/\/www.facebook.com\/lyonbondyblog\",\"https:\/\/x.com\/bondybloglyon\"]},{\"@type\":\"Person\",\"@id\":\"https:\/\/lyonbondyblog.fr\/LBB\/#\/schema\/person\/084ca45e837a34c7c2dc6532692a262c\",\"name\":\"Camara Kadiatou\",\"url\":\"https:\/\/lyonbondyblog.fr\/LBB\/author\/camarak\/\"}]}<\/script>\n<!-- \/ Yoast SEO plugin. -->","yoast_head_json":{"title":"Raid Aventure Organisation \u00e0 Bron : une journ\u00e9e pour rapprocher les jeunes de la police - Lyon Bondy Blog","description":"L'association Raid Aventure Organisation a organis\u00e9 un \u00e9v\u00e9nement \u00e0 Bron le mercredi 26 avril, dans le but de rapprocher les jeunes de la police.","robots":{"index":"index","follow":"follow","max-snippet":"max-snippet:-1","max-image-preview":"max-image-preview:large","max-video-preview":"max-video-preview:-1"},"canonical":"https:\/\/lyonbondyblog.fr\/LBB\/raid-aventure-une-journee-pour-rapprocher-les-jeunes-de-la-police\/","og_locale":"fr_FR","og_type":"article","og_title":"Raid Aventure Organisation \u00e0 Bron : une journ\u00e9e pour rapprocher les jeunes de la police - Lyon Bondy Blog","og_description":"L'association Raid Aventure Organisation a organis\u00e9 un \u00e9v\u00e9nement \u00e0 Bron le mercredi 26 avril, dans le but de rapprocher les jeunes de la police.","og_url":"https:\/\/lyonbondyblog.fr\/LBB\/raid-aventure-une-journee-pour-rapprocher-les-jeunes-de-la-police\/","og_site_name":"Lyon Bondy Blog","article_publisher":"https:\/\/www.facebook.com\/lyonbondyblog","article_published_time":"2023-05-03T15:00:00+00:00","article_modified_time":"2023-05-03T15:00:17+00:00","og_image":[{"width":1920,"height":1440,"url":"https:\/\/lyonbondyblog.fr\/LBB\/wp-content\/uploads\/2023\/05\/WhatsApp-Image-2023-05-03-at-16.41.39.jpeg","type":"image\/jpeg"}],"author":"Camara Kadiatou","twitter_card":"summary_large_image","twitter_creator":"@bondybloglyon","twitter_site":"@bondybloglyon","schema":{"@context":"https:\/\/schema.org","@graph":[{"@type":"Article","@id":"https:\/\/lyonbondyblog.fr\/LBB\/raid-aventure-une-journee-pour-rapprocher-les-jeunes-de-la-police\/#article","isPartOf":{"@id":"https:\/\/lyonbondyblog.fr\/LBB\/raid-aventure-une-journee-pour-rapprocher-les-jeunes-de-la-police\/"},"author":{"name":"Camara Kadiatou","@id":"https:\/\/lyonbondyblog.fr\/LBB\/#\/schema\/person\/084ca45e837a34c7c2dc6532692a262c"},"headline":"Raid Aventure Organisation \u00e0 Bron : une journ\u00e9e pour rapprocher les jeunes de la police","datePublished":"2023-05-03T15:00:00+00:00","dateModified":"2023-05-03T15:00:17+00:00","mainEntityOfPage":{"@id":"https:\/\/lyonbondyblog.fr\/LBB\/raid-aventure-une-journee-pour-rapprocher-les-jeunes-de-la-police\/"},"wordCount":522,"commentCount":0,"publisher":{"@id":"https:\/\/lyonbondyblog.fr\/LBB\/#organization"},"image":{"@id":"https:\/\/lyonbondyblog.fr\/LBB\/raid-aventure-une-journee-pour-rapprocher-les-jeunes-de-la-police\/#primaryimage"},"thumbnailUrl":"https:\/\/lyonbondyblog.fr\/LBB\/wp-content\/uploads\/2023\/05\/WhatsApp-Image-2023-05-03-at-16.41.39.jpeg","keywords":["Bron","jeunes","lyon","M\u00e9tropole de Lyon","police"],"articleSection":["Lyon"],"inLanguage":"fr-FR","potentialAction":[{"@type":"CommentAction","name":"Comment","target":["https:\/\/lyonbondyblog.fr\/LBB\/raid-aventure-une-journee-pour-rapprocher-les-jeunes-de-la-police\/#respond"]}]},{"@type":"WebPage","@id":"https:\/\/lyonbondyblog.fr\/LBB\/raid-aventure-une-journee-pour-rapprocher-les-jeunes-de-la-police\/","url":"https:\/\/lyonbondyblog.fr\/LBB\/raid-aventure-une-journee-pour-rapprocher-les-jeunes-de-la-police\/","name":"Raid Aventure Organisation \u00e0 Bron : une journ\u00e9e pour rapprocher les jeunes de la police - Lyon Bondy Blog","isPartOf":{"@id":"https:\/\/lyonbondyblog.fr\/LBB\/#website"},"primaryImageOfPage":{"@id":"https:\/\/lyonbondyblog.fr\/LBB\/raid-aventure-une-journee-pour-rapprocher-les-jeunes-de-la-police\/#primaryimage"},"image":{"@id":"https:\/\/lyonbondyblog.fr\/LBB\/raid-aventure-une-journee-pour-rapprocher-les-jeunes-de-la-police\/#primaryimage"},"thumbnailUrl":"https:\/\/lyonbondyblog.fr\/LBB\/wp-content\/uploads\/2023\/05\/WhatsApp-Image-2023-05-03-at-16.41.39.jpeg","datePublished":"2023-05-03T15:00:00+00:00","dateModified":"2023-05-03T15:00:17+00:00","description":"L'association Raid Aventure Organisation a organis\u00e9 un \u00e9v\u00e9nement \u00e0 Bron le mercredi 26 avril, dans le but de rapprocher les jeunes de la police.","inLanguage":"fr-FR","potentialAction":[{"@type":"ReadAction","target":["https:\/\/lyonbondyblog.fr\/LBB\/raid-aventure-une-journee-pour-rapprocher-les-jeunes-de-la-police\/"]}]},{"@type":"ImageObject","inLanguage":"fr-FR","@id":"https:\/\/lyonbondyblog.fr\/LBB\/raid-aventure-une-journee-pour-rapprocher-les-jeunes-de-la-police\/#primaryimage","url":"https:\/\/lyonbondyblog.fr\/LBB\/wp-content\/uploads\/2023\/05\/WhatsApp-Image-2023-05-03-at-16.41.39.jpeg","contentUrl":"https:\/\/lyonbondyblog.fr\/LBB\/wp-content\/uploads\/2023\/05\/WhatsApp-Image-2023-05-03-at-16.41.39.jpeg","width":1920,"height":1440,"caption":"image stand\"ville de Bron\""},{"@type":"WebSite","@id":"https:\/\/lyonbondyblog.fr\/LBB\/#website","url":"https:\/\/lyonbondyblog.fr\/LBB\/","name":"Lyon Bondy Blog","description":"","publisher":{"@id":"https:\/\/lyonbondyblog.fr\/LBB\/#organization"},"potentialAction":[{"@type":"SearchAction","target":{"@type":"EntryPoint","urlTemplate":"https:\/\/lyonbondyblog.fr\/LBB\/?s={search_term_string}"},"query-input":"required name=search_term_string"}],"inLanguage":"fr-FR"},{"@type":"Organization","@id":"https:\/\/lyonbondyblog.fr\/LBB\/#organization","name":"LYON BONDY BLOG","url":"https:\/\/lyonbondyblog.fr\/LBB\/","logo":{"@type":"ImageObject","inLanguage":"fr-FR","@id":"https:\/\/lyonbondyblog.fr\/LBB\/#\/schema\/logo\/image\/","url":"http:\/\/lyonbondyblog.fr\/LBB\/wp-content\/uploads\/2014\/10\/logo-portable-144.png","contentUrl":"http:\/\/lyonbondyblog.fr\/LBB\/wp-content\/uploads\/2014\/10\/logo-portable-144.png","width":144,"height":123,"caption":"LYON BONDY BLOG"},"image":{"@id":"https:\/\/lyonbondyblog.fr\/LBB\/#\/schema\/logo\/image\/"},"sameAs":["https:\/\/www.facebook.com\/lyonbondyblog","https:\/\/x.com\/bondybloglyon"]},{"@type":"Person","@id":"https:\/\/lyonbondyblog.fr\/LBB\/#\/schema\/person\/084ca45e837a34c7c2dc6532692a262c","name":"Camara Kadiatou","url":"https:\/\/lyonbondyblog.fr\/LBB\/author\/camarak\/"}]}},"_links":{"self":[{"href":"https:\/\/lyonbondyblog.fr\/LBB\/wp-json\/wp\/v2\/posts\/32360","targetHints":{"allow":["GET"]}}],"collection":[{"href":"https:\/\/lyonbondyblog.fr\/LBB\/wp-json\/wp\/v2\/posts"}],"about":[{"href":"https:\/\/lyonbondyblog.fr\/LBB\/wp-json\/wp\/v2\/types\/post"}],"author":[{"embeddable":true,"href":"https:\/\/lyonbondyblog.fr\/LBB\/wp-json\/wp\/v2\/users\/31876"}],"replies":[{"embeddable":true,"href":"https:\/\/lyonbondyblog.fr\/LBB\/wp-json\/wp\/v2\/comments?post=32360"}],"version-history":[{"count":1,"href":"https:\/\/lyonbondyblog.fr\/LBB\/wp-json\/wp\/v2\/posts\/32360\/revisions"}],"predecessor-version":[{"id":32365,"href":"https:\/\/lyonbondyblog.fr\/LBB\/wp-json\/wp\/v2\/posts\/32360\/revisions\/32365"}],"wp:featuredmedia":[{"embeddable":true,"href":"https:\/\/lyonbondyblog.fr\/LBB\/wp-json\/wp\/v2\/media\/32364"}],"wp:attachment":[{"href":"https:\/\/lyonbondyblog.fr\/LBB\/wp-json\/wp\/v2\/media?parent=32360"}],"wp:term":[{"taxonomy":"category","embeddable":true,"href":"https:\/\/lyonbondyblog.fr\/LBB\/wp-json\/wp\/v2\/categories?post=32360"},{"taxonomy":"post_tag","embeddable":true,"href":"https:\/\/lyonbondyblog.fr\/LBB\/wp-json\/wp\/v2\/tags?post=32360"}],"curies":[{"name":"wp","href":"https:\/\/api.w.org\/{rel}","templated":true}]}}