{"id":32350,"date":"2023-05-04T10:45:57","date_gmt":"2023-05-04T08:45:57","guid":{"rendered":"https:\/\/lyonbondyblog.fr\/LBB\/?p=32350"},"modified":"2023-05-04T10:46:00","modified_gmt":"2023-05-04T08:46:00","slug":"un-gala-d-arts-martiaux-pour-une-collecte-de-fonds-organise-par-des-etudiants","status":"publish","type":"post","link":"https:\/\/lyonbondyblog.fr\/LBB\/un-gala-d-arts-martiaux-pour-une-collecte-de-fonds-organise-par-des-etudiants\/","title":{"rendered":"Un gala d\u2019arts martiaux pour une collecte de fonds."},"content":{"rendered":"\n<p><strong>Jeudi, 27 avril 2023, 6 \u00e9tudiants de <a href=\"https:\/\/www.ecema.fr\/\" target=\"_blank\" rel=\"noreferrer noopener\">l\u2019ECEMA<\/a>\u00a0Lyon ont organis\u00e9 une soir\u00e9e \u00ab\u00a0fight\u00a0night\u00a0\u00bb au\u00a0<a href=\"https:\/\/www.salles-de-sport.fr\/kso-self-defense-lyon\" target=\"_blank\" rel=\"noreferrer noopener\">KSO\u00a0Self D\u00e9fense Lyon <\/a>pour une association de lutte contre le handicap, <a href=\"https:\/\/www.unesourisverte.org\/?gclid=CjwKCAjwxr2iBhBJEiwAdXECw4aqx2Gf2EATRR2dX9KkVY6AE0m0opeoG8KqHjjrZFyTt7qtakf8OhoCQPwQAvD_BwE\" target=\"_blank\" rel=\"noreferrer noopener\">Une souris verte<\/a>.<\/strong><\/p>\n\n\n\n<p>Port\u00e9e par 6 \u00e9tudiants de l\u2019ECEMA\u00a0Lyon,\u00a0La  \u00ab\u00a0fight\u00a0night\u00a0\u00bb est un gala d\u2019arts martiaux dont l\u2019objectif est de casser les st\u00e9r\u00e9otypes et  promouvoir l\u2019acc\u00e8s aux sports pour tous, que nous soyons en situation\u00a0de\u00a0handicap\u00a0ou non.<br><\/p>\n\n\n\n<h3 class=\"wp-block-heading\"><strong>Un travail de longue haleine<\/strong> <\/h3>\n\n\n\n<p>Ils sont six \u00e9tudiants en\u00a0deuxi\u00e8me\u00a0ann\u00e9e de master\u00a0\u00e0\u00a0l\u2019ECEMA\u00a0\u00e0\u00a0la t\u00eate de ce projet.\u00a0Cassandre, Emilie, In\u00e8s, Marina\u00a0, Lionel et Ugo organisent depuis pr\u00e8s de huit mois, pour leur projet de fin d\u2019\u00e9tudes, une soir\u00e9e caritative autour du handicap\u00a0et des sports de\u00a0combats.<br>L\u2019objectif derri\u00e8re ce projet nous explique les \u00e9tudiants, c\u2019est de mettre en avant une cause noble, et abolir les pr\u00e9jug\u00e9s autour des sports de combat et les personnes qui les pratique.\u00a0Aussi, \u00e0 travers cet \u00e9v\u00e9nement, les \u00e9tudiants souhaitaient mettre en lumi\u00e8re les sports handicapes.<\/p>\n\n\n\n<p>Pour la mise en place de l\u2019\u00e9v\u00e9nement, plusieurs partenaires ont d\u00fb \u00eatre sollicit\u00e9s.\u00a0L\u2019\u00e9v\u00e9nement \u00e9tait notamment organis\u00e9 dans les locaux d\u2019un de leurs partenaires, le\u00a0KSO\u00a0Self D\u00e9fense, un club d&rsquo;arts martiaux situ\u00e9 dans le\u00a07\u00e8me\u00a0arrondissement de Lyon.<br>Sur place, des repr\u00e9sentants des structures partenaire comme\u00a0KMB,\u00a0L\u00e9o&amp;\u00a0go,\u00a0ECEMA\u00a0ou encore <a href=\"https:\/\/www.leregardfrancais.fr\/\" target=\"_blank\" rel=\"noreferrer noopener\">Le regard Fran\u00e7ais <\/a>\u00e9taient pr\u00e9sent.<br>En amont de la soir\u00e9e, les ventes de g\u00e2teaux au sein de leur \u00e9cole ont aussi servi de ressources financi\u00e8res pour la \u00a0 \u00ab fight\u00a0night\u00bb.<br>L\u2019entr\u00e9e \u00e0 l\u2019\u00e9v\u00e9nement \u00e9taient fix\u00e9 \u00e0 5 euros pour les \u00e9tudiants et 10 euros pour le grand public.<br>Pour inciter l\u2019achat de billets, une tombola avait \u00e9t\u00e9 mise en place avec des lots offerts par des partenaires comme des accessoires de sports ou encore un week-end d\u2019une valeur de 400 euros pour 2 personnes.<br>Une buvette payante ainsi qu\u2019un espace photo \u00e9taient accessibles aux invit\u00e9s.<br>Le but, c\u2019est aussi de montrer une meilleure image des \u00e9tudiants, \u00ab nous aussi, on peut faire des choses pour aider les autres tout en s\u2019amusant \u00bb.<\/p>\n\n\n\n<h3 class=\"wp-block-heading\"><strong>Sport et handicap, c\u2019est possible :<\/strong><\/h3>\n\n\n\n<p>La soir\u00e9e d\u00e9buta aux alentours de 20 h avec des discours de pr\u00e9sentations et de remerciements.&nbsp;Ensuite, diff\u00e9rents combats en full-contact et boxe anglaise ont eu lieu propos\u00e9 par leur partenaire&nbsp;KMB.&nbsp;Des d\u00e9monstrations de self d\u00e9fense propos\u00e9e par l\u2019\u00e9quipe du&nbsp;KMB&nbsp;Lyon ont aussi anim\u00e9 ce d\u00e9but de soir\u00e9e.<br>Les \u00e9tudiants de l\u2019ECEMA&nbsp;ont eu un acc\u00e8s exclusif \u00e0 des cours d\u2019initiation en&nbsp;full-contact,&nbsp;karat\u00e9&nbsp;traditionnel ainsi que de self d\u00e9fense.<br>Malgr\u00e9 le fait que ce soit un projet de fin d\u2019\u00e9tudes, les \u00e9tudiants expliquent qu\u2019ils avaient une libert\u00e9 concernant le choix du sujet et que les sports de combat et le handicap sont des sujets qui les tiennent particuli\u00e8rement \u00e0 c\u0153ur.&nbsp;Inviter des athl\u00e8tes de sport de combat leur semblait donc indispensable pour leurs soir\u00e9es.<\/p>\n\n\n\n<p> De ce fait, six membres de l\u2019\u00e9quipe de France de karat\u00e9 ainsi que de para-karat\u00e9 venus de toute la France pour soutenir la cause.&nbsp;Il y avait notamment Laetitia&nbsp;Feracci&nbsp;, 14 fois championne de France.&nbsp;Mannon&nbsp;Spennato&nbsp;, championne du monde 2015 avec l\u2019\u00e9quipe de France et enfin Perrine&nbsp;Mortreux&nbsp;arriv\u00e9e troisi\u00e8me au championnat d\u2019Europe.<br>En \u00e9quipe de France de para-karat\u00e9, il y avait&nbsp;<a href=\"https:\/\/www.instagram.com\/nohan_ddn\/\" target=\"_blank\" rel=\"noreferrer noopener\">Nohan&nbsp;Dudon<\/a>&nbsp;,&nbsp;athletes&nbsp;en \u00e9quipe de France para-karat\u00e9 dans la cat\u00e9gorie d\u00e9ficience visuelle. <a href=\"https:\/\/www.instagram.com\/un_invalide\/\" target=\"_blank\" rel=\"noreferrer noopener\">Alexandre Schoegel<\/a> , en \u00e9quipe de France para-karat\u00e9 cat\u00e9gorie fauteuil et enfin <a href=\"https:\/\/www.instagram.com\/jordanfonteney\/\" target=\"_blank\" rel=\"noreferrer noopener\">Jordan Fonteney <\/a>,\u00e9quipe de France para karat\u00e9 dans la cat\u00e9gorie d\u00e9ficience intellectuel , 3 fois Champion de France UNSS et champion d\u2019Europe en 2018 notamment.<\/p>\n\n\n\n<figure class=\"wp-block-audio\"><audio controls src=\"https:\/\/lyonbondyblog.fr\/LBB\/wp-content\/uploads\/2023\/05\/montee-para-karate.mp3\"><\/audio><figcaption class=\"wp-element-caption\">Athl\u00e8tes para-karat\u00e9<\/figcaption><\/figure>\n\n\n\n<figure class=\"wp-block-gallery has-nested-images columns-default is-cropped wp-block-gallery-1 is-layout-flex wp-block-gallery-is-layout-flex\">\n<figure class=\"wp-block-image size-large\"><img loading=\"lazy\" decoding=\"async\" width=\"1920\" height=\"1280\" data-id=\"32371\" src=\"https:\/\/lyonbondyblog.fr\/LBB\/wp-content\/uploads\/2023\/05\/image00088-1-1920x1280.jpeg\" alt=\"\" class=\"wp-image-32371\" srcset=\"https:\/\/lyonbondyblog.fr\/LBB\/wp-content\/uploads\/2023\/05\/image00088-1-1920x1280.jpeg 1920w, https:\/\/lyonbondyblog.fr\/LBB\/wp-content\/uploads\/2023\/05\/image00088-1-1200x800.jpeg 1200w, https:\/\/lyonbondyblog.fr\/LBB\/wp-content\/uploads\/2023\/05\/image00088-1-768x512.jpeg 768w, https:\/\/lyonbondyblog.fr\/LBB\/wp-content\/uploads\/2023\/05\/image00088-1-1536x1024.jpeg 1536w, https:\/\/lyonbondyblog.fr\/LBB\/wp-content\/uploads\/2023\/05\/image00088-1-2048x1366.jpeg 2048w, https:\/\/lyonbondyblog.fr\/LBB\/wp-content\/uploads\/2023\/05\/image00088-1-272x182.jpeg 272w\" sizes=\"auto, (max-width: 1920px) 100vw, 1920px\" \/><figcaption class=\"wp-element-caption\">Photo\u00a9<a href=\"https:\/\/www.instagram.com\/fleury_sandra2\/\" target=\"_blank\" rel=\"noreferrer noopener\">Sandra Fleury<\/a><\/figcaption><\/figure>\n<\/figure>\n\n\n\n<p>Les athl\u00e8tes ont fait des d\u00e9monstrations dignes de championnat du monde pour le plus grand plaisir du public.\u00a0C\u2019\u00e9tait important pour eux de venir soutenir ces \u00e9tudiants qui se \u00ab mobilisent pour faire bouger les choses.<strong>\u00bb<\/strong><br><\/p>\n\n\n\n<h3 class=\"wp-block-heading\"><strong>\u00abC&rsquo;est surtout pour une association \u00bb<\/strong><\/h3>\n\n\n\n<p><br>Un peu partout dans la salle, des affiches coll\u00e9es avec un\u00a0QR\u00a0code permettent aux invit\u00e9s de faire des dons.\u00a0Les \u00e9tudiants tenaient \u00e0 rappeler que cette soir\u00e9e est avant tout pour aider une association qui est <a href=\"https:\/\/www.unesourisverte.org\/?gclid=CjwKCAjwxr2iBhBJEiwAdXECwwfw8eYFaYE4FO-ut01U2sKnC5aA6VwihxfapgPrlGZBqsneZSINTxoCwdgQAvD_BwE\" target=\"_blank\" rel=\"noreferrer noopener\">Une Souris verte<\/a>.<br><br><a href=\"https:\/\/www.unesourisverte.org\/?gclid=CjwKCAjwxr2iBhBJEiwAdXECwwfw8eYFaYE4FO-ut01U2sKnC5aA6VwihxfapgPrlGZBqsneZSINTxoCwdgQAvD_BwE\" target=\"_blank\" rel=\"noreferrer noopener\">Une Souris verte<\/a> est une association existant depuis une trentaine d\u2019ann\u00e9e et pr\u00f4nant l\u2019inclusion des enfants en situation\u00a0de handicap.\u00a0Cr\u00e9\u00e9e par un collectif de parents ayant des enfants en situation de handicaper \u00e0 Lyon,\u00a0l\u2019association compte aujourd\u2019hui 3 cr\u00e8ches qui accueillent \u00e0 30 % des enfants en situation\u00a0de\u00a0handicap ou avec des maladies invalidantes.\u00a0Ils accompagnent \u00e9galement les familles et les professionnels de ces enfants.<br><br>La pr\u00e9sidente de l\u2019association ainsi que le responsable recherche de fond, communication et \u00e9v\u00e9nement \u00e9taient pr\u00e9sents\u00a0\u00e0\u00a0la soir\u00e9e et ont tenues \u00e0 remercier les jeunes de <a href=\"https:\/\/www.ecema.fr\/\" target=\"_blank\" rel=\"noreferrer noopener\">l\u2019ECEMA\u00a0<\/a>pour leur belle initiative.<br><\/p>\n\n\n\n<figure class=\"wp-block-audio\"><audio controls src=\"https:\/\/lyonbondyblog.fr\/LBB\/wp-content\/uploads\/2023\/05\/Montee-assos-souris-verte.wav\"><\/audio><figcaption class=\"wp-element-caption\">Association Une souris verte<\/figcaption><\/figure>\n\n\n\n<p><br>La soir\u00e9e a permis de r\u00e9colter.&nbsp;Un ch\u00e8que avec la somme int\u00e9grale de 3150 euros remis \u00e0 la fin de la soir\u00e9e, aux alentours de 22 h, \u00e0 l\u2019association.<br><br>Cette exp\u00e9rience permet aux \u00e9tudiants d\u2019avoir une coh\u00e9sion, des valeurs humaines et aussi une certaine exp\u00e9rience professionnelle.<\/p>\n\n\n\n<figure class=\"wp-block-audio\"><audio controls src=\"https:\/\/lyonbondyblog.fr\/LBB\/wp-content\/uploads\/2023\/05\/montee-hugo.wav\"><\/audio><figcaption class=\"wp-element-caption\">Ugo, membre organisateur<\/figcaption><\/figure>\n\n\n\n<p><strong><br><\/strong><\/p>\n<!-- AddThis Advanced Settings generic via filter on the_content --><!-- AddThis Share Buttons generic via filter on the_content -->","protected":false},"excerpt":{"rendered":"<p>Jeudi, 27 avril 2023, 6 \u00e9tudiants de l\u2019ECEMA\u00a0Lyon ont organis\u00e9 une soir\u00e9e \u00ab\u00a0fight\u00a0night\u00a0\u00bb au\u00a0KSO\u00a0Self D\u00e9fense Lyon pour une association de lutte contre le handicap, Une &hellip; <!-- AddThis Advanced Settings generic via filter on wp_trim_excerpt --><!-- AddThis Share Buttons generic via filter on wp_trim_excerpt --><\/p>\n","protected":false},"author":31876,"featured_media":32374,"comment_status":"open","ping_status":"open","sticky":true,"template":"","format":"standard","meta":{"_FSMCFIC_featured_image_caption":"","_FSMCFIC_featured_image_nocaption":"","_FSMCFIC_featured_image_hide":"","footnotes":""},"categories":[4],"tags":[435,20,10440,73,216,2469,10],"class_list":["post-32350","post","type-post","status-publish","format-standard","has-post-thumbnail","hentry","category-lyon","tag-association","tag-etudiant","tag-gala","tag-handicap","tag-jeunes","tag-karate","tag-lyon-2"],"yoast_head":"<!-- This site is optimized with the Yoast SEO plugin v22.8 - https:\/\/yoast.com\/wordpress\/plugins\/seo\/ -->\n<title>Un gala d\u2019arts martiaux pour une collecte de fonds.<\/title>\n<meta name=\"description\" content=\"6 \u00e9tudiants de l\u2019ECEMA\u00a0Lyon ont organis\u00e9 un gala pour une association de lutte contre le handicap, Une souris verte.\" \/>\n<meta name=\"robots\" content=\"index, follow, max-snippet:-1, max-image-preview:large, max-video-preview:-1\" \/>\n<link rel=\"canonical\" href=\"https:\/\/lyonbondyblog.fr\/LBB\/un-gala-d-arts-martiaux-pour-une-collecte-de-fonds-organise-par-des-etudiants\/\" \/>\n<meta property=\"og:locale\" content=\"fr_FR\" \/>\n<meta property=\"og:type\" content=\"article\" \/>\n<meta property=\"og:title\" content=\"Un gala d\u2019arts martiaux pour une collecte de fonds.\" \/>\n<meta property=\"og:description\" content=\"6 \u00e9tudiants de l\u2019ECEMA\u00a0Lyon ont organis\u00e9 un gala pour une association de lutte contre le handicap, Une souris verte.\" \/>\n<meta property=\"og:url\" content=\"https:\/\/lyonbondyblog.fr\/LBB\/un-gala-d-arts-martiaux-pour-une-collecte-de-fonds-organise-par-des-etudiants\/\" \/>\n<meta property=\"og:site_name\" content=\"Lyon Bondy Blog\" \/>\n<meta property=\"article:publisher\" content=\"https:\/\/www.facebook.com\/lyonbondyblog\" \/>\n<meta property=\"article:published_time\" content=\"2023-05-04T08:45:57+00:00\" \/>\n<meta property=\"article:modified_time\" content=\"2023-05-04T08:46:00+00:00\" \/>\n<meta property=\"og:image\" content=\"https:\/\/lyonbondyblog.fr\/LBB\/wp-content\/uploads\/2023\/05\/WhatsApp-Image-2023-05-03-at-20.09.25.jpeg\" \/>\n\t<meta property=\"og:image:width\" content=\"2048\" \/>\n\t<meta property=\"og:image:height\" content=\"1365\" \/>\n\t<meta property=\"og:image:type\" content=\"image\/jpeg\" \/>\n<meta name=\"author\" content=\"Camara Kadiatou\" \/>\n<meta name=\"twitter:card\" content=\"summary_large_image\" \/>\n<meta name=\"twitter:creator\" content=\"@bondybloglyon\" \/>\n<meta name=\"twitter:site\" content=\"@bondybloglyon\" \/>\n<script type=\"application\/ld+json\" class=\"yoast-schema-graph\">{\"@context\":\"https:\/\/schema.org\",\"@graph\":[{\"@type\":\"Article\",\"@id\":\"https:\/\/lyonbondyblog.fr\/LBB\/un-gala-d-arts-martiaux-pour-une-collecte-de-fonds-organise-par-des-etudiants\/#article\",\"isPartOf\":{\"@id\":\"https:\/\/lyonbondyblog.fr\/LBB\/un-gala-d-arts-martiaux-pour-une-collecte-de-fonds-organise-par-des-etudiants\/\"},\"author\":{\"name\":\"Camara Kadiatou\",\"@id\":\"https:\/\/lyonbondyblog.fr\/LBB\/#\/schema\/person\/084ca45e837a34c7c2dc6532692a262c\"},\"headline\":\"Un gala d\u2019arts martiaux pour une collecte de fonds.\",\"datePublished\":\"2023-05-04T08:45:57+00:00\",\"dateModified\":\"2023-05-04T08:46:00+00:00\",\"mainEntityOfPage\":{\"@id\":\"https:\/\/lyonbondyblog.fr\/LBB\/un-gala-d-arts-martiaux-pour-une-collecte-de-fonds-organise-par-des-etudiants\/\"},\"wordCount\":934,\"commentCount\":0,\"publisher\":{\"@id\":\"https:\/\/lyonbondyblog.fr\/LBB\/#organization\"},\"image\":{\"@id\":\"https:\/\/lyonbondyblog.fr\/LBB\/un-gala-d-arts-martiaux-pour-une-collecte-de-fonds-organise-par-des-etudiants\/#primaryimage\"},\"thumbnailUrl\":\"https:\/\/lyonbondyblog.fr\/LBB\/wp-content\/uploads\/2023\/05\/WhatsApp-Image-2023-05-03-at-20.09.25.jpeg\",\"keywords\":[\"association\",\"\u00e9tudiant\",\"gala\",\"handicap\",\"jeunes\",\"Karat\u00e9\",\"lyon\"],\"articleSection\":[\"Lyon\"],\"inLanguage\":\"fr-FR\",\"potentialAction\":[{\"@type\":\"CommentAction\",\"name\":\"Comment\",\"target\":[\"https:\/\/lyonbondyblog.fr\/LBB\/un-gala-d-arts-martiaux-pour-une-collecte-de-fonds-organise-par-des-etudiants\/#respond\"]}]},{\"@type\":\"WebPage\",\"@id\":\"https:\/\/lyonbondyblog.fr\/LBB\/un-gala-d-arts-martiaux-pour-une-collecte-de-fonds-organise-par-des-etudiants\/\",\"url\":\"https:\/\/lyonbondyblog.fr\/LBB\/un-gala-d-arts-martiaux-pour-une-collecte-de-fonds-organise-par-des-etudiants\/\",\"name\":\"Un gala d\u2019arts martiaux pour une collecte de fonds.\",\"isPartOf\":{\"@id\":\"https:\/\/lyonbondyblog.fr\/LBB\/#website\"},\"primaryImageOfPage\":{\"@id\":\"https:\/\/lyonbondyblog.fr\/LBB\/un-gala-d-arts-martiaux-pour-une-collecte-de-fonds-organise-par-des-etudiants\/#primaryimage\"},\"image\":{\"@id\":\"https:\/\/lyonbondyblog.fr\/LBB\/un-gala-d-arts-martiaux-pour-une-collecte-de-fonds-organise-par-des-etudiants\/#primaryimage\"},\"thumbnailUrl\":\"https:\/\/lyonbondyblog.fr\/LBB\/wp-content\/uploads\/2023\/05\/WhatsApp-Image-2023-05-03-at-20.09.25.jpeg\",\"datePublished\":\"2023-05-04T08:45:57+00:00\",\"dateModified\":\"2023-05-04T08:46:00+00:00\",\"description\":\"6 \u00e9tudiants de l\u2019ECEMA\u00a0Lyon ont organis\u00e9 un gala pour une association de lutte contre le handicap, Une souris verte.\",\"inLanguage\":\"fr-FR\",\"potentialAction\":[{\"@type\":\"ReadAction\",\"target\":[\"https:\/\/lyonbondyblog.fr\/LBB\/un-gala-d-arts-martiaux-pour-une-collecte-de-fonds-organise-par-des-etudiants\/\"]}]},{\"@type\":\"ImageObject\",\"inLanguage\":\"fr-FR\",\"@id\":\"https:\/\/lyonbondyblog.fr\/LBB\/un-gala-d-arts-martiaux-pour-une-collecte-de-fonds-organise-par-des-etudiants\/#primaryimage\",\"url\":\"https:\/\/lyonbondyblog.fr\/LBB\/wp-content\/uploads\/2023\/05\/WhatsApp-Image-2023-05-03-at-20.09.25.jpeg\",\"contentUrl\":\"https:\/\/lyonbondyblog.fr\/LBB\/wp-content\/uploads\/2023\/05\/WhatsApp-Image-2023-05-03-at-20.09.25.jpeg\",\"width\":2048,\"height\":1365,\"caption\":\"Photo\u00a9Sandra Fleury\"},{\"@type\":\"WebSite\",\"@id\":\"https:\/\/lyonbondyblog.fr\/LBB\/#website\",\"url\":\"https:\/\/lyonbondyblog.fr\/LBB\/\",\"name\":\"Lyon Bondy Blog\",\"description\":\"\",\"publisher\":{\"@id\":\"https:\/\/lyonbondyblog.fr\/LBB\/#organization\"},\"potentialAction\":[{\"@type\":\"SearchAction\",\"target\":{\"@type\":\"EntryPoint\",\"urlTemplate\":\"https:\/\/lyonbondyblog.fr\/LBB\/?s={search_term_string}\"},\"query-input\":\"required name=search_term_string\"}],\"inLanguage\":\"fr-FR\"},{\"@type\":\"Organization\",\"@id\":\"https:\/\/lyonbondyblog.fr\/LBB\/#organization\",\"name\":\"LYON BONDY BLOG\",\"url\":\"https:\/\/lyonbondyblog.fr\/LBB\/\",\"logo\":{\"@type\":\"ImageObject\",\"inLanguage\":\"fr-FR\",\"@id\":\"https:\/\/lyonbondyblog.fr\/LBB\/#\/schema\/logo\/image\/\",\"url\":\"http:\/\/lyonbondyblog.fr\/LBB\/wp-content\/uploads\/2014\/10\/logo-portable-144.png\",\"contentUrl\":\"http:\/\/lyonbondyblog.fr\/LBB\/wp-content\/uploads\/2014\/10\/logo-portable-144.png\",\"width\":144,\"height\":123,\"caption\":\"LYON BONDY BLOG\"},\"image\":{\"@id\":\"https:\/\/lyonbondyblog.fr\/LBB\/#\/schema\/logo\/image\/\"},\"sameAs\":[\"https:\/\/www.facebook.com\/lyonbondyblog\",\"https:\/\/x.com\/bondybloglyon\"]},{\"@type\":\"Person\",\"@id\":\"https:\/\/lyonbondyblog.fr\/LBB\/#\/schema\/person\/084ca45e837a34c7c2dc6532692a262c\",\"name\":\"Camara Kadiatou\",\"url\":\"https:\/\/lyonbondyblog.fr\/LBB\/author\/camarak\/\"}]}<\/script>\n<!-- \/ Yoast SEO plugin. -->","yoast_head_json":{"title":"Un gala d\u2019arts martiaux pour une collecte de fonds.","description":"6 \u00e9tudiants de l\u2019ECEMA\u00a0Lyon ont organis\u00e9 un gala pour une association de lutte contre le handicap, Une souris verte.","robots":{"index":"index","follow":"follow","max-snippet":"max-snippet:-1","max-image-preview":"max-image-preview:large","max-video-preview":"max-video-preview:-1"},"canonical":"https:\/\/lyonbondyblog.fr\/LBB\/un-gala-d-arts-martiaux-pour-une-collecte-de-fonds-organise-par-des-etudiants\/","og_locale":"fr_FR","og_type":"article","og_title":"Un gala d\u2019arts martiaux pour une collecte de fonds.","og_description":"6 \u00e9tudiants de l\u2019ECEMA\u00a0Lyon ont organis\u00e9 un gala pour une association de lutte contre le handicap, Une souris verte.","og_url":"https:\/\/lyonbondyblog.fr\/LBB\/un-gala-d-arts-martiaux-pour-une-collecte-de-fonds-organise-par-des-etudiants\/","og_site_name":"Lyon Bondy Blog","article_publisher":"https:\/\/www.facebook.com\/lyonbondyblog","article_published_time":"2023-05-04T08:45:57+00:00","article_modified_time":"2023-05-04T08:46:00+00:00","og_image":[{"width":2048,"height":1365,"url":"https:\/\/lyonbondyblog.fr\/LBB\/wp-content\/uploads\/2023\/05\/WhatsApp-Image-2023-05-03-at-20.09.25.jpeg","type":"image\/jpeg"}],"author":"Camara Kadiatou","twitter_card":"summary_large_image","twitter_creator":"@bondybloglyon","twitter_site":"@bondybloglyon","schema":{"@context":"https:\/\/schema.org","@graph":[{"@type":"Article","@id":"https:\/\/lyonbondyblog.fr\/LBB\/un-gala-d-arts-martiaux-pour-une-collecte-de-fonds-organise-par-des-etudiants\/#article","isPartOf":{"@id":"https:\/\/lyonbondyblog.fr\/LBB\/un-gala-d-arts-martiaux-pour-une-collecte-de-fonds-organise-par-des-etudiants\/"},"author":{"name":"Camara Kadiatou","@id":"https:\/\/lyonbondyblog.fr\/LBB\/#\/schema\/person\/084ca45e837a34c7c2dc6532692a262c"},"headline":"Un gala d\u2019arts martiaux pour une collecte de fonds.","datePublished":"2023-05-04T08:45:57+00:00","dateModified":"2023-05-04T08:46:00+00:00","mainEntityOfPage":{"@id":"https:\/\/lyonbondyblog.fr\/LBB\/un-gala-d-arts-martiaux-pour-une-collecte-de-fonds-organise-par-des-etudiants\/"},"wordCount":934,"commentCount":0,"publisher":{"@id":"https:\/\/lyonbondyblog.fr\/LBB\/#organization"},"image":{"@id":"https:\/\/lyonbondyblog.fr\/LBB\/un-gala-d-arts-martiaux-pour-une-collecte-de-fonds-organise-par-des-etudiants\/#primaryimage"},"thumbnailUrl":"https:\/\/lyonbondyblog.fr\/LBB\/wp-content\/uploads\/2023\/05\/WhatsApp-Image-2023-05-03-at-20.09.25.jpeg","keywords":["association","\u00e9tudiant","gala","handicap","jeunes","Karat\u00e9","lyon"],"articleSection":["Lyon"],"inLanguage":"fr-FR","potentialAction":[{"@type":"CommentAction","name":"Comment","target":["https:\/\/lyonbondyblog.fr\/LBB\/un-gala-d-arts-martiaux-pour-une-collecte-de-fonds-organise-par-des-etudiants\/#respond"]}]},{"@type":"WebPage","@id":"https:\/\/lyonbondyblog.fr\/LBB\/un-gala-d-arts-martiaux-pour-une-collecte-de-fonds-organise-par-des-etudiants\/","url":"https:\/\/lyonbondyblog.fr\/LBB\/un-gala-d-arts-martiaux-pour-une-collecte-de-fonds-organise-par-des-etudiants\/","name":"Un gala d\u2019arts martiaux pour une collecte de fonds.","isPartOf":{"@id":"https:\/\/lyonbondyblog.fr\/LBB\/#website"},"primaryImageOfPage":{"@id":"https:\/\/lyonbondyblog.fr\/LBB\/un-gala-d-arts-martiaux-pour-une-collecte-de-fonds-organise-par-des-etudiants\/#primaryimage"},"image":{"@id":"https:\/\/lyonbondyblog.fr\/LBB\/un-gala-d-arts-martiaux-pour-une-collecte-de-fonds-organise-par-des-etudiants\/#primaryimage"},"thumbnailUrl":"https:\/\/lyonbondyblog.fr\/LBB\/wp-content\/uploads\/2023\/05\/WhatsApp-Image-2023-05-03-at-20.09.25.jpeg","datePublished":"2023-05-04T08:45:57+00:00","dateModified":"2023-05-04T08:46:00+00:00","description":"6 \u00e9tudiants de l\u2019ECEMA\u00a0Lyon ont organis\u00e9 un gala pour une association de lutte contre le handicap, Une souris verte.","inLanguage":"fr-FR","potentialAction":[{"@type":"ReadAction","target":["https:\/\/lyonbondyblog.fr\/LBB\/un-gala-d-arts-martiaux-pour-une-collecte-de-fonds-organise-par-des-etudiants\/"]}]},{"@type":"ImageObject","inLanguage":"fr-FR","@id":"https:\/\/lyonbondyblog.fr\/LBB\/un-gala-d-arts-martiaux-pour-une-collecte-de-fonds-organise-par-des-etudiants\/#primaryimage","url":"https:\/\/lyonbondyblog.fr\/LBB\/wp-content\/uploads\/2023\/05\/WhatsApp-Image-2023-05-03-at-20.09.25.jpeg","contentUrl":"https:\/\/lyonbondyblog.fr\/LBB\/wp-content\/uploads\/2023\/05\/WhatsApp-Image-2023-05-03-at-20.09.25.jpeg","width":2048,"height":1365,"caption":"Photo\u00a9Sandra Fleury"},{"@type":"WebSite","@id":"https:\/\/lyonbondyblog.fr\/LBB\/#website","url":"https:\/\/lyonbondyblog.fr\/LBB\/","name":"Lyon Bondy Blog","description":"","publisher":{"@id":"https:\/\/lyonbondyblog.fr\/LBB\/#organization"},"potentialAction":[{"@type":"SearchAction","target":{"@type":"EntryPoint","urlTemplate":"https:\/\/lyonbondyblog.fr\/LBB\/?s={search_term_string}"},"query-input":"required name=search_term_string"}],"inLanguage":"fr-FR"},{"@type":"Organization","@id":"https:\/\/lyonbondyblog.fr\/LBB\/#organization","name":"LYON BONDY BLOG","url":"https:\/\/lyonbondyblog.fr\/LBB\/","logo":{"@type":"ImageObject","inLanguage":"fr-FR","@id":"https:\/\/lyonbondyblog.fr\/LBB\/#\/schema\/logo\/image\/","url":"http:\/\/lyonbondyblog.fr\/LBB\/wp-content\/uploads\/2014\/10\/logo-portable-144.png","contentUrl":"http:\/\/lyonbondyblog.fr\/LBB\/wp-content\/uploads\/2014\/10\/logo-portable-144.png","width":144,"height":123,"caption":"LYON BONDY BLOG"},"image":{"@id":"https:\/\/lyonbondyblog.fr\/LBB\/#\/schema\/logo\/image\/"},"sameAs":["https:\/\/www.facebook.com\/lyonbondyblog","https:\/\/x.com\/bondybloglyon"]},{"@type":"Person","@id":"https:\/\/lyonbondyblog.fr\/LBB\/#\/schema\/person\/084ca45e837a34c7c2dc6532692a262c","name":"Camara Kadiatou","url":"https:\/\/lyonbondyblog.fr\/LBB\/author\/camarak\/"}]}},"_links":{"self":[{"href":"https:\/\/lyonbondyblog.fr\/LBB\/wp-json\/wp\/v2\/posts\/32350","targetHints":{"allow":["GET"]}}],"collection":[{"href":"https:\/\/lyonbondyblog.fr\/LBB\/wp-json\/wp\/v2\/posts"}],"about":[{"href":"https:\/\/lyonbondyblog.fr\/LBB\/wp-json\/wp\/v2\/types\/post"}],"author":[{"embeddable":true,"href":"https:\/\/lyonbondyblog.fr\/LBB\/wp-json\/wp\/v2\/users\/31876"}],"replies":[{"embeddable":true,"href":"https:\/\/lyonbondyblog.fr\/LBB\/wp-json\/wp\/v2\/comments?post=32350"}],"version-history":[{"count":3,"href":"https:\/\/lyonbondyblog.fr\/LBB\/wp-json\/wp\/v2\/posts\/32350\/revisions"}],"predecessor-version":[{"id":32377,"href":"https:\/\/lyonbondyblog.fr\/LBB\/wp-json\/wp\/v2\/posts\/32350\/revisions\/32377"}],"wp:featuredmedia":[{"embeddable":true,"href":"https:\/\/lyonbondyblog.fr\/LBB\/wp-json\/wp\/v2\/media\/32374"}],"wp:attachment":[{"href":"https:\/\/lyonbondyblog.fr\/LBB\/wp-json\/wp\/v2\/media?parent=32350"}],"wp:term":[{"taxonomy":"category","embeddable":true,"href":"https:\/\/lyonbondyblog.fr\/LBB\/wp-json\/wp\/v2\/categories?post=32350"},{"taxonomy":"post_tag","embeddable":true,"href":"https:\/\/lyonbondyblog.fr\/LBB\/wp-json\/wp\/v2\/tags?post=32350"}],"curies":[{"name":"wp","href":"https:\/\/api.w.org\/{rel}","templated":true}]}}