{"id":32308,"date":"2023-04-27T18:14:49","date_gmt":"2023-04-27T16:14:49","guid":{"rendered":"https:\/\/lyonbondyblog.fr\/LBB\/?p=32308"},"modified":"2023-04-28T10:45:46","modified_gmt":"2023-04-28T08:45:46","slug":"bruxelles-capitale-football","status":"publish","type":"post","link":"https:\/\/lyonbondyblog.fr\/LBB\/bruxelles-capitale-football\/","title":{"rendered":"<strong>Bruxelles, nouvelle capitale europ\u00e9enne du football ?<\/strong>\u00a0"},"content":{"rendered":"\n<p><strong>Il y a encore quelques mois, personne n\u2019imaginait que l\u2019Union Saint-Gilloise puisse batailler pour le titre de la Jupiler Pro League. Le club, qui a rejoint Anderlecht en D1 il y a deux saisons est le symbole d\u2019un football bruxellois \u00e0 la f\u00eate. D\u2019autant plus que le RWD Molenbeek esp\u00e8re rejoindre ses deux voisins dans les plus hautes sph\u00e8res du championnat belge. Une tendance qui d\u00e9marque encore un peu plus Bruxelles de son homologue parisien.<\/strong><\/p>\n\n\n\n<p>Cela fait 37 ans que trois clubs bruxellois ne s\u2019\u00e9taient pas retrouv\u00e9 en <a href=\"https:\/\/www.proleague.be\/fr\/jpl\" target=\"_blank\" rel=\"noreferrer noopener\">Jupiler Pro League<\/a>. Un petit \u00e9v\u00e8nement qui a des chances de se confirmer si le RWD Molenbeek parvient \u00e0 se qualifier au terme de la derni\u00e8re journ\u00e9e des Play-Offs \u2013 au soir du 13 mai \u2013 pour la division 1. Ce qui est s\u00fbr, c\u2019est que l\u2019hypoth\u00e8se ne manque pas de cr\u00e9dibilit\u00e9 puisque les Molenbeekois sont, avec Beveren, les favoris de ces Play-Offs pour acc\u00e9der \u00e0 l\u2019\u00e9lite du football belge. Si tel est le cas, ce serait la premi\u00e8re fois depuis la saison 1987-1988 que trois clubs issus de la capitale belge \u00e9volueraient ensemble dans la plus haute division.&nbsp;<\/p>\n\n\n\n<p>\u00c0&nbsp;l\u2019\u00e9poque, c\u2019est un autre trio qui faisait le bonheur des adeptes de football de la capitale, avec le Sporting Anderlecht, le RWDM et le Racing Jet de Bruxelles. <em>\u00ab Si cela venait \u00e0 se concr\u00e9tiser, ce serait quelque chose de formidable. On ajouterait au calendrier un autre derby avec Anderlecht et l\u2019Union Saint-Gilloise \u00bb<\/em>, se r\u00e9jouit L\u00e9onard, passionn\u00e9 de football et Bruxellois depuis trois ans maintenant. Aujourd\u2019hui, <a href=\"https:\/\/lyonbondyblog.fr\/LBB\/le-football-belge-en-pleine-ascension\/\" target=\"_blank\" rel=\"noreferrer noopener\">le championnat belge est sur une pente ascendante<\/a> que ce soit au niveau \u00e9conomique ou sportif. Son symbole le plus fort se nomme s\u00fbrement l\u2019Union Saint-Gilloise, solide leader de la Pro League aux c\u00f4t\u00e9s de Genk.<\/p>\n\n\n\n<figure class=\"wp-block-image size-large\"><img loading=\"lazy\" decoding=\"async\" width=\"1920\" height=\"1280\" src=\"https:\/\/lyonbondyblog.fr\/LBB\/wp-content\/uploads\/2023\/04\/DSCF7025_edit-1920x1280.jpg\" alt=\"\" class=\"wp-image-32310\" srcset=\"https:\/\/lyonbondyblog.fr\/LBB\/wp-content\/uploads\/2023\/04\/DSCF7025_edit-1920x1280.jpg 1920w, https:\/\/lyonbondyblog.fr\/LBB\/wp-content\/uploads\/2023\/04\/DSCF7025_edit-1200x800.jpg 1200w, https:\/\/lyonbondyblog.fr\/LBB\/wp-content\/uploads\/2023\/04\/DSCF7025_edit-768x512.jpg 768w, https:\/\/lyonbondyblog.fr\/LBB\/wp-content\/uploads\/2023\/04\/DSCF7025_edit-1536x1024.jpg 1536w, https:\/\/lyonbondyblog.fr\/LBB\/wp-content\/uploads\/2023\/04\/DSCF7025_edit-2048x1365.jpg 2048w, https:\/\/lyonbondyblog.fr\/LBB\/wp-content\/uploads\/2023\/04\/DSCF7025_edit-272x182.jpg 272w\" sizes=\"auto, (max-width: 1920px) 100vw, 1920px\" \/><figcaption class=\"wp-element-caption\">Un stade de foot au pied de l&rsquo;Atomium \u00e0 Bruxelles (Belgique)<\/figcaption><\/figure>\n\n\n\n<h2 class=\"wp-block-heading\"><strong>Union-Anderlecht-Molenbeek : le football bruxellois optimiste, Paris n\u2019y arrive (toujours) pas<\/strong><\/h2>\n\n\n\n<p>Avec (peut-\u00eatre) un troisi\u00e8me club en division 1, Bruxelles marcherait sur les traces de ses homologues europ\u00e9ens. Cette saison, Londres est repr\u00e9sent\u00e9 par sept \u00e9quipes\u00a0en <a href=\"https:\/\/www.premierleague.com\/\" target=\"_blank\" rel=\"noreferrer noopener\">Premier League<\/a> (Arsenal, Brentford, Chelsea, Crystal Palace, Fulham, Tottenham et West Ham). Madrid compte quatre clubs en <a href=\"https:\/\/www.laliga.com\/en-GB\" target=\"_blank\" rel=\"noreferrer noopener\">Liga<\/a> (Real, Atl\u00e9tico, Rayo Vallecano et Getafe). Berlin et Rome affichent, quant \u00e0 eux, deux clubs en <a href=\"https:\/\/www.bundesliga.com\/fr\/bundesliga\" target=\"_blank\" rel=\"noreferrer noopener\">Bundesliga<\/a> (Union Berlin, Hertha Berlin) et en <a href=\"https:\/\/www.legaseriea.it\/en\" target=\"_blank\" rel=\"noreferrer noopener\">Serie A<\/a> (Rome, Lazio). Du c\u00f4t\u00e9 de la <a href=\"https:\/\/www.ligue1.fr\/\" target=\"_blank\" rel=\"noreferrer noopener\">Ligue 1<\/a>, le Paris Saint-Germain reste pourtant l\u2019unique repr\u00e9sentant de la capitale fran\u00e7aise, et cela depuis maintenant trente-deux ans. Le dernier derby entre deux clubs parisiens en premi\u00e8re division remonte au 25 f\u00e9vrier 1990 o\u00f9 le PSG s\u2019\u00e9tait inclin\u00e9 face au Racing Paris (1-2).\u00a0<\/p>\n\n\n\n<p>Depuis, aucun club de la capitale n\u2019a r\u00e9ussi \u00e0 se hisser jusqu\u2019\u00e0 l\u2019\u00e9lite du football fran\u00e7ais. Au premier abord, tout semble indiquer que la r\u00e9gion parisienne ne devrait pas avoir de mal \u00e0 faire \u00e9clore les autres clubs en son sein. Les 15 millions d\u2019habitants de l\u2019aire urbaine de Paris, faisant de la m\u00e9tropole la deuxi\u00e8me plus peupl\u00e9e d\u2019Europe, ne devraient pas \u00eatre un frein pour attirer le public. De m\u00eame que ses 12 000 km\u00b2 repr\u00e9sentent l\u2019un des plus grands viviers de talents du monde. On peut noter que plus d\u2019un tiers des champions du monde fran\u00e7ais en 2018 sont issus de <a href=\"https:\/\/www.eurosport.fr\/football\/formation-francaise-l-ile-de-france-le-plus-grand-vivier-du-monde_sto7745824\/story.shtml\" target=\"_blank\" rel=\"noreferrer noopener\">la r\u00e9gion \u00cele-de-France<\/a> (8\/23).<\/p>\n\n\n\n<h2 class=\"wp-block-heading\"><strong>\u00ab\u00c0&nbsp;Paris, presque tout le monde se range derri\u00e8re le Paris Saint-Germain<strong>\u00bb<\/strong> <\/strong><\/h2>\n\n\n\n<p>Alors, comment l\u2019expliquer ? Il semble que la r\u00e9ponse soit tout d\u2019abord culturelle et sociologique. En France, le club de football ne se pr\u00e9sente pas comme un symbole d\u2019identit\u00e9, en tout cas bien moins qu\u2019en Angleterre, en Allemagne, en Italie ou en Belgique. <em>\u00ab Il y a une attache bien plus profonde au club de quartier \u00e0 Bruxelles&nbsp;qu\u2019aux arrondissements de Paris en France. \u00c0&nbsp;Paris, presque tout le monde se range derri\u00e8re le Paris Saint-Germain. Ici, c\u2019est diff\u00e9rent. Les Bruxellois amateurs de football soutiennent clairement soit Anderlecht, l\u2019Union Saint-Gilloise ou encore le RWDM. Peu importe le classement de leur \u00e9quipe. Ils sont \u00e0 fond derri\u00e8re eux \u00bb<\/em>, pr\u00e9cise L\u00e9onard.&nbsp;<\/p>\n\n\n\n<p>Traditionnellement, il faut dire aussi que les entrepreneurs investissent peu dans le football fran\u00e7ais, encore moins en r\u00e9gion parisienne. \u00c0&nbsp;l\u2019inverse, ces m\u00eames entrepreneurs pr\u00e9f\u00e8rent s\u2019implanter au sein d\u2019autres championnats. La comp\u00e9titivit\u00e9 sportive ne manque pourtant pas \u00e0 des clubs comme le Paris FC, le Red Star ou encore Versailles. Le probl\u00e8me r\u00e9side aussi chez&nbsp;les investisseurs \u00e9trangers qui n\u2019ont parfois pas une r\u00e9elle philosophie sportive et qui attendent un retour sur investissement imm\u00e9diat. Les infrastructures jouent un r\u00f4le cl\u00e9s dans le d\u00e9veloppement d\u2019un club et c\u2019est aussi sur ce plan-l\u00e0 que la capitale fran\u00e7aise doit progresser.<\/p>\n\n\n\n<figure class=\"wp-block-image size-full\"><img loading=\"lazy\" decoding=\"async\" width=\"1920\" height=\"1080\" src=\"https:\/\/lyonbondyblog.fr\/LBB\/wp-content\/uploads\/2023\/04\/Romain_Peyrusque_-_Paris_Football_Club.jpg\" alt=\"\" class=\"wp-image-32311\" srcset=\"https:\/\/lyonbondyblog.fr\/LBB\/wp-content\/uploads\/2023\/04\/Romain_Peyrusque_-_Paris_Football_Club.jpg 1920w, https:\/\/lyonbondyblog.fr\/LBB\/wp-content\/uploads\/2023\/04\/Romain_Peyrusque_-_Paris_Football_Club-1200x675.jpg 1200w, https:\/\/lyonbondyblog.fr\/LBB\/wp-content\/uploads\/2023\/04\/Romain_Peyrusque_-_Paris_Football_Club-768x432.jpg 768w, https:\/\/lyonbondyblog.fr\/LBB\/wp-content\/uploads\/2023\/04\/Romain_Peyrusque_-_Paris_Football_Club-1536x864.jpg 1536w\" sizes=\"auto, (max-width: 1920px) 100vw, 1920px\" \/><figcaption class=\"wp-element-caption\">Les joueurs du Paris FC \u00e0 l&rsquo;entra\u00eenement<\/figcaption><\/figure>\n\n\n\n<h2 class=\"wp-block-heading\"><strong>Un deuxi\u00e8me club parisien en Ligue 1, une utopie ?<\/strong><\/h2>\n\n\n\n<p>Ces derni\u00e8res ann\u00e9es, le Paris FC est beaucoup plus proche d\u2019une mont\u00e9e dans l\u2019\u00e9lite fran\u00e7aise qu\u2019une descente en National. Il est probable, qu\u2019un jour, les investisseurs se tourneront vers Paris et sa r\u00e9gion pour d\u00e9velopper le football de la capitale. Mais pas aujourd&rsquo;hui. Les multiples crises financi\u00e8res rencontr\u00e9es par les clubs pendant la p\u00e9riode du Covid ne favorisent pas les investissements dans un sport tel que le football \u00e0 Paris. D\u2019autant plus que l\u2019impressionnante croissance du Paris Saint-Germain sur la derni\u00e8re d\u00e9cennie freine les candidats plausibles \u00e0 un rachat d\u2019un autre club parisien pour concurrencer QSI (Qatar Sports Investments). Trouver un investisseur fortun\u00e9, passionn\u00e9 et surtout patient rel\u00e8ve presque du fantasme.&nbsp;<\/p>\n\n\n\n<p>Comme \u00e9voqu\u00e9, le Paris FC (Ligue 2) et le Red Star (National) peuvent \u00eatre consid\u00e9r\u00e9s comme des pr\u00e9tendants s\u00e9rieux \u00e0 la&nbsp;(probable) future gloire de la r\u00e9gion parisienne. Par ailleurs, le Red Star a d\u00e9j\u00e0 \u00e9t\u00e9 rachet\u00e9 par un fonds d\u2019investissements am\u00e9ricain en main denier. Versailles (national) dispose de moyens importants pour un club du troisi\u00e8me \u00e9chelon national. N\u00e9anmoins, leurs c\u00f4tes de popularit\u00e9 ne sont pas tr\u00e8s hautes du c\u00f4t\u00e9 de Paris.&nbsp;Seulement <a href=\"https:\/\/www.transfermarkt.fr\/paris-fc\/besucherzahlenentwicklung\/verein\/10004\" target=\"_blank\" rel=\"noreferrer noopener\">2 821 spectateurs<\/a> en moyenne se r\u00e9unissaient aux matchs du Paris FC la saison pass\u00e9e, <a href=\"https:\/\/www.transfermarkt.fr\/red-star-fc\/besucherzahlenentwicklung\/verein\/1154\" target=\"_blank\" rel=\"noreferrer noopener\">2 054 pour le Red Star <\/a>selon Transfermarkt.&nbsp;Au final, investir actuellement sur un club parisien, c\u2019est accepter de d\u00e9penser beaucoup pour un r\u00e9sultat incertain. Il est donc normal de voir davantage d\u2019investisseurs se tourner vers des clubs implant\u00e9s solidement d\u2019un point de vue sportif comme en Ligue 1, avec des supporters affirm\u00e9s et de riches infrastructures.<\/p>\n<!-- AddThis Advanced Settings generic via filter on the_content --><!-- AddThis Share Buttons generic via filter on the_content -->","protected":false},"excerpt":{"rendered":"<p>Il y a encore quelques mois, personne n\u2019imaginait que l\u2019Union Saint-Gilloise puisse batailler pour le titre de la Jupiler Pro League. Le club, qui a &hellip; <!-- AddThis Advanced Settings generic via filter on wp_trim_excerpt --><!-- AddThis Share Buttons generic via filter on wp_trim_excerpt --><\/p>\n","protected":false},"author":31874,"featured_media":32309,"comment_status":"open","ping_status":"open","sticky":true,"template":"","format":"standard","meta":{"_FSMCFIC_featured_image_caption":"","_FSMCFIC_featured_image_nocaption":"","_FSMCFIC_featured_image_hide":"","footnotes":""},"categories":[3888,9,2862],"tags":[28322,132,624,116],"class_list":["post-32308","post","type-post","status-publish","format-standard","has-post-thumbnail","hentry","category-football","category-international","category-sport","tag-belgique","tag-bruxelles","tag-football","tag-paris"],"yoast_head":"<!-- This site is optimized with the Yoast SEO plugin v22.8 - https:\/\/yoast.com\/wordpress\/plugins\/seo\/ -->\n<title>Bruxelles, nouvelle capitale europ\u00e9enne du football ?<\/title>\n<meta name=\"description\" content=\"Bruxelles creuse l&#039;\u00e9cart avec Paris. Avec (peut-\u00eatre) la mont\u00e9e du RWDM, la capitale belge sera mieux repr\u00e9sent\u00e9 que son homologue parisien.\" \/>\n<meta name=\"robots\" content=\"index, follow, max-snippet:-1, max-image-preview:large, max-video-preview:-1\" \/>\n<link rel=\"canonical\" href=\"https:\/\/lyonbondyblog.fr\/LBB\/bruxelles-capitale-football\/\" \/>\n<meta property=\"og:locale\" content=\"fr_FR\" \/>\n<meta property=\"og:type\" content=\"article\" \/>\n<meta property=\"og:title\" content=\"Bruxelles, nouvelle capitale europ\u00e9enne du football ?\" \/>\n<meta property=\"og:description\" content=\"Bruxelles creuse l&#039;\u00e9cart avec Paris. Avec (peut-\u00eatre) la mont\u00e9e du RWDM, la capitale belge sera mieux repr\u00e9sent\u00e9 que son homologue parisien.\" \/>\n<meta property=\"og:url\" content=\"https:\/\/lyonbondyblog.fr\/LBB\/bruxelles-capitale-football\/\" \/>\n<meta property=\"og:site_name\" content=\"Lyon Bondy Blog\" \/>\n<meta property=\"article:publisher\" content=\"https:\/\/www.facebook.com\/lyonbondyblog\" \/>\n<meta property=\"article:published_time\" content=\"2023-04-27T16:14:49+00:00\" \/>\n<meta property=\"article:modified_time\" content=\"2023-04-28T08:45:46+00:00\" \/>\n<meta property=\"og:image\" content=\"https:\/\/lyonbondyblog.fr\/LBB\/wp-content\/uploads\/2023\/04\/people_football_footballers_group_team_sport_celebrate_victory-631799.jpg\" \/>\n\t<meta property=\"og:image:width\" content=\"1200\" \/>\n\t<meta property=\"og:image:height\" content=\"799\" \/>\n\t<meta property=\"og:image:type\" content=\"image\/jpeg\" \/>\n<meta name=\"author\" content=\"Tristan Ozouf\" \/>\n<meta name=\"twitter:card\" content=\"summary_large_image\" \/>\n<meta name=\"twitter:creator\" content=\"@bondybloglyon\" \/>\n<meta name=\"twitter:site\" content=\"@bondybloglyon\" \/>\n<script type=\"application\/ld+json\" class=\"yoast-schema-graph\">{\"@context\":\"https:\/\/schema.org\",\"@graph\":[{\"@type\":\"Article\",\"@id\":\"https:\/\/lyonbondyblog.fr\/LBB\/bruxelles-capitale-football\/#article\",\"isPartOf\":{\"@id\":\"https:\/\/lyonbondyblog.fr\/LBB\/bruxelles-capitale-football\/\"},\"author\":{\"name\":\"Tristan Ozouf\",\"@id\":\"https:\/\/lyonbondyblog.fr\/LBB\/#\/schema\/person\/feca18153703ca5d4be1a3072ea26682\"},\"headline\":\"Bruxelles, nouvelle capitale europ\u00e9enne du football ?\u00a0\",\"datePublished\":\"2023-04-27T16:14:49+00:00\",\"dateModified\":\"2023-04-28T08:45:46+00:00\",\"mainEntityOfPage\":{\"@id\":\"https:\/\/lyonbondyblog.fr\/LBB\/bruxelles-capitale-football\/\"},\"wordCount\":1142,\"commentCount\":0,\"publisher\":{\"@id\":\"https:\/\/lyonbondyblog.fr\/LBB\/#organization\"},\"image\":{\"@id\":\"https:\/\/lyonbondyblog.fr\/LBB\/bruxelles-capitale-football\/#primaryimage\"},\"thumbnailUrl\":\"https:\/\/lyonbondyblog.fr\/LBB\/wp-content\/uploads\/2023\/04\/people_football_footballers_group_team_sport_celebrate_victory-631799.jpg\",\"keywords\":[\"Belgique\",\"Bruxelles\",\"Football\",\"Paris\"],\"articleSection\":[\"Football\",\"International\",\"Sport\"],\"inLanguage\":\"fr-FR\",\"potentialAction\":[{\"@type\":\"CommentAction\",\"name\":\"Comment\",\"target\":[\"https:\/\/lyonbondyblog.fr\/LBB\/bruxelles-capitale-football\/#respond\"]}]},{\"@type\":\"WebPage\",\"@id\":\"https:\/\/lyonbondyblog.fr\/LBB\/bruxelles-capitale-football\/\",\"url\":\"https:\/\/lyonbondyblog.fr\/LBB\/bruxelles-capitale-football\/\",\"name\":\"Bruxelles, nouvelle capitale europ\u00e9enne du football ?\",\"isPartOf\":{\"@id\":\"https:\/\/lyonbondyblog.fr\/LBB\/#website\"},\"primaryImageOfPage\":{\"@id\":\"https:\/\/lyonbondyblog.fr\/LBB\/bruxelles-capitale-football\/#primaryimage\"},\"image\":{\"@id\":\"https:\/\/lyonbondyblog.fr\/LBB\/bruxelles-capitale-football\/#primaryimage\"},\"thumbnailUrl\":\"https:\/\/lyonbondyblog.fr\/LBB\/wp-content\/uploads\/2023\/04\/people_football_footballers_group_team_sport_celebrate_victory-631799.jpg\",\"datePublished\":\"2023-04-27T16:14:49+00:00\",\"dateModified\":\"2023-04-28T08:45:46+00:00\",\"description\":\"Bruxelles creuse l'\u00e9cart avec Paris. Avec (peut-\u00eatre) la mont\u00e9e du RWDM, la capitale belge sera mieux repr\u00e9sent\u00e9 que son homologue parisien.\",\"inLanguage\":\"fr-FR\",\"potentialAction\":[{\"@type\":\"ReadAction\",\"target\":[\"https:\/\/lyonbondyblog.fr\/LBB\/bruxelles-capitale-football\/\"]}]},{\"@type\":\"ImageObject\",\"inLanguage\":\"fr-FR\",\"@id\":\"https:\/\/lyonbondyblog.fr\/LBB\/bruxelles-capitale-football\/#primaryimage\",\"url\":\"https:\/\/lyonbondyblog.fr\/LBB\/wp-content\/uploads\/2023\/04\/people_football_footballers_group_team_sport_celebrate_victory-631799.jpg\",\"contentUrl\":\"https:\/\/lyonbondyblog.fr\/LBB\/wp-content\/uploads\/2023\/04\/people_football_footballers_group_team_sport_celebrate_victory-631799.jpg\",\"width\":1200,\"height\":799,\"caption\":\"Bruxelles Football\"},{\"@type\":\"WebSite\",\"@id\":\"https:\/\/lyonbondyblog.fr\/LBB\/#website\",\"url\":\"https:\/\/lyonbondyblog.fr\/LBB\/\",\"name\":\"Lyon Bondy Blog\",\"description\":\"\",\"publisher\":{\"@id\":\"https:\/\/lyonbondyblog.fr\/LBB\/#organization\"},\"potentialAction\":[{\"@type\":\"SearchAction\",\"target\":{\"@type\":\"EntryPoint\",\"urlTemplate\":\"https:\/\/lyonbondyblog.fr\/LBB\/?s={search_term_string}\"},\"query-input\":\"required name=search_term_string\"}],\"inLanguage\":\"fr-FR\"},{\"@type\":\"Organization\",\"@id\":\"https:\/\/lyonbondyblog.fr\/LBB\/#organization\",\"name\":\"LYON BONDY BLOG\",\"url\":\"https:\/\/lyonbondyblog.fr\/LBB\/\",\"logo\":{\"@type\":\"ImageObject\",\"inLanguage\":\"fr-FR\",\"@id\":\"https:\/\/lyonbondyblog.fr\/LBB\/#\/schema\/logo\/image\/\",\"url\":\"http:\/\/lyonbondyblog.fr\/LBB\/wp-content\/uploads\/2014\/10\/logo-portable-144.png\",\"contentUrl\":\"http:\/\/lyonbondyblog.fr\/LBB\/wp-content\/uploads\/2014\/10\/logo-portable-144.png\",\"width\":144,\"height\":123,\"caption\":\"LYON BONDY BLOG\"},\"image\":{\"@id\":\"https:\/\/lyonbondyblog.fr\/LBB\/#\/schema\/logo\/image\/\"},\"sameAs\":[\"https:\/\/www.facebook.com\/lyonbondyblog\",\"https:\/\/x.com\/bondybloglyon\"]},{\"@type\":\"Person\",\"@id\":\"https:\/\/lyonbondyblog.fr\/LBB\/#\/schema\/person\/feca18153703ca5d4be1a3072ea26682\",\"name\":\"Tristan Ozouf\",\"url\":\"https:\/\/lyonbondyblog.fr\/LBB\/author\/tristano\/\"}]}<\/script>\n<!-- \/ Yoast SEO plugin. -->","yoast_head_json":{"title":"Bruxelles, nouvelle capitale europ\u00e9enne du football ?","description":"Bruxelles creuse l'\u00e9cart avec Paris. Avec (peut-\u00eatre) la mont\u00e9e du RWDM, la capitale belge sera mieux repr\u00e9sent\u00e9 que son homologue parisien.","robots":{"index":"index","follow":"follow","max-snippet":"max-snippet:-1","max-image-preview":"max-image-preview:large","max-video-preview":"max-video-preview:-1"},"canonical":"https:\/\/lyonbondyblog.fr\/LBB\/bruxelles-capitale-football\/","og_locale":"fr_FR","og_type":"article","og_title":"Bruxelles, nouvelle capitale europ\u00e9enne du football ?","og_description":"Bruxelles creuse l'\u00e9cart avec Paris. Avec (peut-\u00eatre) la mont\u00e9e du RWDM, la capitale belge sera mieux repr\u00e9sent\u00e9 que son homologue parisien.","og_url":"https:\/\/lyonbondyblog.fr\/LBB\/bruxelles-capitale-football\/","og_site_name":"Lyon Bondy Blog","article_publisher":"https:\/\/www.facebook.com\/lyonbondyblog","article_published_time":"2023-04-27T16:14:49+00:00","article_modified_time":"2023-04-28T08:45:46+00:00","og_image":[{"width":1200,"height":799,"url":"https:\/\/lyonbondyblog.fr\/LBB\/wp-content\/uploads\/2023\/04\/people_football_footballers_group_team_sport_celebrate_victory-631799.jpg","type":"image\/jpeg"}],"author":"Tristan Ozouf","twitter_card":"summary_large_image","twitter_creator":"@bondybloglyon","twitter_site":"@bondybloglyon","schema":{"@context":"https:\/\/schema.org","@graph":[{"@type":"Article","@id":"https:\/\/lyonbondyblog.fr\/LBB\/bruxelles-capitale-football\/#article","isPartOf":{"@id":"https:\/\/lyonbondyblog.fr\/LBB\/bruxelles-capitale-football\/"},"author":{"name":"Tristan Ozouf","@id":"https:\/\/lyonbondyblog.fr\/LBB\/#\/schema\/person\/feca18153703ca5d4be1a3072ea26682"},"headline":"Bruxelles, nouvelle capitale europ\u00e9enne du football ?\u00a0","datePublished":"2023-04-27T16:14:49+00:00","dateModified":"2023-04-28T08:45:46+00:00","mainEntityOfPage":{"@id":"https:\/\/lyonbondyblog.fr\/LBB\/bruxelles-capitale-football\/"},"wordCount":1142,"commentCount":0,"publisher":{"@id":"https:\/\/lyonbondyblog.fr\/LBB\/#organization"},"image":{"@id":"https:\/\/lyonbondyblog.fr\/LBB\/bruxelles-capitale-football\/#primaryimage"},"thumbnailUrl":"https:\/\/lyonbondyblog.fr\/LBB\/wp-content\/uploads\/2023\/04\/people_football_footballers_group_team_sport_celebrate_victory-631799.jpg","keywords":["Belgique","Bruxelles","Football","Paris"],"articleSection":["Football","International","Sport"],"inLanguage":"fr-FR","potentialAction":[{"@type":"CommentAction","name":"Comment","target":["https:\/\/lyonbondyblog.fr\/LBB\/bruxelles-capitale-football\/#respond"]}]},{"@type":"WebPage","@id":"https:\/\/lyonbondyblog.fr\/LBB\/bruxelles-capitale-football\/","url":"https:\/\/lyonbondyblog.fr\/LBB\/bruxelles-capitale-football\/","name":"Bruxelles, nouvelle capitale europ\u00e9enne du football ?","isPartOf":{"@id":"https:\/\/lyonbondyblog.fr\/LBB\/#website"},"primaryImageOfPage":{"@id":"https:\/\/lyonbondyblog.fr\/LBB\/bruxelles-capitale-football\/#primaryimage"},"image":{"@id":"https:\/\/lyonbondyblog.fr\/LBB\/bruxelles-capitale-football\/#primaryimage"},"thumbnailUrl":"https:\/\/lyonbondyblog.fr\/LBB\/wp-content\/uploads\/2023\/04\/people_football_footballers_group_team_sport_celebrate_victory-631799.jpg","datePublished":"2023-04-27T16:14:49+00:00","dateModified":"2023-04-28T08:45:46+00:00","description":"Bruxelles creuse l'\u00e9cart avec Paris. Avec (peut-\u00eatre) la mont\u00e9e du RWDM, la capitale belge sera mieux repr\u00e9sent\u00e9 que son homologue parisien.","inLanguage":"fr-FR","potentialAction":[{"@type":"ReadAction","target":["https:\/\/lyonbondyblog.fr\/LBB\/bruxelles-capitale-football\/"]}]},{"@type":"ImageObject","inLanguage":"fr-FR","@id":"https:\/\/lyonbondyblog.fr\/LBB\/bruxelles-capitale-football\/#primaryimage","url":"https:\/\/lyonbondyblog.fr\/LBB\/wp-content\/uploads\/2023\/04\/people_football_footballers_group_team_sport_celebrate_victory-631799.jpg","contentUrl":"https:\/\/lyonbondyblog.fr\/LBB\/wp-content\/uploads\/2023\/04\/people_football_footballers_group_team_sport_celebrate_victory-631799.jpg","width":1200,"height":799,"caption":"Bruxelles Football"},{"@type":"WebSite","@id":"https:\/\/lyonbondyblog.fr\/LBB\/#website","url":"https:\/\/lyonbondyblog.fr\/LBB\/","name":"Lyon Bondy Blog","description":"","publisher":{"@id":"https:\/\/lyonbondyblog.fr\/LBB\/#organization"},"potentialAction":[{"@type":"SearchAction","target":{"@type":"EntryPoint","urlTemplate":"https:\/\/lyonbondyblog.fr\/LBB\/?s={search_term_string}"},"query-input":"required name=search_term_string"}],"inLanguage":"fr-FR"},{"@type":"Organization","@id":"https:\/\/lyonbondyblog.fr\/LBB\/#organization","name":"LYON BONDY BLOG","url":"https:\/\/lyonbondyblog.fr\/LBB\/","logo":{"@type":"ImageObject","inLanguage":"fr-FR","@id":"https:\/\/lyonbondyblog.fr\/LBB\/#\/schema\/logo\/image\/","url":"http:\/\/lyonbondyblog.fr\/LBB\/wp-content\/uploads\/2014\/10\/logo-portable-144.png","contentUrl":"http:\/\/lyonbondyblog.fr\/LBB\/wp-content\/uploads\/2014\/10\/logo-portable-144.png","width":144,"height":123,"caption":"LYON BONDY BLOG"},"image":{"@id":"https:\/\/lyonbondyblog.fr\/LBB\/#\/schema\/logo\/image\/"},"sameAs":["https:\/\/www.facebook.com\/lyonbondyblog","https:\/\/x.com\/bondybloglyon"]},{"@type":"Person","@id":"https:\/\/lyonbondyblog.fr\/LBB\/#\/schema\/person\/feca18153703ca5d4be1a3072ea26682","name":"Tristan Ozouf","url":"https:\/\/lyonbondyblog.fr\/LBB\/author\/tristano\/"}]}},"_links":{"self":[{"href":"https:\/\/lyonbondyblog.fr\/LBB\/wp-json\/wp\/v2\/posts\/32308","targetHints":{"allow":["GET"]}}],"collection":[{"href":"https:\/\/lyonbondyblog.fr\/LBB\/wp-json\/wp\/v2\/posts"}],"about":[{"href":"https:\/\/lyonbondyblog.fr\/LBB\/wp-json\/wp\/v2\/types\/post"}],"author":[{"embeddable":true,"href":"https:\/\/lyonbondyblog.fr\/LBB\/wp-json\/wp\/v2\/users\/31874"}],"replies":[{"embeddable":true,"href":"https:\/\/lyonbondyblog.fr\/LBB\/wp-json\/wp\/v2\/comments?post=32308"}],"version-history":[{"count":4,"href":"https:\/\/lyonbondyblog.fr\/LBB\/wp-json\/wp\/v2\/posts\/32308\/revisions"}],"predecessor-version":[{"id":32316,"href":"https:\/\/lyonbondyblog.fr\/LBB\/wp-json\/wp\/v2\/posts\/32308\/revisions\/32316"}],"wp:featuredmedia":[{"embeddable":true,"href":"https:\/\/lyonbondyblog.fr\/LBB\/wp-json\/wp\/v2\/media\/32309"}],"wp:attachment":[{"href":"https:\/\/lyonbondyblog.fr\/LBB\/wp-json\/wp\/v2\/media?parent=32308"}],"wp:term":[{"taxonomy":"category","embeddable":true,"href":"https:\/\/lyonbondyblog.fr\/LBB\/wp-json\/wp\/v2\/categories?post=32308"},{"taxonomy":"post_tag","embeddable":true,"href":"https:\/\/lyonbondyblog.fr\/LBB\/wp-json\/wp\/v2\/tags?post=32308"}],"curies":[{"name":"wp","href":"https:\/\/api.w.org\/{rel}","templated":true}]}}