{"id":32299,"date":"2023-04-25T17:00:00","date_gmt":"2023-04-25T15:00:00","guid":{"rendered":"https:\/\/lyonbondyblog.fr\/LBB\/?p=32299"},"modified":"2023-04-25T14:23:42","modified_gmt":"2023-04-25T12:23:42","slug":"le-football-belge-en-pleine-ascension","status":"publish","type":"post","link":"https:\/\/lyonbondyblog.fr\/LBB\/le-football-belge-en-pleine-ascension\/","title":{"rendered":"<strong>Le football belge en pleine ascension<\/strong>\u00a0"},"content":{"rendered":"\n<p><strong>C\u2019est un football qui est en constante progression ces derni\u00e8res ann\u00e9es, et ce n\u2019est seulement pas d\u00fb \u00e0 l\u2019\u00e9quipe nationale. En moins d\u2019une d\u00e9cennie, la Belgique a vu son coefficient au classement UEFA grimp\u00e9 de la 14e place \u00e0 la 8e place. En t\u00e9moigne la saison 2022-2023, qui est d\u00e9j\u00e0 une saison r\u00e9ussite pour le football belge. Cette semaine, Lyon Bondy Blog va consacrer tout un dossier sur le mod\u00e8le du ballon rond en Belgique, qui peut s\u2019av\u00e9rer \u00eatre un v\u00e9ritable exemple pour le football fran\u00e7ais.<\/strong>&nbsp;<\/p>\n\n\n\n<p>Prometteur et s\u00e9duisant. Voici les quelques mots qui pourraient d\u00e9finir partiellement\u00a0le football belge de nos jours. En atteste la formidable saison des \u00e9quipes belges au sein des comp\u00e9titions europ\u00e9ennes. Une comp\u00e9titivit\u00e9 qui porte par ailleurs ses fruits au <a href=\"https:\/\/fr.uefa.com\/nationalassociations\/uefarankings\/country\/#\/yr\/2023\" target=\"_blank\" rel=\"noreferrer noopener\">coefficient UEFA<\/a> avec une solide huiti\u00e8me place, son meilleur classement depuis 1996. Une performance remarquable tant on sait que la <a href=\"https:\/\/www.proleague.be\/fr\/pl\" target=\"_blank\" rel=\"noreferrer noopener\">Pro League<\/a> peinait \u00e0 la quatorzi\u00e8me place en 2010. Il faut dire que, ces derni\u00e8res ann\u00e9es, les \u00e9pop\u00e9es des clubs belges au niveau\u00a0europ\u00e9en ont \u00e9t\u00e9 d\u00e9terminantes \u00e0 l\u2019accession de cette huiti\u00e8me place.<\/p>\n\n\n\n<h2 class=\"wp-block-heading\"><strong>Les comp\u00e9titions europ\u00e9ennes r\u00e9ussissent aux \u00e9quipes belges<\/strong><\/h2>\n\n\n\n<p>C\u2019est ind\u00e9niable, les \u00e9quipes belges sont r\u00e9guli\u00e8rement pr\u00e9sentes au plus haut niveau des comp\u00e9titions europ\u00e9ennes et le moins que l\u2019on puisse dire, c\u2019est qu\u2019elles se portent plut\u00f4t bien. La saison 2023 ne fait pas exception. Le Club de Bruges a int\u00e9gr\u00e9 un groupe B plut\u00f4t compliqu\u00e9e aux c\u00f4t\u00e9s de l\u2019Atl\u00e9tico Madrid, le FC Porto et le Bayer Leverkusen. Malgr\u00e9 des r\u00e9sultats en dents de scie, cela n\u2019a pas emp\u00each\u00e9 le club belge de se qualifier pour les huiti\u00e8mes de finale de la coupe aux grandes oreilles. Malheureusement, le parcours s\u2019est arr\u00eat\u00e9 \u00e0 ce stade de la comp\u00e9tition face au Benfica. Outre cela, les Brugeois n\u2019ont pour autant pas d\u00e9m\u00e9rit\u00e9 et ont contribu\u00e9 \u00e0 la notori\u00e9t\u00e9 de leur pays \u00e0 l\u2019\u00e9chelle europ\u00e9enne.<\/p>\n\n\n\n<figure class=\"wp-block-image size-large\"><img loading=\"lazy\" decoding=\"async\" width=\"1920\" height=\"1079\" src=\"https:\/\/lyonbondyblog.fr\/LBB\/wp-content\/uploads\/2023\/04\/Union-Patro_18-03-2012_14-29-16-1920x1079.jpg\" alt=\"\" class=\"wp-image-32301\" srcset=\"https:\/\/lyonbondyblog.fr\/LBB\/wp-content\/uploads\/2023\/04\/Union-Patro_18-03-2012_14-29-16-1920x1079.jpg 1920w, https:\/\/lyonbondyblog.fr\/LBB\/wp-content\/uploads\/2023\/04\/Union-Patro_18-03-2012_14-29-16-1200x675.jpg 1200w, https:\/\/lyonbondyblog.fr\/LBB\/wp-content\/uploads\/2023\/04\/Union-Patro_18-03-2012_14-29-16-768x432.jpg 768w, https:\/\/lyonbondyblog.fr\/LBB\/wp-content\/uploads\/2023\/04\/Union-Patro_18-03-2012_14-29-16-1536x864.jpg 1536w, https:\/\/lyonbondyblog.fr\/LBB\/wp-content\/uploads\/2023\/04\/Union-Patro_18-03-2012_14-29-16-2048x1151.jpg 2048w\" sizes=\"auto, (max-width: 1920px) 100vw, 1920px\" \/><figcaption class=\"wp-element-caption\">Le stade de l&rsquo;Union Saint-Gilloise<\/figcaption><\/figure>\n\n\n\n<p>Mais cette saison, la surprise se trouve du c\u00f4t\u00e9 de Bruxelles, ou plus pr\u00e9cis\u00e9ment de l\u2019Union Saint-Gilloise. Les Bruxellois de Saint-Gilles sont parvenus \u00e0 obtenir \u2013 avec La Gantoise \u2013 une qualification pour la Ligue Europa. Une comp\u00e9tition qui offre aux clubs belges l\u2019opportunit\u00e9 de se faire remarquer sur la sc\u00e8ne europ\u00e9enne. C\u2019est chose faite pour l\u2019Union Saint-Gilloise qui s\u2019est hiss\u00e9 jusqu\u2019en quart de finale de la comp\u00e9tition (\u00e9limin\u00e9 par le Bayer Leverkusen).<\/p>\n\n\n\n<p>Du c\u00f4t\u00e9 de la Ligue Europa Conf\u00e9rence, le KKA La gantoise et le RSC Anderlecht ont tous deux rejoint bri\u00e8vement les quarts de finale de la comp\u00e9tition, avant de se faire \u00e9liminer par l\u2019AZ Alkmaar et West Ham. Trois \u00e9quipes se sont ainsi qualifi\u00e9s pour les quarts de finale de grandes comp\u00e9titions europ\u00e9ennes. <a href=\"https:\/\/www.7sur7.be\/football-belge\/le-record-du-coefficient-uefa-pulverise-les-clubs-belges-realisent-une-saison-europeenne-historique~a32176ca\/\" target=\"_blank\" rel=\"noreferrer noopener\">Un record historique<\/a> pour la Belgique qui d\u00e9montre que le football belge est sur la bonne voie.<\/p>\n<!-- AddThis Advanced Settings generic via filter on the_content --><!-- AddThis Share Buttons generic via filter on the_content -->","protected":false},"excerpt":{"rendered":"<p>C\u2019est un football qui est en constante progression ces derni\u00e8res ann\u00e9es, et ce n\u2019est seulement pas d\u00fb \u00e0 l\u2019\u00e9quipe nationale. En moins d\u2019une d\u00e9cennie, la &hellip; <!-- AddThis Advanced Settings generic via filter on wp_trim_excerpt --><!-- AddThis Share Buttons generic via filter on wp_trim_excerpt --><\/p>\n","protected":false},"author":31874,"featured_media":32300,"comment_status":"open","ping_status":"open","sticky":true,"template":"","format":"standard","meta":{"_FSMCFIC_featured_image_caption":"","_FSMCFIC_featured_image_nocaption":"","_FSMCFIC_featured_image_hide":"","footnotes":""},"categories":[3888,9,2862],"tags":[28322,624],"class_list":["post-32299","post","type-post","status-publish","format-standard","has-post-thumbnail","hentry","category-football","category-international","category-sport","tag-belgique","tag-football"],"yoast_head":"<!-- This site is optimized with the Yoast SEO plugin v22.8 - https:\/\/yoast.com\/wordpress\/plugins\/seo\/ -->\n<title>Le football belge en pleine ascension<\/title>\n<meta name=\"description\" content=\"Cette semaine, Lyon Bondy Blog va consacrer un dossier sur le football belge qui peut \u00eatre un r\u00e9el exemple pour le football fran\u00e7ais.\u00a0\" \/>\n<meta name=\"robots\" content=\"index, follow, max-snippet:-1, max-image-preview:large, max-video-preview:-1\" \/>\n<link rel=\"canonical\" href=\"https:\/\/lyonbondyblog.fr\/LBB\/le-football-belge-en-pleine-ascension\/\" \/>\n<meta property=\"og:locale\" content=\"fr_FR\" \/>\n<meta property=\"og:type\" content=\"article\" \/>\n<meta property=\"og:title\" content=\"Le football belge en pleine ascension\" \/>\n<meta property=\"og:description\" content=\"Cette semaine, Lyon Bondy Blog va consacrer un dossier sur le football belge qui peut \u00eatre un r\u00e9el exemple pour le football fran\u00e7ais.\u00a0\" \/>\n<meta property=\"og:url\" content=\"https:\/\/lyonbondyblog.fr\/LBB\/le-football-belge-en-pleine-ascension\/\" \/>\n<meta property=\"og:site_name\" content=\"Lyon Bondy Blog\" \/>\n<meta property=\"article:publisher\" content=\"https:\/\/www.facebook.com\/lyonbondyblog\" \/>\n<meta property=\"article:published_time\" content=\"2023-04-25T15:00:00+00:00\" \/>\n<meta property=\"article:modified_time\" content=\"2023-04-25T12:23:42+00:00\" \/>\n<meta property=\"og:image\" content=\"https:\/\/lyonbondyblog.fr\/LBB\/wp-content\/uploads\/2023\/04\/16708870960_fe556b8ed5_c.jpg\" \/>\n\t<meta property=\"og:image:width\" content=\"800\" \/>\n\t<meta property=\"og:image:height\" content=\"533\" \/>\n\t<meta property=\"og:image:type\" content=\"image\/jpeg\" \/>\n<meta name=\"author\" content=\"Tristan Ozouf\" \/>\n<meta name=\"twitter:card\" content=\"summary_large_image\" \/>\n<meta name=\"twitter:creator\" content=\"@bondybloglyon\" \/>\n<meta name=\"twitter:site\" content=\"@bondybloglyon\" \/>\n<script type=\"application\/ld+json\" class=\"yoast-schema-graph\">{\"@context\":\"https:\/\/schema.org\",\"@graph\":[{\"@type\":\"Article\",\"@id\":\"https:\/\/lyonbondyblog.fr\/LBB\/le-football-belge-en-pleine-ascension\/#article\",\"isPartOf\":{\"@id\":\"https:\/\/lyonbondyblog.fr\/LBB\/le-football-belge-en-pleine-ascension\/\"},\"author\":{\"name\":\"Tristan Ozouf\",\"@id\":\"https:\/\/lyonbondyblog.fr\/LBB\/#\/schema\/person\/feca18153703ca5d4be1a3072ea26682\"},\"headline\":\"Le football belge en pleine ascension\u00a0\",\"datePublished\":\"2023-04-25T15:00:00+00:00\",\"dateModified\":\"2023-04-25T12:23:42+00:00\",\"mainEntityOfPage\":{\"@id\":\"https:\/\/lyonbondyblog.fr\/LBB\/le-football-belge-en-pleine-ascension\/\"},\"wordCount\":533,\"commentCount\":0,\"publisher\":{\"@id\":\"https:\/\/lyonbondyblog.fr\/LBB\/#organization\"},\"image\":{\"@id\":\"https:\/\/lyonbondyblog.fr\/LBB\/le-football-belge-en-pleine-ascension\/#primaryimage\"},\"thumbnailUrl\":\"https:\/\/lyonbondyblog.fr\/LBB\/wp-content\/uploads\/2023\/04\/16708870960_fe556b8ed5_c.jpg\",\"keywords\":[\"Belgique\",\"Football\"],\"articleSection\":[\"Football\",\"International\",\"Sport\"],\"inLanguage\":\"fr-FR\",\"potentialAction\":[{\"@type\":\"CommentAction\",\"name\":\"Comment\",\"target\":[\"https:\/\/lyonbondyblog.fr\/LBB\/le-football-belge-en-pleine-ascension\/#respond\"]}]},{\"@type\":\"WebPage\",\"@id\":\"https:\/\/lyonbondyblog.fr\/LBB\/le-football-belge-en-pleine-ascension\/\",\"url\":\"https:\/\/lyonbondyblog.fr\/LBB\/le-football-belge-en-pleine-ascension\/\",\"name\":\"Le football belge en pleine ascension\",\"isPartOf\":{\"@id\":\"https:\/\/lyonbondyblog.fr\/LBB\/#website\"},\"primaryImageOfPage\":{\"@id\":\"https:\/\/lyonbondyblog.fr\/LBB\/le-football-belge-en-pleine-ascension\/#primaryimage\"},\"image\":{\"@id\":\"https:\/\/lyonbondyblog.fr\/LBB\/le-football-belge-en-pleine-ascension\/#primaryimage\"},\"thumbnailUrl\":\"https:\/\/lyonbondyblog.fr\/LBB\/wp-content\/uploads\/2023\/04\/16708870960_fe556b8ed5_c.jpg\",\"datePublished\":\"2023-04-25T15:00:00+00:00\",\"dateModified\":\"2023-04-25T12:23:42+00:00\",\"description\":\"Cette semaine, Lyon Bondy Blog va consacrer un dossier sur le football belge qui peut \u00eatre un r\u00e9el exemple pour le football fran\u00e7ais.\u00a0\",\"inLanguage\":\"fr-FR\",\"potentialAction\":[{\"@type\":\"ReadAction\",\"target\":[\"https:\/\/lyonbondyblog.fr\/LBB\/le-football-belge-en-pleine-ascension\/\"]}]},{\"@type\":\"ImageObject\",\"inLanguage\":\"fr-FR\",\"@id\":\"https:\/\/lyonbondyblog.fr\/LBB\/le-football-belge-en-pleine-ascension\/#primaryimage\",\"url\":\"https:\/\/lyonbondyblog.fr\/LBB\/wp-content\/uploads\/2023\/04\/16708870960_fe556b8ed5_c.jpg\",\"contentUrl\":\"https:\/\/lyonbondyblog.fr\/LBB\/wp-content\/uploads\/2023\/04\/16708870960_fe556b8ed5_c.jpg\",\"width\":800,\"height\":533,\"caption\":\"Le football belge \u00e0 travers le club de Bruges\"},{\"@type\":\"WebSite\",\"@id\":\"https:\/\/lyonbondyblog.fr\/LBB\/#website\",\"url\":\"https:\/\/lyonbondyblog.fr\/LBB\/\",\"name\":\"Lyon Bondy Blog\",\"description\":\"\",\"publisher\":{\"@id\":\"https:\/\/lyonbondyblog.fr\/LBB\/#organization\"},\"potentialAction\":[{\"@type\":\"SearchAction\",\"target\":{\"@type\":\"EntryPoint\",\"urlTemplate\":\"https:\/\/lyonbondyblog.fr\/LBB\/?s={search_term_string}\"},\"query-input\":\"required name=search_term_string\"}],\"inLanguage\":\"fr-FR\"},{\"@type\":\"Organization\",\"@id\":\"https:\/\/lyonbondyblog.fr\/LBB\/#organization\",\"name\":\"LYON BONDY BLOG\",\"url\":\"https:\/\/lyonbondyblog.fr\/LBB\/\",\"logo\":{\"@type\":\"ImageObject\",\"inLanguage\":\"fr-FR\",\"@id\":\"https:\/\/lyonbondyblog.fr\/LBB\/#\/schema\/logo\/image\/\",\"url\":\"http:\/\/lyonbondyblog.fr\/LBB\/wp-content\/uploads\/2014\/10\/logo-portable-144.png\",\"contentUrl\":\"http:\/\/lyonbondyblog.fr\/LBB\/wp-content\/uploads\/2014\/10\/logo-portable-144.png\",\"width\":144,\"height\":123,\"caption\":\"LYON BONDY BLOG\"},\"image\":{\"@id\":\"https:\/\/lyonbondyblog.fr\/LBB\/#\/schema\/logo\/image\/\"},\"sameAs\":[\"https:\/\/www.facebook.com\/lyonbondyblog\",\"https:\/\/x.com\/bondybloglyon\"]},{\"@type\":\"Person\",\"@id\":\"https:\/\/lyonbondyblog.fr\/LBB\/#\/schema\/person\/feca18153703ca5d4be1a3072ea26682\",\"name\":\"Tristan Ozouf\",\"url\":\"https:\/\/lyonbondyblog.fr\/LBB\/author\/tristano\/\"}]}<\/script>\n<!-- \/ Yoast SEO plugin. -->","yoast_head_json":{"title":"Le football belge en pleine ascension","description":"Cette semaine, Lyon Bondy Blog va consacrer un dossier sur le football belge qui peut \u00eatre un r\u00e9el exemple pour le football fran\u00e7ais.\u00a0","robots":{"index":"index","follow":"follow","max-snippet":"max-snippet:-1","max-image-preview":"max-image-preview:large","max-video-preview":"max-video-preview:-1"},"canonical":"https:\/\/lyonbondyblog.fr\/LBB\/le-football-belge-en-pleine-ascension\/","og_locale":"fr_FR","og_type":"article","og_title":"Le football belge en pleine ascension","og_description":"Cette semaine, Lyon Bondy Blog va consacrer un dossier sur le football belge qui peut \u00eatre un r\u00e9el exemple pour le football fran\u00e7ais.\u00a0","og_url":"https:\/\/lyonbondyblog.fr\/LBB\/le-football-belge-en-pleine-ascension\/","og_site_name":"Lyon Bondy Blog","article_publisher":"https:\/\/www.facebook.com\/lyonbondyblog","article_published_time":"2023-04-25T15:00:00+00:00","article_modified_time":"2023-04-25T12:23:42+00:00","og_image":[{"width":800,"height":533,"url":"https:\/\/lyonbondyblog.fr\/LBB\/wp-content\/uploads\/2023\/04\/16708870960_fe556b8ed5_c.jpg","type":"image\/jpeg"}],"author":"Tristan Ozouf","twitter_card":"summary_large_image","twitter_creator":"@bondybloglyon","twitter_site":"@bondybloglyon","schema":{"@context":"https:\/\/schema.org","@graph":[{"@type":"Article","@id":"https:\/\/lyonbondyblog.fr\/LBB\/le-football-belge-en-pleine-ascension\/#article","isPartOf":{"@id":"https:\/\/lyonbondyblog.fr\/LBB\/le-football-belge-en-pleine-ascension\/"},"author":{"name":"Tristan Ozouf","@id":"https:\/\/lyonbondyblog.fr\/LBB\/#\/schema\/person\/feca18153703ca5d4be1a3072ea26682"},"headline":"Le football belge en pleine ascension\u00a0","datePublished":"2023-04-25T15:00:00+00:00","dateModified":"2023-04-25T12:23:42+00:00","mainEntityOfPage":{"@id":"https:\/\/lyonbondyblog.fr\/LBB\/le-football-belge-en-pleine-ascension\/"},"wordCount":533,"commentCount":0,"publisher":{"@id":"https:\/\/lyonbondyblog.fr\/LBB\/#organization"},"image":{"@id":"https:\/\/lyonbondyblog.fr\/LBB\/le-football-belge-en-pleine-ascension\/#primaryimage"},"thumbnailUrl":"https:\/\/lyonbondyblog.fr\/LBB\/wp-content\/uploads\/2023\/04\/16708870960_fe556b8ed5_c.jpg","keywords":["Belgique","Football"],"articleSection":["Football","International","Sport"],"inLanguage":"fr-FR","potentialAction":[{"@type":"CommentAction","name":"Comment","target":["https:\/\/lyonbondyblog.fr\/LBB\/le-football-belge-en-pleine-ascension\/#respond"]}]},{"@type":"WebPage","@id":"https:\/\/lyonbondyblog.fr\/LBB\/le-football-belge-en-pleine-ascension\/","url":"https:\/\/lyonbondyblog.fr\/LBB\/le-football-belge-en-pleine-ascension\/","name":"Le football belge en pleine ascension","isPartOf":{"@id":"https:\/\/lyonbondyblog.fr\/LBB\/#website"},"primaryImageOfPage":{"@id":"https:\/\/lyonbondyblog.fr\/LBB\/le-football-belge-en-pleine-ascension\/#primaryimage"},"image":{"@id":"https:\/\/lyonbondyblog.fr\/LBB\/le-football-belge-en-pleine-ascension\/#primaryimage"},"thumbnailUrl":"https:\/\/lyonbondyblog.fr\/LBB\/wp-content\/uploads\/2023\/04\/16708870960_fe556b8ed5_c.jpg","datePublished":"2023-04-25T15:00:00+00:00","dateModified":"2023-04-25T12:23:42+00:00","description":"Cette semaine, Lyon Bondy Blog va consacrer un dossier sur le football belge qui peut \u00eatre un r\u00e9el exemple pour le football fran\u00e7ais.\u00a0","inLanguage":"fr-FR","potentialAction":[{"@type":"ReadAction","target":["https:\/\/lyonbondyblog.fr\/LBB\/le-football-belge-en-pleine-ascension\/"]}]},{"@type":"ImageObject","inLanguage":"fr-FR","@id":"https:\/\/lyonbondyblog.fr\/LBB\/le-football-belge-en-pleine-ascension\/#primaryimage","url":"https:\/\/lyonbondyblog.fr\/LBB\/wp-content\/uploads\/2023\/04\/16708870960_fe556b8ed5_c.jpg","contentUrl":"https:\/\/lyonbondyblog.fr\/LBB\/wp-content\/uploads\/2023\/04\/16708870960_fe556b8ed5_c.jpg","width":800,"height":533,"caption":"Le football belge \u00e0 travers le club de Bruges"},{"@type":"WebSite","@id":"https:\/\/lyonbondyblog.fr\/LBB\/#website","url":"https:\/\/lyonbondyblog.fr\/LBB\/","name":"Lyon Bondy Blog","description":"","publisher":{"@id":"https:\/\/lyonbondyblog.fr\/LBB\/#organization"},"potentialAction":[{"@type":"SearchAction","target":{"@type":"EntryPoint","urlTemplate":"https:\/\/lyonbondyblog.fr\/LBB\/?s={search_term_string}"},"query-input":"required name=search_term_string"}],"inLanguage":"fr-FR"},{"@type":"Organization","@id":"https:\/\/lyonbondyblog.fr\/LBB\/#organization","name":"LYON BONDY BLOG","url":"https:\/\/lyonbondyblog.fr\/LBB\/","logo":{"@type":"ImageObject","inLanguage":"fr-FR","@id":"https:\/\/lyonbondyblog.fr\/LBB\/#\/schema\/logo\/image\/","url":"http:\/\/lyonbondyblog.fr\/LBB\/wp-content\/uploads\/2014\/10\/logo-portable-144.png","contentUrl":"http:\/\/lyonbondyblog.fr\/LBB\/wp-content\/uploads\/2014\/10\/logo-portable-144.png","width":144,"height":123,"caption":"LYON BONDY BLOG"},"image":{"@id":"https:\/\/lyonbondyblog.fr\/LBB\/#\/schema\/logo\/image\/"},"sameAs":["https:\/\/www.facebook.com\/lyonbondyblog","https:\/\/x.com\/bondybloglyon"]},{"@type":"Person","@id":"https:\/\/lyonbondyblog.fr\/LBB\/#\/schema\/person\/feca18153703ca5d4be1a3072ea26682","name":"Tristan Ozouf","url":"https:\/\/lyonbondyblog.fr\/LBB\/author\/tristano\/"}]}},"_links":{"self":[{"href":"https:\/\/lyonbondyblog.fr\/LBB\/wp-json\/wp\/v2\/posts\/32299","targetHints":{"allow":["GET"]}}],"collection":[{"href":"https:\/\/lyonbondyblog.fr\/LBB\/wp-json\/wp\/v2\/posts"}],"about":[{"href":"https:\/\/lyonbondyblog.fr\/LBB\/wp-json\/wp\/v2\/types\/post"}],"author":[{"embeddable":true,"href":"https:\/\/lyonbondyblog.fr\/LBB\/wp-json\/wp\/v2\/users\/31874"}],"replies":[{"embeddable":true,"href":"https:\/\/lyonbondyblog.fr\/LBB\/wp-json\/wp\/v2\/comments?post=32299"}],"version-history":[{"count":1,"href":"https:\/\/lyonbondyblog.fr\/LBB\/wp-json\/wp\/v2\/posts\/32299\/revisions"}],"predecessor-version":[{"id":32302,"href":"https:\/\/lyonbondyblog.fr\/LBB\/wp-json\/wp\/v2\/posts\/32299\/revisions\/32302"}],"wp:featuredmedia":[{"embeddable":true,"href":"https:\/\/lyonbondyblog.fr\/LBB\/wp-json\/wp\/v2\/media\/32300"}],"wp:attachment":[{"href":"https:\/\/lyonbondyblog.fr\/LBB\/wp-json\/wp\/v2\/media?parent=32299"}],"wp:term":[{"taxonomy":"category","embeddable":true,"href":"https:\/\/lyonbondyblog.fr\/LBB\/wp-json\/wp\/v2\/categories?post=32299"},{"taxonomy":"post_tag","embeddable":true,"href":"https:\/\/lyonbondyblog.fr\/LBB\/wp-json\/wp\/v2\/tags?post=32299"}],"curies":[{"name":"wp","href":"https:\/\/api.w.org\/{rel}","templated":true}]}}