{"id":32181,"date":"2023-04-07T12:10:53","date_gmt":"2023-04-07T10:10:53","guid":{"rendered":"http:\/\/lyonbondyblog.fr\/LBB\/?p=32181"},"modified":"2023-04-07T12:10:55","modified_gmt":"2023-04-07T10:10:55","slug":"le-breakdance-et-ses-stars-font-le-show-au-lycee-jean-paul-sartre","status":"publish","type":"post","link":"https:\/\/lyonbondyblog.fr\/LBB\/le-breakdance-et-ses-stars-font-le-show-au-lycee-jean-paul-sartre\/","title":{"rendered":"<strong>Le lyc\u00e9e Jean-Paul Sartre accueille des breakdancers internationaux pour la semaine olympique et paralympique<\/strong>\u00a0"},"content":{"rendered":"\n<p><strong>Apr\u00e8s Paris et Pau, c\u2019est au tour de Lyon et du lyc\u00e9e Jean-Paul Sartre d\u2019accueillir <\/strong><strong>\u00ab<\/strong><strong> Sunny <\/strong><strong>\u00bb<\/strong><strong> Choi et Jacob <\/strong><strong>\u00ab<\/strong><strong> Kujo<\/strong><strong> \u00bb<\/strong> <strong>Lyons, deux breakdancers de renomm\u00e9e internationale dans le cadre de la semaine Olympique et Paralympique. Les \u00e9l\u00e8ves ont pu&nbsp;s\u2019initier \u00e0 cette discipline, qui entrera aux jeux olympiques en 2024. <\/strong>&nbsp;<\/p>\n\n\n\n<p>Ils \u00e9taient plus d\u2019une cinquantaine \u00e0 \u00eatre\u00a0convi\u00e9s \u00e0 un cours particulier au sein du <a href=\"https:\/\/www.ville-bron.fr\/annuaires\/halle-des-sports-marcel-sultana\" target=\"_blank\" rel=\"noreferrer noopener\">Halle des Sports Marcel Sultana<\/a> de Bron. Au programme : pas de fran\u00e7ais, ni de math\u00e9matique mais de la breakdance. Depuis une semaine, l\u2019Ambassade des \u00c9tats-Unis d\u2019Am\u00e9rique en France propose ainsi aux adolescents une s\u00e9ance d\u2019initiation au breakdance \u00e0 travers leur \u00e9v\u00e9nement : <em>Games 4 All<\/em> <em>(Des Jeux pour Tous). <\/em>\u00ab<em> L\u2019objectif, c\u2019est de transmettre des valeurs de partage avec les adolescents. Il y a\u00a0dans cette pratique un c\u00f4t\u00e9 accessible qu\u2019on ne retrouve pas forc\u00e9ment dans d\u2019autres sports. Tout le monde peut enfiler sa tenue de sport et s\u2019y mettre<\/em> \u00bb<em>, <\/em>argumente Ga\u00eblle Dakan, sp\u00e9cialiste des affaires publiques pour le consulat des \u00c9tats-Unis \u00e0 Lyon.<\/p>\n\n\n\n<figure class=\"wp-block-image size-full\"><img loading=\"lazy\" decoding=\"async\" width=\"1600\" height=\"1200\" src=\"https:\/\/lyonbondyblog.fr\/LBB\/wp-content\/uploads\/2023\/04\/WhatsApp-Image-2023-04-07-at-11.24.44.jpeg\" alt=\"\" class=\"wp-image-32186\" srcset=\"https:\/\/lyonbondyblog.fr\/LBB\/wp-content\/uploads\/2023\/04\/WhatsApp-Image-2023-04-07-at-11.24.44.jpeg 1600w, https:\/\/lyonbondyblog.fr\/LBB\/wp-content\/uploads\/2023\/04\/WhatsApp-Image-2023-04-07-at-11.24.44-1200x900.jpeg 1200w, https:\/\/lyonbondyblog.fr\/LBB\/wp-content\/uploads\/2023\/04\/WhatsApp-Image-2023-04-07-at-11.24.44-768x576.jpeg 768w, https:\/\/lyonbondyblog.fr\/LBB\/wp-content\/uploads\/2023\/04\/WhatsApp-Image-2023-04-07-at-11.24.44-1536x1152.jpeg 1536w\" sizes=\"auto, (max-width: 1600px) 100vw, 1600px\" \/><figcaption class=\"wp-element-caption\">Les \u00e9l\u00e8ves du lyc\u00e9e Jean-Paul Sartre s&rsquo;initient au breakdance \/ \u00a9 Tristan Ozouf\u00a0<\/figcaption><\/figure>\n\n\n\n<h2 class=\"wp-block-heading\"><strong>\u00ab Renforcer les relations franco-am\u00e9ricaines<\/strong> <strong>\u00bb\u00a0\u00e0 travers le <em>Games 4 All<\/em><\/strong><\/h2>\n\n\n\n<p>Cette discipline sportive de rue, n\u00e9e \u00e0\u00a0New York\u00a0dans les\u00a0ann\u00e9es 1970, se caract\u00e9rise par ses mouvements de corps irr\u00e9guliers, ses figures au sol et son aspect acrobatique. Cette danse spectaculaire s\u2019est largement d\u00e9velopp\u00e9e, notamment en France, o\u00f9 <a href=\"https:\/\/lyonbondyblog.fr\/LBB\/arrivee-du-breakdance-aux-jo-les-ambassadeurs-sensibilisent-a-la-culture-urbaine\/\" target=\"_blank\" rel=\"noreferrer noopener\">la discipline entrera aux Jeux Olympiques de Paris en 2024<\/a>.<strong> <\/strong>\u00ab<em> Beaucoup d\u2019\u00e9v\u00e9nements de sports sont pr\u00e9sents dans la r\u00e9gion et c\u2019est une occasion, \u00e0 travers cet \u00e9v\u00e9nement de renforcer davantage les relations franco-am\u00e9ricaines<\/em> \u00bb, \u00e9voque Ga\u00eblle Dakan.\u00a0<\/p>\n\n\n\n<p>Pour rappel, le <em>Games 4 All (Des Jeux pour Tous)<\/em> est une campagne qui s\u2019\u00e9tendra sur plusieurs ann\u00e9es, jusqu\u2019en 2028, lorsque <a href=\"https:\/\/olympics.com\/fr\/olympic-games\/los-angeles-2028\" target=\"_blank\" rel=\"noreferrer noopener\">Los Angeles organisera les Jeux Olympiques<\/a>. En plus d\u2019accueillir en France des Ambassadeurs du sport pour la Jeunesse comme Kujo et Sunny, l\u2019Ambassade enverra des entra\u00eeneurs et des officiels sportifs aux \u00c9tats-Unis pour r\u00e9fl\u00e9chir ensemble \u00e0 comment le sport peut am\u00e9liorer la sant\u00e9 mentale des jeunes, sujet important dans le contexte post-Covid.<\/p>\n\n\n\n<h2 class=\"wp-block-heading\"><strong>\u00ab Partager avec des champions de breakdance, c\u2019est vraiment incroyable<\/strong> <strong>\u00bb<\/strong><\/h2>\n\n\n\n<p>Les \u00e9l\u00e8ves issus du lyc\u00e9e Jean-Paul Sartre (Bron) ont donc particip\u00e9 \u00e0 ce mode d\u2019expression corporelle sous la houlette de <a href=\"https:\/\/www.instagram.com\/krazykujo\/?hl=en\" target=\"_blank\" rel=\"noreferrer noopener\">Jacob \u00ab Kujo \u00bb\u00a0Lyons<\/a> et <a href=\"https:\/\/www.instagram.com\/_sunnychoi\/?hl=en\" target=\"_blank\" rel=\"noreferrer noopener\">Grace \u00ab Sunny \u00bb\u00a0Choi<\/a>, deux ic\u00f4nes mondiales de la breakdance. Les deux Ambassadeurs du Sport pour la Jeunesse se sont par ailleurs rendus \u00e0 Pau la semaine derni\u00e8re, et Paris pour lancer officiellement la campagne de l\u2019Ambassade, et sont aujourd\u2019hui \u00e0 Lyon\u00a0pour participer \u00e0 une s\u00e9rie d\u2019\u00e9v\u00e9nements avec\u00a0des jeunes, au plus grand bonheur des \u00e9l\u00e8ves du lyc\u00e9e Jean-Paul Sartre. <em>\u00ab On a un peu mal aux poignets mais c\u2019\u00e9tait trop cool \u00bb<\/em>, se r\u00e9jouit M\u00e9lissa au moment du d\u00e9nouement de l\u2019activit\u00e9. <em>\u00ab \u00c9changer, bouger, partager avec des champions de cette discipline, c\u2019est vraiment incroyable \u00bb<\/em>, conclut-elle.<\/p>\n\n\n\n<h2 class=\"wp-block-heading\"><strong>\u00ab On apprend \u00e0 partager l\u2019espace, le sol avec les autres<\/strong> <strong>\u00bb<\/strong><\/h2>\n\n\n\n<p>N\u00e9e dans le Tennessee et a grandi dans le Kentucky, Grace \u00ab Sunny \u00bb Choi s\u2019initie au breaking pendant sa premi\u00e8re ann\u00e9e d\u2019universit\u00e9, \u00e0 Philadelphie, en Pennsylvanie. Il est donc naturel pour elle de transmettre ce moyen d\u2019expression aux jeunes de la r\u00e9gion :<\/p>\n\n\n\n<figure class=\"wp-block-audio\"><audio controls src=\"https:\/\/lyonbondyblog.fr\/LBB\/wp-content\/uploads\/2023\/04\/Test-21.mp3\"><\/audio><figcaption class=\"wp-element-caption\">Grace \u00ab Sunny \u00bb Choi<\/figcaption><\/figure>\n\n\n\n<figure class=\"wp-block-image size-full\"><img loading=\"lazy\" decoding=\"async\" width=\"1600\" height=\"1200\" src=\"https:\/\/lyonbondyblog.fr\/LBB\/wp-content\/uploads\/2023\/04\/Breakdance.jpeg\" alt=\"\" class=\"wp-image-32187\" srcset=\"https:\/\/lyonbondyblog.fr\/LBB\/wp-content\/uploads\/2023\/04\/Breakdance.jpeg 1600w, https:\/\/lyonbondyblog.fr\/LBB\/wp-content\/uploads\/2023\/04\/Breakdance-1200x900.jpeg 1200w, https:\/\/lyonbondyblog.fr\/LBB\/wp-content\/uploads\/2023\/04\/Breakdance-768x576.jpeg 768w, https:\/\/lyonbondyblog.fr\/LBB\/wp-content\/uploads\/2023\/04\/Breakdance-1536x1152.jpeg 1536w\" sizes=\"auto, (max-width: 1600px) 100vw, 1600px\" \/><figcaption class=\"wp-element-caption\">Grace \u00ab Sunny \u00bb Choi apporte ses conseils aux \u00e9l\u00e8ves du lyc\u00e9e Jean-Paul Sartre \/ \u00a9 Tristan Ozouf\u00a0<\/figcaption><\/figure>\n\n\n\n<p>Premi\u00e8re \u00ab b-girl \u00bb\u00a0am\u00e9ricaine dans le classement de la <em><a href=\"https:\/\/www.worlddancesport.org\/\" target=\"_blank\" rel=\"noreferrer noopener\">World Dance Sport Federation<\/a><\/em>, 8\u00e8me au classement olympique et 10\u00e8me au classement international de la <em>World Dance Sport Federation, <\/em>Grace \u00ab Sunny \u00bb Choi est tr\u00e8s <em>\u00ab heureuse \u00bb\u00a0<\/em>que la discipline soit enfin repr\u00e9sent\u00e9e aux Jeux Olympiques :<\/p>\n\n\n\n<figure class=\"wp-block-audio\"><audio controls src=\"https:\/\/lyonbondyblog.fr\/LBB\/wp-content\/uploads\/2023\/04\/Test-1.mp3\"><\/audio><figcaption class=\"wp-element-caption\">Grace \u00ab Sunny \u00bb Choi<\/figcaption><\/figure>\n\n\n\n<p>En plus de cette semaine pass\u00e9e aupr\u00e8s des jeunes, l&rsquo;Ambassade pr\u00e9voit de nombreux autres programmes et \u00e9v\u00e9nements qui seront annonc\u00e9s prochainement.<\/p>\n\n\n\n<figure class=\"wp-block-gallery has-nested-images columns-default is-cropped wp-block-gallery-1 is-layout-flex wp-block-gallery-is-layout-flex\">\n<figure class=\"wp-block-image size-large\"><img loading=\"lazy\" decoding=\"async\" width=\"1600\" height=\"1200\" data-id=\"32188\" src=\"https:\/\/lyonbondyblog.fr\/LBB\/wp-content\/uploads\/2023\/04\/Breakdance-1.jpeg\" alt=\"\" class=\"wp-image-32188\" srcset=\"https:\/\/lyonbondyblog.fr\/LBB\/wp-content\/uploads\/2023\/04\/Breakdance-1.jpeg 1600w, https:\/\/lyonbondyblog.fr\/LBB\/wp-content\/uploads\/2023\/04\/Breakdance-1-1200x900.jpeg 1200w, https:\/\/lyonbondyblog.fr\/LBB\/wp-content\/uploads\/2023\/04\/Breakdance-1-768x576.jpeg 768w, https:\/\/lyonbondyblog.fr\/LBB\/wp-content\/uploads\/2023\/04\/Breakdance-1-1536x1152.jpeg 1536w\" sizes=\"auto, (max-width: 1600px) 100vw, 1600px\" \/><\/figure>\n\n\n\n<figure class=\"wp-block-image size-large\"><img loading=\"lazy\" decoding=\"async\" width=\"1600\" height=\"1200\" data-id=\"32189\" src=\"https:\/\/lyonbondyblog.fr\/LBB\/wp-content\/uploads\/2023\/04\/Breakdance-2.jpeg\" alt=\"\" class=\"wp-image-32189\" srcset=\"https:\/\/lyonbondyblog.fr\/LBB\/wp-content\/uploads\/2023\/04\/Breakdance-2.jpeg 1600w, https:\/\/lyonbondyblog.fr\/LBB\/wp-content\/uploads\/2023\/04\/Breakdance-2-1200x900.jpeg 1200w, https:\/\/lyonbondyblog.fr\/LBB\/wp-content\/uploads\/2023\/04\/Breakdance-2-768x576.jpeg 768w, https:\/\/lyonbondyblog.fr\/LBB\/wp-content\/uploads\/2023\/04\/Breakdance-2-1536x1152.jpeg 1536w\" sizes=\"auto, (max-width: 1600px) 100vw, 1600px\" \/><\/figure>\n\n\n\n<figure class=\"wp-block-image size-large\"><img loading=\"lazy\" decoding=\"async\" width=\"1600\" height=\"1200\" data-id=\"32190\" src=\"https:\/\/lyonbondyblog.fr\/LBB\/wp-content\/uploads\/2023\/04\/Breakdance-3.jpeg\" alt=\"\" class=\"wp-image-32190\" srcset=\"https:\/\/lyonbondyblog.fr\/LBB\/wp-content\/uploads\/2023\/04\/Breakdance-3.jpeg 1600w, https:\/\/lyonbondyblog.fr\/LBB\/wp-content\/uploads\/2023\/04\/Breakdance-3-1200x900.jpeg 1200w, https:\/\/lyonbondyblog.fr\/LBB\/wp-content\/uploads\/2023\/04\/Breakdance-3-768x576.jpeg 768w, https:\/\/lyonbondyblog.fr\/LBB\/wp-content\/uploads\/2023\/04\/Breakdance-3-1536x1152.jpeg 1536w\" sizes=\"auto, (max-width: 1600px) 100vw, 1600px\" \/><\/figure>\n\n\n\n<figure class=\"wp-block-image size-large\"><img loading=\"lazy\" decoding=\"async\" width=\"1600\" height=\"1200\" data-id=\"32191\" src=\"https:\/\/lyonbondyblog.fr\/LBB\/wp-content\/uploads\/2023\/04\/Breakdance-4.jpeg\" alt=\"\" class=\"wp-image-32191\" srcset=\"https:\/\/lyonbondyblog.fr\/LBB\/wp-content\/uploads\/2023\/04\/Breakdance-4.jpeg 1600w, https:\/\/lyonbondyblog.fr\/LBB\/wp-content\/uploads\/2023\/04\/Breakdance-4-1200x900.jpeg 1200w, https:\/\/lyonbondyblog.fr\/LBB\/wp-content\/uploads\/2023\/04\/Breakdance-4-768x576.jpeg 768w, https:\/\/lyonbondyblog.fr\/LBB\/wp-content\/uploads\/2023\/04\/Breakdance-4-1536x1152.jpeg 1536w\" sizes=\"auto, (max-width: 1600px) 100vw, 1600px\" \/><\/figure>\n\n\n\n<figure class=\"wp-block-image size-full\"><img loading=\"lazy\" decoding=\"async\" width=\"1600\" height=\"1200\" data-id=\"32194\" src=\"https:\/\/lyonbondyblog.fr\/LBB\/wp-content\/uploads\/2023\/04\/Breakdance-7.jpeg\" alt=\"\" class=\"wp-image-32194\" srcset=\"https:\/\/lyonbondyblog.fr\/LBB\/wp-content\/uploads\/2023\/04\/Breakdance-7.jpeg 1600w, https:\/\/lyonbondyblog.fr\/LBB\/wp-content\/uploads\/2023\/04\/Breakdance-7-1200x900.jpeg 1200w, https:\/\/lyonbondyblog.fr\/LBB\/wp-content\/uploads\/2023\/04\/Breakdance-7-768x576.jpeg 768w, https:\/\/lyonbondyblog.fr\/LBB\/wp-content\/uploads\/2023\/04\/Breakdance-7-1536x1152.jpeg 1536w\" sizes=\"auto, (max-width: 1600px) 100vw, 1600px\" \/><\/figure>\n\n\n\n<figure class=\"wp-block-image size-large\"><img loading=\"lazy\" decoding=\"async\" width=\"1600\" height=\"1200\" data-id=\"32193\" src=\"https:\/\/lyonbondyblog.fr\/LBB\/wp-content\/uploads\/2023\/04\/Breakdance-6.jpeg\" alt=\"\" class=\"wp-image-32193\" srcset=\"https:\/\/lyonbondyblog.fr\/LBB\/wp-content\/uploads\/2023\/04\/Breakdance-6.jpeg 1600w, https:\/\/lyonbondyblog.fr\/LBB\/wp-content\/uploads\/2023\/04\/Breakdance-6-1200x900.jpeg 1200w, https:\/\/lyonbondyblog.fr\/LBB\/wp-content\/uploads\/2023\/04\/Breakdance-6-768x576.jpeg 768w, https:\/\/lyonbondyblog.fr\/LBB\/wp-content\/uploads\/2023\/04\/Breakdance-6-1536x1152.jpeg 1536w\" sizes=\"auto, (max-width: 1600px) 100vw, 1600px\" \/><\/figure>\n<figcaption class=\"blocks-gallery-caption wp-element-caption\">Les \u00e9l\u00e8ves se sont tr\u00e8s vite adapt\u00e9s aux consignes et au rythme des deux ic\u00f4nes de la breakdance \/ \u00a9 Tristan Ozouf\u00a0<\/figcaption><\/figure>\n<!-- AddThis Advanced Settings generic via filter on the_content --><!-- AddThis Share Buttons generic via filter on the_content -->","protected":false},"excerpt":{"rendered":"<p>Apr\u00e8s Paris et Pau, c\u2019est au tour de Lyon et du lyc\u00e9e Jean-Paul Sartre d\u2019accueillir \u00ab Sunny \u00bb Choi et Jacob \u00ab Kujo \u00bb Lyons, &hellip; <!-- AddThis Advanced Settings generic via filter on wp_trim_excerpt --><!-- AddThis Share Buttons generic via filter on wp_trim_excerpt --><\/p>\n","protected":false},"author":31874,"featured_media":32184,"comment_status":"open","ping_status":"open","sticky":true,"template":"","format":"standard","meta":{"_FSMCFIC_featured_image_caption":"","_FSMCFIC_featured_image_nocaption":"","_FSMCFIC_featured_image_hide":"","footnotes":""},"categories":[23127,14140,3517,18131,5324,4,2862],"tags":[28310,657,522,29],"class_list":["post-32181","post","type-post","status-publish","format-standard","has-post-thumbnail","hentry","category-bron","category-danse","category-education","category-evenement","category-jeunesse","category-lyon","category-sport","tag-breakdance","tag-bron","tag-jeunesse","tag-sport"],"yoast_head":"<!-- This site is optimized with the Yoast SEO plugin v22.8 - https:\/\/yoast.com\/wordpress\/plugins\/seo\/ -->\n<title>Le breakdance et ses stars font le show au lyc\u00e9e Jean-Paul Sartre<\/title>\n<meta name=\"description\" content=\"Pour la semaine olympique et paralympique, le lyc\u00e9e Jean-Paul Sartre, a re\u00e7u deux breakdancers internationaux, Jacob Lyons et Sunny Choi.\" \/>\n<meta name=\"robots\" content=\"index, follow, max-snippet:-1, max-image-preview:large, max-video-preview:-1\" \/>\n<link rel=\"canonical\" href=\"https:\/\/lyonbondyblog.fr\/LBB\/le-breakdance-et-ses-stars-font-le-show-au-lycee-jean-paul-sartre\/\" \/>\n<meta property=\"og:locale\" content=\"fr_FR\" \/>\n<meta property=\"og:type\" content=\"article\" \/>\n<meta property=\"og:title\" content=\"Le breakdance et ses stars font le show au lyc\u00e9e Jean-Paul Sartre\" \/>\n<meta property=\"og:description\" content=\"Pour la semaine olympique et paralympique, le lyc\u00e9e Jean-Paul Sartre, a re\u00e7u deux breakdancers internationaux, Jacob Lyons et Sunny Choi.\" \/>\n<meta property=\"og:url\" content=\"https:\/\/lyonbondyblog.fr\/LBB\/le-breakdance-et-ses-stars-font-le-show-au-lycee-jean-paul-sartre\/\" \/>\n<meta property=\"og:site_name\" content=\"Lyon Bondy Blog\" \/>\n<meta property=\"article:publisher\" content=\"https:\/\/www.facebook.com\/lyonbondyblog\" \/>\n<meta property=\"article:published_time\" content=\"2023-04-07T10:10:53+00:00\" \/>\n<meta property=\"article:modified_time\" content=\"2023-04-07T10:10:55+00:00\" \/>\n<meta property=\"og:image\" content=\"https:\/\/lyonbondyblog.fr\/LBB\/wp-content\/uploads\/2023\/04\/WhatsApp-Image-2023-04-07-at-11.24.46.jpeg\" \/>\n\t<meta property=\"og:image:width\" content=\"1600\" \/>\n\t<meta property=\"og:image:height\" content=\"1200\" \/>\n\t<meta property=\"og:image:type\" content=\"image\/jpeg\" \/>\n<meta name=\"author\" content=\"Tristan Ozouf\" \/>\n<meta name=\"twitter:card\" content=\"summary_large_image\" \/>\n<meta name=\"twitter:creator\" content=\"@bondybloglyon\" \/>\n<meta name=\"twitter:site\" content=\"@bondybloglyon\" \/>\n<script type=\"application\/ld+json\" class=\"yoast-schema-graph\">{\"@context\":\"https:\/\/schema.org\",\"@graph\":[{\"@type\":\"Article\",\"@id\":\"https:\/\/lyonbondyblog.fr\/LBB\/le-breakdance-et-ses-stars-font-le-show-au-lycee-jean-paul-sartre\/#article\",\"isPartOf\":{\"@id\":\"https:\/\/lyonbondyblog.fr\/LBB\/le-breakdance-et-ses-stars-font-le-show-au-lycee-jean-paul-sartre\/\"},\"author\":{\"name\":\"Tristan Ozouf\",\"@id\":\"https:\/\/lyonbondyblog.fr\/LBB\/#\/schema\/person\/feca18153703ca5d4be1a3072ea26682\"},\"headline\":\"Le lyc\u00e9e Jean-Paul Sartre accueille des breakdancers internationaux pour la semaine olympique et paralympique\u00a0\",\"datePublished\":\"2023-04-07T10:10:53+00:00\",\"dateModified\":\"2023-04-07T10:10:55+00:00\",\"mainEntityOfPage\":{\"@id\":\"https:\/\/lyonbondyblog.fr\/LBB\/le-breakdance-et-ses-stars-font-le-show-au-lycee-jean-paul-sartre\/\"},\"wordCount\":707,\"commentCount\":0,\"publisher\":{\"@id\":\"https:\/\/lyonbondyblog.fr\/LBB\/#organization\"},\"image\":{\"@id\":\"https:\/\/lyonbondyblog.fr\/LBB\/le-breakdance-et-ses-stars-font-le-show-au-lycee-jean-paul-sartre\/#primaryimage\"},\"thumbnailUrl\":\"https:\/\/lyonbondyblog.fr\/LBB\/wp-content\/uploads\/2023\/04\/WhatsApp-Image-2023-04-07-at-11.24.46.jpeg\",\"keywords\":[\"breakdance\",\"Bron\",\"jeunesse\",\"sport\"],\"articleSection\":[\"Bron\",\"Danse\",\"Education\",\"Ev\u00e9nement\",\"Jeunesse\",\"Lyon\",\"Sport\"],\"inLanguage\":\"fr-FR\",\"potentialAction\":[{\"@type\":\"CommentAction\",\"name\":\"Comment\",\"target\":[\"https:\/\/lyonbondyblog.fr\/LBB\/le-breakdance-et-ses-stars-font-le-show-au-lycee-jean-paul-sartre\/#respond\"]}]},{\"@type\":\"WebPage\",\"@id\":\"https:\/\/lyonbondyblog.fr\/LBB\/le-breakdance-et-ses-stars-font-le-show-au-lycee-jean-paul-sartre\/\",\"url\":\"https:\/\/lyonbondyblog.fr\/LBB\/le-breakdance-et-ses-stars-font-le-show-au-lycee-jean-paul-sartre\/\",\"name\":\"Le breakdance et ses stars font le show au lyc\u00e9e Jean-Paul Sartre\",\"isPartOf\":{\"@id\":\"https:\/\/lyonbondyblog.fr\/LBB\/#website\"},\"primaryImageOfPage\":{\"@id\":\"https:\/\/lyonbondyblog.fr\/LBB\/le-breakdance-et-ses-stars-font-le-show-au-lycee-jean-paul-sartre\/#primaryimage\"},\"image\":{\"@id\":\"https:\/\/lyonbondyblog.fr\/LBB\/le-breakdance-et-ses-stars-font-le-show-au-lycee-jean-paul-sartre\/#primaryimage\"},\"thumbnailUrl\":\"https:\/\/lyonbondyblog.fr\/LBB\/wp-content\/uploads\/2023\/04\/WhatsApp-Image-2023-04-07-at-11.24.46.jpeg\",\"datePublished\":\"2023-04-07T10:10:53+00:00\",\"dateModified\":\"2023-04-07T10:10:55+00:00\",\"description\":\"Pour la semaine olympique et paralympique, le lyc\u00e9e Jean-Paul Sartre, a re\u00e7u deux breakdancers internationaux, Jacob Lyons et Sunny Choi.\",\"inLanguage\":\"fr-FR\",\"potentialAction\":[{\"@type\":\"ReadAction\",\"target\":[\"https:\/\/lyonbondyblog.fr\/LBB\/le-breakdance-et-ses-stars-font-le-show-au-lycee-jean-paul-sartre\/\"]}]},{\"@type\":\"ImageObject\",\"inLanguage\":\"fr-FR\",\"@id\":\"https:\/\/lyonbondyblog.fr\/LBB\/le-breakdance-et-ses-stars-font-le-show-au-lycee-jean-paul-sartre\/#primaryimage\",\"url\":\"https:\/\/lyonbondyblog.fr\/LBB\/wp-content\/uploads\/2023\/04\/WhatsApp-Image-2023-04-07-at-11.24.46.jpeg\",\"contentUrl\":\"https:\/\/lyonbondyblog.fr\/LBB\/wp-content\/uploads\/2023\/04\/WhatsApp-Image-2023-04-07-at-11.24.46.jpeg\",\"width\":1600,\"height\":1200,\"caption\":\"Les \u00e9l\u00e8ves s'initient au breakdance au lyc\u00e9e Jean-Paul Sartre\"},{\"@type\":\"WebSite\",\"@id\":\"https:\/\/lyonbondyblog.fr\/LBB\/#website\",\"url\":\"https:\/\/lyonbondyblog.fr\/LBB\/\",\"name\":\"Lyon Bondy Blog\",\"description\":\"\",\"publisher\":{\"@id\":\"https:\/\/lyonbondyblog.fr\/LBB\/#organization\"},\"potentialAction\":[{\"@type\":\"SearchAction\",\"target\":{\"@type\":\"EntryPoint\",\"urlTemplate\":\"https:\/\/lyonbondyblog.fr\/LBB\/?s={search_term_string}\"},\"query-input\":\"required name=search_term_string\"}],\"inLanguage\":\"fr-FR\"},{\"@type\":\"Organization\",\"@id\":\"https:\/\/lyonbondyblog.fr\/LBB\/#organization\",\"name\":\"LYON BONDY BLOG\",\"url\":\"https:\/\/lyonbondyblog.fr\/LBB\/\",\"logo\":{\"@type\":\"ImageObject\",\"inLanguage\":\"fr-FR\",\"@id\":\"https:\/\/lyonbondyblog.fr\/LBB\/#\/schema\/logo\/image\/\",\"url\":\"http:\/\/lyonbondyblog.fr\/LBB\/wp-content\/uploads\/2014\/10\/logo-portable-144.png\",\"contentUrl\":\"http:\/\/lyonbondyblog.fr\/LBB\/wp-content\/uploads\/2014\/10\/logo-portable-144.png\",\"width\":144,\"height\":123,\"caption\":\"LYON BONDY BLOG\"},\"image\":{\"@id\":\"https:\/\/lyonbondyblog.fr\/LBB\/#\/schema\/logo\/image\/\"},\"sameAs\":[\"https:\/\/www.facebook.com\/lyonbondyblog\",\"https:\/\/x.com\/bondybloglyon\"]},{\"@type\":\"Person\",\"@id\":\"https:\/\/lyonbondyblog.fr\/LBB\/#\/schema\/person\/feca18153703ca5d4be1a3072ea26682\",\"name\":\"Tristan Ozouf\",\"url\":\"https:\/\/lyonbondyblog.fr\/LBB\/author\/tristano\/\"}]}<\/script>\n<!-- \/ Yoast SEO plugin. -->","yoast_head_json":{"title":"Le breakdance et ses stars font le show au lyc\u00e9e Jean-Paul Sartre","description":"Pour la semaine olympique et paralympique, le lyc\u00e9e Jean-Paul Sartre, a re\u00e7u deux breakdancers internationaux, Jacob Lyons et Sunny Choi.","robots":{"index":"index","follow":"follow","max-snippet":"max-snippet:-1","max-image-preview":"max-image-preview:large","max-video-preview":"max-video-preview:-1"},"canonical":"https:\/\/lyonbondyblog.fr\/LBB\/le-breakdance-et-ses-stars-font-le-show-au-lycee-jean-paul-sartre\/","og_locale":"fr_FR","og_type":"article","og_title":"Le breakdance et ses stars font le show au lyc\u00e9e Jean-Paul Sartre","og_description":"Pour la semaine olympique et paralympique, le lyc\u00e9e Jean-Paul Sartre, a re\u00e7u deux breakdancers internationaux, Jacob Lyons et Sunny Choi.","og_url":"https:\/\/lyonbondyblog.fr\/LBB\/le-breakdance-et-ses-stars-font-le-show-au-lycee-jean-paul-sartre\/","og_site_name":"Lyon Bondy Blog","article_publisher":"https:\/\/www.facebook.com\/lyonbondyblog","article_published_time":"2023-04-07T10:10:53+00:00","article_modified_time":"2023-04-07T10:10:55+00:00","og_image":[{"width":1600,"height":1200,"url":"https:\/\/lyonbondyblog.fr\/LBB\/wp-content\/uploads\/2023\/04\/WhatsApp-Image-2023-04-07-at-11.24.46.jpeg","type":"image\/jpeg"}],"author":"Tristan Ozouf","twitter_card":"summary_large_image","twitter_creator":"@bondybloglyon","twitter_site":"@bondybloglyon","schema":{"@context":"https:\/\/schema.org","@graph":[{"@type":"Article","@id":"https:\/\/lyonbondyblog.fr\/LBB\/le-breakdance-et-ses-stars-font-le-show-au-lycee-jean-paul-sartre\/#article","isPartOf":{"@id":"https:\/\/lyonbondyblog.fr\/LBB\/le-breakdance-et-ses-stars-font-le-show-au-lycee-jean-paul-sartre\/"},"author":{"name":"Tristan Ozouf","@id":"https:\/\/lyonbondyblog.fr\/LBB\/#\/schema\/person\/feca18153703ca5d4be1a3072ea26682"},"headline":"Le lyc\u00e9e Jean-Paul Sartre accueille des breakdancers internationaux pour la semaine olympique et paralympique\u00a0","datePublished":"2023-04-07T10:10:53+00:00","dateModified":"2023-04-07T10:10:55+00:00","mainEntityOfPage":{"@id":"https:\/\/lyonbondyblog.fr\/LBB\/le-breakdance-et-ses-stars-font-le-show-au-lycee-jean-paul-sartre\/"},"wordCount":707,"commentCount":0,"publisher":{"@id":"https:\/\/lyonbondyblog.fr\/LBB\/#organization"},"image":{"@id":"https:\/\/lyonbondyblog.fr\/LBB\/le-breakdance-et-ses-stars-font-le-show-au-lycee-jean-paul-sartre\/#primaryimage"},"thumbnailUrl":"https:\/\/lyonbondyblog.fr\/LBB\/wp-content\/uploads\/2023\/04\/WhatsApp-Image-2023-04-07-at-11.24.46.jpeg","keywords":["breakdance","Bron","jeunesse","sport"],"articleSection":["Bron","Danse","Education","Ev\u00e9nement","Jeunesse","Lyon","Sport"],"inLanguage":"fr-FR","potentialAction":[{"@type":"CommentAction","name":"Comment","target":["https:\/\/lyonbondyblog.fr\/LBB\/le-breakdance-et-ses-stars-font-le-show-au-lycee-jean-paul-sartre\/#respond"]}]},{"@type":"WebPage","@id":"https:\/\/lyonbondyblog.fr\/LBB\/le-breakdance-et-ses-stars-font-le-show-au-lycee-jean-paul-sartre\/","url":"https:\/\/lyonbondyblog.fr\/LBB\/le-breakdance-et-ses-stars-font-le-show-au-lycee-jean-paul-sartre\/","name":"Le breakdance et ses stars font le show au lyc\u00e9e Jean-Paul Sartre","isPartOf":{"@id":"https:\/\/lyonbondyblog.fr\/LBB\/#website"},"primaryImageOfPage":{"@id":"https:\/\/lyonbondyblog.fr\/LBB\/le-breakdance-et-ses-stars-font-le-show-au-lycee-jean-paul-sartre\/#primaryimage"},"image":{"@id":"https:\/\/lyonbondyblog.fr\/LBB\/le-breakdance-et-ses-stars-font-le-show-au-lycee-jean-paul-sartre\/#primaryimage"},"thumbnailUrl":"https:\/\/lyonbondyblog.fr\/LBB\/wp-content\/uploads\/2023\/04\/WhatsApp-Image-2023-04-07-at-11.24.46.jpeg","datePublished":"2023-04-07T10:10:53+00:00","dateModified":"2023-04-07T10:10:55+00:00","description":"Pour la semaine olympique et paralympique, le lyc\u00e9e Jean-Paul Sartre, a re\u00e7u deux breakdancers internationaux, Jacob Lyons et Sunny Choi.","inLanguage":"fr-FR","potentialAction":[{"@type":"ReadAction","target":["https:\/\/lyonbondyblog.fr\/LBB\/le-breakdance-et-ses-stars-font-le-show-au-lycee-jean-paul-sartre\/"]}]},{"@type":"ImageObject","inLanguage":"fr-FR","@id":"https:\/\/lyonbondyblog.fr\/LBB\/le-breakdance-et-ses-stars-font-le-show-au-lycee-jean-paul-sartre\/#primaryimage","url":"https:\/\/lyonbondyblog.fr\/LBB\/wp-content\/uploads\/2023\/04\/WhatsApp-Image-2023-04-07-at-11.24.46.jpeg","contentUrl":"https:\/\/lyonbondyblog.fr\/LBB\/wp-content\/uploads\/2023\/04\/WhatsApp-Image-2023-04-07-at-11.24.46.jpeg","width":1600,"height":1200,"caption":"Les \u00e9l\u00e8ves s'initient au breakdance au lyc\u00e9e Jean-Paul Sartre"},{"@type":"WebSite","@id":"https:\/\/lyonbondyblog.fr\/LBB\/#website","url":"https:\/\/lyonbondyblog.fr\/LBB\/","name":"Lyon Bondy Blog","description":"","publisher":{"@id":"https:\/\/lyonbondyblog.fr\/LBB\/#organization"},"potentialAction":[{"@type":"SearchAction","target":{"@type":"EntryPoint","urlTemplate":"https:\/\/lyonbondyblog.fr\/LBB\/?s={search_term_string}"},"query-input":"required name=search_term_string"}],"inLanguage":"fr-FR"},{"@type":"Organization","@id":"https:\/\/lyonbondyblog.fr\/LBB\/#organization","name":"LYON BONDY BLOG","url":"https:\/\/lyonbondyblog.fr\/LBB\/","logo":{"@type":"ImageObject","inLanguage":"fr-FR","@id":"https:\/\/lyonbondyblog.fr\/LBB\/#\/schema\/logo\/image\/","url":"http:\/\/lyonbondyblog.fr\/LBB\/wp-content\/uploads\/2014\/10\/logo-portable-144.png","contentUrl":"http:\/\/lyonbondyblog.fr\/LBB\/wp-content\/uploads\/2014\/10\/logo-portable-144.png","width":144,"height":123,"caption":"LYON BONDY BLOG"},"image":{"@id":"https:\/\/lyonbondyblog.fr\/LBB\/#\/schema\/logo\/image\/"},"sameAs":["https:\/\/www.facebook.com\/lyonbondyblog","https:\/\/x.com\/bondybloglyon"]},{"@type":"Person","@id":"https:\/\/lyonbondyblog.fr\/LBB\/#\/schema\/person\/feca18153703ca5d4be1a3072ea26682","name":"Tristan Ozouf","url":"https:\/\/lyonbondyblog.fr\/LBB\/author\/tristano\/"}]}},"_links":{"self":[{"href":"https:\/\/lyonbondyblog.fr\/LBB\/wp-json\/wp\/v2\/posts\/32181","targetHints":{"allow":["GET"]}}],"collection":[{"href":"https:\/\/lyonbondyblog.fr\/LBB\/wp-json\/wp\/v2\/posts"}],"about":[{"href":"https:\/\/lyonbondyblog.fr\/LBB\/wp-json\/wp\/v2\/types\/post"}],"author":[{"embeddable":true,"href":"https:\/\/lyonbondyblog.fr\/LBB\/wp-json\/wp\/v2\/users\/31874"}],"replies":[{"embeddable":true,"href":"https:\/\/lyonbondyblog.fr\/LBB\/wp-json\/wp\/v2\/comments?post=32181"}],"version-history":[{"count":4,"href":"https:\/\/lyonbondyblog.fr\/LBB\/wp-json\/wp\/v2\/posts\/32181\/revisions"}],"predecessor-version":[{"id":32197,"href":"https:\/\/lyonbondyblog.fr\/LBB\/wp-json\/wp\/v2\/posts\/32181\/revisions\/32197"}],"wp:featuredmedia":[{"embeddable":true,"href":"https:\/\/lyonbondyblog.fr\/LBB\/wp-json\/wp\/v2\/media\/32184"}],"wp:attachment":[{"href":"https:\/\/lyonbondyblog.fr\/LBB\/wp-json\/wp\/v2\/media?parent=32181"}],"wp:term":[{"taxonomy":"category","embeddable":true,"href":"https:\/\/lyonbondyblog.fr\/LBB\/wp-json\/wp\/v2\/categories?post=32181"},{"taxonomy":"post_tag","embeddable":true,"href":"https:\/\/lyonbondyblog.fr\/LBB\/wp-json\/wp\/v2\/tags?post=32181"}],"curies":[{"name":"wp","href":"https:\/\/api.w.org\/{rel}","templated":true}]}}