{"id":3216,"date":"2009-12-01T12:00:41","date_gmt":"2009-12-01T11:00:41","guid":{"rendered":"http:\/\/lyonbondyblog.fr\/LBB\/?p=3216"},"modified":"2013-08-02T12:04:15","modified_gmt":"2013-08-02T10:04:15","slug":"revoltes-populaires-dalger-en-direct-sur-facebook","status":"publish","type":"post","link":"https:\/\/lyonbondyblog.fr\/LBB\/revoltes-populaires-dalger-en-direct-sur-facebook\/","title":{"rendered":"R\u00e9voltes populaires d&rsquo;Alger en direct sur Facebook"},"content":{"rendered":"<p><strong>CHRONIQUE DU BLED &#8211; Facebook, mails, internet, t\u00e9l\u00e9phone, textos&#8230; tous ces moyens nous permettent d&rsquo;avoir des nouvelles du bled, soit de l&rsquo;autre c\u00f4t\u00e9 de la m\u00e9diterrann\u00e9e.Chronique n\u00b01: comment Rafika a pris connaissance des r\u00e9voltes populaires dans la banlieue est d&rsquo;Alger d&rsquo;octobre dernier.<\/strong><\/p>\n<div>\u00a0<a href=\"https:\/\/lyonbondyblog.fr\/LBB\/wp-content\/uploads\/2013\/08\/facebook-mini.jpg\"><img loading=\"lazy\" decoding=\"async\" class=\"size-full wp-image-3222 alignleft\" alt=\"facebook mini\" src=\"https:\/\/lyonbondyblog.fr\/LBB\/wp-content\/uploads\/2013\/08\/facebook-mini.jpg\" width=\"100\" height=\"66\" \/><\/a>Octobre 2009, comme tous les soirs je vais sur\u00a0 facebook, histoire d\u2019\u00eatre au courant des derni\u00e8res nouvelles.\u00a0 Entre les clips de rap, r\u2019n\u2019b et de ra\u00ef, les albums photo du bled qui datent de cet \u00e9t\u00e9 rappellent que l\u2019hiver est d\u00e9j\u00e0 l\u00e0. \u00a0Les mots \u201c\u00e9meutes \u00e0 Diar Echemss\u201d attirent\u00a0de suite\u00a0mon attention.<\/div>\n<p>En cliquant sur le lien je suis redirig\u00e9e sur You tube.\u00a0Je d\u00e9couvre alors la r\u00e9volte populaire en\u00a0banlieue Est d\u2019Alger, dans un quartier, Diar Echems, qui signifie\u00a0en arabe la \u00ab\u00a0maison du soleil\u00a0\u00bb (ironiquement, j\u2019ai envie de dire\u2026). Car\u00a0 la vie de ses habitants n\u2019a rien d\u2019ensoleill\u00e9. Sur une vid\u00e9o d&rsquo;amateur, on voit des jeunes et des policiers qui s\u2019affrontent violemment \u00e0 coup de cocktails molotov et de gaz lacrymog\u00e8ne.<\/p>\n<p>Je ne sais toujours pas pourquoi les habitants se r\u00e9voltent. Je me dis qu\u2019Al Jazeera pourra s\u00fbrement m\u2019en dire plus. Comme souvent sur cette cha\u00eene les images sont chocs, et si r\u00e9elles, on a l\u2019impression\u00a0d&rsquo;une v\u00e9ritable\u00a0 guerre civile! Bizzare, je n\u2019en avais pas entendu parler aux infos. Ces vid\u00e9os ont \u00e9t\u00e9 mises en ligne depuis peu de temps et il y a d\u00e9j\u00e0 des milliers de visites.<\/p>\n<p>Sur l\u2019extrait d\u2019un JT francophone, j\u2019apprends les raisons de la col\u00e8re des habitants de Diar Echemss. Leur quartier est en fait un bidonville, les gens se sont install\u00e9s et r\u00e9ussissent \u00e0 survivre dans un endroit o\u00f9 il n\u2019y avait rien au d\u00e9part. Un homme raconte qu\u2019il vit avec sa femme et ses deux enfants tous dans l\u2019unique pi\u00e8ce du logement.<\/p>\n<p>Depuis des ann\u00e9es, cette famille comme toutes celles du quartier multiplient les demandes de relogement. Apr\u00e8s des ann\u00e9es d\u2019indiff\u00e9rence, les autorit\u00e9s ont finalement d\u00e9cid\u00e9 de r\u00e9agir. Des logements neuf ont \u00e9t\u00e9 construits, destin\u00e9s \u00e0 accueillir les habitants de Diar Echemss. Mais au bled, tout le monde sait, \u00e7a ne se passe pas toujours comme pr\u00e9vu\u00a0: des \u00e9lus locaux ont pr\u00e9f\u00e9r\u00e9 installer leurs ma\u00eetresses et autres prostitu\u00e9es du coin, ce qui n\u2019a pas manqu\u00e9 de d\u00e9clencher des explosions de col\u00e8re des laisser pour compte de Diar Echemss. Mais c\u2019est l\u2019expulsion de plusieurs familles qui a \u00e9t\u00e9 l\u2019\u00e9tincelle. On d\u00e9nombre une cinquantaine de bless\u00e9s en ce jour de r\u00e9volte.<\/p>\n<p>Le message est clair\u00a0:\u00a0le ch\u00f4mage, la corruption et la pauvret\u00e9\u00a0 poussent une partie de la jeunesse alg\u00e9rienne \u00e0 s\u2019insurger contre les autorit\u00e9s. Quelque temps auparavant, un couvre-feu avait \u00e9t\u00e9 d\u00e9cr\u00e9t\u00e9 \u00e0 Bab El Oued, autre quartier populaire d\u2019Alger.<\/p>\n<p>&nbsp;<\/p>\n<p><span style=\"text-decoration: underline;\">Auteur : Rafika Bendermel<\/span><\/p>\n<!-- AddThis Advanced Settings generic via filter on the_content --><!-- AddThis Share Buttons generic via filter on the_content -->","protected":false},"excerpt":{"rendered":"<p>CHRONIQUE DU BLED &#8211; Facebook, mails, internet, t\u00e9l\u00e9phone, textos&#8230; tous ces moyens nous permettent d&rsquo;avoir des nouvelles du bled, soit de l&rsquo;autre c\u00f4t\u00e9 de la &hellip; <!-- AddThis Advanced Settings generic via filter on wp_trim_excerpt --><!-- AddThis Share Buttons generic via filter on wp_trim_excerpt --><\/p>\n","protected":false},"author":1,"featured_media":3222,"comment_status":"open","ping_status":"open","sticky":false,"template":"","format":"standard","meta":{"_FSMCFIC_featured_image_caption":"","_FSMCFIC_featured_image_nocaption":"","_FSMCFIC_featured_image_hide":"","footnotes":""},"categories":[9],"tags":[754,755,135,112],"class_list":["post-3216","post","type-post","status-publish","format-standard","has-post-thumbnail","hentry","category-international","tag-alger","tag-algerie","tag-lbb","tag-lyon-bondy-blog"],"yoast_head":"<!-- This site is optimized with the Yoast SEO plugin v22.8 - https:\/\/yoast.com\/wordpress\/plugins\/seo\/ -->\n<title>R\u00e9voltes populaires d&#039;Alger en direct sur Facebook - Lyon Bondy Blog<\/title>\n<meta name=\"robots\" content=\"index, follow, max-snippet:-1, max-image-preview:large, max-video-preview:-1\" \/>\n<link rel=\"canonical\" href=\"https:\/\/lyonbondyblog.fr\/LBB\/revoltes-populaires-dalger-en-direct-sur-facebook\/\" \/>\n<meta property=\"og:locale\" content=\"fr_FR\" \/>\n<meta property=\"og:type\" content=\"article\" \/>\n<meta property=\"og:title\" content=\"R\u00e9voltes populaires d&#039;Alger en direct sur Facebook - Lyon Bondy Blog\" \/>\n<meta property=\"og:description\" content=\"CHRONIQUE DU BLED &#8211; Facebook, mails, internet, t\u00e9l\u00e9phone, textos&#8230; tous ces moyens nous permettent d&rsquo;avoir des nouvelles du bled, soit de l&rsquo;autre c\u00f4t\u00e9 de la &hellip;\" \/>\n<meta property=\"og:url\" content=\"https:\/\/lyonbondyblog.fr\/LBB\/revoltes-populaires-dalger-en-direct-sur-facebook\/\" \/>\n<meta property=\"og:site_name\" content=\"Lyon Bondy Blog\" \/>\n<meta property=\"article:publisher\" content=\"https:\/\/www.facebook.com\/lyonbondyblog\" \/>\n<meta property=\"article:author\" content=\"https:\/\/www.facebook.com\/lyonbondyblog\" \/>\n<meta property=\"article:published_time\" content=\"2009-12-01T11:00:41+00:00\" \/>\n<meta property=\"article:modified_time\" content=\"2013-08-02T10:04:15+00:00\" \/>\n<meta property=\"og:image\" content=\"https:\/\/lyonbondyblog.fr\/LBB\/wp-content\/uploads\/2013\/08\/facebook-mini.jpg\" \/>\n\t<meta property=\"og:image:width\" content=\"100\" \/>\n\t<meta property=\"og:image:height\" content=\"66\" \/>\n\t<meta property=\"og:image:type\" content=\"image\/jpeg\" \/>\n<meta name=\"author\" content=\"La r\u00e9daction\" \/>\n<meta name=\"twitter:card\" content=\"summary_large_image\" \/>\n<meta name=\"twitter:creator\" content=\"@BondyBlogLyon\" \/>\n<meta name=\"twitter:site\" content=\"@bondybloglyon\" \/>\n<script type=\"application\/ld+json\" class=\"yoast-schema-graph\">{\"@context\":\"https:\/\/schema.org\",\"@graph\":[{\"@type\":\"Article\",\"@id\":\"https:\/\/lyonbondyblog.fr\/LBB\/revoltes-populaires-dalger-en-direct-sur-facebook\/#article\",\"isPartOf\":{\"@id\":\"https:\/\/lyonbondyblog.fr\/LBB\/revoltes-populaires-dalger-en-direct-sur-facebook\/\"},\"author\":{\"name\":\"La r\u00e9daction\",\"@id\":\"https:\/\/lyonbondyblog.fr\/LBB\/#\/schema\/person\/e45f8d27baac75072daa0be50c409b25\"},\"headline\":\"R\u00e9voltes populaires d&rsquo;Alger en direct sur Facebook\",\"datePublished\":\"2009-12-01T11:00:41+00:00\",\"dateModified\":\"2013-08-02T10:04:15+00:00\",\"mainEntityOfPage\":{\"@id\":\"https:\/\/lyonbondyblog.fr\/LBB\/revoltes-populaires-dalger-en-direct-sur-facebook\/\"},\"wordCount\":520,\"commentCount\":0,\"publisher\":{\"@id\":\"https:\/\/lyonbondyblog.fr\/LBB\/#organization\"},\"image\":{\"@id\":\"https:\/\/lyonbondyblog.fr\/LBB\/revoltes-populaires-dalger-en-direct-sur-facebook\/#primaryimage\"},\"thumbnailUrl\":\"https:\/\/lyonbondyblog.fr\/LBB\/wp-content\/uploads\/2013\/08\/facebook-mini.jpg\",\"keywords\":[\"alger\",\"algerie\",\"LBB\",\"Lyon Bondy Blog\"],\"articleSection\":[\"International\"],\"inLanguage\":\"fr-FR\",\"potentialAction\":[{\"@type\":\"CommentAction\",\"name\":\"Comment\",\"target\":[\"https:\/\/lyonbondyblog.fr\/LBB\/revoltes-populaires-dalger-en-direct-sur-facebook\/#respond\"]}]},{\"@type\":\"WebPage\",\"@id\":\"https:\/\/lyonbondyblog.fr\/LBB\/revoltes-populaires-dalger-en-direct-sur-facebook\/\",\"url\":\"https:\/\/lyonbondyblog.fr\/LBB\/revoltes-populaires-dalger-en-direct-sur-facebook\/\",\"name\":\"R\u00e9voltes populaires d'Alger en direct sur Facebook - Lyon Bondy Blog\",\"isPartOf\":{\"@id\":\"https:\/\/lyonbondyblog.fr\/LBB\/#website\"},\"primaryImageOfPage\":{\"@id\":\"https:\/\/lyonbondyblog.fr\/LBB\/revoltes-populaires-dalger-en-direct-sur-facebook\/#primaryimage\"},\"image\":{\"@id\":\"https:\/\/lyonbondyblog.fr\/LBB\/revoltes-populaires-dalger-en-direct-sur-facebook\/#primaryimage\"},\"thumbnailUrl\":\"https:\/\/lyonbondyblog.fr\/LBB\/wp-content\/uploads\/2013\/08\/facebook-mini.jpg\",\"datePublished\":\"2009-12-01T11:00:41+00:00\",\"dateModified\":\"2013-08-02T10:04:15+00:00\",\"inLanguage\":\"fr-FR\",\"potentialAction\":[{\"@type\":\"ReadAction\",\"target\":[\"https:\/\/lyonbondyblog.fr\/LBB\/revoltes-populaires-dalger-en-direct-sur-facebook\/\"]}]},{\"@type\":\"ImageObject\",\"inLanguage\":\"fr-FR\",\"@id\":\"https:\/\/lyonbondyblog.fr\/LBB\/revoltes-populaires-dalger-en-direct-sur-facebook\/#primaryimage\",\"url\":\"https:\/\/lyonbondyblog.fr\/LBB\/wp-content\/uploads\/2013\/08\/facebook-mini.jpg\",\"contentUrl\":\"https:\/\/lyonbondyblog.fr\/LBB\/wp-content\/uploads\/2013\/08\/facebook-mini.jpg\",\"width\":100,\"height\":66},{\"@type\":\"WebSite\",\"@id\":\"https:\/\/lyonbondyblog.fr\/LBB\/#website\",\"url\":\"https:\/\/lyonbondyblog.fr\/LBB\/\",\"name\":\"Lyon Bondy Blog\",\"description\":\"\",\"publisher\":{\"@id\":\"https:\/\/lyonbondyblog.fr\/LBB\/#organization\"},\"potentialAction\":[{\"@type\":\"SearchAction\",\"target\":{\"@type\":\"EntryPoint\",\"urlTemplate\":\"https:\/\/lyonbondyblog.fr\/LBB\/?s={search_term_string}\"},\"query-input\":\"required name=search_term_string\"}],\"inLanguage\":\"fr-FR\"},{\"@type\":\"Organization\",\"@id\":\"https:\/\/lyonbondyblog.fr\/LBB\/#organization\",\"name\":\"LYON BONDY BLOG\",\"url\":\"https:\/\/lyonbondyblog.fr\/LBB\/\",\"logo\":{\"@type\":\"ImageObject\",\"inLanguage\":\"fr-FR\",\"@id\":\"https:\/\/lyonbondyblog.fr\/LBB\/#\/schema\/logo\/image\/\",\"url\":\"http:\/\/lyonbondyblog.fr\/LBB\/wp-content\/uploads\/2014\/10\/logo-portable-144.png\",\"contentUrl\":\"http:\/\/lyonbondyblog.fr\/LBB\/wp-content\/uploads\/2014\/10\/logo-portable-144.png\",\"width\":144,\"height\":123,\"caption\":\"LYON BONDY BLOG\"},\"image\":{\"@id\":\"https:\/\/lyonbondyblog.fr\/LBB\/#\/schema\/logo\/image\/\"},\"sameAs\":[\"https:\/\/www.facebook.com\/lyonbondyblog\",\"https:\/\/x.com\/bondybloglyon\"]},{\"@type\":\"Person\",\"@id\":\"https:\/\/lyonbondyblog.fr\/LBB\/#\/schema\/person\/e45f8d27baac75072daa0be50c409b25\",\"name\":\"La r\u00e9daction\",\"description\":\"Cr\u00e9e en 2008, la r\u00e9daction du Lyon Bondy Blog s'applique \u00e0 proposer une information locale diff\u00e9rente et compl\u00e9mentaire des m\u00e9dias traditionnels.\",\"sameAs\":[\"https:\/\/www.facebook.com\/lyonbondyblog\",\"https:\/\/x.com\/BondyBlogLyon\"],\"url\":\"https:\/\/lyonbondyblog.fr\/LBB\/author\/admin\/\"}]}<\/script>\n<!-- \/ Yoast SEO plugin. -->","yoast_head_json":{"title":"R\u00e9voltes populaires d'Alger en direct sur Facebook - Lyon Bondy Blog","robots":{"index":"index","follow":"follow","max-snippet":"max-snippet:-1","max-image-preview":"max-image-preview:large","max-video-preview":"max-video-preview:-1"},"canonical":"https:\/\/lyonbondyblog.fr\/LBB\/revoltes-populaires-dalger-en-direct-sur-facebook\/","og_locale":"fr_FR","og_type":"article","og_title":"R\u00e9voltes populaires d'Alger en direct sur Facebook - Lyon Bondy Blog","og_description":"CHRONIQUE DU BLED &#8211; Facebook, mails, internet, t\u00e9l\u00e9phone, textos&#8230; tous ces moyens nous permettent d&rsquo;avoir des nouvelles du bled, soit de l&rsquo;autre c\u00f4t\u00e9 de la &hellip;","og_url":"https:\/\/lyonbondyblog.fr\/LBB\/revoltes-populaires-dalger-en-direct-sur-facebook\/","og_site_name":"Lyon Bondy Blog","article_publisher":"https:\/\/www.facebook.com\/lyonbondyblog","article_author":"https:\/\/www.facebook.com\/lyonbondyblog","article_published_time":"2009-12-01T11:00:41+00:00","article_modified_time":"2013-08-02T10:04:15+00:00","og_image":[{"width":100,"height":66,"url":"https:\/\/lyonbondyblog.fr\/LBB\/wp-content\/uploads\/2013\/08\/facebook-mini.jpg","type":"image\/jpeg"}],"author":"La r\u00e9daction","twitter_card":"summary_large_image","twitter_creator":"@BondyBlogLyon","twitter_site":"@bondybloglyon","schema":{"@context":"https:\/\/schema.org","@graph":[{"@type":"Article","@id":"https:\/\/lyonbondyblog.fr\/LBB\/revoltes-populaires-dalger-en-direct-sur-facebook\/#article","isPartOf":{"@id":"https:\/\/lyonbondyblog.fr\/LBB\/revoltes-populaires-dalger-en-direct-sur-facebook\/"},"author":{"name":"La r\u00e9daction","@id":"https:\/\/lyonbondyblog.fr\/LBB\/#\/schema\/person\/e45f8d27baac75072daa0be50c409b25"},"headline":"R\u00e9voltes populaires d&rsquo;Alger en direct sur Facebook","datePublished":"2009-12-01T11:00:41+00:00","dateModified":"2013-08-02T10:04:15+00:00","mainEntityOfPage":{"@id":"https:\/\/lyonbondyblog.fr\/LBB\/revoltes-populaires-dalger-en-direct-sur-facebook\/"},"wordCount":520,"commentCount":0,"publisher":{"@id":"https:\/\/lyonbondyblog.fr\/LBB\/#organization"},"image":{"@id":"https:\/\/lyonbondyblog.fr\/LBB\/revoltes-populaires-dalger-en-direct-sur-facebook\/#primaryimage"},"thumbnailUrl":"https:\/\/lyonbondyblog.fr\/LBB\/wp-content\/uploads\/2013\/08\/facebook-mini.jpg","keywords":["alger","algerie","LBB","Lyon Bondy Blog"],"articleSection":["International"],"inLanguage":"fr-FR","potentialAction":[{"@type":"CommentAction","name":"Comment","target":["https:\/\/lyonbondyblog.fr\/LBB\/revoltes-populaires-dalger-en-direct-sur-facebook\/#respond"]}]},{"@type":"WebPage","@id":"https:\/\/lyonbondyblog.fr\/LBB\/revoltes-populaires-dalger-en-direct-sur-facebook\/","url":"https:\/\/lyonbondyblog.fr\/LBB\/revoltes-populaires-dalger-en-direct-sur-facebook\/","name":"R\u00e9voltes populaires d'Alger en direct sur Facebook - Lyon Bondy Blog","isPartOf":{"@id":"https:\/\/lyonbondyblog.fr\/LBB\/#website"},"primaryImageOfPage":{"@id":"https:\/\/lyonbondyblog.fr\/LBB\/revoltes-populaires-dalger-en-direct-sur-facebook\/#primaryimage"},"image":{"@id":"https:\/\/lyonbondyblog.fr\/LBB\/revoltes-populaires-dalger-en-direct-sur-facebook\/#primaryimage"},"thumbnailUrl":"https:\/\/lyonbondyblog.fr\/LBB\/wp-content\/uploads\/2013\/08\/facebook-mini.jpg","datePublished":"2009-12-01T11:00:41+00:00","dateModified":"2013-08-02T10:04:15+00:00","inLanguage":"fr-FR","potentialAction":[{"@type":"ReadAction","target":["https:\/\/lyonbondyblog.fr\/LBB\/revoltes-populaires-dalger-en-direct-sur-facebook\/"]}]},{"@type":"ImageObject","inLanguage":"fr-FR","@id":"https:\/\/lyonbondyblog.fr\/LBB\/revoltes-populaires-dalger-en-direct-sur-facebook\/#primaryimage","url":"https:\/\/lyonbondyblog.fr\/LBB\/wp-content\/uploads\/2013\/08\/facebook-mini.jpg","contentUrl":"https:\/\/lyonbondyblog.fr\/LBB\/wp-content\/uploads\/2013\/08\/facebook-mini.jpg","width":100,"height":66},{"@type":"WebSite","@id":"https:\/\/lyonbondyblog.fr\/LBB\/#website","url":"https:\/\/lyonbondyblog.fr\/LBB\/","name":"Lyon Bondy Blog","description":"","publisher":{"@id":"https:\/\/lyonbondyblog.fr\/LBB\/#organization"},"potentialAction":[{"@type":"SearchAction","target":{"@type":"EntryPoint","urlTemplate":"https:\/\/lyonbondyblog.fr\/LBB\/?s={search_term_string}"},"query-input":"required name=search_term_string"}],"inLanguage":"fr-FR"},{"@type":"Organization","@id":"https:\/\/lyonbondyblog.fr\/LBB\/#organization","name":"LYON BONDY BLOG","url":"https:\/\/lyonbondyblog.fr\/LBB\/","logo":{"@type":"ImageObject","inLanguage":"fr-FR","@id":"https:\/\/lyonbondyblog.fr\/LBB\/#\/schema\/logo\/image\/","url":"http:\/\/lyonbondyblog.fr\/LBB\/wp-content\/uploads\/2014\/10\/logo-portable-144.png","contentUrl":"http:\/\/lyonbondyblog.fr\/LBB\/wp-content\/uploads\/2014\/10\/logo-portable-144.png","width":144,"height":123,"caption":"LYON BONDY BLOG"},"image":{"@id":"https:\/\/lyonbondyblog.fr\/LBB\/#\/schema\/logo\/image\/"},"sameAs":["https:\/\/www.facebook.com\/lyonbondyblog","https:\/\/x.com\/bondybloglyon"]},{"@type":"Person","@id":"https:\/\/lyonbondyblog.fr\/LBB\/#\/schema\/person\/e45f8d27baac75072daa0be50c409b25","name":"La r\u00e9daction","description":"Cr\u00e9e en 2008, la r\u00e9daction du Lyon Bondy Blog s'applique \u00e0 proposer une information locale diff\u00e9rente et compl\u00e9mentaire des m\u00e9dias traditionnels.","sameAs":["https:\/\/www.facebook.com\/lyonbondyblog","https:\/\/x.com\/BondyBlogLyon"],"url":"https:\/\/lyonbondyblog.fr\/LBB\/author\/admin\/"}]}},"_links":{"self":[{"href":"https:\/\/lyonbondyblog.fr\/LBB\/wp-json\/wp\/v2\/posts\/3216","targetHints":{"allow":["GET"]}}],"collection":[{"href":"https:\/\/lyonbondyblog.fr\/LBB\/wp-json\/wp\/v2\/posts"}],"about":[{"href":"https:\/\/lyonbondyblog.fr\/LBB\/wp-json\/wp\/v2\/types\/post"}],"author":[{"embeddable":true,"href":"https:\/\/lyonbondyblog.fr\/LBB\/wp-json\/wp\/v2\/users\/1"}],"replies":[{"embeddable":true,"href":"https:\/\/lyonbondyblog.fr\/LBB\/wp-json\/wp\/v2\/comments?post=3216"}],"version-history":[{"count":0,"href":"https:\/\/lyonbondyblog.fr\/LBB\/wp-json\/wp\/v2\/posts\/3216\/revisions"}],"wp:featuredmedia":[{"embeddable":true,"href":"https:\/\/lyonbondyblog.fr\/LBB\/wp-json\/wp\/v2\/media\/3222"}],"wp:attachment":[{"href":"https:\/\/lyonbondyblog.fr\/LBB\/wp-json\/wp\/v2\/media?parent=3216"}],"wp:term":[{"taxonomy":"category","embeddable":true,"href":"https:\/\/lyonbondyblog.fr\/LBB\/wp-json\/wp\/v2\/categories?post=3216"},{"taxonomy":"post_tag","embeddable":true,"href":"https:\/\/lyonbondyblog.fr\/LBB\/wp-json\/wp\/v2\/tags?post=3216"}],"curies":[{"name":"wp","href":"https:\/\/api.w.org\/{rel}","templated":true}]}}