{"id":32027,"date":"2023-03-13T12:13:37","date_gmt":"2023-03-13T11:13:37","guid":{"rendered":"http:\/\/lyonbondyblog.fr\/LBB\/?p=32027"},"modified":"2023-03-13T12:13:39","modified_gmt":"2023-03-13T11:13:39","slug":"ps-rhone-la-rose-se-fane-un-peu-plus","status":"publish","type":"post","link":"https:\/\/lyonbondyblog.fr\/LBB\/ps-rhone-la-rose-se-fane-un-peu-plus\/","title":{"rendered":"PS Rh\u00f4ne\u00a0: la rose se fane un peu plus."},"content":{"rendered":"\n<h2 class=\"wp-block-heading\">Le 2 mars Christiane Constant est r\u00e9\u00e9lue premi\u00e8re secr\u00e9taire f\u00e9d\u00e9rale du Rh\u00f4ne du PS avec 56% des voix et 12 points d\u2019avance sur son adversaire Murielle Laurent.\u00a0<\/h2>\n\n\n\n<p>Le m\u00eame soir, dans une conversation de groupe WhatsApp, Christiane Constant a laiss\u00e9 un message, qualifiant ses opposants de \u00ab\u00a0macaques\u00a0\u00bb. Samedi 4 mars, afin de calmer la temp\u00eate m\u00e9diatique qui s&rsquo;en est suivie, <a href=\"https:\/\/www.francetvinfo.fr\/politique\/ps\/parti-socialiste-olivier-faure-demet-une-dirigeante-de-la-federation-du-rhone-pour-un-propos-a-caractere-raciste_5692550.html\" target=\"_blank\" rel=\"noreferrer noopener\">les instances nationales du Parti Socialiste d\u00e9mettent de ses fonctions Christiane Constant tout juste r\u00e9\u00e9lue<\/a>.Depuis ce jour les deux camps s\u2019affrontent par presse interpos\u00e9e.<\/p>\n\n\n\n<p>Une guerre interne s\u2019est remise en place dans le Rh\u00f4ne, apr\u00e8s un scrutin national houleux et path\u00e9tique. Apr\u00e8s une \u00e9lection pr\u00e9sidentielle et l\u00e9gislative en 2022, qui conforte deux camps\u00a0: les pro-nupes et les anti-nupes. Ce combat a ressuscit\u00e9 de vieilles querelles en interne dont le parti ne s\u2019est pas d\u00e9barrass\u00e9 depuis 97.<\/p>\n\n\n\n<h3 class=\"wp-block-heading\">Christiane Constant d\u00e9voile sa version<\/h3>\n\n\n\n<figure class=\"wp-block-image size-large\"><img loading=\"lazy\" decoding=\"async\" width=\"1920\" height=\"1440\" src=\"https:\/\/lyonbondyblog.fr\/LBB\/wp-content\/uploads\/2023\/03\/IMG_1536-1920x1440.jpeg\" alt=\"\" class=\"wp-image-32028\" srcset=\"https:\/\/lyonbondyblog.fr\/LBB\/wp-content\/uploads\/2023\/03\/IMG_1536-1920x1440.jpeg 1920w, https:\/\/lyonbondyblog.fr\/LBB\/wp-content\/uploads\/2023\/03\/IMG_1536-1200x900.jpeg 1200w, https:\/\/lyonbondyblog.fr\/LBB\/wp-content\/uploads\/2023\/03\/IMG_1536-768x576.jpeg 768w, https:\/\/lyonbondyblog.fr\/LBB\/wp-content\/uploads\/2023\/03\/IMG_1536-1536x1152.jpeg 1536w, https:\/\/lyonbondyblog.fr\/LBB\/wp-content\/uploads\/2023\/03\/IMG_1536-2048x1536.jpeg 2048w\" sizes=\"auto, (max-width: 1920px) 100vw, 1920px\" \/><figcaption class=\"wp-element-caption\">Christiane Constant (debout) lors de sa conf\u00e9rence de presse \u00ab\u00a0Dup\u00e9e mais pas dupe\u00a0\u00bb mercredi 8 mars \u00e0 Lyon.<\/figcaption><\/figure>\n\n\n\n<p>Ce mercredi 8 mars, Christiane Constant profite de la journ\u00e9e du droit des femmes pour s\u2019adresser \u00e0 la presse. <em>\u00ab\u00a0Depuis mon adh\u00e9sion, il y a 40 ans au PS\u00a0, c\u2019est la premi\u00e8re fois qu\u2019on se comporte ainsi envers ma personne, c\u2019est une campagne honteuse\u00a0! J\u2019ai \u00e9galement subi un harc\u00e8lement moral pour que je d\u00e9missionne\u00a0\u00bb. \u00ab\u00a0La Jurisprudence c\u2019est pour moi\u00a0\u00bb.<\/em><\/p>\n\n\n\n<p>Jean-Paul Bret, ancien maire de Villeurbanne, r\u00e9torque <em>\u00ab Je ne dirais pas le contraire, mais je ne poserai pas le probl\u00e8me comme cela, je trouve simplement qu\u2019en utilisant cette journ\u00e9e et se poser en victime, ce n\u2019est pas une bonne solution.\u00a0\u00bb \u00ab\u00a0Il y a eu des premi\u00e8res secr\u00e9taires f\u00e9d\u00e9rales avant elle, des femmes, donc dire l\u00e0 encore que ce soit parce que c\u2019est une femme qu\u2019elle a \u00e9t\u00e9 en quelques sortes pers\u00e9cut\u00e9e, \u00e7a ne va pas.\u00a0\u00bb<\/em><\/p>\n\n\n\n<p>Christiane Constant a-t-elle bien pr\u00e9par\u00e9 sa d\u00e9fense en parlant de \u00e7a&nbsp;?<\/p>\n\n\n\n<p>Christiane Constant a \u00e9t\u00e9 \u00e9vasive sur sa d\u00e9fense, ce qui a permis \u00e0 ses opposants de balayer ses arguments d\u2019un revers de main.<\/p>\n\n\n\n<h3 class=\"wp-block-heading\">Conflit de personnes ou positionnements oppos\u00e9s\u00a0?<\/h3>\n\n\n\n<p>Derri\u00e8re cette pol\u00e9mique, se cache un d\u00e9saccord bien plus profond. Sur la place du PS au sein de la gauche et notamment son alliance avec LFI au sein de la NUPES ?\u00a0Cet accord Nupes, pendant les \u00e9lections de juin 2022, avait d\u00e9j\u00e0 caus\u00e9 plusieurs d\u00e9chirures au sein du parti \u00e0 la rose et avait raviv\u00e9 des querelles oubli\u00e9es. Le maire de Villeurbanne actuel, C\u00e9dric van Styvendael avait d\u00e9cid\u00e9 avec l\u2019accord du PS Rh\u00f4ne (Christiane Constant), pour ne pas \u00e9branler la majorit\u00e9 municipale avait fait le choix de soutenir et de mener la campagne pour que Gabriel Amard puisse remporter cette \u00e9lection.\u00a0Au grand dam de l&rsquo;ancien maire Jean-Paul Bret qui en paraphrasant, Michel Noir, nous d\u00e9clare \u00e0 propos de cet accord <a href=\"https:\/\/www.lemonde.fr\/series-d-ete-2018-long-format\/article\/2018\/08\/14\/michel-noir-lecons-d-echecs_5342229_5325928.html\" target=\"_blank\" rel=\"noreferrer noopener\">\u00ab\u00a0Mieux vaut savoir perdre une \u00e9lection que perdre son \u00e2me\u00a0\u00bb.<\/a> Rappelons qu&rsquo;\u00e0 l&rsquo;\u00e9poque Michel Noir parlait d&rsquo;un possible accord entre le RPR et le FN. Pas s\u00fbr que cette comparaison plaise beaucoup au d\u00e9put\u00e9 de la 6\u00e8me circonscription (LFI) Gabriel Amar.<\/p>\n\n\n\n<p>Apr\u00e8s les \u00e9lections pr\u00e9sidentielles de 2022, o\u00f9 Anne Hidalgo avait obtenu un pi\u00e8tre score, le PS pensait recoudre ses plaies et sauver la dignit\u00e9 du parti avec l\u2019accord de la Nupes.<\/p>\n\n\n\n<p>Malheureusement plusieurs voix s\u2019\u00e9taient \u00e9lev\u00e9es contre cet accord ce qui a r\u00e9veill\u00e9 des rivalit\u00e9s au sein du parti \u00e0 la rose.&nbsp;Au niveau local&nbsp;Christiane Constant aurait d\u00fb calmer, en tant que premi\u00e8re secr\u00e9taire f\u00e9d\u00e9rale toutes ces rivalit\u00e9s. Force est de constater qu&rsquo;elle n y a pas r\u00e9ussi .&nbsp;La question reste \u00e0 savoir si elle a le pouvoir&nbsp;et le charisme&nbsp;pour jouer le r\u00f4le de porte-parole au sein du PS Rh\u00f4ne.&nbsp;<\/p>\n\n\n\n<p>Dans ce combat entre ces deux visions sur l&rsquo;avenir du parti, un autre d\u00e9bat peut s\u2019ouvrir tant au niveau local que national&nbsp;sur la place des jeunes dans le PS, et la reprise politique de parti.<\/p>\n<!-- AddThis Advanced Settings generic via filter on the_content --><!-- AddThis Share Buttons generic via filter on the_content -->","protected":false},"excerpt":{"rendered":"<p>Le 2 mars Christiane Constant est r\u00e9\u00e9lue premi\u00e8re secr\u00e9taire f\u00e9d\u00e9rale du Rh\u00f4ne du PS avec 56% des voix et 12 points d\u2019avance sur son adversaire &hellip; <!-- AddThis Advanced Settings generic via filter on wp_trim_excerpt --><!-- AddThis Share Buttons generic via filter on wp_trim_excerpt --><\/p>\n","protected":false},"author":31871,"featured_media":32029,"comment_status":"open","ping_status":"open","sticky":true,"template":"","format":"standard","meta":{"_FSMCFIC_featured_image_caption":"","_FSMCFIC_featured_image_nocaption":"","_FSMCFIC_featured_image_hide":"","footnotes":""},"categories":[4,6],"tags":[135,10,112,165,350],"class_list":["post-32027","post","type-post","status-publish","format-standard","has-post-thumbnail","hentry","category-lyon","category-politique","tag-lbb","tag-lyon-2","tag-lyon-bondy-blog","tag-politique-2","tag-ps"],"yoast_head":"<!-- This site is optimized with the Yoast SEO plugin v22.8 - https:\/\/yoast.com\/wordpress\/plugins\/seo\/ -->\n<title>PS Rh\u00f4ne\u00a0: la rose se fane un peu plus. - Lyon Bondy Blog<\/title>\n<meta name=\"description\" content=\"Le 2 mars Christiane Constant est r\u00e9\u00e9lue premi\u00e8re secr\u00e9taire f\u00e9d\u00e9rale du Rh\u00f4ne du PS avec 56% des voix face \u00e0 Murielle Laurent.\" \/>\n<meta name=\"robots\" content=\"index, follow, max-snippet:-1, max-image-preview:large, max-video-preview:-1\" \/>\n<link rel=\"canonical\" href=\"https:\/\/lyonbondyblog.fr\/LBB\/ps-rhone-la-rose-se-fane-un-peu-plus\/\" \/>\n<meta property=\"og:locale\" content=\"fr_FR\" \/>\n<meta property=\"og:type\" content=\"article\" \/>\n<meta property=\"og:title\" content=\"PS Rh\u00f4ne\u00a0: la rose se fane un peu plus. - Lyon Bondy Blog\" \/>\n<meta property=\"og:description\" content=\"Le 2 mars Christiane Constant est r\u00e9\u00e9lue premi\u00e8re secr\u00e9taire f\u00e9d\u00e9rale du Rh\u00f4ne du PS avec 56% des voix face \u00e0 Murielle Laurent.\" \/>\n<meta property=\"og:url\" content=\"https:\/\/lyonbondyblog.fr\/LBB\/ps-rhone-la-rose-se-fane-un-peu-plus\/\" \/>\n<meta property=\"og:site_name\" content=\"Lyon Bondy Blog\" \/>\n<meta property=\"article:publisher\" content=\"https:\/\/www.facebook.com\/lyonbondyblog\" \/>\n<meta property=\"article:published_time\" content=\"2023-03-13T11:13:37+00:00\" \/>\n<meta property=\"article:modified_time\" content=\"2023-03-13T11:13:39+00:00\" \/>\n<meta property=\"og:image\" content=\"https:\/\/lyonbondyblog.fr\/LBB\/wp-content\/uploads\/2023\/03\/rose-fanee.jpg\" \/>\n\t<meta property=\"og:image:width\" content=\"1920\" \/>\n\t<meta property=\"og:image:height\" content=\"1280\" \/>\n\t<meta property=\"og:image:type\" content=\"image\/jpeg\" \/>\n<meta name=\"author\" content=\"Matilda Passot\" \/>\n<meta name=\"twitter:card\" content=\"summary_large_image\" \/>\n<meta name=\"twitter:creator\" content=\"@bondybloglyon\" \/>\n<meta name=\"twitter:site\" content=\"@bondybloglyon\" \/>\n<script type=\"application\/ld+json\" class=\"yoast-schema-graph\">{\"@context\":\"https:\/\/schema.org\",\"@graph\":[{\"@type\":\"Article\",\"@id\":\"https:\/\/lyonbondyblog.fr\/LBB\/ps-rhone-la-rose-se-fane-un-peu-plus\/#article\",\"isPartOf\":{\"@id\":\"https:\/\/lyonbondyblog.fr\/LBB\/ps-rhone-la-rose-se-fane-un-peu-plus\/\"},\"author\":{\"name\":\"Matilda Passot\",\"@id\":\"https:\/\/lyonbondyblog.fr\/LBB\/#\/schema\/person\/821670c9ea2a73ee8fa6917c83cf6241\"},\"headline\":\"PS Rh\u00f4ne\u00a0: la rose se fane un peu plus.\",\"datePublished\":\"2023-03-13T11:13:37+00:00\",\"dateModified\":\"2023-03-13T11:13:39+00:00\",\"mainEntityOfPage\":{\"@id\":\"https:\/\/lyonbondyblog.fr\/LBB\/ps-rhone-la-rose-se-fane-un-peu-plus\/\"},\"wordCount\":722,\"commentCount\":0,\"publisher\":{\"@id\":\"https:\/\/lyonbondyblog.fr\/LBB\/#organization\"},\"image\":{\"@id\":\"https:\/\/lyonbondyblog.fr\/LBB\/ps-rhone-la-rose-se-fane-un-peu-plus\/#primaryimage\"},\"thumbnailUrl\":\"https:\/\/lyonbondyblog.fr\/LBB\/wp-content\/uploads\/2023\/03\/rose-fanee.jpg\",\"keywords\":[\"LBB\",\"lyon\",\"Lyon Bondy Blog\",\"politique\",\"PS\"],\"articleSection\":[\"Lyon\",\"Politique\"],\"inLanguage\":\"fr-FR\",\"potentialAction\":[{\"@type\":\"CommentAction\",\"name\":\"Comment\",\"target\":[\"https:\/\/lyonbondyblog.fr\/LBB\/ps-rhone-la-rose-se-fane-un-peu-plus\/#respond\"]}]},{\"@type\":\"WebPage\",\"@id\":\"https:\/\/lyonbondyblog.fr\/LBB\/ps-rhone-la-rose-se-fane-un-peu-plus\/\",\"url\":\"https:\/\/lyonbondyblog.fr\/LBB\/ps-rhone-la-rose-se-fane-un-peu-plus\/\",\"name\":\"PS Rh\u00f4ne\u00a0: la rose se fane un peu plus. - Lyon Bondy Blog\",\"isPartOf\":{\"@id\":\"https:\/\/lyonbondyblog.fr\/LBB\/#website\"},\"primaryImageOfPage\":{\"@id\":\"https:\/\/lyonbondyblog.fr\/LBB\/ps-rhone-la-rose-se-fane-un-peu-plus\/#primaryimage\"},\"image\":{\"@id\":\"https:\/\/lyonbondyblog.fr\/LBB\/ps-rhone-la-rose-se-fane-un-peu-plus\/#primaryimage\"},\"thumbnailUrl\":\"https:\/\/lyonbondyblog.fr\/LBB\/wp-content\/uploads\/2023\/03\/rose-fanee.jpg\",\"datePublished\":\"2023-03-13T11:13:37+00:00\",\"dateModified\":\"2023-03-13T11:13:39+00:00\",\"description\":\"Le 2 mars Christiane Constant est r\u00e9\u00e9lue premi\u00e8re secr\u00e9taire f\u00e9d\u00e9rale du Rh\u00f4ne du PS avec 56% des voix face \u00e0 Murielle Laurent.\",\"inLanguage\":\"fr-FR\",\"potentialAction\":[{\"@type\":\"ReadAction\",\"target\":[\"https:\/\/lyonbondyblog.fr\/LBB\/ps-rhone-la-rose-se-fane-un-peu-plus\/\"]}]},{\"@type\":\"ImageObject\",\"inLanguage\":\"fr-FR\",\"@id\":\"https:\/\/lyonbondyblog.fr\/LBB\/ps-rhone-la-rose-se-fane-un-peu-plus\/#primaryimage\",\"url\":\"https:\/\/lyonbondyblog.fr\/LBB\/wp-content\/uploads\/2023\/03\/rose-fanee.jpg\",\"contentUrl\":\"https:\/\/lyonbondyblog.fr\/LBB\/wp-content\/uploads\/2023\/03\/rose-fanee.jpg\",\"width\":1920,\"height\":1280},{\"@type\":\"WebSite\",\"@id\":\"https:\/\/lyonbondyblog.fr\/LBB\/#website\",\"url\":\"https:\/\/lyonbondyblog.fr\/LBB\/\",\"name\":\"Lyon Bondy Blog\",\"description\":\"\",\"publisher\":{\"@id\":\"https:\/\/lyonbondyblog.fr\/LBB\/#organization\"},\"potentialAction\":[{\"@type\":\"SearchAction\",\"target\":{\"@type\":\"EntryPoint\",\"urlTemplate\":\"https:\/\/lyonbondyblog.fr\/LBB\/?s={search_term_string}\"},\"query-input\":\"required name=search_term_string\"}],\"inLanguage\":\"fr-FR\"},{\"@type\":\"Organization\",\"@id\":\"https:\/\/lyonbondyblog.fr\/LBB\/#organization\",\"name\":\"LYON BONDY BLOG\",\"url\":\"https:\/\/lyonbondyblog.fr\/LBB\/\",\"logo\":{\"@type\":\"ImageObject\",\"inLanguage\":\"fr-FR\",\"@id\":\"https:\/\/lyonbondyblog.fr\/LBB\/#\/schema\/logo\/image\/\",\"url\":\"http:\/\/lyonbondyblog.fr\/LBB\/wp-content\/uploads\/2014\/10\/logo-portable-144.png\",\"contentUrl\":\"http:\/\/lyonbondyblog.fr\/LBB\/wp-content\/uploads\/2014\/10\/logo-portable-144.png\",\"width\":144,\"height\":123,\"caption\":\"LYON BONDY BLOG\"},\"image\":{\"@id\":\"https:\/\/lyonbondyblog.fr\/LBB\/#\/schema\/logo\/image\/\"},\"sameAs\":[\"https:\/\/www.facebook.com\/lyonbondyblog\",\"https:\/\/x.com\/bondybloglyon\"]},{\"@type\":\"Person\",\"@id\":\"https:\/\/lyonbondyblog.fr\/LBB\/#\/schema\/person\/821670c9ea2a73ee8fa6917c83cf6241\",\"name\":\"Matilda Passot\",\"url\":\"https:\/\/lyonbondyblog.fr\/LBB\/author\/matildap\/\"}]}<\/script>\n<!-- \/ Yoast SEO plugin. -->","yoast_head_json":{"title":"PS Rh\u00f4ne\u00a0: la rose se fane un peu plus. - Lyon Bondy Blog","description":"Le 2 mars Christiane Constant est r\u00e9\u00e9lue premi\u00e8re secr\u00e9taire f\u00e9d\u00e9rale du Rh\u00f4ne du PS avec 56% des voix face \u00e0 Murielle Laurent.","robots":{"index":"index","follow":"follow","max-snippet":"max-snippet:-1","max-image-preview":"max-image-preview:large","max-video-preview":"max-video-preview:-1"},"canonical":"https:\/\/lyonbondyblog.fr\/LBB\/ps-rhone-la-rose-se-fane-un-peu-plus\/","og_locale":"fr_FR","og_type":"article","og_title":"PS Rh\u00f4ne\u00a0: la rose se fane un peu plus. - Lyon Bondy Blog","og_description":"Le 2 mars Christiane Constant est r\u00e9\u00e9lue premi\u00e8re secr\u00e9taire f\u00e9d\u00e9rale du Rh\u00f4ne du PS avec 56% des voix face \u00e0 Murielle Laurent.","og_url":"https:\/\/lyonbondyblog.fr\/LBB\/ps-rhone-la-rose-se-fane-un-peu-plus\/","og_site_name":"Lyon Bondy Blog","article_publisher":"https:\/\/www.facebook.com\/lyonbondyblog","article_published_time":"2023-03-13T11:13:37+00:00","article_modified_time":"2023-03-13T11:13:39+00:00","og_image":[{"width":1920,"height":1280,"url":"https:\/\/lyonbondyblog.fr\/LBB\/wp-content\/uploads\/2023\/03\/rose-fanee.jpg","type":"image\/jpeg"}],"author":"Matilda Passot","twitter_card":"summary_large_image","twitter_creator":"@bondybloglyon","twitter_site":"@bondybloglyon","schema":{"@context":"https:\/\/schema.org","@graph":[{"@type":"Article","@id":"https:\/\/lyonbondyblog.fr\/LBB\/ps-rhone-la-rose-se-fane-un-peu-plus\/#article","isPartOf":{"@id":"https:\/\/lyonbondyblog.fr\/LBB\/ps-rhone-la-rose-se-fane-un-peu-plus\/"},"author":{"name":"Matilda Passot","@id":"https:\/\/lyonbondyblog.fr\/LBB\/#\/schema\/person\/821670c9ea2a73ee8fa6917c83cf6241"},"headline":"PS Rh\u00f4ne\u00a0: la rose se fane un peu plus.","datePublished":"2023-03-13T11:13:37+00:00","dateModified":"2023-03-13T11:13:39+00:00","mainEntityOfPage":{"@id":"https:\/\/lyonbondyblog.fr\/LBB\/ps-rhone-la-rose-se-fane-un-peu-plus\/"},"wordCount":722,"commentCount":0,"publisher":{"@id":"https:\/\/lyonbondyblog.fr\/LBB\/#organization"},"image":{"@id":"https:\/\/lyonbondyblog.fr\/LBB\/ps-rhone-la-rose-se-fane-un-peu-plus\/#primaryimage"},"thumbnailUrl":"https:\/\/lyonbondyblog.fr\/LBB\/wp-content\/uploads\/2023\/03\/rose-fanee.jpg","keywords":["LBB","lyon","Lyon Bondy Blog","politique","PS"],"articleSection":["Lyon","Politique"],"inLanguage":"fr-FR","potentialAction":[{"@type":"CommentAction","name":"Comment","target":["https:\/\/lyonbondyblog.fr\/LBB\/ps-rhone-la-rose-se-fane-un-peu-plus\/#respond"]}]},{"@type":"WebPage","@id":"https:\/\/lyonbondyblog.fr\/LBB\/ps-rhone-la-rose-se-fane-un-peu-plus\/","url":"https:\/\/lyonbondyblog.fr\/LBB\/ps-rhone-la-rose-se-fane-un-peu-plus\/","name":"PS Rh\u00f4ne\u00a0: la rose se fane un peu plus. - Lyon Bondy Blog","isPartOf":{"@id":"https:\/\/lyonbondyblog.fr\/LBB\/#website"},"primaryImageOfPage":{"@id":"https:\/\/lyonbondyblog.fr\/LBB\/ps-rhone-la-rose-se-fane-un-peu-plus\/#primaryimage"},"image":{"@id":"https:\/\/lyonbondyblog.fr\/LBB\/ps-rhone-la-rose-se-fane-un-peu-plus\/#primaryimage"},"thumbnailUrl":"https:\/\/lyonbondyblog.fr\/LBB\/wp-content\/uploads\/2023\/03\/rose-fanee.jpg","datePublished":"2023-03-13T11:13:37+00:00","dateModified":"2023-03-13T11:13:39+00:00","description":"Le 2 mars Christiane Constant est r\u00e9\u00e9lue premi\u00e8re secr\u00e9taire f\u00e9d\u00e9rale du Rh\u00f4ne du PS avec 56% des voix face \u00e0 Murielle Laurent.","inLanguage":"fr-FR","potentialAction":[{"@type":"ReadAction","target":["https:\/\/lyonbondyblog.fr\/LBB\/ps-rhone-la-rose-se-fane-un-peu-plus\/"]}]},{"@type":"ImageObject","inLanguage":"fr-FR","@id":"https:\/\/lyonbondyblog.fr\/LBB\/ps-rhone-la-rose-se-fane-un-peu-plus\/#primaryimage","url":"https:\/\/lyonbondyblog.fr\/LBB\/wp-content\/uploads\/2023\/03\/rose-fanee.jpg","contentUrl":"https:\/\/lyonbondyblog.fr\/LBB\/wp-content\/uploads\/2023\/03\/rose-fanee.jpg","width":1920,"height":1280},{"@type":"WebSite","@id":"https:\/\/lyonbondyblog.fr\/LBB\/#website","url":"https:\/\/lyonbondyblog.fr\/LBB\/","name":"Lyon Bondy Blog","description":"","publisher":{"@id":"https:\/\/lyonbondyblog.fr\/LBB\/#organization"},"potentialAction":[{"@type":"SearchAction","target":{"@type":"EntryPoint","urlTemplate":"https:\/\/lyonbondyblog.fr\/LBB\/?s={search_term_string}"},"query-input":"required name=search_term_string"}],"inLanguage":"fr-FR"},{"@type":"Organization","@id":"https:\/\/lyonbondyblog.fr\/LBB\/#organization","name":"LYON BONDY BLOG","url":"https:\/\/lyonbondyblog.fr\/LBB\/","logo":{"@type":"ImageObject","inLanguage":"fr-FR","@id":"https:\/\/lyonbondyblog.fr\/LBB\/#\/schema\/logo\/image\/","url":"http:\/\/lyonbondyblog.fr\/LBB\/wp-content\/uploads\/2014\/10\/logo-portable-144.png","contentUrl":"http:\/\/lyonbondyblog.fr\/LBB\/wp-content\/uploads\/2014\/10\/logo-portable-144.png","width":144,"height":123,"caption":"LYON BONDY BLOG"},"image":{"@id":"https:\/\/lyonbondyblog.fr\/LBB\/#\/schema\/logo\/image\/"},"sameAs":["https:\/\/www.facebook.com\/lyonbondyblog","https:\/\/x.com\/bondybloglyon"]},{"@type":"Person","@id":"https:\/\/lyonbondyblog.fr\/LBB\/#\/schema\/person\/821670c9ea2a73ee8fa6917c83cf6241","name":"Matilda Passot","url":"https:\/\/lyonbondyblog.fr\/LBB\/author\/matildap\/"}]}},"_links":{"self":[{"href":"https:\/\/lyonbondyblog.fr\/LBB\/wp-json\/wp\/v2\/posts\/32027","targetHints":{"allow":["GET"]}}],"collection":[{"href":"https:\/\/lyonbondyblog.fr\/LBB\/wp-json\/wp\/v2\/posts"}],"about":[{"href":"https:\/\/lyonbondyblog.fr\/LBB\/wp-json\/wp\/v2\/types\/post"}],"author":[{"embeddable":true,"href":"https:\/\/lyonbondyblog.fr\/LBB\/wp-json\/wp\/v2\/users\/31871"}],"replies":[{"embeddable":true,"href":"https:\/\/lyonbondyblog.fr\/LBB\/wp-json\/wp\/v2\/comments?post=32027"}],"version-history":[{"count":1,"href":"https:\/\/lyonbondyblog.fr\/LBB\/wp-json\/wp\/v2\/posts\/32027\/revisions"}],"predecessor-version":[{"id":32030,"href":"https:\/\/lyonbondyblog.fr\/LBB\/wp-json\/wp\/v2\/posts\/32027\/revisions\/32030"}],"wp:featuredmedia":[{"embeddable":true,"href":"https:\/\/lyonbondyblog.fr\/LBB\/wp-json\/wp\/v2\/media\/32029"}],"wp:attachment":[{"href":"https:\/\/lyonbondyblog.fr\/LBB\/wp-json\/wp\/v2\/media?parent=32027"}],"wp:term":[{"taxonomy":"category","embeddable":true,"href":"https:\/\/lyonbondyblog.fr\/LBB\/wp-json\/wp\/v2\/categories?post=32027"},{"taxonomy":"post_tag","embeddable":true,"href":"https:\/\/lyonbondyblog.fr\/LBB\/wp-json\/wp\/v2\/tags?post=32027"}],"curies":[{"name":"wp","href":"https:\/\/api.w.org\/{rel}","templated":true}]}}