{"id":32012,"date":"2023-03-10T10:30:00","date_gmt":"2023-03-10T09:30:00","guid":{"rendered":"http:\/\/lyonbondyblog.fr\/LBB\/?p=32012"},"modified":"2023-03-10T10:30:09","modified_gmt":"2023-03-10T09:30:09","slug":"arrivee-du-breakdance-aux-jo-les-ambassadeurs-sensibilisent-a-la-culture-urbaine","status":"publish","type":"post","link":"https:\/\/lyonbondyblog.fr\/LBB\/arrivee-du-breakdance-aux-jo-les-ambassadeurs-sensibilisent-a-la-culture-urbaine\/","title":{"rendered":"Arriv\u00e9e du breakdance aux JO, les ambassadeurs sensibilisent \u00e0 la culture urbaine"},"content":{"rendered":"\n<h2 class=\"wp-block-heading\">Des jeunes ambassadeurs du breakdance en partenariat avec l\u2019<a href=\"https:\/\/vaulx-en-velin.net\/agenda\/lieux\/ecole-anton-makarenko\/\" target=\"_blank\" rel=\"noreferrer noopener\">\u00e9cole \u00e9l\u00e9mentaire Anton Makarenko B<\/a> sensibilisent les \u00e9l\u00e8ves \u00e0 la diff\u00e9rence.<\/h2>\n\n\n\n<p>Depuis le 24 f\u00e9vrier 2023, un nouveau projet a \u00e9t\u00e9 lanc\u00e9 \u00e0 l&rsquo;\u00e9cole \u00e9l\u00e9mentaire Anton Makarenko B de Vaulx en Velin. Ce projet est  bas\u00e9 sur la d\u00e9couverte des cultures urbaines autour du th\u00e8me de la diff\u00e9rence. Il est port\u00e9 par la troisi\u00e8me g\u00e9n\u00e9ration d&rsquo;ambassadeurs pour l&rsquo;entr\u00e9e du breakdance aux JO Paris 2024. Ces derniers sont en service civique au sein de l<a href=\"https:\/\/www.ufolep.org\" target=\"_blank\" rel=\"noreferrer noopener\">&lsquo;UFOLEP<\/a>, l&rsquo;une des plus grandes f\u00e9d\u00e9rations sportives amateurs de France.<\/p>\n\n\n\n<h3 class=\"wp-block-heading\">G\u00e9n\u00e9ration Paris 2024<\/h3>\n\n\n\n<p>Six sportifs et danseurs \u00e2g\u00e9s de 18 \u00e0 25 ans sont en service civique \u00e0 l\u2019UFOLEP Auvergne Rh\u00f4ne Alpes en partenariat avec le Comit\u00e9 d\u2019Organisation des Jeux Olympiques (COJO). Les ambassadeurs ont pour objectif de faire d\u00e9couvrir le breakdance et plus largement la culture urbaine. Pour ce faire, durant 9 mois, ils r\u00e9alisent des interventions aupr\u00e8s de divers publics n\u2019ayant pas acc\u00e8s \u00e0 cette culture.\u00a0<\/p>\n\n\n\n<h3 class=\"wp-block-heading\">Partenariat entre l&rsquo;UFOLEP et l&rsquo;\u00e9cole Makarenko <\/h3>\n\n\n\n<p>Nacer Denfir, directeur de l\u2019\u00e9cole Anton Makarenko B est en partenariat depuis maintenant 2 ans avec l\u2019UFOLEP dans le cadre du parcours coordonn\u00e9.<\/p>\n\n\n\n<p> <em>\u00ab Toutes ces choses qui nous rassemblent et qui font qu\u2019on fait force ensemble c\u2019\u00e9tait oblig\u00e9 pour pouvoir travailler sur ce partenariat \u00bb<\/em>, explique t-il. <\/p>\n\n\n\n<p> En collaboration avec l\u2019\u00e9quipe p\u00e9dagogique, il a \u00e9t\u00e9 convenu de travailler avec les enfants autour du th\u00e8me de la diff\u00e9rence afin de favoriser l\u2019inclusion des 23 enfants en situation de handicap pr\u00e9sents dans l\u2019\u00e9cole. <em>\u201cLe handicap a toujours fait partie de notre projet d\u2019\u00e9cole \u201c<\/em>, appuie Nacer Denfir.<\/p>\n\n\n\n<p>Les ambassadeurs interviennent aupr\u00e8s des classes de CE1 et CE2 de l&rsquo;\u00e9cole pour sensibiliser les \u00e9l\u00e8ves aux cultures urbaines. Ils partagent leur passion pour cette discipline sportive et artistique en utilisant des ateliers p\u00e9dagogiques ludiques.<\/p>\n\n\n\n<p>L&rsquo;objectif de ce projet est de valoriser la diversit\u00e9 des cultures urbaines et de promouvoir la tol\u00e9rance et l&rsquo;ouverture d&rsquo;esprit chez les plus jeunes. Les ambassadeurs souhaitent ainsi encourager les \u00e9l\u00e8ves \u00e0 s&rsquo;ouvrir aux autres cultures et \u00e0 apprendre \u00e0 vivre ensemble malgr\u00e9 leurs diff\u00e9rences.<\/p>\n\n\n\n<p>Le projet a \u00e9t\u00e9 accueilli avec enthousiasme par les \u00e9l\u00e8ves de l&rsquo;\u00e9cole \u00e9l\u00e9mentaire Anton Makarenko B, qui se sont montr\u00e9s tr\u00e8s int\u00e9ress\u00e9s par les cultures urbaines et le breakdance. Ce projet s&rsquo;inscrit dans une d\u00e9marche de sensibilisation \u00e0 la diversit\u00e9 culturelle et \u00e0 l\u2019inclusion des enfants en situation de handicap. Les intervenants sont fiers de pouvoir contribuer \u00e0 cet enjeu, en partageant leur passion pour cette discipline avec les plus jeunes.<\/p>\n\n\n\n<p>Le projet se poursuivra jusqu&rsquo;\u00e0 la fin de l&rsquo;ann\u00e9e scolaire, et les enfants pourront pr\u00e9senter le fruit de leur travail lors de la f\u00eate de l\u2019\u00e9cole en juin prochain.<\/p>\n\n\n\n<p>Article r\u00e9alis\u00e9 par \u00c9va.<\/p>\n<!-- AddThis Advanced Settings generic via filter on the_content --><!-- AddThis Share Buttons generic via filter on the_content -->","protected":false},"excerpt":{"rendered":"<p>Des jeunes ambassadeurs du breakdance en partenariat avec l\u2019\u00e9cole \u00e9l\u00e9mentaire Anton Makarenko B sensibilisent les \u00e9l\u00e8ves \u00e0 la diff\u00e9rence. Depuis le 24 f\u00e9vrier 2023, un &hellip; <!-- AddThis Advanced Settings generic via filter on wp_trim_excerpt --><!-- AddThis Share Buttons generic via filter on wp_trim_excerpt --><\/p>\n","protected":false},"author":31871,"featured_media":32016,"comment_status":"open","ping_status":"open","sticky":true,"template":"","format":"standard","meta":{"_FSMCFIC_featured_image_caption":"","_FSMCFIC_featured_image_nocaption":"","_FSMCFIC_featured_image_hide":"","footnotes":""},"categories":[3,14140,3517,18122,4,3891],"tags":[28310,73,28311,135,10,112,635],"class_list":["post-32012","post","type-post","status-publish","format-standard","has-post-thumbnail","hentry","category-culture","category-danse","category-education","category-handicap","category-lyon","category-vaulx-en-velin","tag-breakdance","tag-handicap","tag-jo-2024","tag-lbb","tag-lyon-2","tag-lyon-bondy-blog","tag-vaulx-en-velin"],"yoast_head":"<!-- This site is optimized with the Yoast SEO plugin v22.8 - https:\/\/yoast.com\/wordpress\/plugins\/seo\/ -->\n<title>Arriv\u00e9e du breakdance aux JO, les ambassadeurs sensibilisent \u00e0 la culture urbaine - Lyon Bondy Blog<\/title>\n<meta name=\"description\" content=\"Des jeunes ambassadeurs du breakdance en partenariat avec l\u2019\u00e9cole \u00e9l\u00e9mentaire Anton Makarenko B sensibilisent les \u00e9l\u00e8ves \u00e0 la diff\u00e9rence.\" \/>\n<meta name=\"robots\" content=\"index, follow, max-snippet:-1, max-image-preview:large, max-video-preview:-1\" \/>\n<link rel=\"canonical\" href=\"https:\/\/lyonbondyblog.fr\/LBB\/arrivee-du-breakdance-aux-jo-les-ambassadeurs-sensibilisent-a-la-culture-urbaine\/\" \/>\n<meta property=\"og:locale\" content=\"fr_FR\" \/>\n<meta property=\"og:type\" content=\"article\" \/>\n<meta property=\"og:title\" content=\"Arriv\u00e9e du breakdance aux JO, les ambassadeurs sensibilisent \u00e0 la culture urbaine - Lyon Bondy Blog\" \/>\n<meta property=\"og:description\" content=\"Des jeunes ambassadeurs du breakdance en partenariat avec l\u2019\u00e9cole \u00e9l\u00e9mentaire Anton Makarenko B sensibilisent les \u00e9l\u00e8ves \u00e0 la diff\u00e9rence.\" \/>\n<meta property=\"og:url\" content=\"https:\/\/lyonbondyblog.fr\/LBB\/arrivee-du-breakdance-aux-jo-les-ambassadeurs-sensibilisent-a-la-culture-urbaine\/\" \/>\n<meta property=\"og:site_name\" content=\"Lyon Bondy Blog\" \/>\n<meta property=\"article:publisher\" content=\"https:\/\/www.facebook.com\/lyonbondyblog\" \/>\n<meta property=\"article:published_time\" content=\"2023-03-10T09:30:00+00:00\" \/>\n<meta property=\"article:modified_time\" content=\"2023-03-10T09:30:09+00:00\" \/>\n<meta property=\"og:image\" content=\"https:\/\/lyonbondyblog.fr\/LBB\/wp-content\/uploads\/2023\/03\/Photo-Ambassadeurs.png\" \/>\n\t<meta property=\"og:image:width\" content=\"1200\" \/>\n\t<meta property=\"og:image:height\" content=\"900\" \/>\n\t<meta property=\"og:image:type\" content=\"image\/png\" \/>\n<meta name=\"author\" content=\"Matilda Passot\" \/>\n<meta name=\"twitter:card\" content=\"summary_large_image\" \/>\n<meta name=\"twitter:creator\" content=\"@bondybloglyon\" \/>\n<meta name=\"twitter:site\" content=\"@bondybloglyon\" \/>\n<script type=\"application\/ld+json\" class=\"yoast-schema-graph\">{\"@context\":\"https:\/\/schema.org\",\"@graph\":[{\"@type\":\"Article\",\"@id\":\"https:\/\/lyonbondyblog.fr\/LBB\/arrivee-du-breakdance-aux-jo-les-ambassadeurs-sensibilisent-a-la-culture-urbaine\/#article\",\"isPartOf\":{\"@id\":\"https:\/\/lyonbondyblog.fr\/LBB\/arrivee-du-breakdance-aux-jo-les-ambassadeurs-sensibilisent-a-la-culture-urbaine\/\"},\"author\":{\"name\":\"Matilda Passot\",\"@id\":\"https:\/\/lyonbondyblog.fr\/LBB\/#\/schema\/person\/821670c9ea2a73ee8fa6917c83cf6241\"},\"headline\":\"Arriv\u00e9e du breakdance aux JO, les ambassadeurs sensibilisent \u00e0 la culture urbaine\",\"datePublished\":\"2023-03-10T09:30:00+00:00\",\"dateModified\":\"2023-03-10T09:30:09+00:00\",\"mainEntityOfPage\":{\"@id\":\"https:\/\/lyonbondyblog.fr\/LBB\/arrivee-du-breakdance-aux-jo-les-ambassadeurs-sensibilisent-a-la-culture-urbaine\/\"},\"wordCount\":495,\"commentCount\":0,\"publisher\":{\"@id\":\"https:\/\/lyonbondyblog.fr\/LBB\/#organization\"},\"image\":{\"@id\":\"https:\/\/lyonbondyblog.fr\/LBB\/arrivee-du-breakdance-aux-jo-les-ambassadeurs-sensibilisent-a-la-culture-urbaine\/#primaryimage\"},\"thumbnailUrl\":\"https:\/\/lyonbondyblog.fr\/LBB\/wp-content\/uploads\/2023\/03\/Photo-Ambassadeurs.png\",\"keywords\":[\"breakdance\",\"handicap\",\"JO 2024\",\"LBB\",\"lyon\",\"Lyon Bondy Blog\",\"Vaulx-en-Velin\"],\"articleSection\":[\"Culture\",\"Danse\",\"Education\",\"Handicap\",\"Lyon\",\"Vaulx-en-Velin\"],\"inLanguage\":\"fr-FR\",\"potentialAction\":[{\"@type\":\"CommentAction\",\"name\":\"Comment\",\"target\":[\"https:\/\/lyonbondyblog.fr\/LBB\/arrivee-du-breakdance-aux-jo-les-ambassadeurs-sensibilisent-a-la-culture-urbaine\/#respond\"]}]},{\"@type\":\"WebPage\",\"@id\":\"https:\/\/lyonbondyblog.fr\/LBB\/arrivee-du-breakdance-aux-jo-les-ambassadeurs-sensibilisent-a-la-culture-urbaine\/\",\"url\":\"https:\/\/lyonbondyblog.fr\/LBB\/arrivee-du-breakdance-aux-jo-les-ambassadeurs-sensibilisent-a-la-culture-urbaine\/\",\"name\":\"Arriv\u00e9e du breakdance aux JO, les ambassadeurs sensibilisent \u00e0 la culture urbaine - Lyon Bondy Blog\",\"isPartOf\":{\"@id\":\"https:\/\/lyonbondyblog.fr\/LBB\/#website\"},\"primaryImageOfPage\":{\"@id\":\"https:\/\/lyonbondyblog.fr\/LBB\/arrivee-du-breakdance-aux-jo-les-ambassadeurs-sensibilisent-a-la-culture-urbaine\/#primaryimage\"},\"image\":{\"@id\":\"https:\/\/lyonbondyblog.fr\/LBB\/arrivee-du-breakdance-aux-jo-les-ambassadeurs-sensibilisent-a-la-culture-urbaine\/#primaryimage\"},\"thumbnailUrl\":\"https:\/\/lyonbondyblog.fr\/LBB\/wp-content\/uploads\/2023\/03\/Photo-Ambassadeurs.png\",\"datePublished\":\"2023-03-10T09:30:00+00:00\",\"dateModified\":\"2023-03-10T09:30:09+00:00\",\"description\":\"Des jeunes ambassadeurs du breakdance en partenariat avec l\u2019\u00e9cole \u00e9l\u00e9mentaire Anton Makarenko B sensibilisent les \u00e9l\u00e8ves \u00e0 la diff\u00e9rence.\",\"inLanguage\":\"fr-FR\",\"potentialAction\":[{\"@type\":\"ReadAction\",\"target\":[\"https:\/\/lyonbondyblog.fr\/LBB\/arrivee-du-breakdance-aux-jo-les-ambassadeurs-sensibilisent-a-la-culture-urbaine\/\"]}]},{\"@type\":\"ImageObject\",\"inLanguage\":\"fr-FR\",\"@id\":\"https:\/\/lyonbondyblog.fr\/LBB\/arrivee-du-breakdance-aux-jo-les-ambassadeurs-sensibilisent-a-la-culture-urbaine\/#primaryimage\",\"url\":\"https:\/\/lyonbondyblog.fr\/LBB\/wp-content\/uploads\/2023\/03\/Photo-Ambassadeurs.png\",\"contentUrl\":\"https:\/\/lyonbondyblog.fr\/LBB\/wp-content\/uploads\/2023\/03\/Photo-Ambassadeurs.png\",\"width\":1890,\"height\":1417},{\"@type\":\"WebSite\",\"@id\":\"https:\/\/lyonbondyblog.fr\/LBB\/#website\",\"url\":\"https:\/\/lyonbondyblog.fr\/LBB\/\",\"name\":\"Lyon Bondy Blog\",\"description\":\"\",\"publisher\":{\"@id\":\"https:\/\/lyonbondyblog.fr\/LBB\/#organization\"},\"potentialAction\":[{\"@type\":\"SearchAction\",\"target\":{\"@type\":\"EntryPoint\",\"urlTemplate\":\"https:\/\/lyonbondyblog.fr\/LBB\/?s={search_term_string}\"},\"query-input\":\"required name=search_term_string\"}],\"inLanguage\":\"fr-FR\"},{\"@type\":\"Organization\",\"@id\":\"https:\/\/lyonbondyblog.fr\/LBB\/#organization\",\"name\":\"LYON BONDY BLOG\",\"url\":\"https:\/\/lyonbondyblog.fr\/LBB\/\",\"logo\":{\"@type\":\"ImageObject\",\"inLanguage\":\"fr-FR\",\"@id\":\"https:\/\/lyonbondyblog.fr\/LBB\/#\/schema\/logo\/image\/\",\"url\":\"http:\/\/lyonbondyblog.fr\/LBB\/wp-content\/uploads\/2014\/10\/logo-portable-144.png\",\"contentUrl\":\"http:\/\/lyonbondyblog.fr\/LBB\/wp-content\/uploads\/2014\/10\/logo-portable-144.png\",\"width\":144,\"height\":123,\"caption\":\"LYON BONDY BLOG\"},\"image\":{\"@id\":\"https:\/\/lyonbondyblog.fr\/LBB\/#\/schema\/logo\/image\/\"},\"sameAs\":[\"https:\/\/www.facebook.com\/lyonbondyblog\",\"https:\/\/x.com\/bondybloglyon\"]},{\"@type\":\"Person\",\"@id\":\"https:\/\/lyonbondyblog.fr\/LBB\/#\/schema\/person\/821670c9ea2a73ee8fa6917c83cf6241\",\"name\":\"Matilda Passot\",\"url\":\"https:\/\/lyonbondyblog.fr\/LBB\/author\/matildap\/\"}]}<\/script>\n<!-- \/ Yoast SEO plugin. -->","yoast_head_json":{"title":"Arriv\u00e9e du breakdance aux JO, les ambassadeurs sensibilisent \u00e0 la culture urbaine - Lyon Bondy Blog","description":"Des jeunes ambassadeurs du breakdance en partenariat avec l\u2019\u00e9cole \u00e9l\u00e9mentaire Anton Makarenko B sensibilisent les \u00e9l\u00e8ves \u00e0 la diff\u00e9rence.","robots":{"index":"index","follow":"follow","max-snippet":"max-snippet:-1","max-image-preview":"max-image-preview:large","max-video-preview":"max-video-preview:-1"},"canonical":"https:\/\/lyonbondyblog.fr\/LBB\/arrivee-du-breakdance-aux-jo-les-ambassadeurs-sensibilisent-a-la-culture-urbaine\/","og_locale":"fr_FR","og_type":"article","og_title":"Arriv\u00e9e du breakdance aux JO, les ambassadeurs sensibilisent \u00e0 la culture urbaine - Lyon Bondy Blog","og_description":"Des jeunes ambassadeurs du breakdance en partenariat avec l\u2019\u00e9cole \u00e9l\u00e9mentaire Anton Makarenko B sensibilisent les \u00e9l\u00e8ves \u00e0 la diff\u00e9rence.","og_url":"https:\/\/lyonbondyblog.fr\/LBB\/arrivee-du-breakdance-aux-jo-les-ambassadeurs-sensibilisent-a-la-culture-urbaine\/","og_site_name":"Lyon Bondy Blog","article_publisher":"https:\/\/www.facebook.com\/lyonbondyblog","article_published_time":"2023-03-10T09:30:00+00:00","article_modified_time":"2023-03-10T09:30:09+00:00","og_image":[{"url":"https:\/\/lyonbondyblog.fr\/LBB\/wp-content\/uploads\/2023\/03\/Photo-Ambassadeurs.png","width":1200,"height":900,"type":"image\/png"}],"author":"Matilda Passot","twitter_card":"summary_large_image","twitter_creator":"@bondybloglyon","twitter_site":"@bondybloglyon","schema":{"@context":"https:\/\/schema.org","@graph":[{"@type":"Article","@id":"https:\/\/lyonbondyblog.fr\/LBB\/arrivee-du-breakdance-aux-jo-les-ambassadeurs-sensibilisent-a-la-culture-urbaine\/#article","isPartOf":{"@id":"https:\/\/lyonbondyblog.fr\/LBB\/arrivee-du-breakdance-aux-jo-les-ambassadeurs-sensibilisent-a-la-culture-urbaine\/"},"author":{"name":"Matilda Passot","@id":"https:\/\/lyonbondyblog.fr\/LBB\/#\/schema\/person\/821670c9ea2a73ee8fa6917c83cf6241"},"headline":"Arriv\u00e9e du breakdance aux JO, les ambassadeurs sensibilisent \u00e0 la culture urbaine","datePublished":"2023-03-10T09:30:00+00:00","dateModified":"2023-03-10T09:30:09+00:00","mainEntityOfPage":{"@id":"https:\/\/lyonbondyblog.fr\/LBB\/arrivee-du-breakdance-aux-jo-les-ambassadeurs-sensibilisent-a-la-culture-urbaine\/"},"wordCount":495,"commentCount":0,"publisher":{"@id":"https:\/\/lyonbondyblog.fr\/LBB\/#organization"},"image":{"@id":"https:\/\/lyonbondyblog.fr\/LBB\/arrivee-du-breakdance-aux-jo-les-ambassadeurs-sensibilisent-a-la-culture-urbaine\/#primaryimage"},"thumbnailUrl":"https:\/\/lyonbondyblog.fr\/LBB\/wp-content\/uploads\/2023\/03\/Photo-Ambassadeurs.png","keywords":["breakdance","handicap","JO 2024","LBB","lyon","Lyon Bondy Blog","Vaulx-en-Velin"],"articleSection":["Culture","Danse","Education","Handicap","Lyon","Vaulx-en-Velin"],"inLanguage":"fr-FR","potentialAction":[{"@type":"CommentAction","name":"Comment","target":["https:\/\/lyonbondyblog.fr\/LBB\/arrivee-du-breakdance-aux-jo-les-ambassadeurs-sensibilisent-a-la-culture-urbaine\/#respond"]}]},{"@type":"WebPage","@id":"https:\/\/lyonbondyblog.fr\/LBB\/arrivee-du-breakdance-aux-jo-les-ambassadeurs-sensibilisent-a-la-culture-urbaine\/","url":"https:\/\/lyonbondyblog.fr\/LBB\/arrivee-du-breakdance-aux-jo-les-ambassadeurs-sensibilisent-a-la-culture-urbaine\/","name":"Arriv\u00e9e du breakdance aux JO, les ambassadeurs sensibilisent \u00e0 la culture urbaine - Lyon Bondy Blog","isPartOf":{"@id":"https:\/\/lyonbondyblog.fr\/LBB\/#website"},"primaryImageOfPage":{"@id":"https:\/\/lyonbondyblog.fr\/LBB\/arrivee-du-breakdance-aux-jo-les-ambassadeurs-sensibilisent-a-la-culture-urbaine\/#primaryimage"},"image":{"@id":"https:\/\/lyonbondyblog.fr\/LBB\/arrivee-du-breakdance-aux-jo-les-ambassadeurs-sensibilisent-a-la-culture-urbaine\/#primaryimage"},"thumbnailUrl":"https:\/\/lyonbondyblog.fr\/LBB\/wp-content\/uploads\/2023\/03\/Photo-Ambassadeurs.png","datePublished":"2023-03-10T09:30:00+00:00","dateModified":"2023-03-10T09:30:09+00:00","description":"Des jeunes ambassadeurs du breakdance en partenariat avec l\u2019\u00e9cole \u00e9l\u00e9mentaire Anton Makarenko B sensibilisent les \u00e9l\u00e8ves \u00e0 la diff\u00e9rence.","inLanguage":"fr-FR","potentialAction":[{"@type":"ReadAction","target":["https:\/\/lyonbondyblog.fr\/LBB\/arrivee-du-breakdance-aux-jo-les-ambassadeurs-sensibilisent-a-la-culture-urbaine\/"]}]},{"@type":"ImageObject","inLanguage":"fr-FR","@id":"https:\/\/lyonbondyblog.fr\/LBB\/arrivee-du-breakdance-aux-jo-les-ambassadeurs-sensibilisent-a-la-culture-urbaine\/#primaryimage","url":"https:\/\/lyonbondyblog.fr\/LBB\/wp-content\/uploads\/2023\/03\/Photo-Ambassadeurs.png","contentUrl":"https:\/\/lyonbondyblog.fr\/LBB\/wp-content\/uploads\/2023\/03\/Photo-Ambassadeurs.png","width":1890,"height":1417},{"@type":"WebSite","@id":"https:\/\/lyonbondyblog.fr\/LBB\/#website","url":"https:\/\/lyonbondyblog.fr\/LBB\/","name":"Lyon Bondy Blog","description":"","publisher":{"@id":"https:\/\/lyonbondyblog.fr\/LBB\/#organization"},"potentialAction":[{"@type":"SearchAction","target":{"@type":"EntryPoint","urlTemplate":"https:\/\/lyonbondyblog.fr\/LBB\/?s={search_term_string}"},"query-input":"required name=search_term_string"}],"inLanguage":"fr-FR"},{"@type":"Organization","@id":"https:\/\/lyonbondyblog.fr\/LBB\/#organization","name":"LYON BONDY BLOG","url":"https:\/\/lyonbondyblog.fr\/LBB\/","logo":{"@type":"ImageObject","inLanguage":"fr-FR","@id":"https:\/\/lyonbondyblog.fr\/LBB\/#\/schema\/logo\/image\/","url":"http:\/\/lyonbondyblog.fr\/LBB\/wp-content\/uploads\/2014\/10\/logo-portable-144.png","contentUrl":"http:\/\/lyonbondyblog.fr\/LBB\/wp-content\/uploads\/2014\/10\/logo-portable-144.png","width":144,"height":123,"caption":"LYON BONDY BLOG"},"image":{"@id":"https:\/\/lyonbondyblog.fr\/LBB\/#\/schema\/logo\/image\/"},"sameAs":["https:\/\/www.facebook.com\/lyonbondyblog","https:\/\/x.com\/bondybloglyon"]},{"@type":"Person","@id":"https:\/\/lyonbondyblog.fr\/LBB\/#\/schema\/person\/821670c9ea2a73ee8fa6917c83cf6241","name":"Matilda Passot","url":"https:\/\/lyonbondyblog.fr\/LBB\/author\/matildap\/"}]}},"_links":{"self":[{"href":"https:\/\/lyonbondyblog.fr\/LBB\/wp-json\/wp\/v2\/posts\/32012","targetHints":{"allow":["GET"]}}],"collection":[{"href":"https:\/\/lyonbondyblog.fr\/LBB\/wp-json\/wp\/v2\/posts"}],"about":[{"href":"https:\/\/lyonbondyblog.fr\/LBB\/wp-json\/wp\/v2\/types\/post"}],"author":[{"embeddable":true,"href":"https:\/\/lyonbondyblog.fr\/LBB\/wp-json\/wp\/v2\/users\/31871"}],"replies":[{"embeddable":true,"href":"https:\/\/lyonbondyblog.fr\/LBB\/wp-json\/wp\/v2\/comments?post=32012"}],"version-history":[{"count":2,"href":"https:\/\/lyonbondyblog.fr\/LBB\/wp-json\/wp\/v2\/posts\/32012\/revisions"}],"predecessor-version":[{"id":32017,"href":"https:\/\/lyonbondyblog.fr\/LBB\/wp-json\/wp\/v2\/posts\/32012\/revisions\/32017"}],"wp:featuredmedia":[{"embeddable":true,"href":"https:\/\/lyonbondyblog.fr\/LBB\/wp-json\/wp\/v2\/media\/32016"}],"wp:attachment":[{"href":"https:\/\/lyonbondyblog.fr\/LBB\/wp-json\/wp\/v2\/media?parent=32012"}],"wp:term":[{"taxonomy":"category","embeddable":true,"href":"https:\/\/lyonbondyblog.fr\/LBB\/wp-json\/wp\/v2\/categories?post=32012"},{"taxonomy":"post_tag","embeddable":true,"href":"https:\/\/lyonbondyblog.fr\/LBB\/wp-json\/wp\/v2\/tags?post=32012"}],"curies":[{"name":"wp","href":"https:\/\/api.w.org\/{rel}","templated":true}]}}