{"id":32001,"date":"2023-03-08T11:14:22","date_gmt":"2023-03-08T10:14:22","guid":{"rendered":"http:\/\/lyonbondyblog.fr\/LBB\/?p=32001"},"modified":"2023-03-08T11:14:25","modified_gmt":"2023-03-08T10:14:25","slug":"manifestation-du-7-mars-plus-de-37-000-manifestants-a-lyon","status":"publish","type":"post","link":"https:\/\/lyonbondyblog.fr\/LBB\/manifestation-du-7-mars-plus-de-37-000-manifestants-a-lyon\/","title":{"rendered":"Manifestation du 7 mars : plus de 37 000 manifestants \u00e0 Lyon"},"content":{"rendered":"\n<h2 class=\"wp-block-heading\">Mardi 7 mars, le pays s\u2019est retrouv\u00e9 mis \u00e0 l\u2019arr\u00eat par les multiples manifestations contre la r\u00e9forme des retraites. \u00c0 Lyon, les syndicats ont compt\u00e9 50 000 manifestants, et 3000 \u00e0 Villefranche sur Sa\u00f4ne, toujours selon les syndicats.<\/h2>\n\n\n\n<p>Le parcours de la manifestation \u00e0 Lyon \u00e9tait <a href=\"https:\/\/lyonbondyblog.fr\/LBB\/retraite-environ-14-000-manifestants-a-lyon\/\" target=\"_blank\" rel=\"noreferrer noopener\">le m\u00eame que lors de la pr\u00e9c\u00e9dente<\/a>, de la Manufacture des Tabacs \u00e0 la place Bellecour. Le cort\u00e8ge a d\u00e9but\u00e9 son chemin aux alentours de 11h, alors que dans la commune de Villefranche sur Sa\u00f4ne, le d\u00e9part \u00e9tait donn\u00e9 \u00e0 16h30 place de la Lib\u00e9ration.<\/p>\n\n\n\n<h3 class=\"wp-block-heading\"><em>\u00ab\u00a0Les jeunes ne battront pas en retraite\u00a0\u00bb<\/em><\/h3>\n\n\n\n<p>Dans tout le pays, les \u00e9tudiants ont \u00e9t\u00e9 appel\u00e9s \u00e0 un blocage massif des lieux d\u2019enseignement. \u00c0 Lyon, les \u00e9tablissements comme <a href=\"https:\/\/www.sciencespo-lyon.fr\" target=\"_blank\" rel=\"noreferrer noopener\">Science Po <\/a>et <a href=\"https:\/\/www.univ-lyon2.fr\" target=\"_blank\" rel=\"noreferrer noopener\">l\u2019universit\u00e9 Lyon 2<\/a> ont \u00e9t\u00e9 bloqu\u00e9s. <\/p>\n\n\n\n<figure class=\"wp-block-image size-full is-resized\"><img loading=\"lazy\" decoding=\"async\" src=\"https:\/\/lyonbondyblog.fr\/LBB\/wp-content\/uploads\/2023\/03\/Capture-decran-2023-03-08-a-09.50.40.png\" alt=\"\" class=\"wp-image-32002\" width=\"518\" height=\"549\" srcset=\"https:\/\/lyonbondyblog.fr\/LBB\/wp-content\/uploads\/2023\/03\/Capture-decran-2023-03-08-a-09.50.40.png 1198w, https:\/\/lyonbondyblog.fr\/LBB\/wp-content\/uploads\/2023\/03\/Capture-decran-2023-03-08-a-09.50.40-1132x1200.png 1132w, https:\/\/lyonbondyblog.fr\/LBB\/wp-content\/uploads\/2023\/03\/Capture-decran-2023-03-08-a-09.50.40-768x814.png 768w\" sizes=\"auto, (max-width: 518px) 100vw, 518px\" \/><\/figure>\n\n\n\n<div class=\"wp-block-columns is-layout-flex wp-container-core-columns-is-layout-9d6595d7 wp-block-columns-is-layout-flex\">\n<div class=\"wp-block-column is-layout-flow wp-block-column-is-layout-flow\" style=\"flex-basis:33.33%\">\n<p>La personne a l\u2019origine probable de ces blocus serait le d\u00e9put\u00e9 LFI Louis Boyard. Ce dernier a appel\u00e9 les \u00e9tudiants \u00e0 participer \u00e0 un \u00ab\u00a0blocus challenge\u00a0\u00bb, leur demandant de poster leurs plus \u00ab\u00a0belles photos\u00a0\u00bb de blocages de lyc\u00e9es et d\u2019universit\u00e9s, avec un prix \u00e0 la cl\u00e9.\u00a0<\/p>\n<\/div>\n\n\n\n<div class=\"wp-block-column is-layout-flow wp-block-column-is-layout-flow\" style=\"flex-basis:66.66%\">\n<figure class=\"wp-block-image size-full\"><img loading=\"lazy\" decoding=\"async\" width=\"1194\" height=\"546\" src=\"https:\/\/lyonbondyblog.fr\/LBB\/wp-content\/uploads\/2023\/03\/Capture-decran-2023-03-08-a-10.00.45-1.png\" alt=\"\" class=\"wp-image-32004\" srcset=\"https:\/\/lyonbondyblog.fr\/LBB\/wp-content\/uploads\/2023\/03\/Capture-decran-2023-03-08-a-10.00.45-1.png 1194w, https:\/\/lyonbondyblog.fr\/LBB\/wp-content\/uploads\/2023\/03\/Capture-decran-2023-03-08-a-10.00.45-1-768x351.png 768w\" sizes=\"auto, (max-width: 1194px) 100vw, 1194px\" \/><\/figure>\n<\/div>\n<\/div>\n\n\n\n<p>Les \u00e9tudiants se sentent tr\u00e8s concern\u00e9s par la r\u00e9forme des retraites. Faisant des \u00e9tudes de plus ne plus longues, ils ne collecteront pas assez d\u2019annuit\u00e9s, et donc pourraient partir \u00e0 la retraite encore plus tard que 64 ans.\u00a0<\/p>\n\n\n\n<p>D\u00e9j\u00e0 touch\u00e9s par la r\u00e9cente r\u00e9forme <a href=\"https:\/\/www.capital.fr\/economie-politique\/repas-a-1-euro-pour-tous-les-etudiants-lassemblee-nationale-votre-contre-a-une-voix-pres-1459806\" target=\"_blank\" rel=\"noreferrer noopener\">qui a supprim\u00e9 les repas \u00e0 un euro pour tous les \u00e9tudiants<\/a> sauf pour les \u00e9l\u00e8ves boursiers et en situation de pr\u00e9carit\u00e9. Les \u00e9tudiants ne trouvent pas \u00e7a normal de r\u00e9duire leur acc\u00e8s et expriment leurs opinions sur les r\u00e9seaux ainsi qu&rsquo;en bloquant et en manifestant cette semaine.\u00a0<\/p>\n\n\n\n<figure class=\"wp-block-image size-large\"><img loading=\"lazy\" decoding=\"async\" width=\"1920\" height=\"1440\" src=\"https:\/\/lyonbondyblog.fr\/LBB\/wp-content\/uploads\/2023\/03\/IMG_1831-1920x1440.png\" alt=\"\" class=\"wp-image-32006\" srcset=\"https:\/\/lyonbondyblog.fr\/LBB\/wp-content\/uploads\/2023\/03\/IMG_1831-1920x1440.png 1920w, https:\/\/lyonbondyblog.fr\/LBB\/wp-content\/uploads\/2023\/03\/IMG_1831-1200x900.png 1200w, https:\/\/lyonbondyblog.fr\/LBB\/wp-content\/uploads\/2023\/03\/IMG_1831-768x576.png 768w, https:\/\/lyonbondyblog.fr\/LBB\/wp-content\/uploads\/2023\/03\/IMG_1831-1536x1152.png 1536w, https:\/\/lyonbondyblog.fr\/LBB\/wp-content\/uploads\/2023\/03\/IMG_1831-2048x1536.png 2048w\" sizes=\"auto, (max-width: 1920px) 100vw, 1920px\" \/><\/figure>\n\n\n\n<h3 class=\"wp-block-heading\">Une manifestation pacifique d\u2019un c\u00f4t\u00e9, un second mai 68 de l\u2019autre.<\/h3>\n\n\n\n<p>\u00c0 Villefranche sur Sa\u00f4ne, c\u2019est en musique que le cort\u00e8ge de manifestants a d\u00e9fil\u00e9 dans la rue Nationale, rue principale de la ville. Les diff\u00e9rents partis qui prenaient place dans la manifestation \u00e9taient sous une entente commune contre une r\u00e9forme. Un parti satyrique a m\u00eame trouv\u00e9 sa place sans causer de grabuge.\u00a0<\/p>\n\n\n\n<p>Ces manifestants parodient les dires de la droite en manifestants \u00ab\u00a0pour\u00a0\u00bb cette droite. Le mouvement a \u00e9t\u00e9 cr\u00e9e par des intermittents du spectacle, pour Martin, c&rsquo;est \u00ab\u00a0le discours officiel pouss\u00e9 \u00e0 l&rsquo;extr\u00eame de son absurdit\u00e9\u00a0\u00bb.<\/p>\n\n\n\n<figure class=\"wp-block-audio\"><audio controls src=\"https:\/\/lyonbondyblog.fr\/LBB\/wp-content\/uploads\/2023\/03\/Interview-1.mp3\"><\/audio><figcaption class=\"wp-element-caption\">Interview de Martin, membre de la \u00ab\u00a0manif de droite\u00a0\u00bb<\/figcaption><\/figure>\n\n\n\n<p>\u00c0 Lyon cependant, la manifestation ne sera pas rest\u00e9e toute rose, et le 69 s\u2019est transform\u00e9 en 68.&nbsp;<\/p>\n\n\n\n<p>Des vitrines de banques et d\u2019agences d\u2019int\u00e9rim ont \u00e9t\u00e9 bris\u00e9es tout comme certains panneaux publicitaires. De l\u00e9gers incendies ont aussi \u00e9clat\u00e9 dans les rues, quelques manifestants ont mis le feu \u00e0 des poubelles dans la rue S\u00e9bastien Gryphe.&nbsp;<\/p>\n\n\n\n<figure class=\"wp-block-image size-full is-resized\"><img loading=\"lazy\" decoding=\"async\" src=\"https:\/\/lyonbondyblog.fr\/LBB\/wp-content\/uploads\/2023\/03\/Capture-decran-2023-03-08-a-10.25.40.png\" alt=\"\" class=\"wp-image-32005\" width=\"533\" height=\"405\" srcset=\"https:\/\/lyonbondyblog.fr\/LBB\/wp-content\/uploads\/2023\/03\/Capture-decran-2023-03-08-a-10.25.40.png 1186w, https:\/\/lyonbondyblog.fr\/LBB\/wp-content\/uploads\/2023\/03\/Capture-decran-2023-03-08-a-10.25.40-768x584.png 768w\" sizes=\"auto, (max-width: 533px) 100vw, 533px\" \/><\/figure>\n\n\n\n<p>Les forces de l\u2019ordre ont d\u00fb recourir \u00e0 des moyens de dispersion comme l\u2019usage de gaz lacrymog\u00e8ne et celle d\u2019un canon \u00e0 eau. Ces moyens ont \u00e9t\u00e9 pris pour r\u00e9pondre aux jets de projectiles de certains manifestants sur les forces de l\u2019ordre.\u00a0Ces d\u00e9bordements auraient fait 35 bless\u00e9s chez les forces de l\u2019ordre et 7 chez les manifestants. 6 personnes ont aussi \u00e9t\u00e9 interpell\u00e9es \u00e0 la suite de ces violences.<\/p>\n\n\n\n<figure class=\"wp-block-image size-large\"><img loading=\"lazy\" decoding=\"async\" width=\"1920\" height=\"1440\" src=\"https:\/\/lyonbondyblog.fr\/LBB\/wp-content\/uploads\/2023\/03\/IMG_1807-1920x1440.png\" alt=\"\" class=\"wp-image-32007\" srcset=\"https:\/\/lyonbondyblog.fr\/LBB\/wp-content\/uploads\/2023\/03\/IMG_1807-1920x1440.png 1920w, https:\/\/lyonbondyblog.fr\/LBB\/wp-content\/uploads\/2023\/03\/IMG_1807-1200x900.png 1200w, https:\/\/lyonbondyblog.fr\/LBB\/wp-content\/uploads\/2023\/03\/IMG_1807-768x576.png 768w, https:\/\/lyonbondyblog.fr\/LBB\/wp-content\/uploads\/2023\/03\/IMG_1807-1536x1152.png 1536w, https:\/\/lyonbondyblog.fr\/LBB\/wp-content\/uploads\/2023\/03\/IMG_1807-2048x1536.png 2048w\" sizes=\"auto, (max-width: 1920px) 100vw, 1920px\" \/><\/figure>\n\n\n\n<p>Il ne faut cependant pas s&rsquo;en tenir aux d\u00e9bordements, les manifestations sont faites pour exprimer de mani\u00e8re pacifique les opinions de la population. Pour beaucoup de participants comme Dominique, continuer de se mobiliser et de bloquer est primordial pour se faire entendre. <\/p>\n\n\n\n<figure class=\"wp-block-audio\"><audio controls src=\"https:\/\/lyonbondyblog.fr\/LBB\/wp-content\/uploads\/2023\/03\/Interview-1_1.mp3\"><\/audio><figcaption class=\"wp-element-caption\">Interview de Dominique, manifestante<\/figcaption><\/figure>\n\n\n\n<p>\u00ab\u00a0C&rsquo;est la plus importante mobilisation\u00a0depuis janvier, bravo aux Caladois\u00a0\u00bb, a annonc\u00e9 Michel Catelin, secr\u00e9taire g\u00e9n\u00e9ral de la CGT\u00a0Villefranche Beaujolais.<\/p>\n<!-- AddThis Advanced Settings generic via filter on the_content --><!-- AddThis Share Buttons generic via filter on the_content -->","protected":false},"excerpt":{"rendered":"<p>Mardi 7 mars, le pays s\u2019est retrouv\u00e9 mis \u00e0 l\u2019arr\u00eat par les multiples manifestations contre la r\u00e9forme des retraites. \u00c0 Lyon, les syndicats ont compt\u00e9 &hellip; <!-- AddThis Advanced Settings generic via filter on wp_trim_excerpt --><!-- AddThis Share Buttons generic via filter on wp_trim_excerpt --><\/p>\n","protected":false},"author":31871,"featured_media":32010,"comment_status":"open","ping_status":"open","sticky":true,"template":"","format":"standard","meta":{"_FSMCFIC_featured_image_caption":"","_FSMCFIC_featured_image_nocaption":"","_FSMCFIC_featured_image_hide":"","footnotes":""},"categories":[4,27833,6495],"tags":[135,10,112,847,28292],"class_list":["post-32001","post","type-post","status-publish","format-standard","has-post-thumbnail","hentry","category-lyon","category-manifestation","category-retraite","tag-lbb","tag-lyon-2","tag-lyon-bondy-blog","tag-manifestation","tag-retraite"],"yoast_head":"<!-- This site is optimized with the Yoast SEO plugin v22.8 - https:\/\/yoast.com\/wordpress\/plugins\/seo\/ -->\n<title>Manifestation du 7 mars : plus de 37 000 manifestants \u00e0 Lyon - Lyon Bondy Blog<\/title>\n<meta name=\"description\" content=\"\u00c0 Lyon, les syndicats ont compt\u00e9 50 000 manifestants. Les manifestations contre la r\u00e9forme des retraites montent en puissance.\" \/>\n<meta name=\"robots\" content=\"index, follow, max-snippet:-1, max-image-preview:large, max-video-preview:-1\" \/>\n<link rel=\"canonical\" href=\"https:\/\/lyonbondyblog.fr\/LBB\/manifestation-du-7-mars-plus-de-37-000-manifestants-a-lyon\/\" \/>\n<meta property=\"og:locale\" content=\"fr_FR\" \/>\n<meta property=\"og:type\" content=\"article\" \/>\n<meta property=\"og:title\" content=\"Manifestation du 7 mars : plus de 37 000 manifestants \u00e0 Lyon - Lyon Bondy Blog\" \/>\n<meta property=\"og:description\" content=\"\u00c0 Lyon, les syndicats ont compt\u00e9 50 000 manifestants. Les manifestations contre la r\u00e9forme des retraites montent en puissance.\" \/>\n<meta property=\"og:url\" content=\"https:\/\/lyonbondyblog.fr\/LBB\/manifestation-du-7-mars-plus-de-37-000-manifestants-a-lyon\/\" \/>\n<meta property=\"og:site_name\" content=\"Lyon Bondy Blog\" \/>\n<meta property=\"article:publisher\" content=\"https:\/\/www.facebook.com\/lyonbondyblog\" \/>\n<meta property=\"article:published_time\" content=\"2023-03-08T10:14:22+00:00\" \/>\n<meta property=\"article:modified_time\" content=\"2023-03-08T10:14:25+00:00\" \/>\n<meta property=\"og:image\" content=\"https:\/\/lyonbondyblog.fr\/LBB\/wp-content\/uploads\/2023\/03\/IMG_1765-768x576.png\" \/>\n\t<meta property=\"og:image:width\" content=\"768\" \/>\n\t<meta property=\"og:image:height\" content=\"576\" \/>\n\t<meta property=\"og:image:type\" content=\"image\/png\" \/>\n<meta name=\"author\" content=\"Matilda Passot\" \/>\n<meta name=\"twitter:card\" content=\"summary_large_image\" \/>\n<meta name=\"twitter:creator\" content=\"@bondybloglyon\" \/>\n<meta name=\"twitter:site\" content=\"@bondybloglyon\" \/>\n<script type=\"application\/ld+json\" class=\"yoast-schema-graph\">{\"@context\":\"https:\/\/schema.org\",\"@graph\":[{\"@type\":\"Article\",\"@id\":\"https:\/\/lyonbondyblog.fr\/LBB\/manifestation-du-7-mars-plus-de-37-000-manifestants-a-lyon\/#article\",\"isPartOf\":{\"@id\":\"https:\/\/lyonbondyblog.fr\/LBB\/manifestation-du-7-mars-plus-de-37-000-manifestants-a-lyon\/\"},\"author\":{\"name\":\"Matilda Passot\",\"@id\":\"https:\/\/lyonbondyblog.fr\/LBB\/#\/schema\/person\/821670c9ea2a73ee8fa6917c83cf6241\"},\"headline\":\"Manifestation du 7 mars : plus de 37 000 manifestants \u00e0 Lyon\",\"datePublished\":\"2023-03-08T10:14:22+00:00\",\"dateModified\":\"2023-03-08T10:14:25+00:00\",\"mainEntityOfPage\":{\"@id\":\"https:\/\/lyonbondyblog.fr\/LBB\/manifestation-du-7-mars-plus-de-37-000-manifestants-a-lyon\/\"},\"wordCount\":614,\"commentCount\":0,\"publisher\":{\"@id\":\"https:\/\/lyonbondyblog.fr\/LBB\/#organization\"},\"image\":{\"@id\":\"https:\/\/lyonbondyblog.fr\/LBB\/manifestation-du-7-mars-plus-de-37-000-manifestants-a-lyon\/#primaryimage\"},\"thumbnailUrl\":\"https:\/\/lyonbondyblog.fr\/LBB\/wp-content\/uploads\/2023\/03\/IMG_1765.png\",\"keywords\":[\"LBB\",\"lyon\",\"Lyon Bondy Blog\",\"manifestation\",\"retraite\"],\"articleSection\":[\"Lyon\",\"Manifestations\",\"Retraite\"],\"inLanguage\":\"fr-FR\",\"potentialAction\":[{\"@type\":\"CommentAction\",\"name\":\"Comment\",\"target\":[\"https:\/\/lyonbondyblog.fr\/LBB\/manifestation-du-7-mars-plus-de-37-000-manifestants-a-lyon\/#respond\"]}]},{\"@type\":\"WebPage\",\"@id\":\"https:\/\/lyonbondyblog.fr\/LBB\/manifestation-du-7-mars-plus-de-37-000-manifestants-a-lyon\/\",\"url\":\"https:\/\/lyonbondyblog.fr\/LBB\/manifestation-du-7-mars-plus-de-37-000-manifestants-a-lyon\/\",\"name\":\"Manifestation du 7 mars : plus de 37 000 manifestants \u00e0 Lyon - Lyon Bondy Blog\",\"isPartOf\":{\"@id\":\"https:\/\/lyonbondyblog.fr\/LBB\/#website\"},\"primaryImageOfPage\":{\"@id\":\"https:\/\/lyonbondyblog.fr\/LBB\/manifestation-du-7-mars-plus-de-37-000-manifestants-a-lyon\/#primaryimage\"},\"image\":{\"@id\":\"https:\/\/lyonbondyblog.fr\/LBB\/manifestation-du-7-mars-plus-de-37-000-manifestants-a-lyon\/#primaryimage\"},\"thumbnailUrl\":\"https:\/\/lyonbondyblog.fr\/LBB\/wp-content\/uploads\/2023\/03\/IMG_1765.png\",\"datePublished\":\"2023-03-08T10:14:22+00:00\",\"dateModified\":\"2023-03-08T10:14:25+00:00\",\"description\":\"\u00c0 Lyon, les syndicats ont compt\u00e9 50 000 manifestants. Les manifestations contre la r\u00e9forme des retraites montent en puissance.\",\"inLanguage\":\"fr-FR\",\"potentialAction\":[{\"@type\":\"ReadAction\",\"target\":[\"https:\/\/lyonbondyblog.fr\/LBB\/manifestation-du-7-mars-plus-de-37-000-manifestants-a-lyon\/\"]}]},{\"@type\":\"ImageObject\",\"inLanguage\":\"fr-FR\",\"@id\":\"https:\/\/lyonbondyblog.fr\/LBB\/manifestation-du-7-mars-plus-de-37-000-manifestants-a-lyon\/#primaryimage\",\"url\":\"https:\/\/lyonbondyblog.fr\/LBB\/wp-content\/uploads\/2023\/03\/IMG_1765.png\",\"contentUrl\":\"https:\/\/lyonbondyblog.fr\/LBB\/wp-content\/uploads\/2023\/03\/IMG_1765.png\",\"width\":4032,\"height\":3024},{\"@type\":\"WebSite\",\"@id\":\"https:\/\/lyonbondyblog.fr\/LBB\/#website\",\"url\":\"https:\/\/lyonbondyblog.fr\/LBB\/\",\"name\":\"Lyon Bondy Blog\",\"description\":\"\",\"publisher\":{\"@id\":\"https:\/\/lyonbondyblog.fr\/LBB\/#organization\"},\"potentialAction\":[{\"@type\":\"SearchAction\",\"target\":{\"@type\":\"EntryPoint\",\"urlTemplate\":\"https:\/\/lyonbondyblog.fr\/LBB\/?s={search_term_string}\"},\"query-input\":\"required name=search_term_string\"}],\"inLanguage\":\"fr-FR\"},{\"@type\":\"Organization\",\"@id\":\"https:\/\/lyonbondyblog.fr\/LBB\/#organization\",\"name\":\"LYON BONDY BLOG\",\"url\":\"https:\/\/lyonbondyblog.fr\/LBB\/\",\"logo\":{\"@type\":\"ImageObject\",\"inLanguage\":\"fr-FR\",\"@id\":\"https:\/\/lyonbondyblog.fr\/LBB\/#\/schema\/logo\/image\/\",\"url\":\"http:\/\/lyonbondyblog.fr\/LBB\/wp-content\/uploads\/2014\/10\/logo-portable-144.png\",\"contentUrl\":\"http:\/\/lyonbondyblog.fr\/LBB\/wp-content\/uploads\/2014\/10\/logo-portable-144.png\",\"width\":144,\"height\":123,\"caption\":\"LYON BONDY BLOG\"},\"image\":{\"@id\":\"https:\/\/lyonbondyblog.fr\/LBB\/#\/schema\/logo\/image\/\"},\"sameAs\":[\"https:\/\/www.facebook.com\/lyonbondyblog\",\"https:\/\/x.com\/bondybloglyon\"]},{\"@type\":\"Person\",\"@id\":\"https:\/\/lyonbondyblog.fr\/LBB\/#\/schema\/person\/821670c9ea2a73ee8fa6917c83cf6241\",\"name\":\"Matilda Passot\",\"url\":\"https:\/\/lyonbondyblog.fr\/LBB\/author\/matildap\/\"}]}<\/script>\n<!-- \/ Yoast SEO plugin. -->","yoast_head_json":{"title":"Manifestation du 7 mars : plus de 37 000 manifestants \u00e0 Lyon - Lyon Bondy Blog","description":"\u00c0 Lyon, les syndicats ont compt\u00e9 50 000 manifestants. Les manifestations contre la r\u00e9forme des retraites montent en puissance.","robots":{"index":"index","follow":"follow","max-snippet":"max-snippet:-1","max-image-preview":"max-image-preview:large","max-video-preview":"max-video-preview:-1"},"canonical":"https:\/\/lyonbondyblog.fr\/LBB\/manifestation-du-7-mars-plus-de-37-000-manifestants-a-lyon\/","og_locale":"fr_FR","og_type":"article","og_title":"Manifestation du 7 mars : plus de 37 000 manifestants \u00e0 Lyon - Lyon Bondy Blog","og_description":"\u00c0 Lyon, les syndicats ont compt\u00e9 50 000 manifestants. Les manifestations contre la r\u00e9forme des retraites montent en puissance.","og_url":"https:\/\/lyonbondyblog.fr\/LBB\/manifestation-du-7-mars-plus-de-37-000-manifestants-a-lyon\/","og_site_name":"Lyon Bondy Blog","article_publisher":"https:\/\/www.facebook.com\/lyonbondyblog","article_published_time":"2023-03-08T10:14:22+00:00","article_modified_time":"2023-03-08T10:14:25+00:00","og_image":[{"width":768,"height":576,"url":"https:\/\/lyonbondyblog.fr\/LBB\/wp-content\/uploads\/2023\/03\/IMG_1765-768x576.png","type":"image\/png"}],"author":"Matilda Passot","twitter_card":"summary_large_image","twitter_creator":"@bondybloglyon","twitter_site":"@bondybloglyon","schema":{"@context":"https:\/\/schema.org","@graph":[{"@type":"Article","@id":"https:\/\/lyonbondyblog.fr\/LBB\/manifestation-du-7-mars-plus-de-37-000-manifestants-a-lyon\/#article","isPartOf":{"@id":"https:\/\/lyonbondyblog.fr\/LBB\/manifestation-du-7-mars-plus-de-37-000-manifestants-a-lyon\/"},"author":{"name":"Matilda Passot","@id":"https:\/\/lyonbondyblog.fr\/LBB\/#\/schema\/person\/821670c9ea2a73ee8fa6917c83cf6241"},"headline":"Manifestation du 7 mars : plus de 37 000 manifestants \u00e0 Lyon","datePublished":"2023-03-08T10:14:22+00:00","dateModified":"2023-03-08T10:14:25+00:00","mainEntityOfPage":{"@id":"https:\/\/lyonbondyblog.fr\/LBB\/manifestation-du-7-mars-plus-de-37-000-manifestants-a-lyon\/"},"wordCount":614,"commentCount":0,"publisher":{"@id":"https:\/\/lyonbondyblog.fr\/LBB\/#organization"},"image":{"@id":"https:\/\/lyonbondyblog.fr\/LBB\/manifestation-du-7-mars-plus-de-37-000-manifestants-a-lyon\/#primaryimage"},"thumbnailUrl":"https:\/\/lyonbondyblog.fr\/LBB\/wp-content\/uploads\/2023\/03\/IMG_1765.png","keywords":["LBB","lyon","Lyon Bondy Blog","manifestation","retraite"],"articleSection":["Lyon","Manifestations","Retraite"],"inLanguage":"fr-FR","potentialAction":[{"@type":"CommentAction","name":"Comment","target":["https:\/\/lyonbondyblog.fr\/LBB\/manifestation-du-7-mars-plus-de-37-000-manifestants-a-lyon\/#respond"]}]},{"@type":"WebPage","@id":"https:\/\/lyonbondyblog.fr\/LBB\/manifestation-du-7-mars-plus-de-37-000-manifestants-a-lyon\/","url":"https:\/\/lyonbondyblog.fr\/LBB\/manifestation-du-7-mars-plus-de-37-000-manifestants-a-lyon\/","name":"Manifestation du 7 mars : plus de 37 000 manifestants \u00e0 Lyon - Lyon Bondy Blog","isPartOf":{"@id":"https:\/\/lyonbondyblog.fr\/LBB\/#website"},"primaryImageOfPage":{"@id":"https:\/\/lyonbondyblog.fr\/LBB\/manifestation-du-7-mars-plus-de-37-000-manifestants-a-lyon\/#primaryimage"},"image":{"@id":"https:\/\/lyonbondyblog.fr\/LBB\/manifestation-du-7-mars-plus-de-37-000-manifestants-a-lyon\/#primaryimage"},"thumbnailUrl":"https:\/\/lyonbondyblog.fr\/LBB\/wp-content\/uploads\/2023\/03\/IMG_1765.png","datePublished":"2023-03-08T10:14:22+00:00","dateModified":"2023-03-08T10:14:25+00:00","description":"\u00c0 Lyon, les syndicats ont compt\u00e9 50 000 manifestants. Les manifestations contre la r\u00e9forme des retraites montent en puissance.","inLanguage":"fr-FR","potentialAction":[{"@type":"ReadAction","target":["https:\/\/lyonbondyblog.fr\/LBB\/manifestation-du-7-mars-plus-de-37-000-manifestants-a-lyon\/"]}]},{"@type":"ImageObject","inLanguage":"fr-FR","@id":"https:\/\/lyonbondyblog.fr\/LBB\/manifestation-du-7-mars-plus-de-37-000-manifestants-a-lyon\/#primaryimage","url":"https:\/\/lyonbondyblog.fr\/LBB\/wp-content\/uploads\/2023\/03\/IMG_1765.png","contentUrl":"https:\/\/lyonbondyblog.fr\/LBB\/wp-content\/uploads\/2023\/03\/IMG_1765.png","width":4032,"height":3024},{"@type":"WebSite","@id":"https:\/\/lyonbondyblog.fr\/LBB\/#website","url":"https:\/\/lyonbondyblog.fr\/LBB\/","name":"Lyon Bondy Blog","description":"","publisher":{"@id":"https:\/\/lyonbondyblog.fr\/LBB\/#organization"},"potentialAction":[{"@type":"SearchAction","target":{"@type":"EntryPoint","urlTemplate":"https:\/\/lyonbondyblog.fr\/LBB\/?s={search_term_string}"},"query-input":"required name=search_term_string"}],"inLanguage":"fr-FR"},{"@type":"Organization","@id":"https:\/\/lyonbondyblog.fr\/LBB\/#organization","name":"LYON BONDY BLOG","url":"https:\/\/lyonbondyblog.fr\/LBB\/","logo":{"@type":"ImageObject","inLanguage":"fr-FR","@id":"https:\/\/lyonbondyblog.fr\/LBB\/#\/schema\/logo\/image\/","url":"http:\/\/lyonbondyblog.fr\/LBB\/wp-content\/uploads\/2014\/10\/logo-portable-144.png","contentUrl":"http:\/\/lyonbondyblog.fr\/LBB\/wp-content\/uploads\/2014\/10\/logo-portable-144.png","width":144,"height":123,"caption":"LYON BONDY BLOG"},"image":{"@id":"https:\/\/lyonbondyblog.fr\/LBB\/#\/schema\/logo\/image\/"},"sameAs":["https:\/\/www.facebook.com\/lyonbondyblog","https:\/\/x.com\/bondybloglyon"]},{"@type":"Person","@id":"https:\/\/lyonbondyblog.fr\/LBB\/#\/schema\/person\/821670c9ea2a73ee8fa6917c83cf6241","name":"Matilda Passot","url":"https:\/\/lyonbondyblog.fr\/LBB\/author\/matildap\/"}]}},"_links":{"self":[{"href":"https:\/\/lyonbondyblog.fr\/LBB\/wp-json\/wp\/v2\/posts\/32001","targetHints":{"allow":["GET"]}}],"collection":[{"href":"https:\/\/lyonbondyblog.fr\/LBB\/wp-json\/wp\/v2\/posts"}],"about":[{"href":"https:\/\/lyonbondyblog.fr\/LBB\/wp-json\/wp\/v2\/types\/post"}],"author":[{"embeddable":true,"href":"https:\/\/lyonbondyblog.fr\/LBB\/wp-json\/wp\/v2\/users\/31871"}],"replies":[{"embeddable":true,"href":"https:\/\/lyonbondyblog.fr\/LBB\/wp-json\/wp\/v2\/comments?post=32001"}],"version-history":[{"count":1,"href":"https:\/\/lyonbondyblog.fr\/LBB\/wp-json\/wp\/v2\/posts\/32001\/revisions"}],"predecessor-version":[{"id":32011,"href":"https:\/\/lyonbondyblog.fr\/LBB\/wp-json\/wp\/v2\/posts\/32001\/revisions\/32011"}],"wp:featuredmedia":[{"embeddable":true,"href":"https:\/\/lyonbondyblog.fr\/LBB\/wp-json\/wp\/v2\/media\/32010"}],"wp:attachment":[{"href":"https:\/\/lyonbondyblog.fr\/LBB\/wp-json\/wp\/v2\/media?parent=32001"}],"wp:term":[{"taxonomy":"category","embeddable":true,"href":"https:\/\/lyonbondyblog.fr\/LBB\/wp-json\/wp\/v2\/categories?post=32001"},{"taxonomy":"post_tag","embeddable":true,"href":"https:\/\/lyonbondyblog.fr\/LBB\/wp-json\/wp\/v2\/tags?post=32001"}],"curies":[{"name":"wp","href":"https:\/\/api.w.org\/{rel}","templated":true}]}}