{"id":31911,"date":"2023-02-22T15:00:00","date_gmt":"2023-02-22T14:00:00","guid":{"rendered":"http:\/\/lyonbondyblog.fr\/LBB\/?p=31911"},"modified":"2023-02-23T16:46:08","modified_gmt":"2023-02-23T15:46:08","slug":"elections-federales-interview-jules-joassard-le-meilleur-moyen-de-sauver-la-planete-est-de-reduire-les-inegalites","status":"publish","type":"post","link":"https:\/\/lyonbondyblog.fr\/LBB\/elections-federales-interview-jules-joassard-le-meilleur-moyen-de-sauver-la-planete-est-de-reduire-les-inegalites\/","title":{"rendered":"\u00c9lections f\u00e9d\u00e9rales &#8211; Interview Jules Joassard : \u00ab\u00a0le meilleur moyen de sauver la plan\u00e8te est de r\u00e9duire les in\u00e9galit\u00e9s.\u00a0\u00bb"},"content":{"rendered":"\n<h2 class=\"wp-block-heading\">Dans le cadre des \u00e9lections f\u00e9d\u00e9rales du Parti Socialiste du Rh\u00f4ne, nous nous sommes entretenus avec trois candidats : Murielle Laurent, Christiane Constant et Jules Joassard. <\/h2>\n\n\n\n<p>Jules Joassard est un militant socialiste du Pays d&rsquo;Ozon. Il est candidat aux \u00e9lections f\u00e9d\u00e9rales du <a href=\"https:\/\/www.partisocialiste-rhone.fr\" target=\"_blank\" rel=\"noreferrer noopener\">Parti Socialiste du Rh\u00f4ne<\/a>, le 23 f\u00e9vrier. Le Parti Socialiste est organis\u00e9 en diff\u00e9rentes sections qui sont soit au niveau communal, soit au niveau intra-communal ou au niveau cantonal.  Il explique, \u00ab\u00a0<em>nous, en l\u2019occurrence,  c\u2019est au niveau de la communaut\u00e9 de commune, celle du Pays d\u2019Ozon. Ce sont six communes au sud de Lyon<\/em>\u00ab\u00a0. <\/p>\n\n\n\n<h4 class=\"wp-block-heading\"><strong>Comment imaginez-vous le poste de premier secr\u00e9taire f\u00e9d\u00e9ral ?<\/strong>&nbsp;<\/h4>\n\n\n\n<p>J\u2019ai occup\u00e9 pas mal de r\u00f4les dans le secr\u00e9tariat f\u00e9d\u00e9ral qui est l\u2019\u00e9quipe autour du premier secr\u00e9taire. Je connais donc un peu ce dont il s\u2019agit. Je n\u2019ai pas d\u2019attentes particuli\u00e8res, je souhaite juste que la f\u00e9d\u00e9ration fonctionne correctement.&nbsp;<\/p>\n\n\n\n<h4 class=\"wp-block-heading\"><strong>Quels seront vos projets en tant que premier secr\u00e9taire f\u00e9d\u00e9ral ?<\/strong>&nbsp;<\/h4>\n\n\n\n<p>J\u2019ai articul\u00e9 mon projet autour de quatre grands axes. Le premier est la restitution de la parole militante. Le deuxi\u00e8me concerne la visibilit\u00e9 du PS qui est quelque chose qui a beaucoup p\u00each\u00e9. Le troisi\u00e8me axe est la mise en place d\u2019une nouvelle gouvernance. Enfin, la restauration des liens avec toute la gauche ; les forces politiques, syndicales, associatives.&nbsp;<\/p>\n\n\n\n<h4 class=\"wp-block-heading\"><strong>Vous souhaitez rester dans la NUPES ?&nbsp;<\/strong><\/h4>\n\n\n\n<p>Bien s\u00fbr, c\u2019est un outil de rassemblement de la gauche. Il y a eu la gauche plurielle, la gauche unie, le programme commun. \u00c0 toutes les \u00e9tapes, si la gauche veut gagner il faut qu\u2019elle soit rassembl\u00e9e. Il faut trouver les modalit\u00e9s, aujourd\u2019hui \u00e7a s\u2019appelle la <a href=\"https:\/\/lyonbondyblog.fr\/LBB\/meeting-de-la-nupes-a-villeurbanne-une-alliance-unie-contre-la-reforme-des-retraites\/\" target=\"_blank\" rel=\"noreferrer noopener\">NUPES<\/a>. C\u2019est une collocation \u00e9volutive dans laquelle les forces en pr\u00e9sence ont des dynamiques parfois contraires, parfois compl\u00e9mentaires. Aujourd\u2019hui, c\u2019est l\u2019outil qui est \u00e0 la disposition de la gauche.&nbsp;<\/p>\n\n\n\n<h4 class=\"wp-block-heading\"><strong>Que souhaitez-vous d\u00e9velopper avec la NUPES ?&nbsp;<\/strong><\/h4>\n\n\n\n<p>C\u2019est avec les autres partis politiques qui s\u2019inscrivent dans la dynamique de la NUPES qu\u2019il faut travailler ; le Parti Communiste, \u00c9cologie les verts ou la France Insoumise. Il y a des discussions \u00e0 avoir en permanence. Je travaille dans un endroit o\u00f9 ces discussions sont quotidiennes, que ce soit sur des grands dossiers comme celui de la <a href=\"https:\/\/lyonbondyblog.fr\/LBB\/retraite-environ-14-000-manifestants-a-lyon\/\" target=\"_blank\" rel=\"noreferrer noopener\">r\u00e9forme des retraites<\/a> ou sur des choses beaucoup plus l\u00e9g\u00e8res comme les travaux dans une commission. C\u2019est au quotidien que tout ceci se b\u00e2ti.&nbsp;<\/p>\n\n\n\n<h4 class=\"wp-block-heading\"><strong>En terme de visibilit\u00e9 du PS au niveau local, qu\u2019allez-vous mettre en place ?&nbsp;<\/strong><\/h4>\n\n\n\n<p>La reconnaissance au niveau de la structure nationale du Parti Socialiste n\u2019a pas vraiment exist\u00e9. Nous n\u2019avions pas une direction f\u00e9d\u00e9rale qui avait l\u2019exp\u00e9rience ou l\u2019habitude des n\u00e9gociations internes du Parti Socialiste. On s\u2019est fait pi\u00e9tiner \u00e0 de trop nombreuses \u00e9tapes que ce soit celle des \u00e9lections m\u00e9tropolitaines, r\u00e9gionales ou l\u00e9gislatives. Pour cela, il faut avoir un peu l\u2019habitude de comment les choses se passent au sein du PS. On n\u2019existait pas au bureau national. On n\u2019existait pas au secr\u00e9tariat national. Les choses ne se sont forc\u00e9ment pas bien pass\u00e9es pour nous.&nbsp;<\/p>\n\n\n\n<h4 class=\"wp-block-heading\"><strong>Quelles seraient les th\u00e9matiques \u00e0 d\u00e9velopper pour une meilleure visibilit\u00e9 ?&nbsp;<\/strong><\/h4>\n\n\n\n<p>Ce n\u2019est pas forc\u00e9ment au niveau des th\u00e9matiques. C\u2019est le fait que la F\u00e9d\u00e9ration du Rh\u00f4ne soit reconnue pour ce qu\u2019elle est, c\u2019est-\u00e0-dire la plus grosse f\u00e9d\u00e9ration d\u2019Auvergne-Rh\u00f4ne-Alpes. C\u2019est celle qui tient la route en terme de militants, du nombre d\u2019\u00e9lus, d\u2019influence politique, de capacit\u00e9 \u00e0 organiser des campagnes \u00e9lectorales. Tout ceci aurait d\u00fb faire que la F\u00e9d\u00e9ration du Rh\u00f4ne puisse exister un peu plus qu\u2019elle ne l\u2019a \u00e9t\u00e9 au cours des derni\u00e8res ann\u00e9es. On avait cette incapacit\u00e9 d\u2019exister aux yeux du national. Il faut retrouver une capacit\u00e9 d\u2019\u00eatre reconnu et de peser en tant que tel. Le PS du Rh\u00f4ne, ce n\u2019est pas rien.&nbsp;<\/p>\n\n\n\n<h4 class=\"wp-block-heading\"><strong>Comment on fait aujourd\u2019hui pour susciter l\u2019int\u00e9r\u00eat des jeunes des banlieues ?<\/strong> <\/h4>\n\n\n\n<p>Il faut qu\u2019ils s\u2019int\u00e9ressent \u00e0 la politique en g\u00e9n\u00e9ral, en tout cas \u00e0 la politique partisane. Je continue \u00e0 penser que si la constitution reconnait ce r\u00f4le aux partis politiques c\u2019est bien parce que c\u2019est le meilleur outil pour faire vivre la d\u00e9mocratie. Les partis ont beaucoup d\u00e9\u00e7u, pas seulement le Parti Socialiste. Il f\u00fbt un temps o\u00f9 le d\u00e9bouch\u00e9 de tous les combats politiques \u00e9tait celui d\u2019une inscription au sein d\u2019un parti. Pleins de gens qui ont des convictions ne voient pas, dans les partis politiques, le d\u00e9bouch\u00e9 de leur combat. Alors, il y a des combats qui peuvent \u00eatre associatifs, syndicaux, citoyens mais le meilleur catalyseur de tous ces engagements reste le parti politique. Pour \u00e7a, il faut inciter les gens \u00e0 adh\u00e9rer. Pour qu\u2019ils adh\u00e8rent, et qu\u2019ils aient l\u2019impression que \u00e7a sert \u00e0 quelque chose, il faut que leur accueil au sein d\u2019une structure partisane soit \u00e9panouissant, stimulant. Aujourd\u2019hui, le PS a perdu un peu ce c\u00f4t\u00e9 \u00e9panouissant et stimulant. <\/p>\n\n\n\n<p>Un bureau f\u00e9d\u00e9ral, un secr\u00e9tariat f\u00e9d\u00e9ral ou un conseil f\u00e9d\u00e9ral, sont des instances du Parti Socialiste. Ce sont normalement des endroits dans lesquels on croise des gens qui ont des convictions, des engagements, qui pensent des choses. Je me dis souvent que moi j\u2019ai mis les pieds dans un parti socialiste qui accueillait en son sein de <a href=\"https:\/\/fr.wikipedia.org\/wiki\/G\u00e9rard_Collomb\" target=\"_blank\" rel=\"noreferrer noopener\">G\u00e9rard Collomb<\/a> \u00e0 <a href=\"https:\/\/fr.wikipedia.org\/wiki\/G\u00e9rard_Filoche\" target=\"_blank\" rel=\"noreferrer noopener\">G\u00e9rard Filoche<\/a>. Ils avaient un positionnement sur l\u2019\u00e9chiquier politique qui \u00e9tait tr\u00e8s \u00e9loign\u00e9 l\u2019un de l\u2019autre. Les d\u00e9bats \u00e9taient souvent vifs, mais ils \u00e9taient toujours respectueux et constructifs. Aujourd\u2019hui, on a des d\u00e9bats entre <a href=\"https:\/\/fr.wikipedia.org\/wiki\/Olivier_Faure_(homme_politique)\" target=\"_blank\" rel=\"noreferrer noopener\">Olivier Faure<\/a>, <a href=\"https:\/\/fr.wikipedia.org\/wiki\/Nicolas_Mayer-Rossignol\" target=\"_blank\" rel=\"noreferrer noopener\">Nicolas Mayer-Rossignol<\/a>, <a href=\"https:\/\/fr.wikipedia.org\/wiki\/H\u00e9l\u00e8ne_Geoffroy\" target=\"_blank\" rel=\"noreferrer noopener\">H\u00e9l\u00e8ne Geoffroy<\/a>. Pendant l\u2019essentiel de leur vie militante ils ont \u00e9t\u00e9 sur les m\u00eames orientations politiques, aujourd&rsquo;hui ils ne sont plus capables de discuter entre eux. J\u2019ai pris cet exemple national pour ne pas stigmatiser une situation f\u00e9d\u00e9rale mais c\u2019est \u00e0 peu pr\u00e8s pareil. <\/p>\n\n\n\n<blockquote class=\"wp-block-quote is-layout-flow wp-block-quote-is-layout-flow\">\n<p>\u00ab\u00a0<em>Je trouve plus sain les moments o\u00f9 le d\u00e9bat est entre une vision politique de gauche et une vision politique de droite.<\/em>\u00ab\u00a0<\/p>\n<\/blockquote>\n\n\n\n<p>Moi j\u2019ai \u00e9t\u00e9 dans des orientations politiques minoritaires. J\u2019ai longtemps \u00e9t\u00e9 avec <a href=\"https:\/\/www.google.com\/search?client=safari&amp;rls=en&amp;q=Benoit+Hamon&amp;ie=UTF-8&amp;oe=UTF-8\" target=\"_blank\" rel=\"noreferrer noopener\">Beno\u00eet Hamon<\/a>. Il y avait des gens qui \u00e9taient engag\u00e9s dans le Parti Socialiste qui ne d\u00e9fendaient pas exactement les m\u00eames nuances de socialisme que celui pour lequel j\u2019oeuvrais. Cela ne m\u2019emp\u00eachait pas d\u2019avoir une certaine estime pour eux et eux je pense avoir une certaine estime pour moi. Aujourd\u2019hui, il faut que l\u2019on retrouve \u00e7a. C\u2019est seulement si quand on arrive dans un parti on est \u00e9lev\u00e9 intellectuellement, stimul\u00e9, form\u00e9, construit, aliment\u00e9 que on en per\u00e7oit tout l\u2019int\u00e9r\u00eat et toute la richesse. On a beau dire ce que l\u2019on veut mais quand on veut changer la vie il faut acc\u00e9der aux responsabilit\u00e9s que ce soit au niveau local, d\u00e9partemental, r\u00e9gional ou national. C\u2019est par l\u2019interm\u00e9diaire des partis que l\u2019on peut le faire. <\/p>\n\n\n\n<p>Il y a des r\u00e8gles de fonctionnement de notre d\u00e9mocratie en terme de campagne \u00e9lectorale, de financement de la vie politique&#8230; Aujourd\u2019hui, on a besoin des partis politiques pour conduire des campagnes \u00e9lectorales. Il faut que les jeunes comprennent que les partis politiques, et le Parti Socialiste en particulier, c\u2019est un endroit o\u00f9 l\u2019on apprend, o\u00f9 l\u2019on est form\u00e9, o\u00f9 l\u2019on \u00e9change, o\u00f9 l\u2019on est stimul\u00e9, o\u00f9 l\u2019on trouve de nouvelles solutions politiques que l&rsquo;on diffuse, promeut et d\u00e9fend lors de campagnes \u00e9lectorales. Je trouve plus sain les moments o\u00f9 le d\u00e9bat est entre une vision politique de gauche et une vision politique de droite. La droite c\u2019est l\u2019entreprise, l\u2019initiative. La gauche c\u2019est l\u2019\u00e9galit\u00e9, les imp\u00f4ts, le service public\u2026 Quand j\u2019\u00e9tais enfant, m\u00eame jeune enfant, je savais que telle fa\u00e7on d\u2019appr\u00e9hender tel sujet c\u2019\u00e9tait la vision de la gauche ou de la droite. Ce n\u2019est plus le cas aujourd\u2019hui avec les jeunes, je le vois avec mes enfants. Je trouve \u00e7a dommage et dangereux pour la d\u00e9mocratie. Je veux r\u00e9-instaurer tout cela et je pense que le Parti Socialiste devrait retrouver tous ces r\u00f4les d\u2019un parti politique.&nbsp;<\/p>\n\n\n\n<h4 class=\"wp-block-heading\"><strong>Pour quelles raisons les jeunes d&rsquo;aujourd&rsquo;hui ont du mal \u00e0 diff\u00e9rencier la gauche et la droite ? <\/strong><\/h4>\n\n\n\n<p>C\u2019\u00e9tait plus lisible \u00e0 une certaine \u00e9poque. Les d\u00e9bats politiques \u00e9taient plus cliv\u00e9s entre ce qu\u2019\u00e9tait la gauche et ce qu\u2019\u00e9tait la droite. Je n\u2019ai pas l\u2019impression qu\u2019ils se d\u00e9sint\u00e9ressent de toutes ces questions. Au contraire, ils sont engag\u00e9s sur un certain nombre de combats. \u00c0 l\u2019\u00e9cole, par exemple, on leur parle beaucoup de sauver la plan\u00e8te. Moi je leur dis souvent \u00e0 mes enfants que le meilleur moyen de sauver la plan\u00e8te est de r\u00e9duire les in\u00e9galit\u00e9s. Mon combat est dans ce sens, celui de prendre aux riches pour donner aux pauvres. C\u2019est le plus basique. Ma conviction c\u2019est que quand les in\u00e9galit\u00e9s reculent, on sauve la plan\u00e8te. Plut\u00f4t que faire des marches ou manger moins de viande, m\u00eame si c\u2019est bien.&nbsp;<\/p>\n\n\n\n<h4 class=\"wp-block-heading\"><strong>Est-ce qu\u2019il est possible pour vous que le prochain pr\u00e9sident de la m\u00e9tropole soit socialiste ?<\/strong>&nbsp;<\/h4>\n\n\n\n<p>\u00c0 toutes \u00e9lections, le PS a vocation \u00e0 pr\u00e9senter des candidats. Je ne me fais pas d\u2019illusions sur la capacit\u00e9 de la gauche \u00e0 gagner si elle est d\u00e9sunie. C\u2019est une \u00e9lection qui, pour moi, est lointaine m\u00eame si elle a des implications fortes. Je regarde avec circonspection et une certaine distance ces \u00e9lections qui sont l\u2019alpha et l\u2019om\u00e9ga pour beaucoup de grands lyonnais. Mais biensur il faut que le Parti Socialiste ait son mot \u00e0 dire. Aujourd\u2019hui c\u2019est <a href=\"https:\/\/fr.wikipedia.org\/wiki\/Bruno_Bernard_(homme_politique)\" target=\"_blank\" rel=\"noreferrer noopener\">Bruno Bernard<\/a> que je connais pour avoir n\u00e9goci\u00e9 un accord l\u00e9gislatif avec lui en 2017 sur toute la France. Il \u00e9tait n\u00e9gociateur des verts et que j\u2019\u00e9tais le n\u00e9gociateur du candidat du Parti Socialiste Beno\u00eet Hamon. Bruno Bernard est pr\u00e9sident de la M\u00e9tropole, il fait des choses qui vont dans mon sens et d\u2019autres qui sont discutables. <\/p>\n\n\n\n<h4 class=\"wp-block-heading\"><strong>Avez-vous quelque chose \u00e0 ajouter ?<\/strong>&nbsp;<\/h4>\n\n\n\n<p>La strat\u00e9gie du Parti Socialiste me semble \u00eatre la meilleure dans le combat contre la r\u00e9forme des retraites. Le PS a \u00e9galement un projet de proposition de lois de compensation des profits. J\u2019ai occup\u00e9 des fonctions dans cette f\u00e9d\u00e9ration, je sais comment le Parti Socialiste, \u00e0 une \u00e9poque o\u00f9 il changeait la vie, fonctionnait. Je sais que le PS n\u2019a pas fonctionn\u00e9 de cette bonne fa\u00e7on ces derniers temps et c\u2019est en ce sens que j\u2019ai propos\u00e9 \u00e0 mes camarades socialistes ma candidature et mon projet pour la f\u00e9d\u00e9ration.&nbsp;<\/p>\n\n\n\n<figure class=\"wp-block-embed is-type-video is-provider-youtube wp-block-embed-youtube wp-embed-aspect-16-9 wp-has-aspect-ratio\"><div class=\"wp-block-embed__wrapper\">\n<iframe loading=\"lazy\" title=\"Interview de Jules Joassard dans le cadre des \u00e9lections f\u00e9d\u00e9rales du PS du Rh\u00f4ne\" width=\"1200\" height=\"675\" src=\"https:\/\/www.youtube.com\/embed\/1QSfuWhiN8I?feature=oembed\" frameborder=\"0\" allow=\"accelerometer; autoplay; clipboard-write; encrypted-media; gyroscope; picture-in-picture; web-share\" allowfullscreen><\/iframe>\n<\/div><\/figure>\n<!-- AddThis Advanced Settings generic via filter on the_content --><!-- AddThis Share Buttons generic via filter on the_content -->","protected":false},"excerpt":{"rendered":"<p>Dans le cadre des \u00e9lections f\u00e9d\u00e9rales du Parti Socialiste du Rh\u00f4ne, nous nous sommes entretenus avec trois candidats : Murielle Laurent, Christiane Constant et Jules &hellip; <!-- AddThis Advanced Settings generic via filter on wp_trim_excerpt --><!-- AddThis Share Buttons generic via filter on wp_trim_excerpt --><\/p>\n","protected":false},"author":31870,"featured_media":31915,"comment_status":"open","ping_status":"open","sticky":true,"template":"","format":"standard","meta":{"_FSMCFIC_featured_image_caption":"","_FSMCFIC_featured_image_nocaption":"","_FSMCFIC_featured_image_hide":"","footnotes":""},"categories":[26299,4,6],"tags":[1072,152,2902,165,350,818],"class_list":["post-31911","post","type-post","status-publish","format-standard","has-post-thumbnail","hentry","category-interview","category-lyon","category-politique","tag-elections","tag-interview","tag-parti-socialiste","tag-politique-2","tag-ps","tag-rhone"],"yoast_head":"<!-- This site is optimized with the Yoast SEO plugin v22.8 - https:\/\/yoast.com\/wordpress\/plugins\/seo\/ -->\n<title>\u00c9lections f\u00e9d\u00e9rales - Interview Jules Joassard : &quot;le meilleur moyen de sauver la plan\u00e8te est de r\u00e9duire les in\u00e9galit\u00e9s.&quot; - Lyon Bondy Blog<\/title>\n<meta name=\"description\" content=\"Dans le cadre des \u00e9lections f\u00e9d\u00e9rales du Parti Socialiste du Rh\u00f4ne, nous nous sommes entretenus avec Jules Joassard. Interview.\" \/>\n<meta name=\"robots\" content=\"index, follow, max-snippet:-1, max-image-preview:large, max-video-preview:-1\" \/>\n<link rel=\"canonical\" href=\"https:\/\/lyonbondyblog.fr\/LBB\/elections-federales-interview-jules-joassard-le-meilleur-moyen-de-sauver-la-planete-est-de-reduire-les-inegalites\/\" \/>\n<meta property=\"og:locale\" content=\"fr_FR\" \/>\n<meta property=\"og:type\" content=\"article\" \/>\n<meta property=\"og:title\" content=\"\u00c9lections f\u00e9d\u00e9rales - Interview Jules Joassard : &quot;le meilleur moyen de sauver la plan\u00e8te est de r\u00e9duire les in\u00e9galit\u00e9s.&quot; - Lyon Bondy Blog\" \/>\n<meta property=\"og:description\" content=\"Dans le cadre des \u00e9lections f\u00e9d\u00e9rales du Parti Socialiste du Rh\u00f4ne, nous nous sommes entretenus avec Jules Joassard. Interview.\" \/>\n<meta property=\"og:url\" content=\"https:\/\/lyonbondyblog.fr\/LBB\/elections-federales-interview-jules-joassard-le-meilleur-moyen-de-sauver-la-planete-est-de-reduire-les-inegalites\/\" \/>\n<meta property=\"og:site_name\" content=\"Lyon Bondy Blog\" \/>\n<meta property=\"article:publisher\" content=\"https:\/\/www.facebook.com\/lyonbondyblog\" \/>\n<meta property=\"article:published_time\" content=\"2023-02-22T14:00:00+00:00\" \/>\n<meta property=\"article:modified_time\" content=\"2023-02-23T15:46:08+00:00\" \/>\n<meta property=\"og:image\" content=\"https:\/\/lyonbondyblog.fr\/LBB\/wp-content\/uploads\/2023\/02\/IMG_1460.jpg\" \/>\n\t<meta property=\"og:image:width\" content=\"1125\" \/>\n\t<meta property=\"og:image:height\" content=\"613\" \/>\n\t<meta property=\"og:image:type\" content=\"image\/jpeg\" \/>\n<meta name=\"author\" content=\"Morgane Michat\" \/>\n<meta name=\"twitter:card\" content=\"summary_large_image\" \/>\n<meta name=\"twitter:creator\" content=\"@bondybloglyon\" \/>\n<meta name=\"twitter:site\" content=\"@bondybloglyon\" \/>\n<script type=\"application\/ld+json\" class=\"yoast-schema-graph\">{\"@context\":\"https:\/\/schema.org\",\"@graph\":[{\"@type\":\"Article\",\"@id\":\"https:\/\/lyonbondyblog.fr\/LBB\/elections-federales-interview-jules-joassard-le-meilleur-moyen-de-sauver-la-planete-est-de-reduire-les-inegalites\/#article\",\"isPartOf\":{\"@id\":\"https:\/\/lyonbondyblog.fr\/LBB\/elections-federales-interview-jules-joassard-le-meilleur-moyen-de-sauver-la-planete-est-de-reduire-les-inegalites\/\"},\"author\":{\"name\":\"Morgane Michat\",\"@id\":\"https:\/\/lyonbondyblog.fr\/LBB\/#\/schema\/person\/46681716962512cc41492c07ff164a88\"},\"headline\":\"\u00c9lections f\u00e9d\u00e9rales &#8211; Interview Jules Joassard : \u00ab\u00a0le meilleur moyen de sauver la plan\u00e8te est de r\u00e9duire les in\u00e9galit\u00e9s.\u00a0\u00bb\",\"datePublished\":\"2023-02-22T14:00:00+00:00\",\"dateModified\":\"2023-02-23T15:46:08+00:00\",\"mainEntityOfPage\":{\"@id\":\"https:\/\/lyonbondyblog.fr\/LBB\/elections-federales-interview-jules-joassard-le-meilleur-moyen-de-sauver-la-planete-est-de-reduire-les-inegalites\/\"},\"wordCount\":1937,\"commentCount\":0,\"publisher\":{\"@id\":\"https:\/\/lyonbondyblog.fr\/LBB\/#organization\"},\"image\":{\"@id\":\"https:\/\/lyonbondyblog.fr\/LBB\/elections-federales-interview-jules-joassard-le-meilleur-moyen-de-sauver-la-planete-est-de-reduire-les-inegalites\/#primaryimage\"},\"thumbnailUrl\":\"https:\/\/lyonbondyblog.fr\/LBB\/wp-content\/uploads\/2023\/02\/IMG_1460.jpg\",\"keywords\":[\"elections\",\"interview\",\"Parti Socialiste\",\"politique\",\"PS\",\"rh\u00f4ne\"],\"articleSection\":[\"Interview\",\"Lyon\",\"Politique\"],\"inLanguage\":\"fr-FR\",\"potentialAction\":[{\"@type\":\"CommentAction\",\"name\":\"Comment\",\"target\":[\"https:\/\/lyonbondyblog.fr\/LBB\/elections-federales-interview-jules-joassard-le-meilleur-moyen-de-sauver-la-planete-est-de-reduire-les-inegalites\/#respond\"]}]},{\"@type\":\"WebPage\",\"@id\":\"https:\/\/lyonbondyblog.fr\/LBB\/elections-federales-interview-jules-joassard-le-meilleur-moyen-de-sauver-la-planete-est-de-reduire-les-inegalites\/\",\"url\":\"https:\/\/lyonbondyblog.fr\/LBB\/elections-federales-interview-jules-joassard-le-meilleur-moyen-de-sauver-la-planete-est-de-reduire-les-inegalites\/\",\"name\":\"\u00c9lections f\u00e9d\u00e9rales - Interview Jules Joassard : \\\"le meilleur moyen de sauver la plan\u00e8te est de r\u00e9duire les in\u00e9galit\u00e9s.\\\" - Lyon Bondy Blog\",\"isPartOf\":{\"@id\":\"https:\/\/lyonbondyblog.fr\/LBB\/#website\"},\"primaryImageOfPage\":{\"@id\":\"https:\/\/lyonbondyblog.fr\/LBB\/elections-federales-interview-jules-joassard-le-meilleur-moyen-de-sauver-la-planete-est-de-reduire-les-inegalites\/#primaryimage\"},\"image\":{\"@id\":\"https:\/\/lyonbondyblog.fr\/LBB\/elections-federales-interview-jules-joassard-le-meilleur-moyen-de-sauver-la-planete-est-de-reduire-les-inegalites\/#primaryimage\"},\"thumbnailUrl\":\"https:\/\/lyonbondyblog.fr\/LBB\/wp-content\/uploads\/2023\/02\/IMG_1460.jpg\",\"datePublished\":\"2023-02-22T14:00:00+00:00\",\"dateModified\":\"2023-02-23T15:46:08+00:00\",\"description\":\"Dans le cadre des \u00e9lections f\u00e9d\u00e9rales du Parti Socialiste du Rh\u00f4ne, nous nous sommes entretenus avec Jules Joassard. Interview.\",\"inLanguage\":\"fr-FR\",\"potentialAction\":[{\"@type\":\"ReadAction\",\"target\":[\"https:\/\/lyonbondyblog.fr\/LBB\/elections-federales-interview-jules-joassard-le-meilleur-moyen-de-sauver-la-planete-est-de-reduire-les-inegalites\/\"]}]},{\"@type\":\"ImageObject\",\"inLanguage\":\"fr-FR\",\"@id\":\"https:\/\/lyonbondyblog.fr\/LBB\/elections-federales-interview-jules-joassard-le-meilleur-moyen-de-sauver-la-planete-est-de-reduire-les-inegalites\/#primaryimage\",\"url\":\"https:\/\/lyonbondyblog.fr\/LBB\/wp-content\/uploads\/2023\/02\/IMG_1460.jpg\",\"contentUrl\":\"https:\/\/lyonbondyblog.fr\/LBB\/wp-content\/uploads\/2023\/02\/IMG_1460.jpg\",\"width\":1125,\"height\":613},{\"@type\":\"WebSite\",\"@id\":\"https:\/\/lyonbondyblog.fr\/LBB\/#website\",\"url\":\"https:\/\/lyonbondyblog.fr\/LBB\/\",\"name\":\"Lyon Bondy Blog\",\"description\":\"\",\"publisher\":{\"@id\":\"https:\/\/lyonbondyblog.fr\/LBB\/#organization\"},\"potentialAction\":[{\"@type\":\"SearchAction\",\"target\":{\"@type\":\"EntryPoint\",\"urlTemplate\":\"https:\/\/lyonbondyblog.fr\/LBB\/?s={search_term_string}\"},\"query-input\":\"required name=search_term_string\"}],\"inLanguage\":\"fr-FR\"},{\"@type\":\"Organization\",\"@id\":\"https:\/\/lyonbondyblog.fr\/LBB\/#organization\",\"name\":\"LYON BONDY BLOG\",\"url\":\"https:\/\/lyonbondyblog.fr\/LBB\/\",\"logo\":{\"@type\":\"ImageObject\",\"inLanguage\":\"fr-FR\",\"@id\":\"https:\/\/lyonbondyblog.fr\/LBB\/#\/schema\/logo\/image\/\",\"url\":\"http:\/\/lyonbondyblog.fr\/LBB\/wp-content\/uploads\/2014\/10\/logo-portable-144.png\",\"contentUrl\":\"http:\/\/lyonbondyblog.fr\/LBB\/wp-content\/uploads\/2014\/10\/logo-portable-144.png\",\"width\":144,\"height\":123,\"caption\":\"LYON BONDY BLOG\"},\"image\":{\"@id\":\"https:\/\/lyonbondyblog.fr\/LBB\/#\/schema\/logo\/image\/\"},\"sameAs\":[\"https:\/\/www.facebook.com\/lyonbondyblog\",\"https:\/\/x.com\/bondybloglyon\"]},{\"@type\":\"Person\",\"@id\":\"https:\/\/lyonbondyblog.fr\/LBB\/#\/schema\/person\/46681716962512cc41492c07ff164a88\",\"name\":\"Morgane Michat\",\"url\":\"https:\/\/lyonbondyblog.fr\/LBB\/author\/morganem\/\"}]}<\/script>\n<!-- \/ Yoast SEO plugin. -->","yoast_head_json":{"title":"\u00c9lections f\u00e9d\u00e9rales - Interview Jules Joassard : \"le meilleur moyen de sauver la plan\u00e8te est de r\u00e9duire les in\u00e9galit\u00e9s.\" - Lyon Bondy Blog","description":"Dans le cadre des \u00e9lections f\u00e9d\u00e9rales du Parti Socialiste du Rh\u00f4ne, nous nous sommes entretenus avec Jules Joassard. Interview.","robots":{"index":"index","follow":"follow","max-snippet":"max-snippet:-1","max-image-preview":"max-image-preview:large","max-video-preview":"max-video-preview:-1"},"canonical":"https:\/\/lyonbondyblog.fr\/LBB\/elections-federales-interview-jules-joassard-le-meilleur-moyen-de-sauver-la-planete-est-de-reduire-les-inegalites\/","og_locale":"fr_FR","og_type":"article","og_title":"\u00c9lections f\u00e9d\u00e9rales - Interview Jules Joassard : \"le meilleur moyen de sauver la plan\u00e8te est de r\u00e9duire les in\u00e9galit\u00e9s.\" - Lyon Bondy Blog","og_description":"Dans le cadre des \u00e9lections f\u00e9d\u00e9rales du Parti Socialiste du Rh\u00f4ne, nous nous sommes entretenus avec Jules Joassard. Interview.","og_url":"https:\/\/lyonbondyblog.fr\/LBB\/elections-federales-interview-jules-joassard-le-meilleur-moyen-de-sauver-la-planete-est-de-reduire-les-inegalites\/","og_site_name":"Lyon Bondy Blog","article_publisher":"https:\/\/www.facebook.com\/lyonbondyblog","article_published_time":"2023-02-22T14:00:00+00:00","article_modified_time":"2023-02-23T15:46:08+00:00","og_image":[{"width":1125,"height":613,"url":"https:\/\/lyonbondyblog.fr\/LBB\/wp-content\/uploads\/2023\/02\/IMG_1460.jpg","type":"image\/jpeg"}],"author":"Morgane Michat","twitter_card":"summary_large_image","twitter_creator":"@bondybloglyon","twitter_site":"@bondybloglyon","schema":{"@context":"https:\/\/schema.org","@graph":[{"@type":"Article","@id":"https:\/\/lyonbondyblog.fr\/LBB\/elections-federales-interview-jules-joassard-le-meilleur-moyen-de-sauver-la-planete-est-de-reduire-les-inegalites\/#article","isPartOf":{"@id":"https:\/\/lyonbondyblog.fr\/LBB\/elections-federales-interview-jules-joassard-le-meilleur-moyen-de-sauver-la-planete-est-de-reduire-les-inegalites\/"},"author":{"name":"Morgane Michat","@id":"https:\/\/lyonbondyblog.fr\/LBB\/#\/schema\/person\/46681716962512cc41492c07ff164a88"},"headline":"\u00c9lections f\u00e9d\u00e9rales &#8211; Interview Jules Joassard : \u00ab\u00a0le meilleur moyen de sauver la plan\u00e8te est de r\u00e9duire les in\u00e9galit\u00e9s.\u00a0\u00bb","datePublished":"2023-02-22T14:00:00+00:00","dateModified":"2023-02-23T15:46:08+00:00","mainEntityOfPage":{"@id":"https:\/\/lyonbondyblog.fr\/LBB\/elections-federales-interview-jules-joassard-le-meilleur-moyen-de-sauver-la-planete-est-de-reduire-les-inegalites\/"},"wordCount":1937,"commentCount":0,"publisher":{"@id":"https:\/\/lyonbondyblog.fr\/LBB\/#organization"},"image":{"@id":"https:\/\/lyonbondyblog.fr\/LBB\/elections-federales-interview-jules-joassard-le-meilleur-moyen-de-sauver-la-planete-est-de-reduire-les-inegalites\/#primaryimage"},"thumbnailUrl":"https:\/\/lyonbondyblog.fr\/LBB\/wp-content\/uploads\/2023\/02\/IMG_1460.jpg","keywords":["elections","interview","Parti Socialiste","politique","PS","rh\u00f4ne"],"articleSection":["Interview","Lyon","Politique"],"inLanguage":"fr-FR","potentialAction":[{"@type":"CommentAction","name":"Comment","target":["https:\/\/lyonbondyblog.fr\/LBB\/elections-federales-interview-jules-joassard-le-meilleur-moyen-de-sauver-la-planete-est-de-reduire-les-inegalites\/#respond"]}]},{"@type":"WebPage","@id":"https:\/\/lyonbondyblog.fr\/LBB\/elections-federales-interview-jules-joassard-le-meilleur-moyen-de-sauver-la-planete-est-de-reduire-les-inegalites\/","url":"https:\/\/lyonbondyblog.fr\/LBB\/elections-federales-interview-jules-joassard-le-meilleur-moyen-de-sauver-la-planete-est-de-reduire-les-inegalites\/","name":"\u00c9lections f\u00e9d\u00e9rales - Interview Jules Joassard : \"le meilleur moyen de sauver la plan\u00e8te est de r\u00e9duire les in\u00e9galit\u00e9s.\" - Lyon Bondy Blog","isPartOf":{"@id":"https:\/\/lyonbondyblog.fr\/LBB\/#website"},"primaryImageOfPage":{"@id":"https:\/\/lyonbondyblog.fr\/LBB\/elections-federales-interview-jules-joassard-le-meilleur-moyen-de-sauver-la-planete-est-de-reduire-les-inegalites\/#primaryimage"},"image":{"@id":"https:\/\/lyonbondyblog.fr\/LBB\/elections-federales-interview-jules-joassard-le-meilleur-moyen-de-sauver-la-planete-est-de-reduire-les-inegalites\/#primaryimage"},"thumbnailUrl":"https:\/\/lyonbondyblog.fr\/LBB\/wp-content\/uploads\/2023\/02\/IMG_1460.jpg","datePublished":"2023-02-22T14:00:00+00:00","dateModified":"2023-02-23T15:46:08+00:00","description":"Dans le cadre des \u00e9lections f\u00e9d\u00e9rales du Parti Socialiste du Rh\u00f4ne, nous nous sommes entretenus avec Jules Joassard. Interview.","inLanguage":"fr-FR","potentialAction":[{"@type":"ReadAction","target":["https:\/\/lyonbondyblog.fr\/LBB\/elections-federales-interview-jules-joassard-le-meilleur-moyen-de-sauver-la-planete-est-de-reduire-les-inegalites\/"]}]},{"@type":"ImageObject","inLanguage":"fr-FR","@id":"https:\/\/lyonbondyblog.fr\/LBB\/elections-federales-interview-jules-joassard-le-meilleur-moyen-de-sauver-la-planete-est-de-reduire-les-inegalites\/#primaryimage","url":"https:\/\/lyonbondyblog.fr\/LBB\/wp-content\/uploads\/2023\/02\/IMG_1460.jpg","contentUrl":"https:\/\/lyonbondyblog.fr\/LBB\/wp-content\/uploads\/2023\/02\/IMG_1460.jpg","width":1125,"height":613},{"@type":"WebSite","@id":"https:\/\/lyonbondyblog.fr\/LBB\/#website","url":"https:\/\/lyonbondyblog.fr\/LBB\/","name":"Lyon Bondy Blog","description":"","publisher":{"@id":"https:\/\/lyonbondyblog.fr\/LBB\/#organization"},"potentialAction":[{"@type":"SearchAction","target":{"@type":"EntryPoint","urlTemplate":"https:\/\/lyonbondyblog.fr\/LBB\/?s={search_term_string}"},"query-input":"required name=search_term_string"}],"inLanguage":"fr-FR"},{"@type":"Organization","@id":"https:\/\/lyonbondyblog.fr\/LBB\/#organization","name":"LYON BONDY BLOG","url":"https:\/\/lyonbondyblog.fr\/LBB\/","logo":{"@type":"ImageObject","inLanguage":"fr-FR","@id":"https:\/\/lyonbondyblog.fr\/LBB\/#\/schema\/logo\/image\/","url":"http:\/\/lyonbondyblog.fr\/LBB\/wp-content\/uploads\/2014\/10\/logo-portable-144.png","contentUrl":"http:\/\/lyonbondyblog.fr\/LBB\/wp-content\/uploads\/2014\/10\/logo-portable-144.png","width":144,"height":123,"caption":"LYON BONDY BLOG"},"image":{"@id":"https:\/\/lyonbondyblog.fr\/LBB\/#\/schema\/logo\/image\/"},"sameAs":["https:\/\/www.facebook.com\/lyonbondyblog","https:\/\/x.com\/bondybloglyon"]},{"@type":"Person","@id":"https:\/\/lyonbondyblog.fr\/LBB\/#\/schema\/person\/46681716962512cc41492c07ff164a88","name":"Morgane Michat","url":"https:\/\/lyonbondyblog.fr\/LBB\/author\/morganem\/"}]}},"_links":{"self":[{"href":"https:\/\/lyonbondyblog.fr\/LBB\/wp-json\/wp\/v2\/posts\/31911","targetHints":{"allow":["GET"]}}],"collection":[{"href":"https:\/\/lyonbondyblog.fr\/LBB\/wp-json\/wp\/v2\/posts"}],"about":[{"href":"https:\/\/lyonbondyblog.fr\/LBB\/wp-json\/wp\/v2\/types\/post"}],"author":[{"embeddable":true,"href":"https:\/\/lyonbondyblog.fr\/LBB\/wp-json\/wp\/v2\/users\/31870"}],"replies":[{"embeddable":true,"href":"https:\/\/lyonbondyblog.fr\/LBB\/wp-json\/wp\/v2\/comments?post=31911"}],"version-history":[{"count":6,"href":"https:\/\/lyonbondyblog.fr\/LBB\/wp-json\/wp\/v2\/posts\/31911\/revisions"}],"predecessor-version":[{"id":31948,"href":"https:\/\/lyonbondyblog.fr\/LBB\/wp-json\/wp\/v2\/posts\/31911\/revisions\/31948"}],"wp:featuredmedia":[{"embeddable":true,"href":"https:\/\/lyonbondyblog.fr\/LBB\/wp-json\/wp\/v2\/media\/31915"}],"wp:attachment":[{"href":"https:\/\/lyonbondyblog.fr\/LBB\/wp-json\/wp\/v2\/media?parent=31911"}],"wp:term":[{"taxonomy":"category","embeddable":true,"href":"https:\/\/lyonbondyblog.fr\/LBB\/wp-json\/wp\/v2\/categories?post=31911"},{"taxonomy":"post_tag","embeddable":true,"href":"https:\/\/lyonbondyblog.fr\/LBB\/wp-json\/wp\/v2\/tags?post=31911"}],"curies":[{"name":"wp","href":"https:\/\/api.w.org\/{rel}","templated":true}]}}