{"id":31823,"date":"2023-02-13T17:00:00","date_gmt":"2023-02-13T16:00:00","guid":{"rendered":"http:\/\/lyonbondyblog.fr\/LBB\/?p=31823"},"modified":"2025-05-20T13:22:15","modified_gmt":"2025-05-20T11:22:15","slug":"chronique-judiciaire-je-ne-savais-pas-que-la-voiture-etait-volee","status":"publish","type":"post","link":"https:\/\/lyonbondyblog.fr\/LBB\/chronique-judiciaire-je-ne-savais-pas-que-la-voiture-etait-volee\/","title":{"rendered":"Chronique judiciaire\u00a0: \u00ab\u00a0Je ne savais pas que la voiture \u00e9tait vol\u00e9e\u00a0\u00bb"},"content":{"rendered":"\n<h2 class=\"wp-block-heading\">Le <a href=\"https:\/\/www.cours-appel.justice.fr\/lyon\/tribunal-judiciaire-de-lyon\" target=\"_blank\" rel=\"noreferrer noopener\">Tribunal de Grande Instance de Lyon<\/a> fait rentrer \u00e0 16h15, dans le box des accus\u00e9s, Malik*. Le jeune entrepreneur passe devant la juge pour avoir \u00e9t\u00e9 contr\u00f4l\u00e9 sans papiers au volant d\u2019une voiture vol\u00e9e.<\/h2>\n\n\n\n<p>Ce n\u2019est pourtant pas la premi\u00e8re fois que Malik conduit sans permis et en subit les cons\u00e9quences. D\u00e9j\u00e0 contr\u00f4l\u00e9 en 2017 au volant d\u2019une voiture sans poss\u00e9der de permis puis en 2021, toujours sans le papier rose.\u00a0<\/p>\n\n\n\n<p>Les faits se sont d\u00e9roul\u00e9s dans la banlieue lyonnaise, aux alentours de 21h le 15 janvier 2023. Roulant \u00e0 une vitesse au-del\u00e0 de la moyenne, l\u2019homme d\u2019une trentaine d\u2019ann\u00e9e tente de justifier son action.\u00a0<\/p>\n\n\n\n<h3 class=\"wp-block-heading\"><em>\u00ab\u00a0Ma copine avait envie de sushis\u00a0\u00bb<\/em><\/h3>\n\n\n\n<p>C\u2019est l\u2019excuse que donne Malik \u00e0 la juge. Il pr\u00e9cise que c\u2019est tr\u00e8s rare qu\u2019il prenne une voiture, n\u2019ayant pas le permis.&nbsp;<\/p>\n\n\n\n<p>En temps normal, son employ\u00e9 le v\u00e9hicule, ce qui lui permet de g\u00e9rer ses deux boulots. D\u2019un c\u00f4t\u00e9 chef d\u2019une petite emprise, de l\u2019autre ouvrier dans une usine m\u00e9canique. C\u2019est d\u2019ailleurs la carte majeur que joue l\u2019avocat de la d\u00e9fense, <em>\u00ab\u00a0c\u2019est un homme s\u00e9rieux qui ne m\u00e9rite pas \u00e7a\u00a0\u00bb<\/em>. L\u2019accus\u00e9 se d\u00e9fend en rebondissant sur ses deux travails, il explique ne <em>\u00ab\u00a0pas avoir le temps\u00a0\u00bb <\/em>pour passer son permis de conduire, mais que c\u2019est dans ses<em> \u00ab\u00a0projets\u00a0\u00bb<\/em>.<\/p>\n\n\n\n<h3 class=\"wp-block-heading\"><em>\u00ab\u00a0Je ne savais pas qu\u2019elle \u00e9tait vol\u00e9e on me l\u2019a pr\u00eat\u00e9e\u00a0\u00bb<\/em><\/h3>\n\n\n\n<p>La voiture a \u00e9t\u00e9 reconnue par les forces de police. Signal\u00e9e vol\u00e9e en Belgique depuis environ 6 mois, l\u2019accus\u00e9 semble ignorer sa provenance. Il l\u2019aurait emprunt\u00e9e \u00e0 des amis, de mani\u00e8re exceptionnelle pour son d\u00e9placement nocturne. Aucune preuve ne l\u2019accable sur le vol ou la connaissance du vol de cette voiture, ce que son avocat d\u00e9montre lors de sa plaidoirie.<\/p>\n\n\n\n<p>Le procureur de la R\u00e9publique demande qu\u2019il encoure une amende ainsi que l\u2019impossibilit\u00e9 de s\u2019inscrire \u00e0 l\u2019examen du permis de conduire pendant 6 mois \u00e0 compter du jour du jugement.<\/p>\n\n\n\n<p>L\u2019accus\u00e9 donnera son dernier mot en s\u2019adressant \u00e0 la juge\u00a0: \u00ab\u00a0S\u2019il vous plait, je suis quelqu\u2019un de s\u00e9rieux, je ne recommencerai pas\u00a0\u00bb.<\/p>\n\n\n\n<p><\/p>\n\n\n\n<p><a href=\"https:\/\/lyonbondyblog.fr\/LBB\/chronique-judiciaire-cetait-un-ras-le-bol-classique-jai-pete-les-plombs\/\" target=\"_blank\" rel=\"noreferrer noopener\">AFFAIRE SUIVANTE ! <\/a><\/p>\n\n\n\n<p><em>*Le pr\u00e9nom a \u00e9t\u00e9 modifi\u00e9 <\/em><\/p>\n<!-- AddThis Advanced Settings generic via filter on the_content --><!-- AddThis Share Buttons generic via filter on the_content -->","protected":false},"excerpt":{"rendered":"<p>Le Tribunal de Grande Instance de Lyon fait rentrer \u00e0 16h15, dans le box des accus\u00e9s, Malik*. Le jeune entrepreneur passe devant la juge pour &hellip; <!-- AddThis Advanced Settings generic via filter on wp_trim_excerpt --><!-- AddThis Share Buttons generic via filter on wp_trim_excerpt --><\/p>\n","protected":false},"author":31871,"featured_media":31718,"comment_status":"open","ping_status":"open","sticky":true,"template":"","format":"standard","meta":{"_FSMCFIC_featured_image_caption":"","_FSMCFIC_featured_image_nocaption":"","_FSMCFIC_featured_image_hide":"","footnotes":""},"categories":[965,4],"tags":[13116,10,112,13117],"class_list":["post-31823","post","type-post","status-publish","format-standard","has-post-thumbnail","hentry","category-chronique-judiciaire","category-lyon","tag-chronique-judiciaire","tag-lyon-2","tag-lyon-bondy-blog","tag-tribunal-de-grande-instance"],"yoast_head":"<!-- This site is optimized with the Yoast SEO plugin v22.8 - https:\/\/yoast.com\/wordpress\/plugins\/seo\/ -->\n<title>Chronique judiciaire\u00a0: \u00ab\u00a0Je ne savais pas que la voiture \u00e9tait vol\u00e9e\u00a0\u00bb - Lyon Bondy Blog<\/title>\n<meta name=\"robots\" content=\"index, follow, max-snippet:-1, max-image-preview:large, max-video-preview:-1\" \/>\n<link rel=\"canonical\" href=\"https:\/\/lyonbondyblog.fr\/LBB\/chronique-judiciaire-je-ne-savais-pas-que-la-voiture-etait-volee\/\" \/>\n<meta property=\"og:locale\" content=\"fr_FR\" \/>\n<meta property=\"og:type\" content=\"article\" \/>\n<meta property=\"og:title\" content=\"Chronique judiciaire\u00a0: \u00ab\u00a0Je ne savais pas que la voiture \u00e9tait vol\u00e9e\u00a0\u00bb - Lyon Bondy Blog\" \/>\n<meta property=\"og:description\" content=\"Le Tribunal de Grande Instance de Lyon fait rentrer \u00e0 16h15, dans le box des accus\u00e9s, Malik*. Le jeune entrepreneur passe devant la juge pour &hellip;\" \/>\n<meta property=\"og:url\" content=\"https:\/\/lyonbondyblog.fr\/LBB\/chronique-judiciaire-je-ne-savais-pas-que-la-voiture-etait-volee\/\" \/>\n<meta property=\"og:site_name\" content=\"Lyon Bondy Blog\" \/>\n<meta property=\"article:publisher\" content=\"https:\/\/www.facebook.com\/lyonbondyblog\" \/>\n<meta property=\"article:published_time\" content=\"2023-02-13T16:00:00+00:00\" \/>\n<meta property=\"article:modified_time\" content=\"2025-05-20T11:22:15+00:00\" \/>\n<meta property=\"og:image\" content=\"https:\/\/lyonbondyblog.fr\/LBB\/wp-content\/uploads\/2023\/02\/justicefiction_visuel-scaled.jpg\" \/>\n\t<meta property=\"og:image:width\" content=\"2560\" \/>\n\t<meta property=\"og:image:height\" content=\"1703\" \/>\n\t<meta property=\"og:image:type\" content=\"image\/jpeg\" \/>\n<meta name=\"author\" content=\"Matilda Passot\" \/>\n<meta name=\"twitter:card\" content=\"summary_large_image\" \/>\n<meta name=\"twitter:creator\" content=\"@bondybloglyon\" \/>\n<meta name=\"twitter:site\" content=\"@bondybloglyon\" \/>\n<script type=\"application\/ld+json\" class=\"yoast-schema-graph\">{\"@context\":\"https:\/\/schema.org\",\"@graph\":[{\"@type\":\"Article\",\"@id\":\"https:\/\/lyonbondyblog.fr\/LBB\/chronique-judiciaire-je-ne-savais-pas-que-la-voiture-etait-volee\/#article\",\"isPartOf\":{\"@id\":\"https:\/\/lyonbondyblog.fr\/LBB\/chronique-judiciaire-je-ne-savais-pas-que-la-voiture-etait-volee\/\"},\"author\":{\"name\":\"Matilda Passot\",\"@id\":\"https:\/\/lyonbondyblog.fr\/LBB\/#\/schema\/person\/821670c9ea2a73ee8fa6917c83cf6241\"},\"headline\":\"Chronique judiciaire\u00a0: \u00ab\u00a0Je ne savais pas que la voiture \u00e9tait vol\u00e9e\u00a0\u00bb\",\"datePublished\":\"2023-02-13T16:00:00+00:00\",\"dateModified\":\"2025-05-20T11:22:15+00:00\",\"mainEntityOfPage\":{\"@id\":\"https:\/\/lyonbondyblog.fr\/LBB\/chronique-judiciaire-je-ne-savais-pas-que-la-voiture-etait-volee\/\"},\"wordCount\":407,\"commentCount\":0,\"publisher\":{\"@id\":\"https:\/\/lyonbondyblog.fr\/LBB\/#organization\"},\"image\":{\"@id\":\"https:\/\/lyonbondyblog.fr\/LBB\/chronique-judiciaire-je-ne-savais-pas-que-la-voiture-etait-volee\/#primaryimage\"},\"thumbnailUrl\":\"https:\/\/lyonbondyblog.fr\/LBB\/wp-content\/uploads\/2023\/02\/justicefiction_visuel-scaled.jpg\",\"keywords\":[\"Chronique judiciaire\",\"lyon\",\"Lyon Bondy Blog\",\"Tribunal de Grande Instance\"],\"articleSection\":[\"Chronique judiciaire\",\"Lyon\"],\"inLanguage\":\"fr-FR\",\"potentialAction\":[{\"@type\":\"CommentAction\",\"name\":\"Comment\",\"target\":[\"https:\/\/lyonbondyblog.fr\/LBB\/chronique-judiciaire-je-ne-savais-pas-que-la-voiture-etait-volee\/#respond\"]}]},{\"@type\":\"WebPage\",\"@id\":\"https:\/\/lyonbondyblog.fr\/LBB\/chronique-judiciaire-je-ne-savais-pas-que-la-voiture-etait-volee\/\",\"url\":\"https:\/\/lyonbondyblog.fr\/LBB\/chronique-judiciaire-je-ne-savais-pas-que-la-voiture-etait-volee\/\",\"name\":\"Chronique judiciaire\u00a0: \u00ab\u00a0Je ne savais pas que la voiture \u00e9tait vol\u00e9e\u00a0\u00bb - Lyon Bondy Blog\",\"isPartOf\":{\"@id\":\"https:\/\/lyonbondyblog.fr\/LBB\/#website\"},\"primaryImageOfPage\":{\"@id\":\"https:\/\/lyonbondyblog.fr\/LBB\/chronique-judiciaire-je-ne-savais-pas-que-la-voiture-etait-volee\/#primaryimage\"},\"image\":{\"@id\":\"https:\/\/lyonbondyblog.fr\/LBB\/chronique-judiciaire-je-ne-savais-pas-que-la-voiture-etait-volee\/#primaryimage\"},\"thumbnailUrl\":\"https:\/\/lyonbondyblog.fr\/LBB\/wp-content\/uploads\/2023\/02\/justicefiction_visuel-scaled.jpg\",\"datePublished\":\"2023-02-13T16:00:00+00:00\",\"dateModified\":\"2025-05-20T11:22:15+00:00\",\"inLanguage\":\"fr-FR\",\"potentialAction\":[{\"@type\":\"ReadAction\",\"target\":[\"https:\/\/lyonbondyblog.fr\/LBB\/chronique-judiciaire-je-ne-savais-pas-que-la-voiture-etait-volee\/\"]}]},{\"@type\":\"ImageObject\",\"inLanguage\":\"fr-FR\",\"@id\":\"https:\/\/lyonbondyblog.fr\/LBB\/chronique-judiciaire-je-ne-savais-pas-que-la-voiture-etait-volee\/#primaryimage\",\"url\":\"https:\/\/lyonbondyblog.fr\/LBB\/wp-content\/uploads\/2023\/02\/justicefiction_visuel-scaled.jpg\",\"contentUrl\":\"https:\/\/lyonbondyblog.fr\/LBB\/wp-content\/uploads\/2023\/02\/justicefiction_visuel-scaled.jpg\",\"width\":2560,\"height\":1703},{\"@type\":\"WebSite\",\"@id\":\"https:\/\/lyonbondyblog.fr\/LBB\/#website\",\"url\":\"https:\/\/lyonbondyblog.fr\/LBB\/\",\"name\":\"Lyon Bondy Blog\",\"description\":\"\",\"publisher\":{\"@id\":\"https:\/\/lyonbondyblog.fr\/LBB\/#organization\"},\"potentialAction\":[{\"@type\":\"SearchAction\",\"target\":{\"@type\":\"EntryPoint\",\"urlTemplate\":\"https:\/\/lyonbondyblog.fr\/LBB\/?s={search_term_string}\"},\"query-input\":\"required name=search_term_string\"}],\"inLanguage\":\"fr-FR\"},{\"@type\":\"Organization\",\"@id\":\"https:\/\/lyonbondyblog.fr\/LBB\/#organization\",\"name\":\"LYON BONDY BLOG\",\"url\":\"https:\/\/lyonbondyblog.fr\/LBB\/\",\"logo\":{\"@type\":\"ImageObject\",\"inLanguage\":\"fr-FR\",\"@id\":\"https:\/\/lyonbondyblog.fr\/LBB\/#\/schema\/logo\/image\/\",\"url\":\"http:\/\/lyonbondyblog.fr\/LBB\/wp-content\/uploads\/2014\/10\/logo-portable-144.png\",\"contentUrl\":\"http:\/\/lyonbondyblog.fr\/LBB\/wp-content\/uploads\/2014\/10\/logo-portable-144.png\",\"width\":144,\"height\":123,\"caption\":\"LYON BONDY BLOG\"},\"image\":{\"@id\":\"https:\/\/lyonbondyblog.fr\/LBB\/#\/schema\/logo\/image\/\"},\"sameAs\":[\"https:\/\/www.facebook.com\/lyonbondyblog\",\"https:\/\/x.com\/bondybloglyon\"]},{\"@type\":\"Person\",\"@id\":\"https:\/\/lyonbondyblog.fr\/LBB\/#\/schema\/person\/821670c9ea2a73ee8fa6917c83cf6241\",\"name\":\"Matilda Passot\",\"url\":\"https:\/\/lyonbondyblog.fr\/LBB\/author\/matildap\/\"}]}<\/script>\n<!-- \/ Yoast SEO plugin. -->","yoast_head_json":{"title":"Chronique judiciaire\u00a0: \u00ab\u00a0Je ne savais pas que la voiture \u00e9tait vol\u00e9e\u00a0\u00bb - Lyon Bondy Blog","robots":{"index":"index","follow":"follow","max-snippet":"max-snippet:-1","max-image-preview":"max-image-preview:large","max-video-preview":"max-video-preview:-1"},"canonical":"https:\/\/lyonbondyblog.fr\/LBB\/chronique-judiciaire-je-ne-savais-pas-que-la-voiture-etait-volee\/","og_locale":"fr_FR","og_type":"article","og_title":"Chronique judiciaire\u00a0: \u00ab\u00a0Je ne savais pas que la voiture \u00e9tait vol\u00e9e\u00a0\u00bb - Lyon Bondy Blog","og_description":"Le Tribunal de Grande Instance de Lyon fait rentrer \u00e0 16h15, dans le box des accus\u00e9s, Malik*. Le jeune entrepreneur passe devant la juge pour &hellip;","og_url":"https:\/\/lyonbondyblog.fr\/LBB\/chronique-judiciaire-je-ne-savais-pas-que-la-voiture-etait-volee\/","og_site_name":"Lyon Bondy Blog","article_publisher":"https:\/\/www.facebook.com\/lyonbondyblog","article_published_time":"2023-02-13T16:00:00+00:00","article_modified_time":"2025-05-20T11:22:15+00:00","og_image":[{"width":2560,"height":1703,"url":"https:\/\/lyonbondyblog.fr\/LBB\/wp-content\/uploads\/2023\/02\/justicefiction_visuel-scaled.jpg","type":"image\/jpeg"}],"author":"Matilda Passot","twitter_card":"summary_large_image","twitter_creator":"@bondybloglyon","twitter_site":"@bondybloglyon","schema":{"@context":"https:\/\/schema.org","@graph":[{"@type":"Article","@id":"https:\/\/lyonbondyblog.fr\/LBB\/chronique-judiciaire-je-ne-savais-pas-que-la-voiture-etait-volee\/#article","isPartOf":{"@id":"https:\/\/lyonbondyblog.fr\/LBB\/chronique-judiciaire-je-ne-savais-pas-que-la-voiture-etait-volee\/"},"author":{"name":"Matilda Passot","@id":"https:\/\/lyonbondyblog.fr\/LBB\/#\/schema\/person\/821670c9ea2a73ee8fa6917c83cf6241"},"headline":"Chronique judiciaire\u00a0: \u00ab\u00a0Je ne savais pas que la voiture \u00e9tait vol\u00e9e\u00a0\u00bb","datePublished":"2023-02-13T16:00:00+00:00","dateModified":"2025-05-20T11:22:15+00:00","mainEntityOfPage":{"@id":"https:\/\/lyonbondyblog.fr\/LBB\/chronique-judiciaire-je-ne-savais-pas-que-la-voiture-etait-volee\/"},"wordCount":407,"commentCount":0,"publisher":{"@id":"https:\/\/lyonbondyblog.fr\/LBB\/#organization"},"image":{"@id":"https:\/\/lyonbondyblog.fr\/LBB\/chronique-judiciaire-je-ne-savais-pas-que-la-voiture-etait-volee\/#primaryimage"},"thumbnailUrl":"https:\/\/lyonbondyblog.fr\/LBB\/wp-content\/uploads\/2023\/02\/justicefiction_visuel-scaled.jpg","keywords":["Chronique judiciaire","lyon","Lyon Bondy Blog","Tribunal de Grande Instance"],"articleSection":["Chronique judiciaire","Lyon"],"inLanguage":"fr-FR","potentialAction":[{"@type":"CommentAction","name":"Comment","target":["https:\/\/lyonbondyblog.fr\/LBB\/chronique-judiciaire-je-ne-savais-pas-que-la-voiture-etait-volee\/#respond"]}]},{"@type":"WebPage","@id":"https:\/\/lyonbondyblog.fr\/LBB\/chronique-judiciaire-je-ne-savais-pas-que-la-voiture-etait-volee\/","url":"https:\/\/lyonbondyblog.fr\/LBB\/chronique-judiciaire-je-ne-savais-pas-que-la-voiture-etait-volee\/","name":"Chronique judiciaire\u00a0: \u00ab\u00a0Je ne savais pas que la voiture \u00e9tait vol\u00e9e\u00a0\u00bb - Lyon Bondy Blog","isPartOf":{"@id":"https:\/\/lyonbondyblog.fr\/LBB\/#website"},"primaryImageOfPage":{"@id":"https:\/\/lyonbondyblog.fr\/LBB\/chronique-judiciaire-je-ne-savais-pas-que-la-voiture-etait-volee\/#primaryimage"},"image":{"@id":"https:\/\/lyonbondyblog.fr\/LBB\/chronique-judiciaire-je-ne-savais-pas-que-la-voiture-etait-volee\/#primaryimage"},"thumbnailUrl":"https:\/\/lyonbondyblog.fr\/LBB\/wp-content\/uploads\/2023\/02\/justicefiction_visuel-scaled.jpg","datePublished":"2023-02-13T16:00:00+00:00","dateModified":"2025-05-20T11:22:15+00:00","inLanguage":"fr-FR","potentialAction":[{"@type":"ReadAction","target":["https:\/\/lyonbondyblog.fr\/LBB\/chronique-judiciaire-je-ne-savais-pas-que-la-voiture-etait-volee\/"]}]},{"@type":"ImageObject","inLanguage":"fr-FR","@id":"https:\/\/lyonbondyblog.fr\/LBB\/chronique-judiciaire-je-ne-savais-pas-que-la-voiture-etait-volee\/#primaryimage","url":"https:\/\/lyonbondyblog.fr\/LBB\/wp-content\/uploads\/2023\/02\/justicefiction_visuel-scaled.jpg","contentUrl":"https:\/\/lyonbondyblog.fr\/LBB\/wp-content\/uploads\/2023\/02\/justicefiction_visuel-scaled.jpg","width":2560,"height":1703},{"@type":"WebSite","@id":"https:\/\/lyonbondyblog.fr\/LBB\/#website","url":"https:\/\/lyonbondyblog.fr\/LBB\/","name":"Lyon Bondy Blog","description":"","publisher":{"@id":"https:\/\/lyonbondyblog.fr\/LBB\/#organization"},"potentialAction":[{"@type":"SearchAction","target":{"@type":"EntryPoint","urlTemplate":"https:\/\/lyonbondyblog.fr\/LBB\/?s={search_term_string}"},"query-input":"required name=search_term_string"}],"inLanguage":"fr-FR"},{"@type":"Organization","@id":"https:\/\/lyonbondyblog.fr\/LBB\/#organization","name":"LYON BONDY BLOG","url":"https:\/\/lyonbondyblog.fr\/LBB\/","logo":{"@type":"ImageObject","inLanguage":"fr-FR","@id":"https:\/\/lyonbondyblog.fr\/LBB\/#\/schema\/logo\/image\/","url":"http:\/\/lyonbondyblog.fr\/LBB\/wp-content\/uploads\/2014\/10\/logo-portable-144.png","contentUrl":"http:\/\/lyonbondyblog.fr\/LBB\/wp-content\/uploads\/2014\/10\/logo-portable-144.png","width":144,"height":123,"caption":"LYON BONDY BLOG"},"image":{"@id":"https:\/\/lyonbondyblog.fr\/LBB\/#\/schema\/logo\/image\/"},"sameAs":["https:\/\/www.facebook.com\/lyonbondyblog","https:\/\/x.com\/bondybloglyon"]},{"@type":"Person","@id":"https:\/\/lyonbondyblog.fr\/LBB\/#\/schema\/person\/821670c9ea2a73ee8fa6917c83cf6241","name":"Matilda Passot","url":"https:\/\/lyonbondyblog.fr\/LBB\/author\/matildap\/"}]}},"_links":{"self":[{"href":"https:\/\/lyonbondyblog.fr\/LBB\/wp-json\/wp\/v2\/posts\/31823","targetHints":{"allow":["GET"]}}],"collection":[{"href":"https:\/\/lyonbondyblog.fr\/LBB\/wp-json\/wp\/v2\/posts"}],"about":[{"href":"https:\/\/lyonbondyblog.fr\/LBB\/wp-json\/wp\/v2\/types\/post"}],"author":[{"embeddable":true,"href":"https:\/\/lyonbondyblog.fr\/LBB\/wp-json\/wp\/v2\/users\/31871"}],"replies":[{"embeddable":true,"href":"https:\/\/lyonbondyblog.fr\/LBB\/wp-json\/wp\/v2\/comments?post=31823"}],"version-history":[{"count":3,"href":"https:\/\/lyonbondyblog.fr\/LBB\/wp-json\/wp\/v2\/posts\/31823\/revisions"}],"predecessor-version":[{"id":36043,"href":"https:\/\/lyonbondyblog.fr\/LBB\/wp-json\/wp\/v2\/posts\/31823\/revisions\/36043"}],"wp:featuredmedia":[{"embeddable":true,"href":"https:\/\/lyonbondyblog.fr\/LBB\/wp-json\/wp\/v2\/media\/31718"}],"wp:attachment":[{"href":"https:\/\/lyonbondyblog.fr\/LBB\/wp-json\/wp\/v2\/media?parent=31823"}],"wp:term":[{"taxonomy":"category","embeddable":true,"href":"https:\/\/lyonbondyblog.fr\/LBB\/wp-json\/wp\/v2\/categories?post=31823"},{"taxonomy":"post_tag","embeddable":true,"href":"https:\/\/lyonbondyblog.fr\/LBB\/wp-json\/wp\/v2\/tags?post=31823"}],"curies":[{"name":"wp","href":"https:\/\/api.w.org\/{rel}","templated":true}]}}